{"id":976,"date":"2023-03-23T14:00:00","date_gmt":"2023-03-23T14:00:00","guid":{"rendered":"https:\/\/lafuente.mx\/?p=976"},"modified":"2023-03-23T17:01:06","modified_gmt":"2023-03-23T17:01:06","slug":"asociacion-de-soledad-aislamiento-social-y-funcion-cognitiva-cotidiana-en-adultos-mayores-mexicanos-que-viven-en-comunidad-durante-la-primera-ola-de-la-pandemia-de-covid-19","status":"publish","type":"post","link":"https:\/\/lafuente.mx\/?p=976","title":{"rendered":"Asociaci\u00f3n de soledad, aislamiento social y funci\u00f3n cognitiva cotidiana en adultos mayores mexicanos que viven en comunidad durante la primera ola de la pandemia de COVID-19\u00a0"},"content":{"rendered":"\n<hr class=\"wp-block-separator has-text-color has-vivid-red-color has-alpha-channel-opacity has-vivid-red-background-color has-background\"\/>\n\n\n\n<p class=\"has-text-color has-medium-font-size\" style=\"color:#4b4c4d\">Dafne Estefania Dur\u00f3n-Reyes,<sub><sup>1<\/sup><\/sub> Alberto Jos\u00e9Mimenza-Alvarado,<sup>1,2<\/sup> Lidia Guti\u00e9rrez-Guti\u00e9rrez, <sup>3<\/sup> Mar\u00eda Jos\u00e9 Suing-Ortega,<sup>1<\/sup>Yakeel T.Quiroz,<sup>4<\/sup> Sara Gloria Aguilar-Navarro,<sup>1,2<\/sup>\u00a0<\/p>\n\n\n\n<p class=\"has-text-color has-small-font-size\" style=\"color:#727272\">1 Departamento de Geriatr\u00eda, Geriatr\u00eda Neurol\u00f3gica, Instituto Nacional de Ciencias M\u00e9dicas y Nutrici\u00f3n Salvador Zubir\u00e1n, Ciudad de M\u00e9xico, M\u00e9xico.&nbsp;<\/p>\n\n\n\n<p class=\"has-text-color has-small-font-size\" style=\"color:#727272\">2 Departamento de Geriatr\u00eda, Instituto de Ciencias M\u00e9dicas y Nutrici\u00f3n Salvador Zubir\u00e1n, Ciudad de M\u00e9xico, M\u00e9xico.\u00a0<\/p>\n\n\n\n<p class=\"has-text-color has-small-font-size\" style=\"color:#727272\">3 Departamento de Neurolog\u00eda y Psiquiatr\u00eda, Instituto Nacional de Ciencias M\u00e9dicas y Nutrici\u00f3n Salvador Zubir\u00e1n, Ciudad de M\u00e9xico, M\u00e9xico.&nbsp;<\/p>\n\n\n\n<p class=\"has-text-color has-small-font-size\" style=\"color:#727272\">4 Department of Neurology and Psychiatry, Massachusetts General Hospital, Harvard Medical School, Boston, MA, USA\u00a0.<\/p>\n\n\n\n<hr class=\"wp-block-separator has-text-color has-vivid-red-color has-alpha-channel-opacity has-vivid-red-background-color has-background is-style-wide\"\/>\n\n\n\n<p><strong>Abstracto\u00a0<\/strong><\/p>\n\n\n\n<p><strong>Introducci\u00f3n.<\/strong>\u00a0La soledad y el aislamiento social son factores de riesgo conocidos para el deterioro cognitivo;\u00a0su efecto en los adultos mayores (OA) despu\u00e9s del bloqueo de COVID-19 est\u00e1 emergiendo.\u00a0<br><\/p>\n\n\n<div class=\"wp-block-image\">\n<figure class=\"aligncenter size-large\"><img decoding=\"async\" loading=\"lazy\" width=\"640\" height=\"368\" src=\"https:\/\/i0.wp.com\/lafuente.mx\/wp-content\/uploads\/2023\/03\/Viejita-1024x589.jpeg?resize=640%2C368&#038;ssl=1\" alt=\"\" class=\"wp-image-980\" srcset=\"https:\/\/i0.wp.com\/lafuente.mx\/wp-content\/uploads\/2023\/03\/Viejita-scaled.jpeg?resize=1024%2C589&amp;ssl=1 1024w, https:\/\/i0.wp.com\/lafuente.mx\/wp-content\/uploads\/2023\/03\/Viejita-scaled.jpeg?resize=300%2C172&amp;ssl=1 300w, https:\/\/i0.wp.com\/lafuente.mx\/wp-content\/uploads\/2023\/03\/Viejita-scaled.jpeg?resize=768%2C441&amp;ssl=1 768w, https:\/\/i0.wp.com\/lafuente.mx\/wp-content\/uploads\/2023\/03\/Viejita-scaled.jpeg?resize=1536%2C883&amp;ssl=1 1536w, https:\/\/i0.wp.com\/lafuente.mx\/wp-content\/uploads\/2023\/03\/Viejita-scaled.jpeg?resize=2048%2C1177&amp;ssl=1 2048w, https:\/\/i0.wp.com\/lafuente.mx\/wp-content\/uploads\/2023\/03\/Viejita-scaled.jpeg?w=1280 1280w, https:\/\/i0.wp.com\/lafuente.mx\/wp-content\/uploads\/2023\/03\/Viejita-scaled.jpeg?w=1920 1920w\" sizes=\"(max-width: 640px) 100vw, 640px\" data-recalc-dims=\"1\" \/><figcaption>Autor:\u00a0Courtesy Erik Nisson<\/figcaption><\/figure><\/div>\n\n\n<p><strong>Objetivo.<\/strong>\u00a0Establecer una asociaci\u00f3n entre la soledad y el aislamiento social, con la funci\u00f3n cognitiva diaria en OA mexicanos durante la primera ola de la pandemia por COVID-19.\u00a0<br>\u00a0<br><strong>M\u00e9todo.<\/strong> Estudio transversal, derivado de la cohorte \u201cEl impacto del COVID 19 en el bienestar, la cognici\u00f3n y la discriminaci\u00f3n entre adultos mayores en Estados Unidos y Am\u00e9rica Latina\u201d, que incluy\u00f3 a 308 OA reclutados entre marzo-agosto de 2020 cuya funci\u00f3n cognitiva diaria se determinaron con la Escala Cognitiva Cotidiana (E-Cog) como puntuaci\u00f3n dicot\u00f3mica (punto de corte: 1,31 para cognici\u00f3n normal).\u00a0La soledad y el aislamiento social fueron variables binomiales.\u00a0<br>\u00a0<br><strong>Resultados.<\/strong> La edad media fue de 65,4 \u00b1 7,9 a\u00f1os, el 75,7% eran mujeres.\u00a0La puntuaci\u00f3n media continua del E-Cog fue de 57,4 (DE = \u00b1 19,1), el 49,1 % ten\u00eda una puntuaci\u00f3n &lt; 1,31 (cognici\u00f3n normal), mientras que el 50,9 % ten\u00eda una puntuaci\u00f3n m\u00e1s alta (deterioro cognitivo).\u00a0Ochenta y cuatro por ciento de los participantes reportaron soledad, 79.9% reportaron aislamiento social.\u00a0El modelo de regresi\u00f3n multivariante mostr\u00f3 una asociaci\u00f3n negativa y estad\u00edsticamente significativa entre aislamiento social y soledad y E-Cog, ajustado por edad, sexo y nivel educativo (\u03b2 = -.046, IC 95% = [-.8, -.013],\u00a0p\u00a0= .007; \u03b2 = -.16, IC 95% = [-.08, -.018],\u00a0p\u00a0= .003), y una asociaci\u00f3n positiva con la queja de memoria subjetiva (\u03b2 = .81, IC 95% = [- .16, -.11],\u00a0p\u00a0= &lt; .001).\u00a0<br>\u00a0<br><strong>Discusi\u00f3n y conclusi\u00f3n.<\/strong> Estos datos sugieren la necesidad de una mayor vigilancia de quienes presentan soledad y aislamiento social debido a su potencial efecto delet\u00e9reo sobre la funci\u00f3n cognitiva.\u00a0<\/p>\n\n\n\n<p><a href=\"http:\/\/revistasaludmental.mx\/index.php\/salud_mental\/issue\/view\/245\" target=\"_blank\" rel=\"noreferrer noopener\"><strong>Vol.&nbsp;46, n\u00fam. 1 (2023)<\/strong><\/a>&nbsp;<\/p>\n\n\n\n<div class=\"wp-block-buttons is-layout-flex wp-block-buttons-is-layout-flex\">\n<div class=\"wp-block-button\"><a class=\"wp-block-button__link has-background\" href=\"http:\/\/revistasaludmental.mx\/index.php\/salud_mental\/article\/view\/SM.0185-3325.2023.003\/4172\" style=\"background-color:#731010\" target=\"_blank\" rel=\"noreferrer noopener\">M\u00e1s informaci\u00f3n<\/a><\/div>\n<\/div>\n","protected":false},"excerpt":{"rendered":"<p>Dafne Estefania Dur\u00f3n-Reyes,1 Alberto Jos\u00e9Mimenza-Alvarado,1,2 Lidia Guti\u00e9rrez-Guti\u00e9rrez, 3 Mar\u00eda Jos\u00e9 Suing-Ortega,1Yakeel T.Quiroz,4 Sara Gloria Aguilar-Navarro,1,2\u00a0 1 Departamento de Geriatr\u00eda, Geriatr\u00eda Neurol\u00f3gica, Instituto Nacional de Ciencias<\/p>\n","protected":false},"author":3,"featured_media":980,"comment_status":"closed","ping_status":"closed","sticky":false,"template":"","format":"standard","meta":{"footnotes":"","jetpack_publicize_message":"","jetpack_is_tweetstorm":false,"jetpack_publicize_feature_enabled":true},"categories":[11],"tags":[132,134,130,21,131,33,32,133],"jetpack_publicize_connections":[],"yoast_head":"<!-- This site is optimized with the Yoast SEO plugin v19.4 - https:\/\/yoast.com\/wordpress\/plugins\/seo\/ -->\n<title>Asociaci\u00f3n de soledad, aislamiento social y funci\u00f3n cognitiva cotidiana en adultos mayores mexicanos que viven en comunidad durante la primera ola de la pandemia de COVID-19\u00a0 -<\/title>\n<meta name=\"description\" content=\"La soledad y el aislamiento social son factores de riesgo conocidos para el deterioro cognitivo;\u00a0su efecto en los adultos mayores (OA) despu\u00e9s del bloqueo de COVID-19 est\u00e1 emergiendo.\u00a0\" \/>\n<meta name=\"robots\" content=\"index, follow, max-snippet:-1, max-image-preview:large, max-video-preview:-1\" \/>\n<link rel=\"canonical\" href=\"https:\/\/lafuente.mx\/?p=976\" \/>\n<meta property=\"og:locale\" content=\"es_MX\" \/>\n<meta property=\"og:type\" content=\"article\" \/>\n<meta property=\"og:title\" content=\"Asociaci\u00f3n de soledad, aislamiento social y funci\u00f3n cognitiva cotidiana en adultos mayores mexicanos que viven en comunidad durante la primera ola de la pandemia de COVID-19\u00a0\" \/>\n<meta property=\"og:description\" content=\"La soledad y el aislamiento social son factores de riesgo conocidos para el deterioro cognitivo;\u00a0su efecto en los adultos mayores (OA) despu\u00e9s del bloqueo de COVID-19 est\u00e1 emergiendo.\u00a0\" \/>\n<meta property=\"og:url\" content=\"https:\/\/lafuente.mx\/?p=976\" \/>\n<meta property=\"article:published_time\" content=\"2023-03-23T14:00:00+00:00\" \/>\n<meta property=\"article:modified_time\" content=\"2023-03-23T17:01:06+00:00\" \/>\n<meta property=\"og:image\" content=\"http:\/\/lafuente.mx\/wp-content\/uploads\/2023\/03\/Viejita-scaled.jpeg\" \/>\n\t<meta property=\"og:image:width\" content=\"2560\" \/>\n\t<meta property=\"og:image:height\" content=\"1471\" \/>\n\t<meta property=\"og:image:type\" content=\"image\/jpeg\" \/>\n<meta name=\"author\" content=\"Claudia Gallardo\" \/>\n<meta name=\"twitter:card\" content=\"summary_large_image\" \/>\n<meta name=\"twitter:title\" content=\"Asociaci\u00f3n de soledad, aislamiento social y funci\u00f3n cognitiva cotidiana en adultos mayores mexicanos que viven en comunidad durante la primera ola de la pandemia de COVID-19\u00a0\" \/>\n<meta name=\"twitter:description\" content=\"La soledad y el aislamiento social son factores de riesgo conocidos para el deterioro cognitivo;\u00a0su efecto en los adultos mayores (OA) despu\u00e9s del bloqueo de COVID-19 est\u00e1 emergiendo.\u00a0\" \/>\n<meta name=\"twitter:image\" content=\"https:\/\/i0.wp.com\/lafuente.mx\/wp-content\/uploads\/2023\/03\/Viejita-scaled.jpeg?fit=2560%2C1471&ssl=1\" \/>\n<meta name=\"twitter:label1\" content=\"Escrito por\" \/>\n\t<meta name=\"twitter:data1\" content=\"Claudia Gallardo\" \/>\n\t<meta name=\"twitter:label2\" content=\"Tiempo de lectura\" \/>\n\t<meta name=\"twitter:data2\" content=\"2 minutos\" \/>\n<script type=\"application\/ld+json\" class=\"yoast-schema-graph\">{\"@context\":\"https:\/\/schema.org\",\"@graph\":[{\"@type\":\"WebSite\",\"@id\":\"https:\/\/lafuente.mx\/#website\",\"url\":\"https:\/\/lafuente.mx\/\",\"name\":\"\",\"description\":\"Informaci\u00f3n confiable sobre salud mental\",\"potentialAction\":[{\"@type\":\"SearchAction\",\"target\":{\"@type\":\"EntryPoint\",\"urlTemplate\":\"https:\/\/lafuente.mx\/?s={search_term_string}\"},\"query-input\":\"required name=search_term_string\"}],\"inLanguage\":\"es-MX\"},{\"@type\":\"WebPage\",\"@id\":\"https:\/\/lafuente.mx\/?p=976\",\"url\":\"https:\/\/lafuente.mx\/?p=976\",\"name\":\"Asociaci\u00f3n de soledad, aislamiento social y funci\u00f3n cognitiva cotidiana en adultos mayores mexicanos que viven en comunidad durante la primera ola de la pandemia de COVID-19\u00a0 -\",\"isPartOf\":{\"@id\":\"https:\/\/lafuente.mx\/#website\"},\"datePublished\":\"2023-03-23T14:00:00+00:00\",\"dateModified\":\"2023-03-23T17:01:06+00:00\",\"author\":{\"@id\":\"https:\/\/lafuente.mx\/#\/schema\/person\/603f3aa8e2f6f7879021ab722d39d6b0\"},\"description\":\"La soledad y el aislamiento social son factores de riesgo conocidos para el deterioro cognitivo;\u00a0su efecto en los adultos mayores (OA) despu\u00e9s del bloqueo de COVID-19 est\u00e1 emergiendo.\u00a0\",\"breadcrumb\":{\"@id\":\"https:\/\/lafuente.mx\/?p=976#breadcrumb\"},\"inLanguage\":\"es-MX\",\"potentialAction\":[{\"@type\":\"ReadAction\",\"target\":[\"https:\/\/lafuente.mx\/?p=976\"]}]},{\"@type\":\"BreadcrumbList\",\"@id\":\"https:\/\/lafuente.mx\/?p=976#breadcrumb\",\"itemListElement\":[{\"@type\":\"ListItem\",\"position\":1,\"name\":\"Inicio\",\"item\":\"https:\/\/lafuente.mx\/\"},{\"@type\":\"ListItem\",\"position\":2,\"name\":\"Asociaci\u00f3n de soledad, aislamiento social y funci\u00f3n cognitiva cotidiana en adultos mayores mexicanos que viven en comunidad durante la primera ola de la pandemia de COVID-19\u00a0\"}]},{\"@type\":\"Person\",\"@id\":\"https:\/\/lafuente.mx\/#\/schema\/person\/603f3aa8e2f6f7879021ab722d39d6b0\",\"name\":\"Claudia Gallardo\",\"image\":{\"@type\":\"ImageObject\",\"inLanguage\":\"es-MX\",\"@id\":\"https:\/\/lafuente.mx\/#\/schema\/person\/image\/\",\"url\":\"https:\/\/secure.gravatar.com\/avatar\/bfe9c966af1ccfb9d17bcdb9d04e8815?s=96&d=mm&r=g\",\"contentUrl\":\"https:\/\/secure.gravatar.com\/avatar\/bfe9c966af1ccfb9d17bcdb9d04e8815?s=96&d=mm&r=g\",\"caption\":\"Claudia Gallardo\"},\"url\":\"https:\/\/lafuente.mx\/?author=3\"}]}<\/script>\n<!-- \/ Yoast SEO plugin. -->","yoast_head_json":{"title":"Asociaci\u00f3n de soledad, aislamiento social y funci\u00f3n cognitiva cotidiana en adultos mayores mexicanos que viven en comunidad durante la primera ola de la pandemia de COVID-19\u00a0 -","description":"La soledad y el aislamiento social son factores de riesgo conocidos para el deterioro cognitivo;\u00a0su efecto en los adultos mayores (OA) despu\u00e9s del bloqueo de COVID-19 est\u00e1 emergiendo.\u00a0","robots":{"index":"index","follow":"follow","max-snippet":"max-snippet:-1","max-image-preview":"max-image-preview:large","max-video-preview":"max-video-preview:-1"},"canonical":"https:\/\/lafuente.mx\/?p=976","og_locale":"es_MX","og_type":"article","og_title":"Asociaci\u00f3n de soledad, aislamiento social y funci\u00f3n cognitiva cotidiana en adultos mayores mexicanos que viven en comunidad durante la primera ola de la pandemia de COVID-19\u00a0","og_description":"La soledad y el aislamiento social son factores de riesgo conocidos para el deterioro cognitivo;\u00a0su efecto en los adultos mayores (OA) despu\u00e9s del bloqueo de COVID-19 est\u00e1 emergiendo.\u00a0","og_url":"https:\/\/lafuente.mx\/?p=976","article_published_time":"2023-03-23T14:00:00+00:00","article_modified_time":"2023-03-23T17:01:06+00:00","og_image":[{"width":2560,"height":1471,"url":"http:\/\/lafuente.mx\/wp-content\/uploads\/2023\/03\/Viejita-scaled.jpeg","type":"image\/jpeg"}],"author":"Claudia Gallardo","twitter_card":"summary_large_image","twitter_title":"Asociaci\u00f3n de soledad, aislamiento social y funci\u00f3n cognitiva cotidiana en adultos mayores mexicanos que viven en comunidad durante la primera ola de la pandemia de COVID-19\u00a0","twitter_description":"La soledad y el aislamiento social son factores de riesgo conocidos para el deterioro cognitivo;\u00a0su efecto en los adultos mayores (OA) despu\u00e9s del bloqueo de COVID-19 est\u00e1 emergiendo.\u00a0","twitter_image":"https:\/\/i0.wp.com\/lafuente.mx\/wp-content\/uploads\/2023\/03\/Viejita-scaled.jpeg?fit=2560%2C1471&ssl=1","twitter_misc":{"Escrito por":"Claudia Gallardo","Tiempo de lectura":"2 minutos"},"schema":{"@context":"https:\/\/schema.org","@graph":[{"@type":"WebSite","@id":"https:\/\/lafuente.mx\/#website","url":"https:\/\/lafuente.mx\/","name":"","description":"Informaci\u00f3n confiable sobre salud mental","potentialAction":[{"@type":"SearchAction","target":{"@type":"EntryPoint","urlTemplate":"https:\/\/lafuente.mx\/?s={search_term_string}"},"query-input":"required name=search_term_string"}],"inLanguage":"es-MX"},{"@type":"WebPage","@id":"https:\/\/lafuente.mx\/?p=976","url":"https:\/\/lafuente.mx\/?p=976","name":"Asociaci\u00f3n de soledad, aislamiento social y funci\u00f3n cognitiva cotidiana en adultos mayores mexicanos que viven en comunidad durante la primera ola de la pandemia de COVID-19\u00a0 -","isPartOf":{"@id":"https:\/\/lafuente.mx\/#website"},"datePublished":"2023-03-23T14:00:00+00:00","dateModified":"2023-03-23T17:01:06+00:00","author":{"@id":"https:\/\/lafuente.mx\/#\/schema\/person\/603f3aa8e2f6f7879021ab722d39d6b0"},"description":"La soledad y el aislamiento social son factores de riesgo conocidos para el deterioro cognitivo;\u00a0su efecto en los adultos mayores (OA) despu\u00e9s del bloqueo de COVID-19 est\u00e1 emergiendo.\u00a0","breadcrumb":{"@id":"https:\/\/lafuente.mx\/?p=976#breadcrumb"},"inLanguage":"es-MX","potentialAction":[{"@type":"ReadAction","target":["https:\/\/lafuente.mx\/?p=976"]}]},{"@type":"BreadcrumbList","@id":"https:\/\/lafuente.mx\/?p=976#breadcrumb","itemListElement":[{"@type":"ListItem","position":1,"name":"Inicio","item":"https:\/\/lafuente.mx\/"},{"@type":"ListItem","position":2,"name":"Asociaci\u00f3n de soledad, aislamiento social y funci\u00f3n cognitiva cotidiana en adultos mayores mexicanos que viven en comunidad durante la primera ola de la pandemia de COVID-19\u00a0"}]},{"@type":"Person","@id":"https:\/\/lafuente.mx\/#\/schema\/person\/603f3aa8e2f6f7879021ab722d39d6b0","name":"Claudia Gallardo","image":{"@type":"ImageObject","inLanguage":"es-MX","@id":"https:\/\/lafuente.mx\/#\/schema\/person\/image\/","url":"https:\/\/secure.gravatar.com\/avatar\/bfe9c966af1ccfb9d17bcdb9d04e8815?s=96&d=mm&r=g","contentUrl":"https:\/\/secure.gravatar.com\/avatar\/bfe9c966af1ccfb9d17bcdb9d04e8815?s=96&d=mm&r=g","caption":"Claudia Gallardo"},"url":"https:\/\/lafuente.mx\/?author=3"}]}},"jetpack_featured_media_url":"https:\/\/i0.wp.com\/lafuente.mx\/wp-content\/uploads\/2023\/03\/Viejita-scaled.jpeg?fit=2560%2C1471&ssl=1","jetpack-related-posts":[{"id":3614,"url":"https:\/\/lafuente.mx\/?p=3614","url_meta":{"origin":976,"position":0},"title":"Evaluaci\u00f3n de la salud del sue\u00f1o y la actividad f\u00edsica en adultos j\u00f3venes durante la pandemia\u00a0","date":"marzo 25, 2026","format":false,"excerpt":"\u00dclk\u00fc\u00a0Sayg\u0131l\u0131\u00a0D\u00fczova,1, Hatice\u00a0Serap\u00a0Ko\u00e7ak,2, Emine\u00a0Kaplan Serin,3, Sevim\u00a0S\u00fceda\u00a0Aladag\u00a0\u0306,4, Buket\u00a0Bostan4\u00a0 Assist. Prof., PhD., RN;\u00a0Sel\u00e7uk\u00a0University,\u00a0Faculty\u00a0of\u00a0Nursing,\u00a0Department\u00a0of\u00a0Internal\u00a0Medicine\u00a0Nursing, Konya,\u00a0Turkey.\u00a0 Assoc. Prof., PhD., RN; Gaziantep\u00a0University,\u00a0Faculty\u00a0of\u00a0Health\u00a0Sciences,\u00a0Department\u00a0of\u00a0Public\u00a0Health\u00a0Nursing, Gaziantep,\u00a0Turkey.\u00a0 Assoc. Prof., PhD., RN; Mersin\u00a0University,\u00a0Faculty\u00a0of\u00a0Nursing,\u00a0Department\u00a0of\u00a0Internal\u00a0Medicine\u00a0Nursing, Mersin,\u00a0Turkey.\u00a0 Sel\u00e7uk\u00a0University,\u00a0Vocational\u00a0School\u00a0of\u00a0Health\u00a0Services,\u00a0Department\u00a0of\u00a0Healthcare\u00a0Services, Konya,\u00a0Turkey\u00a0 Imagen creada con IA Introducci\u00f3n.\u00a0 Las restricciones, las medidas de aislamiento social, el aumento del estr\u00e9s y los cambios en las rutinas diarias durante la\u2026","rel":"","context":"En &quot;Revista Salud Mental&quot;","img":{"alt_text":"","src":"https:\/\/i0.wp.com\/lafuente.mx\/wp-content\/uploads\/2026\/03\/ChatGPT-Image-25-mar-2026-10_19_46-a.m.png?fit=1200%2C800&ssl=1&resize=350%2C200","width":350,"height":200},"classes":[]},{"id":1510,"url":"https:\/\/lafuente.mx\/?p=1510","url_meta":{"origin":976,"position":1},"title":"En M\u00e9xico, 3.6 millones de personas adultas padecen depresi\u00f3n\u00a0","date":"julio 25, 2023","format":false,"excerpt":"Pandemia de COVID-19 aument\u00f3 a m\u00e1s del doble la prevalencia de estos problemas de salud, en comparaci\u00f3n con lo observado antes de 2019 Secretar\u00eda de Salud | 03 de julio de 2023\u00a0 La depresi\u00f3n es un trastorno mental caracterizado por disminuci\u00f3n del estado de \u00e1nimo, sentimientos de tristeza, dificultad para\u2026","rel":"","context":"En &quot;Noticias&quot;","img":{"alt_text":"","src":"https:\/\/i0.wp.com\/lafuente.mx\/wp-content\/uploads\/2023\/07\/depresion.jpeg?fit=1000%2C667&ssl=1&resize=350%2C200","width":350,"height":200},"classes":[]},{"id":2464,"url":"https:\/\/lafuente.mx\/?p=2464","url_meta":{"origin":976,"position":2},"title":"Problemas emocionales y conductuales de preescolares mexicanos antes y durante la pandemia de COVID-19\u00a0","date":"julio 23, 2024","format":false,"excerpt":"Mar\u00eda Teresa Monjar\u00e1s Rodr\u00edguez,1,Lilia Albores-Gallo2\u00a0 1. Departamento Psicolog\u00eda Cl\u00ednica y de la Salud, Facultad de Psicolog\u00eda, Universidad Nacional Aut\u00f3noma de M\u00e9xico, Ciudad de M\u00e9xico, M\u00e9xico.\u00a0 2. Divisi\u00f3n de Investigaci\u00f3n, Hospital Psiqui\u00e1trico Infantil Dr. Juan N. Navarro, Servicios de Atenci\u00f3n Psiqui\u00e1trica, Secretar\u00eda de Salud.\u00a0 Introducci\u00f3n Identificar los problemas de salud mental\u2026","rel":"","context":"En &quot;Revista Salud Mental&quot;","img":{"alt_text":"girl, sad, desperate-3422711.jpg","src":"https:\/\/i0.wp.com\/lafuente.mx\/wp-content\/uploads\/2024\/07\/girl-sad-desperate-3422711.jpg?fit=1200%2C718&ssl=1&resize=350%2C200","width":350,"height":200},"classes":[]},{"id":1289,"url":"https:\/\/lafuente.mx\/?p=1289","url_meta":{"origin":976,"position":3},"title":"Resiliencia, experiencias infantiles adversas y salud mental en estudiantes de Ciencias de la Salud durante la pandemia de COVID-19","date":"junio 12, 2023","format":false,"excerpt":"Felipe Agudelo Hern\u00e1ndez, Mar\u00eda Benavides Bastidas, Fernando Arango G\u00f3mez Resumen: Introducci\u00f3n. Se ha observado un aumento constante de problemas mentales en la poblaci\u00f3n universitaria, particularmente en el \u00e1rea de la salud, relacionados con la pandemia del COVID-19. Los factores de protecci\u00f3n como la resiliencia y los factores de riesgo como\u2026","rel":"","context":"En &quot;Revista Salud Mental&quot;","img":{"alt_text":"","src":"https:\/\/i0.wp.com\/lafuente.mx\/wp-content\/uploads\/2023\/06\/chicas-universitarias-estudiando-juntas-edited-1-scaled.jpg?fit=1200%2C675&ssl=1&resize=350%2C200","width":350,"height":200},"classes":[]},{"id":2063,"url":"https:\/\/lafuente.mx\/?p=2063","url_meta":{"origin":976,"position":4},"title":"Angustia emocional y autocuidado durante la pandemia de COVID-19 en mujeres de un colectivo cultural ind\u00edgena migrante en la Ciudad de M\u00e9xico","date":"febrero 8, 2024","format":false,"excerpt":"Introducci\u00f3n. Durante la pandemia del coronavirus (SARS-Cov-2) se implementaron medidas restrictivas para reducir el contagio. Sin embargo, la severa disminuci\u00f3n de la interacci\u00f3n social tambi\u00e9n afect\u00f3 negativamente a la econom\u00eda, particularmente a la de los grupos ind\u00edgenas.\u00a0\u00a0Objetivo. Este art\u00edculo busca comprender el malestar emocional identificado por un grupo de mujeres\u2026","rel":"","context":"En &quot;Revista Salud Mental&quot;","img":{"alt_text":"","src":"https:\/\/i0.wp.com\/lafuente.mx\/wp-content\/uploads\/2024\/02\/Angustia-emocional-y-autocuidado_Mesa-de-trabajo-1.jpg?fit=1200%2C610&ssl=1&resize=350%2C200","width":350,"height":200},"classes":[]},{"id":506,"url":"https:\/\/lafuente.mx\/?p=506","url_meta":{"origin":976,"position":5},"title":"Cuidar y ser madre durante la pandemia del SARS-COV2: caracter\u00edsticas de las m\u00e9dicos-madres durante la COVID-19 y su impacto en la salud mental\u00a0","date":"octubre 28, 2022","format":false,"excerpt":"Ingrid Vargas-Huicochea,1 Shoshana Berenzon, 2 Silvia AracelyTafoya,1 Diana Patricia Gu\u00edzar-S\u00e1nchez,3 NoraKelsall, 4 Ana Carolina Rodr\u00edguez-Machain, 1 Atenea Lanz-Uribe 5\u00a0 1 Departamento de Psiquiatr\u00eda y Salud Mental, Facultad de Medicina, Universidad Nacional Aut\u00f3noma de M\u00e9xico, Ciudad de M\u00e9xico, M\u00e9xico.\u00a0 2 Direcci\u00f3n de Investigaciones Epidemiol\u00f3gicas y Psicosociales, Instituto Nacional de Psiquiatr\u00eda Ram\u00f3n\u2026","rel":"","context":"En &quot;Revista Salud Mental&quot;","img":{"alt_text":"","src":"https:\/\/i0.wp.com\/lafuente.mx\/wp-content\/uploads\/2022\/10\/DSC_0300-edited-scaled.jpg?fit=1200%2C797&ssl=1&resize=350%2C200","width":350,"height":200},"classes":[]}],"jetpack_sharing_enabled":true,"jetpack_shortlink":"https:\/\/wp.me\/pe9WUx-fK","_links":{"self":[{"href":"https:\/\/lafuente.mx\/index.php?rest_route=\/wp\/v2\/posts\/976"}],"collection":[{"href":"https:\/\/lafuente.mx\/index.php?rest_route=\/wp\/v2\/posts"}],"about":[{"href":"https:\/\/lafuente.mx\/index.php?rest_route=\/wp\/v2\/types\/post"}],"author":[{"embeddable":true,"href":"https:\/\/lafuente.mx\/index.php?rest_route=\/wp\/v2\/users\/3"}],"replies":[{"embeddable":true,"href":"https:\/\/lafuente.mx\/index.php?rest_route=%2Fwp%2Fv2%2Fcomments&post=976"}],"version-history":[{"count":3,"href":"https:\/\/lafuente.mx\/index.php?rest_route=\/wp\/v2\/posts\/976\/revisions"}],"predecessor-version":[{"id":981,"href":"https:\/\/lafuente.mx\/index.php?rest_route=\/wp\/v2\/posts\/976\/revisions\/981"}],"wp:featuredmedia":[{"embeddable":true,"href":"https:\/\/lafuente.mx\/index.php?rest_route=\/wp\/v2\/media\/980"}],"wp:attachment":[{"href":"https:\/\/lafuente.mx\/index.php?rest_route=%2Fwp%2Fv2%2Fmedia&parent=976"}],"wp:term":[{"taxonomy":"category","embeddable":true,"href":"https:\/\/lafuente.mx\/index.php?rest_route=%2Fwp%2Fv2%2Fcategories&post=976"},{"taxonomy":"post_tag","embeddable":true,"href":"https:\/\/lafuente.mx\/index.php?rest_route=%2Fwp%2Fv2%2Ftags&post=976"}],"curies":[{"name":"wp","href":"https:\/\/api.w.org\/{rel}","templated":true}]}}