{"id":968,"date":"2023-03-24T10:10:00","date_gmt":"2023-03-24T10:10:00","guid":{"rendered":"https:\/\/lafuente.mx\/?p=968"},"modified":"2023-04-11T19:15:20","modified_gmt":"2023-04-11T19:15:20","slug":"968-intervencion-para-prevencion-de-adicciones-en-jovenes","status":"publish","type":"post","link":"https:\/\/lafuente.mx\/?p=968","title":{"rendered":"Intervenci\u00f3n para prevenci\u00f3n de adicciones en j\u00f3venes \u00a0"},"content":{"rendered":"\n<p class=\"has-large-font-size\"><strong>Del 10 de abril al 19 de mayo, 2023&nbsp;<\/strong><\/p>\n\n\n\n<hr class=\"wp-block-separator has-text-color has-vivid-red-color has-alpha-channel-opacity has-vivid-red-background-color has-background\"\/>\n\n\n\n<p class=\"has-text-color\" style=\"color:#282a87\"><strong>Coordinadora acad\u00e9mica:<\/strong> Dra. Patricia Fuentes de Iturbe &nbsp;<\/p>\n\n\n\n<p class=\"has-text-color\" style=\"color:#282a87\"><strong>Dirigido a:<\/strong> Profesionales de la salud, educaci\u00f3n y afines &nbsp;<\/p>\n\n\n\n<p class=\"has-text-color\" style=\"color:#282a87\"><strong>Objetivo:<\/strong> Capacitar en el manejo de una intervenci\u00f3n preventiva para aumentar la percepci\u00f3n de riesgo de uso de sustancias y fortalecer habilidades para la vida en j\u00f3venes&nbsp;<\/p>\n\n\n\n<p class=\"has-text-color\" style=\"color:#282a87\"><strong>&nbsp;Tem\u00e1tica:<\/strong> \u2022 Adolescencia: retos y riesgos \u2022 Sustancias psicoactivas: efectos y riesgos \u2022 Detecci\u00f3n temprana del consumo de alcohol, tabaco y otras drogas \u2022 Habilidades para la vida \u2022 Intervenci\u00f3n preventiva basada en el modelo de habilidades para la vida &nbsp;<\/p>\n\n\n\n<p class=\"has-text-color\" style=\"color:#282a87\"><strong>Modalidad:<\/strong> En l\u00ednea mediante Moodle&nbsp;<\/p>\n\n\n\n<p class=\"has-text-color\" style=\"color:#282a87\"><strong>Horas cr\u00e9dito:<\/strong> 20 &nbsp;<\/p>\n\n\n<div class=\"wp-block-image\">\n<figure class=\"aligncenter size-large is-resized\"><img decoding=\"async\" loading=\"lazy\" src=\"https:\/\/i0.wp.com\/lafuente.mx\/wp-content\/uploads\/2023\/03\/Captura-de-Pantalla-2023-03-23-a-las-12.26.58-1024x906.png?resize=603%2C533&#038;ssl=1\" alt=\"\" class=\"wp-image-990\" width=\"603\" height=\"533\" srcset=\"https:\/\/i0.wp.com\/lafuente.mx\/wp-content\/uploads\/2023\/03\/Captura-de-Pantalla-2023-03-23-a-las-12.26.58.png?resize=1024%2C906&amp;ssl=1 1024w, https:\/\/i0.wp.com\/lafuente.mx\/wp-content\/uploads\/2023\/03\/Captura-de-Pantalla-2023-03-23-a-las-12.26.58.png?resize=300%2C265&amp;ssl=1 300w, https:\/\/i0.wp.com\/lafuente.mx\/wp-content\/uploads\/2023\/03\/Captura-de-Pantalla-2023-03-23-a-las-12.26.58.png?resize=768%2C679&amp;ssl=1 768w, https:\/\/i0.wp.com\/lafuente.mx\/wp-content\/uploads\/2023\/03\/Captura-de-Pantalla-2023-03-23-a-las-12.26.58.png?w=1318&amp;ssl=1 1318w\" sizes=\"(max-width: 603px) 100vw, 603px\" data-recalc-dims=\"1\" \/><figcaption>imagen freepik<\/figcaption><\/figure><\/div>\n\n\n<p class=\"has-text-color\" style=\"color:#e77c55\"><strong>Nota: <\/strong>Se puede programar un nuevo grupo al reunir m\u00ednimo 15 personas interesadas en el curso&nbsp;&nbsp;<\/p>\n\n\n\n<p class=\"has-text-color\" style=\"color:#e77c55\"><strong>&nbsp;Informes: <\/strong>cursos.diep@gmail.com y cursosdiep@imp.edu.mx &nbsp;<\/p>\n\n\n\n<p class=\"has-text-color\" style=\"color:#e77c55\"><strong>Costo:<\/strong> $2,000.00&nbsp;<\/p>\n\n\n\n<hr class=\"wp-block-separator has-text-color has-vivid-red-color has-alpha-channel-opacity has-vivid-red-background-color has-background\"\/>\n\n\n\n<div class=\"wp-block-buttons is-layout-flex wp-block-buttons-is-layout-flex\">\n<div class=\"wp-block-button\"><a class=\"wp-block-button__link has-luminous-vivid-orange-background-color has-background\" href=\"http:\/\/bit.ly\/3jScJaX\" target=\"_blank\" rel=\"noreferrer noopener\">Registro<\/a><\/div>\n<\/div>\n","protected":false},"excerpt":{"rendered":"<p>Del 10 de abril al 19 de mayo, 2023&nbsp; Coordinadora acad\u00e9mica: Dra. Patricia Fuentes de Iturbe &nbsp; Dirigido a: Profesionales de la salud, educaci\u00f3n y<\/p>\n","protected":false},"author":3,"featured_media":990,"comment_status":"closed","ping_status":"closed","sticky":false,"template":"","format":"standard","meta":{"footnotes":"","jetpack_publicize_message":"","jetpack_is_tweetstorm":false,"jetpack_publicize_feature_enabled":true},"categories":[6],"tags":[135,66,37,119,127,21,136,137,63,32,24],"jetpack_publicize_connections":[],"yoast_head":"<!-- This site is optimized with the Yoast SEO plugin v19.4 - https:\/\/yoast.com\/wordpress\/plugins\/seo\/ -->\n<title>Intervenci\u00f3n para prevenci\u00f3n de adicciones en j\u00f3venes \u00a0 -<\/title>\n<meta name=\"description\" content=\"Manejo de una intervenci\u00f3n preventiva para aumentar la percepci\u00f3n de riesgo de uso de sustancias y fortalecer habilidades para la vida en j\u00f3venes\u00a0\" \/>\n<meta name=\"robots\" content=\"index, follow, max-snippet:-1, max-image-preview:large, max-video-preview:-1\" \/>\n<link rel=\"canonical\" href=\"https:\/\/lafuente.mx\/?p=968\" \/>\n<meta property=\"og:locale\" content=\"es_MX\" \/>\n<meta property=\"og:type\" content=\"article\" \/>\n<meta property=\"og:title\" content=\"Intervenci\u00f3n para prevenci\u00f3n de adicciones en j\u00f3venes\" \/>\n<meta property=\"og:description\" content=\"Manejo de una intervenci\u00f3n preventiva para aumentar la percepci\u00f3n de riesgo de uso de sustancias y fortalecer habilidades para la vida en j\u00f3venes\u00a0\" \/>\n<meta property=\"og:url\" content=\"https:\/\/lafuente.mx\/?p=968\" \/>\n<meta property=\"article:published_time\" content=\"2023-03-24T10:10:00+00:00\" \/>\n<meta property=\"article:modified_time\" content=\"2023-04-11T19:15:20+00:00\" \/>\n<meta property=\"og:image\" content=\"http:\/\/lafuente.mx\/wp-content\/uploads\/2023\/03\/Captura-de-Pantalla-2023-03-23-a-las-12.26.58.png\" \/>\n\t<meta property=\"og:image:width\" content=\"1318\" \/>\n\t<meta property=\"og:image:height\" content=\"1166\" \/>\n\t<meta property=\"og:image:type\" content=\"image\/png\" \/>\n<meta name=\"author\" content=\"Claudia Gallardo\" \/>\n<meta name=\"twitter:card\" content=\"summary_large_image\" \/>\n<meta name=\"twitter:title\" content=\"Intervenci\u00f3n para prevenci\u00f3n de adicciones en j\u00f3venes\" \/>\n<meta name=\"twitter:description\" content=\"Manejo de una intervenci\u00f3n preventiva para aumentar la percepci\u00f3n de riesgo de uso de sustancias y fortalecer habilidades para la vida en j\u00f3venes\u00a0\" \/>\n<meta name=\"twitter:image\" content=\"https:\/\/i0.wp.com\/lafuente.mx\/wp-content\/uploads\/2023\/03\/Captura-de-Pantalla-2023-03-23-a-las-12.26.58.png?fit=1318%2C1166&ssl=1\" \/>\n<meta name=\"twitter:label1\" content=\"Escrito por\" \/>\n\t<meta name=\"twitter:data1\" content=\"Claudia Gallardo\" \/>\n\t<meta name=\"twitter:label2\" content=\"Tiempo de lectura\" \/>\n\t<meta name=\"twitter:data2\" content=\"1 minuto\" \/>\n<script type=\"application\/ld+json\" class=\"yoast-schema-graph\">{\"@context\":\"https:\/\/schema.org\",\"@graph\":[{\"@type\":\"WebSite\",\"@id\":\"https:\/\/lafuente.mx\/#website\",\"url\":\"https:\/\/lafuente.mx\/\",\"name\":\"\",\"description\":\"Informaci\u00f3n confiable sobre salud mental\",\"potentialAction\":[{\"@type\":\"SearchAction\",\"target\":{\"@type\":\"EntryPoint\",\"urlTemplate\":\"https:\/\/lafuente.mx\/?s={search_term_string}\"},\"query-input\":\"required name=search_term_string\"}],\"inLanguage\":\"es-MX\"},{\"@type\":\"WebPage\",\"@id\":\"https:\/\/lafuente.mx\/?p=968\",\"url\":\"https:\/\/lafuente.mx\/?p=968\",\"name\":\"Intervenci\u00f3n para prevenci\u00f3n de adicciones en j\u00f3venes \u00a0 -\",\"isPartOf\":{\"@id\":\"https:\/\/lafuente.mx\/#website\"},\"datePublished\":\"2023-03-24T10:10:00+00:00\",\"dateModified\":\"2023-04-11T19:15:20+00:00\",\"author\":{\"@id\":\"https:\/\/lafuente.mx\/#\/schema\/person\/603f3aa8e2f6f7879021ab722d39d6b0\"},\"description\":\"Manejo de una intervenci\u00f3n preventiva para aumentar la percepci\u00f3n de riesgo de uso de sustancias y fortalecer habilidades para la vida en j\u00f3venes\u00a0\",\"breadcrumb\":{\"@id\":\"https:\/\/lafuente.mx\/?p=968#breadcrumb\"},\"inLanguage\":\"es-MX\",\"potentialAction\":[{\"@type\":\"ReadAction\",\"target\":[\"https:\/\/lafuente.mx\/?p=968\"]}]},{\"@type\":\"BreadcrumbList\",\"@id\":\"https:\/\/lafuente.mx\/?p=968#breadcrumb\",\"itemListElement\":[{\"@type\":\"ListItem\",\"position\":1,\"name\":\"Inicio\",\"item\":\"https:\/\/lafuente.mx\/\"},{\"@type\":\"ListItem\",\"position\":2,\"name\":\"Intervenci\u00f3n para prevenci\u00f3n de adicciones en j\u00f3venes \u00a0\"}]},{\"@type\":\"Person\",\"@id\":\"https:\/\/lafuente.mx\/#\/schema\/person\/603f3aa8e2f6f7879021ab722d39d6b0\",\"name\":\"Claudia Gallardo\",\"image\":{\"@type\":\"ImageObject\",\"inLanguage\":\"es-MX\",\"@id\":\"https:\/\/lafuente.mx\/#\/schema\/person\/image\/\",\"url\":\"https:\/\/secure.gravatar.com\/avatar\/bfe9c966af1ccfb9d17bcdb9d04e8815?s=96&d=mm&r=g\",\"contentUrl\":\"https:\/\/secure.gravatar.com\/avatar\/bfe9c966af1ccfb9d17bcdb9d04e8815?s=96&d=mm&r=g\",\"caption\":\"Claudia Gallardo\"},\"url\":\"https:\/\/lafuente.mx\/?author=3\"}]}<\/script>\n<!-- \/ Yoast SEO plugin. -->","yoast_head_json":{"title":"Intervenci\u00f3n para prevenci\u00f3n de adicciones en j\u00f3venes \u00a0 -","description":"Manejo de una intervenci\u00f3n preventiva para aumentar la percepci\u00f3n de riesgo de uso de sustancias y fortalecer habilidades para la vida en j\u00f3venes\u00a0","robots":{"index":"index","follow":"follow","max-snippet":"max-snippet:-1","max-image-preview":"max-image-preview:large","max-video-preview":"max-video-preview:-1"},"canonical":"https:\/\/lafuente.mx\/?p=968","og_locale":"es_MX","og_type":"article","og_title":"Intervenci\u00f3n para prevenci\u00f3n de adicciones en j\u00f3venes","og_description":"Manejo de una intervenci\u00f3n preventiva para aumentar la percepci\u00f3n de riesgo de uso de sustancias y fortalecer habilidades para la vida en j\u00f3venes\u00a0","og_url":"https:\/\/lafuente.mx\/?p=968","article_published_time":"2023-03-24T10:10:00+00:00","article_modified_time":"2023-04-11T19:15:20+00:00","og_image":[{"width":1318,"height":1166,"url":"http:\/\/lafuente.mx\/wp-content\/uploads\/2023\/03\/Captura-de-Pantalla-2023-03-23-a-las-12.26.58.png","type":"image\/png"}],"author":"Claudia Gallardo","twitter_card":"summary_large_image","twitter_title":"Intervenci\u00f3n para prevenci\u00f3n de adicciones en j\u00f3venes","twitter_description":"Manejo de una intervenci\u00f3n preventiva para aumentar la percepci\u00f3n de riesgo de uso de sustancias y fortalecer habilidades para la vida en j\u00f3venes\u00a0","twitter_image":"https:\/\/i0.wp.com\/lafuente.mx\/wp-content\/uploads\/2023\/03\/Captura-de-Pantalla-2023-03-23-a-las-12.26.58.png?fit=1318%2C1166&ssl=1","twitter_misc":{"Escrito por":"Claudia Gallardo","Tiempo de lectura":"1 minuto"},"schema":{"@context":"https:\/\/schema.org","@graph":[{"@type":"WebSite","@id":"https:\/\/lafuente.mx\/#website","url":"https:\/\/lafuente.mx\/","name":"","description":"Informaci\u00f3n confiable sobre salud mental","potentialAction":[{"@type":"SearchAction","target":{"@type":"EntryPoint","urlTemplate":"https:\/\/lafuente.mx\/?s={search_term_string}"},"query-input":"required name=search_term_string"}],"inLanguage":"es-MX"},{"@type":"WebPage","@id":"https:\/\/lafuente.mx\/?p=968","url":"https:\/\/lafuente.mx\/?p=968","name":"Intervenci\u00f3n para prevenci\u00f3n de adicciones en j\u00f3venes \u00a0 -","isPartOf":{"@id":"https:\/\/lafuente.mx\/#website"},"datePublished":"2023-03-24T10:10:00+00:00","dateModified":"2023-04-11T19:15:20+00:00","author":{"@id":"https:\/\/lafuente.mx\/#\/schema\/person\/603f3aa8e2f6f7879021ab722d39d6b0"},"description":"Manejo de una intervenci\u00f3n preventiva para aumentar la percepci\u00f3n de riesgo de uso de sustancias y fortalecer habilidades para la vida en j\u00f3venes\u00a0","breadcrumb":{"@id":"https:\/\/lafuente.mx\/?p=968#breadcrumb"},"inLanguage":"es-MX","potentialAction":[{"@type":"ReadAction","target":["https:\/\/lafuente.mx\/?p=968"]}]},{"@type":"BreadcrumbList","@id":"https:\/\/lafuente.mx\/?p=968#breadcrumb","itemListElement":[{"@type":"ListItem","position":1,"name":"Inicio","item":"https:\/\/lafuente.mx\/"},{"@type":"ListItem","position":2,"name":"Intervenci\u00f3n para prevenci\u00f3n de adicciones en j\u00f3venes \u00a0"}]},{"@type":"Person","@id":"https:\/\/lafuente.mx\/#\/schema\/person\/603f3aa8e2f6f7879021ab722d39d6b0","name":"Claudia Gallardo","image":{"@type":"ImageObject","inLanguage":"es-MX","@id":"https:\/\/lafuente.mx\/#\/schema\/person\/image\/","url":"https:\/\/secure.gravatar.com\/avatar\/bfe9c966af1ccfb9d17bcdb9d04e8815?s=96&d=mm&r=g","contentUrl":"https:\/\/secure.gravatar.com\/avatar\/bfe9c966af1ccfb9d17bcdb9d04e8815?s=96&d=mm&r=g","caption":"Claudia Gallardo"},"url":"https:\/\/lafuente.mx\/?author=3"}]}},"jetpack_featured_media_url":"https:\/\/i0.wp.com\/lafuente.mx\/wp-content\/uploads\/2023\/03\/Captura-de-Pantalla-2023-03-23-a-las-12.26.58.png?fit=1318%2C1166&ssl=1","jetpack-related-posts":[{"id":370,"url":"https:\/\/lafuente.mx\/?p=370","url_meta":{"origin":968,"position":0},"title":"Intervenci\u00f3n para prevenci\u00f3n de adicciones en j\u00f3venes","date":"septiembre 9, 2022","format":false,"excerpt":"Del 26 de septiembre al 28 de octubre de 2022 Coordinadora acad\u00e9mica: Dra. Patricia Fuentes de Iturbe Dirigido a: Profesionales de la salud, educaci\u00f3n y afines Objetivo: Capacitar en el manejo de una intervenci\u00f3n preventiva para aumentar la percepci\u00f3n de riesgo de uso de sustancias y fortalecer habilidades para la\u2026","rel":"","context":"En &quot;Cursos&quot;","img":{"alt_text":"","src":"https:\/\/i0.wp.com\/lafuente.mx\/wp-content\/uploads\/2022\/09\/Adicciones.png?fit=498%2C625&ssl=1&resize=350%2C200","width":350,"height":200},"classes":[]},{"id":1708,"url":"https:\/\/lafuente.mx\/?p=1708","url_meta":{"origin":968,"position":1},"title":"Intervenciones Educativas para la Prevenci\u00f3n del Comportamiento Suicida en Adolescentes en M\u00e9xico\u00a0","date":"septiembre 12, 2023","format":false,"excerpt":"El objetivo general es dise\u00f1ar, implementar y evaluar tres intervenciones para la detecci\u00f3n y atenci\u00f3n de adolescentes de secundaria con riesgo de conducta suicida y consumo de sustancias en cinco estados de M\u00e9xico.\u00a0 Intervenciones educativas\u00a0 Intervenci\u00f3n para Prevenci\u00f3n de Adicciones en J\u00f3venes\u00a0 Patricia Fuentes de Iturbe\u00a0\u00a0 Guardianes\u00a0 Carolina Santill\u00e1n Torres\u2026","rel":"","context":"En &quot;Informaci\u00f3n de inter\u00e9s&quot;","img":{"alt_text":"","src":"https:\/\/i0.wp.com\/lafuente.mx\/wp-content\/uploads\/2023\/09\/abrazo.jpeg?fit=1000%2C1000&ssl=1&resize=350%2C200","width":350,"height":200},"classes":[]},{"id":1217,"url":"https:\/\/lafuente.mx\/?p=1217","url_meta":{"origin":968,"position":2},"title":"Familia y adicciones\u00a0","date":"mayo 16, 2023","format":false,"excerpt":"Del 5 de junio al 31 de julio, 2023\u00a0 Curso en l\u00ednea\u00a0 Coordinadora acad\u00e9mica:\u00a0Dra. Guillermina Natera Rey\u00a0 Dirigido a:\u00a0 Profesionales de la salud y afines\u00a0 Objetivo general:\u00a0 Formar orientadores para intervenir y apoyar a las familias a enfrentar la problem\u00e1tica de consumo de alcohol o drogas de alguno de sus\u2026","rel":"","context":"En &quot;Cursos&quot;","img":{"alt_text":"","src":"https:\/\/i0.wp.com\/lafuente.mx\/wp-content\/uploads\/2023\/05\/Captura-de-Pantalla-2023-05-15-a-las-10.26.24.png?fit=1200%2C765&ssl=1&resize=350%2C200","width":350,"height":200},"classes":[]},{"id":1691,"url":"https:\/\/lafuente.mx\/?p=1691","url_meta":{"origin":968,"position":3},"title":"Cuadernillo b\u00e1sico para la prevenci\u00f3n del suicidio\u00a0","date":"septiembre 10, 2023","format":false,"excerpt":"El presente cuadernillo tiene como prop\u00f3sito ofrecer conocimientos y habilidades b\u00e1sicos para la prevenci\u00f3n del suicidio en la poblaci\u00f3n general. Si bien es fundamental reconocer que el suicidio, como problema de salud p\u00fablica, requiere la intervenci\u00f3n de profesionales de la salud mental a trav\u00e9s de un enfoque cl\u00ednico-terap\u00e9utico, la participaci\u00f3n\u2026","rel":"","context":"En &quot;Publicaciones&quot;","img":{"alt_text":"","src":"https:\/\/i0.wp.com\/lafuente.mx\/wp-content\/uploads\/2023\/09\/Captura-de-Pantalla-2023-09-08-a-las-14.33.59.png?fit=936%2C1200&ssl=1&resize=350%2C200","width":350,"height":200},"classes":[]},{"id":1513,"url":"https:\/\/lafuente.mx\/?p=1513","url_meta":{"origin":968,"position":4},"title":"Intervenciones breves en adicciones\u00a0","date":"julio 27, 2023","format":false,"excerpt":"Curso en l\u00ednea\u00a0\u00a0 Imagen INPRFM Del 21 de agosto al 23 de octubre de 2023\u00a0 Coordinadora acad\u00e9mica: Dra. Marcela Tiburcio Sainz\u00a0 Dirigido a: Profesionales de la salud y afines\u00a0 Objetivo:\u00a0 Capacitar a orientadores en la detecci\u00f3n temprana del consumo de sustancias y en la aplicaci\u00f3n de intervenciones breves para modificar\u2026","rel":"","context":"En &quot;Cursos en l\u00ednea&quot;","img":{"alt_text":"","src":"https:\/\/i0.wp.com\/lafuente.mx\/wp-content\/uploads\/2023\/07\/DSC_0017-scaled.jpg?fit=1200%2C797&ssl=1&resize=350%2C200","width":350,"height":200},"classes":[]},{"id":2392,"url":"https:\/\/lafuente.mx\/?p=2392","url_meta":{"origin":968,"position":5},"title":"Prevenci\u00f3n de la depresi\u00f3n posparto\u00a0\u00a0","date":"julio 3, 2024","format":false,"excerpt":"CURSO EN L\u00cdNEA Del 23 de septiembre al 24 de noviembre, 2023\u00a0\u00a0 Coordinadora Acad\u00e9mica:\u00a0Dra. Ma. Asunci\u00f3n Lara Cant\u00fa\u00a0 Tutora:\u00a0Mtra. en Psic. Erica Medina Serd\u00e1n\u00a0\u00a0 Dirigido a:\u00a0Profesionales de la salud y afines. Preferentemente con experiencia en el manejo de grupos y conocimientos de psicopatolog\u00eda, estudios sobre la mujer y de g\u00e9nero\u00a0\u00a0\u2026","rel":"","context":"En &quot;Cursos&quot;","img":{"alt_text":"","src":"https:\/\/i0.wp.com\/lafuente.mx\/wp-content\/uploads\/2024\/06\/Captura-de-pantalla-2024-06-21-a-las-10.01.19.png?fit=897%2C1200&ssl=1&resize=350%2C200","width":350,"height":200},"classes":[]}],"jetpack_sharing_enabled":true,"jetpack_shortlink":"https:\/\/wp.me\/pe9WUx-fC","_links":{"self":[{"href":"https:\/\/lafuente.mx\/index.php?rest_route=\/wp\/v2\/posts\/968"}],"collection":[{"href":"https:\/\/lafuente.mx\/index.php?rest_route=\/wp\/v2\/posts"}],"about":[{"href":"https:\/\/lafuente.mx\/index.php?rest_route=\/wp\/v2\/types\/post"}],"author":[{"embeddable":true,"href":"https:\/\/lafuente.mx\/index.php?rest_route=\/wp\/v2\/users\/3"}],"replies":[{"embeddable":true,"href":"https:\/\/lafuente.mx\/index.php?rest_route=%2Fwp%2Fv2%2Fcomments&post=968"}],"version-history":[{"count":3,"href":"https:\/\/lafuente.mx\/index.php?rest_route=\/wp\/v2\/posts\/968\/revisions"}],"predecessor-version":[{"id":994,"href":"https:\/\/lafuente.mx\/index.php?rest_route=\/wp\/v2\/posts\/968\/revisions\/994"}],"wp:featuredmedia":[{"embeddable":true,"href":"https:\/\/lafuente.mx\/index.php?rest_route=\/wp\/v2\/media\/990"}],"wp:attachment":[{"href":"https:\/\/lafuente.mx\/index.php?rest_route=%2Fwp%2Fv2%2Fmedia&parent=968"}],"wp:term":[{"taxonomy":"category","embeddable":true,"href":"https:\/\/lafuente.mx\/index.php?rest_route=%2Fwp%2Fv2%2Fcategories&post=968"},{"taxonomy":"post_tag","embeddable":true,"href":"https:\/\/lafuente.mx\/index.php?rest_route=%2Fwp%2Fv2%2Ftags&post=968"}],"curies":[{"name":"wp","href":"https:\/\/api.w.org\/{rel}","templated":true}]}}