{"id":952,"date":"2023-03-22T16:17:19","date_gmt":"2023-03-22T16:17:19","guid":{"rendered":"https:\/\/lafuente.mx\/?p=952"},"modified":"2023-04-03T17:46:31","modified_gmt":"2023-04-03T17:46:31","slug":"borrador-automatico-dia-nacional-de-las-y-los-psiquiatras","status":"publish","type":"post","link":"https:\/\/lafuente.mx\/?p=952","title":{"rendered":"D\u00eda Nacional de las y los Psiquiatras"},"content":{"rendered":"\n<p class=\"has-text-align-center has-text-color has-large-font-size\" style=\"color:#124a6b\"><strong>31 de marzo&nbsp;<\/strong><\/p>\n\n\n<div class=\"wp-block-image\">\n<figure class=\"aligncenter size-full\"><img decoding=\"async\" loading=\"lazy\" width=\"400\" height=\"393\" src=\"https:\/\/i0.wp.com\/lafuente.mx\/wp-content\/uploads\/2023\/03\/DeLaFuente-Escudo.jpg?resize=400%2C393&#038;ssl=1\" alt=\"\" class=\"wp-image-953\" srcset=\"https:\/\/i0.wp.com\/lafuente.mx\/wp-content\/uploads\/2023\/03\/DeLaFuente-Escudo.jpg?w=400&amp;ssl=1 400w, https:\/\/i0.wp.com\/lafuente.mx\/wp-content\/uploads\/2023\/03\/DeLaFuente-Escudo.jpg?resize=300%2C295&amp;ssl=1 300w\" sizes=\"(max-width: 400px) 100vw, 400px\" data-recalc-dims=\"1\" \/><figcaption>Imagen INPRFM<\/figcaption><\/figure><\/div>\n\n\n<p class=\"has-text-color has-medium-font-size\" style=\"color:#324552\"><em>\u201cEn el grado en que la salud y las enfermedades de los hombres est\u00e1n influidas por sus motivos, sus esperanzas, sus temores y sus contradicciones, el humanismo, no es s\u00f3lo un complemento, sino una dimensi\u00f3n necesaria de la medicina\u201d.<\/em>&nbsp;<\/p>\n\n\n\n<hr class=\"wp-block-separator has-text-color has-alpha-channel-opacity has-background\" style=\"background-color:#164661;color:#164661\"\/>\n\n\n\n<p>En M\u00e9xico se instaur\u00f3 el 31 de marzo como el D\u00eda Nacional de las y los Psiquiatras, en recuerdo <br>del aniversario luctuoso del <strong>Dr. Ram\u00f3n de la Fuente Mu\u00f1iz, fundador del Instituto Nacional de Psiquiatr\u00eda<\/strong>.&nbsp;<\/p>\n\n\n\n<p>El doctor De la Fuente public\u00f3 m\u00e1s de 170 art\u00edculos y es autor de <em><strong>Psicolog\u00eda m\u00e9dica<\/strong><\/em> <br>(1959 y 1992, con 18 reimpresiones), <em><strong>Nuevos caminos de la psiquiatr\u00eda<\/strong><\/em> (1990), coautor de <strong><em>Salud mental en M\u00e9xico<\/em><\/strong> (1997) y coeditor de <strong><em>Biolog\u00eda de la mente<\/em><\/strong> (1998). <\/p>\n\n\n\n<p>Miembro fundador del Consejo Mexicano de Psiquiatr\u00eda y la Asociaci\u00f3n Psiqui\u00e1trica Mexicana. Fund\u00f3 el Instituto Mexicano de Psiquiatr\u00eda (1979), hoy Instituto Nacional de Psiquiatr\u00eda Ram\u00f3n de la Fuente Mu\u00f1iz, que dirigi\u00f3 hasta 1998, impulsando la psiquiatr\u00eda en nuestro pa\u00eds. Ingres\u00f3 a El Colegio Nacional el 20 de julio de 1972.&nbsp;<\/p>\n\n\n<div class=\"wp-block-image\">\n<figure class=\"aligncenter size-full is-resized\"><img decoding=\"async\" loading=\"lazy\" src=\"https:\/\/i0.wp.com\/lafuente.mx\/wp-content\/uploads\/2023\/03\/INPRFM06.jpg?resize=590%2C369&#038;ssl=1\" alt=\"\" class=\"wp-image-954\" width=\"590\" height=\"369\" srcset=\"https:\/\/i0.wp.com\/lafuente.mx\/wp-content\/uploads\/2023\/03\/INPRFM06.jpg?w=800&amp;ssl=1 800w, https:\/\/i0.wp.com\/lafuente.mx\/wp-content\/uploads\/2023\/03\/INPRFM06.jpg?resize=300%2C188&amp;ssl=1 300w, https:\/\/i0.wp.com\/lafuente.mx\/wp-content\/uploads\/2023\/03\/INPRFM06.jpg?resize=768%2C480&amp;ssl=1 768w\" sizes=\"(max-width: 590px) 100vw, 590px\" data-recalc-dims=\"1\" \/><figcaption>Imagen INPRFM<\/figcaption><\/figure><\/div>\n\n\n<hr class=\"wp-block-separator has-text-color has-alpha-channel-opacity has-background\" style=\"background-color:#295069;color:#295069\"\/>\n\n\n\n<div class=\"wp-block-buttons is-layout-flex wp-block-buttons-is-layout-flex\">\n<div class=\"wp-block-button\"><a class=\"wp-block-button__link has-background\" href=\"https:\/\/colnal.mx\/integrantes\/ramon-de-la-fuente-muniz\/\" style=\"background-color:#355161\" target=\"_blank\" rel=\"noreferrer noopener\">M\u00e1s informaci\u00f3n<\/a><\/div>\n<\/div>\n","protected":false},"excerpt":{"rendered":"<p>31 de marzo&nbsp; \u201cEn el grado en que la salud y las enfermedades de los hombres est\u00e1n influidas por sus motivos, sus esperanzas, sus temores<\/p>\n","protected":false},"author":3,"featured_media":954,"comment_status":"closed","ping_status":"closed","sticky":false,"template":"","format":"standard","meta":{"footnotes":"","jetpack_publicize_message":"","jetpack_is_tweetstorm":false,"jetpack_publicize_feature_enabled":true},"categories":[13],"tags":[99,98,21,100,101,102,103,32],"jetpack_publicize_connections":[],"yoast_head":"<!-- This site is optimized with the Yoast SEO plugin v19.4 - https:\/\/yoast.com\/wordpress\/plugins\/seo\/ -->\n<title>D\u00eda Nacional de las y los Psiquiatras -<\/title>\n<meta name=\"description\" content=\"31 de marzo D\u00eda Nacional de las y los Psiquiatras aniversario luctuoso del Dr. Ram\u00f3n de la Fuente Mu\u00f1iz, fundador del Instituto Nacional de Psiquiatr\u00eda\" \/>\n<meta name=\"robots\" content=\"index, follow, max-snippet:-1, max-image-preview:large, max-video-preview:-1\" \/>\n<link rel=\"canonical\" href=\"https:\/\/lafuente.mx\/?p=952\" \/>\n<meta property=\"og:locale\" content=\"es_MX\" \/>\n<meta property=\"og:type\" content=\"article\" \/>\n<meta property=\"og:title\" content=\"D\u00eda Nacional de las y los Psiquiatras\" \/>\n<meta property=\"og:description\" content=\"31 de marzo D\u00eda Nacional de las y los Psiquiatras aniversario luctuoso del Dr. Ram\u00f3n de la Fuente Mu\u00f1iz, fundador del Instituto Nacional de Psiquiatr\u00eda\" \/>\n<meta property=\"og:url\" content=\"https:\/\/lafuente.mx\/?p=952\" \/>\n<meta property=\"article:published_time\" content=\"2023-03-22T16:17:19+00:00\" \/>\n<meta property=\"article:modified_time\" content=\"2023-04-03T17:46:31+00:00\" \/>\n<meta property=\"og:image\" content=\"http:\/\/lafuente.mx\/wp-content\/uploads\/2023\/03\/INPRFM06.jpg\" \/>\n\t<meta property=\"og:image:width\" content=\"800\" \/>\n\t<meta property=\"og:image:height\" content=\"500\" \/>\n\t<meta property=\"og:image:type\" content=\"image\/jpeg\" \/>\n<meta name=\"author\" content=\"Claudia Gallardo\" \/>\n<meta name=\"twitter:card\" content=\"summary_large_image\" \/>\n<meta name=\"twitter:title\" content=\"31 de marzo D\u00eda Nacional del Psiquiat\" \/>\n<meta name=\"twitter:description\" content=\"31 de marzo D\u00eda Nacional de las y los Psiquiatras aniversario luctuoso del Dr. Ram\u00f3n de la Fuente Mu\u00f1iz, fundador del Instituto Nacional de Psiquiatr\u00eda\" \/>\n<meta name=\"twitter:image\" content=\"https:\/\/i0.wp.com\/lafuente.mx\/wp-content\/uploads\/2023\/03\/INPRFM06.jpg?fit=800%2C500&ssl=1\" \/>\n<meta name=\"twitter:label1\" content=\"Escrito por\" \/>\n\t<meta name=\"twitter:data1\" content=\"Claudia Gallardo\" \/>\n\t<meta name=\"twitter:label2\" content=\"Tiempo de lectura\" \/>\n\t<meta name=\"twitter:data2\" content=\"2 minutos\" \/>\n<script type=\"application\/ld+json\" class=\"yoast-schema-graph\">{\"@context\":\"https:\/\/schema.org\",\"@graph\":[{\"@type\":\"WebSite\",\"@id\":\"https:\/\/lafuente.mx\/#website\",\"url\":\"https:\/\/lafuente.mx\/\",\"name\":\"\",\"description\":\"Informaci\u00f3n confiable sobre salud mental\",\"potentialAction\":[{\"@type\":\"SearchAction\",\"target\":{\"@type\":\"EntryPoint\",\"urlTemplate\":\"https:\/\/lafuente.mx\/?s={search_term_string}\"},\"query-input\":\"required name=search_term_string\"}],\"inLanguage\":\"es-MX\"},{\"@type\":\"WebPage\",\"@id\":\"https:\/\/lafuente.mx\/?p=952\",\"url\":\"https:\/\/lafuente.mx\/?p=952\",\"name\":\"D\u00eda Nacional de las y los Psiquiatras -\",\"isPartOf\":{\"@id\":\"https:\/\/lafuente.mx\/#website\"},\"datePublished\":\"2023-03-22T16:17:19+00:00\",\"dateModified\":\"2023-04-03T17:46:31+00:00\",\"author\":{\"@id\":\"https:\/\/lafuente.mx\/#\/schema\/person\/603f3aa8e2f6f7879021ab722d39d6b0\"},\"description\":\"31 de marzo D\u00eda Nacional de las y los Psiquiatras aniversario luctuoso del Dr. Ram\u00f3n de la Fuente Mu\u00f1iz, fundador del Instituto Nacional de Psiquiatr\u00eda\",\"breadcrumb\":{\"@id\":\"https:\/\/lafuente.mx\/?p=952#breadcrumb\"},\"inLanguage\":\"es-MX\",\"potentialAction\":[{\"@type\":\"ReadAction\",\"target\":[\"https:\/\/lafuente.mx\/?p=952\"]}]},{\"@type\":\"BreadcrumbList\",\"@id\":\"https:\/\/lafuente.mx\/?p=952#breadcrumb\",\"itemListElement\":[{\"@type\":\"ListItem\",\"position\":1,\"name\":\"Inicio\",\"item\":\"https:\/\/lafuente.mx\/\"},{\"@type\":\"ListItem\",\"position\":2,\"name\":\"D\u00eda Nacional de las y los Psiquiatras\"}]},{\"@type\":\"Person\",\"@id\":\"https:\/\/lafuente.mx\/#\/schema\/person\/603f3aa8e2f6f7879021ab722d39d6b0\",\"name\":\"Claudia Gallardo\",\"image\":{\"@type\":\"ImageObject\",\"inLanguage\":\"es-MX\",\"@id\":\"https:\/\/lafuente.mx\/#\/schema\/person\/image\/\",\"url\":\"https:\/\/secure.gravatar.com\/avatar\/bfe9c966af1ccfb9d17bcdb9d04e8815?s=96&d=mm&r=g\",\"contentUrl\":\"https:\/\/secure.gravatar.com\/avatar\/bfe9c966af1ccfb9d17bcdb9d04e8815?s=96&d=mm&r=g\",\"caption\":\"Claudia Gallardo\"},\"url\":\"https:\/\/lafuente.mx\/?author=3\"}]}<\/script>\n<!-- \/ Yoast SEO plugin. -->","yoast_head_json":{"title":"D\u00eda Nacional de las y los Psiquiatras -","description":"31 de marzo D\u00eda Nacional de las y los Psiquiatras aniversario luctuoso del Dr. Ram\u00f3n de la Fuente Mu\u00f1iz, fundador del Instituto Nacional de Psiquiatr\u00eda","robots":{"index":"index","follow":"follow","max-snippet":"max-snippet:-1","max-image-preview":"max-image-preview:large","max-video-preview":"max-video-preview:-1"},"canonical":"https:\/\/lafuente.mx\/?p=952","og_locale":"es_MX","og_type":"article","og_title":"D\u00eda Nacional de las y los Psiquiatras","og_description":"31 de marzo D\u00eda Nacional de las y los Psiquiatras aniversario luctuoso del Dr. Ram\u00f3n de la Fuente Mu\u00f1iz, fundador del Instituto Nacional de Psiquiatr\u00eda","og_url":"https:\/\/lafuente.mx\/?p=952","article_published_time":"2023-03-22T16:17:19+00:00","article_modified_time":"2023-04-03T17:46:31+00:00","og_image":[{"width":800,"height":500,"url":"http:\/\/lafuente.mx\/wp-content\/uploads\/2023\/03\/INPRFM06.jpg","type":"image\/jpeg"}],"author":"Claudia Gallardo","twitter_card":"summary_large_image","twitter_title":"31 de marzo D\u00eda Nacional del Psiquiat","twitter_description":"31 de marzo D\u00eda Nacional de las y los Psiquiatras aniversario luctuoso del Dr. Ram\u00f3n de la Fuente Mu\u00f1iz, fundador del Instituto Nacional de Psiquiatr\u00eda","twitter_image":"https:\/\/i0.wp.com\/lafuente.mx\/wp-content\/uploads\/2023\/03\/INPRFM06.jpg?fit=800%2C500&ssl=1","twitter_misc":{"Escrito por":"Claudia Gallardo","Tiempo de lectura":"2 minutos"},"schema":{"@context":"https:\/\/schema.org","@graph":[{"@type":"WebSite","@id":"https:\/\/lafuente.mx\/#website","url":"https:\/\/lafuente.mx\/","name":"","description":"Informaci\u00f3n confiable sobre salud mental","potentialAction":[{"@type":"SearchAction","target":{"@type":"EntryPoint","urlTemplate":"https:\/\/lafuente.mx\/?s={search_term_string}"},"query-input":"required name=search_term_string"}],"inLanguage":"es-MX"},{"@type":"WebPage","@id":"https:\/\/lafuente.mx\/?p=952","url":"https:\/\/lafuente.mx\/?p=952","name":"D\u00eda Nacional de las y los Psiquiatras -","isPartOf":{"@id":"https:\/\/lafuente.mx\/#website"},"datePublished":"2023-03-22T16:17:19+00:00","dateModified":"2023-04-03T17:46:31+00:00","author":{"@id":"https:\/\/lafuente.mx\/#\/schema\/person\/603f3aa8e2f6f7879021ab722d39d6b0"},"description":"31 de marzo D\u00eda Nacional de las y los Psiquiatras aniversario luctuoso del Dr. Ram\u00f3n de la Fuente Mu\u00f1iz, fundador del Instituto Nacional de Psiquiatr\u00eda","breadcrumb":{"@id":"https:\/\/lafuente.mx\/?p=952#breadcrumb"},"inLanguage":"es-MX","potentialAction":[{"@type":"ReadAction","target":["https:\/\/lafuente.mx\/?p=952"]}]},{"@type":"BreadcrumbList","@id":"https:\/\/lafuente.mx\/?p=952#breadcrumb","itemListElement":[{"@type":"ListItem","position":1,"name":"Inicio","item":"https:\/\/lafuente.mx\/"},{"@type":"ListItem","position":2,"name":"D\u00eda Nacional de las y los Psiquiatras"}]},{"@type":"Person","@id":"https:\/\/lafuente.mx\/#\/schema\/person\/603f3aa8e2f6f7879021ab722d39d6b0","name":"Claudia Gallardo","image":{"@type":"ImageObject","inLanguage":"es-MX","@id":"https:\/\/lafuente.mx\/#\/schema\/person\/image\/","url":"https:\/\/secure.gravatar.com\/avatar\/bfe9c966af1ccfb9d17bcdb9d04e8815?s=96&d=mm&r=g","contentUrl":"https:\/\/secure.gravatar.com\/avatar\/bfe9c966af1ccfb9d17bcdb9d04e8815?s=96&d=mm&r=g","caption":"Claudia Gallardo"},"url":"https:\/\/lafuente.mx\/?author=3"}]}},"jetpack_featured_media_url":"https:\/\/i0.wp.com\/lafuente.mx\/wp-content\/uploads\/2023\/03\/INPRFM06.jpg?fit=800%2C500&ssl=1","jetpack-related-posts":[{"id":3626,"url":"https:\/\/lafuente.mx\/?p=3626","url_meta":{"origin":952,"position":0},"title":"D\u00eda Nacional de la Psiquiatr\u00eda en M\u00e9xico","date":"marzo 31, 2026","format":false,"excerpt":"31 de marzo D\u00eda del Psiquiatra: comprender la mente, cuidar la vida Cada 31 de marzo, en M\u00e9xico, conmemoramos el D\u00eda del Psiquiatra, una fecha que nos invita a reconocer la labor de quienes han dedicado su vida al estudio, comprensi\u00f3n y atenci\u00f3n de la salud mental. La psiquiatr\u00eda no\u2026","rel":"","context":"En &quot;Efem\u00e9rides de Salud Mental&quot;","img":{"alt_text":"","src":"https:\/\/i0.wp.com\/lafuente.mx\/wp-content\/uploads\/2026\/03\/Escudo-hospital.jpg?fit=1200%2C797&ssl=1&resize=350%2C200","width":350,"height":200},"classes":[]},{"id":3437,"url":"https:\/\/lafuente.mx\/?p=3437","url_meta":{"origin":952,"position":1},"title":"D\u00eda Internacional del Hombre\u00a0","date":"noviembre 18, 2025","format":false,"excerpt":"19 de noviembre\u00a0 Foto INPRFM Esta fecha se conmemora desde 1992 con el prop\u00f3sito de reconocer el papel positivo de los hombres en la sociedad y promover su salud f\u00edsica y emocional.\u00a0El D\u00eda Internacional del Hombre busca tambi\u00e9n fomentar la igualdad de g\u00e9nero, la paz, la no violencia, la equidad,\u2026","rel":"","context":"En &quot;Efem\u00e9rides de Salud Mental&quot;","img":{"alt_text":"","src":"https:\/\/i0.wp.com\/lafuente.mx\/wp-content\/uploads\/2025\/10\/Fco-enriquez-scaled.jpg?fit=1200%2C1143&ssl=1&resize=350%2C200","width":350,"height":200},"classes":[]},{"id":3498,"url":"https:\/\/lafuente.mx\/?p=3498","url_meta":{"origin":952,"position":2},"title":"46\u00b0 Aniversario del Instituto Nacional de Psiquiatr\u00eda Ram\u00f3n de la Fuente Mu\u00f1iz","date":"diciembre 26, 2025","format":false,"excerpt":"Concebido por el Dr. Ram\u00f3n de la Fuente Mu\u00f1iz como un espacio para transformar la manera de comprender y atender la enfermedad mental, el Instituto Nacional de Psiquiatr\u00eda Ram\u00f3n de la Fuente Mu\u00f1iz celebra 46 a\u00f1os de historia, ciencia y compromiso social. Desde sus or\u00edgenes, el Instituto ha apostado por\u2026","rel":"","context":"En &quot;Efem\u00e9rides de Salud Mental&quot;","img":{"alt_text":"","src":"https:\/\/i0.wp.com\/lafuente.mx\/wp-content\/uploads\/2025\/12\/135560131_217238569991007_135080209465938120_n-1.jpg?fit=1082%2C417&ssl=1&resize=350%2C200","width":350,"height":200},"classes":[]},{"id":3025,"url":"https:\/\/lafuente.mx\/?p=3025","url_meta":{"origin":952,"position":3},"title":"Tema del mes: Salud cerebral","date":"julio 25, 2025","format":false,"excerpt":"JULIO En el INPRFM trabajamos cada d\u00eda para generar conocimiento, brindar atenci\u00f3n especializada y promover el bienestar mental y cerebral de la poblaci\u00f3n. Cuidar el cerebro es una tarea de todos, en todas las edades.","rel":"","context":"En &quot;T\u00f3picos de salud mental&quot;","img":{"alt_text":"","src":"https:\/\/i0.wp.com\/lafuente.mx\/wp-content\/uploads\/2025\/07\/Captura-de-pantalla-2025-07-08-a-las-12.35.47.png?fit=1200%2C702&ssl=1&resize=350%2C200","width":350,"height":200},"classes":[]},{"id":3092,"url":"https:\/\/lafuente.mx\/?p=3092","url_meta":{"origin":952,"position":4},"title":"Tema del mes: en marzo conmemoramos en M\u00e9xico, el D\u00eda Internacional de la Mujer y el D\u00eda de la y el Psiquiatra","date":"julio 14, 2025","format":false,"excerpt":"MARZO En el marco del 8 de marzo, D\u00eda Internacional de la Mujer, queremos rendir un peque\u00f1o homenaje a las psiquiatras mexicanas por su labor y reconocer plenamente su aportaci\u00f3n a la salud y bienestar social; adem\u00e1s de reflexionar sobre los avances, retos y la importancia del papel de las\u2026","rel":"","context":"En &quot;T\u00f3picos de salud mental&quot;","img":{"alt_text":"","src":"https:\/\/i0.wp.com\/lafuente.mx\/wp-content\/uploads\/2025\/07\/Captura-de-pantalla-2025-07-14-a-las-13.45.42.png?fit=1200%2C788&ssl=1&resize=350%2C200","width":350,"height":200},"classes":[]},{"id":3296,"url":"https:\/\/lafuente.mx\/?p=3296","url_meta":{"origin":952,"position":5},"title":"Tema del mes: Salud mental y uso de tecnolog\u00eda","date":"octubre 6, 2025","format":false,"excerpt":"AGOSTO Durante este mes, hablaremos sobre salud mental y el uso de tecnolog\u00eda en las personas m\u00e1s j\u00f3venes. Mentalizarte","rel":"","context":"En &quot;T\u00f3picos de salud mental&quot;","img":{"alt_text":"","src":"https:\/\/i0.wp.com\/lafuente.mx\/wp-content\/uploads\/2025\/10\/Captura-de-pantalla-2025-10-06-a-las-14.10.43.png?fit=1200%2C602&ssl=1&resize=350%2C200","width":350,"height":200},"classes":[]}],"jetpack_sharing_enabled":true,"jetpack_shortlink":"https:\/\/wp.me\/pe9WUx-fm","_links":{"self":[{"href":"https:\/\/lafuente.mx\/index.php?rest_route=\/wp\/v2\/posts\/952"}],"collection":[{"href":"https:\/\/lafuente.mx\/index.php?rest_route=\/wp\/v2\/posts"}],"about":[{"href":"https:\/\/lafuente.mx\/index.php?rest_route=\/wp\/v2\/types\/post"}],"author":[{"embeddable":true,"href":"https:\/\/lafuente.mx\/index.php?rest_route=\/wp\/v2\/users\/3"}],"replies":[{"embeddable":true,"href":"https:\/\/lafuente.mx\/index.php?rest_route=%2Fwp%2Fv2%2Fcomments&post=952"}],"version-history":[{"count":6,"href":"https:\/\/lafuente.mx\/index.php?rest_route=\/wp\/v2\/posts\/952\/revisions"}],"predecessor-version":[{"id":1016,"href":"https:\/\/lafuente.mx\/index.php?rest_route=\/wp\/v2\/posts\/952\/revisions\/1016"}],"wp:featuredmedia":[{"embeddable":true,"href":"https:\/\/lafuente.mx\/index.php?rest_route=\/wp\/v2\/media\/954"}],"wp:attachment":[{"href":"https:\/\/lafuente.mx\/index.php?rest_route=%2Fwp%2Fv2%2Fmedia&parent=952"}],"wp:term":[{"taxonomy":"category","embeddable":true,"href":"https:\/\/lafuente.mx\/index.php?rest_route=%2Fwp%2Fv2%2Fcategories&post=952"},{"taxonomy":"post_tag","embeddable":true,"href":"https:\/\/lafuente.mx\/index.php?rest_route=%2Fwp%2Fv2%2Ftags&post=952"}],"curies":[{"name":"wp","href":"https:\/\/api.w.org\/{rel}","templated":true}]}}