{"id":89,"date":"2022-07-29T19:24:17","date_gmt":"2022-07-29T19:24:17","guid":{"rendered":"https:\/\/lafuente.mx\/?p=89"},"modified":"2022-08-09T13:33:11","modified_gmt":"2022-08-09T13:33:11","slug":"que-dice-el-informe-mundial-sobre-las-drogas-2022-de-las-tendencias-de-america-latina-y-el-caribe","status":"publish","type":"post","link":"https:\/\/lafuente.mx\/?p=89","title":{"rendered":"\u00bfQu\u00e9 dice el Informe Mundial sobre las drogas 2022 de las tendencias de Am\u00e9rica Latina y el Caribe?\u00a0"},"content":{"rendered":"\n<hr class=\"wp-block-separator aligncenter has-alpha-channel-opacity is-style-wide\"\/>\n\n\n\n<p class=\"has-text-color\" style=\"color:#4c545b\">Como todos los a\u00f1os, la Oficina de las Naciones Unidas contra la Droga y el Delito (UNODC, por sus siglas en ingl\u00e9s) public\u00f3 el Informe Mundial de las Drogas 2022. El Centro de Excelencia para Informaci\u00f3n Estad\u00edstica de Gobierno, Seguridad P\u00fablica, Victimizaci\u00f3n y Justicia-UNODC-INEGI organiz\u00f3 un webinario para presentar el informe en Am\u00e9rica Latina y el Caribe, en el que Representantes de la regi\u00f3n y la Jefa del \u00c1rea de Investigaci\u00f3n y An\u00e1lisis de Tendencias resaltaron los principales hallazgos para las Am\u00e9ricas. El webinario tuvo una participaci\u00f3n de casi 600 asistentes y fue moderado por Ra\u00fal Mart\u00edn del Campo, del Instituto Nacional de Psiquiatr\u00eda de M\u00e9xico.\u00a0<\/p>\n\n\n\n<figure class=\"wp-block-gallery has-nested-images columns-default is-cropped wp-block-gallery-1 is-layout-flex wp-block-gallery-is-layout-flex\">\n<figure class=\"wp-block-image size-large\"><img decoding=\"async\" loading=\"lazy\" width=\"640\" height=\"427\" data-id=\"92\" src=\"https:\/\/i0.wp.com\/lafuente.mx\/wp-content\/uploads\/2022\/07\/Szymon-Shields-Pexels-1024x683.jpeg?resize=640%2C427&#038;ssl=1\" alt=\"\" class=\"wp-image-92\" srcset=\"https:\/\/i0.wp.com\/lafuente.mx\/wp-content\/uploads\/2022\/07\/Szymon-Shields-Pexels.jpeg?resize=1024%2C683&amp;ssl=1 1024w, https:\/\/i0.wp.com\/lafuente.mx\/wp-content\/uploads\/2022\/07\/Szymon-Shields-Pexels.jpeg?resize=300%2C200&amp;ssl=1 300w, https:\/\/i0.wp.com\/lafuente.mx\/wp-content\/uploads\/2022\/07\/Szymon-Shields-Pexels.jpeg?resize=768%2C512&amp;ssl=1 768w, https:\/\/i0.wp.com\/lafuente.mx\/wp-content\/uploads\/2022\/07\/Szymon-Shields-Pexels.jpeg?resize=1536%2C1024&amp;ssl=1 1536w, https:\/\/i0.wp.com\/lafuente.mx\/wp-content\/uploads\/2022\/07\/Szymon-Shields-Pexels.jpeg?resize=2048%2C1365&amp;ssl=1 2048w, https:\/\/i0.wp.com\/lafuente.mx\/wp-content\/uploads\/2022\/07\/Szymon-Shields-Pexels.jpeg?w=1280 1280w, https:\/\/i0.wp.com\/lafuente.mx\/wp-content\/uploads\/2022\/07\/Szymon-Shields-Pexels.jpeg?w=1920 1920w\" sizes=\"(max-width: 640px) 100vw, 640px\" data-recalc-dims=\"1\" \/><figcaption>Szymon Shields &#8211; Pexels<\/figcaption><\/figure>\n<\/figure>\n\n\n\n<p class=\"has-text-color\" style=\"color:#4c545b\">En primera instancia, Sylvie Bertrand, Representante en la Oficina Regional de UNODC para Centroam\u00e9rica y el Caribe, coment\u00f3 las diferencias entre mujeres y hombres en los patrones de consumo y en el desarrollo de los tratamientos por consumo de drogas, las vulnerabilidades espec\u00edficas de g\u00e9nero y las diferencias de acceso al tratamiento. Seg\u00fan el Informe, las mujeres presentan mayores tasas de prevalencia de uso no m\u00e9dico de sedantes y tranquilizantes.\u00a0<\/p>\n\n\n\n<p class=\"has-text-color\" style=\"color:#4c545b\">Por su parte, Antonino De Leo, Representante de UNODC para Per\u00fa y Ecuador, resalt\u00f3 los niveles r\u00e9cord de producci\u00f3n de coca\u00edna y el aumento de su consumo. Aunque la superficie de cultivo de hoja de coca se mantuvo estable, la producci\u00f3n de coca\u00edna aument\u00f3 un 11% entre 2019 y 2020 alcanzando un m\u00e1ximo hist\u00f3rico de 1982 toneladas en 2020. El tr\u00e1fico en v\u00eda mar\u00edtima est\u00e1 en aumento y casi 90% de la coca\u00edna incautada a nivel mundial en 2021 fue traficada en contenedores y\/o por mar. Las principales rutas de tr\u00e1fico contin\u00faan fluyendo desde los Andes hacia Am\u00e9rica del Norte y Europa Occidental y Oriental, aunque tambi\u00e9n se observa expansi\u00f3n del tr\u00e1fico a otras regiones como \u00c1frica y Asia.\u00a0<\/p>\n\n\n\n<hr class=\"wp-block-separator has-alpha-channel-opacity\"\/>\n\n\n\n<div class=\"wp-block-buttons is-layout-flex wp-block-buttons-is-layout-flex\">\n<div class=\"wp-block-button has-custom-font-size is-style-fill has-small-font-size\"><a class=\"wp-block-button__link has-background\" href=\"https:\/\/www.unodc.org\/mexicoandcentralamerica\/es\/webstories\/qu-dice-el-informe-mundial-sobre-las-drogas-2022-de-las-tendencias-de-amrica-latina-y-el-caribe.html  \" style=\"background-color:#04527f\">Leer el art\u00edculo completo<\/a><\/div>\n<\/div>\n","protected":false},"excerpt":{"rendered":"<p>Como todos los a\u00f1os, la Oficina de las Naciones Unidas contra la Droga y el Delito (UNODC, por sus siglas en ingl\u00e9s) public\u00f3 el Informe<\/p>\n","protected":false},"author":3,"featured_media":110,"comment_status":"closed","ping_status":"closed","sticky":false,"template":"","format":"standard","meta":{"footnotes":"","jetpack_publicize_message":"","jetpack_is_tweetstorm":false,"jetpack_publicize_feature_enabled":true},"categories":[3],"tags":[],"jetpack_publicize_connections":[],"yoast_head":"<!-- This site is optimized with the Yoast SEO plugin v19.4 - https:\/\/yoast.com\/wordpress\/plugins\/seo\/ -->\n<title>\u00bfQu\u00e9 dice el Informe Mundial sobre las drogas 2022 de las tendencias de Am\u00e9rica Latina y el Caribe?\u00a0 -<\/title>\n<meta name=\"description\" content=\"Como todos los a\u00f1os, la Oficina de las Naciones Unidas contra la Droga y el Delito (UNODC, por sus siglas en ingl\u00e9s) public\u00f3 el Informe Mundial de las Drogas 2022.\" \/>\n<meta name=\"robots\" content=\"index, follow, max-snippet:-1, max-image-preview:large, max-video-preview:-1\" \/>\n<link rel=\"canonical\" href=\"https:\/\/lafuente.mx\/?p=89\" \/>\n<meta property=\"og:locale\" content=\"es_MX\" \/>\n<meta property=\"og:type\" content=\"article\" \/>\n<meta property=\"og:title\" content=\"\u00bfQu\u00e9 dice el Informe Mundial sobre las drogas 2022 de las tendencias de Am\u00e9rica Latina y el Caribe?\u00a0\" \/>\n<meta property=\"og:description\" content=\"Como todos los a\u00f1os, la Oficina de las Naciones Unidas contra la Droga y el Delito (UNODC, por sus siglas en ingl\u00e9s) public\u00f3 el Informe Mundial de las Drogas 2022.\" \/>\n<meta property=\"og:url\" content=\"https:\/\/lafuente.mx\/?p=89\" \/>\n<meta property=\"article:published_time\" content=\"2022-07-29T19:24:17+00:00\" \/>\n<meta property=\"article:modified_time\" content=\"2022-08-09T13:33:11+00:00\" \/>\n<meta property=\"og:image\" content=\"http:\/\/lafuente.mx\/wp-content\/uploads\/2022\/07\/Szymon-Shields-Pexels-1.jpeg\" \/>\n\t<meta property=\"og:image:width\" content=\"2250\" \/>\n\t<meta property=\"og:image:height\" content=\"1500\" \/>\n\t<meta property=\"og:image:type\" content=\"image\/jpeg\" \/>\n<meta name=\"author\" content=\"Claudia Gallardo\" \/>\n<meta name=\"twitter:card\" content=\"summary_large_image\" \/>\n<meta name=\"twitter:title\" content=\"\u00bfQu\u00e9 dice el Informe Mundial sobre las drogas 2022 de las tendencias de Am\u00e9rica Latina y el Caribe?\u00a0\" \/>\n<meta name=\"twitter:description\" content=\"Como todos los a\u00f1os, la Oficina de las Naciones Unidas contra la Droga y el Delito (UNODC, por sus siglas en ingl\u00e9s) public\u00f3 el Informe Mundial de las Drogas 2022.\" \/>\n<meta name=\"twitter:image\" content=\"https:\/\/i0.wp.com\/lafuente.mx\/wp-content\/uploads\/2022\/07\/Szymon-Shields-Pexels-1.jpeg?fit=2250%2C1500&ssl=1\" \/>\n<meta name=\"twitter:label1\" content=\"Escrito por\" \/>\n\t<meta name=\"twitter:data1\" content=\"Claudia Gallardo\" \/>\n\t<meta name=\"twitter:label2\" content=\"Tiempo de lectura\" \/>\n\t<meta name=\"twitter:data2\" content=\"2 minutos\" \/>\n<script type=\"application\/ld+json\" class=\"yoast-schema-graph\">{\"@context\":\"https:\/\/schema.org\",\"@graph\":[{\"@type\":\"WebSite\",\"@id\":\"https:\/\/lafuente.mx\/#website\",\"url\":\"https:\/\/lafuente.mx\/\",\"name\":\"\",\"description\":\"Informaci\u00f3n confiable sobre salud mental\",\"potentialAction\":[{\"@type\":\"SearchAction\",\"target\":{\"@type\":\"EntryPoint\",\"urlTemplate\":\"https:\/\/lafuente.mx\/?s={search_term_string}\"},\"query-input\":\"required name=search_term_string\"}],\"inLanguage\":\"es-MX\"},{\"@type\":\"WebPage\",\"@id\":\"https:\/\/lafuente.mx\/?p=89\",\"url\":\"https:\/\/lafuente.mx\/?p=89\",\"name\":\"\u00bfQu\u00e9 dice el Informe Mundial sobre las drogas 2022 de las tendencias de Am\u00e9rica Latina y el Caribe?\u00a0 -\",\"isPartOf\":{\"@id\":\"https:\/\/lafuente.mx\/#website\"},\"datePublished\":\"2022-07-29T19:24:17+00:00\",\"dateModified\":\"2022-08-09T13:33:11+00:00\",\"author\":{\"@id\":\"https:\/\/lafuente.mx\/#\/schema\/person\/603f3aa8e2f6f7879021ab722d39d6b0\"},\"description\":\"Como todos los a\u00f1os, la Oficina de las Naciones Unidas contra la Droga y el Delito (UNODC, por sus siglas en ingl\u00e9s) public\u00f3 el Informe Mundial de las Drogas 2022.\",\"breadcrumb\":{\"@id\":\"https:\/\/lafuente.mx\/?p=89#breadcrumb\"},\"inLanguage\":\"es-MX\",\"potentialAction\":[{\"@type\":\"ReadAction\",\"target\":[\"https:\/\/lafuente.mx\/?p=89\"]}]},{\"@type\":\"BreadcrumbList\",\"@id\":\"https:\/\/lafuente.mx\/?p=89#breadcrumb\",\"itemListElement\":[{\"@type\":\"ListItem\",\"position\":1,\"name\":\"Inicio\",\"item\":\"https:\/\/lafuente.mx\/\"},{\"@type\":\"ListItem\",\"position\":2,\"name\":\"\u00bfQu\u00e9 dice el Informe Mundial sobre las drogas 2022 de las tendencias de Am\u00e9rica Latina y el Caribe?\u00a0\"}]},{\"@type\":\"Person\",\"@id\":\"https:\/\/lafuente.mx\/#\/schema\/person\/603f3aa8e2f6f7879021ab722d39d6b0\",\"name\":\"Claudia Gallardo\",\"image\":{\"@type\":\"ImageObject\",\"inLanguage\":\"es-MX\",\"@id\":\"https:\/\/lafuente.mx\/#\/schema\/person\/image\/\",\"url\":\"https:\/\/secure.gravatar.com\/avatar\/bfe9c966af1ccfb9d17bcdb9d04e8815?s=96&d=mm&r=g\",\"contentUrl\":\"https:\/\/secure.gravatar.com\/avatar\/bfe9c966af1ccfb9d17bcdb9d04e8815?s=96&d=mm&r=g\",\"caption\":\"Claudia Gallardo\"},\"url\":\"https:\/\/lafuente.mx\/?author=3\"}]}<\/script>\n<!-- \/ Yoast SEO plugin. -->","yoast_head_json":{"title":"\u00bfQu\u00e9 dice el Informe Mundial sobre las drogas 2022 de las tendencias de Am\u00e9rica Latina y el Caribe?\u00a0 -","description":"Como todos los a\u00f1os, la Oficina de las Naciones Unidas contra la Droga y el Delito (UNODC, por sus siglas en ingl\u00e9s) public\u00f3 el Informe Mundial de las Drogas 2022.","robots":{"index":"index","follow":"follow","max-snippet":"max-snippet:-1","max-image-preview":"max-image-preview:large","max-video-preview":"max-video-preview:-1"},"canonical":"https:\/\/lafuente.mx\/?p=89","og_locale":"es_MX","og_type":"article","og_title":"\u00bfQu\u00e9 dice el Informe Mundial sobre las drogas 2022 de las tendencias de Am\u00e9rica Latina y el Caribe?\u00a0","og_description":"Como todos los a\u00f1os, la Oficina de las Naciones Unidas contra la Droga y el Delito (UNODC, por sus siglas en ingl\u00e9s) public\u00f3 el Informe Mundial de las Drogas 2022.","og_url":"https:\/\/lafuente.mx\/?p=89","article_published_time":"2022-07-29T19:24:17+00:00","article_modified_time":"2022-08-09T13:33:11+00:00","og_image":[{"width":2250,"height":1500,"url":"http:\/\/lafuente.mx\/wp-content\/uploads\/2022\/07\/Szymon-Shields-Pexels-1.jpeg","type":"image\/jpeg"}],"author":"Claudia Gallardo","twitter_card":"summary_large_image","twitter_title":"\u00bfQu\u00e9 dice el Informe Mundial sobre las drogas 2022 de las tendencias de Am\u00e9rica Latina y el Caribe?\u00a0","twitter_description":"Como todos los a\u00f1os, la Oficina de las Naciones Unidas contra la Droga y el Delito (UNODC, por sus siglas en ingl\u00e9s) public\u00f3 el Informe Mundial de las Drogas 2022.","twitter_image":"https:\/\/i0.wp.com\/lafuente.mx\/wp-content\/uploads\/2022\/07\/Szymon-Shields-Pexels-1.jpeg?fit=2250%2C1500&ssl=1","twitter_misc":{"Escrito por":"Claudia Gallardo","Tiempo de lectura":"2 minutos"},"schema":{"@context":"https:\/\/schema.org","@graph":[{"@type":"WebSite","@id":"https:\/\/lafuente.mx\/#website","url":"https:\/\/lafuente.mx\/","name":"","description":"Informaci\u00f3n confiable sobre salud mental","potentialAction":[{"@type":"SearchAction","target":{"@type":"EntryPoint","urlTemplate":"https:\/\/lafuente.mx\/?s={search_term_string}"},"query-input":"required name=search_term_string"}],"inLanguage":"es-MX"},{"@type":"WebPage","@id":"https:\/\/lafuente.mx\/?p=89","url":"https:\/\/lafuente.mx\/?p=89","name":"\u00bfQu\u00e9 dice el Informe Mundial sobre las drogas 2022 de las tendencias de Am\u00e9rica Latina y el Caribe?\u00a0 -","isPartOf":{"@id":"https:\/\/lafuente.mx\/#website"},"datePublished":"2022-07-29T19:24:17+00:00","dateModified":"2022-08-09T13:33:11+00:00","author":{"@id":"https:\/\/lafuente.mx\/#\/schema\/person\/603f3aa8e2f6f7879021ab722d39d6b0"},"description":"Como todos los a\u00f1os, la Oficina de las Naciones Unidas contra la Droga y el Delito (UNODC, por sus siglas en ingl\u00e9s) public\u00f3 el Informe Mundial de las Drogas 2022.","breadcrumb":{"@id":"https:\/\/lafuente.mx\/?p=89#breadcrumb"},"inLanguage":"es-MX","potentialAction":[{"@type":"ReadAction","target":["https:\/\/lafuente.mx\/?p=89"]}]},{"@type":"BreadcrumbList","@id":"https:\/\/lafuente.mx\/?p=89#breadcrumb","itemListElement":[{"@type":"ListItem","position":1,"name":"Inicio","item":"https:\/\/lafuente.mx\/"},{"@type":"ListItem","position":2,"name":"\u00bfQu\u00e9 dice el Informe Mundial sobre las drogas 2022 de las tendencias de Am\u00e9rica Latina y el Caribe?\u00a0"}]},{"@type":"Person","@id":"https:\/\/lafuente.mx\/#\/schema\/person\/603f3aa8e2f6f7879021ab722d39d6b0","name":"Claudia Gallardo","image":{"@type":"ImageObject","inLanguage":"es-MX","@id":"https:\/\/lafuente.mx\/#\/schema\/person\/image\/","url":"https:\/\/secure.gravatar.com\/avatar\/bfe9c966af1ccfb9d17bcdb9d04e8815?s=96&d=mm&r=g","contentUrl":"https:\/\/secure.gravatar.com\/avatar\/bfe9c966af1ccfb9d17bcdb9d04e8815?s=96&d=mm&r=g","caption":"Claudia Gallardo"},"url":"https:\/\/lafuente.mx\/?author=3"}]}},"jetpack_featured_media_url":"https:\/\/i0.wp.com\/lafuente.mx\/wp-content\/uploads\/2022\/07\/Szymon-Shields-Pexels-1.jpeg?fit=2250%2C1500&ssl=1","jetpack-related-posts":[{"id":1357,"url":"https:\/\/lafuente.mx\/?p=1357","url_meta":{"origin":89,"position":0},"title":"Implicaciones del Informe Mundial de Drogas 2023: RETOS Y DESAF\u00cdOS PARA NUESTRO CONTINENTE\u00a0","date":"junio 28, 2023","format":false,"excerpt":"Grupo de Trabajo de Opioides del Seminario de Estudios sobre la Globalidad de la UNAM invita:\u00a0 Implicaciones del Informe Mundial de Drogas 2023: RETOS Y DESAF\u00cdOS PARA NUESTRO CONTINENTE\u00a0 29 de junio, 2023\u00a0 9:00 a 11:00 horas Transmisi\u00f3n en vivo @INPRFM\u00a0 Palabras de bienvenida\u00a0 Mar\u00eda Elena Medina Mora\u00a0 Presentaci\u00f3n de\u2026","rel":"","context":"En &quot;Eventos Acad\u00e9micos del INPRFM&quot;","img":{"alt_text":"","src":"https:\/\/i0.wp.com\/lafuente.mx\/wp-content\/uploads\/2023\/06\/Captura-de-Pantalla-2023-06-27-a-las-10.41.11-1.png?fit=420%2C420&ssl=1&resize=350%2C200","width":350,"height":200},"classes":[]},{"id":1513,"url":"https:\/\/lafuente.mx\/?p=1513","url_meta":{"origin":89,"position":1},"title":"Intervenciones breves en adicciones\u00a0","date":"julio 27, 2023","format":false,"excerpt":"Curso en l\u00ednea\u00a0\u00a0 Imagen INPRFM Del 21 de agosto al 23 de octubre de 2023\u00a0 Coordinadora acad\u00e9mica: Dra. Marcela Tiburcio Sainz\u00a0 Dirigido a: Profesionales de la salud y afines\u00a0 Objetivo:\u00a0 Capacitar a orientadores en la detecci\u00f3n temprana del consumo de sustancias y en la aplicaci\u00f3n de intervenciones breves para modificar\u2026","rel":"","context":"En &quot;Cursos en l\u00ednea&quot;","img":{"alt_text":"","src":"https:\/\/i0.wp.com\/lafuente.mx\/wp-content\/uploads\/2023\/07\/DSC_0017-scaled.jpg?fit=1200%2C797&ssl=1&resize=350%2C200","width":350,"height":200},"classes":[]},{"id":1187,"url":"https:\/\/lafuente.mx\/?p=1187","url_meta":{"origin":89,"position":2},"title":"Prevalencia de sintomatolog\u00eda y factores de riesgo en salud mental en M\u00e9xico: la cohorte ENCODAT 2016-17\u00a0","date":"mayo 2, 2023","format":false,"excerpt":"Por\u00a0Mar\u00eda Elena Medina Mora1,2,3\u00a0,Alma Delia Genis-Mendoza4,5,*,Jorge Ameth Villatoro Vel\u00e1zquez 1,6\u00a0, Marycarmen Bustos-Gami\u00f1o 6\u00a0, Clara Fleiz Bautista 1,6\u00a0, Beatriz Camarena 7\u00a0, Jos\u00e9 Jaime Mart\u00ednez-Maga\u00f1a 4\u00a0yHumberto Nicolini 4,*\u00a0 1\u00a0 Seminario de Estudios Globales, Facultad de Medicina, Universidad Nacional Aut\u00f3noma de M\u00e9xico (UNAM), Ciudad de M\u00e9xico 04510, M\u00e9xico\u00a0 2\u00a0 Director, Facultad de Psicolog\u00eda,\u2026","rel":"","context":"En &quot;Publicaciones&quot;","img":{"alt_text":"","src":"https:\/\/i0.wp.com\/lafuente.mx\/wp-content\/uploads\/2023\/05\/WhatsApp-Image-2023-05-15-at-10.36.19-AM.jpeg?fit=845%2C1200&ssl=1&resize=350%2C200","width":350,"height":200},"classes":[]},{"id":2385,"url":"https:\/\/lafuente.mx\/?p=2385","url_meta":{"origin":89,"position":3},"title":"D\u00eda Internacional de la Lucha contra el Uso Indebido y el Tr\u00e1fico Il\u00edcito de Drogas","date":"junio 26, 2024","format":false,"excerpt":"26 de junio En su resoluci\u00f3n 42\/112, el 7 de diciembre de 1987, la Asamblea General decidi\u00f3 celebrar el 26 de junio el D\u00eda Internacional de la Lucha contra el Uso Indebido y el Tr\u00e1fico Il\u00edcito de Drogas para mostrar su determinaci\u00f3n en reforzar la actuaci\u00f3n y la cooperaci\u00f3n para\u2026","rel":"","context":"En &quot;Efem\u00e9rides de Salud Mental&quot;","img":{"alt_text":"drugs, smoking, skull-7065395.jpg","src":"https:\/\/i0.wp.com\/lafuente.mx\/wp-content\/uploads\/2024\/06\/drugs-smoking-skull-7065395-edited.jpg?fit=753%2C822&ssl=1&resize=350%2C200","width":350,"height":200},"classes":[]},{"id":1127,"url":"https:\/\/lafuente.mx\/?p=1127","url_meta":{"origin":89,"position":4},"title":"Por cuestiones socioculturales, el acceso a tratamiento contra las adicciones es menor para las mujeres: Mar\u00eda Elena Medina-Mora","date":"abril 17, 2023","format":false,"excerpt":"La vulnerabilidad de la mujer frente a los efectos del consumo de sustancias nocivas fue el tema de una nueva sesi\u00f3n del Seminario de Estudios sobre la Globalidad-UNAM. Grupo de trabajo de opioides. Facultad de Medicina-UNAM-INPRFM, coordinado por la colegiada Mar\u00eda Elena Medina-Mora.\u00a0 Retos para las pol\u00edticas p\u00fablicas en la\u2026","rel":"","context":"En &quot;Noticias&quot;","img":{"alt_text":"epidemic, disease, coronavirus-5082507.jpg","src":"https:\/\/i0.wp.com\/lafuente.mx\/wp-content\/uploads\/2023\/04\/epidemic-disease-coronavirus-5082507-edited.jpg?fit=853%2C529&ssl=1&resize=350%2C200","width":350,"height":200},"classes":[]},{"id":968,"url":"https:\/\/lafuente.mx\/?p=968","url_meta":{"origin":89,"position":5},"title":"Intervenci\u00f3n para prevenci\u00f3n de adicciones en j\u00f3venes \u00a0","date":"marzo 24, 2023","format":false,"excerpt":"Del 10 de abril al 19 de mayo, 2023\u00a0 Coordinadora acad\u00e9mica: Dra. Patricia Fuentes de Iturbe \u00a0 Dirigido a: Profesionales de la salud, educaci\u00f3n y afines \u00a0 Objetivo: Capacitar en el manejo de una intervenci\u00f3n preventiva para aumentar la percepci\u00f3n de riesgo de uso de sustancias y fortalecer habilidades para\u2026","rel":"","context":"En &quot;Cursos en l\u00ednea&quot;","img":{"alt_text":"","src":"https:\/\/i0.wp.com\/lafuente.mx\/wp-content\/uploads\/2023\/03\/Captura-de-Pantalla-2023-03-23-a-las-12.26.58.png?fit=1200%2C1062&ssl=1&resize=350%2C200","width":350,"height":200},"classes":[]}],"jetpack_sharing_enabled":true,"jetpack_shortlink":"https:\/\/wp.me\/pe9WUx-1r","_links":{"self":[{"href":"https:\/\/lafuente.mx\/index.php?rest_route=\/wp\/v2\/posts\/89"}],"collection":[{"href":"https:\/\/lafuente.mx\/index.php?rest_route=\/wp\/v2\/posts"}],"about":[{"href":"https:\/\/lafuente.mx\/index.php?rest_route=\/wp\/v2\/types\/post"}],"author":[{"embeddable":true,"href":"https:\/\/lafuente.mx\/index.php?rest_route=\/wp\/v2\/users\/3"}],"replies":[{"embeddable":true,"href":"https:\/\/lafuente.mx\/index.php?rest_route=%2Fwp%2Fv2%2Fcomments&post=89"}],"version-history":[{"count":4,"href":"https:\/\/lafuente.mx\/index.php?rest_route=\/wp\/v2\/posts\/89\/revisions"}],"predecessor-version":[{"id":186,"href":"https:\/\/lafuente.mx\/index.php?rest_route=\/wp\/v2\/posts\/89\/revisions\/186"}],"wp:featuredmedia":[{"embeddable":true,"href":"https:\/\/lafuente.mx\/index.php?rest_route=\/wp\/v2\/media\/110"}],"wp:attachment":[{"href":"https:\/\/lafuente.mx\/index.php?rest_route=%2Fwp%2Fv2%2Fmedia&parent=89"}],"wp:term":[{"taxonomy":"category","embeddable":true,"href":"https:\/\/lafuente.mx\/index.php?rest_route=%2Fwp%2Fv2%2Fcategories&post=89"},{"taxonomy":"post_tag","embeddable":true,"href":"https:\/\/lafuente.mx\/index.php?rest_route=%2Fwp%2Fv2%2Ftags&post=89"}],"curies":[{"name":"wp","href":"https:\/\/api.w.org\/{rel}","templated":true}]}}