{"id":847,"date":"2023-02-28T20:35:35","date_gmt":"2023-02-28T20:35:35","guid":{"rendered":"https:\/\/lafuente.mx\/?p=847"},"modified":"2023-02-28T20:35:37","modified_gmt":"2023-02-28T20:35:37","slug":"borrador-automatico-programa-de-prevencion-en-salud-mental-y-adicciones","status":"publish","type":"post","link":"https:\/\/lafuente.mx\/?p=847","title":{"rendered":"Programa de prevenci\u00f3n en salud mental y adicciones"},"content":{"rendered":"\n<p class=\"has-text-color has-large-font-size\" style=\"color:#6e6380\"><strong>&nbsp;Gu\u00eda de aplicaci\u00f3n&nbsp;<\/strong><\/p>\n\n\n\n<hr class=\"wp-block-separator has-text-color has-vivid-purple-color has-alpha-channel-opacity has-vivid-purple-background-color has-background\"\/>\n\n\n\n<p class=\"has-text-align-center has-vivid-purple-color has-text-color has-medium-font-size\"><strong>Mondrag\u00f3n R., Soto, I., Ca\u00f1as, V. &amp; Villatoro, J. <\/strong><\/p>\n\n\n\n<p class=\"has-text-align-center has-vivid-purple-color has-text-color has-medium-font-size\"><strong><em>2019\u00a0<\/em><\/strong><\/p>\n\n\n\n<hr class=\"wp-block-separator has-text-color has-vivid-purple-color has-alpha-channel-opacity has-vivid-purple-background-color has-background\"\/>\n\n\n\n<p class=\"has-text-color has-medium-font-size\" style=\"color:#453f59\">Esta gu\u00eda intenta ayudar al maestro o cuidador de nuestros adolescentes para aprovechar de la manera m\u00e1s optima el material del programa <strong>\u201cExplora H\u201d<\/strong> una intervenci\u00f3n dirigida a adolescentes de 10-15 a\u00f1os y sus responsables de crianza.\u00a0\u00a0<\/p>\n\n\n<div class=\"wp-block-image\">\n<figure class=\"aligncenter size-large is-resized\"><img decoding=\"async\" loading=\"lazy\" src=\"https:\/\/i0.wp.com\/lafuente.mx\/wp-content\/uploads\/2023\/02\/Captura-de-Pantalla-2023-02-28-a-las-14.17.05-770x1024.png?resize=393%2C523&#038;ssl=1\" alt=\"\" class=\"wp-image-849\" width=\"393\" height=\"523\" srcset=\"https:\/\/i0.wp.com\/lafuente.mx\/wp-content\/uploads\/2023\/02\/Captura-de-Pantalla-2023-02-28-a-las-14.17.05.png?resize=770%2C1024&amp;ssl=1 770w, https:\/\/i0.wp.com\/lafuente.mx\/wp-content\/uploads\/2023\/02\/Captura-de-Pantalla-2023-02-28-a-las-14.17.05.png?resize=226%2C300&amp;ssl=1 226w, https:\/\/i0.wp.com\/lafuente.mx\/wp-content\/uploads\/2023\/02\/Captura-de-Pantalla-2023-02-28-a-las-14.17.05.png?resize=768%2C1021&amp;ssl=1 768w, https:\/\/i0.wp.com\/lafuente.mx\/wp-content\/uploads\/2023\/02\/Captura-de-Pantalla-2023-02-28-a-las-14.17.05.png?resize=1155%2C1536&amp;ssl=1 1155w, https:\/\/i0.wp.com\/lafuente.mx\/wp-content\/uploads\/2023\/02\/Captura-de-Pantalla-2023-02-28-a-las-14.17.05.png?w=1190&amp;ssl=1 1190w\" sizes=\"(max-width: 393px) 100vw, 393px\" data-recalc-dims=\"1\" \/><\/figure><\/div>\n\n\n<p>El programa \u201cExplora H\u201d integra una visi\u00f3n general sobre el fortalecimiento de las habilidades socioemocionales y de crianza para prevenir adicciones y otros problemas de salud mental que pueden experimentar los adolescentes.&nbsp;&nbsp;<\/p>\n\n\n\n<p>Para aplicar el programa \u201cExplora H\u201d el maestro, personal de prevenci\u00f3n o cuidador interesado, puede tomar el camino corto revisando una gu\u00eda breve de \u201cExplora H\u201d que se encuentra disponible en el siguiente enlace <a href=\"http:\/\/www.uade.inpsiquiatria.edu.mx\/explora\/Gu%C3%ADa%20de%20aplicaci%C3%B3n%20ExploraH.pdf\" target=\"_blank\" rel=\"noreferrer noopener\">http:\/\/www.uade.inpsiquiatria.edu.mx\/explora\/Gu%C3%ADa%20de%20aplicaci%C3%B3n%20ExploraH.pdf<\/a>\u00a0 <br>o bien dar una revisi\u00f3n m\u00e1s amplia sobre las habilidades socioemocionales y de crianza consultando el presente material.\u00a0\u00a0<\/p>\n\n\n\n<p>En esta gu\u00eda, iniciamos con un breve resumen sobre lo que es la adolescencia, las habilidades socioemocionales y las habilidades de crianza. Posteriormente, se presenta la estructura general del programa y las consideraciones generales para su aplicaci\u00f3n. Subsecuentemente, se presenta el desarrollo de cada m\u00f3dulo que conforma \u201cExplora H\u201d y culmina con un compendio de informaci\u00f3n sobre cada una de las habilidades que se trabajan durante el programa, con la finalidad de que los interesados puedan tener una base extra para aplicar el programa.\u00a0<\/p>\n\n\n<div class=\"wp-block-image\">\n<figure class=\"aligncenter size-large is-resized\"><img decoding=\"async\" loading=\"lazy\" src=\"https:\/\/i0.wp.com\/lafuente.mx\/wp-content\/uploads\/2023\/02\/Captura-de-Pantalla-2023-02-28-a-las-14.28.15-1015x1024.png?resize=327%2C329&#038;ssl=1\" alt=\"\" class=\"wp-image-850\" width=\"327\" height=\"329\" srcset=\"https:\/\/i0.wp.com\/lafuente.mx\/wp-content\/uploads\/2023\/02\/Captura-de-Pantalla-2023-02-28-a-las-14.28.15.png?resize=1015%2C1024&amp;ssl=1 1015w, https:\/\/i0.wp.com\/lafuente.mx\/wp-content\/uploads\/2023\/02\/Captura-de-Pantalla-2023-02-28-a-las-14.28.15.png?resize=297%2C300&amp;ssl=1 297w, https:\/\/i0.wp.com\/lafuente.mx\/wp-content\/uploads\/2023\/02\/Captura-de-Pantalla-2023-02-28-a-las-14.28.15.png?resize=150%2C150&amp;ssl=1 150w, https:\/\/i0.wp.com\/lafuente.mx\/wp-content\/uploads\/2023\/02\/Captura-de-Pantalla-2023-02-28-a-las-14.28.15.png?resize=768%2C775&amp;ssl=1 768w, https:\/\/i0.wp.com\/lafuente.mx\/wp-content\/uploads\/2023\/02\/Captura-de-Pantalla-2023-02-28-a-las-14.28.15.png?resize=1522%2C1536&amp;ssl=1 1522w, https:\/\/i0.wp.com\/lafuente.mx\/wp-content\/uploads\/2023\/02\/Captura-de-Pantalla-2023-02-28-a-las-14.28.15.png?w=1576&amp;ssl=1 1576w, https:\/\/i0.wp.com\/lafuente.mx\/wp-content\/uploads\/2023\/02\/Captura-de-Pantalla-2023-02-28-a-las-14.28.15.png?w=1280 1280w\" sizes=\"(max-width: 327px) 100vw, 327px\" data-recalc-dims=\"1\" \/><\/figure><\/div>\n\n\n<hr class=\"wp-block-separator has-text-color has-vivid-purple-color has-alpha-channel-opacity has-vivid-purple-background-color has-background is-style-wide\"\/>\n\n\n\n<div class=\"wp-block-buttons is-layout-flex wp-block-buttons-is-layout-flex\">\n<div class=\"wp-block-button\"><a class=\"wp-block-button__link has-vivid-purple-background-color has-background\" href=\"http:\/\/www.uade.inpsiquiatria.edu.mx\/explora\/Gu%C3%ADa_ExploraH_2019.pdf\" target=\"_blank\" rel=\"noreferrer noopener\">M\u00e1s informaci\u00f3n<\/a><\/div>\n<\/div>\n\n\n\n<p><strong>\u00a0<\/strong>\u00a0<\/p>\n","protected":false},"excerpt":{"rendered":"<p>&nbsp;Gu\u00eda de aplicaci\u00f3n&nbsp; Mondrag\u00f3n R., Soto, I., Ca\u00f1as, V. &amp; Villatoro, J. 2019\u00a0 Esta gu\u00eda intenta ayudar al maestro o cuidador de nuestros adolescentes para<\/p>\n","protected":false},"author":3,"featured_media":851,"comment_status":"closed","ping_status":"closed","sticky":false,"template":"","format":"standard","meta":{"footnotes":"","jetpack_publicize_message":"","jetpack_is_tweetstorm":false,"jetpack_publicize_feature_enabled":true},"categories":[10],"tags":[19,64,65,45,63,32],"jetpack_publicize_connections":[],"yoast_head":"<!-- This site is optimized with the Yoast SEO plugin v19.4 - https:\/\/yoast.com\/wordpress\/plugins\/seo\/ -->\n<title>Programa de prevenci\u00f3n en salud mental y adicciones -<\/title>\n<meta name=\"description\" content=\"Programa de prevenci\u00f3n en salud mental y adicciones Explora Gu\u00eda de aplicaci\u00f3n El programa \u201cExplora H\u201d integra una visi\u00f3n general sobre el fortalecimiento de las habilidades socioemocionales y de crianza para prevenir adicciones y otros problemas de salud mental que pueden experimentar los adolescentes.\u00a0\u00a0\" \/>\n<meta name=\"robots\" content=\"index, follow, max-snippet:-1, max-image-preview:large, max-video-preview:-1\" \/>\n<link rel=\"canonical\" href=\"https:\/\/lafuente.mx\/?p=847\" \/>\n<meta property=\"og:locale\" content=\"es_MX\" \/>\n<meta property=\"og:type\" content=\"article\" \/>\n<meta property=\"og:title\" content=\"Programa de prevenci\u00f3n en salud mental y adicciones\" \/>\n<meta property=\"og:description\" content=\"El programa \u201cExplora H\u201d integra una visi\u00f3n general sobre el fortalecimiento de las habilidades socioemocionales y de crianza para prevenir adicciones y otros problemas de salud mental que pueden experimentar los adolescentes\" \/>\n<meta property=\"og:url\" content=\"https:\/\/lafuente.mx\/?p=847\" \/>\n<meta property=\"article:published_time\" content=\"2023-02-28T20:35:35+00:00\" \/>\n<meta property=\"article:modified_time\" content=\"2023-02-28T20:35:37+00:00\" \/>\n<meta property=\"og:image\" content=\"http:\/\/lafuente.mx\/wp-content\/uploads\/2023\/02\/Captura-de-Pantalla-2023-02-28-a-las-14.29.27-1020x1024.png\" \/>\n\t<meta property=\"og:image:width\" content=\"1020\" \/>\n\t<meta property=\"og:image:height\" content=\"1024\" \/>\n\t<meta property=\"og:image:type\" content=\"image\/png\" \/>\n<meta name=\"author\" content=\"Claudia Gallardo\" \/>\n<meta name=\"twitter:card\" content=\"summary_large_image\" \/>\n<meta name=\"twitter:title\" content=\"Programa de prevenci\u00f3n en salud mental y adicciones\" \/>\n<meta name=\"twitter:description\" content=\"El programa \u201cExplora H\u201d integra una visi\u00f3n general sobre el fortalecimiento de las habilidades socioemocionales y de crianza para prevenir adicciones y otros problemas de salud mental que pueden experimentar los adolescentes\" \/>\n<meta name=\"twitter:image\" content=\"https:\/\/i0.wp.com\/lafuente.mx\/wp-content\/uploads\/2023\/02\/Captura-de-Pantalla-2023-02-28-a-las-14.29.27-e1677616446297.png?fit=800%2C586&ssl=1\" \/>\n<meta name=\"twitter:label1\" content=\"Escrito por\" \/>\n\t<meta name=\"twitter:data1\" content=\"Claudia Gallardo\" \/>\n\t<meta name=\"twitter:label2\" content=\"Tiempo de lectura\" \/>\n\t<meta name=\"twitter:data2\" content=\"2 minutos\" \/>\n<script type=\"application\/ld+json\" class=\"yoast-schema-graph\">{\"@context\":\"https:\/\/schema.org\",\"@graph\":[{\"@type\":\"WebSite\",\"@id\":\"https:\/\/lafuente.mx\/#website\",\"url\":\"https:\/\/lafuente.mx\/\",\"name\":\"\",\"description\":\"Informaci\u00f3n confiable sobre salud mental\",\"potentialAction\":[{\"@type\":\"SearchAction\",\"target\":{\"@type\":\"EntryPoint\",\"urlTemplate\":\"https:\/\/lafuente.mx\/?s={search_term_string}\"},\"query-input\":\"required name=search_term_string\"}],\"inLanguage\":\"es-MX\"},{\"@type\":\"WebPage\",\"@id\":\"https:\/\/lafuente.mx\/?p=847\",\"url\":\"https:\/\/lafuente.mx\/?p=847\",\"name\":\"Programa de prevenci\u00f3n en salud mental y adicciones -\",\"isPartOf\":{\"@id\":\"https:\/\/lafuente.mx\/#website\"},\"datePublished\":\"2023-02-28T20:35:35+00:00\",\"dateModified\":\"2023-02-28T20:35:37+00:00\",\"author\":{\"@id\":\"https:\/\/lafuente.mx\/#\/schema\/person\/603f3aa8e2f6f7879021ab722d39d6b0\"},\"description\":\"Programa de prevenci\u00f3n en salud mental y adicciones Explora Gu\u00eda de aplicaci\u00f3n El programa \u201cExplora H\u201d integra una visi\u00f3n general sobre el fortalecimiento de las habilidades socioemocionales y de crianza para prevenir adicciones y otros problemas de salud mental que pueden experimentar los adolescentes.\u00a0\u00a0\",\"breadcrumb\":{\"@id\":\"https:\/\/lafuente.mx\/?p=847#breadcrumb\"},\"inLanguage\":\"es-MX\",\"potentialAction\":[{\"@type\":\"ReadAction\",\"target\":[\"https:\/\/lafuente.mx\/?p=847\"]}]},{\"@type\":\"BreadcrumbList\",\"@id\":\"https:\/\/lafuente.mx\/?p=847#breadcrumb\",\"itemListElement\":[{\"@type\":\"ListItem\",\"position\":1,\"name\":\"Inicio\",\"item\":\"https:\/\/lafuente.mx\/\"},{\"@type\":\"ListItem\",\"position\":2,\"name\":\"Programa de prevenci\u00f3n en salud mental y adicciones\"}]},{\"@type\":\"Person\",\"@id\":\"https:\/\/lafuente.mx\/#\/schema\/person\/603f3aa8e2f6f7879021ab722d39d6b0\",\"name\":\"Claudia Gallardo\",\"image\":{\"@type\":\"ImageObject\",\"inLanguage\":\"es-MX\",\"@id\":\"https:\/\/lafuente.mx\/#\/schema\/person\/image\/\",\"url\":\"https:\/\/secure.gravatar.com\/avatar\/bfe9c966af1ccfb9d17bcdb9d04e8815?s=96&d=mm&r=g\",\"contentUrl\":\"https:\/\/secure.gravatar.com\/avatar\/bfe9c966af1ccfb9d17bcdb9d04e8815?s=96&d=mm&r=g\",\"caption\":\"Claudia Gallardo\"},\"url\":\"https:\/\/lafuente.mx\/?author=3\"}]}<\/script>\n<!-- \/ Yoast SEO plugin. -->","yoast_head_json":{"title":"Programa de prevenci\u00f3n en salud mental y adicciones -","description":"Programa de prevenci\u00f3n en salud mental y adicciones Explora Gu\u00eda de aplicaci\u00f3n El programa \u201cExplora H\u201d integra una visi\u00f3n general sobre el fortalecimiento de las habilidades socioemocionales y de crianza para prevenir adicciones y otros problemas de salud mental que pueden experimentar los adolescentes.\u00a0\u00a0","robots":{"index":"index","follow":"follow","max-snippet":"max-snippet:-1","max-image-preview":"max-image-preview:large","max-video-preview":"max-video-preview:-1"},"canonical":"https:\/\/lafuente.mx\/?p=847","og_locale":"es_MX","og_type":"article","og_title":"Programa de prevenci\u00f3n en salud mental y adicciones","og_description":"El programa \u201cExplora H\u201d integra una visi\u00f3n general sobre el fortalecimiento de las habilidades socioemocionales y de crianza para prevenir adicciones y otros problemas de salud mental que pueden experimentar los adolescentes","og_url":"https:\/\/lafuente.mx\/?p=847","article_published_time":"2023-02-28T20:35:35+00:00","article_modified_time":"2023-02-28T20:35:37+00:00","og_image":[{"width":1020,"height":1024,"url":"http:\/\/lafuente.mx\/wp-content\/uploads\/2023\/02\/Captura-de-Pantalla-2023-02-28-a-las-14.29.27-1020x1024.png","type":"image\/png"}],"author":"Claudia Gallardo","twitter_card":"summary_large_image","twitter_title":"Programa de prevenci\u00f3n en salud mental y adicciones","twitter_description":"El programa \u201cExplora H\u201d integra una visi\u00f3n general sobre el fortalecimiento de las habilidades socioemocionales y de crianza para prevenir adicciones y otros problemas de salud mental que pueden experimentar los adolescentes","twitter_image":"https:\/\/i0.wp.com\/lafuente.mx\/wp-content\/uploads\/2023\/02\/Captura-de-Pantalla-2023-02-28-a-las-14.29.27-e1677616446297.png?fit=800%2C586&ssl=1","twitter_misc":{"Escrito por":"Claudia Gallardo","Tiempo de lectura":"2 minutos"},"schema":{"@context":"https:\/\/schema.org","@graph":[{"@type":"WebSite","@id":"https:\/\/lafuente.mx\/#website","url":"https:\/\/lafuente.mx\/","name":"","description":"Informaci\u00f3n confiable sobre salud mental","potentialAction":[{"@type":"SearchAction","target":{"@type":"EntryPoint","urlTemplate":"https:\/\/lafuente.mx\/?s={search_term_string}"},"query-input":"required name=search_term_string"}],"inLanguage":"es-MX"},{"@type":"WebPage","@id":"https:\/\/lafuente.mx\/?p=847","url":"https:\/\/lafuente.mx\/?p=847","name":"Programa de prevenci\u00f3n en salud mental y adicciones -","isPartOf":{"@id":"https:\/\/lafuente.mx\/#website"},"datePublished":"2023-02-28T20:35:35+00:00","dateModified":"2023-02-28T20:35:37+00:00","author":{"@id":"https:\/\/lafuente.mx\/#\/schema\/person\/603f3aa8e2f6f7879021ab722d39d6b0"},"description":"Programa de prevenci\u00f3n en salud mental y adicciones Explora Gu\u00eda de aplicaci\u00f3n El programa \u201cExplora H\u201d integra una visi\u00f3n general sobre el fortalecimiento de las habilidades socioemocionales y de crianza para prevenir adicciones y otros problemas de salud mental que pueden experimentar los adolescentes.\u00a0\u00a0","breadcrumb":{"@id":"https:\/\/lafuente.mx\/?p=847#breadcrumb"},"inLanguage":"es-MX","potentialAction":[{"@type":"ReadAction","target":["https:\/\/lafuente.mx\/?p=847"]}]},{"@type":"BreadcrumbList","@id":"https:\/\/lafuente.mx\/?p=847#breadcrumb","itemListElement":[{"@type":"ListItem","position":1,"name":"Inicio","item":"https:\/\/lafuente.mx\/"},{"@type":"ListItem","position":2,"name":"Programa de prevenci\u00f3n en salud mental y adicciones"}]},{"@type":"Person","@id":"https:\/\/lafuente.mx\/#\/schema\/person\/603f3aa8e2f6f7879021ab722d39d6b0","name":"Claudia Gallardo","image":{"@type":"ImageObject","inLanguage":"es-MX","@id":"https:\/\/lafuente.mx\/#\/schema\/person\/image\/","url":"https:\/\/secure.gravatar.com\/avatar\/bfe9c966af1ccfb9d17bcdb9d04e8815?s=96&d=mm&r=g","contentUrl":"https:\/\/secure.gravatar.com\/avatar\/bfe9c966af1ccfb9d17bcdb9d04e8815?s=96&d=mm&r=g","caption":"Claudia Gallardo"},"url":"https:\/\/lafuente.mx\/?author=3"}]}},"jetpack_featured_media_url":"https:\/\/i0.wp.com\/lafuente.mx\/wp-content\/uploads\/2023\/02\/Captura-de-Pantalla-2023-02-28-a-las-14.29.27-e1677616446297.png?fit=800%2C586&ssl=1","jetpack-related-posts":[{"id":1814,"url":"https:\/\/lafuente.mx\/?p=1814","url_meta":{"origin":847,"position":0},"title":"Programa Nacional de Prevenci\u00f3n del Suicidio: C\u00f3digo 100\u00a0","date":"octubre 27, 2023","format":false,"excerpt":"Presentaci\u00f3n acerca de las diferentes acciones que implica codificar el comportamiento suicida.\u00a0 El C\u00f3digo 100 es una un sistema de apoyo a la toma de decisiones cl\u00ednicas en\u00a0el comportamiento suicida en hospitales generales o centros de atenci\u00f3n\u00a0dentro de las redes integradas del sistema de salud (RISS).\u00a0 Permite equiparar la atenci\u00f3n\u2026","rel":"","context":"En &quot;Informaci\u00f3n de inter\u00e9s&quot;","img":{"alt_text":"","src":"https:\/\/i0.wp.com\/lafuente.mx\/wp-content\/uploads\/2023\/10\/cita-psicologo2-scaled.jpg?fit=1200%2C747&ssl=1&resize=350%2C200","width":350,"height":200},"classes":[]},{"id":1283,"url":"https:\/\/lafuente.mx\/?p=1283","url_meta":{"origin":847,"position":1},"title":"Se crea Comisi\u00f3n Nacional de Salud Mental y Adicciones por decreto publicado en el DOF\u00a0","date":"junio 9, 2023","format":false,"excerpt":"Fusiona atribuciones de las tres instancias rectoras en la materia\u00a0 Secretar\u00eda de Salud | 29 de mayo de 2023 | Nacional\u00a0 Con el objetivo de promover la salud mental y el bienestar integral de la poblaci\u00f3n, se public\u00f3 en el Diario Oficial de la Federaci\u00f3n (DOF) el decreto por el\u2026","rel":"","context":"En &quot;Noticias&quot;","img":{"alt_text":"","src":"https:\/\/i0.wp.com\/lafuente.mx\/wp-content\/uploads\/2023\/06\/secratrio-Salud.jpeg?fit=1200%2C800&ssl=1&resize=350%2C200","width":350,"height":200},"classes":[]},{"id":3225,"url":"https:\/\/lafuente.mx\/?p=3225","url_meta":{"origin":847,"position":2},"title":"Mentalizarte","date":"septiembre 1, 2025","format":false,"excerpt":"Durante septiembre en Mentalizarte hablaremos sobre Prevenci\u00f3n del suicidio MENTALIZARTE es el proyecto de difusi\u00f3n en temas de salud mental del Instituto Nacional de Psiquiatr\u00eda Ram\u00f3n de la Fuente Mu\u00f1iz (INPRFM). Tiene el objetivo de informar sobre los s\u00edntomas de los diferentes trastornos mentales, difundir que pedir ayuda no es\u2026","rel":"","context":"En &quot;Informaci\u00f3n de inter\u00e9s&quot;","img":{"alt_text":"","src":"https:\/\/i0.wp.com\/lafuente.mx\/wp-content\/uploads\/2025\/09\/WhatsApp-Image-2025-09-01-at-11.08.40-AM.jpeg?fit=655%2C379&ssl=1&resize=350%2C200","width":350,"height":200},"classes":[]},{"id":1691,"url":"https:\/\/lafuente.mx\/?p=1691","url_meta":{"origin":847,"position":3},"title":"Cuadernillo b\u00e1sico para la prevenci\u00f3n del suicidio\u00a0","date":"septiembre 10, 2023","format":false,"excerpt":"El presente cuadernillo tiene como prop\u00f3sito ofrecer conocimientos y habilidades b\u00e1sicos para la prevenci\u00f3n del suicidio en la poblaci\u00f3n general. Si bien es fundamental reconocer que el suicidio, como problema de salud p\u00fablica, requiere la intervenci\u00f3n de profesionales de la salud mental a trav\u00e9s de un enfoque cl\u00ednico-terap\u00e9utico, la participaci\u00f3n\u2026","rel":"","context":"En &quot;Publicaciones&quot;","img":{"alt_text":"","src":"https:\/\/i0.wp.com\/lafuente.mx\/wp-content\/uploads\/2023\/09\/Captura-de-Pantalla-2023-09-08-a-las-14.33.59.png?fit=936%2C1200&ssl=1&resize=350%2C200","width":350,"height":200},"classes":[]},{"id":2518,"url":"https:\/\/lafuente.mx\/?p=2518","url_meta":{"origin":847,"position":4},"title":"Prevenci\u00f3n de suicidio en poblaci\u00f3n LGBTI+","date":"septiembre 2, 2024","format":false,"excerpt":"CONFERENCIA 10 de cada mes Septiembre 12:00 horas Hablemos de Salud Mental PonentesEmmanuel Sarmiento Hern\u00e1ndezHamid Vega Ram\u00edrez MENTALIZARTE es el proyecto de difusi\u00f3n en temas de salud mental del Instituto Nacional de Psiquiatr\u00eda Ram\u00f3n de la Fuente Mu\u00f1iz (INPRFM). Por Facebook","rel":"","context":"En &quot;Eventos Acad\u00e9micos del INPRFM&quot;","img":{"alt_text":"","src":"https:\/\/i0.wp.com\/lafuente.mx\/wp-content\/uploads\/2024\/09\/WhatsApp-Image-2024-09-02-at-11.48.42-AM.jpeg?fit=1200%2C900&ssl=1&resize=350%2C200","width":350,"height":200},"classes":[]},{"id":3234,"url":"https:\/\/lafuente.mx\/?p=3234","url_meta":{"origin":847,"position":5},"title":"D\u00eda Mundial para la Prevenci\u00f3n del Suicidio","date":"septiembre 10, 2025","format":false,"excerpt":"10 de septiembre El D\u00eda Mundial para la Prevenci\u00f3n del Suicidio, que se celebra cada 10 de septiembre, es una iniciativa global liderada por la Asociaci\u00f3n Internacional para la Prevenci\u00f3n del Suicidio (IASP) con el apoyo de la Organizaci\u00f3n Mundial de la Salud (OMS). Su objetivo es concienciar, reducir el\u2026","rel":"","context":"En &quot;Efem\u00e9rides de Salud Mental&quot;","img":{"alt_text":"red rose near rail, remembering all victims, of suicide on rail, condolence, humble, loving memory, you are not forgotten, outdoor, humble, humble, humble, humble, humble-3663515.jpg","src":"https:\/\/i0.wp.com\/lafuente.mx\/wp-content\/uploads\/2025\/09\/red-rose-near-rail-remembering-all-victims-of-suicide-on-rail-condolence-humble-loving-memory-you-are-not-forgotten-outdoor-humble-humble-humble-humble-humble-3663515.jpg?fit=1200%2C800&ssl=1&resize=350%2C200","width":350,"height":200},"classes":[]}],"jetpack_sharing_enabled":true,"jetpack_shortlink":"https:\/\/wp.me\/pe9WUx-dF","_links":{"self":[{"href":"https:\/\/lafuente.mx\/index.php?rest_route=\/wp\/v2\/posts\/847"}],"collection":[{"href":"https:\/\/lafuente.mx\/index.php?rest_route=\/wp\/v2\/posts"}],"about":[{"href":"https:\/\/lafuente.mx\/index.php?rest_route=\/wp\/v2\/types\/post"}],"author":[{"embeddable":true,"href":"https:\/\/lafuente.mx\/index.php?rest_route=\/wp\/v2\/users\/3"}],"replies":[{"embeddable":true,"href":"https:\/\/lafuente.mx\/index.php?rest_route=%2Fwp%2Fv2%2Fcomments&post=847"}],"version-history":[{"count":2,"href":"https:\/\/lafuente.mx\/index.php?rest_route=\/wp\/v2\/posts\/847\/revisions"}],"predecessor-version":[{"id":852,"href":"https:\/\/lafuente.mx\/index.php?rest_route=\/wp\/v2\/posts\/847\/revisions\/852"}],"wp:featuredmedia":[{"embeddable":true,"href":"https:\/\/lafuente.mx\/index.php?rest_route=\/wp\/v2\/media\/851"}],"wp:attachment":[{"href":"https:\/\/lafuente.mx\/index.php?rest_route=%2Fwp%2Fv2%2Fmedia&parent=847"}],"wp:term":[{"taxonomy":"category","embeddable":true,"href":"https:\/\/lafuente.mx\/index.php?rest_route=%2Fwp%2Fv2%2Fcategories&post=847"},{"taxonomy":"post_tag","embeddable":true,"href":"https:\/\/lafuente.mx\/index.php?rest_route=%2Fwp%2Fv2%2Ftags&post=847"}],"curies":[{"name":"wp","href":"https:\/\/api.w.org\/{rel}","templated":true}]}}