{"id":845,"date":"2023-03-01T08:15:00","date_gmt":"2023-03-01T08:15:00","guid":{"rendered":"https:\/\/lafuente.mx\/?p=845"},"modified":"2023-03-01T15:08:32","modified_gmt":"2023-03-01T15:08:32","slug":"efectos-del-programa-de-prevencion-de-conductas-alimentarias-trastornadas-y-sedentarismo-en-adolescentes-mexicanos-masculinos-y-femeninos","status":"publish","type":"post","link":"https:\/\/lafuente.mx\/?p=845","title":{"rendered":"Efectos del programa de prevenci\u00f3n de conductas alimentarias trastornadas y sedentarismo en adolescentes mexicanos masculinos y femeninos\u00a0"},"content":{"rendered":"\n<hr class=\"wp-block-separator has-text-color has-alpha-channel-opacity has-background\" style=\"background-color:#38303f;color:#38303f\"\/>\n\n\n\n<p class=\"has-text-color\" style=\"color:#2e236c\"><em>Teresita de Jes\u00fas Saucedo-Molina, Frida Josselyn Canales Ram\u00edrez, Orquidea Galdina Arellano-P\u00e9rez<\/em>&nbsp;<\/p>\n\n\n\n<p class=\"has-text-color\" style=\"color:#2e236c\"><em>\u00c1rea Acad\u00e9mica de Nutrici\u00f3n, Instituto de Ciencias de la Salud, Universidad Aut\u00f3noma del Estado de Hidalgo, M\u00e9xico<\/em>&nbsp;<\/p>\n\n\n\n<hr class=\"wp-block-separator has-text-color has-alpha-channel-opacity has-background\" style=\"background-color:#2c1343;color:#2c1343\"\/>\n\n\n<div class=\"wp-block-image\">\n<figure class=\"aligncenter size-full is-resized\"><img decoding=\"async\" loading=\"lazy\" src=\"https:\/\/i0.wp.com\/lafuente.mx\/wp-content\/uploads\/2023\/02\/trifuerza-edited.jpeg?resize=451%2C375&#038;ssl=1\" alt=\"\" class=\"wp-image-854\" width=\"451\" height=\"375\" srcset=\"https:\/\/i0.wp.com\/lafuente.mx\/wp-content\/uploads\/2023\/02\/trifuerza-edited.jpeg?w=358&amp;ssl=1 358w, https:\/\/i0.wp.com\/lafuente.mx\/wp-content\/uploads\/2023\/02\/trifuerza-edited.jpeg?resize=300%2C250&amp;ssl=1 300w\" sizes=\"(max-width: 451px) 100vw, 451px\" data-recalc-dims=\"1\" \/><\/figure><\/div>\n\n\n<p class=\"has-text-color\" style=\"color:#232a2c\"><strong>Introducci\u00f3n. <\/strong>Los adolescentes son el grupo con mayor riesgo de desarrollar conductas alimentarias desordenadas (DEB). Prevenir este problema es de suma importancia debido a las consecuencias f\u00edsicas y psicol\u00f3gicas.&nbsp;<br>&nbsp;<br><strong>Objetivo.<\/strong> Evaluar los efectos de un programa universal de prevenci\u00f3n de trastornos alimentarios (DEB), internalizaci\u00f3n del ideal de delgadez (TII), impulso por la musculatura (DM) y sedentarismo en adolescentes mexicanos.&nbsp;<br>&nbsp;<br><strong>M\u00e9todo.<\/strong> Se realiz\u00f3 un estudio cuasi-experimental con medidas repetidas (pretest, postest, seguimiento a los seis meses y al a\u00f1o) en una muestra no probabil\u00edstica de 523 adolescentes (46,7% del sexo femenino) de 15 a 15 a\u00f1os. 19 a\u00f1os ( <sub>edad M<\/sub>= 16,07). Se trabaj\u00f3 en dos colegios privados, uno de ellos fue dise\u00f1ado como grupo control (GC), y el otro como grupo intervenci\u00f3n (GI). Tanto para los adolescentes masculinos como femeninos, los datos se recopilaron utilizando el Cuestionario Breve para Conductas Alimentarias Desordenadas (BQDEB) y la forma abreviada del Cuestionario Internacional de Actividad F\u00edsica (IPAQ). Para evaluar el TII se aplic\u00f3 el Cuestionario de Actitudes hacia la Figura Corporal en el sexo femenino, mientras que en el masculino se utiliz\u00f3 la Escala de Impulso por la Musculatura (DMS).&nbsp;<br>&nbsp;<\/p>\n\n\n<div class=\"wp-block-image\">\n<figure class=\"aligncenter size-full is-resized\"><img decoding=\"async\" loading=\"lazy\" src=\"https:\/\/i0.wp.com\/lafuente.mx\/wp-content\/uploads\/2023\/03\/adolescencia-comida.jpeg?resize=602%2C301&#038;ssl=1\" alt=\"\" class=\"wp-image-855\" width=\"602\" height=\"301\" srcset=\"https:\/\/i0.wp.com\/lafuente.mx\/wp-content\/uploads\/2023\/03\/adolescencia-comida.jpeg?w=840&amp;ssl=1 840w, https:\/\/i0.wp.com\/lafuente.mx\/wp-content\/uploads\/2023\/03\/adolescencia-comida.jpeg?resize=300%2C150&amp;ssl=1 300w, https:\/\/i0.wp.com\/lafuente.mx\/wp-content\/uploads\/2023\/03\/adolescencia-comida.jpeg?resize=768%2C384&amp;ssl=1 768w\" sizes=\"(max-width: 602px) 100vw, 602px\" data-recalc-dims=\"1\" \/><\/figure><\/div>\n\n\n<p class=\"has-text-color\" style=\"color:#232a2c\"><br><strong>Resultados.<\/strong> Despu\u00e9s de un a\u00f1o, los an\u00e1lisis de varianza (ANOVA) de medidas repetidas revelaron una reducci\u00f3n significativa de las puntuaciones medias de DEB tanto en mujeres ( <em>p<\/em> = 0,01) como en hombres ( <em>p<\/em>= .03) adolescentes del GI con respecto al GC. En GI, las hembras disminuyeron significativamente la puntuaci\u00f3n media de TII, as\u00ed como la puntuaci\u00f3n media de DM en los machos. La actividad f\u00edsica aument\u00f3 en las hembras del GI desde el pretest hasta el postest; sin embargo, el efecto no se mantuvo en el tiempo.&nbsp;<br>&nbsp;<br><strong>Discusi\u00f3n y conclusi\u00f3n.<\/strong> Estos hallazgos tienen implicaciones importantes para futuras intervenciones con adolescentes mexicanos. Debemos tener en cuenta las diferencias de sexo para elegir actividades y estrategias que mejoren los efectos del programa.&nbsp;<\/p>\n\n\n\n<hr class=\"wp-block-separator has-text-color has-alpha-channel-opacity has-background\" style=\"background-color:#473855;color:#473855\"\/>\n\n\n\n<div class=\"wp-block-buttons is-layout-flex wp-block-buttons-is-layout-flex\">\n<div class=\"wp-block-button\"><a class=\"wp-block-button__link has-background\" href=\"http:\/\/revistasaludmental.mx\/index.php\/salud_mental\/issue\/view\/244\" style=\"background-color:#40225a\" target=\"_blank\" rel=\"noreferrer noopener\">M\u00e1s informaci\u00f3n<\/a><\/div>\n<\/div>\n","protected":false},"excerpt":{"rendered":"<p>Teresita de Jes\u00fas Saucedo-Molina, Frida Josselyn Canales Ram\u00edrez, Orquidea Galdina Arellano-P\u00e9rez&nbsp; \u00c1rea Acad\u00e9mica de Nutrici\u00f3n, Instituto de Ciencias de la Salud, Universidad Aut\u00f3noma del Estado<\/p>\n","protected":false},"author":3,"featured_media":854,"comment_status":"closed","ping_status":"closed","sticky":false,"template":"","format":"standard","meta":{"footnotes":"","jetpack_publicize_message":"","jetpack_is_tweetstorm":false,"jetpack_publicize_feature_enabled":true},"categories":[11],"tags":[66,50,19,21,32,67,68],"jetpack_publicize_connections":[],"yoast_head":"<!-- This site is optimized with the Yoast SEO plugin v19.4 - https:\/\/yoast.com\/wordpress\/plugins\/seo\/ -->\n<title>Efectos del programa de prevenci\u00f3n de conductas alimentarias trastornadas y sedentarismo en adolescentes mexicanos masculinos y femeninos\u00a0 -<\/title>\n<meta name=\"description\" content=\"Los adolescentes son el grupo con mayor riesgo de desarrollar conductas alimentarias desordenadas (DEB)\" \/>\n<meta name=\"robots\" content=\"index, follow, max-snippet:-1, max-image-preview:large, max-video-preview:-1\" \/>\n<link rel=\"canonical\" href=\"https:\/\/lafuente.mx\/?p=845\" \/>\n<meta property=\"og:locale\" content=\"es_MX\" \/>\n<meta property=\"og:type\" content=\"article\" \/>\n<meta property=\"og:title\" content=\"Efectos del programa de prevenci\u00f3n de conductas alimentarias trastornadas y sedentarismo en adolescentes mexicanos masculinos y femeninos\u00a0\" \/>\n<meta property=\"og:description\" content=\"Los adolescentes son el grupo con mayor riesgo de desarrollar conductas alimentarias desordenadas (DEB).\" \/>\n<meta property=\"og:url\" content=\"https:\/\/lafuente.mx\/?p=845\" \/>\n<meta property=\"article:published_time\" content=\"2023-03-01T08:15:00+00:00\" \/>\n<meta property=\"article:modified_time\" content=\"2023-03-01T15:08:32+00:00\" \/>\n<meta property=\"og:image\" content=\"http:\/\/lafuente.mx\/wp-content\/uploads\/2023\/02\/trifuerza-edited.jpeg\" \/>\n\t<meta property=\"og:image:width\" content=\"358\" \/>\n\t<meta property=\"og:image:height\" content=\"298\" \/>\n\t<meta property=\"og:image:type\" content=\"image\/jpeg\" \/>\n<meta name=\"author\" content=\"Claudia Gallardo\" \/>\n<meta name=\"twitter:card\" content=\"summary_large_image\" \/>\n<meta name=\"twitter:title\" content=\"Efectos del programa de prevenci\u00f3n de conductas alimentarias trastornadas y sedentarismo en adolescentes mexicanos masculinos y femeninos\u00a0\" \/>\n<meta name=\"twitter:description\" content=\"Los adolescentes son el grupo con mayor riesgo de desarrollar conductas alimentarias desordenadas (DEB)\" \/>\n<meta name=\"twitter:image\" content=\"https:\/\/i0.wp.com\/lafuente.mx\/wp-content\/uploads\/2023\/02\/trifuerza-edited.jpeg?fit=358%2C298&ssl=1\" \/>\n<meta name=\"twitter:label1\" content=\"Escrito por\" \/>\n\t<meta name=\"twitter:data1\" content=\"Claudia Gallardo\" \/>\n\t<meta name=\"twitter:label2\" content=\"Tiempo de lectura\" \/>\n\t<meta name=\"twitter:data2\" content=\"2 minutos\" \/>\n<script type=\"application\/ld+json\" class=\"yoast-schema-graph\">{\"@context\":\"https:\/\/schema.org\",\"@graph\":[{\"@type\":\"WebSite\",\"@id\":\"https:\/\/lafuente.mx\/#website\",\"url\":\"https:\/\/lafuente.mx\/\",\"name\":\"\",\"description\":\"Informaci\u00f3n confiable sobre salud mental\",\"potentialAction\":[{\"@type\":\"SearchAction\",\"target\":{\"@type\":\"EntryPoint\",\"urlTemplate\":\"https:\/\/lafuente.mx\/?s={search_term_string}\"},\"query-input\":\"required name=search_term_string\"}],\"inLanguage\":\"es-MX\"},{\"@type\":\"WebPage\",\"@id\":\"https:\/\/lafuente.mx\/?p=845\",\"url\":\"https:\/\/lafuente.mx\/?p=845\",\"name\":\"Efectos del programa de prevenci\u00f3n de conductas alimentarias trastornadas y sedentarismo en adolescentes mexicanos masculinos y femeninos\u00a0 -\",\"isPartOf\":{\"@id\":\"https:\/\/lafuente.mx\/#website\"},\"datePublished\":\"2023-03-01T08:15:00+00:00\",\"dateModified\":\"2023-03-01T15:08:32+00:00\",\"author\":{\"@id\":\"https:\/\/lafuente.mx\/#\/schema\/person\/603f3aa8e2f6f7879021ab722d39d6b0\"},\"description\":\"Los adolescentes son el grupo con mayor riesgo de desarrollar conductas alimentarias desordenadas (DEB)\",\"breadcrumb\":{\"@id\":\"https:\/\/lafuente.mx\/?p=845#breadcrumb\"},\"inLanguage\":\"es-MX\",\"potentialAction\":[{\"@type\":\"ReadAction\",\"target\":[\"https:\/\/lafuente.mx\/?p=845\"]}]},{\"@type\":\"BreadcrumbList\",\"@id\":\"https:\/\/lafuente.mx\/?p=845#breadcrumb\",\"itemListElement\":[{\"@type\":\"ListItem\",\"position\":1,\"name\":\"Inicio\",\"item\":\"https:\/\/lafuente.mx\/\"},{\"@type\":\"ListItem\",\"position\":2,\"name\":\"Efectos del programa de prevenci\u00f3n de conductas alimentarias trastornadas y sedentarismo en adolescentes mexicanos masculinos y femeninos\u00a0\"}]},{\"@type\":\"Person\",\"@id\":\"https:\/\/lafuente.mx\/#\/schema\/person\/603f3aa8e2f6f7879021ab722d39d6b0\",\"name\":\"Claudia Gallardo\",\"image\":{\"@type\":\"ImageObject\",\"inLanguage\":\"es-MX\",\"@id\":\"https:\/\/lafuente.mx\/#\/schema\/person\/image\/\",\"url\":\"https:\/\/secure.gravatar.com\/avatar\/bfe9c966af1ccfb9d17bcdb9d04e8815?s=96&d=mm&r=g\",\"contentUrl\":\"https:\/\/secure.gravatar.com\/avatar\/bfe9c966af1ccfb9d17bcdb9d04e8815?s=96&d=mm&r=g\",\"caption\":\"Claudia Gallardo\"},\"url\":\"https:\/\/lafuente.mx\/?author=3\"}]}<\/script>\n<!-- \/ Yoast SEO plugin. -->","yoast_head_json":{"title":"Efectos del programa de prevenci\u00f3n de conductas alimentarias trastornadas y sedentarismo en adolescentes mexicanos masculinos y femeninos\u00a0 -","description":"Los adolescentes son el grupo con mayor riesgo de desarrollar conductas alimentarias desordenadas (DEB)","robots":{"index":"index","follow":"follow","max-snippet":"max-snippet:-1","max-image-preview":"max-image-preview:large","max-video-preview":"max-video-preview:-1"},"canonical":"https:\/\/lafuente.mx\/?p=845","og_locale":"es_MX","og_type":"article","og_title":"Efectos del programa de prevenci\u00f3n de conductas alimentarias trastornadas y sedentarismo en adolescentes mexicanos masculinos y femeninos\u00a0","og_description":"Los adolescentes son el grupo con mayor riesgo de desarrollar conductas alimentarias desordenadas (DEB).","og_url":"https:\/\/lafuente.mx\/?p=845","article_published_time":"2023-03-01T08:15:00+00:00","article_modified_time":"2023-03-01T15:08:32+00:00","og_image":[{"width":358,"height":298,"url":"http:\/\/lafuente.mx\/wp-content\/uploads\/2023\/02\/trifuerza-edited.jpeg","type":"image\/jpeg"}],"author":"Claudia Gallardo","twitter_card":"summary_large_image","twitter_title":"Efectos del programa de prevenci\u00f3n de conductas alimentarias trastornadas y sedentarismo en adolescentes mexicanos masculinos y femeninos\u00a0","twitter_description":"Los adolescentes son el grupo con mayor riesgo de desarrollar conductas alimentarias desordenadas (DEB)","twitter_image":"https:\/\/i0.wp.com\/lafuente.mx\/wp-content\/uploads\/2023\/02\/trifuerza-edited.jpeg?fit=358%2C298&ssl=1","twitter_misc":{"Escrito por":"Claudia Gallardo","Tiempo de lectura":"2 minutos"},"schema":{"@context":"https:\/\/schema.org","@graph":[{"@type":"WebSite","@id":"https:\/\/lafuente.mx\/#website","url":"https:\/\/lafuente.mx\/","name":"","description":"Informaci\u00f3n confiable sobre salud mental","potentialAction":[{"@type":"SearchAction","target":{"@type":"EntryPoint","urlTemplate":"https:\/\/lafuente.mx\/?s={search_term_string}"},"query-input":"required name=search_term_string"}],"inLanguage":"es-MX"},{"@type":"WebPage","@id":"https:\/\/lafuente.mx\/?p=845","url":"https:\/\/lafuente.mx\/?p=845","name":"Efectos del programa de prevenci\u00f3n de conductas alimentarias trastornadas y sedentarismo en adolescentes mexicanos masculinos y femeninos\u00a0 -","isPartOf":{"@id":"https:\/\/lafuente.mx\/#website"},"datePublished":"2023-03-01T08:15:00+00:00","dateModified":"2023-03-01T15:08:32+00:00","author":{"@id":"https:\/\/lafuente.mx\/#\/schema\/person\/603f3aa8e2f6f7879021ab722d39d6b0"},"description":"Los adolescentes son el grupo con mayor riesgo de desarrollar conductas alimentarias desordenadas (DEB)","breadcrumb":{"@id":"https:\/\/lafuente.mx\/?p=845#breadcrumb"},"inLanguage":"es-MX","potentialAction":[{"@type":"ReadAction","target":["https:\/\/lafuente.mx\/?p=845"]}]},{"@type":"BreadcrumbList","@id":"https:\/\/lafuente.mx\/?p=845#breadcrumb","itemListElement":[{"@type":"ListItem","position":1,"name":"Inicio","item":"https:\/\/lafuente.mx\/"},{"@type":"ListItem","position":2,"name":"Efectos del programa de prevenci\u00f3n de conductas alimentarias trastornadas y sedentarismo en adolescentes mexicanos masculinos y femeninos\u00a0"}]},{"@type":"Person","@id":"https:\/\/lafuente.mx\/#\/schema\/person\/603f3aa8e2f6f7879021ab722d39d6b0","name":"Claudia Gallardo","image":{"@type":"ImageObject","inLanguage":"es-MX","@id":"https:\/\/lafuente.mx\/#\/schema\/person\/image\/","url":"https:\/\/secure.gravatar.com\/avatar\/bfe9c966af1ccfb9d17bcdb9d04e8815?s=96&d=mm&r=g","contentUrl":"https:\/\/secure.gravatar.com\/avatar\/bfe9c966af1ccfb9d17bcdb9d04e8815?s=96&d=mm&r=g","caption":"Claudia Gallardo"},"url":"https:\/\/lafuente.mx\/?author=3"}]}},"jetpack_featured_media_url":"https:\/\/i0.wp.com\/lafuente.mx\/wp-content\/uploads\/2023\/02\/trifuerza-edited.jpeg?fit=358%2C298&ssl=1","jetpack-related-posts":[{"id":2365,"url":"https:\/\/lafuente.mx\/?p=2365","url_meta":{"origin":845,"position":0},"title":"Trastorno Bipolar en Ni\u00f1os y\u00a0 Adolescentes\u00a0","date":"junio 19, 2024","format":false,"excerpt":"GU\u00cdAS CL\u00cdNICAS\u00a0 INTRODUCCI\u00d3N\u00a0 El Trastorno Bipolar, antiguamente conocido como enfermedad maniaco depresiva, es un trastorno del estado del \u00e1nimo, en el que se presentan fases de depresi\u00f3n con otras de euforia. Es una de las psicopatolog\u00edas menos frecuentes en la Infancia, debido en parte a que durante muchos a\u00f1os se\u2026","rel":"","context":"En &quot;Publicaciones&quot;","img":{"alt_text":"","src":"https:\/\/i0.wp.com\/lafuente.mx\/wp-content\/uploads\/2024\/06\/Captura-de-pantalla-2024-06-19-a-las-12.27.32.png?fit=868%2C864&ssl=1&resize=350%2C200","width":350,"height":200},"classes":[]},{"id":680,"url":"https:\/\/lafuente.mx\/?p=680","url_meta":{"origin":845,"position":1},"title":"Salud mental de las ni\u00f1as, ni\u00f1os y adolescentes en el contexto familiar\u00a0\u00a0","date":"enero 25, 2023","format":false,"excerpt":"Diplomados en l\u00ednea Generaci\u00f3n 2023 COORDINADORA ACAD\u00c9MICA: Dra. Diana Patricia Gu\u00edzar S\u00e1nchez\u00a0 Diplomado dirigido a personal de medicina general, medicina especializada, psicolog\u00eda y terapia del \u00e1rea de la salud mental.\u00a0 Objetivo general y contenido tem\u00e1tico Evaluar las \u00e1reas de oportunidad en las ni\u00f1as, ni\u00f1os y adolescentes dentro del contexto familiar\u2026","rel":"","context":"En &quot;Cursos&quot;","img":{"alt_text":"","src":"https:\/\/i0.wp.com\/lafuente.mx\/wp-content\/uploads\/2023\/01\/imagenSMNA.jpg?fit=1200%2C526&ssl=1&resize=350%2C200","width":350,"height":200},"classes":[]},{"id":2823,"url":"https:\/\/lafuente.mx\/?p=2823","url_meta":{"origin":845,"position":2},"title":"Mentalizarte","date":"abril 1, 2025","format":false,"excerpt":"Durante Abril Mentalizarte en colaboraci\u00f3n con AMPI Hablaremos sobre Salud mental en adolescentes MENTALIZARTE es el proyecto de difusi\u00f3n en temas de salud mental del Instituto Nacional de Psiquiatr\u00eda Ram\u00f3n de la Fuente Mu\u00f1iz (INPRFM). Tiene el objetivo de informar sobre los s\u00edntomas de los diferentes trastornos mentales, difundir que\u2026","rel":"","context":"En &quot;Informaci\u00f3n de inter\u00e9s&quot;","img":{"alt_text":"","src":"https:\/\/i0.wp.com\/lafuente.mx\/wp-content\/uploads\/2025\/04\/WhatsApp-Image-2025-03-26-at-1.28.12-PM.jpeg?fit=1200%2C692&ssl=1&resize=350%2C200","width":350,"height":200},"classes":[]},{"id":3531,"url":"https:\/\/lafuente.mx\/?p=3531","url_meta":{"origin":845,"position":3},"title":"Uno de cada siete j\u00f3venes entre 10 y 19 a\u00f1os sufre un trastorno mental: OMS\u00a0","date":"enero 13, 2026","format":false,"excerpt":"Laura Poy Solano\u00a0 Peri\u00f3dico La Jornada\u00a0Domingo 23 de noviembre de 2025, p. 6\u00a0 La Organizaci\u00f3n Mundial de la Salud (OMS) estima que uno de cada siete j\u00f3venes de entre 10 y 19 a\u00f1os en el mundo padece alg\u00fan tipo de trastorno mental, lo que representa 15 por ciento de la\u2026","rel":"","context":"En &quot;Noticias&quot;","img":{"alt_text":"kids, boys, children, poverty, happiness, smiling, mexico, portrait-6610964.jpg","src":"https:\/\/i0.wp.com\/lafuente.mx\/wp-content\/uploads\/2026\/01\/kids-boys-children-poverty-happiness-smiling-mexico-portrait-6610964.jpg?fit=1200%2C800&ssl=1&resize=350%2C200","width":350,"height":200},"classes":[]},{"id":3619,"url":"https:\/\/lafuente.mx\/?p=3619","url_meta":{"origin":845,"position":4},"title":"Hallazgos sobre perfil metab\u00f3lico y psicopatolog\u00eda en adolescentes\u00a0","date":"marzo 30, 2026","format":false,"excerpt":"Feb 26, 2026 |\u00a0Academia\u00a0 \u201cEl perfil metab\u00f3lico nos abre el panorama en torno a la investigaci\u00f3n de nuevos marcadores asociados a la patolog\u00eda psiqui\u00e1trica. Entender la enfermedad mental como un constructo dimensional nos ayuda a tener una visi\u00f3n m\u00e1s integral de la psiquiatr\u00eda\u201d, afirm\u00f3 el doctor Cristian Hern\u00e1ndez Alba, residente\u2026","rel":"","context":"En &quot;Noticias&quot;","img":{"alt_text":"","src":"https:\/\/i0.wp.com\/lafuente.mx\/wp-content\/uploads\/2023\/01\/adolescentes_.png?fit=660%2C444&ssl=1&resize=350%2C200","width":350,"height":200},"classes":[]},{"id":1467,"url":"https:\/\/lafuente.mx\/?p=1467","url_meta":{"origin":845,"position":5},"title":"El deporte colectivo como factor protector frente a problemas de salud mental e ideaci\u00f3n suicida en adolescentes","date":"julio 17, 2023","format":false,"excerpt":"Luciano Machado-Oliveira, Alison Oliveira da Silva, Breno Quintella Farah, Iber\u00ea Caldas Souza Le\u00e3o, Fabiano Tadeu Costa Souza, F\u00e1tima Larissa Santiago, Leonardo Machado, Paula Rejane Beserra Diniz Introducci\u00f3n.\u00a0Los adolescentes que practican deportes tienen mejores indicadores de salud mental.\u00a0\u00a0Objetivo.\u00a0Analizar la asociaci\u00f3n entre diferentes tipos de actividad f\u00edsica (ejercicio sistematizado, deportes individuales y\u2026","rel":"","context":"En &quot;Revista Salud Mental&quot;","img":{"alt_text":"","src":"https:\/\/i0.wp.com\/lafuente.mx\/wp-content\/uploads\/2023\/07\/grupo-atletas-diversos-sentados-juntos-scaled.jpg?fit=1200%2C529&ssl=1&resize=350%2C200","width":350,"height":200},"classes":[]}],"jetpack_sharing_enabled":true,"jetpack_shortlink":"https:\/\/wp.me\/pe9WUx-dD","_links":{"self":[{"href":"https:\/\/lafuente.mx\/index.php?rest_route=\/wp\/v2\/posts\/845"}],"collection":[{"href":"https:\/\/lafuente.mx\/index.php?rest_route=\/wp\/v2\/posts"}],"about":[{"href":"https:\/\/lafuente.mx\/index.php?rest_route=\/wp\/v2\/types\/post"}],"author":[{"embeddable":true,"href":"https:\/\/lafuente.mx\/index.php?rest_route=\/wp\/v2\/users\/3"}],"replies":[{"embeddable":true,"href":"https:\/\/lafuente.mx\/index.php?rest_route=%2Fwp%2Fv2%2Fcomments&post=845"}],"version-history":[{"count":3,"href":"https:\/\/lafuente.mx\/index.php?rest_route=\/wp\/v2\/posts\/845\/revisions"}],"predecessor-version":[{"id":858,"href":"https:\/\/lafuente.mx\/index.php?rest_route=\/wp\/v2\/posts\/845\/revisions\/858"}],"wp:featuredmedia":[{"embeddable":true,"href":"https:\/\/lafuente.mx\/index.php?rest_route=\/wp\/v2\/media\/854"}],"wp:attachment":[{"href":"https:\/\/lafuente.mx\/index.php?rest_route=%2Fwp%2Fv2%2Fmedia&parent=845"}],"wp:term":[{"taxonomy":"category","embeddable":true,"href":"https:\/\/lafuente.mx\/index.php?rest_route=%2Fwp%2Fv2%2Fcategories&post=845"},{"taxonomy":"post_tag","embeddable":true,"href":"https:\/\/lafuente.mx\/index.php?rest_route=%2Fwp%2Fv2%2Ftags&post=845"}],"curies":[{"name":"wp","href":"https:\/\/api.w.org\/{rel}","templated":true}]}}