{"id":829,"date":"2023-02-16T18:58:11","date_gmt":"2023-02-16T18:58:11","guid":{"rendered":"https:\/\/lafuente.mx\/?p=829"},"modified":"2023-02-27T19:04:40","modified_gmt":"2023-02-27T19:04:40","slug":"secretaria-de-salud-alerta-sobre-efectos-de-clonazepam-en-ninas-ninos-y-adolescentes-que-hacen-reto-viral-de-tiktok","status":"publish","type":"post","link":"https:\/\/lafuente.mx\/?p=829","title":{"rendered":"Secretar\u00eda de Salud alerta sobre efectos de clonazepam en ni\u00f1as, ni\u00f1os y adolescentes que hacen reto viral de TikTok"},"content":{"rendered":"\n<hr class=\"wp-block-separator has-text-color has-cyan-bluish-gray-color has-alpha-channel-opacity has-cyan-bluish-gray-background-color has-background is-style-dots\"\/>\n\n\n\n<p><strong>Est\u00e1 en riesgo la salud de ni\u00f1as, ni\u00f1os y adolescentes que consumen clonazepam<\/strong> como parte <br>de un reto viral de TikTok, advirti\u00f3 el subsecretario de Prevenci\u00f3n y Promoci\u00f3n de la Salud, <br>Hugo L\u00f3pez-Gatell Ram\u00edrez.\u00a0<\/p>\n\n\n\n<figure class=\"wp-block-image size-large\"><img decoding=\"async\" loading=\"lazy\" width=\"640\" height=\"361\" src=\"https:\/\/i0.wp.com\/lafuente.mx\/wp-content\/uploads\/2023\/02\/medications-tablets-medicine-1851178-edited.jpg?resize=640%2C361&#038;ssl=1\" alt=\"medications, tablets, medicine-1851178.jpg\" class=\"wp-image-831\" srcset=\"https:\/\/i0.wp.com\/lafuente.mx\/wp-content\/uploads\/2023\/02\/medications-tablets-medicine-1851178-edited.jpg?w=1280&amp;ssl=1 1280w, https:\/\/i0.wp.com\/lafuente.mx\/wp-content\/uploads\/2023\/02\/medications-tablets-medicine-1851178-edited.jpg?resize=300%2C169&amp;ssl=1 300w, https:\/\/i0.wp.com\/lafuente.mx\/wp-content\/uploads\/2023\/02\/medications-tablets-medicine-1851178-edited.jpg?resize=1024%2C577&amp;ssl=1 1024w, https:\/\/i0.wp.com\/lafuente.mx\/wp-content\/uploads\/2023\/02\/medications-tablets-medicine-1851178-edited.jpg?resize=768%2C433&amp;ssl=1 768w\" sizes=\"(max-width: 640px) 100vw, 640px\" data-recalc-dims=\"1\" \/><\/figure>\n\n\n\n<p>Este f\u00e1rmaco, detall\u00f3, <strong>provoca visi\u00f3n borrosa, somnolencia, mareos, p\u00e9rdida de equilibrio, dificultad para pensar, dolor de m\u00fasculos o articulaciones<\/strong>; se usa solo con prescripci\u00f3n m\u00e9dica y sirve en el tratamiento de convulsiones o ataques de p\u00e1nico.&nbsp;<\/p>\n\n\n\n<p>En conferencia de prensa matutina con el presidente Andr\u00e9s Manuel L\u00f3pez Obrador, el funcionario puntualiz\u00f3 sobre los riesgos por el mal uso, tales como:&nbsp;<\/p>\n\n\n\n<ul><li><strong>Problemas graves de respiraci\u00f3n hasta llegar a un coma.<\/strong>&nbsp;<\/li><li><strong>Adicci\u00f3n a\u00fan en dosis moderadas.<\/strong>&nbsp;<\/li><li><strong>Efectos secundarios graves o la muerte al combinarse con alcohol u otras sustancias.<\/strong>&nbsp;<\/li><\/ul>\n\n\n\n<p><strong>En caso de intoxicaci\u00f3n, la persona afectada debe ser atendida en el servicio de urgencias.<\/strong> A la fecha se han registrado 45 casos en 18 estados del pa\u00eds, de acuerdo con el Sistema de Informaci\u00f3n B\u00e1sico en Salud.&nbsp;<\/p>\n\n\n\n<p>Debido a que el \u201creto\u201d se lleva a cabo principalmente en los hogares, el subsecretario recomend\u00f3 a madres, padres y personas cuidadoras:&nbsp;<\/p>\n\n\n\n<ul><li><strong>Mantener una comunicaci\u00f3n abierta y constante con ni\u00f1as, ni\u00f1os y adolescentes.<\/strong>&nbsp;<\/li><li><strong>Involucrarse en sus actividades y dialogar sobre lo visto en redes sociales a fin de resolver dudas.<\/strong>&nbsp;<\/li><li><strong>Implementar reglas claras sobre redes sociales y tecnolog\u00edas.<\/strong>&nbsp;<\/li><li><strong>Configurar sistemas de control parental que reduzcan contenido inadecuado.<\/strong>&nbsp;<\/li><li><strong>Guardar bajo llave y en envases originales los medicamentos.<\/strong>&nbsp;<\/li><\/ul>\n\n\n\n<hr class=\"wp-block-separator has-text-color has-cyan-bluish-gray-color has-alpha-channel-opacity has-cyan-bluish-gray-background-color has-background is-style-wide\"\/>\n\n\n\n<div class=\"wp-block-buttons is-layout-flex wp-block-buttons-is-layout-flex\">\n<div class=\"wp-block-button is-style-fill\"><a class=\"wp-block-button__link has-vivid-red-background-color has-background\" href=\"https:\/\/lopezobrador.org.mx\/2023\/02\/14\/secretaria-de-salud-alerta-sobre-efectos-de-clonazepam-en-ninas-ninos-y-adolescentes-que-hacen-reto-viral-de-tiktok\/\" target=\"_blank\" rel=\"noreferrer noopener\">M\u00e1s informaci\u00f3n<\/a><\/div>\n<\/div>\n","protected":false},"excerpt":{"rendered":"<p>Est\u00e1 en riesgo la salud de ni\u00f1as, ni\u00f1os y adolescentes que consumen clonazepam como parte de un reto viral de TikTok, advirti\u00f3 el subsecretario de<\/p>\n","protected":false},"author":5,"featured_media":830,"comment_status":"closed","ping_status":"closed","sticky":false,"template":"","format":"standard","meta":{"footnotes":"","jetpack_publicize_message":"","jetpack_is_tweetstorm":false,"jetpack_publicize_feature_enabled":true},"categories":[3],"tags":[56,21,59,58,57],"jetpack_publicize_connections":[],"yoast_head":"<!-- This site is optimized with the Yoast SEO plugin v19.4 - https:\/\/yoast.com\/wordpress\/plugins\/seo\/ -->\n<title>Secretar\u00eda de Salud alerta sobre efectos de clonazepam en ni\u00f1as, ni\u00f1os y adolescentes que hacen reto viral de TikTok -<\/title>\n<meta name=\"description\" content=\"Secretar\u00eda de Salud alerta sobre efectos de clonazepam en ni\u00f1as, ni\u00f1os y adolescentes que hacen reto viral de TikTok\" \/>\n<meta name=\"robots\" content=\"index, follow, max-snippet:-1, max-image-preview:large, max-video-preview:-1\" \/>\n<link rel=\"canonical\" href=\"https:\/\/lafuente.mx\/?p=829\" \/>\n<meta property=\"og:locale\" content=\"es_MX\" \/>\n<meta property=\"og:type\" content=\"article\" \/>\n<meta property=\"og:title\" content=\"Secretar\u00eda de Salud alerta sobre efectos de clonazepam en ni\u00f1as, ni\u00f1os y adolescentes que hacen reto viral de TikTok\" \/>\n<meta property=\"og:description\" content=\"Secretar\u00eda de Salud alerta sobre efectos de clonazepam en ni\u00f1as, ni\u00f1os y adolescentes que hacen reto viral de TikTok\" \/>\n<meta property=\"og:url\" content=\"https:\/\/lafuente.mx\/?p=829\" \/>\n<meta property=\"article:published_time\" content=\"2023-02-16T18:58:11+00:00\" \/>\n<meta property=\"article:modified_time\" content=\"2023-02-27T19:04:40+00:00\" \/>\n<meta property=\"og:image\" content=\"http:\/\/lafuente.mx\/wp-content\/uploads\/2023\/02\/drugs-medicine-medications-1728381.jpg\" \/>\n\t<meta property=\"og:image:width\" content=\"1280\" \/>\n\t<meta property=\"og:image:height\" content=\"853\" \/>\n\t<meta property=\"og:image:type\" content=\"image\/jpeg\" \/>\n<meta name=\"author\" content=\"Dar\u00edo Ram\u00edrez\" \/>\n<meta name=\"twitter:card\" content=\"summary_large_image\" \/>\n<meta name=\"twitter:title\" content=\"Secretar\u00eda de Salud alerta sobre efectos de clonazepam en ni\u00f1as, ni\u00f1os y adolescentes que hacen reto viral de TikTok\" \/>\n<meta name=\"twitter:description\" content=\"Secretar\u00eda de Salud alerta sobre efectos de clonazepam en ni\u00f1as, ni\u00f1os y adolescentes que hacen reto viral de TikTok\" \/>\n<meta name=\"twitter:image\" content=\"https:\/\/i0.wp.com\/lafuente.mx\/wp-content\/uploads\/2023\/02\/drugs-medicine-medications-1728381.jpg?fit=1280%2C853&ssl=1\" \/>\n<meta name=\"twitter:label1\" content=\"Escrito por\" \/>\n\t<meta name=\"twitter:data1\" content=\"Dar\u00edo Ram\u00edrez\" \/>\n\t<meta name=\"twitter:label2\" content=\"Tiempo de lectura\" \/>\n\t<meta name=\"twitter:data2\" content=\"2 minutos\" \/>\n<script type=\"application\/ld+json\" class=\"yoast-schema-graph\">{\"@context\":\"https:\/\/schema.org\",\"@graph\":[{\"@type\":\"WebSite\",\"@id\":\"https:\/\/lafuente.mx\/#website\",\"url\":\"https:\/\/lafuente.mx\/\",\"name\":\"\",\"description\":\"Informaci\u00f3n confiable sobre salud mental\",\"potentialAction\":[{\"@type\":\"SearchAction\",\"target\":{\"@type\":\"EntryPoint\",\"urlTemplate\":\"https:\/\/lafuente.mx\/?s={search_term_string}\"},\"query-input\":\"required name=search_term_string\"}],\"inLanguage\":\"es-MX\"},{\"@type\":\"WebPage\",\"@id\":\"https:\/\/lafuente.mx\/?p=829\",\"url\":\"https:\/\/lafuente.mx\/?p=829\",\"name\":\"Secretar\u00eda de Salud alerta sobre efectos de clonazepam en ni\u00f1as, ni\u00f1os y adolescentes que hacen reto viral de TikTok -\",\"isPartOf\":{\"@id\":\"https:\/\/lafuente.mx\/#website\"},\"datePublished\":\"2023-02-16T18:58:11+00:00\",\"dateModified\":\"2023-02-27T19:04:40+00:00\",\"author\":{\"@id\":\"https:\/\/lafuente.mx\/#\/schema\/person\/b9cc1ac3941245ec61c80638a92abfb6\"},\"description\":\"Secretar\u00eda de Salud alerta sobre efectos de clonazepam en ni\u00f1as, ni\u00f1os y adolescentes que hacen reto viral de TikTok\",\"breadcrumb\":{\"@id\":\"https:\/\/lafuente.mx\/?p=829#breadcrumb\"},\"inLanguage\":\"es-MX\",\"potentialAction\":[{\"@type\":\"ReadAction\",\"target\":[\"https:\/\/lafuente.mx\/?p=829\"]}]},{\"@type\":\"BreadcrumbList\",\"@id\":\"https:\/\/lafuente.mx\/?p=829#breadcrumb\",\"itemListElement\":[{\"@type\":\"ListItem\",\"position\":1,\"name\":\"Inicio\",\"item\":\"https:\/\/lafuente.mx\/\"},{\"@type\":\"ListItem\",\"position\":2,\"name\":\"Secretar\u00eda de Salud alerta sobre efectos de clonazepam en ni\u00f1as, ni\u00f1os y adolescentes que hacen reto viral de TikTok\"}]},{\"@type\":\"Person\",\"@id\":\"https:\/\/lafuente.mx\/#\/schema\/person\/b9cc1ac3941245ec61c80638a92abfb6\",\"name\":\"Dar\u00edo Ram\u00edrez\",\"image\":{\"@type\":\"ImageObject\",\"inLanguage\":\"es-MX\",\"@id\":\"https:\/\/lafuente.mx\/#\/schema\/person\/image\/\",\"url\":\"https:\/\/secure.gravatar.com\/avatar\/bd5441528d8085d08a897e5789079259?s=96&d=mm&r=g\",\"contentUrl\":\"https:\/\/secure.gravatar.com\/avatar\/bd5441528d8085d08a897e5789079259?s=96&d=mm&r=g\",\"caption\":\"Dar\u00edo Ram\u00edrez\"},\"url\":\"https:\/\/lafuente.mx\/?author=5\"}]}<\/script>\n<!-- \/ Yoast SEO plugin. -->","yoast_head_json":{"title":"Secretar\u00eda de Salud alerta sobre efectos de clonazepam en ni\u00f1as, ni\u00f1os y adolescentes que hacen reto viral de TikTok -","description":"Secretar\u00eda de Salud alerta sobre efectos de clonazepam en ni\u00f1as, ni\u00f1os y adolescentes que hacen reto viral de TikTok","robots":{"index":"index","follow":"follow","max-snippet":"max-snippet:-1","max-image-preview":"max-image-preview:large","max-video-preview":"max-video-preview:-1"},"canonical":"https:\/\/lafuente.mx\/?p=829","og_locale":"es_MX","og_type":"article","og_title":"Secretar\u00eda de Salud alerta sobre efectos de clonazepam en ni\u00f1as, ni\u00f1os y adolescentes que hacen reto viral de TikTok","og_description":"Secretar\u00eda de Salud alerta sobre efectos de clonazepam en ni\u00f1as, ni\u00f1os y adolescentes que hacen reto viral de TikTok","og_url":"https:\/\/lafuente.mx\/?p=829","article_published_time":"2023-02-16T18:58:11+00:00","article_modified_time":"2023-02-27T19:04:40+00:00","og_image":[{"width":1280,"height":853,"url":"http:\/\/lafuente.mx\/wp-content\/uploads\/2023\/02\/drugs-medicine-medications-1728381.jpg","type":"image\/jpeg"}],"author":"Dar\u00edo Ram\u00edrez","twitter_card":"summary_large_image","twitter_title":"Secretar\u00eda de Salud alerta sobre efectos de clonazepam en ni\u00f1as, ni\u00f1os y adolescentes que hacen reto viral de TikTok","twitter_description":"Secretar\u00eda de Salud alerta sobre efectos de clonazepam en ni\u00f1as, ni\u00f1os y adolescentes que hacen reto viral de TikTok","twitter_image":"https:\/\/i0.wp.com\/lafuente.mx\/wp-content\/uploads\/2023\/02\/drugs-medicine-medications-1728381.jpg?fit=1280%2C853&ssl=1","twitter_misc":{"Escrito por":"Dar\u00edo Ram\u00edrez","Tiempo de lectura":"2 minutos"},"schema":{"@context":"https:\/\/schema.org","@graph":[{"@type":"WebSite","@id":"https:\/\/lafuente.mx\/#website","url":"https:\/\/lafuente.mx\/","name":"","description":"Informaci\u00f3n confiable sobre salud mental","potentialAction":[{"@type":"SearchAction","target":{"@type":"EntryPoint","urlTemplate":"https:\/\/lafuente.mx\/?s={search_term_string}"},"query-input":"required name=search_term_string"}],"inLanguage":"es-MX"},{"@type":"WebPage","@id":"https:\/\/lafuente.mx\/?p=829","url":"https:\/\/lafuente.mx\/?p=829","name":"Secretar\u00eda de Salud alerta sobre efectos de clonazepam en ni\u00f1as, ni\u00f1os y adolescentes que hacen reto viral de TikTok -","isPartOf":{"@id":"https:\/\/lafuente.mx\/#website"},"datePublished":"2023-02-16T18:58:11+00:00","dateModified":"2023-02-27T19:04:40+00:00","author":{"@id":"https:\/\/lafuente.mx\/#\/schema\/person\/b9cc1ac3941245ec61c80638a92abfb6"},"description":"Secretar\u00eda de Salud alerta sobre efectos de clonazepam en ni\u00f1as, ni\u00f1os y adolescentes que hacen reto viral de TikTok","breadcrumb":{"@id":"https:\/\/lafuente.mx\/?p=829#breadcrumb"},"inLanguage":"es-MX","potentialAction":[{"@type":"ReadAction","target":["https:\/\/lafuente.mx\/?p=829"]}]},{"@type":"BreadcrumbList","@id":"https:\/\/lafuente.mx\/?p=829#breadcrumb","itemListElement":[{"@type":"ListItem","position":1,"name":"Inicio","item":"https:\/\/lafuente.mx\/"},{"@type":"ListItem","position":2,"name":"Secretar\u00eda de Salud alerta sobre efectos de clonazepam en ni\u00f1as, ni\u00f1os y adolescentes que hacen reto viral de TikTok"}]},{"@type":"Person","@id":"https:\/\/lafuente.mx\/#\/schema\/person\/b9cc1ac3941245ec61c80638a92abfb6","name":"Dar\u00edo Ram\u00edrez","image":{"@type":"ImageObject","inLanguage":"es-MX","@id":"https:\/\/lafuente.mx\/#\/schema\/person\/image\/","url":"https:\/\/secure.gravatar.com\/avatar\/bd5441528d8085d08a897e5789079259?s=96&d=mm&r=g","contentUrl":"https:\/\/secure.gravatar.com\/avatar\/bd5441528d8085d08a897e5789079259?s=96&d=mm&r=g","caption":"Dar\u00edo Ram\u00edrez"},"url":"https:\/\/lafuente.mx\/?author=5"}]}},"jetpack_featured_media_url":"https:\/\/i0.wp.com\/lafuente.mx\/wp-content\/uploads\/2023\/02\/medications-tablets-medicine-1851178.jpg?fit=1280%2C853&ssl=1","jetpack-related-posts":[{"id":1598,"url":"https:\/\/lafuente.mx\/?p=1598","url_meta":{"origin":829,"position":0},"title":"Especializaci\u00f3n en Psiquiatr\u00eda Infantil y de la Adolescencia","date":"agosto 14, 2023","format":false,"excerpt":"El Instituto Nacional de Psiquiatr\u00eda Ram\u00f3n de la Fuente Mu\u00f1iz ofrece dos\u00a0 plazas para realizar la Especializaci\u00f3n en Psiquiatr\u00eda Infantil y de la Adolescencia\u00a0 Objetivo\u00a0 Formar psiquiatras especialistas en ni\u00f1as, ni\u00f1os y adolescentes que sean capaces de aplicar el conocimiento cient\u00edfico actual para identificar, realizar intervenciones preventivas y brindar atenci\u00f3n\u2026","rel":"","context":"En &quot;Cursos&quot;","img":{"alt_text":"","src":"https:\/\/i0.wp.com\/lafuente.mx\/wp-content\/uploads\/2023\/08\/Captura-de-Pantalla-2023-08-10-a-las-11.43.11.png?fit=642%2C858&ssl=1&resize=350%2C200","width":350,"height":200},"classes":[]},{"id":680,"url":"https:\/\/lafuente.mx\/?p=680","url_meta":{"origin":829,"position":1},"title":"Salud mental de las ni\u00f1as, ni\u00f1os y adolescentes en el contexto familiar\u00a0\u00a0","date":"enero 25, 2023","format":false,"excerpt":"Diplomados en l\u00ednea Generaci\u00f3n 2023 COORDINADORA ACAD\u00c9MICA: Dra. Diana Patricia Gu\u00edzar S\u00e1nchez\u00a0 Diplomado dirigido a personal de medicina general, medicina especializada, psicolog\u00eda y terapia del \u00e1rea de la salud mental.\u00a0 Objetivo general y contenido tem\u00e1tico Evaluar las \u00e1reas de oportunidad en las ni\u00f1as, ni\u00f1os y adolescentes dentro del contexto familiar\u2026","rel":"","context":"En &quot;Cursos&quot;","img":{"alt_text":"","src":"https:\/\/i0.wp.com\/lafuente.mx\/wp-content\/uploads\/2023\/01\/imagenSMNA.jpg?fit=1200%2C526&ssl=1&resize=350%2C200","width":350,"height":200},"classes":[]},{"id":2823,"url":"https:\/\/lafuente.mx\/?p=2823","url_meta":{"origin":829,"position":2},"title":"Mentalizarte","date":"abril 1, 2025","format":false,"excerpt":"Durante Abril Mentalizarte en colaboraci\u00f3n con AMPI Hablaremos sobre Salud mental en adolescentes MENTALIZARTE es el proyecto de difusi\u00f3n en temas de salud mental del Instituto Nacional de Psiquiatr\u00eda Ram\u00f3n de la Fuente Mu\u00f1iz (INPRFM). Tiene el objetivo de informar sobre los s\u00edntomas de los diferentes trastornos mentales, difundir que\u2026","rel":"","context":"En &quot;Informaci\u00f3n de inter\u00e9s&quot;","img":{"alt_text":"","src":"https:\/\/i0.wp.com\/lafuente.mx\/wp-content\/uploads\/2025\/04\/WhatsApp-Image-2025-03-26-at-1.28.12-PM.jpeg?fit=1200%2C692&ssl=1&resize=350%2C200","width":350,"height":200},"classes":[]},{"id":2464,"url":"https:\/\/lafuente.mx\/?p=2464","url_meta":{"origin":829,"position":3},"title":"Problemas emocionales y conductuales de preescolares mexicanos antes y durante la pandemia de COVID-19\u00a0","date":"julio 23, 2024","format":false,"excerpt":"Mar\u00eda Teresa Monjar\u00e1s Rodr\u00edguez,1,Lilia Albores-Gallo2\u00a0 1. Departamento Psicolog\u00eda Cl\u00ednica y de la Salud, Facultad de Psicolog\u00eda, Universidad Nacional Aut\u00f3noma de M\u00e9xico, Ciudad de M\u00e9xico, M\u00e9xico.\u00a0 2. Divisi\u00f3n de Investigaci\u00f3n, Hospital Psiqui\u00e1trico Infantil Dr. Juan N. Navarro, Servicios de Atenci\u00f3n Psiqui\u00e1trica, Secretar\u00eda de Salud.\u00a0 Introducci\u00f3n Identificar los problemas de salud mental\u2026","rel":"","context":"En &quot;Revista Salud Mental&quot;","img":{"alt_text":"girl, sad, desperate-3422711.jpg","src":"https:\/\/i0.wp.com\/lafuente.mx\/wp-content\/uploads\/2024\/07\/girl-sad-desperate-3422711.jpg?fit=1200%2C718&ssl=1&resize=350%2C200","width":350,"height":200},"classes":[]},{"id":2711,"url":"https:\/\/lafuente.mx\/?p=2711","url_meta":{"origin":829,"position":4},"title":"Salud Mental de las Ni\u00f1as, Ni\u00f1os y Adolescentes en el contexto familiar\u00a0","date":"diciembre 16, 2024","format":false,"excerpt":"DIPLOMADO EN L\u00cdNEA COORDINADORA ACAD\u00c9MICA\u00a0 Dra. Diana Patricia Gu\u00edzar S\u00e1nchez \u00a0 Dirigido a: personal de medicina general, medicina especializada, psicolog\u00eda y terapia del \u00e1rea de la salud mental\u00a0 Objetivo general: Evaluar las \u00e1reas de oportunidad en las ni\u00f1as, ni\u00f1os y adolescentes dentro del contexto familiar e implementar modelos de intervenci\u00f3n\u2026","rel":"","context":"En &quot;Cursos en l\u00ednea&quot;","img":{"alt_text":"","src":"https:\/\/i0.wp.com\/lafuente.mx\/wp-content\/uploads\/2024\/12\/Captura-de-pantalla-2024-12-16-a-las-10.53.16.png?fit=1200%2C636&ssl=1&resize=350%2C200","width":350,"height":200},"classes":[]},{"id":2365,"url":"https:\/\/lafuente.mx\/?p=2365","url_meta":{"origin":829,"position":5},"title":"Trastorno Bipolar en Ni\u00f1os y\u00a0 Adolescentes\u00a0","date":"junio 19, 2024","format":false,"excerpt":"GU\u00cdAS CL\u00cdNICAS\u00a0 INTRODUCCI\u00d3N\u00a0 El Trastorno Bipolar, antiguamente conocido como enfermedad maniaco depresiva, es un trastorno del estado del \u00e1nimo, en el que se presentan fases de depresi\u00f3n con otras de euforia. Es una de las psicopatolog\u00edas menos frecuentes en la Infancia, debido en parte a que durante muchos a\u00f1os se\u2026","rel":"","context":"En &quot;Publicaciones&quot;","img":{"alt_text":"","src":"https:\/\/i0.wp.com\/lafuente.mx\/wp-content\/uploads\/2024\/06\/Captura-de-pantalla-2024-06-19-a-las-12.27.32.png?fit=868%2C864&ssl=1&resize=350%2C200","width":350,"height":200},"classes":[]}],"jetpack_sharing_enabled":true,"jetpack_shortlink":"https:\/\/wp.me\/pe9WUx-dn","_links":{"self":[{"href":"https:\/\/lafuente.mx\/index.php?rest_route=\/wp\/v2\/posts\/829"}],"collection":[{"href":"https:\/\/lafuente.mx\/index.php?rest_route=\/wp\/v2\/posts"}],"about":[{"href":"https:\/\/lafuente.mx\/index.php?rest_route=\/wp\/v2\/types\/post"}],"author":[{"embeddable":true,"href":"https:\/\/lafuente.mx\/index.php?rest_route=\/wp\/v2\/users\/5"}],"replies":[{"embeddable":true,"href":"https:\/\/lafuente.mx\/index.php?rest_route=%2Fwp%2Fv2%2Fcomments&post=829"}],"version-history":[{"count":4,"href":"https:\/\/lafuente.mx\/index.php?rest_route=\/wp\/v2\/posts\/829\/revisions"}],"predecessor-version":[{"id":840,"href":"https:\/\/lafuente.mx\/index.php?rest_route=\/wp\/v2\/posts\/829\/revisions\/840"}],"wp:featuredmedia":[{"embeddable":true,"href":"https:\/\/lafuente.mx\/index.php?rest_route=\/wp\/v2\/media\/830"}],"wp:attachment":[{"href":"https:\/\/lafuente.mx\/index.php?rest_route=%2Fwp%2Fv2%2Fmedia&parent=829"}],"wp:term":[{"taxonomy":"category","embeddable":true,"href":"https:\/\/lafuente.mx\/index.php?rest_route=%2Fwp%2Fv2%2Fcategories&post=829"},{"taxonomy":"post_tag","embeddable":true,"href":"https:\/\/lafuente.mx\/index.php?rest_route=%2Fwp%2Fv2%2Ftags&post=829"}],"curies":[{"name":"wp","href":"https:\/\/api.w.org\/{rel}","templated":true}]}}