{"id":770,"date":"2023-02-10T08:00:00","date_gmt":"2023-02-10T08:00:00","guid":{"rendered":"https:\/\/lafuente.mx\/?p=770"},"modified":"2023-02-13T20:04:55","modified_gmt":"2023-02-13T20:04:55","slug":"tratamientos-coadyuvantes-para-los-trastornos-del-neurodesarrollo","status":"publish","type":"post","link":"https:\/\/lafuente.mx\/?p=770","title":{"rendered":"Tratamientos coadyuvantes para los trastornos del Neurodesarrollo"},"content":{"rendered":"\n<p class=\"has-vivid-red-color has-text-color\" style=\"font-size:22px\"><strong>Francisco R. de la Pe\u00f1a Olvera<\/strong><\/p>\n\n\n\n<hr class=\"wp-block-separator has-text-color has-vivid-red-color has-alpha-channel-opacity has-vivid-red-background-color has-background is-style-dots\"\/>\n\n\n<div class=\"wp-block-image\">\n<figure class=\"aligncenter size-medium\"><img decoding=\"async\" loading=\"lazy\" width=\"192\" height=\"300\" src=\"https:\/\/i0.wp.com\/lafuente.mx\/wp-content\/uploads\/2023\/02\/WhatsApp-Image-2022-11-18-at-12.45.03-1-2-192x300.jpeg?resize=192%2C300&#038;ssl=1\" alt=\"\" class=\"wp-image-774\" srcset=\"https:\/\/i0.wp.com\/lafuente.mx\/wp-content\/uploads\/2023\/02\/WhatsApp-Image-2022-11-18-at-12.45.03-1-2.jpeg?resize=192%2C300&amp;ssl=1 192w, https:\/\/i0.wp.com\/lafuente.mx\/wp-content\/uploads\/2023\/02\/WhatsApp-Image-2022-11-18-at-12.45.03-1-2.jpeg?resize=655%2C1024&amp;ssl=1 655w, https:\/\/i0.wp.com\/lafuente.mx\/wp-content\/uploads\/2023\/02\/WhatsApp-Image-2022-11-18-at-12.45.03-1-2.jpeg?resize=768%2C1200&amp;ssl=1 768w, https:\/\/i0.wp.com\/lafuente.mx\/wp-content\/uploads\/2023\/02\/WhatsApp-Image-2022-11-18-at-12.45.03-1-2.jpeg?w=917&amp;ssl=1 917w\" sizes=\"(max-width: 192px) 100vw, 192px\" data-recalc-dims=\"1\" \/><\/figure><\/div>\n\n\n<p><strong>Rese\u00f1a. <\/strong>En la actualidad existen diversas opciones de tratamiento e intervenciones para los trastornos&nbsp; del neurodesarrollo (TND), grupo de condiciones cl\u00ednicas y casualmente distintas con d\u00e9ficits y\/o&nbsp; alteraciones en el desarrollo y en el funcionamiento, si bien, en el caso de los trastornos del espectro autista (TEA) y el trastorno por d\u00e9ficit de atenci\u00f3n con hiperactividad (TDAH) existe cada vez m\u00e1s y mejor evidencia, el tratamiento integral representa un reto por su etiolog\u00eda multifactorial, la heterogeneidad en las manifestaciones, la presencia de comorbilidades y la severidad variable. Los trastornos coadyuvantes (TC) son alternativas que no sustituyen, pero s\u00ed buscan aumentar el beneficio de la o las intervenciones principales (psicosociales y farmacol\u00f3gicas). Lo anterior, hace de esta obra un material excepcional que brinda al cl\u00ednico una propuesta con un enfoque novedoso al recabar la evidencia cient\u00edfica m\u00e1s reciente para estos dos TND. Esta colaboraci\u00f3n del Instituto Nacional de Psiquiatr\u00eda Ram\u00f3n de la Fuente Mu\u00f1iz (INPRFM), con la Asociaci\u00f3n Psiqui\u00e1trica Mexicana (APM), ofrece al lector las herramientas para informar, orientar, y\/o seleccionar con responsabilidad y conocimiento, sobre alternativas que aportan beneficios a corto, mediano y largo plazo. <\/p>\n\n\n\n<p class=\"has-text-color\" style=\"color:#1b7db6;font-size:18px\"><strong>Eduardo Madrigal De Le\u00f3n.<\/strong><\/p>\n\n\n\n<p style=\"font-size:14px\"><strong>Director general del INPRFM&nbsp;&nbsp;&nbsp;<\/strong>&nbsp;<\/p>\n\n\n\n<hr class=\"wp-block-separator has-text-color has-alpha-channel-opacity has-background is-style-wide\" style=\"background-color:#144e70;color:#144e70\"\/>\n\n\n\n<div class=\"wp-block-buttons is-layout-flex wp-block-buttons-is-layout-flex\">\n<div class=\"wp-block-button\"><a class=\"wp-block-button__link has-background\" href=\"https:\/\/psiquiatrasapm.org.mx\/producto\/tratamientos-coadyuvantes-para-los-trastornos-del-neurodesarrollo\/\" style=\"background-color:#185477\" target=\"_blank\" rel=\"noreferrer noopener\">M\u00e1s informaci\u00f3n<\/a><\/div>\n<\/div>\n","protected":false},"excerpt":{"rendered":"<p>Francisco R. de la Pe\u00f1a Olvera Rese\u00f1a. En la actualidad existen diversas opciones de tratamiento e intervenciones para los trastornos&nbsp; del neurodesarrollo (TND), grupo de<\/p>\n","protected":false},"author":5,"featured_media":780,"comment_status":"closed","ping_status":"closed","sticky":false,"template":"","format":"standard","meta":{"footnotes":"","jetpack_publicize_message":"","jetpack_is_tweetstorm":false,"jetpack_publicize_feature_enabled":true},"categories":[10],"tags":[44,21,45,43,42],"jetpack_publicize_connections":[],"yoast_head":"<!-- This site is optimized with the Yoast SEO plugin v19.4 - https:\/\/yoast.com\/wordpress\/plugins\/seo\/ -->\n<title>Tratamientos coadyuvantes para los trastornos del Neurodesarrollo -<\/title>\n<meta name=\"description\" content=\"Tratamientos coadyuvantes para los trastornos del Neurodesarrollo\" \/>\n<meta name=\"robots\" content=\"index, follow, max-snippet:-1, max-image-preview:large, max-video-preview:-1\" \/>\n<link rel=\"canonical\" href=\"https:\/\/lafuente.mx\/?p=770\" \/>\n<meta property=\"og:locale\" content=\"es_MX\" \/>\n<meta property=\"og:type\" content=\"article\" \/>\n<meta property=\"og:title\" content=\"Tratamientos coadyuvantes para los trastornos del Neurodesarrollo\" \/>\n<meta property=\"og:description\" content=\"Tratamientos coadyuvantes para los trastornos del Neurodesarrollo\" \/>\n<meta property=\"og:url\" content=\"https:\/\/lafuente.mx\/?p=770\" \/>\n<meta property=\"article:published_time\" content=\"2023-02-10T08:00:00+00:00\" \/>\n<meta property=\"article:modified_time\" content=\"2023-02-13T20:04:55+00:00\" \/>\n<meta property=\"og:image\" content=\"http:\/\/lafuente.mx\/wp-content\/uploads\/2023\/02\/Sin-titulo-1-02.png\" \/>\n\t<meta property=\"og:image:width\" content=\"1214\" \/>\n\t<meta property=\"og:image:height\" content=\"786\" \/>\n\t<meta property=\"og:image:type\" content=\"image\/png\" \/>\n<meta name=\"author\" content=\"Dar\u00edo Ram\u00edrez\" \/>\n<meta name=\"twitter:card\" content=\"summary_large_image\" \/>\n<meta name=\"twitter:title\" content=\"Tratamientos coadyuvantes para los trastornos del Neurodesarrollo\" \/>\n<meta name=\"twitter:description\" content=\"Tratamientos coadyuvantes para los trastornos del Neurodesarrollo\" \/>\n<meta name=\"twitter:image\" content=\"https:\/\/i0.wp.com\/lafuente.mx\/wp-content\/uploads\/2023\/02\/Sin-titulo-1-02.png?fit=1214%2C786&ssl=1\" \/>\n<meta name=\"twitter:label1\" content=\"Escrito por\" \/>\n\t<meta name=\"twitter:data1\" content=\"Dar\u00edo Ram\u00edrez\" \/>\n\t<meta name=\"twitter:label2\" content=\"Tiempo de lectura\" \/>\n\t<meta name=\"twitter:data2\" content=\"2 minutos\" \/>\n<script type=\"application\/ld+json\" class=\"yoast-schema-graph\">{\"@context\":\"https:\/\/schema.org\",\"@graph\":[{\"@type\":\"WebSite\",\"@id\":\"https:\/\/lafuente.mx\/#website\",\"url\":\"https:\/\/lafuente.mx\/\",\"name\":\"\",\"description\":\"Informaci\u00f3n confiable sobre salud mental\",\"potentialAction\":[{\"@type\":\"SearchAction\",\"target\":{\"@type\":\"EntryPoint\",\"urlTemplate\":\"https:\/\/lafuente.mx\/?s={search_term_string}\"},\"query-input\":\"required name=search_term_string\"}],\"inLanguage\":\"es-MX\"},{\"@type\":\"WebPage\",\"@id\":\"https:\/\/lafuente.mx\/?p=770\",\"url\":\"https:\/\/lafuente.mx\/?p=770\",\"name\":\"Tratamientos coadyuvantes para los trastornos del Neurodesarrollo -\",\"isPartOf\":{\"@id\":\"https:\/\/lafuente.mx\/#website\"},\"datePublished\":\"2023-02-10T08:00:00+00:00\",\"dateModified\":\"2023-02-13T20:04:55+00:00\",\"author\":{\"@id\":\"https:\/\/lafuente.mx\/#\/schema\/person\/b9cc1ac3941245ec61c80638a92abfb6\"},\"description\":\"Tratamientos coadyuvantes para los trastornos del Neurodesarrollo\",\"breadcrumb\":{\"@id\":\"https:\/\/lafuente.mx\/?p=770#breadcrumb\"},\"inLanguage\":\"es-MX\",\"potentialAction\":[{\"@type\":\"ReadAction\",\"target\":[\"https:\/\/lafuente.mx\/?p=770\"]}]},{\"@type\":\"BreadcrumbList\",\"@id\":\"https:\/\/lafuente.mx\/?p=770#breadcrumb\",\"itemListElement\":[{\"@type\":\"ListItem\",\"position\":1,\"name\":\"Inicio\",\"item\":\"https:\/\/lafuente.mx\/\"},{\"@type\":\"ListItem\",\"position\":2,\"name\":\"Tratamientos coadyuvantes para los trastornos del Neurodesarrollo\"}]},{\"@type\":\"Person\",\"@id\":\"https:\/\/lafuente.mx\/#\/schema\/person\/b9cc1ac3941245ec61c80638a92abfb6\",\"name\":\"Dar\u00edo Ram\u00edrez\",\"image\":{\"@type\":\"ImageObject\",\"inLanguage\":\"es-MX\",\"@id\":\"https:\/\/lafuente.mx\/#\/schema\/person\/image\/\",\"url\":\"https:\/\/secure.gravatar.com\/avatar\/bd5441528d8085d08a897e5789079259?s=96&d=mm&r=g\",\"contentUrl\":\"https:\/\/secure.gravatar.com\/avatar\/bd5441528d8085d08a897e5789079259?s=96&d=mm&r=g\",\"caption\":\"Dar\u00edo Ram\u00edrez\"},\"url\":\"https:\/\/lafuente.mx\/?author=5\"}]}<\/script>\n<!-- \/ Yoast SEO plugin. -->","yoast_head_json":{"title":"Tratamientos coadyuvantes para los trastornos del Neurodesarrollo -","description":"Tratamientos coadyuvantes para los trastornos del Neurodesarrollo","robots":{"index":"index","follow":"follow","max-snippet":"max-snippet:-1","max-image-preview":"max-image-preview:large","max-video-preview":"max-video-preview:-1"},"canonical":"https:\/\/lafuente.mx\/?p=770","og_locale":"es_MX","og_type":"article","og_title":"Tratamientos coadyuvantes para los trastornos del Neurodesarrollo","og_description":"Tratamientos coadyuvantes para los trastornos del Neurodesarrollo","og_url":"https:\/\/lafuente.mx\/?p=770","article_published_time":"2023-02-10T08:00:00+00:00","article_modified_time":"2023-02-13T20:04:55+00:00","og_image":[{"width":1214,"height":786,"url":"http:\/\/lafuente.mx\/wp-content\/uploads\/2023\/02\/Sin-titulo-1-02.png","type":"image\/png"}],"author":"Dar\u00edo Ram\u00edrez","twitter_card":"summary_large_image","twitter_title":"Tratamientos coadyuvantes para los trastornos del Neurodesarrollo","twitter_description":"Tratamientos coadyuvantes para los trastornos del Neurodesarrollo","twitter_image":"https:\/\/i0.wp.com\/lafuente.mx\/wp-content\/uploads\/2023\/02\/Sin-titulo-1-02.png?fit=1214%2C786&ssl=1","twitter_misc":{"Escrito por":"Dar\u00edo Ram\u00edrez","Tiempo de lectura":"2 minutos"},"schema":{"@context":"https:\/\/schema.org","@graph":[{"@type":"WebSite","@id":"https:\/\/lafuente.mx\/#website","url":"https:\/\/lafuente.mx\/","name":"","description":"Informaci\u00f3n confiable sobre salud mental","potentialAction":[{"@type":"SearchAction","target":{"@type":"EntryPoint","urlTemplate":"https:\/\/lafuente.mx\/?s={search_term_string}"},"query-input":"required name=search_term_string"}],"inLanguage":"es-MX"},{"@type":"WebPage","@id":"https:\/\/lafuente.mx\/?p=770","url":"https:\/\/lafuente.mx\/?p=770","name":"Tratamientos coadyuvantes para los trastornos del Neurodesarrollo -","isPartOf":{"@id":"https:\/\/lafuente.mx\/#website"},"datePublished":"2023-02-10T08:00:00+00:00","dateModified":"2023-02-13T20:04:55+00:00","author":{"@id":"https:\/\/lafuente.mx\/#\/schema\/person\/b9cc1ac3941245ec61c80638a92abfb6"},"description":"Tratamientos coadyuvantes para los trastornos del Neurodesarrollo","breadcrumb":{"@id":"https:\/\/lafuente.mx\/?p=770#breadcrumb"},"inLanguage":"es-MX","potentialAction":[{"@type":"ReadAction","target":["https:\/\/lafuente.mx\/?p=770"]}]},{"@type":"BreadcrumbList","@id":"https:\/\/lafuente.mx\/?p=770#breadcrumb","itemListElement":[{"@type":"ListItem","position":1,"name":"Inicio","item":"https:\/\/lafuente.mx\/"},{"@type":"ListItem","position":2,"name":"Tratamientos coadyuvantes para los trastornos del Neurodesarrollo"}]},{"@type":"Person","@id":"https:\/\/lafuente.mx\/#\/schema\/person\/b9cc1ac3941245ec61c80638a92abfb6","name":"Dar\u00edo Ram\u00edrez","image":{"@type":"ImageObject","inLanguage":"es-MX","@id":"https:\/\/lafuente.mx\/#\/schema\/person\/image\/","url":"https:\/\/secure.gravatar.com\/avatar\/bd5441528d8085d08a897e5789079259?s=96&d=mm&r=g","contentUrl":"https:\/\/secure.gravatar.com\/avatar\/bd5441528d8085d08a897e5789079259?s=96&d=mm&r=g","caption":"Dar\u00edo Ram\u00edrez"},"url":"https:\/\/lafuente.mx\/?author=5"}]}},"jetpack_featured_media_url":"https:\/\/i0.wp.com\/lafuente.mx\/wp-content\/uploads\/2023\/02\/Sin-titulo-1_Mesa-de-trabajo-1.png?fit=1214%2C786&ssl=1","jetpack-related-posts":[{"id":2419,"url":"https:\/\/lafuente.mx\/?p=2419","url_meta":{"origin":770,"position":0},"title":"Tratamientos de apoyo en trastornos del neurodesarrollo","date":"julio 9, 2024","format":false,"excerpt":"CONFERENCIA 10 de cada mes 10 de julio Hablemos de salud mental Ponentes: Emmanuel Sarmiento Hern\u00e1ndezFrancisco de la Pe\u00f1a Olvera Hablamos de todos los tratamientos coadyuvantes que tienen evidencia en los trastornos del neurodesarrollo (TEA, TDAH, Discapacidad Intelectual, etc.). - Actividad F\u00edsica- Biorretroalimentaci\u00f3n- Dieta- Estimulaci\u00f3n Magn\u00e9tica Transcraneal- Equinoterapia Por Facebook","rel":"","context":"En &quot;Eventos Acad\u00e9micos del INPRFM&quot;","img":{"alt_text":"","src":"https:\/\/i0.wp.com\/lafuente.mx\/wp-content\/uploads\/2024\/07\/WhatsApp-Image-2024-07-03-at-10.12.00-AM.jpeg?fit=1200%2C900&ssl=1&resize=350%2C200","width":350,"height":200},"classes":[]},{"id":2252,"url":"https:\/\/lafuente.mx\/?p=2252","url_meta":{"origin":770,"position":1},"title":"Descripciones cl\u00ednicas y requisitos de diagn\u00f3stico para los trastornos mentales, del comportamiento y del neurodesarrollo (CDDR) de la CIE-11\u00a0","date":"abril 30, 2024","format":false,"excerpt":"National InsCr\u00e9ditos de colaboraci\u00f3n en M\u00e9xico\u00a0 Sites: National Institute of Psychiatry Ram\u00f3n de la Fuente Mu\u00f1iz, WHO Collaborating Centre on Mental Health and Addictions; Child Psychiatric Hospital Juan N Navarro; National Institute of Neurology and Neurosurgery Manuel Velasco Su\u00e1rez Site directors: Mar\u00eda Elena MedinaMora, Eduardo Arroyo Garc\u00eda, Miguel \u00c1ngel Celis\u2026","rel":"","context":"En &quot;Revista Salud Mental&quot;","img":{"alt_text":"","src":"https:\/\/i0.wp.com\/lafuente.mx\/wp-content\/uploads\/2024\/04\/OMS-700x467-1.jpg?fit=700%2C467&ssl=1&resize=350%2C200","width":350,"height":200},"classes":[]},{"id":2413,"url":"https:\/\/lafuente.mx\/?p=2413","url_meta":{"origin":770,"position":2},"title":"MENTALIZARTE","date":"julio 2, 2024","format":false,"excerpt":"En julio hablaremos sobreTratamientos coadyuvantes en los trastornos del neurodesarrollo MENTALIZARTE es el proyecto de difusi\u00f3n en temas de salud mental del Instituto Nacional de Psiquiatr\u00eda Ram\u00f3n de la Fuente Mu\u00f1iz (INPRFM). M\u00e1s informaci\u00f3n","rel":"","context":"En &quot;Informaci\u00f3n de inter\u00e9s&quot;","img":{"alt_text":"","src":"https:\/\/i0.wp.com\/lafuente.mx\/wp-content\/uploads\/2024\/07\/WhatsApp-Image-2024-07-01-at-10.51.52-AM.jpeg?fit=1200%2C692&ssl=1&resize=350%2C200","width":350,"height":200},"classes":[]},{"id":1338,"url":"https:\/\/lafuente.mx\/?p=1338","url_meta":{"origin":770,"position":3},"title":"Datos de alarma en trastornos del neurodesarrollo: tips para pap\u00e1s","date":"julio 3, 2023","format":false,"excerpt":"Imagen INPRFM, Mentalizarte CONFERENCIA 10 de julio 12:00 horas Hablemos de salud mental 10 DE CADA MES Ponentes: Enrique Navarro LunaMauricio Leija Esparza M\u00e1s informaci\u00f3n","rel":"","context":"En &quot;Eventos Acad\u00e9micos del INPRFM&quot;","img":{"alt_text":"","src":"https:\/\/i0.wp.com\/lafuente.mx\/wp-content\/uploads\/2023\/06\/WhatsApp-Image-2023-06-26-at-1.14.35-PM.jpeg?fit=1108%2C940&ssl=1&resize=350%2C200","width":350,"height":200},"classes":[]},{"id":481,"url":"https:\/\/lafuente.mx\/?p=481","url_meta":{"origin":770,"position":4},"title":"Autismo, un trastorno con diagn\u00f3stico tard\u00edo","date":"octubre 26, 2022","format":false,"excerpt":"Este padecimiento, que se manifiesta en los primeros dos a\u00f1os de vida, se acompa\u00f1a de otros problemas del neurodesarrollo, tales como discapacidad intelectual y epilepsia\u00a0 Genoveva Ortiz | La Prensa\u00a0 El Trastorno del Espectro Autista (TEA) es un desorden del neurodesarrollo que afecta a uno de cada 116 ni\u00f1os en\u2026","rel":"","context":"En &quot;Noticias&quot;","img":{"alt_text":"","src":"https:\/\/i0.wp.com\/lafuente.mx\/wp-content\/uploads\/2022\/10\/juegos-didacticos.jpeg?fit=700%2C450&ssl=1&resize=350%2C200","width":350,"height":200},"classes":[]},{"id":680,"url":"https:\/\/lafuente.mx\/?p=680","url_meta":{"origin":770,"position":5},"title":"Salud mental de las ni\u00f1as, ni\u00f1os y adolescentes en el contexto familiar\u00a0\u00a0","date":"enero 25, 2023","format":false,"excerpt":"Diplomados en l\u00ednea Generaci\u00f3n 2023 COORDINADORA ACAD\u00c9MICA: Dra. Diana Patricia Gu\u00edzar S\u00e1nchez\u00a0 Diplomado dirigido a personal de medicina general, medicina especializada, psicolog\u00eda y terapia del \u00e1rea de la salud mental.\u00a0 Objetivo general y contenido tem\u00e1tico Evaluar las \u00e1reas de oportunidad en las ni\u00f1as, ni\u00f1os y adolescentes dentro del contexto familiar\u2026","rel":"","context":"En &quot;Cursos&quot;","img":{"alt_text":"","src":"https:\/\/i0.wp.com\/lafuente.mx\/wp-content\/uploads\/2023\/01\/imagenSMNA.jpg?fit=1200%2C526&ssl=1&resize=350%2C200","width":350,"height":200},"classes":[]}],"jetpack_sharing_enabled":true,"jetpack_shortlink":"https:\/\/wp.me\/pe9WUx-cq","_links":{"self":[{"href":"https:\/\/lafuente.mx\/index.php?rest_route=\/wp\/v2\/posts\/770"}],"collection":[{"href":"https:\/\/lafuente.mx\/index.php?rest_route=\/wp\/v2\/posts"}],"about":[{"href":"https:\/\/lafuente.mx\/index.php?rest_route=\/wp\/v2\/types\/post"}],"author":[{"embeddable":true,"href":"https:\/\/lafuente.mx\/index.php?rest_route=\/wp\/v2\/users\/5"}],"replies":[{"embeddable":true,"href":"https:\/\/lafuente.mx\/index.php?rest_route=%2Fwp%2Fv2%2Fcomments&post=770"}],"version-history":[{"count":13,"href":"https:\/\/lafuente.mx\/index.php?rest_route=\/wp\/v2\/posts\/770\/revisions"}],"predecessor-version":[{"id":828,"href":"https:\/\/lafuente.mx\/index.php?rest_route=\/wp\/v2\/posts\/770\/revisions\/828"}],"wp:featuredmedia":[{"embeddable":true,"href":"https:\/\/lafuente.mx\/index.php?rest_route=\/wp\/v2\/media\/780"}],"wp:attachment":[{"href":"https:\/\/lafuente.mx\/index.php?rest_route=%2Fwp%2Fv2%2Fmedia&parent=770"}],"wp:term":[{"taxonomy":"category","embeddable":true,"href":"https:\/\/lafuente.mx\/index.php?rest_route=%2Fwp%2Fv2%2Fcategories&post=770"},{"taxonomy":"post_tag","embeddable":true,"href":"https:\/\/lafuente.mx\/index.php?rest_route=%2Fwp%2Fv2%2Ftags&post=770"}],"curies":[{"name":"wp","href":"https:\/\/api.w.org\/{rel}","templated":true}]}}