{"id":76,"date":"2022-07-29T19:40:49","date_gmt":"2022-07-29T19:40:49","guid":{"rendered":"https:\/\/lafuente.mx\/?p=76"},"modified":"2022-08-11T14:15:03","modified_gmt":"2022-08-11T14:15:03","slug":"probando-una-escala-de-afrontamiento-en-familias-mexicanas-ante-la-pandemia-de-covid-19-explorando-las-propiedades-psicometricas","status":"publish","type":"post","link":"https:\/\/lafuente.mx\/?p=76","title":{"rendered":"Probando una escala de afrontamiento en familias mexicanas ante la pandemia de COVID-19: explorando las propiedades psicom\u00e9tricas"},"content":{"rendered":"\t\t<div data-elementor-type=\"wp-post\" data-elementor-id=\"76\" class=\"elementor elementor-76\">\n\t\t\t\t\t\t\t\t\t<section class=\"elementor-section elementor-top-section elementor-element elementor-element-188e9add elementor-section-boxed elementor-section-height-default elementor-section-height-default\" data-id=\"188e9add\" data-element_type=\"section\">\n\t\t\t\t\t\t<div class=\"elementor-container elementor-column-gap-default\">\n\t\t\t\t\t<div class=\"elementor-column elementor-col-100 elementor-top-column elementor-element elementor-element-6f1f6a38\" data-id=\"6f1f6a38\" data-element_type=\"column\">\n\t\t\t<div class=\"elementor-widget-wrap elementor-element-populated\">\n\t\t\t\t\t\t\t\t<div class=\"elementor-element elementor-element-29808c4f elementor-widget elementor-widget-text-editor\" data-id=\"29808c4f\" data-element_type=\"widget\" data-widget_type=\"text-editor.default\">\n\t\t\t\t<div class=\"elementor-widget-container\">\n\t\t\t<style>\/*! elementor - v3.6.8 - 27-07-2022 *\/\n.elementor-widget-text-editor.elementor-drop-cap-view-stacked .elementor-drop-cap{background-color:#818a91;color:#fff}.elementor-widget-text-editor.elementor-drop-cap-view-framed .elementor-drop-cap{color:#818a91;border:3px solid;background-color:transparent}.elementor-widget-text-editor:not(.elementor-drop-cap-view-default) .elementor-drop-cap{margin-top:8px}.elementor-widget-text-editor:not(.elementor-drop-cap-view-default) .elementor-drop-cap-letter{width:1em;height:1em}.elementor-widget-text-editor .elementor-drop-cap{float:left;text-align:center;line-height:1;font-size:50px}.elementor-widget-text-editor .elementor-drop-cap-letter{display:inline-block}<\/style>\t\t\t\t<p><!-- wp:separator {\"className\":\"is-style-wide\"} --><\/p>\n<hr class=\"wp-block-separator has-alpha-channel-opacity is-style-wide\" \/>\n<p><!-- \/wp:separator --><\/p>\n<p><!-- wp:paragraph {\"style\":{\"typography\":{\"fontSize\":\"12px\"}},\"textColor\":\"black\"} --><\/p>\n<p class=\"has-black-color has-text-color\" style=\"font-size: 12px;\"><em>Xolyanetzin Montero-Pardo,1Marla Naiv\u00ed Toiber-Rodr\u00edguez,<sup>2<\/sup> Joaqu\u00edn AlbertoPadilla-Bautista,<sup>3<\/sup> CintiaAguilar-Delgadillo,<sup>4<\/sup> F\u00e1tima Sagrario Espinoza-Salgado,<sup>4<\/sup> \u00c1ngel EduardoVelasco-Rojano<sup>5<\/sup><\/em>\u00a0<\/p>\n<p><!-- \/wp:paragraph --><\/p>\n<p><!-- wp:paragraph {\"style\":{\"typography\":{\"fontSize\":\"12px\"}},\"textColor\":\"black\"} --><\/p>\n<p class=\"has-black-color has-text-color\" style=\"font-size: 12px;\"><em><sup>1 <\/sup>Escuela de Psicolog\u00eda Mazatl\u00e1n, Universidad Aut\u00f3noma de Sinaloa, Sinaloa, M\u00e9xico.<\/em>\u00a0<\/p>\n<p><!-- \/wp:paragraph --><\/p>\n<p><!-- wp:paragraph {\"style\":{\"typography\":{\"fontSize\":\"12px\"}},\"textColor\":\"black\"} --><\/p>\n<p class=\"has-black-color has-text-color\" style=\"font-size: 12px;\"><em><sup>2<\/sup> Servicio de Salud Mental, Cl\u00ednica Especializada Condesa-Iztapalapa Dr. Jaime Sep\u00falveda-Amor, Ciudad de M\u00e9xico, M\u00e9xico.<\/em>\u00a0<\/p>\n<p><!-- \/wp:paragraph --><\/p>\n<p><!-- wp:paragraph {\"style\":{\"typography\":{\"fontSize\":\"12px\"}},\"textColor\":\"black\"} --><\/p>\n<p class=\"has-black-color has-text-color\" style=\"font-size: 12px;\"><em><sup>3<\/sup>Facultad de Ingenier\u00eda y Negocios Guadalupe Victoria, Universidad Aut\u00f3noma de Baja California, Baja California, M\u00e9xico.<\/em>\u00a0<\/p>\n<p><!-- \/wp:paragraph --><\/p>\n<p><!-- wp:paragraph {\"style\":{\"typography\":{\"fontSize\":\"12px\"}},\"textColor\":\"black\"} --><\/p>\n<p class=\"has-black-color has-text-color\" style=\"font-size: 12px;\"><em><sup>4<\/sup>Programa de Maestr\u00eda y Doctorado en Psicolog\u00eda, Universidad Nacional Aut\u00f3noma de M\u00e9xico, Ciudad<\/em> <em>de M\u00e9xico, M\u00e9xico.<\/em>\u00a0<\/p>\n<p><!-- \/wp:paragraph --><\/p>\n<p><!-- wp:paragraph {\"style\":{\"typography\":{\"fontSize\":\"12px\"}},\"textColor\":\"black\"} --><\/p>\n<p class=\"has-black-color has-text-color\" style=\"font-size: 12px;\"><em><sup>5 <\/sup>Laboratorio de Estudios de Salud y Educaci\u00f3n, Universidad del Valle de M\u00e9xico, Ciudad de M\u00e9xico,<\/em> <em>M\u00e9xico.<\/em>\u00a0<\/p>\n<p><!-- \/wp:paragraph --><\/p>\n<p><!-- wp:separator {\"className\":\"is-style-wide\"} --><\/p>\n<hr class=\"wp-block-separator has-alpha-channel-opacity is-style-wide\" \/>\n<p><!-- \/wp:separator --><\/p>\n<p><!-- wp:image {\"id\":95,\"sizeSlug\":\"full\",\"linkDestination\":\"none\"} --><\/p>\n<figure class=\"wp-block-image size-full\"><img decoding=\"async\" loading=\"lazy\" width=\"1880\" height=\"1253\" class=\"wp-image-95\" src=\"https:\/\/i0.wp.com\/lafuente.mx\/wp-content\/uploads\/2022\/07\/pexels-photo-4031818.jpeg?w=640&#038;ssl=1\" alt=\"woman having a video call\" data-recalc-dims=\"1\" srcset=\"https:\/\/i0.wp.com\/lafuente.mx\/wp-content\/uploads\/2022\/07\/pexels-photo-4031818.jpeg?w=1880&amp;ssl=1 1880w, https:\/\/i0.wp.com\/lafuente.mx\/wp-content\/uploads\/2022\/07\/pexels-photo-4031818.jpeg?resize=300%2C200&amp;ssl=1 300w, https:\/\/i0.wp.com\/lafuente.mx\/wp-content\/uploads\/2022\/07\/pexels-photo-4031818.jpeg?resize=1024%2C682&amp;ssl=1 1024w, https:\/\/i0.wp.com\/lafuente.mx\/wp-content\/uploads\/2022\/07\/pexels-photo-4031818.jpeg?resize=768%2C512&amp;ssl=1 768w, https:\/\/i0.wp.com\/lafuente.mx\/wp-content\/uploads\/2022\/07\/pexels-photo-4031818.jpeg?resize=1536%2C1024&amp;ssl=1 1536w, https:\/\/i0.wp.com\/lafuente.mx\/wp-content\/uploads\/2022\/07\/pexels-photo-4031818.jpeg?w=1280 1280w\" sizes=\"(max-width: 640px) 100vw, 640px\" \/>\n<p>\u00a0<\/p>\n<figcaption>Photo by Edward Jenner on <a href=\"https:\/\/www.pexels.com\/photo\/woman-having-a-video-call-4031818\/\" rel=\"nofollow\">Pexels.com<\/a><\/figcaption>\n<\/figure>\n<p><!-- \/wp:image --><\/p>\n<p><!-- wp:paragraph {\"textColor\":\"black\"} --><\/p>\n<p class=\"has-black-color has-text-color\"><strong>Introducci\u00f3n<\/strong><\/p>\n<p><!-- \/wp:paragraph --><\/p>\n<p><!-- wp:paragraph {\"textColor\":\"black\"} --><\/p>\n<p class=\"has-black-color has-text-color\">La r\u00e1pida propagaci\u00f3n de la pandemia por el virus SARS-CoV-2, m\u00e1s conocido como COVID-19, requiri\u00f3 medidas sanitarias, como el distanciamiento social y la cuarentena, que representaron estresores no normativos para las familias mexicanas.\u00a0<\/p>\n<p><strong>Objetivo<\/strong><\/p>\n<p><!-- \/wp:paragraph --><\/p>\n<p><!-- wp:paragraph {\"textColor\":\"black\"} --><\/p>\n<p class=\"has-black-color has-text-color\">Obtenci\u00f3n de evidencia de la validez y confiabilidad de una escala de afrontamiento familiar ante la pandemia de COVID-19.\u00a0<\/p>\n<p><strong>M\u00e9todo<\/strong><\/p>\n<p><!-- \/wp:paragraph --><\/p>\n<p><!-- wp:paragraph {\"textColor\":\"black\"} --><\/p>\n<p class=\"has-black-color has-text-color\">Se desarroll\u00f3 un cuestionario que conten\u00eda 48 \u00edtems y las respuestas se recopilaron mediante formularios de Google con un total de 558 participantes. Se realizaron an\u00e1lisis factoriales exploratorios y confirmatorios para obtener la confiabilidad y validez de la escala.\u00a0<\/p>\n<p><strong>Resultados<\/strong><\/p>\n<p><!-- \/wp:paragraph --><\/p>\n<p><!-- wp:paragraph {\"textColor\":\"black\"} --><\/p>\n<p class=\"has-black-color has-text-color\">El instrumento est\u00e1 compuesto por seis factores que explican el 67,27% de la varianza. La escala ten\u00eda un coeficiente omega de McDonald&#8217;s de .82 y el modelo ten\u00eda un buen ajuste con la mayor\u00eda de los valores iguales o superiores a .90.\u00a0<\/p>\n<p><strong>Discusiones y conclusiones<\/strong><\/p>\n<p><!-- \/wp:paragraph --><\/p>\n<p><!-- wp:paragraph {\"textColor\":\"black\"} --><\/p>\n<p class=\"has-black-color has-text-color\">Los \u00edtems finales mostraron adecuada congruencia te\u00f3rica y buenos indicadores de ajuste. Estos resultados permiten afirmar que los factores 1, 2, 5 y 6 aluden a una buena adaptaci\u00f3n familiar frente a la pandemia. Por su parte, los factores 3 y 4 indican una pobre adaptaci\u00f3n familiar. Entre los principales aportes de este estudio se encuentra que esta es una de las primeras escalas en abordar el tema en M\u00e9xico, seguido de datos estad\u00edsticos que sugieren que la escala posee propiedades psicom\u00e9tricas adecuadas para ser utilizada en poblaci\u00f3n mexicana.\u00a0\u00a0<\/p>\n<p><!-- \/wp:group --><\/p>\t\t\t\t\t\t<\/div>\n\t\t\t\t<\/div>\n\t\t\t\t<div class=\"elementor-element elementor-element-f1645a8 elementor-widget elementor-widget-button\" data-id=\"f1645a8\" data-element_type=\"widget\" data-widget_type=\"button.default\">\n\t\t\t\t<div class=\"elementor-widget-container\">\n\t\t\t\t\t<div class=\"elementor-button-wrapper\">\n\t\t\t<a href=\"http:\/\/revistasaludmental.mx\/index.php\/salud_mental\/article\/view\/SM.0185-3325.2022.015\/4091\" class=\"elementor-button-link elementor-button elementor-size-sm\" role=\"button\">\n\t\t\t\t\t\t<span class=\"elementor-button-content-wrapper\">\n\t\t\t\t\t\t<span class=\"elementor-button-text\">Leer m\u00e1s...<\/span>\n\t\t<\/span>\n\t\t\t\t\t<\/a>\n\t\t<\/div>\n\t\t\t\t<\/div>\n\t\t\t\t<\/div>\n\t\t\t\t\t<\/div>\n\t\t<\/div>\n\t\t\t\t\t\t\t<\/div>\n\t\t<\/section>\n\t\t\t\t\t\t\t<\/div>\n\t\t","protected":false},"excerpt":{"rendered":"<p>Xolyanetzin Montero-Pardo,1Marla Naiv\u00ed Toiber-Rodr\u00edguez,2 Joaqu\u00edn AlbertoPadilla-Bautista,3 CintiaAguilar-Delgadillo,4 F\u00e1tima Sagrario Espinoza-Salgado,4 \u00c1ngel EduardoVelasco-Rojano5\u00a0 1 Escuela de Psicolog\u00eda Mazatl\u00e1n, Universidad Aut\u00f3noma de Sinaloa, Sinaloa, M\u00e9xico.\u00a0 2 Servicio<\/p>\n","protected":false},"author":1,"featured_media":0,"comment_status":"open","ping_status":"open","sticky":false,"template":"","format":"standard","meta":{"footnotes":"","jetpack_publicize_message":"","jetpack_is_tweetstorm":false,"jetpack_publicize_feature_enabled":true},"categories":[11],"tags":[],"jetpack_publicize_connections":[],"yoast_head":"<!-- This site is optimized with the Yoast SEO plugin v19.4 - https:\/\/yoast.com\/wordpress\/plugins\/seo\/ -->\n<title>Probando una escala de afrontamiento en familias mexicanas ante la pandemia de COVID-19: explorando las propiedades psicom\u00e9tricas -<\/title>\n<meta name=\"robots\" content=\"index, follow, max-snippet:-1, max-image-preview:large, max-video-preview:-1\" \/>\n<link rel=\"canonical\" href=\"https:\/\/lafuente.mx\/?p=76\" \/>\n<meta property=\"og:locale\" content=\"es_MX\" \/>\n<meta property=\"og:type\" content=\"article\" \/>\n<meta property=\"og:title\" content=\"Probando una escala de afrontamiento en familias mexicanas ante la pandemia de COVID-19: explorando las propiedades psicom\u00e9tricas -\" \/>\n<meta property=\"og:description\" content=\"Xolyanetzin Montero-Pardo,1Marla Naiv\u00ed Toiber-Rodr\u00edguez,2 Joaqu\u00edn AlbertoPadilla-Bautista,3 CintiaAguilar-Delgadillo,4 F\u00e1tima Sagrario Espinoza-Salgado,4 \u00c1ngel EduardoVelasco-Rojano5\u00a0 1 Escuela de Psicolog\u00eda Mazatl\u00e1n, Universidad Aut\u00f3noma de Sinaloa, Sinaloa, M\u00e9xico.\u00a0 2 Servicio\" \/>\n<meta property=\"og:url\" content=\"https:\/\/lafuente.mx\/?p=76\" \/>\n<meta property=\"article:published_time\" content=\"2022-07-29T19:40:49+00:00\" \/>\n<meta property=\"article:modified_time\" content=\"2022-08-11T14:15:03+00:00\" \/>\n<meta property=\"og:image\" content=\"https:\/\/lafuente.mx\/wp-content\/uploads\/2022\/07\/pexels-photo-4031818.jpeg\" \/>\n<meta name=\"author\" content=\"audiovisuales.inprfm@gmail.com\" \/>\n<meta name=\"twitter:card\" content=\"summary_large_image\" \/>\n<meta name=\"twitter:label1\" content=\"Escrito por\" \/>\n\t<meta name=\"twitter:data1\" content=\"audiovisuales.inprfm@gmail.com\" \/>\n\t<meta name=\"twitter:label2\" content=\"Tiempo de lectura\" \/>\n\t<meta name=\"twitter:data2\" content=\"2 minutos\" \/>\n<script type=\"application\/ld+json\" class=\"yoast-schema-graph\">{\"@context\":\"https:\/\/schema.org\",\"@graph\":[{\"@type\":\"WebSite\",\"@id\":\"https:\/\/lafuente.mx\/#website\",\"url\":\"https:\/\/lafuente.mx\/\",\"name\":\"\",\"description\":\"Informaci\u00f3n confiable sobre salud mental\",\"potentialAction\":[{\"@type\":\"SearchAction\",\"target\":{\"@type\":\"EntryPoint\",\"urlTemplate\":\"https:\/\/lafuente.mx\/?s={search_term_string}\"},\"query-input\":\"required name=search_term_string\"}],\"inLanguage\":\"es-MX\"},{\"@type\":\"WebPage\",\"@id\":\"https:\/\/lafuente.mx\/?p=76\",\"url\":\"https:\/\/lafuente.mx\/?p=76\",\"name\":\"Probando una escala de afrontamiento en familias mexicanas ante la pandemia de COVID-19: explorando las propiedades psicom\u00e9tricas -\",\"isPartOf\":{\"@id\":\"https:\/\/lafuente.mx\/#website\"},\"datePublished\":\"2022-07-29T19:40:49+00:00\",\"dateModified\":\"2022-08-11T14:15:03+00:00\",\"author\":{\"@id\":\"https:\/\/lafuente.mx\/#\/schema\/person\/e2ec3823bfbc22ac617094485eb22edf\"},\"breadcrumb\":{\"@id\":\"https:\/\/lafuente.mx\/?p=76#breadcrumb\"},\"inLanguage\":\"es-MX\",\"potentialAction\":[{\"@type\":\"ReadAction\",\"target\":[\"https:\/\/lafuente.mx\/?p=76\"]}]},{\"@type\":\"BreadcrumbList\",\"@id\":\"https:\/\/lafuente.mx\/?p=76#breadcrumb\",\"itemListElement\":[{\"@type\":\"ListItem\",\"position\":1,\"name\":\"Inicio\",\"item\":\"https:\/\/lafuente.mx\/\"},{\"@type\":\"ListItem\",\"position\":2,\"name\":\"Probando una escala de afrontamiento en familias mexicanas ante la pandemia de COVID-19: explorando las propiedades psicom\u00e9tricas\"}]},{\"@type\":\"Person\",\"@id\":\"https:\/\/lafuente.mx\/#\/schema\/person\/e2ec3823bfbc22ac617094485eb22edf\",\"name\":\"audiovisuales.inprfm@gmail.com\",\"image\":{\"@type\":\"ImageObject\",\"inLanguage\":\"es-MX\",\"@id\":\"https:\/\/lafuente.mx\/#\/schema\/person\/image\/\",\"url\":\"https:\/\/secure.gravatar.com\/avatar\/af05e058952935ce812d2deeb54df38f?s=96&d=mm&r=g\",\"contentUrl\":\"https:\/\/secure.gravatar.com\/avatar\/af05e058952935ce812d2deeb54df38f?s=96&d=mm&r=g\",\"caption\":\"audiovisuales.inprfm@gmail.com\"},\"sameAs\":[\"http:\/\/lafuente.mx\"],\"url\":\"https:\/\/lafuente.mx\/?author=1\"}]}<\/script>\n<!-- \/ Yoast SEO plugin. -->","yoast_head_json":{"title":"Probando una escala de afrontamiento en familias mexicanas ante la pandemia de COVID-19: explorando las propiedades psicom\u00e9tricas -","robots":{"index":"index","follow":"follow","max-snippet":"max-snippet:-1","max-image-preview":"max-image-preview:large","max-video-preview":"max-video-preview:-1"},"canonical":"https:\/\/lafuente.mx\/?p=76","og_locale":"es_MX","og_type":"article","og_title":"Probando una escala de afrontamiento en familias mexicanas ante la pandemia de COVID-19: explorando las propiedades psicom\u00e9tricas -","og_description":"Xolyanetzin Montero-Pardo,1Marla Naiv\u00ed Toiber-Rodr\u00edguez,2 Joaqu\u00edn AlbertoPadilla-Bautista,3 CintiaAguilar-Delgadillo,4 F\u00e1tima Sagrario Espinoza-Salgado,4 \u00c1ngel EduardoVelasco-Rojano5\u00a0 1 Escuela de Psicolog\u00eda Mazatl\u00e1n, Universidad Aut\u00f3noma de Sinaloa, Sinaloa, M\u00e9xico.\u00a0 2 Servicio","og_url":"https:\/\/lafuente.mx\/?p=76","article_published_time":"2022-07-29T19:40:49+00:00","article_modified_time":"2022-08-11T14:15:03+00:00","og_image":[{"url":"https:\/\/lafuente.mx\/wp-content\/uploads\/2022\/07\/pexels-photo-4031818.jpeg"}],"author":"audiovisuales.inprfm@gmail.com","twitter_card":"summary_large_image","twitter_misc":{"Escrito por":"audiovisuales.inprfm@gmail.com","Tiempo de lectura":"2 minutos"},"schema":{"@context":"https:\/\/schema.org","@graph":[{"@type":"WebSite","@id":"https:\/\/lafuente.mx\/#website","url":"https:\/\/lafuente.mx\/","name":"","description":"Informaci\u00f3n confiable sobre salud mental","potentialAction":[{"@type":"SearchAction","target":{"@type":"EntryPoint","urlTemplate":"https:\/\/lafuente.mx\/?s={search_term_string}"},"query-input":"required name=search_term_string"}],"inLanguage":"es-MX"},{"@type":"WebPage","@id":"https:\/\/lafuente.mx\/?p=76","url":"https:\/\/lafuente.mx\/?p=76","name":"Probando una escala de afrontamiento en familias mexicanas ante la pandemia de COVID-19: explorando las propiedades psicom\u00e9tricas -","isPartOf":{"@id":"https:\/\/lafuente.mx\/#website"},"datePublished":"2022-07-29T19:40:49+00:00","dateModified":"2022-08-11T14:15:03+00:00","author":{"@id":"https:\/\/lafuente.mx\/#\/schema\/person\/e2ec3823bfbc22ac617094485eb22edf"},"breadcrumb":{"@id":"https:\/\/lafuente.mx\/?p=76#breadcrumb"},"inLanguage":"es-MX","potentialAction":[{"@type":"ReadAction","target":["https:\/\/lafuente.mx\/?p=76"]}]},{"@type":"BreadcrumbList","@id":"https:\/\/lafuente.mx\/?p=76#breadcrumb","itemListElement":[{"@type":"ListItem","position":1,"name":"Inicio","item":"https:\/\/lafuente.mx\/"},{"@type":"ListItem","position":2,"name":"Probando una escala de afrontamiento en familias mexicanas ante la pandemia de COVID-19: explorando las propiedades psicom\u00e9tricas"}]},{"@type":"Person","@id":"https:\/\/lafuente.mx\/#\/schema\/person\/e2ec3823bfbc22ac617094485eb22edf","name":"audiovisuales.inprfm@gmail.com","image":{"@type":"ImageObject","inLanguage":"es-MX","@id":"https:\/\/lafuente.mx\/#\/schema\/person\/image\/","url":"https:\/\/secure.gravatar.com\/avatar\/af05e058952935ce812d2deeb54df38f?s=96&d=mm&r=g","contentUrl":"https:\/\/secure.gravatar.com\/avatar\/af05e058952935ce812d2deeb54df38f?s=96&d=mm&r=g","caption":"audiovisuales.inprfm@gmail.com"},"sameAs":["http:\/\/lafuente.mx"],"url":"https:\/\/lafuente.mx\/?author=1"}]}},"jetpack_featured_media_url":"","jetpack-related-posts":[{"id":2548,"url":"https:\/\/lafuente.mx\/?p=2548","url_meta":{"origin":76,"position":0},"title":"Salud mental de los pacientes y duraci\u00f3n de la estancia en servicios de urgencias en M\u00e9xico\u00a0","date":"septiembre 12, 2024","format":false,"excerpt":"Edgar Landa-Ram\u00edrez\u00a01\u00a0,\u00a02\u00a0, Lesly Pamela D\u00edaz-V\u00e1squez\u00a03\u00a0,\u00a01\u00a0, Myriam Eunice Hern\u00e1ndez-Nu\u00f1ez\u00a02\u00a0,\u00a01\u00a0, Juan Castillo-Cruz\u00a04\u00a0, Guadalupe Ximena Ortega-Ram\u00edrez\u00a02\u00a0,\u00a01\u00a0, Alma Haide Guerrero-Mart\u00ednez\u00a02\u00a0,\u00a01\u00a0, Nadia Alejandra Dom\u00ednguez-Vieyra\u00a02\u00a0,\u00a01\u00a0, Antonio L\u00f3pez-G\u00f3mez\u00a05\u00a0 1\u00a0Programa de Psicolog\u00eda Urgencias, Hospital General Dr. Manuel Gea Gonz\u00e1lez, Ciudad de M\u00e9xico, M\u00e9xico.\u00a0 2\u00a0Facultad de Psicolog\u00eda, Universidad Nacional Aut\u00f3noma de M\u00e9xico, Ciudad de M\u00e9xico, M\u00e9xico.\u00a0 3\u00a0Facultad de Psicolog\u00eda,\u2026","rel":"","context":"En &quot;Revista Salud Mental&quot;","img":{"alt_text":"","src":"https:\/\/i0.wp.com\/lafuente.mx\/wp-content\/uploads\/2024\/09\/DSC_0300-edited-scaled.jpg?fit=1200%2C797&ssl=1&resize=350%2C200","width":350,"height":200},"classes":[]},{"id":1187,"url":"https:\/\/lafuente.mx\/?p=1187","url_meta":{"origin":76,"position":1},"title":"Prevalencia de sintomatolog\u00eda y factores de riesgo en salud mental en M\u00e9xico: la cohorte ENCODAT 2016-17\u00a0","date":"mayo 2, 2023","format":false,"excerpt":"Por\u00a0Mar\u00eda Elena Medina Mora1,2,3\u00a0,Alma Delia Genis-Mendoza4,5,*,Jorge Ameth Villatoro Vel\u00e1zquez 1,6\u00a0, Marycarmen Bustos-Gami\u00f1o 6\u00a0, Clara Fleiz Bautista 1,6\u00a0, Beatriz Camarena 7\u00a0, Jos\u00e9 Jaime Mart\u00ednez-Maga\u00f1a 4\u00a0yHumberto Nicolini 4,*\u00a0 1\u00a0 Seminario de Estudios Globales, Facultad de Medicina, Universidad Nacional Aut\u00f3noma de M\u00e9xico (UNAM), Ciudad de M\u00e9xico 04510, M\u00e9xico\u00a0 2\u00a0 Director, Facultad de Psicolog\u00eda,\u2026","rel":"","context":"En &quot;Publicaciones&quot;","img":{"alt_text":"","src":"https:\/\/i0.wp.com\/lafuente.mx\/wp-content\/uploads\/2023\/05\/WhatsApp-Image-2023-05-15-at-10.36.19-AM.jpeg?fit=845%2C1200&ssl=1&resize=350%2C200","width":350,"height":200},"classes":[]},{"id":1960,"url":"https:\/\/lafuente.mx\/?p=1960","url_meta":{"origin":76,"position":2},"title":"M\u00e9xico en las Naciones Unidas: Un paso adelante para la salud mental\u00a0","date":"diciembre 18, 2023","format":false,"excerpt":"Eduardo A.Madrigal de Le\u00f3n,1\u00a0 ShoshanaBerenzon Gorn,2\u00a0 1 Direcci\u00f3n General, Instituto Nacional de Psiquiatr\u00eda Ram\u00f3n de la Fuente Mu\u00f1iz, Ciudad de M\u00e9xico, M\u00e9xico.\u00a0 2 Direcci\u00f3n de Investigaciones Epidemiol\u00f3gicas y Psicosociales, Instituto Nacional de Psiquiatr\u00eda Ram\u00f3n de la Fuente Mu\u00f1iz, Ciudad de M\u00e9xico, M\u00e9xico\u00a0 Salud Mental, Vol. 46, Issue 6, November-December 2023\u00a0\u2026","rel":"","context":"En &quot;Revista Salud Mental&quot;","img":{"alt_text":"","src":"https:\/\/i0.wp.com\/lafuente.mx\/wp-content\/uploads\/2023\/12\/consejo-seguridad-onu.jpg?fit=1067%2C557&ssl=1&resize=350%2C200","width":350,"height":200},"classes":[]},{"id":506,"url":"https:\/\/lafuente.mx\/?p=506","url_meta":{"origin":76,"position":3},"title":"Cuidar y ser madre durante la pandemia del SARS-COV2: caracter\u00edsticas de las m\u00e9dicos-madres durante la COVID-19 y su impacto en la salud mental\u00a0","date":"octubre 28, 2022","format":false,"excerpt":"Ingrid Vargas-Huicochea,1 Shoshana Berenzon, 2 Silvia AracelyTafoya,1 Diana Patricia Gu\u00edzar-S\u00e1nchez,3 NoraKelsall, 4 Ana Carolina Rodr\u00edguez-Machain, 1 Atenea Lanz-Uribe 5\u00a0 1 Departamento de Psiquiatr\u00eda y Salud Mental, Facultad de Medicina, Universidad Nacional Aut\u00f3noma de M\u00e9xico, Ciudad de M\u00e9xico, M\u00e9xico.\u00a0 2 Direcci\u00f3n de Investigaciones Epidemiol\u00f3gicas y Psicosociales, Instituto Nacional de Psiquiatr\u00eda Ram\u00f3n\u2026","rel":"","context":"En &quot;Revista Salud Mental&quot;","img":{"alt_text":"","src":"https:\/\/i0.wp.com\/lafuente.mx\/wp-content\/uploads\/2022\/10\/DSC_0300-edited-scaled.jpg?fit=1200%2C797&ssl=1&resize=350%2C200","width":350,"height":200},"classes":[]},{"id":2249,"url":"https:\/\/lafuente.mx\/?p=2249","url_meta":{"origin":76,"position":4},"title":"Salud mental perinatal: el punto de partida de nuestra salud mental\u00a0","date":"abril 26, 2024","format":false,"excerpt":"M\u00f3nica Flores-Ramos 1 , Philippe Leff-Gelman 2\u00a0 1 Instituto Nacional de Psiquiatr\u00eda Ram\u00f3n de la Fuente Mu\u00f1iz, Ciudad de M\u00e9xico, M\u00e9xico.\u00a0 2 Instituto Nacional de Perinatolog\u00eda Isidro Espinosa de los Reyes, Ciudad de M\u00e9xico, M\u00e9xico.\u00a0 La complejidad de cuidar dos mentes al mismo tiempo ocurre cuando una futura madre est\u00e1,\u2026","rel":"","context":"En &quot;Revista Salud Mental&quot;","img":{"alt_text":"","src":"https:\/\/i0.wp.com\/lafuente.mx\/wp-content\/uploads\/2024\/04\/Octavo-mes-de-embarazo-sintomas.jpg.webp?fit=848%2C565&ssl=1&resize=350%2C200","width":350,"height":200},"classes":[]},{"id":2615,"url":"https:\/\/lafuente.mx\/?p=2615","url_meta":{"origin":76,"position":5},"title":"Opiniones sobre el uso m\u00e9dico, recreativo y legalizaci\u00f3n de la marihuana en M\u00e9xico: resultados de una encuesta nacional\u00a0","date":"octubre 25, 2024","format":false,"excerpt":"Shoshana Berenzon-Gorn,1, Nayelhi Saavedra-Solano,1, Marycarmen Bustos-Gami\u00f1o,1, Raquel Mondrag\u00f3n,5, Clara Fleiz-Bautista,1,2, Silvia Carre\u00f1o,1, Mar\u00eda Elena Medina-Mora,1-4, Jorge Villatoro-Vel\u00e1zquez1,2\u00a0 Direcci\u00f3n de Investigaciones Epidemiol\u00f3gicas y Psicosociales, Instituto Nacional de Psiquiatr\u00eda Ram\u00f3n de la Fuente Mu\u00f1iz (INPRFM), Ciudad de M\u00e9xico, M\u00e9xico.\u00a0 \u00a0Seminario de Estudios de la Globalidad. Facultad de Medicina, Universidad Nacional Aut\u00f3noma de\u2026","rel":"","context":"En &quot;Revista Salud Mental&quot;","img":{"alt_text":"leaf, nature, flora-3065626.jpg","src":"https:\/\/i0.wp.com\/lafuente.mx\/wp-content\/uploads\/2024\/10\/leaf-nature-flora-3065626.jpg?fit=1200%2C800&ssl=1&resize=350%2C200","width":350,"height":200},"classes":[]}],"jetpack_sharing_enabled":true,"jetpack_shortlink":"https:\/\/wp.me\/pe9WUx-1e","_links":{"self":[{"href":"https:\/\/lafuente.mx\/index.php?rest_route=\/wp\/v2\/posts\/76"}],"collection":[{"href":"https:\/\/lafuente.mx\/index.php?rest_route=\/wp\/v2\/posts"}],"about":[{"href":"https:\/\/lafuente.mx\/index.php?rest_route=\/wp\/v2\/types\/post"}],"author":[{"embeddable":true,"href":"https:\/\/lafuente.mx\/index.php?rest_route=\/wp\/v2\/users\/1"}],"replies":[{"embeddable":true,"href":"https:\/\/lafuente.mx\/index.php?rest_route=%2Fwp%2Fv2%2Fcomments&post=76"}],"version-history":[{"count":22,"href":"https:\/\/lafuente.mx\/index.php?rest_route=\/wp\/v2\/posts\/76\/revisions"}],"predecessor-version":[{"id":212,"href":"https:\/\/lafuente.mx\/index.php?rest_route=\/wp\/v2\/posts\/76\/revisions\/212"}],"wp:attachment":[{"href":"https:\/\/lafuente.mx\/index.php?rest_route=%2Fwp%2Fv2%2Fmedia&parent=76"}],"wp:term":[{"taxonomy":"category","embeddable":true,"href":"https:\/\/lafuente.mx\/index.php?rest_route=%2Fwp%2Fv2%2Fcategories&post=76"},{"taxonomy":"post_tag","embeddable":true,"href":"https:\/\/lafuente.mx\/index.php?rest_route=%2Fwp%2Fv2%2Ftags&post=76"}],"curies":[{"name":"wp","href":"https:\/\/api.w.org\/{rel}","templated":true}]}}