{"id":708,"date":"2023-02-01T16:38:15","date_gmt":"2023-02-01T16:38:15","guid":{"rendered":"https:\/\/lafuente.mx\/?p=708"},"modified":"2023-03-28T20:23:50","modified_gmt":"2023-03-28T20:23:50","slug":"borrador-automatico-relacion-del-neurodesarrollo-con-la-salud-mental","status":"publish","type":"post","link":"https:\/\/lafuente.mx\/?p=708","title":{"rendered":"La relaci\u00f3n del Neurodesarrollo con la Salud Mental"},"content":{"rendered":"<div class=\"wp-block-image\">\n<figure class=\"aligncenter size-large is-resized\"><img decoding=\"async\" loading=\"lazy\" src=\"https:\/\/i0.wp.com\/lafuente.mx\/wp-content\/uploads\/2023\/02\/WhatsApp-Image-2023-01-27-at-9.07.30-AM-1024x869.jpeg?resize=640%2C542&#038;ssl=1\" alt=\"\" class=\"wp-image-709\" width=\"640\" height=\"542\" srcset=\"https:\/\/i0.wp.com\/lafuente.mx\/wp-content\/uploads\/2023\/02\/WhatsApp-Image-2023-01-27-at-9.07.30-AM.jpeg?resize=1024%2C869&amp;ssl=1 1024w, https:\/\/i0.wp.com\/lafuente.mx\/wp-content\/uploads\/2023\/02\/WhatsApp-Image-2023-01-27-at-9.07.30-AM.jpeg?resize=300%2C255&amp;ssl=1 300w, https:\/\/i0.wp.com\/lafuente.mx\/wp-content\/uploads\/2023\/02\/WhatsApp-Image-2023-01-27-at-9.07.30-AM.jpeg?resize=768%2C652&amp;ssl=1 768w, https:\/\/i0.wp.com\/lafuente.mx\/wp-content\/uploads\/2023\/02\/WhatsApp-Image-2023-01-27-at-9.07.30-AM.jpeg?w=1108&amp;ssl=1 1108w\" sizes=\"(max-width: 640px) 100vw, 640px\" data-recalc-dims=\"1\" \/><figcaption>Imagen INPRFM<\/figcaption><\/figure><\/div>\n\n\n<p class=\"has-text-align-center has-text-color has-large-font-size\" style=\"color:#ff3dae\"><strong>CONFERENCIA<\/strong> <\/p>\n\n\n\n<p class=\"has-text-align-center has-text-color has-large-font-size\" style=\"color:#ff3dae\"><strong>10 de enero<\/strong><br>12:00 horas<\/p>\n\n\n\n<p class=\"has-text-align-center has-text-color\" style=\"color:#ff3dae\"><strong>Hablemos de salud mental<\/strong><br>10 DE CADA MES <\/p>\n\n\n\n<p class=\"has-text-align-center has-vivid-purple-color has-text-color\"> <\/p>\n\n\n\n<hr class=\"wp-block-separator has-text-color has-alpha-channel-opacity has-background\" style=\"background-color:#f77595;color:#f77595\"\/>\n\n\n\n<p class=\"has-text-color has-medium-font-size\" style=\"color:#57515e\"><strong>Ponentes:<\/strong><\/p>\n\n\n\n<p class=\"has-text-color has-medium-font-size\" style=\"color:#57515e\">Dra. Mar\u00eda Josefa Cavazos Olivo<br>Dr. V\u00edctor Manuel \u00c1vila Rodr\u00edguez<\/p>\n\n\n\n<hr class=\"wp-block-separator has-text-color has-alpha-channel-opacity has-background\" style=\"background-color:#fb688d;color:#fb688d\"\/>\n\n\n\n<p class=\"has-text-color has-small-font-size\" style=\"color:#2d2438\">@inprfm<\/p>\n\n\n\n<p class=\"has-text-color has-small-font-size\" style=\"color:#2d2438\">@ampi_ac<\/p>\n\n\n\n<p class=\"has-text-color has-small-font-size\" style=\"color:#2d2438\">FB live<\/p>\n\n\n\n<div class=\"wp-block-buttons is-layout-flex wp-block-buttons-is-layout-flex\">\n<div class=\"wp-block-button\"><a class=\"wp-block-button__link has-background\" href=\"http:\/\/mentalizarte.com\/\" style=\"background-color:#fa6e91\" target=\"_blank\" rel=\"noreferrer noopener\">Mentalizarte<\/a><\/div>\n<\/div>\n","protected":false},"excerpt":{"rendered":"<p>CONFERENCIA 10 de enero12:00 horas Hablemos de salud mental10 DE CADA MES Ponentes: Dra. Mar\u00eda Josefa Cavazos OlivoDr. V\u00edctor Manuel \u00c1vila Rodr\u00edguez @inprfm @ampi_ac FB<\/p>\n","protected":false},"author":3,"featured_media":709,"comment_status":"closed","ping_status":"closed","sticky":false,"template":"","format":"standard","meta":{"footnotes":"","jetpack_publicize_message":"","jetpack_is_tweetstorm":false,"jetpack_publicize_feature_enabled":true},"categories":[8],"tags":[76,21,154,32],"jetpack_publicize_connections":[],"yoast_head":"<!-- This site is optimized with the Yoast SEO plugin v19.4 - https:\/\/yoast.com\/wordpress\/plugins\/seo\/ -->\n<title>La relaci\u00f3n del Neurodesarrollo con la Salud Mental -<\/title>\n<meta name=\"description\" content=\"CONFERENCIA Hablemos de salud mental 10 DE CADA MES\" \/>\n<meta name=\"robots\" content=\"index, follow, max-snippet:-1, max-image-preview:large, max-video-preview:-1\" \/>\n<link rel=\"canonical\" href=\"https:\/\/lafuente.mx\/?p=708\" \/>\n<meta property=\"og:locale\" content=\"es_MX\" \/>\n<meta property=\"og:type\" content=\"article\" \/>\n<meta property=\"og:title\" content=\"La relaci\u00f3n del Neurodesarrollo con la Salud Mental\" \/>\n<meta property=\"og:description\" content=\"CONFERENCIA Hablemos de salud mental 10 DE CADA MES\" \/>\n<meta property=\"og:url\" content=\"https:\/\/lafuente.mx\/?p=708\" \/>\n<meta property=\"article:published_time\" content=\"2023-02-01T16:38:15+00:00\" \/>\n<meta property=\"article:modified_time\" content=\"2023-03-28T20:23:50+00:00\" \/>\n<meta property=\"og:image\" content=\"http:\/\/lafuente.mx\/wp-content\/uploads\/2023\/02\/WhatsApp-Image-2023-01-27-at-9.07.30-AM.jpeg\" \/>\n\t<meta property=\"og:image:width\" content=\"1108\" \/>\n\t<meta property=\"og:image:height\" content=\"940\" \/>\n\t<meta property=\"og:image:type\" content=\"image\/jpeg\" \/>\n<meta name=\"author\" content=\"Claudia Gallardo\" \/>\n<meta name=\"twitter:card\" content=\"summary_large_image\" \/>\n<meta name=\"twitter:title\" content=\"La relaci\u00f3n del Neurodesarrollo con la Salud Mental\" \/>\n<meta name=\"twitter:description\" content=\"CONFERENCIA Hablemos de salud mental 10 DE CADA MES\" \/>\n<meta name=\"twitter:image\" content=\"https:\/\/i0.wp.com\/lafuente.mx\/wp-content\/uploads\/2023\/02\/WhatsApp-Image-2023-01-27-at-9.07.30-AM.jpeg?fit=1108%2C940&ssl=1\" \/>\n<meta name=\"twitter:label1\" content=\"Escrito por\" \/>\n\t<meta name=\"twitter:data1\" content=\"Claudia Gallardo\" \/>\n\t<meta name=\"twitter:label2\" content=\"Tiempo de lectura\" \/>\n\t<meta name=\"twitter:data2\" content=\"1 minuto\" \/>\n<script type=\"application\/ld+json\" class=\"yoast-schema-graph\">{\"@context\":\"https:\/\/schema.org\",\"@graph\":[{\"@type\":\"WebSite\",\"@id\":\"https:\/\/lafuente.mx\/#website\",\"url\":\"https:\/\/lafuente.mx\/\",\"name\":\"\",\"description\":\"Informaci\u00f3n confiable sobre salud mental\",\"potentialAction\":[{\"@type\":\"SearchAction\",\"target\":{\"@type\":\"EntryPoint\",\"urlTemplate\":\"https:\/\/lafuente.mx\/?s={search_term_string}\"},\"query-input\":\"required name=search_term_string\"}],\"inLanguage\":\"es-MX\"},{\"@type\":\"WebPage\",\"@id\":\"https:\/\/lafuente.mx\/?p=708\",\"url\":\"https:\/\/lafuente.mx\/?p=708\",\"name\":\"La relaci\u00f3n del Neurodesarrollo con la Salud Mental -\",\"isPartOf\":{\"@id\":\"https:\/\/lafuente.mx\/#website\"},\"datePublished\":\"2023-02-01T16:38:15+00:00\",\"dateModified\":\"2023-03-28T20:23:50+00:00\",\"author\":{\"@id\":\"https:\/\/lafuente.mx\/#\/schema\/person\/603f3aa8e2f6f7879021ab722d39d6b0\"},\"description\":\"CONFERENCIA Hablemos de salud mental 10 DE CADA MES\",\"breadcrumb\":{\"@id\":\"https:\/\/lafuente.mx\/?p=708#breadcrumb\"},\"inLanguage\":\"es-MX\",\"potentialAction\":[{\"@type\":\"ReadAction\",\"target\":[\"https:\/\/lafuente.mx\/?p=708\"]}]},{\"@type\":\"BreadcrumbList\",\"@id\":\"https:\/\/lafuente.mx\/?p=708#breadcrumb\",\"itemListElement\":[{\"@type\":\"ListItem\",\"position\":1,\"name\":\"Inicio\",\"item\":\"https:\/\/lafuente.mx\/\"},{\"@type\":\"ListItem\",\"position\":2,\"name\":\"La relaci\u00f3n del Neurodesarrollo con la Salud Mental\"}]},{\"@type\":\"Person\",\"@id\":\"https:\/\/lafuente.mx\/#\/schema\/person\/603f3aa8e2f6f7879021ab722d39d6b0\",\"name\":\"Claudia Gallardo\",\"image\":{\"@type\":\"ImageObject\",\"inLanguage\":\"es-MX\",\"@id\":\"https:\/\/lafuente.mx\/#\/schema\/person\/image\/\",\"url\":\"https:\/\/secure.gravatar.com\/avatar\/bfe9c966af1ccfb9d17bcdb9d04e8815?s=96&d=mm&r=g\",\"contentUrl\":\"https:\/\/secure.gravatar.com\/avatar\/bfe9c966af1ccfb9d17bcdb9d04e8815?s=96&d=mm&r=g\",\"caption\":\"Claudia Gallardo\"},\"url\":\"https:\/\/lafuente.mx\/?author=3\"}]}<\/script>\n<!-- \/ Yoast SEO plugin. -->","yoast_head_json":{"title":"La relaci\u00f3n del Neurodesarrollo con la Salud Mental -","description":"CONFERENCIA Hablemos de salud mental 10 DE CADA MES","robots":{"index":"index","follow":"follow","max-snippet":"max-snippet:-1","max-image-preview":"max-image-preview:large","max-video-preview":"max-video-preview:-1"},"canonical":"https:\/\/lafuente.mx\/?p=708","og_locale":"es_MX","og_type":"article","og_title":"La relaci\u00f3n del Neurodesarrollo con la Salud Mental","og_description":"CONFERENCIA Hablemos de salud mental 10 DE CADA MES","og_url":"https:\/\/lafuente.mx\/?p=708","article_published_time":"2023-02-01T16:38:15+00:00","article_modified_time":"2023-03-28T20:23:50+00:00","og_image":[{"width":1108,"height":940,"url":"http:\/\/lafuente.mx\/wp-content\/uploads\/2023\/02\/WhatsApp-Image-2023-01-27-at-9.07.30-AM.jpeg","type":"image\/jpeg"}],"author":"Claudia Gallardo","twitter_card":"summary_large_image","twitter_title":"La relaci\u00f3n del Neurodesarrollo con la Salud Mental","twitter_description":"CONFERENCIA Hablemos de salud mental 10 DE CADA MES","twitter_image":"https:\/\/i0.wp.com\/lafuente.mx\/wp-content\/uploads\/2023\/02\/WhatsApp-Image-2023-01-27-at-9.07.30-AM.jpeg?fit=1108%2C940&ssl=1","twitter_misc":{"Escrito por":"Claudia Gallardo","Tiempo de lectura":"1 minuto"},"schema":{"@context":"https:\/\/schema.org","@graph":[{"@type":"WebSite","@id":"https:\/\/lafuente.mx\/#website","url":"https:\/\/lafuente.mx\/","name":"","description":"Informaci\u00f3n confiable sobre salud mental","potentialAction":[{"@type":"SearchAction","target":{"@type":"EntryPoint","urlTemplate":"https:\/\/lafuente.mx\/?s={search_term_string}"},"query-input":"required name=search_term_string"}],"inLanguage":"es-MX"},{"@type":"WebPage","@id":"https:\/\/lafuente.mx\/?p=708","url":"https:\/\/lafuente.mx\/?p=708","name":"La relaci\u00f3n del Neurodesarrollo con la Salud Mental -","isPartOf":{"@id":"https:\/\/lafuente.mx\/#website"},"datePublished":"2023-02-01T16:38:15+00:00","dateModified":"2023-03-28T20:23:50+00:00","author":{"@id":"https:\/\/lafuente.mx\/#\/schema\/person\/603f3aa8e2f6f7879021ab722d39d6b0"},"description":"CONFERENCIA Hablemos de salud mental 10 DE CADA MES","breadcrumb":{"@id":"https:\/\/lafuente.mx\/?p=708#breadcrumb"},"inLanguage":"es-MX","potentialAction":[{"@type":"ReadAction","target":["https:\/\/lafuente.mx\/?p=708"]}]},{"@type":"BreadcrumbList","@id":"https:\/\/lafuente.mx\/?p=708#breadcrumb","itemListElement":[{"@type":"ListItem","position":1,"name":"Inicio","item":"https:\/\/lafuente.mx\/"},{"@type":"ListItem","position":2,"name":"La relaci\u00f3n del Neurodesarrollo con la Salud Mental"}]},{"@type":"Person","@id":"https:\/\/lafuente.mx\/#\/schema\/person\/603f3aa8e2f6f7879021ab722d39d6b0","name":"Claudia Gallardo","image":{"@type":"ImageObject","inLanguage":"es-MX","@id":"https:\/\/lafuente.mx\/#\/schema\/person\/image\/","url":"https:\/\/secure.gravatar.com\/avatar\/bfe9c966af1ccfb9d17bcdb9d04e8815?s=96&d=mm&r=g","contentUrl":"https:\/\/secure.gravatar.com\/avatar\/bfe9c966af1ccfb9d17bcdb9d04e8815?s=96&d=mm&r=g","caption":"Claudia Gallardo"},"url":"https:\/\/lafuente.mx\/?author=3"}]}},"jetpack_featured_media_url":"https:\/\/i0.wp.com\/lafuente.mx\/wp-content\/uploads\/2023\/02\/WhatsApp-Image-2023-01-27-at-9.07.30-AM.jpeg?fit=1108%2C940&ssl=1","jetpack-related-posts":[{"id":2419,"url":"https:\/\/lafuente.mx\/?p=2419","url_meta":{"origin":708,"position":0},"title":"Tratamientos de apoyo en trastornos del neurodesarrollo","date":"julio 9, 2024","format":false,"excerpt":"CONFERENCIA 10 de cada mes 10 de julio Hablemos de salud mental Ponentes: Emmanuel Sarmiento Hern\u00e1ndezFrancisco de la Pe\u00f1a Olvera Hablamos de todos los tratamientos coadyuvantes que tienen evidencia en los trastornos del neurodesarrollo (TEA, TDAH, Discapacidad Intelectual, etc.). - Actividad F\u00edsica- Biorretroalimentaci\u00f3n- Dieta- Estimulaci\u00f3n Magn\u00e9tica Transcraneal- Equinoterapia Por Facebook","rel":"","context":"En &quot;Eventos Acad\u00e9micos del INPRFM&quot;","img":{"alt_text":"","src":"https:\/\/i0.wp.com\/lafuente.mx\/wp-content\/uploads\/2024\/07\/WhatsApp-Image-2024-07-03-at-10.12.00-AM.jpeg?fit=1200%2C900&ssl=1&resize=350%2C200","width":350,"height":200},"classes":[]},{"id":1338,"url":"https:\/\/lafuente.mx\/?p=1338","url_meta":{"origin":708,"position":1},"title":"Datos de alarma en trastornos del neurodesarrollo: tips para pap\u00e1s","date":"julio 3, 2023","format":false,"excerpt":"Imagen INPRFM, Mentalizarte CONFERENCIA 10 de julio 12:00 horas Hablemos de salud mental 10 DE CADA MES Ponentes: Enrique Navarro LunaMauricio Leija Esparza M\u00e1s informaci\u00f3n","rel":"","context":"En &quot;Eventos Acad\u00e9micos del INPRFM&quot;","img":{"alt_text":"","src":"https:\/\/i0.wp.com\/lafuente.mx\/wp-content\/uploads\/2023\/06\/WhatsApp-Image-2023-06-26-at-1.14.35-PM.jpeg?fit=1108%2C940&ssl=1&resize=350%2C200","width":350,"height":200},"classes":[]},{"id":2413,"url":"https:\/\/lafuente.mx\/?p=2413","url_meta":{"origin":708,"position":2},"title":"MENTALIZARTE","date":"julio 2, 2024","format":false,"excerpt":"En julio hablaremos sobreTratamientos coadyuvantes en los trastornos del neurodesarrollo MENTALIZARTE es el proyecto de difusi\u00f3n en temas de salud mental del Instituto Nacional de Psiquiatr\u00eda Ram\u00f3n de la Fuente Mu\u00f1iz (INPRFM). M\u00e1s informaci\u00f3n","rel":"","context":"En &quot;Informaci\u00f3n de inter\u00e9s&quot;","img":{"alt_text":"","src":"https:\/\/i0.wp.com\/lafuente.mx\/wp-content\/uploads\/2024\/07\/WhatsApp-Image-2024-07-01-at-10.51.52-AM.jpeg?fit=1200%2C692&ssl=1&resize=350%2C200","width":350,"height":200},"classes":[]},{"id":2252,"url":"https:\/\/lafuente.mx\/?p=2252","url_meta":{"origin":708,"position":3},"title":"Descripciones cl\u00ednicas y requisitos de diagn\u00f3stico para los trastornos mentales, del comportamiento y del neurodesarrollo (CDDR) de la CIE-11\u00a0","date":"abril 30, 2024","format":false,"excerpt":"National InsCr\u00e9ditos de colaboraci\u00f3n en M\u00e9xico\u00a0 Sites: National Institute of Psychiatry Ram\u00f3n de la Fuente Mu\u00f1iz, WHO Collaborating Centre on Mental Health and Addictions; Child Psychiatric Hospital Juan N Navarro; National Institute of Neurology and Neurosurgery Manuel Velasco Su\u00e1rez Site directors: Mar\u00eda Elena MedinaMora, Eduardo Arroyo Garc\u00eda, Miguel \u00c1ngel Celis\u2026","rel":"","context":"En &quot;Revista Salud Mental&quot;","img":{"alt_text":"","src":"https:\/\/i0.wp.com\/lafuente.mx\/wp-content\/uploads\/2024\/04\/OMS-700x467-1.jpg?fit=700%2C467&ssl=1&resize=350%2C200","width":350,"height":200},"classes":[]},{"id":2711,"url":"https:\/\/lafuente.mx\/?p=2711","url_meta":{"origin":708,"position":4},"title":"Salud Mental de las Ni\u00f1as, Ni\u00f1os y Adolescentes en el contexto familiar\u00a0","date":"diciembre 16, 2024","format":false,"excerpt":"DIPLOMADO EN L\u00cdNEA COORDINADORA ACAD\u00c9MICA\u00a0 Dra. Diana Patricia Gu\u00edzar S\u00e1nchez \u00a0 Dirigido a: personal de medicina general, medicina especializada, psicolog\u00eda y terapia del \u00e1rea de la salud mental\u00a0 Objetivo general: Evaluar las \u00e1reas de oportunidad en las ni\u00f1as, ni\u00f1os y adolescentes dentro del contexto familiar e implementar modelos de intervenci\u00f3n\u2026","rel":"","context":"En &quot;Cursos en l\u00ednea&quot;","img":{"alt_text":"","src":"https:\/\/i0.wp.com\/lafuente.mx\/wp-content\/uploads\/2024\/12\/Captura-de-pantalla-2024-12-16-a-las-10.53.16.png?fit=1200%2C636&ssl=1&resize=350%2C200","width":350,"height":200},"classes":[]},{"id":680,"url":"https:\/\/lafuente.mx\/?p=680","url_meta":{"origin":708,"position":5},"title":"Salud mental de las ni\u00f1as, ni\u00f1os y adolescentes en el contexto familiar\u00a0\u00a0","date":"enero 25, 2023","format":false,"excerpt":"Diplomados en l\u00ednea Generaci\u00f3n 2023 COORDINADORA ACAD\u00c9MICA: Dra. Diana Patricia Gu\u00edzar S\u00e1nchez\u00a0 Diplomado dirigido a personal de medicina general, medicina especializada, psicolog\u00eda y terapia del \u00e1rea de la salud mental.\u00a0 Objetivo general y contenido tem\u00e1tico Evaluar las \u00e1reas de oportunidad en las ni\u00f1as, ni\u00f1os y adolescentes dentro del contexto familiar\u2026","rel":"","context":"En &quot;Cursos&quot;","img":{"alt_text":"","src":"https:\/\/i0.wp.com\/lafuente.mx\/wp-content\/uploads\/2023\/01\/imagenSMNA.jpg?fit=1200%2C526&ssl=1&resize=350%2C200","width":350,"height":200},"classes":[]}],"jetpack_sharing_enabled":true,"jetpack_shortlink":"https:\/\/wp.me\/pe9WUx-bq","_links":{"self":[{"href":"https:\/\/lafuente.mx\/index.php?rest_route=\/wp\/v2\/posts\/708"}],"collection":[{"href":"https:\/\/lafuente.mx\/index.php?rest_route=\/wp\/v2\/posts"}],"about":[{"href":"https:\/\/lafuente.mx\/index.php?rest_route=\/wp\/v2\/types\/post"}],"author":[{"embeddable":true,"href":"https:\/\/lafuente.mx\/index.php?rest_route=\/wp\/v2\/users\/3"}],"replies":[{"embeddable":true,"href":"https:\/\/lafuente.mx\/index.php?rest_route=%2Fwp%2Fv2%2Fcomments&post=708"}],"version-history":[{"count":1,"href":"https:\/\/lafuente.mx\/index.php?rest_route=\/wp\/v2\/posts\/708\/revisions"}],"predecessor-version":[{"id":710,"href":"https:\/\/lafuente.mx\/index.php?rest_route=\/wp\/v2\/posts\/708\/revisions\/710"}],"wp:featuredmedia":[{"embeddable":true,"href":"https:\/\/lafuente.mx\/index.php?rest_route=\/wp\/v2\/media\/709"}],"wp:attachment":[{"href":"https:\/\/lafuente.mx\/index.php?rest_route=%2Fwp%2Fv2%2Fmedia&parent=708"}],"wp:term":[{"taxonomy":"category","embeddable":true,"href":"https:\/\/lafuente.mx\/index.php?rest_route=%2Fwp%2Fv2%2Fcategories&post=708"},{"taxonomy":"post_tag","embeddable":true,"href":"https:\/\/lafuente.mx\/index.php?rest_route=%2Fwp%2Fv2%2Ftags&post=708"}],"curies":[{"name":"wp","href":"https:\/\/api.w.org\/{rel}","templated":true}]}}