{"id":680,"date":"2023-01-25T17:13:22","date_gmt":"2023-01-25T17:13:22","guid":{"rendered":"https:\/\/lafuente.mx\/?p=680"},"modified":"2023-03-28T20:26:28","modified_gmt":"2023-03-28T20:26:28","slug":"salud-mental-de-las-ninas-ninos-y-adolescentes-en-el-contexto-familiar","status":"publish","type":"post","link":"https:\/\/lafuente.mx\/?p=680","title":{"rendered":"Salud mental de las ni\u00f1as, ni\u00f1os y adolescentes en el contexto familiar\u00a0\u00a0"},"content":{"rendered":"\n<p class=\"has-text-align-center has-vivid-red-color has-text-color has-large-font-size\"><strong>Diplomados en l\u00ednea<\/strong><\/p>\n\n\n\n<hr class=\"wp-block-separator has-text-color has-vivid-red-color has-alpha-channel-opacity has-vivid-red-background-color has-background\"\/>\n\n\n\n<p class=\"has-text-align-center has-medium-font-size\"><strong>Generaci\u00f3n 2023<\/strong><\/p>\n\n\n\n<p class=\"has-text-color\" style=\"color:#4f3773\">COORDINADORA ACAD\u00c9MICA: <\/p>\n\n\n\n<p class=\"has-text-color\" style=\"color:#4f3773\"><strong>Dra. Diana Patricia Gu\u00edzar S\u00e1nchez&nbsp;<\/strong><\/p>\n\n\n<div class=\"wp-block-image\">\n<figure class=\"aligncenter size-large is-resized\"><img decoding=\"async\" loading=\"lazy\" src=\"https:\/\/i0.wp.com\/lafuente.mx\/wp-content\/uploads\/2023\/01\/imagenSMNA-1024x449.jpg?resize=640%2C280&#038;ssl=1\" alt=\"\" class=\"wp-image-684\" width=\"640\" height=\"280\" srcset=\"https:\/\/i0.wp.com\/lafuente.mx\/wp-content\/uploads\/2023\/01\/imagenSMNA.jpg?resize=1024%2C449&amp;ssl=1 1024w, https:\/\/i0.wp.com\/lafuente.mx\/wp-content\/uploads\/2023\/01\/imagenSMNA.jpg?resize=300%2C131&amp;ssl=1 300w, https:\/\/i0.wp.com\/lafuente.mx\/wp-content\/uploads\/2023\/01\/imagenSMNA.jpg?resize=768%2C336&amp;ssl=1 768w, https:\/\/i0.wp.com\/lafuente.mx\/wp-content\/uploads\/2023\/01\/imagenSMNA.jpg?resize=1536%2C673&amp;ssl=1 1536w, https:\/\/i0.wp.com\/lafuente.mx\/wp-content\/uploads\/2023\/01\/imagenSMNA.jpg?w=1653&amp;ssl=1 1653w, https:\/\/i0.wp.com\/lafuente.mx\/wp-content\/uploads\/2023\/01\/imagenSMNA.jpg?w=1280 1280w\" sizes=\"(max-width: 640px) 100vw, 640px\" data-recalc-dims=\"1\" \/><\/figure><\/div>\n\n\n<hr class=\"wp-block-separator has-text-color has-vivid-red-color has-alpha-channel-opacity has-vivid-red-background-color has-background is-style-dots\"\/>\n\n\n\n<p class=\"has-text-color has-medium-font-size\" style=\"color:#5a356f\"><strong>Diplomado dirigido a personal de medicina general, medicina especializada, psicolog\u00eda y terapia del \u00e1rea de la salud mental.&nbsp;<\/strong><\/p>\n\n\n\n<p class=\"has-text-color\" style=\"color:#5a356f\"><strong>Objetivo general y contenido tem\u00e1tico <\/strong><\/p>\n\n\n\n<p class=\"has-text-color\" style=\"color:#5a356f\">Evaluar las \u00e1reas de oportunidad en las ni\u00f1as, ni\u00f1os y adolescentes dentro del contexto familiar e implementar modelos de intervenci\u00f3n aplicables en presencia o ausencia de enfermedad mental.&nbsp;&nbsp;<\/p>\n\n\n\n<p class=\"has-text-color\" style=\"color:#5a356f\"><strong>M\u00f3dulo I.<\/strong> La familia como elemento fundamental de la salud mental&nbsp;&nbsp;<\/p>\n\n\n\n<p class=\"has-text-color\" style=\"color:#5a356f\"><strong>M\u00f3dulo II<\/strong>. Ni\u00f1as, ni\u00f1os y adolescentes sanos: la promoci\u00f3n de la salud mental en el contexto familiar&nbsp;&nbsp;<\/p>\n\n\n\n<p class=\"has-text-color\" style=\"color:#5a356f\"><strong>M\u00f3dulo III.<\/strong> Trastornos del neurodesarrollo en ni\u00f1os, ni\u00f1as y adolescentes dentro del contexto familiar&nbsp;&nbsp;<\/p>\n\n\n\n<p class=\"has-text-color\" style=\"color:#5a356f\"><strong>M\u00f3dulo IV.<\/strong> Trastornos de conducta en ni\u00f1as, ni\u00f1os y adolescentes dentro del contexto familiar&nbsp;&nbsp;<\/p>\n\n\n\n<p class=\"has-text-color\" style=\"color:#5a356f\"><strong>M\u00f3dulo V.<\/strong> Trastornos internalizados en ni\u00f1as, ni\u00f1os y adolescentes dentro del contexto familiar&nbsp;&nbsp;<\/p>\n\n\n\n<p class=\"has-text-color\" style=\"color:#5a356f\"><strong>M\u00f3dulo VI<\/strong>. Trastornos psic\u00f3ticos, alimentarios y adictivos en ni\u00f1as, ni\u00f1os y adolescentes dentro del contexto familiar&nbsp;<\/p>\n\n\n\n<figure class=\"wp-block-gallery has-nested-images columns-default is-cropped wp-block-gallery-1 is-layout-flex wp-block-gallery-is-layout-flex\">\n<figure class=\"wp-block-image size-large\"><img decoding=\"async\" loading=\"lazy\" width=\"640\" height=\"412\" data-id=\"687\" src=\"https:\/\/i0.wp.com\/lafuente.mx\/wp-content\/uploads\/2023\/01\/ninos-.jpeg?resize=640%2C412&#038;ssl=1\" alt=\"\" class=\"wp-image-687\" srcset=\"https:\/\/i0.wp.com\/lafuente.mx\/wp-content\/uploads\/2023\/01\/ninos-.jpeg?w=700&amp;ssl=1 700w, https:\/\/i0.wp.com\/lafuente.mx\/wp-content\/uploads\/2023\/01\/ninos-.jpeg?resize=300%2C193&amp;ssl=1 300w\" sizes=\"(max-width: 640px) 100vw, 640px\" data-recalc-dims=\"1\" \/><\/figure>\n\n\n\n<figure class=\"wp-block-image size-large\"><img decoding=\"async\" loading=\"lazy\" width=\"640\" height=\"431\" data-id=\"686\" src=\"https:\/\/i0.wp.com\/lafuente.mx\/wp-content\/uploads\/2023\/01\/adolescentes_.png?resize=640%2C431&#038;ssl=1\" alt=\"\" class=\"wp-image-686\" srcset=\"https:\/\/i0.wp.com\/lafuente.mx\/wp-content\/uploads\/2023\/01\/adolescentes_.png?w=660&amp;ssl=1 660w, https:\/\/i0.wp.com\/lafuente.mx\/wp-content\/uploads\/2023\/01\/adolescentes_.png?resize=300%2C202&amp;ssl=1 300w\" sizes=\"(max-width: 640px) 100vw, 640px\" data-recalc-dims=\"1\" \/><\/figure>\n\n\n\n<figure class=\"wp-block-image size-large\"><img decoding=\"async\" loading=\"lazy\" width=\"640\" height=\"427\" data-id=\"685\" src=\"https:\/\/i0.wp.com\/lafuente.mx\/wp-content\/uploads\/2023\/01\/nin\u0303a.jpeg?resize=640%2C427&#038;ssl=1\" alt=\"\" class=\"wp-image-685\" srcset=\"https:\/\/i0.wp.com\/lafuente.mx\/wp-content\/uploads\/2023\/01\/nin\u0303a.jpeg?w=990&amp;ssl=1 990w, https:\/\/i0.wp.com\/lafuente.mx\/wp-content\/uploads\/2023\/01\/nin\u0303a.jpeg?resize=300%2C200&amp;ssl=1 300w, https:\/\/i0.wp.com\/lafuente.mx\/wp-content\/uploads\/2023\/01\/nin\u0303a.jpeg?resize=768%2C512&amp;ssl=1 768w\" sizes=\"(max-width: 640px) 100vw, 640px\" data-recalc-dims=\"1\" \/><\/figure>\n<\/figure>\n\n\n\n<hr class=\"wp-block-separator has-text-color has-vivid-red-color has-alpha-channel-opacity has-vivid-red-background-color has-background is-style-wide\"\/>\n\n\n\n<div class=\"wp-block-buttons is-layout-flex wp-block-buttons-is-layout-flex\">\n<div class=\"wp-block-button\"><a class=\"wp-block-button__link has-vivid-red-background-color has-background\" href=\"https:\/\/mcusercontent.com\/f24c52cb46e330c12bccd01c9\/files\/c04f2ddb-c61b-5e2f-8677-fda61eeac1ca\/tripSMNA2023.pdf?fbclid=IwAR1JGcPZqJ5TRmkQXZB6YuBvoLwMNHZzP9dUoZYzmD53AZ_n9Hyc3Jivn8o\" target=\"_blank\" rel=\"noreferrer noopener\">M\u00e1s informaci\u00f3n<\/a><\/div>\n<\/div>\n","protected":false},"excerpt":{"rendered":"<p>Diplomados en l\u00ednea Generaci\u00f3n 2023 COORDINADORA ACAD\u00c9MICA: Dra. Diana Patricia Gu\u00edzar S\u00e1nchez&nbsp; Diplomado dirigido a personal de medicina general, medicina especializada, psicolog\u00eda y terapia del<\/p>\n","protected":false},"author":3,"featured_media":684,"comment_status":"closed","ping_status":"closed","sticky":false,"template":"","format":"standard","meta":{"footnotes":"","jetpack_publicize_message":"","jetpack_is_tweetstorm":false,"jetpack_publicize_feature_enabled":true},"categories":[4,6],"tags":[66,160,155,156,21,158,157,159],"jetpack_publicize_connections":[],"yoast_head":"<!-- This site is optimized with the Yoast SEO plugin v19.4 - https:\/\/yoast.com\/wordpress\/plugins\/seo\/ -->\n<title>Salud mental de las ni\u00f1as, ni\u00f1os y adolescentes en el contexto familiar\u00a0\u00a0 -<\/title>\n<meta name=\"description\" content=\"Evaluar las \u00e1reas de oportunidad en las ni\u00f1as, ni\u00f1os y adolescentes dentro del contexto familiar e implementar modelos de intervenci\u00f3n aplicables en presencia o ausencia de enfermedad mental.\u00a0\u00a0\" \/>\n<meta name=\"robots\" content=\"index, follow, max-snippet:-1, max-image-preview:large, max-video-preview:-1\" \/>\n<link rel=\"canonical\" href=\"https:\/\/lafuente.mx\/?p=680\" \/>\n<meta property=\"og:locale\" content=\"es_MX\" \/>\n<meta property=\"og:type\" content=\"article\" \/>\n<meta property=\"og:title\" content=\"Salud mental de las ni\u00f1as, ni\u00f1os y adolescentes en el contexto familiar\" \/>\n<meta property=\"og:description\" content=\"Evaluar las \u00e1reas de oportunidad en las ni\u00f1as, ni\u00f1os y adolescentes dentro del contexto familiar e implementar modelos de intervenci\u00f3n aplicables en presencia o ausencia de enfermedad mental\" \/>\n<meta property=\"og:url\" content=\"https:\/\/lafuente.mx\/?p=680\" \/>\n<meta property=\"article:published_time\" content=\"2023-01-25T17:13:22+00:00\" \/>\n<meta property=\"article:modified_time\" content=\"2023-03-28T20:26:28+00:00\" \/>\n<meta property=\"og:image\" content=\"http:\/\/lafuente.mx\/wp-content\/uploads\/2023\/01\/imagenSMNA.jpg\" \/>\n\t<meta property=\"og:image:width\" content=\"1653\" \/>\n\t<meta property=\"og:image:height\" content=\"724\" \/>\n\t<meta property=\"og:image:type\" content=\"image\/jpeg\" \/>\n<meta name=\"author\" content=\"Claudia Gallardo\" \/>\n<meta name=\"twitter:card\" content=\"summary_large_image\" \/>\n<meta name=\"twitter:title\" content=\"Salud mental de las ni\u00f1as, ni\u00f1os y adolescentes en el contexto familiar\" \/>\n<meta name=\"twitter:description\" content=\"Evaluar las \u00e1reas de oportunidad en las ni\u00f1as, ni\u00f1os y adolescentes dentro del contexto familiar e implementar modelos de intervenci\u00f3n aplicables en presencia o ausencia de enfermedad mental\" \/>\n<meta name=\"twitter:image\" content=\"https:\/\/i0.wp.com\/lafuente.mx\/wp-content\/uploads\/2023\/01\/imagenSMNA.jpg?fit=1653%2C724&ssl=1\" \/>\n<meta name=\"twitter:label1\" content=\"Escrito por\" \/>\n\t<meta name=\"twitter:data1\" content=\"Claudia Gallardo\" \/>\n\t<meta name=\"twitter:label2\" content=\"Tiempo de lectura\" \/>\n\t<meta name=\"twitter:data2\" content=\"2 minutos\" \/>\n<script type=\"application\/ld+json\" class=\"yoast-schema-graph\">{\"@context\":\"https:\/\/schema.org\",\"@graph\":[{\"@type\":\"WebSite\",\"@id\":\"https:\/\/lafuente.mx\/#website\",\"url\":\"https:\/\/lafuente.mx\/\",\"name\":\"\",\"description\":\"Informaci\u00f3n confiable sobre salud mental\",\"potentialAction\":[{\"@type\":\"SearchAction\",\"target\":{\"@type\":\"EntryPoint\",\"urlTemplate\":\"https:\/\/lafuente.mx\/?s={search_term_string}\"},\"query-input\":\"required name=search_term_string\"}],\"inLanguage\":\"es-MX\"},{\"@type\":\"WebPage\",\"@id\":\"https:\/\/lafuente.mx\/?p=680\",\"url\":\"https:\/\/lafuente.mx\/?p=680\",\"name\":\"Salud mental de las ni\u00f1as, ni\u00f1os y adolescentes en el contexto familiar\u00a0\u00a0 -\",\"isPartOf\":{\"@id\":\"https:\/\/lafuente.mx\/#website\"},\"datePublished\":\"2023-01-25T17:13:22+00:00\",\"dateModified\":\"2023-03-28T20:26:28+00:00\",\"author\":{\"@id\":\"https:\/\/lafuente.mx\/#\/schema\/person\/603f3aa8e2f6f7879021ab722d39d6b0\"},\"description\":\"Evaluar las \u00e1reas de oportunidad en las ni\u00f1as, ni\u00f1os y adolescentes dentro del contexto familiar e implementar modelos de intervenci\u00f3n aplicables en presencia o ausencia de enfermedad mental.\u00a0\u00a0\",\"breadcrumb\":{\"@id\":\"https:\/\/lafuente.mx\/?p=680#breadcrumb\"},\"inLanguage\":\"es-MX\",\"potentialAction\":[{\"@type\":\"ReadAction\",\"target\":[\"https:\/\/lafuente.mx\/?p=680\"]}]},{\"@type\":\"BreadcrumbList\",\"@id\":\"https:\/\/lafuente.mx\/?p=680#breadcrumb\",\"itemListElement\":[{\"@type\":\"ListItem\",\"position\":1,\"name\":\"Inicio\",\"item\":\"https:\/\/lafuente.mx\/\"},{\"@type\":\"ListItem\",\"position\":2,\"name\":\"Salud mental de las ni\u00f1as, ni\u00f1os y adolescentes en el contexto familiar\u00a0\u00a0\"}]},{\"@type\":\"Person\",\"@id\":\"https:\/\/lafuente.mx\/#\/schema\/person\/603f3aa8e2f6f7879021ab722d39d6b0\",\"name\":\"Claudia Gallardo\",\"image\":{\"@type\":\"ImageObject\",\"inLanguage\":\"es-MX\",\"@id\":\"https:\/\/lafuente.mx\/#\/schema\/person\/image\/\",\"url\":\"https:\/\/secure.gravatar.com\/avatar\/bfe9c966af1ccfb9d17bcdb9d04e8815?s=96&d=mm&r=g\",\"contentUrl\":\"https:\/\/secure.gravatar.com\/avatar\/bfe9c966af1ccfb9d17bcdb9d04e8815?s=96&d=mm&r=g\",\"caption\":\"Claudia Gallardo\"},\"url\":\"https:\/\/lafuente.mx\/?author=3\"}]}<\/script>\n<!-- \/ Yoast SEO plugin. -->","yoast_head_json":{"title":"Salud mental de las ni\u00f1as, ni\u00f1os y adolescentes en el contexto familiar\u00a0\u00a0 -","description":"Evaluar las \u00e1reas de oportunidad en las ni\u00f1as, ni\u00f1os y adolescentes dentro del contexto familiar e implementar modelos de intervenci\u00f3n aplicables en presencia o ausencia de enfermedad mental.\u00a0\u00a0","robots":{"index":"index","follow":"follow","max-snippet":"max-snippet:-1","max-image-preview":"max-image-preview:large","max-video-preview":"max-video-preview:-1"},"canonical":"https:\/\/lafuente.mx\/?p=680","og_locale":"es_MX","og_type":"article","og_title":"Salud mental de las ni\u00f1as, ni\u00f1os y adolescentes en el contexto familiar","og_description":"Evaluar las \u00e1reas de oportunidad en las ni\u00f1as, ni\u00f1os y adolescentes dentro del contexto familiar e implementar modelos de intervenci\u00f3n aplicables en presencia o ausencia de enfermedad mental","og_url":"https:\/\/lafuente.mx\/?p=680","article_published_time":"2023-01-25T17:13:22+00:00","article_modified_time":"2023-03-28T20:26:28+00:00","og_image":[{"width":1653,"height":724,"url":"http:\/\/lafuente.mx\/wp-content\/uploads\/2023\/01\/imagenSMNA.jpg","type":"image\/jpeg"}],"author":"Claudia Gallardo","twitter_card":"summary_large_image","twitter_title":"Salud mental de las ni\u00f1as, ni\u00f1os y adolescentes en el contexto familiar","twitter_description":"Evaluar las \u00e1reas de oportunidad en las ni\u00f1as, ni\u00f1os y adolescentes dentro del contexto familiar e implementar modelos de intervenci\u00f3n aplicables en presencia o ausencia de enfermedad mental","twitter_image":"https:\/\/i0.wp.com\/lafuente.mx\/wp-content\/uploads\/2023\/01\/imagenSMNA.jpg?fit=1653%2C724&ssl=1","twitter_misc":{"Escrito por":"Claudia Gallardo","Tiempo de lectura":"2 minutos"},"schema":{"@context":"https:\/\/schema.org","@graph":[{"@type":"WebSite","@id":"https:\/\/lafuente.mx\/#website","url":"https:\/\/lafuente.mx\/","name":"","description":"Informaci\u00f3n confiable sobre salud mental","potentialAction":[{"@type":"SearchAction","target":{"@type":"EntryPoint","urlTemplate":"https:\/\/lafuente.mx\/?s={search_term_string}"},"query-input":"required name=search_term_string"}],"inLanguage":"es-MX"},{"@type":"WebPage","@id":"https:\/\/lafuente.mx\/?p=680","url":"https:\/\/lafuente.mx\/?p=680","name":"Salud mental de las ni\u00f1as, ni\u00f1os y adolescentes en el contexto familiar\u00a0\u00a0 -","isPartOf":{"@id":"https:\/\/lafuente.mx\/#website"},"datePublished":"2023-01-25T17:13:22+00:00","dateModified":"2023-03-28T20:26:28+00:00","author":{"@id":"https:\/\/lafuente.mx\/#\/schema\/person\/603f3aa8e2f6f7879021ab722d39d6b0"},"description":"Evaluar las \u00e1reas de oportunidad en las ni\u00f1as, ni\u00f1os y adolescentes dentro del contexto familiar e implementar modelos de intervenci\u00f3n aplicables en presencia o ausencia de enfermedad mental.\u00a0\u00a0","breadcrumb":{"@id":"https:\/\/lafuente.mx\/?p=680#breadcrumb"},"inLanguage":"es-MX","potentialAction":[{"@type":"ReadAction","target":["https:\/\/lafuente.mx\/?p=680"]}]},{"@type":"BreadcrumbList","@id":"https:\/\/lafuente.mx\/?p=680#breadcrumb","itemListElement":[{"@type":"ListItem","position":1,"name":"Inicio","item":"https:\/\/lafuente.mx\/"},{"@type":"ListItem","position":2,"name":"Salud mental de las ni\u00f1as, ni\u00f1os y adolescentes en el contexto familiar\u00a0\u00a0"}]},{"@type":"Person","@id":"https:\/\/lafuente.mx\/#\/schema\/person\/603f3aa8e2f6f7879021ab722d39d6b0","name":"Claudia Gallardo","image":{"@type":"ImageObject","inLanguage":"es-MX","@id":"https:\/\/lafuente.mx\/#\/schema\/person\/image\/","url":"https:\/\/secure.gravatar.com\/avatar\/bfe9c966af1ccfb9d17bcdb9d04e8815?s=96&d=mm&r=g","contentUrl":"https:\/\/secure.gravatar.com\/avatar\/bfe9c966af1ccfb9d17bcdb9d04e8815?s=96&d=mm&r=g","caption":"Claudia Gallardo"},"url":"https:\/\/lafuente.mx\/?author=3"}]}},"jetpack_featured_media_url":"https:\/\/i0.wp.com\/lafuente.mx\/wp-content\/uploads\/2023\/01\/imagenSMNA.jpg?fit=1653%2C724&ssl=1","jetpack-related-posts":[{"id":2711,"url":"https:\/\/lafuente.mx\/?p=2711","url_meta":{"origin":680,"position":0},"title":"Salud Mental de las Ni\u00f1as, Ni\u00f1os y Adolescentes en el contexto familiar\u00a0","date":"diciembre 16, 2024","format":false,"excerpt":"DIPLOMADO EN L\u00cdNEA COORDINADORA ACAD\u00c9MICA\u00a0 Dra. Diana Patricia Gu\u00edzar S\u00e1nchez \u00a0 Dirigido a: personal de medicina general, medicina especializada, psicolog\u00eda y terapia del \u00e1rea de la salud mental\u00a0 Objetivo general: Evaluar las \u00e1reas de oportunidad en las ni\u00f1as, ni\u00f1os y adolescentes dentro del contexto familiar e implementar modelos de intervenci\u00f3n\u2026","rel":"","context":"En &quot;Cursos en l\u00ednea&quot;","img":{"alt_text":"","src":"https:\/\/i0.wp.com\/lafuente.mx\/wp-content\/uploads\/2024\/12\/Captura-de-pantalla-2024-12-16-a-las-10.53.16.png?fit=1200%2C636&ssl=1&resize=350%2C200","width":350,"height":200},"classes":[]},{"id":2715,"url":"https:\/\/lafuente.mx\/?p=2715","url_meta":{"origin":680,"position":1},"title":"ENFERMER\u00cdA en Psiquiatr\u00eda y Salud Mental\u00a0","date":"diciembre 16, 2024","format":false,"excerpt":"DIPLOMADO EN L\u00cdNEA COORDINADORA ACAD\u00c9MICA\u00a0 Dra. Susana Gallegos S\u00e1nchez \u00a0 Dirigido a: personal de enfermer\u00eda a nivel t\u00e9cnico y de licenciatura (con c\u00e9dula profesional)\u00a0 Objetivo general: Emplear estrategias para el desarrollo profesional y \u00e9tico en favor de la promoci\u00f3n, prevenci\u00f3n, atenci\u00f3n y rehabilitaci\u00f3n de la persona que vive con enfermedad\u2026","rel":"","context":"En &quot;Cursos en l\u00ednea&quot;","img":{"alt_text":"","src":"https:\/\/i0.wp.com\/lafuente.mx\/wp-content\/uploads\/2024\/12\/Captura-de-pantalla-2024-12-16-a-las-10.54.16-1.png?fit=1098%2C778&ssl=1&resize=350%2C200","width":350,"height":200},"classes":[]},{"id":671,"url":"https:\/\/lafuente.mx\/?p=671","url_meta":{"origin":680,"position":2},"title":"Enfermer\u00eda en Psiquiatr\u00eda y Salud Mental\u00a0","date":"enero 20, 2023","format":false,"excerpt":"Diplomados en l\u00ednea 9\u00aa Generaci\u00f3n, 2023 COORDINADORA ACAD\u00c9MICA: Dra. Susana Gallegos S\u00e1nchez\u00a0 Dirigido a personal de enfermer\u00eda (nivel t\u00e9cnico y licenciatura con c\u00e9dula profesional) Objetivo general y tem\u00e1tica Emplear estrategias para el desarrollo profesional y \u00e9tico en favor de la promoci\u00f3n, prevenci\u00f3n, atenci\u00f3n y rehabilitaci\u00f3n de la persona que vive\u2026","rel":"","context":"En &quot;Cursos&quot;","img":{"alt_text":"","src":"https:\/\/i0.wp.com\/lafuente.mx\/wp-content\/uploads\/2023\/01\/imagenEnfermeria.jpg?fit=1074%2C605&ssl=1&resize=350%2C200","width":350,"height":200},"classes":[]},{"id":1598,"url":"https:\/\/lafuente.mx\/?p=1598","url_meta":{"origin":680,"position":3},"title":"Especializaci\u00f3n en Psiquiatr\u00eda Infantil y de la Adolescencia","date":"agosto 14, 2023","format":false,"excerpt":"El Instituto Nacional de Psiquiatr\u00eda Ram\u00f3n de la Fuente Mu\u00f1iz ofrece dos\u00a0 plazas para realizar la Especializaci\u00f3n en Psiquiatr\u00eda Infantil y de la Adolescencia\u00a0 Objetivo\u00a0 Formar psiquiatras especialistas en ni\u00f1as, ni\u00f1os y adolescentes que sean capaces de aplicar el conocimiento cient\u00edfico actual para identificar, realizar intervenciones preventivas y brindar atenci\u00f3n\u2026","rel":"","context":"En &quot;Cursos&quot;","img":{"alt_text":"","src":"https:\/\/i0.wp.com\/lafuente.mx\/wp-content\/uploads\/2023\/08\/Captura-de-Pantalla-2023-08-10-a-las-11.43.11.png?fit=642%2C858&ssl=1&resize=350%2C200","width":350,"height":200},"classes":[]},{"id":1998,"url":"https:\/\/lafuente.mx\/?p=1998","url_meta":{"origin":680,"position":4},"title":"D\u00eda Mundial de la Lucha contra la Depresi\u00f3n\u00a0","date":"enero 12, 2024","format":false,"excerpt":"13 de enero La conmemoraci\u00f3n de esta fecha fue establecida por la\u00a0Federaci\u00f3n Mundial de Psiquiatr\u00eda\u00a0(WPA, por sus siglas en ingl\u00e9s) en el a\u00f1o 1992, con el objetivo de concientizar sobre esta enfermedad y promover la comprensi\u00f3n y el apoyo para las personas que la padecen.\u00a0 A pesar de que no\u2026","rel":"","context":"En &quot;Efem\u00e9rides de Salud Mental&quot;","img":{"alt_text":"","src":"https:\/\/i0.wp.com\/lafuente.mx\/wp-content\/uploads\/2024\/01\/descarga.jpeg?fit=1000%2C717&ssl=1&resize=350%2C200","width":350,"height":200},"classes":[]},{"id":1343,"url":"https:\/\/lafuente.mx\/?p=1343","url_meta":{"origin":680,"position":5},"title":"Explora H: Una intervenci\u00f3n de bajo costo para la prevenci\u00f3n en salud mental\u00a0","date":"junio 27, 2023","format":false,"excerpt":"Imagen Explora H Autores*: Jorge A. Villatoro Vel\u00e1zquez, Itzia Sayuri Soto Hern\u00e1ndez, Marycarmen Bustos Gami\u00f1o, Raquel Mondrag\u00f3n G\u00f3mez.\u00a0 Las prevalencias del consumo de alcohol, tabaco y otras drogas en poblaci\u00f3n adolescente de nuestro pa\u00eds\u00a0y, en general, del continente americano,\u00a0han mostrado un incremento importante. As\u00ed mismo, se observ\u00f3 un incremento en\u2026","rel":"","context":"En &quot;Informaci\u00f3n de inter\u00e9s&quot;","img":{"alt_text":"","src":"https:\/\/i0.wp.com\/lafuente.mx\/wp-content\/uploads\/2023\/06\/Captura-de-Pantalla-2023-06-27-a-las-10.32.09.png?fit=1200%2C690&ssl=1&resize=350%2C200","width":350,"height":200},"classes":[]}],"jetpack_sharing_enabled":true,"jetpack_shortlink":"https:\/\/wp.me\/pe9WUx-aY","_links":{"self":[{"href":"https:\/\/lafuente.mx\/index.php?rest_route=\/wp\/v2\/posts\/680"}],"collection":[{"href":"https:\/\/lafuente.mx\/index.php?rest_route=\/wp\/v2\/posts"}],"about":[{"href":"https:\/\/lafuente.mx\/index.php?rest_route=\/wp\/v2\/types\/post"}],"author":[{"embeddable":true,"href":"https:\/\/lafuente.mx\/index.php?rest_route=\/wp\/v2\/users\/3"}],"replies":[{"embeddable":true,"href":"https:\/\/lafuente.mx\/index.php?rest_route=%2Fwp%2Fv2%2Fcomments&post=680"}],"version-history":[{"count":3,"href":"https:\/\/lafuente.mx\/index.php?rest_route=\/wp\/v2\/posts\/680\/revisions"}],"predecessor-version":[{"id":1005,"href":"https:\/\/lafuente.mx\/index.php?rest_route=\/wp\/v2\/posts\/680\/revisions\/1005"}],"wp:featuredmedia":[{"embeddable":true,"href":"https:\/\/lafuente.mx\/index.php?rest_route=\/wp\/v2\/media\/684"}],"wp:attachment":[{"href":"https:\/\/lafuente.mx\/index.php?rest_route=%2Fwp%2Fv2%2Fmedia&parent=680"}],"wp:term":[{"taxonomy":"category","embeddable":true,"href":"https:\/\/lafuente.mx\/index.php?rest_route=%2Fwp%2Fv2%2Fcategories&post=680"},{"taxonomy":"post_tag","embeddable":true,"href":"https:\/\/lafuente.mx\/index.php?rest_route=%2Fwp%2Fv2%2Ftags&post=680"}],"curies":[{"name":"wp","href":"https:\/\/api.w.org\/{rel}","templated":true}]}}