{"id":655,"date":"2023-01-18T17:25:56","date_gmt":"2023-01-18T17:25:56","guid":{"rendered":"https:\/\/lafuente.mx\/?p=655"},"modified":"2023-01-18T17:25:59","modified_gmt":"2023-01-18T17:25:59","slug":"trastornos-de-la-conducta-alimentaria-afectan-a-25-de-adolescentes","status":"publish","type":"post","link":"https:\/\/lafuente.mx\/?p=655","title":{"rendered":"Trastornos de la conducta alimentaria afectan a 25% de adolescentes\u00a0"},"content":{"rendered":"\n<hr class=\"wp-block-separator has-alpha-channel-opacity\"\/>\n\n\n\n<p class=\"has-text-align-center has-text-color has-large-font-size\" style=\"color:#5e4959\"><strong>Los m\u00e1s comunes son bulimia, anorexia y los atracones\u00a0<\/strong><\/p>\n\n\n\n<p>Secretar\u00eda de Salud | 07 de enero de 2023 | Comunicado\u00a0<\/p>\n\n\n\n<hr class=\"wp-block-separator has-text-color has-alpha-channel-opacity has-background is-style-dots\" style=\"background-color:#675470;color:#675470\"\/>\n\n\n\n<p>Se estima que, en M\u00e9xico, 25 por ciento de adolescentes padece en diferentes grados un trastorno de la alimentaci\u00f3n; la mayor\u00eda de los casos, asociados con alg\u00fan problema mental.\u00a0<\/p>\n\n\n\n<p><strong>Cl\u00ednica de Trastornos de Conducta Alimentaria<\/strong><\/p>\n\n\n\n<p>En tanto, el Instituto Nacional de Psiquiatr\u00eda Ram\u00f3n de la Fuente Mu\u00f1iz cuenta con una Cl\u00ednica de Trastornos de la Conducta Alimentaria que opera desde 1996 y cada a\u00f1o atiende hasta 300 nuevos pacientes, inform\u00f3 el coordinador de la cl\u00ednica, Alejandro de Jes\u00fas Caballero Romo.\u00a0<\/p>\n\n\n<div class=\"wp-block-image\">\n<figure class=\"aligncenter size-large is-resized\"><img decoding=\"async\" src=\"https:\/\/i0.wp.com\/lafuente.mx\/wp-content\/uploads\/2023\/01\/Captura-de-Pantalla-2023-01-18-a-las-10.39.29-825x1024.png?resize=640%2C794&#038;ssl=1\" alt=\"\" class=\"wp-image-656\" width=\"-341\" height=\"-423\" srcset=\"https:\/\/i0.wp.com\/lafuente.mx\/wp-content\/uploads\/2023\/01\/Captura-de-Pantalla-2023-01-18-a-las-10.39.29.png?resize=825%2C1024&amp;ssl=1 825w, https:\/\/i0.wp.com\/lafuente.mx\/wp-content\/uploads\/2023\/01\/Captura-de-Pantalla-2023-01-18-a-las-10.39.29.png?resize=242%2C300&amp;ssl=1 242w, https:\/\/i0.wp.com\/lafuente.mx\/wp-content\/uploads\/2023\/01\/Captura-de-Pantalla-2023-01-18-a-las-10.39.29.png?resize=768%2C953&amp;ssl=1 768w, https:\/\/i0.wp.com\/lafuente.mx\/wp-content\/uploads\/2023\/01\/Captura-de-Pantalla-2023-01-18-a-las-10.39.29.png?w=980&amp;ssl=1 980w\" sizes=\"(max-width: 640px) 100vw, 640px\" data-recalc-dims=\"1\" \/><\/figure><\/div>\n\n\n<p>Los grupos etarios que demandan mayor atenci\u00f3n son de 14 a 19 a\u00f1os y de 20 a 25 a\u00f1os, principalmente por bulimia, trastorno purgativo, por atrac\u00f3n y anorexias (total y at\u00edpica). En menor intensidad tambi\u00e9n por alteraciones conductuales como trastorno por evitaci\u00f3n y restricci\u00f3n de la ingesta de alimentos.<\/p>\n\n\n\n<p>Detall\u00f3 que la evaluaci\u00f3n inicial consiste en ex\u00e1menes de laboratorio y una valoraci\u00f3n m\u00e9dica y psiqui\u00e1trica del trastorno alimentario y sus comorbilidades. El tratamiento es individualizado de acuerdo con el tipo de trastorno y estado f\u00edsico y psiqui\u00e1trico de la persona; contempla rehabilitaci\u00f3n nutricional y terapia de psicoeducaci\u00f3n para pacientes y familiares.<\/p>\n\n\n\n<figure class=\"wp-block-gallery has-nested-images columns-default is-cropped wp-block-gallery-1 is-layout-flex wp-block-gallery-is-layout-flex\">\n<figure class=\"wp-block-image size-large\"><img decoding=\"async\" loading=\"lazy\" width=\"640\" height=\"320\" data-id=\"657\" src=\"https:\/\/i0.wp.com\/lafuente.mx\/wp-content\/uploads\/2023\/01\/Comida-chatarra--1024x512.webp?resize=640%2C320&#038;ssl=1\" alt=\"\" class=\"wp-image-657\" srcset=\"https:\/\/i0.wp.com\/lafuente.mx\/wp-content\/uploads\/2023\/01\/Comida-chatarra-.webp?resize=1024%2C512&amp;ssl=1 1024w, https:\/\/i0.wp.com\/lafuente.mx\/wp-content\/uploads\/2023\/01\/Comida-chatarra-.webp?resize=300%2C150&amp;ssl=1 300w, https:\/\/i0.wp.com\/lafuente.mx\/wp-content\/uploads\/2023\/01\/Comida-chatarra-.webp?resize=768%2C384&amp;ssl=1 768w, https:\/\/i0.wp.com\/lafuente.mx\/wp-content\/uploads\/2023\/01\/Comida-chatarra-.webp?w=1500&amp;ssl=1 1500w, https:\/\/i0.wp.com\/lafuente.mx\/wp-content\/uploads\/2023\/01\/Comida-chatarra-.webp?w=1280 1280w\" sizes=\"(max-width: 640px) 100vw, 640px\" data-recalc-dims=\"1\" \/><\/figure>\n\n\n\n<figure class=\"wp-block-image size-full\"><img decoding=\"async\" loading=\"lazy\" width=\"640\" height=\"358\" data-id=\"663\" src=\"https:\/\/i0.wp.com\/lafuente.mx\/wp-content\/uploads\/2023\/01\/comida-basura-1.jpeg?resize=640%2C358&#038;ssl=1\" alt=\"\" class=\"wp-image-663\" srcset=\"https:\/\/i0.wp.com\/lafuente.mx\/wp-content\/uploads\/2023\/01\/comida-basura-1.jpeg?w=1024&amp;ssl=1 1024w, https:\/\/i0.wp.com\/lafuente.mx\/wp-content\/uploads\/2023\/01\/comida-basura-1.jpeg?resize=300%2C168&amp;ssl=1 300w, https:\/\/i0.wp.com\/lafuente.mx\/wp-content\/uploads\/2023\/01\/comida-basura-1.jpeg?resize=768%2C430&amp;ssl=1 768w\" sizes=\"(max-width: 640px) 100vw, 640px\" data-recalc-dims=\"1\" \/><\/figure>\n\n\n\n<figure class=\"wp-block-image size-large\"><img decoding=\"async\" loading=\"lazy\" width=\"640\" height=\"338\" data-id=\"661\" src=\"https:\/\/i0.wp.com\/lafuente.mx\/wp-content\/uploads\/2023\/01\/Chatarra.webp?resize=640%2C338&#038;ssl=1\" alt=\"\" class=\"wp-image-661\" srcset=\"https:\/\/i0.wp.com\/lafuente.mx\/wp-content\/uploads\/2023\/01\/Chatarra.webp?w=700&amp;ssl=1 700w, https:\/\/i0.wp.com\/lafuente.mx\/wp-content\/uploads\/2023\/01\/Chatarra.webp?resize=300%2C159&amp;ssl=1 300w\" sizes=\"(max-width: 640px) 100vw, 640px\" data-recalc-dims=\"1\" \/><\/figure>\n\n\n\n<figure class=\"wp-block-image size-large\"><img decoding=\"async\" loading=\"lazy\" width=\"600\" height=\"399\" data-id=\"658\" src=\"https:\/\/i0.wp.com\/lafuente.mx\/wp-content\/uploads\/2023\/01\/ansiedad-grupos1.jpeg?resize=600%2C399&#038;ssl=1\" alt=\"\" class=\"wp-image-658\" srcset=\"https:\/\/i0.wp.com\/lafuente.mx\/wp-content\/uploads\/2023\/01\/ansiedad-grupos1.jpeg?w=600&amp;ssl=1 600w, https:\/\/i0.wp.com\/lafuente.mx\/wp-content\/uploads\/2023\/01\/ansiedad-grupos1.jpeg?resize=300%2C200&amp;ssl=1 300w\" sizes=\"(max-width: 600px) 100vw, 600px\" data-recalc-dims=\"1\" \/><\/figure>\n\n\n\n<figure class=\"wp-block-image size-full\"><img decoding=\"async\" loading=\"lazy\" width=\"640\" height=\"464\" data-id=\"664\" src=\"https:\/\/i0.wp.com\/lafuente.mx\/wp-content\/uploads\/2023\/01\/alimentos-saludables-1.jpeg?resize=640%2C464&#038;ssl=1\" alt=\"\" class=\"wp-image-664\" srcset=\"https:\/\/i0.wp.com\/lafuente.mx\/wp-content\/uploads\/2023\/01\/alimentos-saludables-1.jpeg?w=730&amp;ssl=1 730w, https:\/\/i0.wp.com\/lafuente.mx\/wp-content\/uploads\/2023\/01\/alimentos-saludables-1.jpeg?resize=300%2C217&amp;ssl=1 300w\" sizes=\"(max-width: 640px) 100vw, 640px\" data-recalc-dims=\"1\" \/><\/figure>\n<\/figure>\n\n\n\n<p>El tiempo del tratamiento depende del tipo de trastorno y lo avanzado del da\u00f1o, por lo que puede tardar meses o ser permanente, conforme lo determine el grupo multidisciplinario de especialistas en psicoterapia, psicolog\u00eda, psiquiatr\u00eda, nutrici\u00f3n y terapia familiar.&nbsp;<\/p>\n\n\n\n<hr class=\"wp-block-separator has-text-color has-alpha-channel-opacity has-background is-style-wide\" style=\"background-color:#685369;color:#685369\"\/>\n\n\n\n<div class=\"wp-block-buttons is-layout-flex wp-block-buttons-is-layout-flex\">\n<div class=\"wp-block-button\"><a class=\"wp-block-button__link has-background\" href=\"https:\/\/www.gob.mx\/salud\/prensa\/004-trastornos-de-la-conducta-alimentaria-afectan-a-25-de-adolescentes?fbclid=IwAR3VGPx89tRKpJ1nB-9TcVzVRlySbMExb7VhffI1ylwQuODOyKlBW5A3PQ0\" style=\"background-color:#5f5060\" target=\"_blank\" rel=\"noreferrer noopener\">M\u00e1s informaci\u00f3n<\/a><\/div>\n<\/div>\n","protected":false},"excerpt":{"rendered":"<p>Los m\u00e1s comunes son bulimia, anorexia y los atracones\u00a0 Secretar\u00eda de Salud | 07 de enero de 2023 | Comunicado\u00a0 Se estima que, en M\u00e9xico,<\/p>\n","protected":false},"author":3,"featured_media":664,"comment_status":"closed","ping_status":"closed","sticky":false,"template":"","format":"standard","meta":{"footnotes":"","jetpack_publicize_message":"","jetpack_is_tweetstorm":false,"jetpack_publicize_feature_enabled":true},"categories":[3],"tags":[],"jetpack_publicize_connections":[],"yoast_head":"<!-- This site is optimized with the Yoast SEO plugin v19.4 - https:\/\/yoast.com\/wordpress\/plugins\/seo\/ -->\n<title>Trastornos de la conducta alimentaria afectan a 25% de adolescentes\u00a0 -<\/title>\n<meta name=\"description\" content=\"Trastornos de la conducta alimentaria afectan a 25% de adolescentes, los m\u00e1s\u00a0comunes son bulimia, anorexia y los atracones\u00a0\" \/>\n<meta name=\"robots\" content=\"index, follow, max-snippet:-1, max-image-preview:large, max-video-preview:-1\" \/>\n<link rel=\"canonical\" href=\"https:\/\/lafuente.mx\/?p=655\" \/>\n<meta property=\"og:locale\" content=\"es_MX\" \/>\n<meta property=\"og:type\" content=\"article\" \/>\n<meta property=\"og:title\" content=\"Trastornos de la conducta alimentaria afectan a 25% de adolescentes\" \/>\n<meta property=\"og:description\" content=\"Trastornos de la conducta alimentaria afectan a 25% de adolescentes, los m\u00e1s\u00a0comunes son bulimia, anorexia y los atracones\u00a0\" \/>\n<meta property=\"og:url\" content=\"https:\/\/lafuente.mx\/?p=655\" \/>\n<meta property=\"article:published_time\" content=\"2023-01-18T17:25:56+00:00\" \/>\n<meta property=\"article:modified_time\" content=\"2023-01-18T17:25:59+00:00\" \/>\n<meta property=\"og:image\" content=\"http:\/\/lafuente.mx\/wp-content\/uploads\/2023\/01\/alimentos-saludables-1.jpeg\" \/>\n\t<meta property=\"og:image:width\" content=\"730\" \/>\n\t<meta property=\"og:image:height\" content=\"529\" \/>\n\t<meta property=\"og:image:type\" content=\"image\/jpeg\" \/>\n<meta name=\"author\" content=\"Claudia Gallardo\" \/>\n<meta name=\"twitter:card\" content=\"summary_large_image\" \/>\n<meta name=\"twitter:title\" content=\"Trastornos de la conducta alimentaria afectan a 25% de adolescentes\" \/>\n<meta name=\"twitter:description\" content=\"Trastornos de la conducta alimentaria afectan a 25% de adolescentes, los m\u00e1s\u00a0comunes son bulimia, anorexia y los atracones\u00a0\" \/>\n<meta name=\"twitter:image\" content=\"https:\/\/i0.wp.com\/lafuente.mx\/wp-content\/uploads\/2023\/01\/alimentos-saludables-1.jpeg?fit=730%2C529&ssl=1\" \/>\n<meta name=\"twitter:label1\" content=\"Escrito por\" \/>\n\t<meta name=\"twitter:data1\" content=\"Claudia Gallardo\" \/>\n\t<meta name=\"twitter:label2\" content=\"Tiempo de lectura\" \/>\n\t<meta name=\"twitter:data2\" content=\"3 minutos\" \/>\n<script type=\"application\/ld+json\" class=\"yoast-schema-graph\">{\"@context\":\"https:\/\/schema.org\",\"@graph\":[{\"@type\":\"WebSite\",\"@id\":\"https:\/\/lafuente.mx\/#website\",\"url\":\"https:\/\/lafuente.mx\/\",\"name\":\"\",\"description\":\"Informaci\u00f3n confiable sobre salud mental\",\"potentialAction\":[{\"@type\":\"SearchAction\",\"target\":{\"@type\":\"EntryPoint\",\"urlTemplate\":\"https:\/\/lafuente.mx\/?s={search_term_string}\"},\"query-input\":\"required name=search_term_string\"}],\"inLanguage\":\"es-MX\"},{\"@type\":\"WebPage\",\"@id\":\"https:\/\/lafuente.mx\/?p=655\",\"url\":\"https:\/\/lafuente.mx\/?p=655\",\"name\":\"Trastornos de la conducta alimentaria afectan a 25% de adolescentes\u00a0 -\",\"isPartOf\":{\"@id\":\"https:\/\/lafuente.mx\/#website\"},\"datePublished\":\"2023-01-18T17:25:56+00:00\",\"dateModified\":\"2023-01-18T17:25:59+00:00\",\"author\":{\"@id\":\"https:\/\/lafuente.mx\/#\/schema\/person\/603f3aa8e2f6f7879021ab722d39d6b0\"},\"description\":\"Trastornos de la conducta alimentaria afectan a 25% de adolescentes, los m\u00e1s\u00a0comunes son bulimia, anorexia y los atracones\u00a0\",\"breadcrumb\":{\"@id\":\"https:\/\/lafuente.mx\/?p=655#breadcrumb\"},\"inLanguage\":\"es-MX\",\"potentialAction\":[{\"@type\":\"ReadAction\",\"target\":[\"https:\/\/lafuente.mx\/?p=655\"]}]},{\"@type\":\"BreadcrumbList\",\"@id\":\"https:\/\/lafuente.mx\/?p=655#breadcrumb\",\"itemListElement\":[{\"@type\":\"ListItem\",\"position\":1,\"name\":\"Inicio\",\"item\":\"https:\/\/lafuente.mx\/\"},{\"@type\":\"ListItem\",\"position\":2,\"name\":\"Trastornos de la conducta alimentaria afectan a 25% de adolescentes\u00a0\"}]},{\"@type\":\"Person\",\"@id\":\"https:\/\/lafuente.mx\/#\/schema\/person\/603f3aa8e2f6f7879021ab722d39d6b0\",\"name\":\"Claudia Gallardo\",\"image\":{\"@type\":\"ImageObject\",\"inLanguage\":\"es-MX\",\"@id\":\"https:\/\/lafuente.mx\/#\/schema\/person\/image\/\",\"url\":\"https:\/\/secure.gravatar.com\/avatar\/bfe9c966af1ccfb9d17bcdb9d04e8815?s=96&d=mm&r=g\",\"contentUrl\":\"https:\/\/secure.gravatar.com\/avatar\/bfe9c966af1ccfb9d17bcdb9d04e8815?s=96&d=mm&r=g\",\"caption\":\"Claudia Gallardo\"},\"url\":\"https:\/\/lafuente.mx\/?author=3\"}]}<\/script>\n<!-- \/ Yoast SEO plugin. -->","yoast_head_json":{"title":"Trastornos de la conducta alimentaria afectan a 25% de adolescentes\u00a0 -","description":"Trastornos de la conducta alimentaria afectan a 25% de adolescentes, los m\u00e1s\u00a0comunes son bulimia, anorexia y los atracones\u00a0","robots":{"index":"index","follow":"follow","max-snippet":"max-snippet:-1","max-image-preview":"max-image-preview:large","max-video-preview":"max-video-preview:-1"},"canonical":"https:\/\/lafuente.mx\/?p=655","og_locale":"es_MX","og_type":"article","og_title":"Trastornos de la conducta alimentaria afectan a 25% de adolescentes","og_description":"Trastornos de la conducta alimentaria afectan a 25% de adolescentes, los m\u00e1s\u00a0comunes son bulimia, anorexia y los atracones\u00a0","og_url":"https:\/\/lafuente.mx\/?p=655","article_published_time":"2023-01-18T17:25:56+00:00","article_modified_time":"2023-01-18T17:25:59+00:00","og_image":[{"width":730,"height":529,"url":"http:\/\/lafuente.mx\/wp-content\/uploads\/2023\/01\/alimentos-saludables-1.jpeg","type":"image\/jpeg"}],"author":"Claudia Gallardo","twitter_card":"summary_large_image","twitter_title":"Trastornos de la conducta alimentaria afectan a 25% de adolescentes","twitter_description":"Trastornos de la conducta alimentaria afectan a 25% de adolescentes, los m\u00e1s\u00a0comunes son bulimia, anorexia y los atracones\u00a0","twitter_image":"https:\/\/i0.wp.com\/lafuente.mx\/wp-content\/uploads\/2023\/01\/alimentos-saludables-1.jpeg?fit=730%2C529&ssl=1","twitter_misc":{"Escrito por":"Claudia Gallardo","Tiempo de lectura":"3 minutos"},"schema":{"@context":"https:\/\/schema.org","@graph":[{"@type":"WebSite","@id":"https:\/\/lafuente.mx\/#website","url":"https:\/\/lafuente.mx\/","name":"","description":"Informaci\u00f3n confiable sobre salud mental","potentialAction":[{"@type":"SearchAction","target":{"@type":"EntryPoint","urlTemplate":"https:\/\/lafuente.mx\/?s={search_term_string}"},"query-input":"required name=search_term_string"}],"inLanguage":"es-MX"},{"@type":"WebPage","@id":"https:\/\/lafuente.mx\/?p=655","url":"https:\/\/lafuente.mx\/?p=655","name":"Trastornos de la conducta alimentaria afectan a 25% de adolescentes\u00a0 -","isPartOf":{"@id":"https:\/\/lafuente.mx\/#website"},"datePublished":"2023-01-18T17:25:56+00:00","dateModified":"2023-01-18T17:25:59+00:00","author":{"@id":"https:\/\/lafuente.mx\/#\/schema\/person\/603f3aa8e2f6f7879021ab722d39d6b0"},"description":"Trastornos de la conducta alimentaria afectan a 25% de adolescentes, los m\u00e1s\u00a0comunes son bulimia, anorexia y los atracones\u00a0","breadcrumb":{"@id":"https:\/\/lafuente.mx\/?p=655#breadcrumb"},"inLanguage":"es-MX","potentialAction":[{"@type":"ReadAction","target":["https:\/\/lafuente.mx\/?p=655"]}]},{"@type":"BreadcrumbList","@id":"https:\/\/lafuente.mx\/?p=655#breadcrumb","itemListElement":[{"@type":"ListItem","position":1,"name":"Inicio","item":"https:\/\/lafuente.mx\/"},{"@type":"ListItem","position":2,"name":"Trastornos de la conducta alimentaria afectan a 25% de adolescentes\u00a0"}]},{"@type":"Person","@id":"https:\/\/lafuente.mx\/#\/schema\/person\/603f3aa8e2f6f7879021ab722d39d6b0","name":"Claudia Gallardo","image":{"@type":"ImageObject","inLanguage":"es-MX","@id":"https:\/\/lafuente.mx\/#\/schema\/person\/image\/","url":"https:\/\/secure.gravatar.com\/avatar\/bfe9c966af1ccfb9d17bcdb9d04e8815?s=96&d=mm&r=g","contentUrl":"https:\/\/secure.gravatar.com\/avatar\/bfe9c966af1ccfb9d17bcdb9d04e8815?s=96&d=mm&r=g","caption":"Claudia Gallardo"},"url":"https:\/\/lafuente.mx\/?author=3"}]}},"jetpack_featured_media_url":"https:\/\/i0.wp.com\/lafuente.mx\/wp-content\/uploads\/2023\/01\/alimentos-saludables-1.jpeg?fit=730%2C529&ssl=1","jetpack-related-posts":[{"id":1876,"url":"https:\/\/lafuente.mx\/?p=1876","url_meta":{"origin":655,"position":0},"title":"Temas selectos en los trastornos de la conducta alimentaria: su afrontamiento cl\u00ednico en el entorno actual\u00a0","date":"noviembre 21, 2023","format":false,"excerpt":"Del 27 de noviembre al 8 de diciembre de 2023\u00a0 Coordinador:\u00a0 Dr. Alejandro de J. Caballero Romo\u00a0 Dirigido a:\u00a0 Profesionales de la salud: medicina, psicolog\u00eda, nutrici\u00f3n, trabajo social, enfermer\u00eda y profesiones afines\u00a0 Objetivo general: Reflexionar acerca de la naturaleza cl\u00ednica de los trastornos de la conducta alimentaria y su presentaci\u00f3n\u2026","rel":"","context":"En &quot;Cursos en l\u00ednea&quot;","img":{"alt_text":"","src":"https:\/\/i0.wp.com\/lafuente.mx\/wp-content\/uploads\/2023\/11\/tca-pyrt2wocimkeydzeapckas8bvswdfu96y3gichtpb2.jpg?fit=1200%2C675&ssl=1&resize=350%2C200","width":350,"height":200},"classes":[]},{"id":845,"url":"https:\/\/lafuente.mx\/?p=845","url_meta":{"origin":655,"position":1},"title":"Efectos del programa de prevenci\u00f3n de conductas alimentarias trastornadas y sedentarismo en adolescentes mexicanos masculinos y femeninos\u00a0","date":"marzo 1, 2023","format":false,"excerpt":"Teresita de Jes\u00fas Saucedo-Molina, Frida Josselyn Canales Ram\u00edrez, Orquidea Galdina Arellano-P\u00e9rez\u00a0 \u00c1rea Acad\u00e9mica de Nutrici\u00f3n, Instituto de Ciencias de la Salud, Universidad Aut\u00f3noma del Estado de Hidalgo, M\u00e9xico\u00a0 Introducci\u00f3n. Los adolescentes son el grupo con mayor riesgo de desarrollar conductas alimentarias desordenadas (DEB). Prevenir este problema es de suma importancia\u2026","rel":"","context":"En &quot;Revista Salud Mental&quot;","img":{"alt_text":"","src":"https:\/\/i0.wp.com\/lafuente.mx\/wp-content\/uploads\/2023\/02\/trifuerza-edited.jpeg?fit=358%2C298&ssl=1&resize=350%2C200","width":350,"height":200},"classes":[]},{"id":680,"url":"https:\/\/lafuente.mx\/?p=680","url_meta":{"origin":655,"position":2},"title":"Salud mental de las ni\u00f1as, ni\u00f1os y adolescentes en el contexto familiar\u00a0\u00a0","date":"enero 25, 2023","format":false,"excerpt":"Diplomados en l\u00ednea Generaci\u00f3n 2023 COORDINADORA ACAD\u00c9MICA: Dra. Diana Patricia Gu\u00edzar S\u00e1nchez\u00a0 Diplomado dirigido a personal de medicina general, medicina especializada, psicolog\u00eda y terapia del \u00e1rea de la salud mental.\u00a0 Objetivo general y contenido tem\u00e1tico Evaluar las \u00e1reas de oportunidad en las ni\u00f1as, ni\u00f1os y adolescentes dentro del contexto familiar\u2026","rel":"","context":"En &quot;Cursos&quot;","img":{"alt_text":"","src":"https:\/\/i0.wp.com\/lafuente.mx\/wp-content\/uploads\/2023\/01\/imagenSMNA.jpg?fit=1200%2C526&ssl=1&resize=350%2C200","width":350,"height":200},"classes":[]},{"id":2371,"url":"https:\/\/lafuente.mx\/?p=2371","url_meta":{"origin":655,"position":3},"title":"Trastornos alimentarios ponen en riesgo la vida\u00a0","date":"junio 20, 2024","format":false,"excerpt":"Los m\u00e1s comunes son el atrac\u00f3n, la anorexia nervosa y la bulimia nervosa Secretar\u00eda de Salud | 14 de junio de 2024\u00a0| Nacional\u00a0 Est\u00e1n asociados con trastornos mentales como depresi\u00f3n, ansiedad, trastorno l\u00edmite de personalidad y obsesivo-compulsivo; atenci\u00f3n oportuna permite el control total.\u00a0 El atrac\u00f3n, la anorexia y la bulimia\u2026","rel":"","context":"En &quot;Noticias&quot;","img":{"alt_text":"vegetable skewer, paprika, tomato-3317060.jpg","src":"https:\/\/i0.wp.com\/lafuente.mx\/wp-content\/uploads\/2024\/06\/vegetable-skewer-paprika-tomato-3317060.jpg?fit=1200%2C768&ssl=1&resize=350%2C200","width":350,"height":200},"classes":[]},{"id":2365,"url":"https:\/\/lafuente.mx\/?p=2365","url_meta":{"origin":655,"position":4},"title":"Trastorno Bipolar en Ni\u00f1os y\u00a0 Adolescentes\u00a0","date":"junio 19, 2024","format":false,"excerpt":"GU\u00cdAS CL\u00cdNICAS\u00a0 INTRODUCCI\u00d3N\u00a0 El Trastorno Bipolar, antiguamente conocido como enfermedad maniaco depresiva, es un trastorno del estado del \u00e1nimo, en el que se presentan fases de depresi\u00f3n con otras de euforia. Es una de las psicopatolog\u00edas menos frecuentes en la Infancia, debido en parte a que durante muchos a\u00f1os se\u2026","rel":"","context":"En &quot;Publicaciones&quot;","img":{"alt_text":"","src":"https:\/\/i0.wp.com\/lafuente.mx\/wp-content\/uploads\/2024\/06\/Captura-de-pantalla-2024-06-19-a-las-12.27.32.png?fit=868%2C864&ssl=1&resize=350%2C200","width":350,"height":200},"classes":[]},{"id":2039,"url":"https:\/\/lafuente.mx\/?p=2039","url_meta":{"origin":655,"position":5},"title":"Consumo de productos ultraprocesados se asocia con cuadros de depresi\u00f3n y ansiedad\u00a0","date":"enero 24, 2024","format":false,"excerpt":"Activan un neurotransmisor llamado dopamina, que proporciona sensaci\u00f3n de placer; esto genera la necesidad de seguirlos consumiendo\u00a0 Secretar\u00eda de Salud | 16 de enero de 2024 | Nacional\u00a0 Es recomendable tomar como base de la alimentaci\u00f3n diaria el Plato del Bien Comer o las gu\u00edas alimentarias https:\/\/bit.ly\/3RYEHz2\u00a0 Ana Rosa Garc\u00eda,\u2026","rel":"","context":"En &quot;Noticias&quot;","img":{"alt_text":"","src":"https:\/\/i0.wp.com\/lafuente.mx\/wp-content\/uploads\/2024\/01\/platoBuen-comer.webp?fit=800%2C600&ssl=1&resize=350%2C200","width":350,"height":200},"classes":[]}],"jetpack_sharing_enabled":true,"jetpack_shortlink":"https:\/\/wp.me\/pe9WUx-az","_links":{"self":[{"href":"https:\/\/lafuente.mx\/index.php?rest_route=\/wp\/v2\/posts\/655"}],"collection":[{"href":"https:\/\/lafuente.mx\/index.php?rest_route=\/wp\/v2\/posts"}],"about":[{"href":"https:\/\/lafuente.mx\/index.php?rest_route=\/wp\/v2\/types\/post"}],"author":[{"embeddable":true,"href":"https:\/\/lafuente.mx\/index.php?rest_route=\/wp\/v2\/users\/3"}],"replies":[{"embeddable":true,"href":"https:\/\/lafuente.mx\/index.php?rest_route=%2Fwp%2Fv2%2Fcomments&post=655"}],"version-history":[{"count":1,"href":"https:\/\/lafuente.mx\/index.php?rest_route=\/wp\/v2\/posts\/655\/revisions"}],"predecessor-version":[{"id":665,"href":"https:\/\/lafuente.mx\/index.php?rest_route=\/wp\/v2\/posts\/655\/revisions\/665"}],"wp:featuredmedia":[{"embeddable":true,"href":"https:\/\/lafuente.mx\/index.php?rest_route=\/wp\/v2\/media\/664"}],"wp:attachment":[{"href":"https:\/\/lafuente.mx\/index.php?rest_route=%2Fwp%2Fv2%2Fmedia&parent=655"}],"wp:term":[{"taxonomy":"category","embeddable":true,"href":"https:\/\/lafuente.mx\/index.php?rest_route=%2Fwp%2Fv2%2Fcategories&post=655"},{"taxonomy":"post_tag","embeddable":true,"href":"https:\/\/lafuente.mx\/index.php?rest_route=%2Fwp%2Fv2%2Ftags&post=655"}],"curies":[{"name":"wp","href":"https:\/\/api.w.org\/{rel}","templated":true}]}}