{"id":611,"date":"2022-12-06T15:44:06","date_gmt":"2022-12-06T15:44:06","guid":{"rendered":"https:\/\/lafuente.mx\/?p=611"},"modified":"2023-03-28T20:20:09","modified_gmt":"2023-03-28T20:20:09","slug":"forma-parte-de-nuestros-16-dias-de-activismo","status":"publish","type":"post","link":"https:\/\/lafuente.mx\/?p=611","title":{"rendered":"Forma parte de nuestros 16 d\u00edas de activismo\u00a0\u00a0"},"content":{"rendered":"\n<p>&nbsp;Como cada a\u00f1o, el <strong>D\u00eda Internacional para Eliminar la Violencia contra la Mujer<\/strong> marca el comienzo de la Campa\u00f1a \u00danete de la ONU, 16 d\u00edas de activismo (del 25 de noviembre al 10 de diciembre) que concluyen coincidiendo con el <strong>D\u00eda Internacional de los Derechos Humanos.<\/strong>&nbsp;<\/p>\n\n\n<div class=\"wp-block-image\">\n<figure class=\"aligncenter size-full is-resized\"><img decoding=\"async\" loading=\"lazy\" src=\"https:\/\/i0.wp.com\/lafuente.mx\/wp-content\/uploads\/2022\/12\/violenciALTO.png?resize=558%2C338&#038;ssl=1\" alt=\"\" class=\"wp-image-612\" width=\"558\" height=\"338\" srcset=\"https:\/\/i0.wp.com\/lafuente.mx\/wp-content\/uploads\/2022\/12\/violenciALTO.png?w=645&amp;ssl=1 645w, https:\/\/i0.wp.com\/lafuente.mx\/wp-content\/uploads\/2022\/12\/violenciALTO.png?resize=300%2C182&amp;ssl=1 300w\" sizes=\"(max-width: 558px) 100vw, 558px\" data-recalc-dims=\"1\" \/><\/figure><\/div>\n\n\n<p class=\"has-vivid-purple-color has-text-color has-large-font-size\"><strong>Sesi\u00f3n virtual&nbsp;   9 de diciembre<\/strong><\/p>\n\n\n\n<p class=\"has-vivid-purple-color has-text-color has-large-font-size\">10:30 a.m.&nbsp;<\/p>\n\n\n\n<p class=\"has-text-color\" style=\"color:#611f9f\"><strong>Conferencia: <\/strong><\/p>\n\n\n\n<p class=\"has-text-color has-medium-font-size\" style=\"color:#6119a5\"><strong>Violencia de G\u00e9nero, Hostigamiento y Acoso Sexual <br><\/strong>en el marco del D\u00eda Internacional de la Eliminaci\u00f3n de la Violencia contra la Mujer&nbsp;&nbsp;<\/p>\n\n\n\n<p class=\"has-luminous-vivid-orange-color has-text-color\">Mtra. Mar\u00eda de los \u00c1ngeles&nbsp;&nbsp;<\/p>\n\n\n\n<p class=\"has-luminous-vivid-orange-color has-text-color\">Hern\u00e1ndez Mendizabal&nbsp;&nbsp;<\/p>\n\n\n\n<p class=\"has-luminous-vivid-orange-color has-text-color has-small-font-size\">Jefa del Departamento de Atenci\u00f3n para Personas y Comunidades en Situaci\u00f3n de Vulnerabilidad, Comisi\u00f3n Nacional de los Derechos Humanos&nbsp;<\/p>\n\n\n\n<div class=\"wp-block-buttons is-layout-flex wp-block-buttons-is-layout-flex\">\n<div class=\"wp-block-button\"><a class=\"wp-block-button__link has-vivid-purple-background-color has-background\" href=\"https:\/\/mcusercontent.com\/f24c52cb46e330c12bccd01c9\/files\/7d3061d4-cf5c-355f-6c4f-da54dc2e7d6e\/violencia__mujer_1_.pdf?fbclid=IwAR1U6UK4IeUPZ-tPBKyNHOzmlEFz1sHyqb3NCuUy8ErhNY-KCteC5wk4pfA\">M\u00e1s informaci\u00f3n<\/a><\/div>\n<\/div>\n","protected":false},"excerpt":{"rendered":"<p>&nbsp;Como cada a\u00f1o, el D\u00eda Internacional para Eliminar la Violencia contra la Mujer marca el comienzo de la Campa\u00f1a \u00danete de la ONU, 16 d\u00edas<\/p>\n","protected":false},"author":3,"featured_media":612,"comment_status":"closed","ping_status":"closed","sticky":false,"template":"","format":"standard","meta":{"footnotes":"","jetpack_publicize_message":"","jetpack_is_tweetstorm":false,"jetpack_publicize_feature_enabled":true},"categories":[14],"tags":[148,147,149,21,146,145],"jetpack_publicize_connections":[],"yoast_head":"<!-- This site is optimized with the Yoast SEO plugin v19.4 - https:\/\/yoast.com\/wordpress\/plugins\/seo\/ -->\n<title>Forma parte de nuestros 16 d\u00edas de activismo\u00a0\u00a0 -<\/title>\n<meta name=\"description\" content=\"Conferencia: Violencia de G\u00e9nero, Hostigamiento y Acoso Sexual en el marco del D\u00eda Internacional de la Eliminaci\u00f3n de la Violencia contra la Mujer\" \/>\n<meta name=\"robots\" content=\"index, follow, max-snippet:-1, max-image-preview:large, max-video-preview:-1\" \/>\n<link rel=\"canonical\" href=\"https:\/\/lafuente.mx\/?p=611\" \/>\n<meta property=\"og:locale\" content=\"es_MX\" \/>\n<meta property=\"og:type\" content=\"article\" \/>\n<meta property=\"og:title\" content=\"Forma parte de nuestros 16 d\u00edas de activismo\" \/>\n<meta property=\"og:description\" content=\"Conferencia: Violencia de G\u00e9nero, Hostigamiento y Acoso Sexual en el marco del D\u00eda Internacional de la Eliminaci\u00f3n de la Violencia contra la Mujer\" \/>\n<meta property=\"og:url\" content=\"https:\/\/lafuente.mx\/?p=611\" \/>\n<meta property=\"article:published_time\" content=\"2022-12-06T15:44:06+00:00\" \/>\n<meta property=\"article:modified_time\" content=\"2023-03-28T20:20:09+00:00\" \/>\n<meta property=\"og:image\" content=\"http:\/\/lafuente.mx\/wp-content\/uploads\/2022\/12\/violenciALTO.png\" \/>\n\t<meta property=\"og:image:width\" content=\"645\" \/>\n\t<meta property=\"og:image:height\" content=\"391\" \/>\n\t<meta property=\"og:image:type\" content=\"image\/png\" \/>\n<meta name=\"author\" content=\"Claudia Gallardo\" \/>\n<meta name=\"twitter:card\" content=\"summary_large_image\" \/>\n<meta name=\"twitter:title\" content=\"Forma parte de nuestros 16 d\u00edas de activismo\" \/>\n<meta name=\"twitter:description\" content=\"Conferencia: Violencia de G\u00e9nero, Hostigamiento y Acoso Sexual en el marco del D\u00eda Internacional de la Eliminaci\u00f3n de la Violencia contra la Mujer\" \/>\n<meta name=\"twitter:image\" content=\"https:\/\/i0.wp.com\/lafuente.mx\/wp-content\/uploads\/2022\/12\/violenciALTO.png?fit=645%2C391&ssl=1\" \/>\n<meta name=\"twitter:label1\" content=\"Escrito por\" \/>\n\t<meta name=\"twitter:data1\" content=\"Claudia Gallardo\" \/>\n\t<meta name=\"twitter:label2\" content=\"Tiempo de lectura\" \/>\n\t<meta name=\"twitter:data2\" content=\"1 minuto\" \/>\n<script type=\"application\/ld+json\" class=\"yoast-schema-graph\">{\"@context\":\"https:\/\/schema.org\",\"@graph\":[{\"@type\":\"WebSite\",\"@id\":\"https:\/\/lafuente.mx\/#website\",\"url\":\"https:\/\/lafuente.mx\/\",\"name\":\"\",\"description\":\"Informaci\u00f3n confiable sobre salud mental\",\"potentialAction\":[{\"@type\":\"SearchAction\",\"target\":{\"@type\":\"EntryPoint\",\"urlTemplate\":\"https:\/\/lafuente.mx\/?s={search_term_string}\"},\"query-input\":\"required name=search_term_string\"}],\"inLanguage\":\"es-MX\"},{\"@type\":\"WebPage\",\"@id\":\"https:\/\/lafuente.mx\/?p=611\",\"url\":\"https:\/\/lafuente.mx\/?p=611\",\"name\":\"Forma parte de nuestros 16 d\u00edas de activismo\u00a0\u00a0 -\",\"isPartOf\":{\"@id\":\"https:\/\/lafuente.mx\/#website\"},\"datePublished\":\"2022-12-06T15:44:06+00:00\",\"dateModified\":\"2023-03-28T20:20:09+00:00\",\"author\":{\"@id\":\"https:\/\/lafuente.mx\/#\/schema\/person\/603f3aa8e2f6f7879021ab722d39d6b0\"},\"description\":\"Conferencia: Violencia de G\u00e9nero, Hostigamiento y Acoso Sexual en el marco del D\u00eda Internacional de la Eliminaci\u00f3n de la Violencia contra la Mujer\",\"breadcrumb\":{\"@id\":\"https:\/\/lafuente.mx\/?p=611#breadcrumb\"},\"inLanguage\":\"es-MX\",\"potentialAction\":[{\"@type\":\"ReadAction\",\"target\":[\"https:\/\/lafuente.mx\/?p=611\"]}]},{\"@type\":\"BreadcrumbList\",\"@id\":\"https:\/\/lafuente.mx\/?p=611#breadcrumb\",\"itemListElement\":[{\"@type\":\"ListItem\",\"position\":1,\"name\":\"Inicio\",\"item\":\"https:\/\/lafuente.mx\/\"},{\"@type\":\"ListItem\",\"position\":2,\"name\":\"Forma parte de nuestros 16 d\u00edas de activismo\u00a0\u00a0\"}]},{\"@type\":\"Person\",\"@id\":\"https:\/\/lafuente.mx\/#\/schema\/person\/603f3aa8e2f6f7879021ab722d39d6b0\",\"name\":\"Claudia Gallardo\",\"image\":{\"@type\":\"ImageObject\",\"inLanguage\":\"es-MX\",\"@id\":\"https:\/\/lafuente.mx\/#\/schema\/person\/image\/\",\"url\":\"https:\/\/secure.gravatar.com\/avatar\/bfe9c966af1ccfb9d17bcdb9d04e8815?s=96&d=mm&r=g\",\"contentUrl\":\"https:\/\/secure.gravatar.com\/avatar\/bfe9c966af1ccfb9d17bcdb9d04e8815?s=96&d=mm&r=g\",\"caption\":\"Claudia Gallardo\"},\"url\":\"https:\/\/lafuente.mx\/?author=3\"}]}<\/script>\n<!-- \/ Yoast SEO plugin. -->","yoast_head_json":{"title":"Forma parte de nuestros 16 d\u00edas de activismo\u00a0\u00a0 -","description":"Conferencia: Violencia de G\u00e9nero, Hostigamiento y Acoso Sexual en el marco del D\u00eda Internacional de la Eliminaci\u00f3n de la Violencia contra la Mujer","robots":{"index":"index","follow":"follow","max-snippet":"max-snippet:-1","max-image-preview":"max-image-preview:large","max-video-preview":"max-video-preview:-1"},"canonical":"https:\/\/lafuente.mx\/?p=611","og_locale":"es_MX","og_type":"article","og_title":"Forma parte de nuestros 16 d\u00edas de activismo","og_description":"Conferencia: Violencia de G\u00e9nero, Hostigamiento y Acoso Sexual en el marco del D\u00eda Internacional de la Eliminaci\u00f3n de la Violencia contra la Mujer","og_url":"https:\/\/lafuente.mx\/?p=611","article_published_time":"2022-12-06T15:44:06+00:00","article_modified_time":"2023-03-28T20:20:09+00:00","og_image":[{"width":645,"height":391,"url":"http:\/\/lafuente.mx\/wp-content\/uploads\/2022\/12\/violenciALTO.png","type":"image\/png"}],"author":"Claudia Gallardo","twitter_card":"summary_large_image","twitter_title":"Forma parte de nuestros 16 d\u00edas de activismo","twitter_description":"Conferencia: Violencia de G\u00e9nero, Hostigamiento y Acoso Sexual en el marco del D\u00eda Internacional de la Eliminaci\u00f3n de la Violencia contra la Mujer","twitter_image":"https:\/\/i0.wp.com\/lafuente.mx\/wp-content\/uploads\/2022\/12\/violenciALTO.png?fit=645%2C391&ssl=1","twitter_misc":{"Escrito por":"Claudia Gallardo","Tiempo de lectura":"1 minuto"},"schema":{"@context":"https:\/\/schema.org","@graph":[{"@type":"WebSite","@id":"https:\/\/lafuente.mx\/#website","url":"https:\/\/lafuente.mx\/","name":"","description":"Informaci\u00f3n confiable sobre salud mental","potentialAction":[{"@type":"SearchAction","target":{"@type":"EntryPoint","urlTemplate":"https:\/\/lafuente.mx\/?s={search_term_string}"},"query-input":"required name=search_term_string"}],"inLanguage":"es-MX"},{"@type":"WebPage","@id":"https:\/\/lafuente.mx\/?p=611","url":"https:\/\/lafuente.mx\/?p=611","name":"Forma parte de nuestros 16 d\u00edas de activismo\u00a0\u00a0 -","isPartOf":{"@id":"https:\/\/lafuente.mx\/#website"},"datePublished":"2022-12-06T15:44:06+00:00","dateModified":"2023-03-28T20:20:09+00:00","author":{"@id":"https:\/\/lafuente.mx\/#\/schema\/person\/603f3aa8e2f6f7879021ab722d39d6b0"},"description":"Conferencia: Violencia de G\u00e9nero, Hostigamiento y Acoso Sexual en el marco del D\u00eda Internacional de la Eliminaci\u00f3n de la Violencia contra la Mujer","breadcrumb":{"@id":"https:\/\/lafuente.mx\/?p=611#breadcrumb"},"inLanguage":"es-MX","potentialAction":[{"@type":"ReadAction","target":["https:\/\/lafuente.mx\/?p=611"]}]},{"@type":"BreadcrumbList","@id":"https:\/\/lafuente.mx\/?p=611#breadcrumb","itemListElement":[{"@type":"ListItem","position":1,"name":"Inicio","item":"https:\/\/lafuente.mx\/"},{"@type":"ListItem","position":2,"name":"Forma parte de nuestros 16 d\u00edas de activismo\u00a0\u00a0"}]},{"@type":"Person","@id":"https:\/\/lafuente.mx\/#\/schema\/person\/603f3aa8e2f6f7879021ab722d39d6b0","name":"Claudia Gallardo","image":{"@type":"ImageObject","inLanguage":"es-MX","@id":"https:\/\/lafuente.mx\/#\/schema\/person\/image\/","url":"https:\/\/secure.gravatar.com\/avatar\/bfe9c966af1ccfb9d17bcdb9d04e8815?s=96&d=mm&r=g","contentUrl":"https:\/\/secure.gravatar.com\/avatar\/bfe9c966af1ccfb9d17bcdb9d04e8815?s=96&d=mm&r=g","caption":"Claudia Gallardo"},"url":"https:\/\/lafuente.mx\/?author=3"}]}},"jetpack_featured_media_url":"https:\/\/i0.wp.com\/lafuente.mx\/wp-content\/uploads\/2022\/12\/violenciALTO.png?fit=645%2C391&ssl=1","jetpack-related-posts":[{"id":565,"url":"https:\/\/lafuente.mx\/?p=565","url_meta":{"origin":611,"position":0},"title":"D\u00eda Internacional de la Eliminaci\u00f3n de la Violencia contra la Mujer\u00a0","date":"noviembre 23, 2022","format":false,"excerpt":"25 de noviembre\u00a0 Portada del LibroFeminismo Para Principiantes\u00a0-\u00a0Nuria Varela Forma parte de nuestros 16 d\u00edas de activismo\u00a0\u00a0 Como cada a\u00f1o, el D\u00eda Internacional para Eliminar la Violencia contra la Mujer marca el comienzo de la Campa\u00f1a \u00danete de la ONU, 16 d\u00edas de activismo (del 25 de noviembre al 10\u2026","rel":"","context":"En &quot;Efem\u00e9rides de Salud Mental&quot;","img":{"alt_text":"","src":"https:\/\/i0.wp.com\/lafuente.mx\/wp-content\/uploads\/2022\/11\/mujeres.png?fit=600%2C500&ssl=1&resize=350%2C200","width":350,"height":200},"classes":[]},{"id":2662,"url":"https:\/\/lafuente.mx\/?p=2662","url_meta":{"origin":611,"position":1},"title":"D\u00eda Internacional de la Eliminaci\u00f3n de la Violencia contra la Mujer\u00a0 \u00a0","date":"noviembre 25, 2024","format":false,"excerpt":"25 de noviembre Como cada a\u00f1o, el\u00a0D\u00eda Internacional para Eliminar la\u00a0Violencia contra la Mujer marca el comienzo de la\u00a0Campa\u00f1a \u00danete\u00a0de la ONU,\u00a016 d\u00edas de activismo\u00a0(25 nov-10 dic) que concluyen coincidiendo con el\u00a0D\u00eda Internacional de los Derechos Humanos.\u00a0 Este a\u00f1o, el tema 2024 es\u00a0\"Cada 10 minutos se asesina a una mujer.\u2026","rel":"","context":"En &quot;Efem\u00e9rides de Salud Mental&quot;","img":{"alt_text":"woman, domestic violence, oppression-7662937.jpg","src":"https:\/\/i0.wp.com\/lafuente.mx\/wp-content\/uploads\/2024\/11\/woman-domestic-violence-oppression-7662937.png?fit=1200%2C1200&ssl=1&resize=350%2C200","width":350,"height":200},"classes":[]},{"id":1890,"url":"https:\/\/lafuente.mx\/?p=1890","url_meta":{"origin":611,"position":2},"title":"D\u00eda Internacional de la Eliminaci\u00f3n de la Violencia contra la Mujer\u00a0","date":"noviembre 23, 2023","format":false,"excerpt":"25 de noviembre\u00a0 #NoHayExcusa La violencia contra las mujeres y las ni\u00f1as sigue siendo una de las violaciones de los derechos humanos m\u00e1s extendidas y generalizadas del mundo. Se calcula que, a nivel global, 736 millones de mujeres -casi una de cada tres- han sido v\u00edctimas de violencia f\u00edsica y\/o\u2026","rel":"","context":"En &quot;Efem\u00e9rides de Salud Mental&quot;","img":{"alt_text":"","src":"https:\/\/i0.wp.com\/lafuente.mx\/wp-content\/uploads\/2023\/11\/Captura-de-Pantalla-2023-11-23-a-las-8.20.06.png?fit=1200%2C611&ssl=1&resize=350%2C200","width":350,"height":200},"classes":[]},{"id":957,"url":"https:\/\/lafuente.mx\/?p=957","url_meta":{"origin":611,"position":3},"title":"Pronunciamiento en contra del Acoso y Hostigamiento Sexual en los Institutos Nacionales de Salud, Hospitales Regionales de Alta Especialidad\u00a0","date":"marzo 23, 2023","format":false,"excerpt":"Instituto Nacional de las Mujeres | 07 de marzo de 2023\u00a0| Nacional\u00a0 De forma enunciativa, m\u00e1s no limitativa, en los Institutos Nacionales de Salud y Hospitales de Alta Especialidad, est\u00e1n prohibidas las siguientes conductas:\u00a0 PRONUNCIAMIENTO\u00a0 DIRECTORAS Y DIRECTORES GENERALES DE LOS INSTITUTOS NACIONALES DE SALUD Y HOSPITALES DE ALTA ESPECIALIDAD\u2026","rel":"","context":"En &quot;Noticias&quot;","img":{"alt_text":"","src":"https:\/\/i0.wp.com\/lafuente.mx\/wp-content\/uploads\/2023\/03\/Sexual-harassment-1.jpeg?fit=1200%2C798&ssl=1&resize=350%2C200","width":350,"height":200},"classes":[]},{"id":1914,"url":"https:\/\/lafuente.mx\/?p=1914","url_meta":{"origin":611,"position":4},"title":"D\u00eda de los Derechos Humanos\u00a0","date":"diciembre 6, 2023","format":false,"excerpt":"10 de diciembre\u00a0 El 10 de diciembre de 2023 se cumplen 75 a\u00f1os de uno de los compromisos mundiales m\u00e1s revolucionarios: la Declaraci\u00f3n Universal de los Derechos Humanos (DUDH). Este documento hist\u00f3rico consagra los derechos inalienables que toda persona tiene como ser humano, independientemente de su raza, color, religi\u00f3n, sexo,\u2026","rel":"","context":"En &quot;Efem\u00e9rides de Salud Mental&quot;","img":{"alt_text":"","src":"https:\/\/i0.wp.com\/lafuente.mx\/wp-content\/uploads\/2023\/12\/dhuans.jpeg?fit=1000%2C667&ssl=1&resize=350%2C200","width":350,"height":200},"classes":[]},{"id":3486,"url":"https:\/\/lafuente.mx\/?p=3486","url_meta":{"origin":611,"position":5},"title":"D\u00eda Internacional de los Derechos Humanos\u00a0","date":"diciembre 10, 2025","format":false,"excerpt":"10 de diciembre Derechos Humanos: Nuestros esenciales de cada d\u00eda\u00a0 En tiempos convulsos e impredecibles como los actuales, en los que muchas personas sienten una creciente sensaci\u00f3n de inseguridad, desencanto y alienaci\u00f3n, el tema del D\u00eda de los Derechos Humanos\u00a0 busca reafirmar los valores de los derechos humanos y mostrar\u2026","rel":"","context":"En &quot;Efem\u00e9rides de Salud Mental&quot;","img":{"alt_text":"","src":"https:\/\/i0.wp.com\/lafuente.mx\/wp-content\/uploads\/2025\/12\/image.png?fit=663%2C937&ssl=1&resize=350%2C200","width":350,"height":200},"classes":[]}],"jetpack_sharing_enabled":true,"jetpack_shortlink":"https:\/\/wp.me\/pe9WUx-9R","_links":{"self":[{"href":"https:\/\/lafuente.mx\/index.php?rest_route=\/wp\/v2\/posts\/611"}],"collection":[{"href":"https:\/\/lafuente.mx\/index.php?rest_route=\/wp\/v2\/posts"}],"about":[{"href":"https:\/\/lafuente.mx\/index.php?rest_route=\/wp\/v2\/types\/post"}],"author":[{"embeddable":true,"href":"https:\/\/lafuente.mx\/index.php?rest_route=\/wp\/v2\/users\/3"}],"replies":[{"embeddable":true,"href":"https:\/\/lafuente.mx\/index.php?rest_route=%2Fwp%2Fv2%2Fcomments&post=611"}],"version-history":[{"count":2,"href":"https:\/\/lafuente.mx\/index.php?rest_route=\/wp\/v2\/posts\/611\/revisions"}],"predecessor-version":[{"id":618,"href":"https:\/\/lafuente.mx\/index.php?rest_route=\/wp\/v2\/posts\/611\/revisions\/618"}],"wp:featuredmedia":[{"embeddable":true,"href":"https:\/\/lafuente.mx\/index.php?rest_route=\/wp\/v2\/media\/612"}],"wp:attachment":[{"href":"https:\/\/lafuente.mx\/index.php?rest_route=%2Fwp%2Fv2%2Fmedia&parent=611"}],"wp:term":[{"taxonomy":"category","embeddable":true,"href":"https:\/\/lafuente.mx\/index.php?rest_route=%2Fwp%2Fv2%2Fcategories&post=611"},{"taxonomy":"post_tag","embeddable":true,"href":"https:\/\/lafuente.mx\/index.php?rest_route=%2Fwp%2Fv2%2Ftags&post=611"}],"curies":[{"name":"wp","href":"https:\/\/api.w.org\/{rel}","templated":true}]}}