{"id":61,"date":"2022-07-29T18:17:58","date_gmt":"2022-07-29T18:17:58","guid":{"rendered":"https:\/\/lafuente.mx\/?p=61"},"modified":"2022-07-29T18:18:02","modified_gmt":"2022-07-29T18:18:02","slug":"estrategias-de-afrontamiento-familiar-e-higiene-del-sueno-ante-la-pandemia-de-covid-19","status":"publish","type":"post","link":"https:\/\/lafuente.mx\/?p=61","title":{"rendered":"Estrategias de afrontamiento familiar e higiene del sue\u00f1o ante la pandemia de COVID-19"},"content":{"rendered":"\n<p><strong>REVISTA SALUD MENTAL: VOL. 45, TOMO 3, MAYO-JUNIO 2022<\/strong><\/p>\n\n\n\n<p>Hemos aprendido numerosas lecciones dolorosas durante los \u00faltimos dos a\u00f1os, pero simult\u00e1neamente han surgido muchas otras oportunidades. Las consecuencias de la pandemia de la COVID-19, incluidas las producidas por las medidas para mitigarla, aparecieron casi de inmediato.<\/p>\n\n\n\n<figure class=\"wp-block-image size-full\"><img decoding=\"async\" loading=\"lazy\" width=\"640\" height=\"427\" src=\"https:\/\/i0.wp.com\/lafuente.mx\/wp-content\/uploads\/2022\/07\/pexels-photo-3951628.jpeg?resize=640%2C427&#038;ssl=1\" alt=\"people wearing diy masks\" class=\"wp-image-62\" srcset=\"https:\/\/i0.wp.com\/lafuente.mx\/wp-content\/uploads\/2022\/07\/pexels-photo-3951628.jpeg?w=1880&amp;ssl=1 1880w, https:\/\/i0.wp.com\/lafuente.mx\/wp-content\/uploads\/2022\/07\/pexels-photo-3951628.jpeg?resize=300%2C200&amp;ssl=1 300w, https:\/\/i0.wp.com\/lafuente.mx\/wp-content\/uploads\/2022\/07\/pexels-photo-3951628.jpeg?resize=1024%2C682&amp;ssl=1 1024w, https:\/\/i0.wp.com\/lafuente.mx\/wp-content\/uploads\/2022\/07\/pexels-photo-3951628.jpeg?resize=768%2C512&amp;ssl=1 768w, https:\/\/i0.wp.com\/lafuente.mx\/wp-content\/uploads\/2022\/07\/pexels-photo-3951628.jpeg?resize=1536%2C1024&amp;ssl=1 1536w, https:\/\/i0.wp.com\/lafuente.mx\/wp-content\/uploads\/2022\/07\/pexels-photo-3951628.jpeg?w=1280 1280w\" sizes=\"(max-width: 640px) 100vw, 640px\" data-recalc-dims=\"1\" \/><figcaption>Photo by cottonbro on <a href=\"https:\/\/www.pexels.com\/photo\/people-wearing-diy-masks-3951628\/\" rel=\"nofollow\">Pexels.com<\/a><\/figcaption><\/figure>\n\n\n\n<p>Pr\u00e1cticamente todas las \u00e1reas de la existencia humana fueron tocadas o interrumpidas. En particular, en salud mental aumentaron las tasas de trastornos depresivos, trastornos de ansiedad e insomnio, tanto entre el personal de salud (Lai et al., 2020) como en la poblaci\u00f3n general (Xiong et al., 2020).<\/p>\n\n\n\n<div class=\"wp-block-buttons is-layout-flex wp-block-buttons-is-layout-flex\">\n<div class=\"wp-block-button\"><a class=\"wp-block-button__link has-vivid-red-background-color has-background\" href=\"http:\/\/www.revistasaludmental.mx\/index.php\/salud_mental\/article\/view\/SM.0185-3325.2022.013\/4085%20%20\">Leer art\u00edculo completo<\/a><\/div>\n<\/div>\n","protected":false},"excerpt":{"rendered":"<p>REVISTA SALUD MENTAL: VOL. 45, TOMO 3, MAYO-JUNIO 2022 Hemos aprendido numerosas lecciones dolorosas durante los \u00faltimos dos a\u00f1os, pero simult\u00e1neamente han surgido muchas otras<\/p>\n","protected":false},"author":1,"featured_media":62,"comment_status":"closed","ping_status":"closed","sticky":false,"template":"","format":"standard","meta":{"footnotes":"","jetpack_publicize_message":"","jetpack_is_tweetstorm":false,"jetpack_publicize_feature_enabled":true},"categories":[11],"tags":[],"jetpack_publicize_connections":[],"yoast_head":"<!-- This site is optimized with the Yoast SEO plugin v19.4 - https:\/\/yoast.com\/wordpress\/plugins\/seo\/ -->\n<title>Estrategias de afrontamiento familiar e higiene del sue\u00f1o ante la pandemia de COVID-19 -<\/title>\n<meta name=\"description\" content=\"Hemos aprendido numerosas lecciones dolorosas durante los \u00faltimos dos a\u00f1os, pero simult\u00e1neamente han surgido muchas otras oportunidades. Las consecuencias de la pandemia de la COVID-19, incluidas las producidas por las medidas para mitigarla, aparecieron casi de inmediato.\" \/>\n<meta name=\"robots\" content=\"index, follow, max-snippet:-1, max-image-preview:large, max-video-preview:-1\" \/>\n<link rel=\"canonical\" href=\"https:\/\/lafuente.mx\/?p=61\" \/>\n<meta property=\"og:locale\" content=\"es_MX\" \/>\n<meta property=\"og:type\" content=\"article\" \/>\n<meta property=\"og:title\" content=\"Estrategias de afrontamiento familiar e higiene del sue\u00f1o ante la pandemia de COVID-19\" \/>\n<meta property=\"og:description\" content=\"Hemos aprendido numerosas lecciones dolorosas durante los \u00faltimos dos a\u00f1os, pero simult\u00e1neamente han surgido muchas otras oportunidades. Las consecuencias de la pandemia de la COVID-19, incluidas las producidas por las medidas para mitigarla, aparecieron casi de inmediato.\" \/>\n<meta property=\"og:url\" content=\"https:\/\/lafuente.mx\/?p=61\" \/>\n<meta property=\"article:published_time\" content=\"2022-07-29T18:17:58+00:00\" \/>\n<meta property=\"article:modified_time\" content=\"2022-07-29T18:18:02+00:00\" \/>\n<meta property=\"og:image\" content=\"http:\/\/lafuente.mx\/wp-content\/uploads\/2022\/07\/pexels-photo-3951628.jpeg\" \/>\n\t<meta property=\"og:image:width\" content=\"1880\" \/>\n\t<meta property=\"og:image:height\" content=\"1253\" \/>\n\t<meta property=\"og:image:type\" content=\"image\/jpeg\" \/>\n<meta name=\"author\" content=\"audiovisuales.inprfm@gmail.com\" \/>\n<meta name=\"twitter:card\" content=\"summary_large_image\" \/>\n<meta name=\"twitter:title\" content=\"Estrategias de afrontamiento familiar e higiene del sue\u00f1o ante la pandemia de COVID-19\" \/>\n<meta name=\"twitter:description\" content=\"Hemos aprendido numerosas lecciones dolorosas durante los \u00faltimos dos a\u00f1os, pero simult\u00e1neamente han surgido muchas otras oportunidades. Las consecuencias de la pandemia de la COVID-19, incluidas las producidas por las medidas para mitigarla, aparecieron casi de inmediato.\" \/>\n<meta name=\"twitter:image\" content=\"https:\/\/i0.wp.com\/lafuente.mx\/wp-content\/uploads\/2022\/07\/pexels-photo-3951628.jpeg?fit=1880%2C1253&ssl=1\" \/>\n<meta name=\"twitter:label1\" content=\"Escrito por\" \/>\n\t<meta name=\"twitter:data1\" content=\"audiovisuales.inprfm@gmail.com\" \/>\n\t<meta name=\"twitter:label2\" content=\"Tiempo de lectura\" \/>\n\t<meta name=\"twitter:data2\" content=\"1 minuto\" \/>\n<script type=\"application\/ld+json\" class=\"yoast-schema-graph\">{\"@context\":\"https:\/\/schema.org\",\"@graph\":[{\"@type\":\"WebSite\",\"@id\":\"https:\/\/lafuente.mx\/#website\",\"url\":\"https:\/\/lafuente.mx\/\",\"name\":\"\",\"description\":\"Informaci\u00f3n confiable sobre salud mental\",\"potentialAction\":[{\"@type\":\"SearchAction\",\"target\":{\"@type\":\"EntryPoint\",\"urlTemplate\":\"https:\/\/lafuente.mx\/?s={search_term_string}\"},\"query-input\":\"required name=search_term_string\"}],\"inLanguage\":\"es-MX\"},{\"@type\":\"WebPage\",\"@id\":\"https:\/\/lafuente.mx\/?p=61\",\"url\":\"https:\/\/lafuente.mx\/?p=61\",\"name\":\"Estrategias de afrontamiento familiar e higiene del sue\u00f1o ante la pandemia de COVID-19 -\",\"isPartOf\":{\"@id\":\"https:\/\/lafuente.mx\/#website\"},\"datePublished\":\"2022-07-29T18:17:58+00:00\",\"dateModified\":\"2022-07-29T18:18:02+00:00\",\"author\":{\"@id\":\"https:\/\/lafuente.mx\/#\/schema\/person\/e2ec3823bfbc22ac617094485eb22edf\"},\"description\":\"Hemos aprendido numerosas lecciones dolorosas durante los \u00faltimos dos a\u00f1os, pero simult\u00e1neamente han surgido muchas otras oportunidades. Las consecuencias de la pandemia de la COVID-19, incluidas las producidas por las medidas para mitigarla, aparecieron casi de inmediato.\",\"breadcrumb\":{\"@id\":\"https:\/\/lafuente.mx\/?p=61#breadcrumb\"},\"inLanguage\":\"es-MX\",\"potentialAction\":[{\"@type\":\"ReadAction\",\"target\":[\"https:\/\/lafuente.mx\/?p=61\"]}]},{\"@type\":\"BreadcrumbList\",\"@id\":\"https:\/\/lafuente.mx\/?p=61#breadcrumb\",\"itemListElement\":[{\"@type\":\"ListItem\",\"position\":1,\"name\":\"Inicio\",\"item\":\"https:\/\/lafuente.mx\/\"},{\"@type\":\"ListItem\",\"position\":2,\"name\":\"Estrategias de afrontamiento familiar e higiene del sue\u00f1o ante la pandemia de COVID-19\"}]},{\"@type\":\"Person\",\"@id\":\"https:\/\/lafuente.mx\/#\/schema\/person\/e2ec3823bfbc22ac617094485eb22edf\",\"name\":\"audiovisuales.inprfm@gmail.com\",\"image\":{\"@type\":\"ImageObject\",\"inLanguage\":\"es-MX\",\"@id\":\"https:\/\/lafuente.mx\/#\/schema\/person\/image\/\",\"url\":\"https:\/\/secure.gravatar.com\/avatar\/af05e058952935ce812d2deeb54df38f?s=96&d=mm&r=g\",\"contentUrl\":\"https:\/\/secure.gravatar.com\/avatar\/af05e058952935ce812d2deeb54df38f?s=96&d=mm&r=g\",\"caption\":\"audiovisuales.inprfm@gmail.com\"},\"sameAs\":[\"http:\/\/lafuente.mx\"],\"url\":\"https:\/\/lafuente.mx\/?author=1\"}]}<\/script>\n<!-- \/ Yoast SEO plugin. -->","yoast_head_json":{"title":"Estrategias de afrontamiento familiar e higiene del sue\u00f1o ante la pandemia de COVID-19 -","description":"Hemos aprendido numerosas lecciones dolorosas durante los \u00faltimos dos a\u00f1os, pero simult\u00e1neamente han surgido muchas otras oportunidades. Las consecuencias de la pandemia de la COVID-19, incluidas las producidas por las medidas para mitigarla, aparecieron casi de inmediato.","robots":{"index":"index","follow":"follow","max-snippet":"max-snippet:-1","max-image-preview":"max-image-preview:large","max-video-preview":"max-video-preview:-1"},"canonical":"https:\/\/lafuente.mx\/?p=61","og_locale":"es_MX","og_type":"article","og_title":"Estrategias de afrontamiento familiar e higiene del sue\u00f1o ante la pandemia de COVID-19","og_description":"Hemos aprendido numerosas lecciones dolorosas durante los \u00faltimos dos a\u00f1os, pero simult\u00e1neamente han surgido muchas otras oportunidades. Las consecuencias de la pandemia de la COVID-19, incluidas las producidas por las medidas para mitigarla, aparecieron casi de inmediato.","og_url":"https:\/\/lafuente.mx\/?p=61","article_published_time":"2022-07-29T18:17:58+00:00","article_modified_time":"2022-07-29T18:18:02+00:00","og_image":[{"width":1880,"height":1253,"url":"http:\/\/lafuente.mx\/wp-content\/uploads\/2022\/07\/pexels-photo-3951628.jpeg","type":"image\/jpeg"}],"author":"audiovisuales.inprfm@gmail.com","twitter_card":"summary_large_image","twitter_title":"Estrategias de afrontamiento familiar e higiene del sue\u00f1o ante la pandemia de COVID-19","twitter_description":"Hemos aprendido numerosas lecciones dolorosas durante los \u00faltimos dos a\u00f1os, pero simult\u00e1neamente han surgido muchas otras oportunidades. Las consecuencias de la pandemia de la COVID-19, incluidas las producidas por las medidas para mitigarla, aparecieron casi de inmediato.","twitter_image":"https:\/\/i0.wp.com\/lafuente.mx\/wp-content\/uploads\/2022\/07\/pexels-photo-3951628.jpeg?fit=1880%2C1253&ssl=1","twitter_misc":{"Escrito por":"audiovisuales.inprfm@gmail.com","Tiempo de lectura":"1 minuto"},"schema":{"@context":"https:\/\/schema.org","@graph":[{"@type":"WebSite","@id":"https:\/\/lafuente.mx\/#website","url":"https:\/\/lafuente.mx\/","name":"","description":"Informaci\u00f3n confiable sobre salud mental","potentialAction":[{"@type":"SearchAction","target":{"@type":"EntryPoint","urlTemplate":"https:\/\/lafuente.mx\/?s={search_term_string}"},"query-input":"required name=search_term_string"}],"inLanguage":"es-MX"},{"@type":"WebPage","@id":"https:\/\/lafuente.mx\/?p=61","url":"https:\/\/lafuente.mx\/?p=61","name":"Estrategias de afrontamiento familiar e higiene del sue\u00f1o ante la pandemia de COVID-19 -","isPartOf":{"@id":"https:\/\/lafuente.mx\/#website"},"datePublished":"2022-07-29T18:17:58+00:00","dateModified":"2022-07-29T18:18:02+00:00","author":{"@id":"https:\/\/lafuente.mx\/#\/schema\/person\/e2ec3823bfbc22ac617094485eb22edf"},"description":"Hemos aprendido numerosas lecciones dolorosas durante los \u00faltimos dos a\u00f1os, pero simult\u00e1neamente han surgido muchas otras oportunidades. Las consecuencias de la pandemia de la COVID-19, incluidas las producidas por las medidas para mitigarla, aparecieron casi de inmediato.","breadcrumb":{"@id":"https:\/\/lafuente.mx\/?p=61#breadcrumb"},"inLanguage":"es-MX","potentialAction":[{"@type":"ReadAction","target":["https:\/\/lafuente.mx\/?p=61"]}]},{"@type":"BreadcrumbList","@id":"https:\/\/lafuente.mx\/?p=61#breadcrumb","itemListElement":[{"@type":"ListItem","position":1,"name":"Inicio","item":"https:\/\/lafuente.mx\/"},{"@type":"ListItem","position":2,"name":"Estrategias de afrontamiento familiar e higiene del sue\u00f1o ante la pandemia de COVID-19"}]},{"@type":"Person","@id":"https:\/\/lafuente.mx\/#\/schema\/person\/e2ec3823bfbc22ac617094485eb22edf","name":"audiovisuales.inprfm@gmail.com","image":{"@type":"ImageObject","inLanguage":"es-MX","@id":"https:\/\/lafuente.mx\/#\/schema\/person\/image\/","url":"https:\/\/secure.gravatar.com\/avatar\/af05e058952935ce812d2deeb54df38f?s=96&d=mm&r=g","contentUrl":"https:\/\/secure.gravatar.com\/avatar\/af05e058952935ce812d2deeb54df38f?s=96&d=mm&r=g","caption":"audiovisuales.inprfm@gmail.com"},"sameAs":["http:\/\/lafuente.mx"],"url":"https:\/\/lafuente.mx\/?author=1"}]}},"jetpack_featured_media_url":"https:\/\/i0.wp.com\/lafuente.mx\/wp-content\/uploads\/2022\/07\/pexels-photo-3951628.jpeg?fit=1880%2C1253&ssl=1","jetpack-related-posts":[{"id":1488,"url":"https:\/\/lafuente.mx\/?p=1488","url_meta":{"origin":61,"position":0},"title":"Los factores de riesgo de la pandemia de COVID-19 para la depresi\u00f3n entre los estudiantes de posgrado en salud\u00a0","date":"julio 21, 2023","format":false,"excerpt":"Fernanda Rocha Anjos de Oliveira Souza, Vagner Ferreira do Nascimento, Mariano Martinez Espinosa, Sandra Cristina Pillon, Chris Wagstaff, Ana Cl\u00e1udia Pereira Ter\u00e7as-Trettel Introducci\u00f3n.\u00a0La pandemia ha generado desaf\u00edos que impactan en la salud mental de la poblaci\u00f3n, incluidos los estudiantes de posgrado en salud.\u00a0\u00a0Objetivo.\u00a0Evaluar los factores asociados a la depresi\u00f3n en\u2026","rel":"","context":"En &quot;Revista Salud Mental&quot;","img":{"alt_text":"","src":"https:\/\/i0.wp.com\/lafuente.mx\/wp-content\/uploads\/2023\/07\/doctor-triste-tiro-medio-mascara-edited-scaled.jpg?fit=1200%2C675&ssl=1&resize=350%2C200","width":350,"height":200},"classes":[]},{"id":1289,"url":"https:\/\/lafuente.mx\/?p=1289","url_meta":{"origin":61,"position":1},"title":"Resiliencia, experiencias infantiles adversas y salud mental en estudiantes de Ciencias de la Salud durante la pandemia de COVID-19","date":"junio 12, 2023","format":false,"excerpt":"Felipe Agudelo Hern\u00e1ndez, Mar\u00eda Benavides Bastidas, Fernando Arango G\u00f3mez Resumen: Introducci\u00f3n. Se ha observado un aumento constante de problemas mentales en la poblaci\u00f3n universitaria, particularmente en el \u00e1rea de la salud, relacionados con la pandemia del COVID-19. Los factores de protecci\u00f3n como la resiliencia y los factores de riesgo como\u2026","rel":"","context":"En &quot;Revista Salud Mental&quot;","img":{"alt_text":"","src":"https:\/\/i0.wp.com\/lafuente.mx\/wp-content\/uploads\/2023\/06\/chicas-universitarias-estudiando-juntas-edited-1-scaled.jpg?fit=1200%2C675&ssl=1&resize=350%2C200","width":350,"height":200},"classes":[]},{"id":2464,"url":"https:\/\/lafuente.mx\/?p=2464","url_meta":{"origin":61,"position":2},"title":"Problemas emocionales y conductuales de preescolares mexicanos antes y durante la pandemia de COVID-19\u00a0","date":"julio 23, 2024","format":false,"excerpt":"Mar\u00eda Teresa Monjar\u00e1s Rodr\u00edguez,1,Lilia Albores-Gallo2\u00a0 1. Departamento Psicolog\u00eda Cl\u00ednica y de la Salud, Facultad de Psicolog\u00eda, Universidad Nacional Aut\u00f3noma de M\u00e9xico, Ciudad de M\u00e9xico, M\u00e9xico.\u00a0 2. Divisi\u00f3n de Investigaci\u00f3n, Hospital Psiqui\u00e1trico Infantil Dr. Juan N. Navarro, Servicios de Atenci\u00f3n Psiqui\u00e1trica, Secretar\u00eda de Salud.\u00a0 Introducci\u00f3n Identificar los problemas de salud mental\u2026","rel":"","context":"En &quot;Revista Salud Mental&quot;","img":{"alt_text":"girl, sad, desperate-3422711.jpg","src":"https:\/\/i0.wp.com\/lafuente.mx\/wp-content\/uploads\/2024\/07\/girl-sad-desperate-3422711.jpg?fit=1200%2C718&ssl=1&resize=350%2C200","width":350,"height":200},"classes":[]},{"id":548,"url":"https:\/\/lafuente.mx\/?p=548","url_meta":{"origin":61,"position":3},"title":"Meta preocupaci\u00f3n, ansiedad y depresi\u00f3n en la pandemia del coronavirus 2019 (COVID-19): Brasil, junio de 2020","date":"noviembre 10, 2022","format":false,"excerpt":"Luana CristinaSilva-Santos,1 Ma\u00edsa Carvalho Silva,2 Andr\u00e9 Faro\u00a0 1 Post-Graduate Program in Psychology, Federal University of Sergipe, Psychology Department, University Center Est\u00e1cio of Sergipe, Sergipe, Brazil.\u00a0 2 Psychology Department, Federal University of Sergipe, Sergipe, Brazil.\u00a0 3 Post-Graduate Program in Psychology and Psychology Department, Federal University of Sergipe, Sergipe, Brazil.\u00a0 Introducci\u00f3n. Las\u2026","rel":"","context":"En &quot;Revista Salud Mental&quot;","img":{"alt_text":"","src":"https:\/\/i0.wp.com\/lafuente.mx\/wp-content\/uploads\/2022\/11\/DSC_0292-scaled-e1668114278872.jpg?fit=700%2C465&ssl=1&resize=350%2C200","width":350,"height":200},"classes":[]},{"id":380,"url":"https:\/\/lafuente.mx\/?p=380","url_meta":{"origin":61,"position":4},"title":"Repercusiones del confinamiento por COVID-19 en personas autistas en M\u00e9xico: la perspectiva de los cuidadores\u00a0","date":"septiembre 14, 2022","format":false,"excerpt":"Georgina P\u00e9rez Liz, Andy Torres, Ana C. Ram\u00edrez, Cecilia Montiel Nava, Grupo REAL\u00a0 Introducci\u00f3n. El bloqueo de COVID-19 ha planteado nuevos desaf\u00edos para las personas con trastorno del espectro autista (TEA), incluida la suspensi\u00f3n del servicio y reducciones en el apoyo.\u00a0\u00a0Objetivo. Explorar las perspectivas de los cuidadores sobre el impacto\u2026","rel":"","context":"En &quot;Revista Salud Mental&quot;","img":{"alt_text":"","src":"https:\/\/i0.wp.com\/lafuente.mx\/wp-content\/uploads\/2022\/09\/nin\u0303o-pandemia.jpeg?fit=480%2C320&ssl=1&resize=350%2C200","width":350,"height":200},"classes":[]},{"id":2739,"url":"https:\/\/lafuente.mx\/?p=2739","url_meta":{"origin":61,"position":5},"title":"Estudios epidemiol\u00f3gicos sobre COVID-19 y salud mental en M\u00e9xico: mejor metodolog\u00eda para mejores resultados: una revisi\u00f3n de la literatura\u00a0","date":"enero 23, 2025","format":false,"excerpt":"Guillermo Borges\u00a0 Direcci\u00f3n de Investigaciones Epidemiol\u00f3gicas y Psicosociales, Instituto Nacional de Psiquiatr\u00eda Ram\u00f3n de la Fuente Mu\u00f1iz, Ciudad de M\u00e9xico, M\u00e9xico.\u00a0 Ricardo Orozco\u00a0 Direcci\u00f3n de Investigaciones Epidemiol\u00f3gicas y Psicosociales, Instituto Nacional de Psiquiatr\u00eda Ram\u00f3n de la Fuente Mu\u00f1iz, Ciudad de M\u00e9xico, M\u00e9xico.\u00a0 Brenda Salas\u00a0 Direcci\u00f3n de Investigaciones Epidemiol\u00f3gicas y Psicosociales,\u2026","rel":"","context":"En &quot;Revista Salud Mental&quot;","img":{"alt_text":"","src":"https:\/\/i0.wp.com\/lafuente.mx\/wp-content\/uploads\/2025\/01\/001-1-scaled.jpg?fit=1200%2C758&ssl=1&resize=350%2C200","width":350,"height":200},"classes":[]}],"jetpack_sharing_enabled":true,"jetpack_shortlink":"https:\/\/wp.me\/pe9WUx-Z","_links":{"self":[{"href":"https:\/\/lafuente.mx\/index.php?rest_route=\/wp\/v2\/posts\/61"}],"collection":[{"href":"https:\/\/lafuente.mx\/index.php?rest_route=\/wp\/v2\/posts"}],"about":[{"href":"https:\/\/lafuente.mx\/index.php?rest_route=\/wp\/v2\/types\/post"}],"author":[{"embeddable":true,"href":"https:\/\/lafuente.mx\/index.php?rest_route=\/wp\/v2\/users\/1"}],"replies":[{"embeddable":true,"href":"https:\/\/lafuente.mx\/index.php?rest_route=%2Fwp%2Fv2%2Fcomments&post=61"}],"version-history":[{"count":1,"href":"https:\/\/lafuente.mx\/index.php?rest_route=\/wp\/v2\/posts\/61\/revisions"}],"predecessor-version":[{"id":63,"href":"https:\/\/lafuente.mx\/index.php?rest_route=\/wp\/v2\/posts\/61\/revisions\/63"}],"wp:featuredmedia":[{"embeddable":true,"href":"https:\/\/lafuente.mx\/index.php?rest_route=\/wp\/v2\/media\/62"}],"wp:attachment":[{"href":"https:\/\/lafuente.mx\/index.php?rest_route=%2Fwp%2Fv2%2Fmedia&parent=61"}],"wp:term":[{"taxonomy":"category","embeddable":true,"href":"https:\/\/lafuente.mx\/index.php?rest_route=%2Fwp%2Fv2%2Fcategories&post=61"},{"taxonomy":"post_tag","embeddable":true,"href":"https:\/\/lafuente.mx\/index.php?rest_route=%2Fwp%2Fv2%2Ftags&post=61"}],"curies":[{"name":"wp","href":"https:\/\/api.w.org\/{rel}","templated":true}]}}