{"id":577,"date":"2022-11-17T16:38:55","date_gmt":"2022-11-17T16:38:55","guid":{"rendered":"https:\/\/lafuente.mx\/?p=577"},"modified":"2023-03-28T20:18:10","modified_gmt":"2023-03-28T20:18:10","slug":"sensibilidad-corporalidad-situacion-agencia-introspeccion-autorreferencia-evocacion-otredad-identidad-moralidad","status":"publish","type":"post","link":"https:\/\/lafuente.mx\/?p=577","title":{"rendered":"Neurofilosof\u00eda del Yo."},"content":{"rendered":"\n<p class=\"has-large-font-size\"><strong>Autoconciencia e Identidad Personal<\/strong><\/p>\n\n\n\n<hr class=\"wp-block-separator has-text-color has-alpha-channel-opacity has-background\" style=\"background-color:#970f0f;color:#970f0f\"\/>\n\n\n\n<p class=\"has-text-align-center has-text-color has-large-font-size\" style=\"color:#982323\">Jos\u00e9 Luis D\u00edaz G\u00f3mez<\/p>\n\n\n\n<p class=\"has-text-color\" style=\"color:#787a7c\"><strong>Editorial:&nbsp;<\/strong>Bonilla Artigas Editores, A\u00f1o:&nbsp;2022&nbsp;<\/p>\n\n\n\n<p class=\"has-text-color\" style=\"color:#787a7c\"><strong>Tema:<\/strong>&nbsp;Neurociencia, Edici\u00f3n:&nbsp;1\u00aa&nbsp;<\/p>\n\n\n\n<p class=\"has-text-color\" style=\"color:#787a7c\">ISBN:&nbsp;9786078838196&nbsp;<\/p>\n\n\n<div class=\"wp-block-image\">\n<figure class=\"aligncenter size-large is-resized\"><img decoding=\"async\" loading=\"lazy\" src=\"https:\/\/i0.wp.com\/lafuente.mx\/wp-content\/uploads\/2022\/11\/JoseLuisDG-1024x684.jpeg?resize=609%2C407&#038;ssl=1\" alt=\"\" class=\"wp-image-578\" width=\"609\" height=\"407\" srcset=\"https:\/\/i0.wp.com\/lafuente.mx\/wp-content\/uploads\/2022\/11\/JoseLuisDG.jpeg?resize=1024%2C684&amp;ssl=1 1024w, https:\/\/i0.wp.com\/lafuente.mx\/wp-content\/uploads\/2022\/11\/JoseLuisDG.jpeg?resize=300%2C201&amp;ssl=1 300w, https:\/\/i0.wp.com\/lafuente.mx\/wp-content\/uploads\/2022\/11\/JoseLuisDG.jpeg?resize=768%2C513&amp;ssl=1 768w, https:\/\/i0.wp.com\/lafuente.mx\/wp-content\/uploads\/2022\/11\/JoseLuisDG.jpeg?w=1200&amp;ssl=1 1200w\" sizes=\"(max-width: 609px) 100vw, 609px\" data-recalc-dims=\"1\" \/><figcaption>Imagen: Colegio Nacional<\/figcaption><\/figure><\/div>\n\n\n<hr class=\"wp-block-separator has-alpha-channel-opacity\"\/>\n\n\n\n<p>Los ensayos sobre el yo y la autoconciencia humana que configuran este libro constituyen reflexiones e inferencias neurofilos\u00f3ficas porque plantean ideas, nociones y aproximaciones sobre el yo y la autoconciencia sustentadas en las ciencias del cerebro, de la cognici\u00f3n y del comportamiento.&nbsp;<br>&nbsp;<br>El libro define los rasgos, aspectos y expresiones de diez facetas o funciones particulares y peculiares de la autoconciencia que pueden operar por separado, coordinarse parcialmente o trabajar como un todo interactivo e integrado. Ordenadas de las m\u00e1s fundamentales hasta las m\u00e1s complejas, las funciones son las siguientes: (1) sensibilidad, (2) corporalidad, (3) situaci\u00f3n, (4) agencia, (5) introspecci\u00f3n, (6) autorreferencia, (7) evocaci\u00f3n, (8) otredad, (9) identidad y (10) moralidad. Cada una de estas funciones se define, describe y analiza tanto por sus propiedades cognitivas, afectivas, volitivas y conductuales, como en referencia a sus bases cerebrales y funcionales m\u00e1s estudiadas y conocidas, asumiendo que unas y otras -las propiedades mentales y corporales- forman parte de un mismo proceso multifac\u00e9tico, estratificado, entrelazado y din\u00e1mico. En el ep\u00edlogo del libro se esboza una s\u00edntesis de este dec\u00e1logo funcional con fundamento en la persona humana, referente indudable de la autoconciencia.&nbsp;<\/p>\n\n\n\n<hr class=\"wp-block-separator has-text-color has-alpha-channel-opacity has-background\" style=\"background-color:#941010;color:#941010\"\/>\n\n\n<div class=\"wp-block-image\">\n<figure class=\"aligncenter size-large is-resized\"><img decoding=\"async\" loading=\"lazy\" src=\"https:\/\/i0.wp.com\/lafuente.mx\/wp-content\/uploads\/2022\/11\/Captura-de-Pantalla-2022-11-17-a-las-10.18.43-670x1024.png?resize=432%2C660&#038;ssl=1\" alt=\"\" class=\"wp-image-579\" width=\"432\" height=\"660\" data-recalc-dims=\"1\" \/><\/figure><\/div>\n\n\n<p><br>&nbsp;<br>Esta teor\u00eda naturalista, incluyente y extendida enlaza las funciones mentales, corporales y culturales evadiendo una fluctuaci\u00f3n entre los elementos &#8220;internos&#8221; y &#8220;externos&#8221; del individuo, y evitando tambi\u00e9n una distinci\u00f3n tajante entre los \u00e1mbitos &#8220;subjetivo&#8221; y &#8220;objetivo&#8221; en favor de un proceso pautado de relaci\u00f3n yo-mundo integrado por un cerebro maleable y part\u00edcipe que opera entre el organismo y su nicho f\u00edsico, biol\u00f3gico y cultural.&nbsp;<\/p>\n\n\n\n<div class=\"wp-block-buttons is-layout-flex wp-block-buttons-is-layout-flex\">\n<div class=\"wp-block-button\"><a class=\"wp-block-button__link has-background\" href=\"http:\/\/www.libreriabonilla.com.mx\/libro.php?id=128379\" style=\"background-color:#851010\" target=\"_blank\" rel=\"noreferrer noopener\">M\u00e1s informaci\u00f3n<\/a><\/div>\n<\/div>\n","protected":false},"excerpt":{"rendered":"<p>Autoconciencia e Identidad Personal Jos\u00e9 Luis D\u00edaz G\u00f3mez Editorial:&nbsp;Bonilla Artigas Editores, A\u00f1o:&nbsp;2022&nbsp; Tema:&nbsp;Neurociencia, Edici\u00f3n:&nbsp;1\u00aa&nbsp; ISBN:&nbsp;9786078838196&nbsp; Los ensayos sobre el yo y la autoconciencia humana que<\/p>\n","protected":false},"author":3,"featured_media":582,"comment_status":"closed","ping_status":"closed","sticky":false,"template":"","format":"standard","meta":{"footnotes":"","jetpack_publicize_message":"","jetpack_is_tweetstorm":false,"jetpack_publicize_feature_enabled":true},"categories":[10],"tags":[138,140,141,21,45,139],"jetpack_publicize_connections":[],"yoast_head":"<!-- This site is optimized with the Yoast SEO plugin v19.4 - https:\/\/yoast.com\/wordpress\/plugins\/seo\/ -->\n<title>Neurofilosof\u00eda del Yo. -<\/title>\n<meta name=\"description\" content=\"Los ensayos sobre el yo y la autoconciencia humana que configuran este libro constituyen reflexiones e inferencias neurofilos\u00f3ficas porque plantean ideas, nociones y aproximaciones sobre el yo y la autoconciencia sustentadas en las ciencias del cerebro, de la cognici\u00f3n y del comportamiento.\u00a0\" \/>\n<meta name=\"robots\" content=\"index, follow, max-snippet:-1, max-image-preview:large, max-video-preview:-1\" \/>\n<link rel=\"canonical\" href=\"https:\/\/lafuente.mx\/?p=577\" \/>\n<meta property=\"og:locale\" content=\"es_MX\" \/>\n<meta property=\"og:type\" content=\"article\" \/>\n<meta property=\"og:title\" content=\"Neurofilosof\u00eda del Yo. Autoconciencia e Identidad Personal\" \/>\n<meta property=\"og:description\" content=\"Los ensayos sobre el yo y la autoconciencia humana que configuran este libro constituyen reflexiones e inferencias neurofilos\u00f3ficas porque plantean ideas, nociones y aproximaciones sobre el yo y la autoconciencia sustentadas en las ciencias del cerebro, de la cognici\u00f3n y del comportamiento.\u00a0\" \/>\n<meta property=\"og:url\" content=\"https:\/\/lafuente.mx\/?p=577\" \/>\n<meta property=\"article:published_time\" content=\"2022-11-17T16:38:55+00:00\" \/>\n<meta property=\"article:modified_time\" content=\"2023-03-28T20:18:10+00:00\" \/>\n<meta property=\"og:image\" content=\"http:\/\/lafuente.mx\/wp-content\/uploads\/2022\/11\/Captura-de-Pantalla-2022-11-17-a-las-10.18.43-e1668703351390.png\" \/>\n\t<meta property=\"og:image:width\" content=\"500\" \/>\n\t<meta property=\"og:image:height\" content=\"764\" \/>\n\t<meta property=\"og:image:type\" content=\"image\/png\" \/>\n<meta name=\"author\" content=\"Claudia Gallardo\" \/>\n<meta name=\"twitter:card\" content=\"summary_large_image\" \/>\n<meta name=\"twitter:title\" content=\"Neurofilosof\u00eda del Yo. Autoconciencia e Identidad Personal\" \/>\n<meta name=\"twitter:description\" content=\"Los ensayos sobre el yo y la autoconciencia humana que configuran este libro constituyen reflexiones e inferencias neurofilos\u00f3ficas porque plantean ideas, nociones y aproximaciones sobre el yo y la autoconciencia sustentadas en las ciencias del cerebro, de la cognici\u00f3n y del comportamiento.\u00a0\" \/>\n<meta name=\"twitter:image\" content=\"https:\/\/i0.wp.com\/lafuente.mx\/wp-content\/uploads\/2022\/11\/Captura-de-Pantalla-2022-11-17-a-las-10.18.43-e1668703351390.png?fit=500%2C764&ssl=1\" \/>\n<meta name=\"twitter:label1\" content=\"Escrito por\" \/>\n\t<meta name=\"twitter:data1\" content=\"Claudia Gallardo\" \/>\n\t<meta name=\"twitter:label2\" content=\"Tiempo de lectura\" \/>\n\t<meta name=\"twitter:data2\" content=\"2 minutos\" \/>\n<script type=\"application\/ld+json\" class=\"yoast-schema-graph\">{\"@context\":\"https:\/\/schema.org\",\"@graph\":[{\"@type\":\"WebSite\",\"@id\":\"https:\/\/lafuente.mx\/#website\",\"url\":\"https:\/\/lafuente.mx\/\",\"name\":\"\",\"description\":\"Informaci\u00f3n confiable sobre salud mental\",\"potentialAction\":[{\"@type\":\"SearchAction\",\"target\":{\"@type\":\"EntryPoint\",\"urlTemplate\":\"https:\/\/lafuente.mx\/?s={search_term_string}\"},\"query-input\":\"required name=search_term_string\"}],\"inLanguage\":\"es-MX\"},{\"@type\":\"WebPage\",\"@id\":\"https:\/\/lafuente.mx\/?p=577\",\"url\":\"https:\/\/lafuente.mx\/?p=577\",\"name\":\"Neurofilosof\u00eda del Yo. -\",\"isPartOf\":{\"@id\":\"https:\/\/lafuente.mx\/#website\"},\"datePublished\":\"2022-11-17T16:38:55+00:00\",\"dateModified\":\"2023-03-28T20:18:10+00:00\",\"author\":{\"@id\":\"https:\/\/lafuente.mx\/#\/schema\/person\/603f3aa8e2f6f7879021ab722d39d6b0\"},\"description\":\"Los ensayos sobre el yo y la autoconciencia humana que configuran este libro constituyen reflexiones e inferencias neurofilos\u00f3ficas porque plantean ideas, nociones y aproximaciones sobre el yo y la autoconciencia sustentadas en las ciencias del cerebro, de la cognici\u00f3n y del comportamiento.\u00a0\",\"breadcrumb\":{\"@id\":\"https:\/\/lafuente.mx\/?p=577#breadcrumb\"},\"inLanguage\":\"es-MX\",\"potentialAction\":[{\"@type\":\"ReadAction\",\"target\":[\"https:\/\/lafuente.mx\/?p=577\"]}]},{\"@type\":\"BreadcrumbList\",\"@id\":\"https:\/\/lafuente.mx\/?p=577#breadcrumb\",\"itemListElement\":[{\"@type\":\"ListItem\",\"position\":1,\"name\":\"Inicio\",\"item\":\"https:\/\/lafuente.mx\/\"},{\"@type\":\"ListItem\",\"position\":2,\"name\":\"Neurofilosof\u00eda del Yo.\"}]},{\"@type\":\"Person\",\"@id\":\"https:\/\/lafuente.mx\/#\/schema\/person\/603f3aa8e2f6f7879021ab722d39d6b0\",\"name\":\"Claudia Gallardo\",\"image\":{\"@type\":\"ImageObject\",\"inLanguage\":\"es-MX\",\"@id\":\"https:\/\/lafuente.mx\/#\/schema\/person\/image\/\",\"url\":\"https:\/\/secure.gravatar.com\/avatar\/bfe9c966af1ccfb9d17bcdb9d04e8815?s=96&d=mm&r=g\",\"contentUrl\":\"https:\/\/secure.gravatar.com\/avatar\/bfe9c966af1ccfb9d17bcdb9d04e8815?s=96&d=mm&r=g\",\"caption\":\"Claudia Gallardo\"},\"url\":\"https:\/\/lafuente.mx\/?author=3\"}]}<\/script>\n<!-- \/ Yoast SEO plugin. -->","yoast_head_json":{"title":"Neurofilosof\u00eda del Yo. -","description":"Los ensayos sobre el yo y la autoconciencia humana que configuran este libro constituyen reflexiones e inferencias neurofilos\u00f3ficas porque plantean ideas, nociones y aproximaciones sobre el yo y la autoconciencia sustentadas en las ciencias del cerebro, de la cognici\u00f3n y del comportamiento.\u00a0","robots":{"index":"index","follow":"follow","max-snippet":"max-snippet:-1","max-image-preview":"max-image-preview:large","max-video-preview":"max-video-preview:-1"},"canonical":"https:\/\/lafuente.mx\/?p=577","og_locale":"es_MX","og_type":"article","og_title":"Neurofilosof\u00eda del Yo. Autoconciencia e Identidad Personal","og_description":"Los ensayos sobre el yo y la autoconciencia humana que configuran este libro constituyen reflexiones e inferencias neurofilos\u00f3ficas porque plantean ideas, nociones y aproximaciones sobre el yo y la autoconciencia sustentadas en las ciencias del cerebro, de la cognici\u00f3n y del comportamiento.\u00a0","og_url":"https:\/\/lafuente.mx\/?p=577","article_published_time":"2022-11-17T16:38:55+00:00","article_modified_time":"2023-03-28T20:18:10+00:00","og_image":[{"width":500,"height":764,"url":"http:\/\/lafuente.mx\/wp-content\/uploads\/2022\/11\/Captura-de-Pantalla-2022-11-17-a-las-10.18.43-e1668703351390.png","type":"image\/png"}],"author":"Claudia Gallardo","twitter_card":"summary_large_image","twitter_title":"Neurofilosof\u00eda del Yo. Autoconciencia e Identidad Personal","twitter_description":"Los ensayos sobre el yo y la autoconciencia humana que configuran este libro constituyen reflexiones e inferencias neurofilos\u00f3ficas porque plantean ideas, nociones y aproximaciones sobre el yo y la autoconciencia sustentadas en las ciencias del cerebro, de la cognici\u00f3n y del comportamiento.\u00a0","twitter_image":"https:\/\/i0.wp.com\/lafuente.mx\/wp-content\/uploads\/2022\/11\/Captura-de-Pantalla-2022-11-17-a-las-10.18.43-e1668703351390.png?fit=500%2C764&ssl=1","twitter_misc":{"Escrito por":"Claudia Gallardo","Tiempo de lectura":"2 minutos"},"schema":{"@context":"https:\/\/schema.org","@graph":[{"@type":"WebSite","@id":"https:\/\/lafuente.mx\/#website","url":"https:\/\/lafuente.mx\/","name":"","description":"Informaci\u00f3n confiable sobre salud mental","potentialAction":[{"@type":"SearchAction","target":{"@type":"EntryPoint","urlTemplate":"https:\/\/lafuente.mx\/?s={search_term_string}"},"query-input":"required name=search_term_string"}],"inLanguage":"es-MX"},{"@type":"WebPage","@id":"https:\/\/lafuente.mx\/?p=577","url":"https:\/\/lafuente.mx\/?p=577","name":"Neurofilosof\u00eda del Yo. -","isPartOf":{"@id":"https:\/\/lafuente.mx\/#website"},"datePublished":"2022-11-17T16:38:55+00:00","dateModified":"2023-03-28T20:18:10+00:00","author":{"@id":"https:\/\/lafuente.mx\/#\/schema\/person\/603f3aa8e2f6f7879021ab722d39d6b0"},"description":"Los ensayos sobre el yo y la autoconciencia humana que configuran este libro constituyen reflexiones e inferencias neurofilos\u00f3ficas porque plantean ideas, nociones y aproximaciones sobre el yo y la autoconciencia sustentadas en las ciencias del cerebro, de la cognici\u00f3n y del comportamiento.\u00a0","breadcrumb":{"@id":"https:\/\/lafuente.mx\/?p=577#breadcrumb"},"inLanguage":"es-MX","potentialAction":[{"@type":"ReadAction","target":["https:\/\/lafuente.mx\/?p=577"]}]},{"@type":"BreadcrumbList","@id":"https:\/\/lafuente.mx\/?p=577#breadcrumb","itemListElement":[{"@type":"ListItem","position":1,"name":"Inicio","item":"https:\/\/lafuente.mx\/"},{"@type":"ListItem","position":2,"name":"Neurofilosof\u00eda del Yo."}]},{"@type":"Person","@id":"https:\/\/lafuente.mx\/#\/schema\/person\/603f3aa8e2f6f7879021ab722d39d6b0","name":"Claudia Gallardo","image":{"@type":"ImageObject","inLanguage":"es-MX","@id":"https:\/\/lafuente.mx\/#\/schema\/person\/image\/","url":"https:\/\/secure.gravatar.com\/avatar\/bfe9c966af1ccfb9d17bcdb9d04e8815?s=96&d=mm&r=g","contentUrl":"https:\/\/secure.gravatar.com\/avatar\/bfe9c966af1ccfb9d17bcdb9d04e8815?s=96&d=mm&r=g","caption":"Claudia Gallardo"},"url":"https:\/\/lafuente.mx\/?author=3"}]}},"jetpack_featured_media_url":"https:\/\/i0.wp.com\/lafuente.mx\/wp-content\/uploads\/2022\/11\/portadaLibro.jpg?fit=925%2C869&ssl=1","jetpack-related-posts":[{"id":1277,"url":"https:\/\/lafuente.mx\/?p=1277","url_meta":{"origin":577,"position":0},"title":"D\u00eda Internacional del Orgullo LGBTIQPA+\u00a0","date":"junio 19, 2023","format":false,"excerpt":"28 de junio \u201cLa noci\u00f3n b\u00e1sica del Orgullo LGBTIQ consiste en que ninguna persona debe avergonzarse de lo que es, cualquiera sea su sexo, orientaci\u00f3n sexual o identidad sexual\u201d\u00a0 Con el objetivo principal de promover la tolerancia como camino al respeto a formas de pensar diversas, as\u00ed como la igualdad\u2026","rel":"","context":"En &quot;Efem\u00e9rides de Salud Mental&quot;","img":{"alt_text":"","src":"https:\/\/i0.wp.com\/lafuente.mx\/wp-content\/uploads\/2023\/06\/lgtb3.jpeg?fit=1200%2C800&ssl=1&resize=350%2C200","width":350,"height":200},"classes":[]},{"id":3296,"url":"https:\/\/lafuente.mx\/?p=3296","url_meta":{"origin":577,"position":1},"title":"Tema del mes: Salud mental y uso de tecnolog\u00eda","date":"octubre 6, 2025","format":false,"excerpt":"AGOSTO Durante este mes, hablaremos sobre salud mental y el uso de tecnolog\u00eda en las personas m\u00e1s j\u00f3venes. Mentalizarte","rel":"","context":"En &quot;T\u00f3picos de salud mental&quot;","img":{"alt_text":"","src":"https:\/\/i0.wp.com\/lafuente.mx\/wp-content\/uploads\/2025\/10\/Captura-de-pantalla-2025-10-06-a-las-14.10.43.png?fit=1200%2C602&ssl=1&resize=350%2C200","width":350,"height":200},"classes":[]},{"id":2846,"url":"https:\/\/lafuente.mx\/?p=2846","url_meta":{"origin":577,"position":2},"title":"Resultados de la Encuesta sobre Estigma, Discriminaci\u00f3n y Salud Mental de las Diversidades Sexogen\u00e9ricas (ENDISMED)\u00a0","date":"abril 14, 2025","format":false,"excerpt":"Con el objetivo de examinar la relaci\u00f3n entre la percepci\u00f3n de estigma y la experiencia de actos de discriminaci\u00f3n en el contexto escolar con presentar sintomatolog\u00eda ansiosa, depresiva, consumo de sustancias y conducta suicida en una muestra de la comunidad estudiantil, acad\u00e9mica y administrativa de la Facultad de Medicina que\u2026","rel":"","context":"En &quot;Noticias&quot;","img":{"alt_text":"lesbian, happy, homosexual, nature, proudly, rainbow, bisexual, multicoloured, homosexuality, trans, transsexual, sexuality, lgbtiqa, pride month, pride, celebrate, world pride-7276192.jpg","src":"https:\/\/i0.wp.com\/lafuente.mx\/wp-content\/uploads\/2025\/04\/lesbian-happy-homosexual-nature-proudly-rainbow-bisexual-multicoloured-homosexuality-trans-transsexual-sexuality-lgbtiqa-pride-month-pride-celebrate-world-pride-7276192.jpg?fit=1200%2C848&ssl=1&resize=350%2C200","width":350,"height":200},"classes":[]},{"id":1925,"url":"https:\/\/lafuente.mx\/?p=1925","url_meta":{"origin":577,"position":3},"title":"Programa de Atenci\u00f3n en Salud Mental para Personal de Salud (PAPS)","date":"diciembre 7, 2023","format":false,"excerpt":"\u25a0 Para personal de instituciones p\u00fablicas\u00a0\u25a0 Trabajadores en contacto con pacientes\u00a0\u25a0 Atenci\u00f3n psiqui\u00e1trica y\/o psicol\u00f3gica\u00a0\u25a0 Gratuita\u00a0\u25a0 Virtual o presencial\u00a0 Solicita atenci\u00f3n en:","rel":"","context":"En &quot;Informaci\u00f3n de inter\u00e9s&quot;","img":{"alt_text":"","src":"https:\/\/i0.wp.com\/lafuente.mx\/wp-content\/uploads\/2023\/12\/PAPS.jpg?fit=964%2C563&ssl=1&resize=350%2C200","width":350,"height":200},"classes":[]},{"id":1090,"url":"https:\/\/lafuente.mx\/?p=1090","url_meta":{"origin":577,"position":4},"title":"El arte de sanar y cuidar sin enfermar: hablemos de Burnout&nbsp;","date":"abril 12, 2023","format":false,"excerpt":"Del 2 al 12 de mayo de 2023\u00a0 Acceso ilimitado 24 horas en Google Classroom + sesiones v\u00eda streaming\u00a0 Dirigido a:\u00a0 Personal directivo y de coordinaci\u00f3n de ense\u00f1anza, personal de medicina general y especialistas, de enfermer\u00eda, psicolog\u00eda, personal terap\u00e9utico de diferentes disciplinas y otros proveedores de salud.\u00a0 Objetivo general:\u00a0 Revisar\u2026","rel":"","context":"En &quot;Cursos en l\u00ednea&quot;","img":{"alt_text":"despair, alone, to be alone-513528.jpg","src":"https:\/\/i0.wp.com\/lafuente.mx\/wp-content\/uploads\/2023\/04\/despair-alone-to-be-alone-513528.jpg?fit=1200%2C749&ssl=1&resize=350%2C200","width":350,"height":200},"classes":[]},{"id":2777,"url":"https:\/\/lafuente.mx\/?p=2777","url_meta":{"origin":577,"position":5},"title":"Asociaci\u00f3n entre la calidad del sue\u00f1o y la personalidad seg\u00fan el modelo de los cinco grandes factores en una muestra no cl\u00ednica\u00a0","date":"febrero 25, 2025","format":false,"excerpt":"Vol. 47 No. 6 (2024): Salud mental\u00a0\u00a0 Lucas Santana Marqu\u00e9s de Souza\u00a0 Programa de P\u00f3s-Gradua\u00e7\u00e3o em Psicologia, Departamento de Psicolog\u00eda, Universidade Federal de Sergipe, S\u00e3o Crist\u00f3v\u00e3o, Brasil.\u00a0 Andr\u00e9 Faro\u00a0 Programa de P\u00f3s-Gradua\u00e7\u00e3o em Psicologia, Departamento de Psicolog\u00eda, Universidade Federal de Sergipe, S\u00e3o Crist\u00f3v\u00e3o, Brasil.\u00a0 Introducci\u00f3n.\u00a0 El sue\u00f1o es esencial para\u2026","rel":"","context":"En &quot;Revista Salud Mental&quot;","img":{"alt_text":"woman, girl, lady, female, young, beauty, sleeping, dream, nature, sky, clouds, gulls, fantasy, sleeping, sleeping, sleeping, sleeping, sleeping-3403604.jpg","src":"https:\/\/i0.wp.com\/lafuente.mx\/wp-content\/uploads\/2025\/02\/woman-girl-lady-female-young-beauty-sleeping-dream-nature-sky-clouds-gulls-fantasy-sleeping-sleeping-sleeping-sleeping-sleeping-3403604.jpg?fit=1200%2C771&ssl=1&resize=350%2C200","width":350,"height":200},"classes":[]}],"jetpack_sharing_enabled":true,"jetpack_shortlink":"https:\/\/wp.me\/pe9WUx-9j","_links":{"self":[{"href":"https:\/\/lafuente.mx\/index.php?rest_route=\/wp\/v2\/posts\/577"}],"collection":[{"href":"https:\/\/lafuente.mx\/index.php?rest_route=\/wp\/v2\/posts"}],"about":[{"href":"https:\/\/lafuente.mx\/index.php?rest_route=\/wp\/v2\/types\/post"}],"author":[{"embeddable":true,"href":"https:\/\/lafuente.mx\/index.php?rest_route=\/wp\/v2\/users\/3"}],"replies":[{"embeddable":true,"href":"https:\/\/lafuente.mx\/index.php?rest_route=%2Fwp%2Fv2%2Fcomments&post=577"}],"version-history":[{"count":2,"href":"https:\/\/lafuente.mx\/index.php?rest_route=\/wp\/v2\/posts\/577\/revisions"}],"predecessor-version":[{"id":581,"href":"https:\/\/lafuente.mx\/index.php?rest_route=\/wp\/v2\/posts\/577\/revisions\/581"}],"wp:featuredmedia":[{"embeddable":true,"href":"https:\/\/lafuente.mx\/index.php?rest_route=\/wp\/v2\/media\/582"}],"wp:attachment":[{"href":"https:\/\/lafuente.mx\/index.php?rest_route=%2Fwp%2Fv2%2Fmedia&parent=577"}],"wp:term":[{"taxonomy":"category","embeddable":true,"href":"https:\/\/lafuente.mx\/index.php?rest_route=%2Fwp%2Fv2%2Fcategories&post=577"},{"taxonomy":"post_tag","embeddable":true,"href":"https:\/\/lafuente.mx\/index.php?rest_route=%2Fwp%2Fv2%2Ftags&post=577"}],"curies":[{"name":"wp","href":"https:\/\/api.w.org\/{rel}","templated":true}]}}