{"id":565,"date":"2022-11-23T14:01:12","date_gmt":"2022-11-23T14:01:12","guid":{"rendered":"https:\/\/lafuente.mx\/?p=565"},"modified":"2023-01-12T15:59:26","modified_gmt":"2023-01-12T15:59:26","slug":"dia-internacional-de-la-eliminacion-de-la-violencia-contra-la-mujer","status":"publish","type":"post","link":"https:\/\/lafuente.mx\/?p=565","title":{"rendered":"D\u00eda Internacional de la Eliminaci\u00f3n de la Violencia contra la Mujer\u00a0"},"content":{"rendered":"\n<p class=\"has-vivid-purple-color has-text-color has-larger-font-size\"><strong>25 de noviembre&nbsp;<\/strong><\/p>\n\n\n<div class=\"wp-block-image\">\n<figure class=\"aligncenter size-full is-resized\"><img decoding=\"async\" loading=\"lazy\" src=\"https:\/\/i0.wp.com\/lafuente.mx\/wp-content\/uploads\/2022\/11\/mujeres.png?resize=401%2C334&#038;ssl=1\" alt=\"\" class=\"wp-image-566\" width=\"401\" height=\"334\" srcset=\"https:\/\/i0.wp.com\/lafuente.mx\/wp-content\/uploads\/2022\/11\/mujeres.png?w=600&amp;ssl=1 600w, https:\/\/i0.wp.com\/lafuente.mx\/wp-content\/uploads\/2022\/11\/mujeres.png?resize=300%2C250&amp;ssl=1 300w\" sizes=\"(max-width: 401px) 100vw, 401px\" data-recalc-dims=\"1\" \/><figcaption>Portada del Libro<br><em>Feminismo Para Principiantes<\/em>&nbsp;&#8211;&nbsp;<em>Nuria Varela<\/em><\/figcaption><\/figure><\/div>\n\n\n<p class=\"has-text-align-center has-luminous-vivid-orange-color has-text-color has-large-font-size\">Forma parte de nuestros 16 d\u00edas de activismo&nbsp;&nbsp;<\/p>\n\n\n\n<p class=\"has-text-color\" style=\"color:#683499\">Como cada a\u00f1o, el <strong>D\u00eda Internacional para Eliminar la Violencia contra la Mujer<\/strong> marca el comienzo de la Campa\u00f1a \u00danete de la ONU, 16 d\u00edas de activismo (del 25 de  noviembre al 10 de diciembre) que concluyen coincidiendo con el <strong>D\u00eda Internacional de los Derechos Humanos.&nbsp;<\/strong><\/p>\n\n\n\n<p class=\"has-text-color\" style=\"color:#683499\"><strong>La campa\u00f1a 2022 \u00a1\u00daNETE! Activismo para poner fin a la violencia contra las mujeres y las ni\u00f1as,&nbsp; <\/strong>tiene el objetivo de movilizar a todos los miembros de la sociedad para que se conviertan en activistas, se solidaricen con las defensoras de los derechos de las mujeres y apoyen a los movimientos feministas del planeta para evitar el retroceso de los derechos de las mujeres y conseguir un mundo libre de violencia de g\u00e9nero.&nbsp;<\/p>\n\n\n\n<div class=\"wp-block-buttons is-layout-flex wp-block-buttons-is-layout-flex\">\n<div class=\"wp-block-button\"><a class=\"wp-block-button__link has-vivid-purple-background-color has-background\" href=\"https:\/\/www.un.org\/es\/observances\/ending-violence-against-women-day\" target=\"_blank\" rel=\"noreferrer noopener\">M\u00e1s informaci\u00f3n<\/a><\/div>\n<\/div>\n","protected":false},"excerpt":{"rendered":"<p>25 de noviembre&nbsp; Forma parte de nuestros 16 d\u00edas de activismo&nbsp;&nbsp; Como cada a\u00f1o, el D\u00eda Internacional para Eliminar la Violencia contra la Mujer marca<\/p>\n","protected":false},"author":3,"featured_media":566,"comment_status":"closed","ping_status":"closed","sticky":false,"template":"","format":"standard","meta":{"footnotes":"","jetpack_publicize_message":"","jetpack_is_tweetstorm":false,"jetpack_publicize_feature_enabled":true},"categories":[13],"tags":[],"jetpack_publicize_connections":[],"yoast_head":"<!-- This site is optimized with the Yoast SEO plugin v19.4 - https:\/\/yoast.com\/wordpress\/plugins\/seo\/ -->\n<title>D\u00eda Internacional de la Eliminaci\u00f3n de la Violencia contra la Mujer\u00a0 -<\/title>\n<meta name=\"description\" content=\"Como cada a\u00f1o, el D\u00eda Internacional para Eliminar la Violencia contra la Mujer marca el comienzo de la Campa\u00f1a \u00danete de la ONU, 16 d\u00edas de activismo (del 25 de noviembre al 10 de diciembre) que concluyen coincidiendo con el D\u00eda Internacional de los Derechos Humanos.\u00a0\" \/>\n<meta name=\"robots\" content=\"index, follow, max-snippet:-1, max-image-preview:large, max-video-preview:-1\" \/>\n<link rel=\"canonical\" href=\"https:\/\/lafuente.mx\/?p=565\" \/>\n<meta property=\"og:locale\" content=\"es_MX\" \/>\n<meta property=\"og:type\" content=\"article\" \/>\n<meta property=\"og:title\" content=\"D\u00eda Internacional de la Eliminaci\u00f3n de la Violencia contra la Mujer\u00a0\" \/>\n<meta property=\"og:description\" content=\"El D\u00eda Internacional para Eliminar la Violencia contra la Mujer marca el comienzo de la Campa\u00f1a \u00danete de la ONU, 16 d\u00edas de activismo (del 25 de noviembre al 10 de diciembre) que concluyen coincidiendo con el D\u00eda Internacional de los Derechos Humanos\" \/>\n<meta property=\"og:url\" content=\"https:\/\/lafuente.mx\/?p=565\" \/>\n<meta property=\"article:published_time\" content=\"2022-11-23T14:01:12+00:00\" \/>\n<meta property=\"article:modified_time\" content=\"2023-01-12T15:59:26+00:00\" \/>\n<meta property=\"og:image\" content=\"http:\/\/lafuente.mx\/wp-content\/uploads\/2022\/11\/mujeres.png\" \/>\n\t<meta property=\"og:image:width\" content=\"600\" \/>\n\t<meta property=\"og:image:height\" content=\"500\" \/>\n\t<meta property=\"og:image:type\" content=\"image\/png\" \/>\n<meta name=\"author\" content=\"Claudia Gallardo\" \/>\n<meta name=\"twitter:card\" content=\"summary_large_image\" \/>\n<meta name=\"twitter:title\" content=\"D\u00eda Internacional de la Eliminaci\u00f3n de la Violencia contra la Mujer\u00a0\" \/>\n<meta name=\"twitter:description\" content=\"El D\u00eda Internacional para Eliminar la Violencia contra la Mujer marca el comienzo de la Campa\u00f1a \u00danete de la ONU, 16 d\u00edas de activismo (del 25 de noviembre al 10 de diciembre) que concluyen coincidiendo con el D\u00eda Internacional de los Derechos Humanos\" \/>\n<meta name=\"twitter:image\" content=\"https:\/\/i0.wp.com\/lafuente.mx\/wp-content\/uploads\/2022\/11\/mujeres.png?fit=600%2C500&ssl=1\" \/>\n<meta name=\"twitter:label1\" content=\"Escrito por\" \/>\n\t<meta name=\"twitter:data1\" content=\"Claudia Gallardo\" \/>\n\t<meta name=\"twitter:label2\" content=\"Tiempo de lectura\" \/>\n\t<meta name=\"twitter:data2\" content=\"1 minuto\" \/>\n<script type=\"application\/ld+json\" class=\"yoast-schema-graph\">{\"@context\":\"https:\/\/schema.org\",\"@graph\":[{\"@type\":\"WebSite\",\"@id\":\"https:\/\/lafuente.mx\/#website\",\"url\":\"https:\/\/lafuente.mx\/\",\"name\":\"\",\"description\":\"Informaci\u00f3n confiable sobre salud mental\",\"potentialAction\":[{\"@type\":\"SearchAction\",\"target\":{\"@type\":\"EntryPoint\",\"urlTemplate\":\"https:\/\/lafuente.mx\/?s={search_term_string}\"},\"query-input\":\"required name=search_term_string\"}],\"inLanguage\":\"es-MX\"},{\"@type\":\"WebPage\",\"@id\":\"https:\/\/lafuente.mx\/?p=565\",\"url\":\"https:\/\/lafuente.mx\/?p=565\",\"name\":\"D\u00eda Internacional de la Eliminaci\u00f3n de la Violencia contra la Mujer\u00a0 -\",\"isPartOf\":{\"@id\":\"https:\/\/lafuente.mx\/#website\"},\"datePublished\":\"2022-11-23T14:01:12+00:00\",\"dateModified\":\"2023-01-12T15:59:26+00:00\",\"author\":{\"@id\":\"https:\/\/lafuente.mx\/#\/schema\/person\/603f3aa8e2f6f7879021ab722d39d6b0\"},\"description\":\"Como cada a\u00f1o, el D\u00eda Internacional para Eliminar la Violencia contra la Mujer marca el comienzo de la Campa\u00f1a \u00danete de la ONU, 16 d\u00edas de activismo (del 25 de noviembre al 10 de diciembre) que concluyen coincidiendo con el D\u00eda Internacional de los Derechos Humanos.\u00a0\",\"breadcrumb\":{\"@id\":\"https:\/\/lafuente.mx\/?p=565#breadcrumb\"},\"inLanguage\":\"es-MX\",\"potentialAction\":[{\"@type\":\"ReadAction\",\"target\":[\"https:\/\/lafuente.mx\/?p=565\"]}]},{\"@type\":\"BreadcrumbList\",\"@id\":\"https:\/\/lafuente.mx\/?p=565#breadcrumb\",\"itemListElement\":[{\"@type\":\"ListItem\",\"position\":1,\"name\":\"Inicio\",\"item\":\"https:\/\/lafuente.mx\/\"},{\"@type\":\"ListItem\",\"position\":2,\"name\":\"D\u00eda Internacional de la Eliminaci\u00f3n de la Violencia contra la Mujer\u00a0\"}]},{\"@type\":\"Person\",\"@id\":\"https:\/\/lafuente.mx\/#\/schema\/person\/603f3aa8e2f6f7879021ab722d39d6b0\",\"name\":\"Claudia Gallardo\",\"image\":{\"@type\":\"ImageObject\",\"inLanguage\":\"es-MX\",\"@id\":\"https:\/\/lafuente.mx\/#\/schema\/person\/image\/\",\"url\":\"https:\/\/secure.gravatar.com\/avatar\/bfe9c966af1ccfb9d17bcdb9d04e8815?s=96&d=mm&r=g\",\"contentUrl\":\"https:\/\/secure.gravatar.com\/avatar\/bfe9c966af1ccfb9d17bcdb9d04e8815?s=96&d=mm&r=g\",\"caption\":\"Claudia Gallardo\"},\"url\":\"https:\/\/lafuente.mx\/?author=3\"}]}<\/script>\n<!-- \/ Yoast SEO plugin. -->","yoast_head_json":{"title":"D\u00eda Internacional de la Eliminaci\u00f3n de la Violencia contra la Mujer\u00a0 -","description":"Como cada a\u00f1o, el D\u00eda Internacional para Eliminar la Violencia contra la Mujer marca el comienzo de la Campa\u00f1a \u00danete de la ONU, 16 d\u00edas de activismo (del 25 de noviembre al 10 de diciembre) que concluyen coincidiendo con el D\u00eda Internacional de los Derechos Humanos.\u00a0","robots":{"index":"index","follow":"follow","max-snippet":"max-snippet:-1","max-image-preview":"max-image-preview:large","max-video-preview":"max-video-preview:-1"},"canonical":"https:\/\/lafuente.mx\/?p=565","og_locale":"es_MX","og_type":"article","og_title":"D\u00eda Internacional de la Eliminaci\u00f3n de la Violencia contra la Mujer\u00a0","og_description":"El D\u00eda Internacional para Eliminar la Violencia contra la Mujer marca el comienzo de la Campa\u00f1a \u00danete de la ONU, 16 d\u00edas de activismo (del 25 de noviembre al 10 de diciembre) que concluyen coincidiendo con el D\u00eda Internacional de los Derechos Humanos","og_url":"https:\/\/lafuente.mx\/?p=565","article_published_time":"2022-11-23T14:01:12+00:00","article_modified_time":"2023-01-12T15:59:26+00:00","og_image":[{"width":600,"height":500,"url":"http:\/\/lafuente.mx\/wp-content\/uploads\/2022\/11\/mujeres.png","type":"image\/png"}],"author":"Claudia Gallardo","twitter_card":"summary_large_image","twitter_title":"D\u00eda Internacional de la Eliminaci\u00f3n de la Violencia contra la Mujer\u00a0","twitter_description":"El D\u00eda Internacional para Eliminar la Violencia contra la Mujer marca el comienzo de la Campa\u00f1a \u00danete de la ONU, 16 d\u00edas de activismo (del 25 de noviembre al 10 de diciembre) que concluyen coincidiendo con el D\u00eda Internacional de los Derechos Humanos","twitter_image":"https:\/\/i0.wp.com\/lafuente.mx\/wp-content\/uploads\/2022\/11\/mujeres.png?fit=600%2C500&ssl=1","twitter_misc":{"Escrito por":"Claudia Gallardo","Tiempo de lectura":"1 minuto"},"schema":{"@context":"https:\/\/schema.org","@graph":[{"@type":"WebSite","@id":"https:\/\/lafuente.mx\/#website","url":"https:\/\/lafuente.mx\/","name":"","description":"Informaci\u00f3n confiable sobre salud mental","potentialAction":[{"@type":"SearchAction","target":{"@type":"EntryPoint","urlTemplate":"https:\/\/lafuente.mx\/?s={search_term_string}"},"query-input":"required name=search_term_string"}],"inLanguage":"es-MX"},{"@type":"WebPage","@id":"https:\/\/lafuente.mx\/?p=565","url":"https:\/\/lafuente.mx\/?p=565","name":"D\u00eda Internacional de la Eliminaci\u00f3n de la Violencia contra la Mujer\u00a0 -","isPartOf":{"@id":"https:\/\/lafuente.mx\/#website"},"datePublished":"2022-11-23T14:01:12+00:00","dateModified":"2023-01-12T15:59:26+00:00","author":{"@id":"https:\/\/lafuente.mx\/#\/schema\/person\/603f3aa8e2f6f7879021ab722d39d6b0"},"description":"Como cada a\u00f1o, el D\u00eda Internacional para Eliminar la Violencia contra la Mujer marca el comienzo de la Campa\u00f1a \u00danete de la ONU, 16 d\u00edas de activismo (del 25 de noviembre al 10 de diciembre) que concluyen coincidiendo con el D\u00eda Internacional de los Derechos Humanos.\u00a0","breadcrumb":{"@id":"https:\/\/lafuente.mx\/?p=565#breadcrumb"},"inLanguage":"es-MX","potentialAction":[{"@type":"ReadAction","target":["https:\/\/lafuente.mx\/?p=565"]}]},{"@type":"BreadcrumbList","@id":"https:\/\/lafuente.mx\/?p=565#breadcrumb","itemListElement":[{"@type":"ListItem","position":1,"name":"Inicio","item":"https:\/\/lafuente.mx\/"},{"@type":"ListItem","position":2,"name":"D\u00eda Internacional de la Eliminaci\u00f3n de la Violencia contra la Mujer\u00a0"}]},{"@type":"Person","@id":"https:\/\/lafuente.mx\/#\/schema\/person\/603f3aa8e2f6f7879021ab722d39d6b0","name":"Claudia Gallardo","image":{"@type":"ImageObject","inLanguage":"es-MX","@id":"https:\/\/lafuente.mx\/#\/schema\/person\/image\/","url":"https:\/\/secure.gravatar.com\/avatar\/bfe9c966af1ccfb9d17bcdb9d04e8815?s=96&d=mm&r=g","contentUrl":"https:\/\/secure.gravatar.com\/avatar\/bfe9c966af1ccfb9d17bcdb9d04e8815?s=96&d=mm&r=g","caption":"Claudia Gallardo"},"url":"https:\/\/lafuente.mx\/?author=3"}]}},"jetpack_featured_media_url":"https:\/\/i0.wp.com\/lafuente.mx\/wp-content\/uploads\/2022\/11\/mujeres.png?fit=600%2C500&ssl=1","jetpack-related-posts":[{"id":2135,"url":"https:\/\/lafuente.mx\/?p=2135","url_meta":{"origin":565,"position":0},"title":"D\u00eda Internacional de la Mujer,\u00a08 de marzo\u00a0","date":"marzo 8, 2024","format":false,"excerpt":"El D\u00eda Internacional de la Mujer es una fecha que se conmemora en muchos pa\u00edses del mundo. Cuando las mujeres de todos los continentes, a menudo separadas por fronteras nacionales y diferencias \u00e9tnicas, ling\u00fc\u00edsticas, culturales, econ\u00f3micas y pol\u00edticas, se unen en este d\u00eda, pueden contemplar una tradici\u00f3n de no menos\u2026","rel":"","context":"En &quot;Efem\u00e9rides de Salud Mental&quot;","img":{"alt_text":"","src":"https:\/\/i0.wp.com\/lafuente.mx\/wp-content\/uploads\/2024\/03\/445-scaled.jpg?fit=1200%2C694&ssl=1&resize=350%2C200","width":350,"height":200},"classes":[]},{"id":2309,"url":"https:\/\/lafuente.mx\/?p=2309","url_meta":{"origin":565,"position":1},"title":"D\u00eda Nacional de las y los Psic\u00f3logos\u00a0","date":"mayo 20, 2024","format":false,"excerpt":"20 de mayo \u00a0 El D\u00eda Nacional de las y los Psic\u00f3logos tuvo su origen el 20 de mayo de 1994 cuando varias asociaciones vinculadas con la Psicolog\u00eda se reunieron por primera vez, tras el llamado del Colegio de Profesionales de Psicolog\u00eda de la Universidad de Guadalajara, en Jalisco, con\u2026","rel":"","context":"En &quot;Efem\u00e9rides de Salud Mental&quot;","img":{"alt_text":"man, hearts, head-8132160.jpg","src":"https:\/\/i0.wp.com\/lafuente.mx\/wp-content\/uploads\/2024\/05\/man-hearts-head-8132160.jpg?fit=1200%2C800&ssl=1&resize=350%2C200","width":350,"height":200},"classes":[]},{"id":1210,"url":"https:\/\/lafuente.mx\/?p=1210","url_meta":{"origin":565,"position":2},"title":"D\u00eda Nacional de las y los Psic\u00f3logos","date":"mayo 15, 2023","format":false,"excerpt":"20 de mayo\u00a0 Las y los psic\u00f3logos constituyen una pieza clave en la sociedad y en los sistemas sanitarios, ya que ayudan a los individuos, sin importar su edad, a mitigar y superar los trastornos mentales o de conducta que presenten.\u00a0 Imagen INPRFM El D\u00eda Nacional de las y los\u2026","rel":"","context":"En &quot;Efem\u00e9rides de Salud Mental&quot;","img":{"alt_text":"","src":"https:\/\/i0.wp.com\/lafuente.mx\/wp-content\/uploads\/2023\/05\/DSC_0310-scaled-e1684166650308.jpg?fit=1000%2C1099&ssl=1&resize=350%2C200","width":350,"height":200},"classes":[]},{"id":3343,"url":"https:\/\/lafuente.mx\/?p=3343","url_meta":{"origin":565,"position":3},"title":"D\u00eda mundial de la salud mental","date":"octubre 10, 2025","format":false,"excerpt":"En este 10 de octubre, conmemoramos el D\u00eda Mundial de la Salud Mental y queremos que este d\u00eda no pase desapercibido. \ud83d\udd38 Escucha las voces de nuestros especialistas\ud83d\udd38 Reflexiona con nosotros sobre lo que significa el bienestar emocional\ud83d\udd38 Comparte este mensaje: que cada comienzo sea un paso hacia un futuro\u2026","rel":"","context":"En &quot;Efem\u00e9rides de Salud Mental&quot;","img":{"alt_text":"","src":"https:\/\/i0.wp.com\/lafuente.mx\/wp-content\/uploads\/2025\/10\/Mesa-de-trabajo-1-100.jpg?fit=1200%2C675&ssl=1&resize=350%2C200","width":350,"height":200},"classes":[]},{"id":2898,"url":"https:\/\/lafuente.mx\/?p=2898","url_meta":{"origin":565,"position":4},"title":"D\u00eda Internacional de las Familias\u00a0\u00a0","date":"mayo 15, 2025","format":false,"excerpt":"15 de mayo El D\u00eda Internacional de las Familias se celebra el 15 de mayo de cada a\u00f1o para crear conciencia sobre el papel fundamental de las familias en la educaci\u00f3n de los hijos desde la primera infancia, y las oportunidades de aprendizaje permanente que existen para los ni\u00f1os y\u2026","rel":"","context":"En &quot;Efem\u00e9rides de Salud Mental&quot;","img":{"alt_text":"family, baby, crawling, mother, smiling, happy, happy children, smile, joy, parents, family, family, family, family, family, parents-1237701.jpg","src":"https:\/\/i0.wp.com\/lafuente.mx\/wp-content\/uploads\/2025\/05\/family-baby-crawling-mother-smiling-happy-happy-children-smile-joy-parents-family-family-family-family-family-parents-1237701.jpg?fit=1200%2C960&ssl=1&resize=350%2C200","width":350,"height":200},"classes":[]},{"id":1679,"url":"https:\/\/lafuente.mx\/?p=1679","url_meta":{"origin":565,"position":5},"title":"D\u00eda Mundial para la Prevenci\u00f3n del Suicidio 2023","date":"septiembre 8, 2023","format":false,"excerpt":"\u00abCreando esperanza a trav\u00e9s de la acci\u00f3n\u00bb\u00a0 El D\u00eda Mundial para la Prevenci\u00f3n del Suicidio fue establecido en 2003 por la Asociaci\u00f3n Internacional para la Prevenci\u00f3n del Suicidio junto con la Organizaci\u00f3n Mundial de la Salud (OMS). La jornada, que se celebra el 10 de septiembre de cada a\u00f1o, tiene\u2026","rel":"","context":"En &quot;Efem\u00e9rides de Salud Mental&quot;","img":{"alt_text":"","src":"https:\/\/i0.wp.com\/lafuente.mx\/wp-content\/uploads\/2023\/09\/mono-ama.jpeg?fit=850%2C590&ssl=1&resize=350%2C200","width":350,"height":200},"classes":[]}],"jetpack_sharing_enabled":true,"jetpack_shortlink":"https:\/\/wp.me\/pe9WUx-97","_links":{"self":[{"href":"https:\/\/lafuente.mx\/index.php?rest_route=\/wp\/v2\/posts\/565"}],"collection":[{"href":"https:\/\/lafuente.mx\/index.php?rest_route=\/wp\/v2\/posts"}],"about":[{"href":"https:\/\/lafuente.mx\/index.php?rest_route=\/wp\/v2\/types\/post"}],"author":[{"embeddable":true,"href":"https:\/\/lafuente.mx\/index.php?rest_route=\/wp\/v2\/users\/3"}],"replies":[{"embeddable":true,"href":"https:\/\/lafuente.mx\/index.php?rest_route=%2Fwp%2Fv2%2Fcomments&post=565"}],"version-history":[{"count":2,"href":"https:\/\/lafuente.mx\/index.php?rest_route=\/wp\/v2\/posts\/565\/revisions"}],"predecessor-version":[{"id":583,"href":"https:\/\/lafuente.mx\/index.php?rest_route=\/wp\/v2\/posts\/565\/revisions\/583"}],"wp:featuredmedia":[{"embeddable":true,"href":"https:\/\/lafuente.mx\/index.php?rest_route=\/wp\/v2\/media\/566"}],"wp:attachment":[{"href":"https:\/\/lafuente.mx\/index.php?rest_route=%2Fwp%2Fv2%2Fmedia&parent=565"}],"wp:term":[{"taxonomy":"category","embeddable":true,"href":"https:\/\/lafuente.mx\/index.php?rest_route=%2Fwp%2Fv2%2Fcategories&post=565"},{"taxonomy":"post_tag","embeddable":true,"href":"https:\/\/lafuente.mx\/index.php?rest_route=%2Fwp%2Fv2%2Ftags&post=565"}],"curies":[{"name":"wp","href":"https:\/\/api.w.org\/{rel}","templated":true}]}}