{"id":541,"date":"2022-11-04T18:55:33","date_gmt":"2022-11-04T18:55:33","guid":{"rendered":"https:\/\/lafuente.mx\/?p=541"},"modified":"2022-11-10T15:22:28","modified_gmt":"2022-11-10T15:22:28","slug":"hablemos-de-salud-mental","status":"publish","type":"post","link":"https:\/\/lafuente.mx\/?p=541","title":{"rendered":"La evoluci\u00f3n del concepto de muerte"},"content":{"rendered":"<div class=\"wp-block-image\">\n<figure class=\"aligncenter size-large is-resized\"><img decoding=\"async\" loading=\"lazy\" src=\"https:\/\/i0.wp.com\/lafuente.mx\/wp-content\/uploads\/2022\/11\/WhatsApp-Image-2022-11-01-at-12.03.56-PM-1024x869.jpeg?resize=555%2C470&#038;ssl=1\" alt=\"\" class=\"wp-image-542\" width=\"555\" height=\"470\" srcset=\"https:\/\/i0.wp.com\/lafuente.mx\/wp-content\/uploads\/2022\/11\/WhatsApp-Image-2022-11-01-at-12.03.56-PM.jpeg?resize=1024%2C869&amp;ssl=1 1024w, https:\/\/i0.wp.com\/lafuente.mx\/wp-content\/uploads\/2022\/11\/WhatsApp-Image-2022-11-01-at-12.03.56-PM.jpeg?resize=300%2C255&amp;ssl=1 300w, https:\/\/i0.wp.com\/lafuente.mx\/wp-content\/uploads\/2022\/11\/WhatsApp-Image-2022-11-01-at-12.03.56-PM.jpeg?resize=768%2C652&amp;ssl=1 768w, https:\/\/i0.wp.com\/lafuente.mx\/wp-content\/uploads\/2022\/11\/WhatsApp-Image-2022-11-01-at-12.03.56-PM.jpeg?w=1108&amp;ssl=1 1108w\" sizes=\"(max-width: 555px) 100vw, 555px\" data-recalc-dims=\"1\" \/><figcaption>Imagen: INPRFM<\/figcaption><\/figure><\/div>\n\n\n<p class=\"has-text-align-center has-vivid-red-color has-text-color has-large-font-size\"><strong>CONFERENCIA<\/strong> <\/p>\n\n\n\n<p class=\"has-text-align-center has-vivid-red-color has-text-color has-large-font-size\"><strong>10 de noviembre<\/strong><br>12:00 horas<\/p>\n\n\n\n<p class=\"has-text-align-center has-vivid-red-color has-text-color\"><strong>Hablemos de salud mental<\/strong><br>10 DE CADA MES  <\/p>\n\n\n\n<hr class=\"wp-block-separator has-text-color has-vivid-red-color has-alpha-channel-opacity has-vivid-red-background-color has-background\"\/>\n\n\n\n<p class=\"has-text-color\" style=\"color:#70757a\"><strong>Ponentes:<\/strong><\/p>\n\n\n\n<p class=\"has-text-color\" style=\"color:#70757a\">Tizbe Sauer Vera<br>C\u00e9sar Amaury S\u00e1nchez Aguilar<\/p>\n\n\n\n<hr class=\"wp-block-separator has-text-color has-vivid-red-color has-alpha-channel-opacity has-vivid-red-background-color has-background\"\/>\n\n\n\n<p class=\"has-vivid-red-color has-text-color\">@inprfm<\/p>\n\n\n\n<p class=\"has-vivid-red-color has-text-color\">@ampi_ac<\/p>\n\n\n\n<p class=\"has-vivid-red-color has-text-color\">FB live<\/p>\n\n\n\n<div class=\"wp-block-buttons is-layout-flex wp-block-buttons-is-layout-flex\">\n<div class=\"wp-block-button\"><a class=\"wp-block-button__link has-vivid-red-background-color has-background\" href=\"http:\/\/mentalizarte.com\" target=\"_blank\" rel=\"noreferrer noopener\">Mentalizarte<\/a><\/div>\n<\/div>\n","protected":false},"excerpt":{"rendered":"<p>CONFERENCIA 10 de noviembre12:00 horas Hablemos de salud mental10 DE CADA MES Ponentes: Tizbe Sauer VeraC\u00e9sar Amaury S\u00e1nchez Aguilar @inprfm @ampi_ac FB live<\/p>\n","protected":false},"author":3,"featured_media":542,"comment_status":"closed","ping_status":"closed","sticky":false,"template":"","format":"standard","meta":{"footnotes":"","jetpack_publicize_message":"","jetpack_is_tweetstorm":false,"jetpack_publicize_feature_enabled":true},"categories":[8],"tags":[],"jetpack_publicize_connections":[],"yoast_head":"<!-- This site is optimized with the Yoast SEO plugin v19.4 - https:\/\/yoast.com\/wordpress\/plugins\/seo\/ -->\n<title>La evoluci\u00f3n del concepto de muerte -<\/title>\n<meta name=\"description\" content=\"La evoluci\u00f3n del concepto de muerte\" \/>\n<meta name=\"robots\" content=\"index, follow, max-snippet:-1, max-image-preview:large, max-video-preview:-1\" \/>\n<link rel=\"canonical\" href=\"https:\/\/lafuente.mx\/?p=541\" \/>\n<meta property=\"og:locale\" content=\"es_MX\" \/>\n<meta property=\"og:type\" content=\"article\" \/>\n<meta property=\"og:title\" content=\"La evoluci\u00f3n del concepto de muerte\" \/>\n<meta property=\"og:description\" content=\"hablemos de salud mental\" \/>\n<meta property=\"og:url\" content=\"https:\/\/lafuente.mx\/?p=541\" \/>\n<meta property=\"article:published_time\" content=\"2022-11-04T18:55:33+00:00\" \/>\n<meta property=\"article:modified_time\" content=\"2022-11-10T15:22:28+00:00\" \/>\n<meta property=\"og:image\" content=\"http:\/\/lafuente.mx\/wp-content\/uploads\/2022\/11\/WhatsApp-Image-2022-11-01-at-12.03.56-PM.jpeg\" \/>\n\t<meta property=\"og:image:width\" content=\"1108\" \/>\n\t<meta property=\"og:image:height\" content=\"940\" \/>\n\t<meta property=\"og:image:type\" content=\"image\/jpeg\" \/>\n<meta name=\"author\" content=\"Claudia Gallardo\" \/>\n<meta name=\"twitter:card\" content=\"summary_large_image\" \/>\n<meta name=\"twitter:title\" content=\"La evoluci\u00f3n del concepto de muerte\" \/>\n<meta name=\"twitter:description\" content=\"hablemos de salud mental\" \/>\n<meta name=\"twitter:image\" content=\"https:\/\/i0.wp.com\/lafuente.mx\/wp-content\/uploads\/2022\/11\/WhatsApp-Image-2022-11-01-at-12.03.56-PM.jpeg?fit=1108%2C940&ssl=1\" \/>\n<meta name=\"twitter:label1\" content=\"Escrito por\" \/>\n\t<meta name=\"twitter:data1\" content=\"Claudia Gallardo\" \/>\n\t<meta name=\"twitter:label2\" content=\"Tiempo de lectura\" \/>\n\t<meta name=\"twitter:data2\" content=\"1 minuto\" \/>\n<script type=\"application\/ld+json\" class=\"yoast-schema-graph\">{\"@context\":\"https:\/\/schema.org\",\"@graph\":[{\"@type\":\"WebSite\",\"@id\":\"https:\/\/lafuente.mx\/#website\",\"url\":\"https:\/\/lafuente.mx\/\",\"name\":\"\",\"description\":\"Informaci\u00f3n confiable sobre salud mental\",\"potentialAction\":[{\"@type\":\"SearchAction\",\"target\":{\"@type\":\"EntryPoint\",\"urlTemplate\":\"https:\/\/lafuente.mx\/?s={search_term_string}\"},\"query-input\":\"required name=search_term_string\"}],\"inLanguage\":\"es-MX\"},{\"@type\":\"WebPage\",\"@id\":\"https:\/\/lafuente.mx\/?p=541\",\"url\":\"https:\/\/lafuente.mx\/?p=541\",\"name\":\"La evoluci\u00f3n del concepto de muerte -\",\"isPartOf\":{\"@id\":\"https:\/\/lafuente.mx\/#website\"},\"datePublished\":\"2022-11-04T18:55:33+00:00\",\"dateModified\":\"2022-11-10T15:22:28+00:00\",\"author\":{\"@id\":\"https:\/\/lafuente.mx\/#\/schema\/person\/603f3aa8e2f6f7879021ab722d39d6b0\"},\"description\":\"La evoluci\u00f3n del concepto de muerte\",\"breadcrumb\":{\"@id\":\"https:\/\/lafuente.mx\/?p=541#breadcrumb\"},\"inLanguage\":\"es-MX\",\"potentialAction\":[{\"@type\":\"ReadAction\",\"target\":[\"https:\/\/lafuente.mx\/?p=541\"]}]},{\"@type\":\"BreadcrumbList\",\"@id\":\"https:\/\/lafuente.mx\/?p=541#breadcrumb\",\"itemListElement\":[{\"@type\":\"ListItem\",\"position\":1,\"name\":\"Inicio\",\"item\":\"https:\/\/lafuente.mx\/\"},{\"@type\":\"ListItem\",\"position\":2,\"name\":\"La evoluci\u00f3n del concepto de muerte\"}]},{\"@type\":\"Person\",\"@id\":\"https:\/\/lafuente.mx\/#\/schema\/person\/603f3aa8e2f6f7879021ab722d39d6b0\",\"name\":\"Claudia Gallardo\",\"image\":{\"@type\":\"ImageObject\",\"inLanguage\":\"es-MX\",\"@id\":\"https:\/\/lafuente.mx\/#\/schema\/person\/image\/\",\"url\":\"https:\/\/secure.gravatar.com\/avatar\/bfe9c966af1ccfb9d17bcdb9d04e8815?s=96&d=mm&r=g\",\"contentUrl\":\"https:\/\/secure.gravatar.com\/avatar\/bfe9c966af1ccfb9d17bcdb9d04e8815?s=96&d=mm&r=g\",\"caption\":\"Claudia Gallardo\"},\"url\":\"https:\/\/lafuente.mx\/?author=3\"}]}<\/script>\n<!-- \/ Yoast SEO plugin. -->","yoast_head_json":{"title":"La evoluci\u00f3n del concepto de muerte -","description":"La evoluci\u00f3n del concepto de muerte","robots":{"index":"index","follow":"follow","max-snippet":"max-snippet:-1","max-image-preview":"max-image-preview:large","max-video-preview":"max-video-preview:-1"},"canonical":"https:\/\/lafuente.mx\/?p=541","og_locale":"es_MX","og_type":"article","og_title":"La evoluci\u00f3n del concepto de muerte","og_description":"hablemos de salud mental","og_url":"https:\/\/lafuente.mx\/?p=541","article_published_time":"2022-11-04T18:55:33+00:00","article_modified_time":"2022-11-10T15:22:28+00:00","og_image":[{"width":1108,"height":940,"url":"http:\/\/lafuente.mx\/wp-content\/uploads\/2022\/11\/WhatsApp-Image-2022-11-01-at-12.03.56-PM.jpeg","type":"image\/jpeg"}],"author":"Claudia Gallardo","twitter_card":"summary_large_image","twitter_title":"La evoluci\u00f3n del concepto de muerte","twitter_description":"hablemos de salud mental","twitter_image":"https:\/\/i0.wp.com\/lafuente.mx\/wp-content\/uploads\/2022\/11\/WhatsApp-Image-2022-11-01-at-12.03.56-PM.jpeg?fit=1108%2C940&ssl=1","twitter_misc":{"Escrito por":"Claudia Gallardo","Tiempo de lectura":"1 minuto"},"schema":{"@context":"https:\/\/schema.org","@graph":[{"@type":"WebSite","@id":"https:\/\/lafuente.mx\/#website","url":"https:\/\/lafuente.mx\/","name":"","description":"Informaci\u00f3n confiable sobre salud mental","potentialAction":[{"@type":"SearchAction","target":{"@type":"EntryPoint","urlTemplate":"https:\/\/lafuente.mx\/?s={search_term_string}"},"query-input":"required name=search_term_string"}],"inLanguage":"es-MX"},{"@type":"WebPage","@id":"https:\/\/lafuente.mx\/?p=541","url":"https:\/\/lafuente.mx\/?p=541","name":"La evoluci\u00f3n del concepto de muerte -","isPartOf":{"@id":"https:\/\/lafuente.mx\/#website"},"datePublished":"2022-11-04T18:55:33+00:00","dateModified":"2022-11-10T15:22:28+00:00","author":{"@id":"https:\/\/lafuente.mx\/#\/schema\/person\/603f3aa8e2f6f7879021ab722d39d6b0"},"description":"La evoluci\u00f3n del concepto de muerte","breadcrumb":{"@id":"https:\/\/lafuente.mx\/?p=541#breadcrumb"},"inLanguage":"es-MX","potentialAction":[{"@type":"ReadAction","target":["https:\/\/lafuente.mx\/?p=541"]}]},{"@type":"BreadcrumbList","@id":"https:\/\/lafuente.mx\/?p=541#breadcrumb","itemListElement":[{"@type":"ListItem","position":1,"name":"Inicio","item":"https:\/\/lafuente.mx\/"},{"@type":"ListItem","position":2,"name":"La evoluci\u00f3n del concepto de muerte"}]},{"@type":"Person","@id":"https:\/\/lafuente.mx\/#\/schema\/person\/603f3aa8e2f6f7879021ab722d39d6b0","name":"Claudia Gallardo","image":{"@type":"ImageObject","inLanguage":"es-MX","@id":"https:\/\/lafuente.mx\/#\/schema\/person\/image\/","url":"https:\/\/secure.gravatar.com\/avatar\/bfe9c966af1ccfb9d17bcdb9d04e8815?s=96&d=mm&r=g","contentUrl":"https:\/\/secure.gravatar.com\/avatar\/bfe9c966af1ccfb9d17bcdb9d04e8815?s=96&d=mm&r=g","caption":"Claudia Gallardo"},"url":"https:\/\/lafuente.mx\/?author=3"}]}},"jetpack_featured_media_url":"https:\/\/i0.wp.com\/lafuente.mx\/wp-content\/uploads\/2022\/11\/WhatsApp-Image-2022-11-01-at-12.03.56-PM.jpeg?fit=1108%2C940&ssl=1","jetpack-related-posts":[{"id":3353,"url":"https:\/\/lafuente.mx\/?p=3353","url_meta":{"origin":541,"position":0},"title":"El Instituto Nacional de Psiquiatr\u00eda referente destacado en el estudio y tratamiento de las enfermedades mentales","date":"octubre 20, 2025","format":false,"excerpt":"9 de octubre de 2025 El instituto cuenta con m\u00e1s de 100 personas investigadoras pertenecientes al SNI y tiene en curso 179 protocolos. Adem\u00e1s ocupa el tercer lugar del \u00cdndice H de citaciones en art\u00edculos publicados en revistas especializadas\u00a0 En el marco del D\u00eda Mundial de la Salud Mental se\u2026","rel":"","context":"En &quot;Noticias&quot;","img":{"alt_text":"","src":"https:\/\/i0.wp.com\/lafuente.mx\/wp-content\/uploads\/2025\/10\/RAI-XL_0007_DSC_0046.jpg?fit=1200%2C797&ssl=1&resize=350%2C200","width":350,"height":200},"classes":[]},{"id":3498,"url":"https:\/\/lafuente.mx\/?p=3498","url_meta":{"origin":541,"position":1},"title":"46\u00b0 Aniversario del Instituto Nacional de Psiquiatr\u00eda Ram\u00f3n de la Fuente Mu\u00f1iz","date":"diciembre 26, 2025","format":false,"excerpt":"Concebido por el Dr. Ram\u00f3n de la Fuente Mu\u00f1iz como un espacio para transformar la manera de comprender y atender la enfermedad mental, el Instituto Nacional de Psiquiatr\u00eda Ram\u00f3n de la Fuente Mu\u00f1iz celebra 46 a\u00f1os de historia, ciencia y compromiso social. Desde sus or\u00edgenes, el Instituto ha apostado por\u2026","rel":"","context":"En &quot;Efem\u00e9rides de Salud Mental&quot;","img":{"alt_text":"","src":"https:\/\/i0.wp.com\/lafuente.mx\/wp-content\/uploads\/2025\/12\/135560131_217238569991007_135080209465938120_n-1.jpg?fit=1082%2C417&ssl=1&resize=350%2C200","width":350,"height":200},"classes":[]},{"id":708,"url":"https:\/\/lafuente.mx\/?p=708","url_meta":{"origin":541,"position":2},"title":"La relaci\u00f3n del Neurodesarrollo con la Salud Mental","date":"febrero 1, 2023","format":false,"excerpt":"Imagen INPRFM CONFERENCIA 10 de enero12:00 horas Hablemos de salud mental10 DE CADA MES Ponentes: Dra. Mar\u00eda Josefa Cavazos OlivoDr. V\u00edctor Manuel \u00c1vila Rodr\u00edguez @inprfm @ampi_ac FB live Mentalizarte","rel":"","context":"En &quot;Eventos Acad\u00e9micos del INPRFM&quot;","img":{"alt_text":"","src":"https:\/\/i0.wp.com\/lafuente.mx\/wp-content\/uploads\/2023\/02\/WhatsApp-Image-2023-01-27-at-9.07.30-AM.jpeg?fit=1108%2C940&ssl=1&resize=350%2C200","width":350,"height":200},"classes":[]},{"id":448,"url":"https:\/\/lafuente.mx\/?p=448","url_meta":{"origin":541,"position":3},"title":"1a Carrera por el Bienestar y la Salud Mental","date":"octubre 19, 2022","format":false,"excerpt":"El pasado 16 de octubre del 2022 celebramos la 1\u00aa Carrera por el Bienestar y la Salud Mental en el Foro Sol. FOTO: INPRFM La Asociaci\u00f3n Civil Es tiempo de hablar, Mentalizarte y el Voluntariado del Instituto Nacional de Psiquiatr\u00eda (INPRFM) nos unimos para organizar este magno evento que tuvo\u2026","rel":"","context":"En &quot;Eventos&quot;","img":{"alt_text":"","src":"https:\/\/i0.wp.com\/lafuente.mx\/wp-content\/uploads\/2022\/10\/1a-Carrera-S-Mental_0001_DSC_0436.jpg?fit=1181%2C784&ssl=1&resize=350%2C200","width":350,"height":200},"classes":[]},{"id":935,"url":"https:\/\/lafuente.mx\/?p=935","url_meta":{"origin":541,"position":4},"title":"Trastornos relacionados con el estr\u00e9s y trauma en la infancia","date":"marzo 7, 2023","format":false,"excerpt":"Imagen INPRFM CONFERENCIA 10 de marzo12:00 horas Hablemos de salud mental10 DE CADA MES Ponentes: Dra. Carolina Santill\u00e1n Torres TorijaDra. Gabriela M. Cort\u00e9s Meda @inprfm @ampi_ac FB live M\u00e1s informaci\u00f3n","rel":"","context":"En &quot;Eventos Acad\u00e9micos del INPRFM&quot;","img":{"alt_text":"","src":"https:\/\/i0.wp.com\/lafuente.mx\/wp-content\/uploads\/2023\/03\/WhatsApp-Image-2023-03-06-at-9.29.06-AM.jpeg?fit=1108%2C940&ssl=1&resize=350%2C200","width":350,"height":200},"classes":[]},{"id":138,"url":"https:\/\/lafuente.mx\/?p=138","url_meta":{"origin":541,"position":5},"title":"XXXVII Reuni\u00f3n Anual de Investigaci\u00f3n\u00a0","date":"agosto 4, 2022","format":false,"excerpt":"La investigaci\u00f3n en salud mental y su impacto en el bienestar Del 5 al 7 de octubre, 2022 Dirigida: a estudiantes y profesionales de la salud mental Modalidad mixta: presencial y en l\u00ednea Registro a partir del lunes 1\u00b0 de septiembre en: inprf.gob.mx Auditorio del INPRFM y por Facebook @INPRFM\u2026","rel":"","context":"En &quot;Eventos Acad\u00e9micos del INPRFM&quot;","img":{"alt_text":"","src":"https:\/\/i0.wp.com\/lafuente.mx\/wp-content\/uploads\/2022\/08\/Imagen-RAI_Mesa-de-trabajo-1.jpg?fit=1200%2C927&ssl=1&resize=350%2C200","width":350,"height":200},"classes":[]}],"jetpack_sharing_enabled":true,"jetpack_shortlink":"https:\/\/wp.me\/pe9WUx-8J","_links":{"self":[{"href":"https:\/\/lafuente.mx\/index.php?rest_route=\/wp\/v2\/posts\/541"}],"collection":[{"href":"https:\/\/lafuente.mx\/index.php?rest_route=\/wp\/v2\/posts"}],"about":[{"href":"https:\/\/lafuente.mx\/index.php?rest_route=\/wp\/v2\/types\/post"}],"author":[{"embeddable":true,"href":"https:\/\/lafuente.mx\/index.php?rest_route=\/wp\/v2\/users\/3"}],"replies":[{"embeddable":true,"href":"https:\/\/lafuente.mx\/index.php?rest_route=%2Fwp%2Fv2%2Fcomments&post=541"}],"version-history":[{"count":3,"href":"https:\/\/lafuente.mx\/index.php?rest_route=\/wp\/v2\/posts\/541\/revisions"}],"predecessor-version":[{"id":547,"href":"https:\/\/lafuente.mx\/index.php?rest_route=\/wp\/v2\/posts\/541\/revisions\/547"}],"wp:featuredmedia":[{"embeddable":true,"href":"https:\/\/lafuente.mx\/index.php?rest_route=\/wp\/v2\/media\/542"}],"wp:attachment":[{"href":"https:\/\/lafuente.mx\/index.php?rest_route=%2Fwp%2Fv2%2Fmedia&parent=541"}],"wp:term":[{"taxonomy":"category","embeddable":true,"href":"https:\/\/lafuente.mx\/index.php?rest_route=%2Fwp%2Fv2%2Fcategories&post=541"},{"taxonomy":"post_tag","embeddable":true,"href":"https:\/\/lafuente.mx\/index.php?rest_route=%2Fwp%2Fv2%2Ftags&post=541"}],"curies":[{"name":"wp","href":"https:\/\/api.w.org\/{rel}","templated":true}]}}