{"id":530,"date":"2022-11-04T17:34:30","date_gmt":"2022-11-04T17:34:30","guid":{"rendered":"https:\/\/lafuente.mx\/?p=530"},"modified":"2022-11-23T14:01:44","modified_gmt":"2022-11-23T14:01:44","slug":"dia-internacional-del-hombre-2","status":"publish","type":"post","link":"https:\/\/lafuente.mx\/?p=530","title":{"rendered":"D\u00eda Internacional del Hombre"},"content":{"rendered":"\n<p class=\"has-text-color has-large-font-size\" style=\"color:#184f73\"><strong>19 de noviembre<\/strong><\/p>\n\n\n<div class=\"wp-block-image\">\n<figure class=\"aligncenter size-large\"><img decoding=\"async\" loading=\"lazy\" width=\"640\" height=\"425\" src=\"https:\/\/i0.wp.com\/lafuente.mx\/wp-content\/uploads\/2022\/11\/DSC_0485-edited-1024x680.jpg?resize=640%2C425\" alt=\"\" class=\"wp-image-532\" data-recalc-dims=\"1\"\/><figcaption>Foto: INPRFM<\/figcaption><\/figure><\/div>\n\n\n<hr class=\"wp-block-separator has-alpha-channel-opacity has-background\"\/>\n\n\n\n<p class=\"has-medium-font-size\">El D\u00eda Internacional del Hombre celebra el 19 de noviembre, en todo el mundo el valor positivo que los hombres aportan al mundo, a sus familias y comunidades. <\/p>\n\n\n\n<p class=\"has-text-align-left has-medium-font-size\">Se destacan modelos a seguir positivos y creamos conciencia sobre el bienestar de los hombres. <\/p>\n\n\n\n<hr class=\"wp-block-separator has-alpha-channel-opacity\"\/>\n\n\n\n<p class=\"has-text-align-center has-text-color has-large-font-size\" style=\"color:#13547a\"><strong>Nuestro tema para 2022 es <\/strong><br><strong>&#8220;Ayudando a hombres y ni\u00f1os&#8221;.<\/strong><\/p>\n\n\n\n<div class=\"wp-block-buttons is-layout-flex wp-block-buttons-is-layout-flex\">\n<div class=\"wp-block-button is-style-fill\"><a class=\"wp-block-button__link has-background\" href=\"https:\/\/internationalmensday.com\/\" style=\"background-color:#125073\" target=\"_blank\" rel=\"noreferrer noopener\">M\u00e1s informaci\u00f3n<\/a><\/div>\n<\/div>\n","protected":false},"excerpt":{"rendered":"<p>19 de noviembre El D\u00eda Internacional del Hombre celebra el 19 de noviembre, en todo el mundo el valor positivo que los hombres aportan al<\/p>\n","protected":false},"author":3,"featured_media":535,"comment_status":"closed","ping_status":"closed","sticky":false,"template":"","format":"standard","meta":{"footnotes":"","jetpack_publicize_message":"","jetpack_is_tweetstorm":false,"jetpack_publicize_feature_enabled":true},"categories":[13],"tags":[],"jetpack_publicize_connections":[],"yoast_head":"<!-- This site is optimized with the Yoast SEO plugin v19.4 - https:\/\/yoast.com\/wordpress\/plugins\/seo\/ -->\n<title>D\u00eda Internacional del Hombre -<\/title>\n<meta name=\"description\" content=\"D\u00eda Internacional del Hombre Ayudando a hombres y ni\u00f1os\" \/>\n<meta name=\"robots\" content=\"index, follow, max-snippet:-1, max-image-preview:large, max-video-preview:-1\" \/>\n<link rel=\"canonical\" href=\"https:\/\/lafuente.mx\/?p=530\" \/>\n<meta property=\"og:locale\" content=\"es_MX\" \/>\n<meta property=\"og:type\" content=\"article\" \/>\n<meta property=\"og:title\" content=\"D\u00eda Internacional del Hombre\" \/>\n<meta property=\"og:description\" content=\"Ayudando a hombres y ni\u00f1os\" \/>\n<meta property=\"og:url\" content=\"https:\/\/lafuente.mx\/?p=530\" \/>\n<meta property=\"article:published_time\" content=\"2022-11-04T17:34:30+00:00\" \/>\n<meta property=\"article:modified_time\" content=\"2022-11-23T14:01:44+00:00\" \/>\n<meta property=\"og:image\" content=\"http:\/\/lafuente.mx\/wp-content\/uploads\/2022\/11\/DSC_0485-edited-scaled-e1667583502965.jpg\" \/>\n\t<meta property=\"og:image:width\" content=\"560\" \/>\n\t<meta property=\"og:image:height\" content=\"372\" \/>\n\t<meta property=\"og:image:type\" content=\"image\/jpeg\" \/>\n<meta name=\"author\" content=\"Claudia Gallardo\" \/>\n<meta name=\"twitter:card\" content=\"summary_large_image\" \/>\n<meta name=\"twitter:title\" content=\"D\u00eda Internacional del Hombre\" \/>\n<meta name=\"twitter:description\" content=\"Ayudando a hombres y ni\u00f1os\" \/>\n<meta name=\"twitter:image\" content=\"https:\/\/i0.wp.com\/lafuente.mx\/wp-content\/uploads\/2022\/11\/DSC_0485-edited-scaled-e1667583502965.jpg?fit=560%2C372&ssl=1\" \/>\n<meta name=\"twitter:label1\" content=\"Escrito por\" \/>\n\t<meta name=\"twitter:data1\" content=\"Claudia Gallardo\" \/>\n\t<meta name=\"twitter:label2\" content=\"Tiempo de lectura\" \/>\n\t<meta name=\"twitter:data2\" content=\"1 minuto\" \/>\n<script type=\"application\/ld+json\" class=\"yoast-schema-graph\">{\"@context\":\"https:\/\/schema.org\",\"@graph\":[{\"@type\":\"WebSite\",\"@id\":\"https:\/\/lafuente.mx\/#website\",\"url\":\"https:\/\/lafuente.mx\/\",\"name\":\"\",\"description\":\"Informaci\u00f3n confiable sobre salud mental\",\"potentialAction\":[{\"@type\":\"SearchAction\",\"target\":{\"@type\":\"EntryPoint\",\"urlTemplate\":\"https:\/\/lafuente.mx\/?s={search_term_string}\"},\"query-input\":\"required name=search_term_string\"}],\"inLanguage\":\"es-MX\"},{\"@type\":\"WebPage\",\"@id\":\"https:\/\/lafuente.mx\/?p=530\",\"url\":\"https:\/\/lafuente.mx\/?p=530\",\"name\":\"D\u00eda Internacional del Hombre -\",\"isPartOf\":{\"@id\":\"https:\/\/lafuente.mx\/#website\"},\"datePublished\":\"2022-11-04T17:34:30+00:00\",\"dateModified\":\"2022-11-23T14:01:44+00:00\",\"author\":{\"@id\":\"https:\/\/lafuente.mx\/#\/schema\/person\/603f3aa8e2f6f7879021ab722d39d6b0\"},\"description\":\"D\u00eda Internacional del Hombre Ayudando a hombres y ni\u00f1os\",\"breadcrumb\":{\"@id\":\"https:\/\/lafuente.mx\/?p=530#breadcrumb\"},\"inLanguage\":\"es-MX\",\"potentialAction\":[{\"@type\":\"ReadAction\",\"target\":[\"https:\/\/lafuente.mx\/?p=530\"]}]},{\"@type\":\"BreadcrumbList\",\"@id\":\"https:\/\/lafuente.mx\/?p=530#breadcrumb\",\"itemListElement\":[{\"@type\":\"ListItem\",\"position\":1,\"name\":\"Inicio\",\"item\":\"https:\/\/lafuente.mx\/\"},{\"@type\":\"ListItem\",\"position\":2,\"name\":\"D\u00eda Internacional del Hombre\"}]},{\"@type\":\"Person\",\"@id\":\"https:\/\/lafuente.mx\/#\/schema\/person\/603f3aa8e2f6f7879021ab722d39d6b0\",\"name\":\"Claudia Gallardo\",\"image\":{\"@type\":\"ImageObject\",\"inLanguage\":\"es-MX\",\"@id\":\"https:\/\/lafuente.mx\/#\/schema\/person\/image\/\",\"url\":\"https:\/\/secure.gravatar.com\/avatar\/bfe9c966af1ccfb9d17bcdb9d04e8815?s=96&d=mm&r=g\",\"contentUrl\":\"https:\/\/secure.gravatar.com\/avatar\/bfe9c966af1ccfb9d17bcdb9d04e8815?s=96&d=mm&r=g\",\"caption\":\"Claudia Gallardo\"},\"url\":\"https:\/\/lafuente.mx\/?author=3\"}]}<\/script>\n<!-- \/ Yoast SEO plugin. -->","yoast_head_json":{"title":"D\u00eda Internacional del Hombre -","description":"D\u00eda Internacional del Hombre Ayudando a hombres y ni\u00f1os","robots":{"index":"index","follow":"follow","max-snippet":"max-snippet:-1","max-image-preview":"max-image-preview:large","max-video-preview":"max-video-preview:-1"},"canonical":"https:\/\/lafuente.mx\/?p=530","og_locale":"es_MX","og_type":"article","og_title":"D\u00eda Internacional del Hombre","og_description":"Ayudando a hombres y ni\u00f1os","og_url":"https:\/\/lafuente.mx\/?p=530","article_published_time":"2022-11-04T17:34:30+00:00","article_modified_time":"2022-11-23T14:01:44+00:00","og_image":[{"width":560,"height":372,"url":"http:\/\/lafuente.mx\/wp-content\/uploads\/2022\/11\/DSC_0485-edited-scaled-e1667583502965.jpg","type":"image\/jpeg"}],"author":"Claudia Gallardo","twitter_card":"summary_large_image","twitter_title":"D\u00eda Internacional del Hombre","twitter_description":"Ayudando a hombres y ni\u00f1os","twitter_image":"https:\/\/i0.wp.com\/lafuente.mx\/wp-content\/uploads\/2022\/11\/DSC_0485-edited-scaled-e1667583502965.jpg?fit=560%2C372&ssl=1","twitter_misc":{"Escrito por":"Claudia Gallardo","Tiempo de lectura":"1 minuto"},"schema":{"@context":"https:\/\/schema.org","@graph":[{"@type":"WebSite","@id":"https:\/\/lafuente.mx\/#website","url":"https:\/\/lafuente.mx\/","name":"","description":"Informaci\u00f3n confiable sobre salud mental","potentialAction":[{"@type":"SearchAction","target":{"@type":"EntryPoint","urlTemplate":"https:\/\/lafuente.mx\/?s={search_term_string}"},"query-input":"required name=search_term_string"}],"inLanguage":"es-MX"},{"@type":"WebPage","@id":"https:\/\/lafuente.mx\/?p=530","url":"https:\/\/lafuente.mx\/?p=530","name":"D\u00eda Internacional del Hombre -","isPartOf":{"@id":"https:\/\/lafuente.mx\/#website"},"datePublished":"2022-11-04T17:34:30+00:00","dateModified":"2022-11-23T14:01:44+00:00","author":{"@id":"https:\/\/lafuente.mx\/#\/schema\/person\/603f3aa8e2f6f7879021ab722d39d6b0"},"description":"D\u00eda Internacional del Hombre Ayudando a hombres y ni\u00f1os","breadcrumb":{"@id":"https:\/\/lafuente.mx\/?p=530#breadcrumb"},"inLanguage":"es-MX","potentialAction":[{"@type":"ReadAction","target":["https:\/\/lafuente.mx\/?p=530"]}]},{"@type":"BreadcrumbList","@id":"https:\/\/lafuente.mx\/?p=530#breadcrumb","itemListElement":[{"@type":"ListItem","position":1,"name":"Inicio","item":"https:\/\/lafuente.mx\/"},{"@type":"ListItem","position":2,"name":"D\u00eda Internacional del Hombre"}]},{"@type":"Person","@id":"https:\/\/lafuente.mx\/#\/schema\/person\/603f3aa8e2f6f7879021ab722d39d6b0","name":"Claudia Gallardo","image":{"@type":"ImageObject","inLanguage":"es-MX","@id":"https:\/\/lafuente.mx\/#\/schema\/person\/image\/","url":"https:\/\/secure.gravatar.com\/avatar\/bfe9c966af1ccfb9d17bcdb9d04e8815?s=96&d=mm&r=g","contentUrl":"https:\/\/secure.gravatar.com\/avatar\/bfe9c966af1ccfb9d17bcdb9d04e8815?s=96&d=mm&r=g","caption":"Claudia Gallardo"},"url":"https:\/\/lafuente.mx\/?author=3"}]}},"jetpack_featured_media_url":"https:\/\/i0.wp.com\/lafuente.mx\/wp-content\/uploads\/2022\/11\/DSC_0485-1-scaled-e1667584404148.jpg?fit=860%2C571&ssl=1","jetpack-related-posts":[{"id":1867,"url":"https:\/\/lafuente.mx\/?p=1867","url_meta":{"origin":530,"position":0},"title":"D\u00eda Internacional del Hombre","date":"noviembre 15, 2023","format":false,"excerpt":"El 19 de noviembre, D\u00eda Internacional del Hombre, celebra en todo el mundo el valor positivo que los hombres aportan al mundo, a sus familias y comunidades.\u00a0Destacamos modelos positivos y creamos conciencia sobre el bienestar de los hombres.\u00a0 Nuestro tema para 2023 es \u201cCero suicidio masculino\u201d.\u00a0 Juntos podemos detener el\u2026","rel":"","context":"En &quot;Efem\u00e9rides de Salud Mental&quot;","img":{"alt_text":"","src":"https:\/\/i0.wp.com\/lafuente.mx\/wp-content\/uploads\/2023\/11\/hombres.jpeg?fit=1000%2C667&ssl=1&resize=350%2C200","width":350,"height":200},"classes":[]},{"id":3437,"url":"https:\/\/lafuente.mx\/?p=3437","url_meta":{"origin":530,"position":1},"title":"D\u00eda Internacional del Hombre\u00a0","date":"noviembre 18, 2025","format":false,"excerpt":"19 de noviembre\u00a0 Foto INPRFM Esta fecha se conmemora desde 1992 con el prop\u00f3sito de reconocer el papel positivo de los hombres en la sociedad y promover su salud f\u00edsica y emocional.\u00a0El D\u00eda Internacional del Hombre busca tambi\u00e9n fomentar la igualdad de g\u00e9nero, la paz, la no violencia, la equidad,\u2026","rel":"","context":"En &quot;Efem\u00e9rides de Salud Mental&quot;","img":{"alt_text":"","src":"https:\/\/i0.wp.com\/lafuente.mx\/wp-content\/uploads\/2025\/10\/Fco-enriquez-scaled.jpg?fit=1200%2C1143&ssl=1&resize=350%2C200","width":350,"height":200},"classes":[]},{"id":2135,"url":"https:\/\/lafuente.mx\/?p=2135","url_meta":{"origin":530,"position":2},"title":"D\u00eda Internacional de la Mujer,\u00a08 de marzo\u00a0","date":"marzo 8, 2024","format":false,"excerpt":"El D\u00eda Internacional de la Mujer es una fecha que se conmemora en muchos pa\u00edses del mundo. Cuando las mujeres de todos los continentes, a menudo separadas por fronteras nacionales y diferencias \u00e9tnicas, ling\u00fc\u00edsticas, culturales, econ\u00f3micas y pol\u00edticas, se unen en este d\u00eda, pueden contemplar una tradici\u00f3n de no menos\u2026","rel":"","context":"En &quot;Efem\u00e9rides de Salud Mental&quot;","img":{"alt_text":"","src":"https:\/\/i0.wp.com\/lafuente.mx\/wp-content\/uploads\/2024\/03\/445-scaled.jpg?fit=1200%2C694&ssl=1&resize=350%2C200","width":350,"height":200},"classes":[]},{"id":565,"url":"https:\/\/lafuente.mx\/?p=565","url_meta":{"origin":530,"position":3},"title":"D\u00eda Internacional de la Eliminaci\u00f3n de la Violencia contra la Mujer\u00a0","date":"noviembre 23, 2022","format":false,"excerpt":"25 de noviembre\u00a0 Portada del LibroFeminismo Para Principiantes\u00a0-\u00a0Nuria Varela Forma parte de nuestros 16 d\u00edas de activismo\u00a0\u00a0 Como cada a\u00f1o, el D\u00eda Internacional para Eliminar la Violencia contra la Mujer marca el comienzo de la Campa\u00f1a \u00danete de la ONU, 16 d\u00edas de activismo (del 25 de noviembre al 10\u2026","rel":"","context":"En &quot;Efem\u00e9rides de Salud Mental&quot;","img":{"alt_text":"","src":"https:\/\/i0.wp.com\/lafuente.mx\/wp-content\/uploads\/2022\/11\/mujeres.png?fit=600%2C500&ssl=1&resize=350%2C200","width":350,"height":200},"classes":[]},{"id":2633,"url":"https:\/\/lafuente.mx\/?p=2633","url_meta":{"origin":530,"position":4},"title":"Salud mental en hombres","date":"noviembre 7, 2024","format":false,"excerpt":"CONFERENCIA 11 de noviembre Hablemos de salud mental Coordina : Yeh\u00fa Garfias Rau Ponente: Gabriel Ahumada Curiel Por facebook","rel":"","context":"En &quot;Eventos Acad\u00e9micos del INPRFM&quot;","img":{"alt_text":"","src":"https:\/\/i0.wp.com\/lafuente.mx\/wp-content\/uploads\/2024\/11\/WhatsApp-Image-2024-11-05-at-12.16.20-PM.jpeg?fit=1200%2C900&ssl=1&resize=350%2C200","width":350,"height":200},"classes":[]},{"id":1821,"url":"https:\/\/lafuente.mx\/?p=1821","url_meta":{"origin":530,"position":5},"title":"12 de noviembre. D\u00eda Mundial Contra la Obesidad","date":"octubre 30, 2023","format":false,"excerpt":"Con el objetivo principal de informar y sensibilizar a la poblaci\u00f3n en general y de manera particular, a ni\u00f1as, ni\u00f1os, adolescentes y j\u00f3venes sobre la necesidad de la adopci\u00f3n de medidas para prevenir y tratar el sobrepeso y la obesidad, el 12 de noviembre de cada a\u00f1o se celebra el\u2026","rel":"","context":"En &quot;Efem\u00e9rides de Salud Mental&quot;","img":{"alt_text":"","src":"https:\/\/i0.wp.com\/lafuente.mx\/wp-content\/uploads\/2023\/10\/concepto-dieta-cientifica-comida-sana-scaled.jpg?fit=1200%2C675&ssl=1&resize=350%2C200","width":350,"height":200},"classes":[]}],"jetpack_sharing_enabled":true,"jetpack_shortlink":"https:\/\/wp.me\/pe9WUx-8y","_links":{"self":[{"href":"https:\/\/lafuente.mx\/index.php?rest_route=\/wp\/v2\/posts\/530"}],"collection":[{"href":"https:\/\/lafuente.mx\/index.php?rest_route=\/wp\/v2\/posts"}],"about":[{"href":"https:\/\/lafuente.mx\/index.php?rest_route=\/wp\/v2\/types\/post"}],"author":[{"embeddable":true,"href":"https:\/\/lafuente.mx\/index.php?rest_route=\/wp\/v2\/users\/3"}],"replies":[{"embeddable":true,"href":"https:\/\/lafuente.mx\/index.php?rest_route=%2Fwp%2Fv2%2Fcomments&post=530"}],"version-history":[{"count":7,"href":"https:\/\/lafuente.mx\/index.php?rest_route=\/wp\/v2\/posts\/530\/revisions"}],"predecessor-version":[{"id":584,"href":"https:\/\/lafuente.mx\/index.php?rest_route=\/wp\/v2\/posts\/530\/revisions\/584"}],"wp:featuredmedia":[{"embeddable":true,"href":"https:\/\/lafuente.mx\/index.php?rest_route=\/wp\/v2\/media\/535"}],"wp:attachment":[{"href":"https:\/\/lafuente.mx\/index.php?rest_route=%2Fwp%2Fv2%2Fmedia&parent=530"}],"wp:term":[{"taxonomy":"category","embeddable":true,"href":"https:\/\/lafuente.mx\/index.php?rest_route=%2Fwp%2Fv2%2Fcategories&post=530"},{"taxonomy":"post_tag","embeddable":true,"href":"https:\/\/lafuente.mx\/index.php?rest_route=%2Fwp%2Fv2%2Ftags&post=530"}],"curies":[{"name":"wp","href":"https:\/\/api.w.org\/{rel}","templated":true}]}}