{"id":448,"date":"2022-10-19T20:18:21","date_gmt":"2022-10-19T20:18:21","guid":{"rendered":"https:\/\/lafuente.mx\/?p=448"},"modified":"2022-10-28T18:48:15","modified_gmt":"2022-10-28T18:48:15","slug":"1a-carrera-por-el-bienestar-y-la-salud-mental","status":"publish","type":"post","link":"https:\/\/lafuente.mx\/?p=448","title":{"rendered":"1a Carrera por el Bienestar y la Salud Mental"},"content":{"rendered":"\n<hr class=\"wp-block-separator has-alpha-channel-opacity\"\/>\n\n\n\n<p class=\"has-text-align-center has-text-color has-large-font-size\" style=\"color:#07774e\">El pasado 16 de octubre del 2022 celebramos la 1\u00aa Carrera por el Bienestar y la Salud Mental en el Foro Sol.<\/p>\n\n\n\n<figure class=\"wp-block-image size-large is-resized\"><img decoding=\"async\" loading=\"lazy\" src=\"https:\/\/i0.wp.com\/lafuente.mx\/wp-content\/uploads\/2022\/10\/1a-Carrera-S-Mental_0004_DSC_0219-1024x680.jpg?resize=640%2C424&#038;ssl=1\" alt=\"\" class=\"wp-image-452\" width=\"640\" height=\"424\" srcset=\"https:\/\/i0.wp.com\/lafuente.mx\/wp-content\/uploads\/2022\/10\/1a-Carrera-S-Mental_0004_DSC_0219.jpg?resize=1024%2C680&amp;ssl=1 1024w, https:\/\/i0.wp.com\/lafuente.mx\/wp-content\/uploads\/2022\/10\/1a-Carrera-S-Mental_0004_DSC_0219.jpg?resize=300%2C199&amp;ssl=1 300w, https:\/\/i0.wp.com\/lafuente.mx\/wp-content\/uploads\/2022\/10\/1a-Carrera-S-Mental_0004_DSC_0219.jpg?resize=768%2C510&amp;ssl=1 768w, https:\/\/i0.wp.com\/lafuente.mx\/wp-content\/uploads\/2022\/10\/1a-Carrera-S-Mental_0004_DSC_0219.jpg?w=1181&amp;ssl=1 1181w\" sizes=\"(max-width: 640px) 100vw, 640px\" data-recalc-dims=\"1\" \/><figcaption>FOTO: INPRFM<\/figcaption><\/figure>\n\n\n\n<p>La <strong>Asociaci\u00f3n Civil Es tiempo de hablar, Mentalizarte y el Voluntariado del Instituto Nacional de Psiquiatr\u00eda (INPRFM)<\/strong> nos unimos para organizar este magno evento que tuvo como objetivo promover el bienestar y reducir el estigma hacia la b\u00fasqueda de atenci\u00f3n por temas de salud mental. Adem\u00e1s, se trat\u00f3 de una carrera con causa, ya que, con lo recaudado, se apoyar\u00e1 a pacientes de escasos recursos del INPRFM con su tratamiento farmacol\u00f3gico.<\/p>\n\n\n\n<hr class=\"wp-block-separator has-alpha-channel-opacity\"\/>\n\n\n\n<div class=\"wp-block-columns is-layout-flex wp-container-2 wp-block-columns-is-layout-flex\">\n<div class=\"wp-block-column is-layout-flow wp-block-column-is-layout-flow\" style=\"flex-basis:100%\">\n<figure class=\"wp-block-image size-large is-resized\"><img decoding=\"async\" loading=\"lazy\" src=\"https:\/\/i0.wp.com\/lafuente.mx\/wp-content\/uploads\/2022\/10\/1a-Carrera-S-Mental_0003_DSC_0235-1024x680.jpg?resize=508%2C336&#038;ssl=1\" alt=\"\" class=\"wp-image-450\" width=\"508\" height=\"336\" srcset=\"https:\/\/i0.wp.com\/lafuente.mx\/wp-content\/uploads\/2022\/10\/1a-Carrera-S-Mental_0003_DSC_0235.jpg?resize=1024%2C680&amp;ssl=1 1024w, https:\/\/i0.wp.com\/lafuente.mx\/wp-content\/uploads\/2022\/10\/1a-Carrera-S-Mental_0003_DSC_0235.jpg?resize=300%2C199&amp;ssl=1 300w, https:\/\/i0.wp.com\/lafuente.mx\/wp-content\/uploads\/2022\/10\/1a-Carrera-S-Mental_0003_DSC_0235.jpg?resize=768%2C510&amp;ssl=1 768w, https:\/\/i0.wp.com\/lafuente.mx\/wp-content\/uploads\/2022\/10\/1a-Carrera-S-Mental_0003_DSC_0235.jpg?w=1181&amp;ssl=1 1181w\" sizes=\"(max-width: 508px) 100vw, 508px\" data-recalc-dims=\"1\" \/><figcaption>FOTO: INPRFM<\/figcaption><\/figure>\n\n\n\n<figure class=\"wp-block-image size-large is-resized\"><img decoding=\"async\" loading=\"lazy\" src=\"https:\/\/i0.wp.com\/lafuente.mx\/wp-content\/uploads\/2022\/10\/1a-Carrera-S-Mental_0002_DSC_0260-1024x680.jpg?resize=512%2C339&#038;ssl=1\" alt=\"\" class=\"wp-image-451\" width=\"512\" height=\"339\" srcset=\"https:\/\/i0.wp.com\/lafuente.mx\/wp-content\/uploads\/2022\/10\/1a-Carrera-S-Mental_0002_DSC_0260.jpg?resize=1024%2C680&amp;ssl=1 1024w, https:\/\/i0.wp.com\/lafuente.mx\/wp-content\/uploads\/2022\/10\/1a-Carrera-S-Mental_0002_DSC_0260.jpg?resize=300%2C199&amp;ssl=1 300w, https:\/\/i0.wp.com\/lafuente.mx\/wp-content\/uploads\/2022\/10\/1a-Carrera-S-Mental_0002_DSC_0260.jpg?resize=768%2C510&amp;ssl=1 768w, https:\/\/i0.wp.com\/lafuente.mx\/wp-content\/uploads\/2022\/10\/1a-Carrera-S-Mental_0002_DSC_0260.jpg?w=1181&amp;ssl=1 1181w\" sizes=\"(max-width: 512px) 100vw, 512px\" data-recalc-dims=\"1\" \/><figcaption>FOTO: INPRFM<\/figcaption><\/figure>\n\n\n\n<figure class=\"wp-block-image size-large is-resized\"><img decoding=\"async\" loading=\"lazy\" src=\"https:\/\/i0.wp.com\/lafuente.mx\/wp-content\/uploads\/2022\/10\/1a-Carrera-S-Mental_0000_DSC_0285-1024x680.jpg?resize=515%2C341&#038;ssl=1\" alt=\"\" class=\"wp-image-449\" width=\"515\" height=\"341\" srcset=\"https:\/\/i0.wp.com\/lafuente.mx\/wp-content\/uploads\/2022\/10\/1a-Carrera-S-Mental_0000_DSC_0285.jpg?resize=1024%2C680&amp;ssl=1 1024w, https:\/\/i0.wp.com\/lafuente.mx\/wp-content\/uploads\/2022\/10\/1a-Carrera-S-Mental_0000_DSC_0285.jpg?resize=300%2C199&amp;ssl=1 300w, https:\/\/i0.wp.com\/lafuente.mx\/wp-content\/uploads\/2022\/10\/1a-Carrera-S-Mental_0000_DSC_0285.jpg?resize=768%2C510&amp;ssl=1 768w, https:\/\/i0.wp.com\/lafuente.mx\/wp-content\/uploads\/2022\/10\/1a-Carrera-S-Mental_0000_DSC_0285.jpg?w=1181&amp;ssl=1 1181w\" sizes=\"(max-width: 515px) 100vw, 515px\" data-recalc-dims=\"1\" \/><figcaption>FOTO: INPRFM<\/figcaption><\/figure>\n\n\n\n<hr class=\"wp-block-separator has-text-color has-vivid-green-cyan-color has-alpha-channel-opacity has-vivid-green-cyan-background-color has-background\"\/>\n<\/div>\n<\/div>\n\n\n\n<p>Detr\u00e1s de esta carrera hay incontables horas de trabajo, perseverancia, esfuerzo, valent\u00eda y esperanza para hacer m\u00e1s visible la salud mental en nuestro pa\u00eds. Nos acompa\u00f1aron 1,300 personas a cumplir esta meta.<\/p>\n\n\n\n<figure class=\"wp-block-gallery has-nested-images columns-default is-cropped wp-block-gallery-3 is-layout-flex wp-block-gallery-is-layout-flex\">\n<figure class=\"wp-block-image size-large is-resized\"><img decoding=\"async\" loading=\"lazy\" data-id=\"454\" src=\"https:\/\/i0.wp.com\/lafuente.mx\/wp-content\/uploads\/2022\/10\/1a-Carrera-S-Mental_0007_DSC_0332-1024x680.jpg?resize=588%2C390&#038;ssl=1\" alt=\"\" class=\"wp-image-454\" width=\"588\" height=\"390\" srcset=\"https:\/\/i0.wp.com\/lafuente.mx\/wp-content\/uploads\/2022\/10\/1a-Carrera-S-Mental_0007_DSC_0332.jpg?resize=1024%2C680&amp;ssl=1 1024w, https:\/\/i0.wp.com\/lafuente.mx\/wp-content\/uploads\/2022\/10\/1a-Carrera-S-Mental_0007_DSC_0332.jpg?resize=300%2C199&amp;ssl=1 300w, https:\/\/i0.wp.com\/lafuente.mx\/wp-content\/uploads\/2022\/10\/1a-Carrera-S-Mental_0007_DSC_0332.jpg?resize=768%2C510&amp;ssl=1 768w, https:\/\/i0.wp.com\/lafuente.mx\/wp-content\/uploads\/2022\/10\/1a-Carrera-S-Mental_0007_DSC_0332.jpg?w=1181&amp;ssl=1 1181w\" sizes=\"(max-width: 588px) 100vw, 588px\" data-recalc-dims=\"1\" \/><\/figure>\n\n\n\n<figure class=\"wp-block-image size-large\"><img decoding=\"async\" loading=\"lazy\" width=\"640\" height=\"425\" data-id=\"463\" src=\"https:\/\/i0.wp.com\/lafuente.mx\/wp-content\/uploads\/2022\/10\/1a-Carrera-S-Mental_0000_DSC_0440-1024x680.jpg?resize=640%2C425&#038;ssl=1\" alt=\"\" class=\"wp-image-463\" srcset=\"https:\/\/i0.wp.com\/lafuente.mx\/wp-content\/uploads\/2022\/10\/1a-Carrera-S-Mental_0000_DSC_0440.jpg?resize=1024%2C680&amp;ssl=1 1024w, https:\/\/i0.wp.com\/lafuente.mx\/wp-content\/uploads\/2022\/10\/1a-Carrera-S-Mental_0000_DSC_0440.jpg?resize=300%2C199&amp;ssl=1 300w, https:\/\/i0.wp.com\/lafuente.mx\/wp-content\/uploads\/2022\/10\/1a-Carrera-S-Mental_0000_DSC_0440.jpg?resize=768%2C510&amp;ssl=1 768w, https:\/\/i0.wp.com\/lafuente.mx\/wp-content\/uploads\/2022\/10\/1a-Carrera-S-Mental_0000_DSC_0440.jpg?w=1181&amp;ssl=1 1181w\" sizes=\"(max-width: 640px) 100vw, 640px\" data-recalc-dims=\"1\" \/><\/figure>\n\n\n\n<figure class=\"wp-block-image size-large\"><img decoding=\"async\" loading=\"lazy\" width=\"640\" height=\"425\" data-id=\"460\" src=\"https:\/\/i0.wp.com\/lafuente.mx\/wp-content\/uploads\/2022\/10\/1a-Carrera-S-Mental_0000_DSC_0459-1024x680.jpg?resize=640%2C425&#038;ssl=1\" alt=\"\" class=\"wp-image-460\" srcset=\"https:\/\/i0.wp.com\/lafuente.mx\/wp-content\/uploads\/2022\/10\/1a-Carrera-S-Mental_0000_DSC_0459.jpg?resize=1024%2C680&amp;ssl=1 1024w, https:\/\/i0.wp.com\/lafuente.mx\/wp-content\/uploads\/2022\/10\/1a-Carrera-S-Mental_0000_DSC_0459.jpg?resize=300%2C199&amp;ssl=1 300w, https:\/\/i0.wp.com\/lafuente.mx\/wp-content\/uploads\/2022\/10\/1a-Carrera-S-Mental_0000_DSC_0459.jpg?resize=768%2C510&amp;ssl=1 768w, https:\/\/i0.wp.com\/lafuente.mx\/wp-content\/uploads\/2022\/10\/1a-Carrera-S-Mental_0000_DSC_0459.jpg?w=1181&amp;ssl=1 1181w\" sizes=\"(max-width: 640px) 100vw, 640px\" data-recalc-dims=\"1\" \/><\/figure>\n\n\n\n<figure class=\"wp-block-image size-large\"><img decoding=\"async\" loading=\"lazy\" width=\"640\" height=\"425\" data-id=\"457\" src=\"https:\/\/i0.wp.com\/lafuente.mx\/wp-content\/uploads\/2022\/10\/1a-Carrera-S-Mental_0001_DSC_0436-1024x680.jpg?resize=640%2C425&#038;ssl=1\" alt=\"\" class=\"wp-image-457\" srcset=\"https:\/\/i0.wp.com\/lafuente.mx\/wp-content\/uploads\/2022\/10\/1a-Carrera-S-Mental_0001_DSC_0436.jpg?resize=1024%2C680&amp;ssl=1 1024w, https:\/\/i0.wp.com\/lafuente.mx\/wp-content\/uploads\/2022\/10\/1a-Carrera-S-Mental_0001_DSC_0436.jpg?resize=300%2C199&amp;ssl=1 300w, https:\/\/i0.wp.com\/lafuente.mx\/wp-content\/uploads\/2022\/10\/1a-Carrera-S-Mental_0001_DSC_0436.jpg?resize=768%2C510&amp;ssl=1 768w, https:\/\/i0.wp.com\/lafuente.mx\/wp-content\/uploads\/2022\/10\/1a-Carrera-S-Mental_0001_DSC_0436.jpg?w=1181&amp;ssl=1 1181w\" sizes=\"(max-width: 640px) 100vw, 640px\" data-recalc-dims=\"1\" \/><\/figure>\n\n\n\n<figure class=\"wp-block-image size-large\"><img decoding=\"async\" loading=\"lazy\" width=\"640\" height=\"425\" data-id=\"456\" src=\"https:\/\/i0.wp.com\/lafuente.mx\/wp-content\/uploads\/2022\/10\/1a-Carrera-S-Mental_0002_DSC_0430-1024x680.jpg?resize=640%2C425&#038;ssl=1\" alt=\"\" class=\"wp-image-456\" srcset=\"https:\/\/i0.wp.com\/lafuente.mx\/wp-content\/uploads\/2022\/10\/1a-Carrera-S-Mental_0002_DSC_0430.jpg?resize=1024%2C680&amp;ssl=1 1024w, https:\/\/i0.wp.com\/lafuente.mx\/wp-content\/uploads\/2022\/10\/1a-Carrera-S-Mental_0002_DSC_0430.jpg?resize=300%2C199&amp;ssl=1 300w, https:\/\/i0.wp.com\/lafuente.mx\/wp-content\/uploads\/2022\/10\/1a-Carrera-S-Mental_0002_DSC_0430.jpg?resize=768%2C510&amp;ssl=1 768w, https:\/\/i0.wp.com\/lafuente.mx\/wp-content\/uploads\/2022\/10\/1a-Carrera-S-Mental_0002_DSC_0430.jpg?w=1181&amp;ssl=1 1181w\" sizes=\"(max-width: 640px) 100vw, 640px\" data-recalc-dims=\"1\" \/><\/figure>\n\n\n\n<figure class=\"wp-block-image size-large\"><img decoding=\"async\" loading=\"lazy\" width=\"640\" height=\"425\" data-id=\"462\" src=\"https:\/\/i0.wp.com\/lafuente.mx\/wp-content\/uploads\/2022\/10\/1a-Carrera-S-Mental_0002_DSC_0490-1024x680.jpg?resize=640%2C425&#038;ssl=1\" alt=\"\" class=\"wp-image-462\" srcset=\"https:\/\/i0.wp.com\/lafuente.mx\/wp-content\/uploads\/2022\/10\/1a-Carrera-S-Mental_0002_DSC_0490.jpg?resize=1024%2C680&amp;ssl=1 1024w, https:\/\/i0.wp.com\/lafuente.mx\/wp-content\/uploads\/2022\/10\/1a-Carrera-S-Mental_0002_DSC_0490.jpg?resize=300%2C199&amp;ssl=1 300w, https:\/\/i0.wp.com\/lafuente.mx\/wp-content\/uploads\/2022\/10\/1a-Carrera-S-Mental_0002_DSC_0490.jpg?resize=768%2C510&amp;ssl=1 768w, https:\/\/i0.wp.com\/lafuente.mx\/wp-content\/uploads\/2022\/10\/1a-Carrera-S-Mental_0002_DSC_0490.jpg?w=1181&amp;ssl=1 1181w\" sizes=\"(max-width: 640px) 100vw, 640px\" data-recalc-dims=\"1\" \/><\/figure>\n\n\n\n<figure class=\"wp-block-image size-large\"><img decoding=\"async\" loading=\"lazy\" width=\"640\" height=\"425\" data-id=\"458\" src=\"https:\/\/i0.wp.com\/lafuente.mx\/wp-content\/uploads\/2022\/10\/1a-Carrera-S-Mental_0003_DSC_0421-1024x680.jpg?resize=640%2C425&#038;ssl=1\" alt=\"\" class=\"wp-image-458\" srcset=\"https:\/\/i0.wp.com\/lafuente.mx\/wp-content\/uploads\/2022\/10\/1a-Carrera-S-Mental_0003_DSC_0421.jpg?resize=1024%2C680&amp;ssl=1 1024w, https:\/\/i0.wp.com\/lafuente.mx\/wp-content\/uploads\/2022\/10\/1a-Carrera-S-Mental_0003_DSC_0421.jpg?resize=300%2C199&amp;ssl=1 300w, https:\/\/i0.wp.com\/lafuente.mx\/wp-content\/uploads\/2022\/10\/1a-Carrera-S-Mental_0003_DSC_0421.jpg?resize=768%2C510&amp;ssl=1 768w, https:\/\/i0.wp.com\/lafuente.mx\/wp-content\/uploads\/2022\/10\/1a-Carrera-S-Mental_0003_DSC_0421.jpg?w=1181&amp;ssl=1 1181w\" sizes=\"(max-width: 640px) 100vw, 640px\" data-recalc-dims=\"1\" \/><\/figure>\n\n\n\n<figure class=\"wp-block-image size-large\"><img decoding=\"async\" loading=\"lazy\" width=\"640\" height=\"425\" data-id=\"461\" src=\"https:\/\/i0.wp.com\/lafuente.mx\/wp-content\/uploads\/2022\/10\/1a-Carrera-S-Mental_0003_DSC_0467-1024x680.jpg?resize=640%2C425&#038;ssl=1\" alt=\"\" class=\"wp-image-461\" srcset=\"https:\/\/i0.wp.com\/lafuente.mx\/wp-content\/uploads\/2022\/10\/1a-Carrera-S-Mental_0003_DSC_0467.jpg?resize=1024%2C680&amp;ssl=1 1024w, https:\/\/i0.wp.com\/lafuente.mx\/wp-content\/uploads\/2022\/10\/1a-Carrera-S-Mental_0003_DSC_0467.jpg?resize=300%2C199&amp;ssl=1 300w, https:\/\/i0.wp.com\/lafuente.mx\/wp-content\/uploads\/2022\/10\/1a-Carrera-S-Mental_0003_DSC_0467.jpg?resize=768%2C510&amp;ssl=1 768w, https:\/\/i0.wp.com\/lafuente.mx\/wp-content\/uploads\/2022\/10\/1a-Carrera-S-Mental_0003_DSC_0467.jpg?w=1181&amp;ssl=1 1181w\" sizes=\"(max-width: 640px) 100vw, 640px\" data-recalc-dims=\"1\" \/><\/figure>\n\n\n\n<figure class=\"wp-block-image size-large\"><img decoding=\"async\" loading=\"lazy\" width=\"640\" height=\"425\" data-id=\"459\" src=\"https:\/\/i0.wp.com\/lafuente.mx\/wp-content\/uploads\/2022\/10\/1a-Carrera-S-Mental_0004_DSC_0372-1024x680.jpg?resize=640%2C425&#038;ssl=1\" alt=\"\" class=\"wp-image-459\" srcset=\"https:\/\/i0.wp.com\/lafuente.mx\/wp-content\/uploads\/2022\/10\/1a-Carrera-S-Mental_0004_DSC_0372.jpg?resize=1024%2C680&amp;ssl=1 1024w, https:\/\/i0.wp.com\/lafuente.mx\/wp-content\/uploads\/2022\/10\/1a-Carrera-S-Mental_0004_DSC_0372.jpg?resize=300%2C199&amp;ssl=1 300w, https:\/\/i0.wp.com\/lafuente.mx\/wp-content\/uploads\/2022\/10\/1a-Carrera-S-Mental_0004_DSC_0372.jpg?resize=768%2C510&amp;ssl=1 768w, https:\/\/i0.wp.com\/lafuente.mx\/wp-content\/uploads\/2022\/10\/1a-Carrera-S-Mental_0004_DSC_0372.jpg?w=1181&amp;ssl=1 1181w\" sizes=\"(max-width: 640px) 100vw, 640px\" data-recalc-dims=\"1\" \/><\/figure>\n\n\n\n<figure class=\"wp-block-image size-large\"><img decoding=\"async\" loading=\"lazy\" width=\"640\" height=\"425\" data-id=\"455\" src=\"https:\/\/i0.wp.com\/lafuente.mx\/wp-content\/uploads\/2022\/10\/1a-Carrera-S-Mental_0005_DSC_0337-1024x680.jpg?resize=640%2C425&#038;ssl=1\" alt=\"\" class=\"wp-image-455\" srcset=\"https:\/\/i0.wp.com\/lafuente.mx\/wp-content\/uploads\/2022\/10\/1a-Carrera-S-Mental_0005_DSC_0337.jpg?resize=1024%2C680&amp;ssl=1 1024w, https:\/\/i0.wp.com\/lafuente.mx\/wp-content\/uploads\/2022\/10\/1a-Carrera-S-Mental_0005_DSC_0337.jpg?resize=300%2C199&amp;ssl=1 300w, https:\/\/i0.wp.com\/lafuente.mx\/wp-content\/uploads\/2022\/10\/1a-Carrera-S-Mental_0005_DSC_0337.jpg?resize=768%2C510&amp;ssl=1 768w, https:\/\/i0.wp.com\/lafuente.mx\/wp-content\/uploads\/2022\/10\/1a-Carrera-S-Mental_0005_DSC_0337.jpg?w=1181&amp;ssl=1 1181w\" sizes=\"(max-width: 640px) 100vw, 640px\" data-recalc-dims=\"1\" \/><figcaption>FOTOS: INPRFM<\/figcaption><\/figure>\n<\/figure>\n\n\n\n<p>Contamos con el apoyo de 19 grandes patrocinadores que nos ayudaron a hacer de esta idea una realidad. Gracias a todos ustedes: Lundbeck, Janssen, Powerade, Agua Ciel, Lubriderm, Netsoft, Asofarma, Torrent, HSBC, JAC, Psicofarma, Manzanas Washington, Energy Fitness, Mundo Joven, Crayola Alternative, BC Wellness, ROA Consultores, Divya y Grupo Posadas.<\/p>\n\n\n\n<p class=\"has-text-align-center has-vivid-green-cyan-color has-text-color has-large-font-size\"><strong>\u00a1Gracias por acompa\u00f1arnos y sigamos <\/strong><br><strong>hablando de salud mental!<\/strong><\/p>\n\n\n\n<hr class=\"wp-block-separator has-text-color has-vivid-green-cyan-color has-alpha-channel-opacity has-vivid-green-cyan-background-color has-background\"\/>\n\n\n\n<figure class=\"wp-block-gallery has-nested-images columns-default is-cropped wp-block-gallery-5 is-layout-flex wp-block-gallery-is-layout-flex\">\n<figure class=\"wp-block-image size-large\"><img decoding=\"async\" loading=\"lazy\" width=\"640\" height=\"425\" data-id=\"466\" src=\"https:\/\/i0.wp.com\/lafuente.mx\/wp-content\/uploads\/2022\/10\/1a-Carrera-S-Mental_0000_DSC_0582-1024x680.jpg?resize=640%2C425&#038;ssl=1\" alt=\"\" class=\"wp-image-466\" srcset=\"https:\/\/i0.wp.com\/lafuente.mx\/wp-content\/uploads\/2022\/10\/1a-Carrera-S-Mental_0000_DSC_0582.jpg?resize=1024%2C680&amp;ssl=1 1024w, https:\/\/i0.wp.com\/lafuente.mx\/wp-content\/uploads\/2022\/10\/1a-Carrera-S-Mental_0000_DSC_0582.jpg?resize=300%2C199&amp;ssl=1 300w, https:\/\/i0.wp.com\/lafuente.mx\/wp-content\/uploads\/2022\/10\/1a-Carrera-S-Mental_0000_DSC_0582.jpg?resize=768%2C510&amp;ssl=1 768w, https:\/\/i0.wp.com\/lafuente.mx\/wp-content\/uploads\/2022\/10\/1a-Carrera-S-Mental_0000_DSC_0582.jpg?w=1181&amp;ssl=1 1181w\" sizes=\"(max-width: 640px) 100vw, 640px\" data-recalc-dims=\"1\" \/><\/figure>\n\n\n\n<figure class=\"wp-block-image size-large\"><img decoding=\"async\" loading=\"lazy\" width=\"640\" height=\"425\" data-id=\"471\" src=\"https:\/\/i0.wp.com\/lafuente.mx\/wp-content\/uploads\/2022\/10\/1a-Carrera-S-Mental_0001_DSC_0526-1024x680.jpg?resize=640%2C425&#038;ssl=1\" alt=\"\" class=\"wp-image-471\" srcset=\"https:\/\/i0.wp.com\/lafuente.mx\/wp-content\/uploads\/2022\/10\/1a-Carrera-S-Mental_0001_DSC_0526.jpg?resize=1024%2C680&amp;ssl=1 1024w, https:\/\/i0.wp.com\/lafuente.mx\/wp-content\/uploads\/2022\/10\/1a-Carrera-S-Mental_0001_DSC_0526.jpg?resize=300%2C199&amp;ssl=1 300w, https:\/\/i0.wp.com\/lafuente.mx\/wp-content\/uploads\/2022\/10\/1a-Carrera-S-Mental_0001_DSC_0526.jpg?resize=768%2C510&amp;ssl=1 768w, https:\/\/i0.wp.com\/lafuente.mx\/wp-content\/uploads\/2022\/10\/1a-Carrera-S-Mental_0001_DSC_0526.jpg?w=1181&amp;ssl=1 1181w\" sizes=\"(max-width: 640px) 100vw, 640px\" data-recalc-dims=\"1\" \/><\/figure>\n\n\n\n<figure class=\"wp-block-image size-large\"><img decoding=\"async\" loading=\"lazy\" width=\"640\" height=\"425\" data-id=\"470\" src=\"https:\/\/i0.wp.com\/lafuente.mx\/wp-content\/uploads\/2022\/10\/1a-Carrera-S-Mental_0005_DSC_0529-1024x680.jpg?resize=640%2C425&#038;ssl=1\" alt=\"\" class=\"wp-image-470\" srcset=\"https:\/\/i0.wp.com\/lafuente.mx\/wp-content\/uploads\/2022\/10\/1a-Carrera-S-Mental_0005_DSC_0529.jpg?resize=1024%2C680&amp;ssl=1 1024w, https:\/\/i0.wp.com\/lafuente.mx\/wp-content\/uploads\/2022\/10\/1a-Carrera-S-Mental_0005_DSC_0529.jpg?resize=300%2C199&amp;ssl=1 300w, https:\/\/i0.wp.com\/lafuente.mx\/wp-content\/uploads\/2022\/10\/1a-Carrera-S-Mental_0005_DSC_0529.jpg?resize=768%2C510&amp;ssl=1 768w, https:\/\/i0.wp.com\/lafuente.mx\/wp-content\/uploads\/2022\/10\/1a-Carrera-S-Mental_0005_DSC_0529.jpg?w=1181&amp;ssl=1 1181w\" sizes=\"(max-width: 640px) 100vw, 640px\" data-recalc-dims=\"1\" \/><\/figure>\n\n\n\n<figure class=\"wp-block-image size-large\"><img decoding=\"async\" loading=\"lazy\" width=\"640\" height=\"425\" data-id=\"467\" src=\"https:\/\/i0.wp.com\/lafuente.mx\/wp-content\/uploads\/2022\/10\/1a-Carrera-S-Mental_0002_Capa-0-1024x680.jpg?resize=640%2C425&#038;ssl=1\" alt=\"\" class=\"wp-image-467\" srcset=\"https:\/\/i0.wp.com\/lafuente.mx\/wp-content\/uploads\/2022\/10\/1a-Carrera-S-Mental_0002_Capa-0.jpg?resize=1024%2C680&amp;ssl=1 1024w, https:\/\/i0.wp.com\/lafuente.mx\/wp-content\/uploads\/2022\/10\/1a-Carrera-S-Mental_0002_Capa-0.jpg?resize=300%2C199&amp;ssl=1 300w, https:\/\/i0.wp.com\/lafuente.mx\/wp-content\/uploads\/2022\/10\/1a-Carrera-S-Mental_0002_Capa-0.jpg?resize=768%2C510&amp;ssl=1 768w, https:\/\/i0.wp.com\/lafuente.mx\/wp-content\/uploads\/2022\/10\/1a-Carrera-S-Mental_0002_Capa-0.jpg?w=1181&amp;ssl=1 1181w\" sizes=\"(max-width: 640px) 100vw, 640px\" data-recalc-dims=\"1\" \/><\/figure>\n\n\n\n<figure class=\"wp-block-image size-large\"><img decoding=\"async\" loading=\"lazy\" width=\"640\" height=\"964\" data-id=\"465\" src=\"https:\/\/i0.wp.com\/lafuente.mx\/wp-content\/uploads\/2022\/10\/1a-Carrera-S-Mental_0006_DSC_0543-680x1024.jpg?resize=640%2C964&#038;ssl=1\" alt=\"\" class=\"wp-image-465\" srcset=\"https:\/\/i0.wp.com\/lafuente.mx\/wp-content\/uploads\/2022\/10\/1a-Carrera-S-Mental_0006_DSC_0543-rotated.jpg?resize=680%2C1024&amp;ssl=1 680w, https:\/\/i0.wp.com\/lafuente.mx\/wp-content\/uploads\/2022\/10\/1a-Carrera-S-Mental_0006_DSC_0543-rotated.jpg?resize=199%2C300&amp;ssl=1 199w, https:\/\/i0.wp.com\/lafuente.mx\/wp-content\/uploads\/2022\/10\/1a-Carrera-S-Mental_0006_DSC_0543-rotated.jpg?resize=768%2C1157&amp;ssl=1 768w, https:\/\/i0.wp.com\/lafuente.mx\/wp-content\/uploads\/2022\/10\/1a-Carrera-S-Mental_0006_DSC_0543-rotated.jpg?w=784&amp;ssl=1 784w\" sizes=\"(max-width: 640px) 100vw, 640px\" data-recalc-dims=\"1\" \/><\/figure>\n\n\n\n<figure class=\"wp-block-image size-large\"><img decoding=\"async\" loading=\"lazy\" width=\"640\" height=\"425\" data-id=\"464\" src=\"https:\/\/i0.wp.com\/lafuente.mx\/wp-content\/uploads\/2022\/10\/1a-Carrera-S-Mental_0009_DSC_0546-1024x680.jpg?resize=640%2C425&#038;ssl=1\" alt=\"\" class=\"wp-image-464\" srcset=\"https:\/\/i0.wp.com\/lafuente.mx\/wp-content\/uploads\/2022\/10\/1a-Carrera-S-Mental_0009_DSC_0546.jpg?resize=1024%2C680&amp;ssl=1 1024w, https:\/\/i0.wp.com\/lafuente.mx\/wp-content\/uploads\/2022\/10\/1a-Carrera-S-Mental_0009_DSC_0546.jpg?resize=300%2C199&amp;ssl=1 300w, https:\/\/i0.wp.com\/lafuente.mx\/wp-content\/uploads\/2022\/10\/1a-Carrera-S-Mental_0009_DSC_0546.jpg?resize=768%2C510&amp;ssl=1 768w, https:\/\/i0.wp.com\/lafuente.mx\/wp-content\/uploads\/2022\/10\/1a-Carrera-S-Mental_0009_DSC_0546.jpg?w=1181&amp;ssl=1 1181w\" sizes=\"(max-width: 640px) 100vw, 640px\" data-recalc-dims=\"1\" \/><\/figure>\n\n\n\n<figure class=\"wp-block-image size-large\"><img decoding=\"async\" loading=\"lazy\" width=\"640\" height=\"425\" data-id=\"469\" src=\"https:\/\/i0.wp.com\/lafuente.mx\/wp-content\/uploads\/2022\/10\/1a-Carrera-S-Mental_0007_DSC_0556-1024x680.jpg?resize=640%2C425&#038;ssl=1\" alt=\"\" class=\"wp-image-469\" srcset=\"https:\/\/i0.wp.com\/lafuente.mx\/wp-content\/uploads\/2022\/10\/1a-Carrera-S-Mental_0007_DSC_0556.jpg?resize=1024%2C680&amp;ssl=1 1024w, https:\/\/i0.wp.com\/lafuente.mx\/wp-content\/uploads\/2022\/10\/1a-Carrera-S-Mental_0007_DSC_0556.jpg?resize=300%2C199&amp;ssl=1 300w, https:\/\/i0.wp.com\/lafuente.mx\/wp-content\/uploads\/2022\/10\/1a-Carrera-S-Mental_0007_DSC_0556.jpg?resize=768%2C510&amp;ssl=1 768w, https:\/\/i0.wp.com\/lafuente.mx\/wp-content\/uploads\/2022\/10\/1a-Carrera-S-Mental_0007_DSC_0556.jpg?w=1181&amp;ssl=1 1181w\" sizes=\"(max-width: 640px) 100vw, 640px\" data-recalc-dims=\"1\" \/><\/figure>\n\n\n\n<figure class=\"wp-block-image size-large\"><img decoding=\"async\" loading=\"lazy\" width=\"640\" height=\"425\" data-id=\"468\" src=\"https:\/\/i0.wp.com\/lafuente.mx\/wp-content\/uploads\/2022\/10\/1a-Carrera-S-Mental_0001_DSC_0579-1024x680.jpg?resize=640%2C425&#038;ssl=1\" alt=\"\" class=\"wp-image-468\" srcset=\"https:\/\/i0.wp.com\/lafuente.mx\/wp-content\/uploads\/2022\/10\/1a-Carrera-S-Mental_0001_DSC_0579.jpg?resize=1024%2C680&amp;ssl=1 1024w, https:\/\/i0.wp.com\/lafuente.mx\/wp-content\/uploads\/2022\/10\/1a-Carrera-S-Mental_0001_DSC_0579.jpg?resize=300%2C199&amp;ssl=1 300w, https:\/\/i0.wp.com\/lafuente.mx\/wp-content\/uploads\/2022\/10\/1a-Carrera-S-Mental_0001_DSC_0579.jpg?resize=768%2C510&amp;ssl=1 768w, https:\/\/i0.wp.com\/lafuente.mx\/wp-content\/uploads\/2022\/10\/1a-Carrera-S-Mental_0001_DSC_0579.jpg?w=1181&amp;ssl=1 1181w\" sizes=\"(max-width: 640px) 100vw, 640px\" data-recalc-dims=\"1\" \/><\/figure>\n<\/figure>\n\n\n\n<hr class=\"wp-block-separator has-text-color has-vivid-green-cyan-color has-alpha-channel-opacity has-vivid-green-cyan-background-color has-background\"\/>\n\n\n\n<div class=\"wp-block-buttons is-layout-flex wp-block-buttons-is-layout-flex\">\n<div class=\"wp-block-button is-style-fill\"><a class=\"wp-block-button__link has-vivid-green-cyan-background-color has-background\" href=\"http:\/\/mentalizarte.com\" target=\"_blank\" rel=\"noreferrer noopener\">Mentalizarte<\/a><\/div>\n<\/div>\n","protected":false},"excerpt":{"rendered":"<p>El pasado 16 de octubre del 2022 celebramos la 1\u00aa Carrera por el Bienestar y la Salud Mental en el Foro Sol. La Asociaci\u00f3n Civil<\/p>\n","protected":false},"author":3,"featured_media":457,"comment_status":"closed","ping_status":"closed","sticky":false,"template":"","format":"standard","meta":{"footnotes":"","jetpack_publicize_message":"","jetpack_is_tweetstorm":false,"jetpack_publicize_feature_enabled":true},"categories":[7,3],"tags":[],"jetpack_publicize_connections":[],"yoast_head":"<!-- This site is optimized with the Yoast SEO plugin v19.4 - https:\/\/yoast.com\/wordpress\/plugins\/seo\/ -->\n<title>1a Carrera por el Bienestar y la Salud Mental -<\/title>\n<meta name=\"robots\" content=\"index, follow, max-snippet:-1, max-image-preview:large, max-video-preview:-1\" \/>\n<link rel=\"canonical\" href=\"https:\/\/lafuente.mx\/?p=448\" \/>\n<meta property=\"og:locale\" content=\"es_MX\" \/>\n<meta property=\"og:type\" content=\"article\" \/>\n<meta property=\"og:title\" content=\"1a Carrera por el Bienestar y la Salud Mental -\" \/>\n<meta property=\"og:description\" content=\"El pasado 16 de octubre del 2022 celebramos la 1\u00aa Carrera por el Bienestar y la Salud Mental en el Foro Sol. La Asociaci\u00f3n Civil\" \/>\n<meta property=\"og:url\" content=\"https:\/\/lafuente.mx\/?p=448\" \/>\n<meta property=\"article:published_time\" content=\"2022-10-19T20:18:21+00:00\" \/>\n<meta property=\"article:modified_time\" content=\"2022-10-28T18:48:15+00:00\" \/>\n<meta property=\"og:image\" content=\"http:\/\/lafuente.mx\/wp-content\/uploads\/2022\/10\/1a-Carrera-S-Mental_0001_DSC_0436.jpg\" \/>\n\t<meta property=\"og:image:width\" content=\"1181\" \/>\n\t<meta property=\"og:image:height\" content=\"784\" \/>\n\t<meta property=\"og:image:type\" content=\"image\/jpeg\" \/>\n<meta name=\"author\" content=\"Claudia Gallardo\" \/>\n<meta name=\"twitter:card\" content=\"summary_large_image\" \/>\n<meta name=\"twitter:label1\" content=\"Escrito por\" \/>\n\t<meta name=\"twitter:data1\" content=\"Claudia Gallardo\" \/>\n\t<meta name=\"twitter:label2\" content=\"Tiempo de lectura\" \/>\n\t<meta name=\"twitter:data2\" content=\"6 minutos\" \/>\n<script type=\"application\/ld+json\" class=\"yoast-schema-graph\">{\"@context\":\"https:\/\/schema.org\",\"@graph\":[{\"@type\":\"WebSite\",\"@id\":\"https:\/\/lafuente.mx\/#website\",\"url\":\"https:\/\/lafuente.mx\/\",\"name\":\"\",\"description\":\"Informaci\u00f3n confiable sobre salud mental\",\"potentialAction\":[{\"@type\":\"SearchAction\",\"target\":{\"@type\":\"EntryPoint\",\"urlTemplate\":\"https:\/\/lafuente.mx\/?s={search_term_string}\"},\"query-input\":\"required name=search_term_string\"}],\"inLanguage\":\"es-MX\"},{\"@type\":\"WebPage\",\"@id\":\"https:\/\/lafuente.mx\/?p=448\",\"url\":\"https:\/\/lafuente.mx\/?p=448\",\"name\":\"1a Carrera por el Bienestar y la Salud Mental -\",\"isPartOf\":{\"@id\":\"https:\/\/lafuente.mx\/#website\"},\"datePublished\":\"2022-10-19T20:18:21+00:00\",\"dateModified\":\"2022-10-28T18:48:15+00:00\",\"author\":{\"@id\":\"https:\/\/lafuente.mx\/#\/schema\/person\/603f3aa8e2f6f7879021ab722d39d6b0\"},\"breadcrumb\":{\"@id\":\"https:\/\/lafuente.mx\/?p=448#breadcrumb\"},\"inLanguage\":\"es-MX\",\"potentialAction\":[{\"@type\":\"ReadAction\",\"target\":[\"https:\/\/lafuente.mx\/?p=448\"]}]},{\"@type\":\"BreadcrumbList\",\"@id\":\"https:\/\/lafuente.mx\/?p=448#breadcrumb\",\"itemListElement\":[{\"@type\":\"ListItem\",\"position\":1,\"name\":\"Inicio\",\"item\":\"https:\/\/lafuente.mx\/\"},{\"@type\":\"ListItem\",\"position\":2,\"name\":\"1a Carrera por el Bienestar y la Salud Mental\"}]},{\"@type\":\"Person\",\"@id\":\"https:\/\/lafuente.mx\/#\/schema\/person\/603f3aa8e2f6f7879021ab722d39d6b0\",\"name\":\"Claudia Gallardo\",\"image\":{\"@type\":\"ImageObject\",\"inLanguage\":\"es-MX\",\"@id\":\"https:\/\/lafuente.mx\/#\/schema\/person\/image\/\",\"url\":\"https:\/\/secure.gravatar.com\/avatar\/bfe9c966af1ccfb9d17bcdb9d04e8815?s=96&d=mm&r=g\",\"contentUrl\":\"https:\/\/secure.gravatar.com\/avatar\/bfe9c966af1ccfb9d17bcdb9d04e8815?s=96&d=mm&r=g\",\"caption\":\"Claudia Gallardo\"},\"url\":\"https:\/\/lafuente.mx\/?author=3\"}]}<\/script>\n<!-- \/ Yoast SEO plugin. -->","yoast_head_json":{"title":"1a Carrera por el Bienestar y la Salud Mental -","robots":{"index":"index","follow":"follow","max-snippet":"max-snippet:-1","max-image-preview":"max-image-preview:large","max-video-preview":"max-video-preview:-1"},"canonical":"https:\/\/lafuente.mx\/?p=448","og_locale":"es_MX","og_type":"article","og_title":"1a Carrera por el Bienestar y la Salud Mental -","og_description":"El pasado 16 de octubre del 2022 celebramos la 1\u00aa Carrera por el Bienestar y la Salud Mental en el Foro Sol. La Asociaci\u00f3n Civil","og_url":"https:\/\/lafuente.mx\/?p=448","article_published_time":"2022-10-19T20:18:21+00:00","article_modified_time":"2022-10-28T18:48:15+00:00","og_image":[{"width":1181,"height":784,"url":"http:\/\/lafuente.mx\/wp-content\/uploads\/2022\/10\/1a-Carrera-S-Mental_0001_DSC_0436.jpg","type":"image\/jpeg"}],"author":"Claudia Gallardo","twitter_card":"summary_large_image","twitter_misc":{"Escrito por":"Claudia Gallardo","Tiempo de lectura":"6 minutos"},"schema":{"@context":"https:\/\/schema.org","@graph":[{"@type":"WebSite","@id":"https:\/\/lafuente.mx\/#website","url":"https:\/\/lafuente.mx\/","name":"","description":"Informaci\u00f3n confiable sobre salud mental","potentialAction":[{"@type":"SearchAction","target":{"@type":"EntryPoint","urlTemplate":"https:\/\/lafuente.mx\/?s={search_term_string}"},"query-input":"required name=search_term_string"}],"inLanguage":"es-MX"},{"@type":"WebPage","@id":"https:\/\/lafuente.mx\/?p=448","url":"https:\/\/lafuente.mx\/?p=448","name":"1a Carrera por el Bienestar y la Salud Mental -","isPartOf":{"@id":"https:\/\/lafuente.mx\/#website"},"datePublished":"2022-10-19T20:18:21+00:00","dateModified":"2022-10-28T18:48:15+00:00","author":{"@id":"https:\/\/lafuente.mx\/#\/schema\/person\/603f3aa8e2f6f7879021ab722d39d6b0"},"breadcrumb":{"@id":"https:\/\/lafuente.mx\/?p=448#breadcrumb"},"inLanguage":"es-MX","potentialAction":[{"@type":"ReadAction","target":["https:\/\/lafuente.mx\/?p=448"]}]},{"@type":"BreadcrumbList","@id":"https:\/\/lafuente.mx\/?p=448#breadcrumb","itemListElement":[{"@type":"ListItem","position":1,"name":"Inicio","item":"https:\/\/lafuente.mx\/"},{"@type":"ListItem","position":2,"name":"1a Carrera por el Bienestar y la Salud Mental"}]},{"@type":"Person","@id":"https:\/\/lafuente.mx\/#\/schema\/person\/603f3aa8e2f6f7879021ab722d39d6b0","name":"Claudia Gallardo","image":{"@type":"ImageObject","inLanguage":"es-MX","@id":"https:\/\/lafuente.mx\/#\/schema\/person\/image\/","url":"https:\/\/secure.gravatar.com\/avatar\/bfe9c966af1ccfb9d17bcdb9d04e8815?s=96&d=mm&r=g","contentUrl":"https:\/\/secure.gravatar.com\/avatar\/bfe9c966af1ccfb9d17bcdb9d04e8815?s=96&d=mm&r=g","caption":"Claudia Gallardo"},"url":"https:\/\/lafuente.mx\/?author=3"}]}},"jetpack_featured_media_url":"https:\/\/i0.wp.com\/lafuente.mx\/wp-content\/uploads\/2022\/10\/1a-Carrera-S-Mental_0001_DSC_0436.jpg?fit=1181%2C784&ssl=1","jetpack-related-posts":[{"id":1638,"url":"https:\/\/lafuente.mx\/?p=1638","url_meta":{"origin":448,"position":0},"title":"2da Carrera por el bienestar y la salud mental","date":"agosto 30, 2023","format":false,"excerpt":"Carrera Caminata es Tiempo de Hablar por la Salud Mental 2023 8 Octubre 2023 Ciudad de M\u00e9xico, CDMX Aut\u00f3dromo Hermanos Rodr\u00edguez \u00a0 Hora de salida:\u00a08:00 Distancia: 3 km 5 km Categor\u00edas Libre Varonil y Femenil a partir de los 13 a\u00f1os carrera 5 km Premiaci\u00f3n Al finalizar la competencia, el\u2026","rel":"","context":"En &quot;Eventos&quot;","img":{"alt_text":"","src":"https:\/\/i0.wp.com\/lafuente.mx\/wp-content\/uploads\/2023\/08\/WhatsApp-Image-2023-08-29-at-10.40.39-AM.jpeg?fit=1200%2C543&ssl=1&resize=350%2C200","width":350,"height":200},"classes":[]},{"id":422,"url":"https:\/\/lafuente.mx\/?p=422","url_meta":{"origin":448,"position":1},"title":"1a Carrera por el Bienestar y la Salud Mental\u00a0","date":"octubre 10, 2022","format":false,"excerpt":"El Voluntariado del Instituto Nacional de Psiquiatr\u00eda Ram\u00f3n de la Fuente Mu\u00f1iz y Es tiempo de hablar AC, te invitan a ser parte de la Carrera con causa Nuestro objetivo es reducir el estigma y fomentar la b\u00fasqueda de atenci\u00f3n en salud mental\u00a0 \u00a1S\u00famate y suma a tu familia, amigos,\u2026","rel":"","context":"En &quot;Eventos&quot;","img":{"alt_text":"","src":"https:\/\/i0.wp.com\/lafuente.mx\/wp-content\/uploads\/2022\/10\/Captura-de-Pantalla-2022-10-10-a-las-14.00.05-e1665428475104.png?fit=800%2C455&ssl=1&resize=350%2C200","width":350,"height":200},"classes":[]},{"id":138,"url":"https:\/\/lafuente.mx\/?p=138","url_meta":{"origin":448,"position":2},"title":"XXXVII Reuni\u00f3n Anual de Investigaci\u00f3n\u00a0","date":"agosto 4, 2022","format":false,"excerpt":"La investigaci\u00f3n en salud mental y su impacto en el bienestar Del 5 al 7 de octubre, 2022 Dirigida: a estudiantes y profesionales de la salud mental Modalidad mixta: presencial y en l\u00ednea Registro a partir del lunes 1\u00b0 de septiembre en: inprf.gob.mx Auditorio del INPRFM y por Facebook @INPRFM\u2026","rel":"","context":"En &quot;Eventos Acad\u00e9micos del INPRFM&quot;","img":{"alt_text":"","src":"https:\/\/i0.wp.com\/lafuente.mx\/wp-content\/uploads\/2022\/08\/Imagen-RAI_Mesa-de-trabajo-1.jpg?fit=1200%2C927&ssl=1&resize=350%2C200","width":350,"height":200},"classes":[]},{"id":3025,"url":"https:\/\/lafuente.mx\/?p=3025","url_meta":{"origin":448,"position":3},"title":"Tema del mes: Salud cerebral","date":"julio 25, 2025","format":false,"excerpt":"JULIO En el INPRFM trabajamos cada d\u00eda para generar conocimiento, brindar atenci\u00f3n especializada y promover el bienestar mental y cerebral de la poblaci\u00f3n. Cuidar el cerebro es una tarea de todos, en todas las edades.","rel":"","context":"En &quot;T\u00f3picos de salud mental&quot;","img":{"alt_text":"","src":"https:\/\/i0.wp.com\/lafuente.mx\/wp-content\/uploads\/2025\/07\/Captura-de-pantalla-2025-07-08-a-las-12.35.47.png?fit=1200%2C702&ssl=1&resize=350%2C200","width":350,"height":200},"classes":[]},{"id":3645,"url":"https:\/\/lafuente.mx\/?p=3645","url_meta":{"origin":448,"position":4},"title":"Conectar para educar: la importancia de la crianza positiva","date":"abril 7, 2026","format":false,"excerpt":"CONVERSATORIO Hablemos de salud mental 10 de abril a las 12:00 horas, M\u00e9xico 10 de cada mes La crianza positiva es un enfoque amoroso, respetuoso, que promueve el bienestar emocional y el desarrollo saludable de hijas e hijos. Fomentar la autoestima, mejorar la comunicaci\u00f3n, manejar el estr\u00e9s, aplicar disciplina positiva\u2026","rel":"","context":"En &quot;Eventos Acad\u00e9micos del INPRFM&quot;","img":{"alt_text":"","src":"https:\/\/i0.wp.com\/lafuente.mx\/wp-content\/uploads\/2026\/04\/WhatsApp-Image-2026-04-01-at-12.38.49-PM-1.jpeg?fit=1200%2C900&ssl=1&resize=350%2C200","width":350,"height":200},"classes":[]},{"id":407,"url":"https:\/\/lafuente.mx\/?p=407","url_meta":{"origin":448,"position":5},"title":"Hacer de la salud mental y el bienestar para todos una prioridad mundial","date":"octubre 10, 2022","format":false,"excerpt":"Conferencia10 de octubre, 202212:00 p.m. Ponentes:Sol Durand AriasHilda Patricia Cervera Silva","rel":"","context":"En &quot;Eventos Acad\u00e9micos del INPRFM&quot;","img":{"alt_text":"","src":"https:\/\/i0.wp.com\/lafuente.mx\/wp-content\/uploads\/2022\/10\/WhatsApp-Image-2022-09-19-at-10.41.43-AM.jpeg?fit=1108%2C940&ssl=1&resize=350%2C200","width":350,"height":200},"classes":[]}],"jetpack_sharing_enabled":true,"jetpack_shortlink":"https:\/\/wp.me\/pe9WUx-7e","_links":{"self":[{"href":"https:\/\/lafuente.mx\/index.php?rest_route=\/wp\/v2\/posts\/448"}],"collection":[{"href":"https:\/\/lafuente.mx\/index.php?rest_route=\/wp\/v2\/posts"}],"about":[{"href":"https:\/\/lafuente.mx\/index.php?rest_route=\/wp\/v2\/types\/post"}],"author":[{"embeddable":true,"href":"https:\/\/lafuente.mx\/index.php?rest_route=\/wp\/v2\/users\/3"}],"replies":[{"embeddable":true,"href":"https:\/\/lafuente.mx\/index.php?rest_route=%2Fwp%2Fv2%2Fcomments&post=448"}],"version-history":[{"count":3,"href":"https:\/\/lafuente.mx\/index.php?rest_route=\/wp\/v2\/posts\/448\/revisions"}],"predecessor-version":[{"id":513,"href":"https:\/\/lafuente.mx\/index.php?rest_route=\/wp\/v2\/posts\/448\/revisions\/513"}],"wp:featuredmedia":[{"embeddable":true,"href":"https:\/\/lafuente.mx\/index.php?rest_route=\/wp\/v2\/media\/457"}],"wp:attachment":[{"href":"https:\/\/lafuente.mx\/index.php?rest_route=%2Fwp%2Fv2%2Fmedia&parent=448"}],"wp:term":[{"taxonomy":"category","embeddable":true,"href":"https:\/\/lafuente.mx\/index.php?rest_route=%2Fwp%2Fv2%2Fcategories&post=448"},{"taxonomy":"post_tag","embeddable":true,"href":"https:\/\/lafuente.mx\/index.php?rest_route=%2Fwp%2Fv2%2Ftags&post=448"}],"curies":[{"name":"wp","href":"https:\/\/api.w.org\/{rel}","templated":true}]}}