{"id":438,"date":"2022-10-11T18:16:39","date_gmt":"2022-10-11T18:16:39","guid":{"rendered":"https:\/\/lafuente.mx\/?p=438"},"modified":"2022-10-28T18:48:39","modified_gmt":"2022-10-28T18:48:39","slug":"cursos-de-posgrado-de-alta-especialidad","status":"publish","type":"post","link":"https:\/\/lafuente.mx\/?p=438","title":{"rendered":"Cursos de Posgrado de Alta Especialidad\u00a0"},"content":{"rendered":"\n<p class=\"has-text-align-center has-vivid-cyan-blue-color has-text-color has-large-font-size\"><strong>Convocatoria 2023-2024&nbsp;&nbsp;<\/strong><\/p>\n\n\n\n<p class=\"has-text-align-center\"><mark style=\"background-color:rgba(0, 0, 0, 0);color:#676868\" class=\"has-inline-color\">Instituto Nacional de Psiquiatr\u00eda Ram\u00f3n de la Fuente  <strong>\u00b7<\/strong> Universidad Nacional Aut\u00f3noma de M\u00e9xico<\/mark><\/p>\n\n\n<div class=\"wp-block-image\">\n<figure class=\"aligncenter size-large\"><img decoding=\"async\" loading=\"lazy\" width=\"612\" height=\"406\" src=\"https:\/\/i0.wp.com\/lafuente.mx\/wp-content\/uploads\/2022\/10\/Jueves-Aula3-edited.jpg?resize=612%2C406&#038;ssl=1\" alt=\"\" class=\"wp-image-440\" srcset=\"https:\/\/i0.wp.com\/lafuente.mx\/wp-content\/uploads\/2022\/10\/Jueves-Aula3-edited.jpg?w=612&amp;ssl=1 612w, https:\/\/i0.wp.com\/lafuente.mx\/wp-content\/uploads\/2022\/10\/Jueves-Aula3-edited.jpg?resize=300%2C199&amp;ssl=1 300w\" sizes=\"(max-width: 612px) 100vw, 612px\" data-recalc-dims=\"1\" \/><figcaption>FOTO: INPRFM<\/figcaption><\/figure><\/div>\n\n\n<p>\u2022 Biolog\u00eda molecular, gen\u00e9tica y psiquiatr\u00eda&nbsp;<\/p>\n\n\n\n<p>\u2022 G\u00e9nero y sexualidad&nbsp;<\/p>\n\n\n\n<p>\u2022 Identificaci\u00f3n y manejo integral de trastornos afectivos bipolares&nbsp;<\/p>\n\n\n\n<p>\u2022 Manejo de adicciones&nbsp;<\/p>\n\n\n\n<p>\u2022 Neurobiolog\u00eda de la esquizofrenia&nbsp;<\/p>\n\n\n\n<p>\u2022 Neuropsiquiatr\u00eda&nbsp;<\/p>\n\n\n\n<p>\u2022 Psicogeriatr\u00eda&nbsp;<\/p>\n\n\n\n<p>\u2022 Trastornos de la conducta alimentaria&nbsp;<\/p>\n\n\n\n<p>\u2022 Medicina del sue\u00f1o&nbsp;<\/p>\n\n\n\n<p>\u2022 Urgencias en psiquiatr\u00eda&nbsp;<\/p>\n\n\n\n<p class=\"has-text-align-center has-text-color has-medium-font-size\" style=\"color:#717172\">Registro y recepci\u00f3n de documentos hasta el 28 de octubre, 2022<\/p>\n\n\n\n<hr class=\"wp-block-separator has-text-color has-vivid-cyan-blue-color has-alpha-channel-opacity has-vivid-cyan-blue-background-color has-background\"\/>\n\n\n\n<div class=\"wp-block-buttons is-layout-flex wp-block-buttons-is-layout-flex\">\n<div class=\"wp-block-button\"><a class=\"wp-block-button__link has-vivid-cyan-blue-background-color has-background\" href=\"https:\/\/bit.ly\/3RYUsnL\" target=\"_blank\" rel=\"noreferrer noopener\">M\u00e1s informaci\u00f3n<\/a><\/div>\n<\/div>\n","protected":false},"excerpt":{"rendered":"<p>Convocatoria 2023-2024&nbsp;&nbsp; Instituto Nacional de Psiquiatr\u00eda Ram\u00f3n de la Fuente \u00b7 Universidad Nacional Aut\u00f3noma de M\u00e9xico \u2022 Biolog\u00eda molecular, gen\u00e9tica y psiquiatr\u00eda&nbsp; \u2022 G\u00e9nero y<\/p>\n","protected":false},"author":3,"featured_media":440,"comment_status":"closed","ping_status":"closed","sticky":false,"template":"","format":"standard","meta":{"footnotes":"","jetpack_publicize_message":"","jetpack_is_tweetstorm":false,"jetpack_publicize_feature_enabled":true},"categories":[4],"tags":[],"jetpack_publicize_connections":[],"yoast_head":"<!-- This site is optimized with the Yoast SEO plugin v19.4 - https:\/\/yoast.com\/wordpress\/plugins\/seo\/ -->\n<title>Cursos de Posgrado de Alta Especialidad\u00a0 -<\/title>\n<meta name=\"description\" content=\"Cursos de Posgrado de Alta Especialidad\" \/>\n<meta name=\"robots\" content=\"index, follow, max-snippet:-1, max-image-preview:large, max-video-preview:-1\" \/>\n<link rel=\"canonical\" href=\"https:\/\/lafuente.mx\/?p=438\" \/>\n<meta property=\"og:locale\" content=\"es_MX\" \/>\n<meta property=\"og:type\" content=\"article\" \/>\n<meta property=\"og:title\" content=\"Cursos de Posgrado de Alta Especialidad\" \/>\n<meta property=\"og:description\" content=\"Cursos de Posgrado de Alta Especialidad\" \/>\n<meta property=\"og:url\" content=\"https:\/\/lafuente.mx\/?p=438\" \/>\n<meta property=\"article:published_time\" content=\"2022-10-11T18:16:39+00:00\" \/>\n<meta property=\"article:modified_time\" content=\"2022-10-28T18:48:39+00:00\" \/>\n<meta property=\"og:image\" content=\"http:\/\/lafuente.mx\/wp-content\/uploads\/2022\/10\/Jueves-Aula3-edited.jpg\" \/>\n\t<meta property=\"og:image:width\" content=\"612\" \/>\n\t<meta property=\"og:image:height\" content=\"406\" \/>\n\t<meta property=\"og:image:type\" content=\"image\/jpeg\" \/>\n<meta name=\"author\" content=\"Claudia Gallardo\" \/>\n<meta name=\"twitter:card\" content=\"summary_large_image\" \/>\n<meta name=\"twitter:title\" content=\"Cursos de Posgrado de Alta Especialidad\" \/>\n<meta name=\"twitter:image\" content=\"https:\/\/i0.wp.com\/lafuente.mx\/wp-content\/uploads\/2022\/10\/Jueves-Aula3-edited.jpg?fit=612%2C406&ssl=1\" \/>\n<meta name=\"twitter:label1\" content=\"Escrito por\" \/>\n\t<meta name=\"twitter:data1\" content=\"Claudia Gallardo\" \/>\n\t<meta name=\"twitter:label2\" content=\"Tiempo de lectura\" \/>\n\t<meta name=\"twitter:data2\" content=\"1 minuto\" \/>\n<script type=\"application\/ld+json\" class=\"yoast-schema-graph\">{\"@context\":\"https:\/\/schema.org\",\"@graph\":[{\"@type\":\"WebSite\",\"@id\":\"https:\/\/lafuente.mx\/#website\",\"url\":\"https:\/\/lafuente.mx\/\",\"name\":\"\",\"description\":\"Informaci\u00f3n confiable sobre salud mental\",\"potentialAction\":[{\"@type\":\"SearchAction\",\"target\":{\"@type\":\"EntryPoint\",\"urlTemplate\":\"https:\/\/lafuente.mx\/?s={search_term_string}\"},\"query-input\":\"required name=search_term_string\"}],\"inLanguage\":\"es-MX\"},{\"@type\":\"WebPage\",\"@id\":\"https:\/\/lafuente.mx\/?p=438\",\"url\":\"https:\/\/lafuente.mx\/?p=438\",\"name\":\"Cursos de Posgrado de Alta Especialidad\u00a0 -\",\"isPartOf\":{\"@id\":\"https:\/\/lafuente.mx\/#website\"},\"datePublished\":\"2022-10-11T18:16:39+00:00\",\"dateModified\":\"2022-10-28T18:48:39+00:00\",\"author\":{\"@id\":\"https:\/\/lafuente.mx\/#\/schema\/person\/603f3aa8e2f6f7879021ab722d39d6b0\"},\"description\":\"Cursos de Posgrado de Alta Especialidad\",\"breadcrumb\":{\"@id\":\"https:\/\/lafuente.mx\/?p=438#breadcrumb\"},\"inLanguage\":\"es-MX\",\"potentialAction\":[{\"@type\":\"ReadAction\",\"target\":[\"https:\/\/lafuente.mx\/?p=438\"]}]},{\"@type\":\"BreadcrumbList\",\"@id\":\"https:\/\/lafuente.mx\/?p=438#breadcrumb\",\"itemListElement\":[{\"@type\":\"ListItem\",\"position\":1,\"name\":\"Inicio\",\"item\":\"https:\/\/lafuente.mx\/\"},{\"@type\":\"ListItem\",\"position\":2,\"name\":\"Cursos de Posgrado de Alta Especialidad\u00a0\"}]},{\"@type\":\"Person\",\"@id\":\"https:\/\/lafuente.mx\/#\/schema\/person\/603f3aa8e2f6f7879021ab722d39d6b0\",\"name\":\"Claudia Gallardo\",\"image\":{\"@type\":\"ImageObject\",\"inLanguage\":\"es-MX\",\"@id\":\"https:\/\/lafuente.mx\/#\/schema\/person\/image\/\",\"url\":\"https:\/\/secure.gravatar.com\/avatar\/bfe9c966af1ccfb9d17bcdb9d04e8815?s=96&d=mm&r=g\",\"contentUrl\":\"https:\/\/secure.gravatar.com\/avatar\/bfe9c966af1ccfb9d17bcdb9d04e8815?s=96&d=mm&r=g\",\"caption\":\"Claudia Gallardo\"},\"url\":\"https:\/\/lafuente.mx\/?author=3\"}]}<\/script>\n<!-- \/ Yoast SEO plugin. -->","yoast_head_json":{"title":"Cursos de Posgrado de Alta Especialidad\u00a0 -","description":"Cursos de Posgrado de Alta Especialidad","robots":{"index":"index","follow":"follow","max-snippet":"max-snippet:-1","max-image-preview":"max-image-preview:large","max-video-preview":"max-video-preview:-1"},"canonical":"https:\/\/lafuente.mx\/?p=438","og_locale":"es_MX","og_type":"article","og_title":"Cursos de Posgrado de Alta Especialidad","og_description":"Cursos de Posgrado de Alta Especialidad","og_url":"https:\/\/lafuente.mx\/?p=438","article_published_time":"2022-10-11T18:16:39+00:00","article_modified_time":"2022-10-28T18:48:39+00:00","og_image":[{"width":612,"height":406,"url":"http:\/\/lafuente.mx\/wp-content\/uploads\/2022\/10\/Jueves-Aula3-edited.jpg","type":"image\/jpeg"}],"author":"Claudia Gallardo","twitter_card":"summary_large_image","twitter_title":"Cursos de Posgrado de Alta Especialidad","twitter_image":"https:\/\/i0.wp.com\/lafuente.mx\/wp-content\/uploads\/2022\/10\/Jueves-Aula3-edited.jpg?fit=612%2C406&ssl=1","twitter_misc":{"Escrito por":"Claudia Gallardo","Tiempo de lectura":"1 minuto"},"schema":{"@context":"https:\/\/schema.org","@graph":[{"@type":"WebSite","@id":"https:\/\/lafuente.mx\/#website","url":"https:\/\/lafuente.mx\/","name":"","description":"Informaci\u00f3n confiable sobre salud mental","potentialAction":[{"@type":"SearchAction","target":{"@type":"EntryPoint","urlTemplate":"https:\/\/lafuente.mx\/?s={search_term_string}"},"query-input":"required name=search_term_string"}],"inLanguage":"es-MX"},{"@type":"WebPage","@id":"https:\/\/lafuente.mx\/?p=438","url":"https:\/\/lafuente.mx\/?p=438","name":"Cursos de Posgrado de Alta Especialidad\u00a0 -","isPartOf":{"@id":"https:\/\/lafuente.mx\/#website"},"datePublished":"2022-10-11T18:16:39+00:00","dateModified":"2022-10-28T18:48:39+00:00","author":{"@id":"https:\/\/lafuente.mx\/#\/schema\/person\/603f3aa8e2f6f7879021ab722d39d6b0"},"description":"Cursos de Posgrado de Alta Especialidad","breadcrumb":{"@id":"https:\/\/lafuente.mx\/?p=438#breadcrumb"},"inLanguage":"es-MX","potentialAction":[{"@type":"ReadAction","target":["https:\/\/lafuente.mx\/?p=438"]}]},{"@type":"BreadcrumbList","@id":"https:\/\/lafuente.mx\/?p=438#breadcrumb","itemListElement":[{"@type":"ListItem","position":1,"name":"Inicio","item":"https:\/\/lafuente.mx\/"},{"@type":"ListItem","position":2,"name":"Cursos de Posgrado de Alta Especialidad\u00a0"}]},{"@type":"Person","@id":"https:\/\/lafuente.mx\/#\/schema\/person\/603f3aa8e2f6f7879021ab722d39d6b0","name":"Claudia Gallardo","image":{"@type":"ImageObject","inLanguage":"es-MX","@id":"https:\/\/lafuente.mx\/#\/schema\/person\/image\/","url":"https:\/\/secure.gravatar.com\/avatar\/bfe9c966af1ccfb9d17bcdb9d04e8815?s=96&d=mm&r=g","contentUrl":"https:\/\/secure.gravatar.com\/avatar\/bfe9c966af1ccfb9d17bcdb9d04e8815?s=96&d=mm&r=g","caption":"Claudia Gallardo"},"url":"https:\/\/lafuente.mx\/?author=3"}]}},"jetpack_featured_media_url":"https:\/\/i0.wp.com\/lafuente.mx\/wp-content\/uploads\/2022\/10\/Jueves-Aula3-edited.jpg?fit=612%2C406&ssl=1","jetpack-related-posts":[{"id":1598,"url":"https:\/\/lafuente.mx\/?p=1598","url_meta":{"origin":438,"position":0},"title":"Especializaci\u00f3n en Psiquiatr\u00eda Infantil y de la Adolescencia","date":"agosto 14, 2023","format":false,"excerpt":"El Instituto Nacional de Psiquiatr\u00eda Ram\u00f3n de la Fuente Mu\u00f1iz ofrece dos\u00a0 plazas para realizar la Especializaci\u00f3n en Psiquiatr\u00eda Infantil y de la Adolescencia\u00a0 Objetivo\u00a0 Formar psiquiatras especialistas en ni\u00f1as, ni\u00f1os y adolescentes que sean capaces de aplicar el conocimiento cient\u00edfico actual para identificar, realizar intervenciones preventivas y brindar atenci\u00f3n\u2026","rel":"","context":"En &quot;Cursos&quot;","img":{"alt_text":"","src":"https:\/\/i0.wp.com\/lafuente.mx\/wp-content\/uploads\/2023\/08\/Captura-de-Pantalla-2023-08-10-a-las-11.43.11.png?fit=642%2C858&ssl=1&resize=350%2C200","width":350,"height":200},"classes":[]},{"id":2068,"url":"https:\/\/lafuente.mx\/?p=2068","url_meta":{"origin":438,"position":1},"title":"Educaci\u00f3n Continua","date":"febrero 9, 2024","format":false,"excerpt":"Las actividades de Educaci\u00f3n Continua de la Direcci\u00f3n de Ense\u00f1anza son parte de la estrategia integral del Instituto Nacional de Psiquiatr\u00eda Ram\u00f3n de la Fuente Mu\u00f1iz (INPRFM) para mejorar la formaci\u00f3n y profesionalizaci\u00f3n del personal de salud en psiquiatr\u00eda y salud mental. Acceso ilimitado 24 horas en Google Classroom. Sesiones\u2026","rel":"","context":"En &quot;Cursos&quot;","img":{"alt_text":"","src":"https:\/\/i0.wp.com\/lafuente.mx\/wp-content\/uploads\/2024\/02\/ropa-casual-joven-empresaria-independiente-usando-computadora-portatil-que-trabaja-sala-estar-casa-scaled.jpg?fit=1200%2C480&ssl=1&resize=350%2C200","width":350,"height":200},"classes":[]},{"id":587,"url":"https:\/\/lafuente.mx\/?p=587","url_meta":{"origin":438,"position":2},"title":"Con el apoyo del Instituto Nacional de Psiquiatr\u00eda, personal de SSC se capacit\u00f3 para atender la salud mental de los cuerpos policiales\u00a0","date":"noviembre 28, 2022","format":false,"excerpt":"Publicado el 24 Noviembre 2022 Como parte de las acciones de colaboraci\u00f3n interinstitucional que realiza la Secretar\u00eda de Seguridad Ciudadana (SSC) de la Ciudad de M\u00e9xico para promover la salud mental y f\u00edsica de las y los polic\u00edas, en el auditorio del Instituto Nacional de Psiquiatr\u00eda Ram\u00f3n de la Fuente\u2026","rel":"","context":"En &quot;Noticias&quot;","img":{"alt_text":"","src":"https:\/\/i0.wp.com\/lafuente.mx\/wp-content\/uploads\/2022\/11\/diplomas_0007_DSC_0152.jpg?fit=1181%2C784&ssl=1&resize=350%2C200","width":350,"height":200},"classes":[]},{"id":2002,"url":"https:\/\/lafuente.mx\/?p=2002","url_meta":{"origin":438,"position":3},"title":"Programa Anual de Educaci\u00f3n Continua 2024","date":"enero 16, 2024","format":false,"excerpt":"Las actividades de Educaci\u00f3n Continua de la Direcci\u00f3n de Ense\u00f1anza son parte de la estrategia integral del Instituto Nacional de Psiquiatr\u00eda Ram\u00f3n de la Fuente Mu\u00f1iz (INPRFM) para mejorar la formaci\u00f3n y profesionalizaci\u00f3n del personal de salud en psiquiatr\u00eda y salud mental. Dirigido a: profesionales de salud (revisar en la\u2026","rel":"","context":"En &quot;Cursos&quot;","img":{"alt_text":"","src":"https:\/\/i0.wp.com\/lafuente.mx\/wp-content\/uploads\/2024\/01\/AulasBiblio_0004_DSC_0211-rotated.jpg?fit=784%2C1181&ssl=1&resize=350%2C200","width":350,"height":200},"classes":[]},{"id":2750,"url":"https:\/\/lafuente.mx\/?p=2750","url_meta":{"origin":438,"position":4},"title":"\u00a1Conoce nuestra oferta acad\u00e9mica! \u00a0","date":"enero 28, 2025","format":false,"excerpt":"En el Instituto Nacional de Psiquiatr\u00eda Ram\u00f3n de la Fuente Mu\u00f1iz (INPRFM), a trav\u00e9s de la Direcci\u00f3n de Ense\u00f1anza, nos comprometemos con la formaci\u00f3n y profesionalizaci\u00f3n del personal de salud en psiquiatr\u00eda y salud mental. Ofrecemos acceso ilimitado las 24 horas en Google Classroom, junto con sesiones interactivas en tiempo\u2026","rel":"","context":"En &quot;Cursos&quot;","img":{"alt_text":"","src":"https:\/\/i0.wp.com\/lafuente.mx\/wp-content\/uploads\/2025\/01\/Seminario-Taller-estigma_0014_DSC_0193.jpg?fit=1181%2C784&ssl=1&resize=350%2C200","width":350,"height":200},"classes":[]},{"id":2538,"url":"https:\/\/lafuente.mx\/?p=2538","url_meta":{"origin":438,"position":5},"title":"CONVOCATORIA PARA EL EXAMEN DE LA PROMOCI\u00d3N LXXX DE CERTIFICACI\u00d3N EN PSIQUIATR\u00cdA\u00a0","date":"septiembre 10, 2024","format":false,"excerpt":"PROMOCI\u00d3N LV DE CERTIFICACI\u00d3N EN PSIQUIATR\u00cdA INFANTIL Y DE LA ADOLESCENCIA\u00a0 PROMOCI\u00d3N XVII DE CERTIFICACI\u00d3N EN MEDICINA DEL SUE\u00d1O\u00a0 CONSEJO MEXICANO DE PSIQUIATR\u00cdA, A. C.\u00a0 El Consejo Mexicano de Psiquiatr\u00eda, A. C. en cumplimiento de sus estatutos generales y por medio de su Comisi\u00f3n de Ex\u00e1menes, convoca a los m\u00e9dicos\u2026","rel":"","context":"En &quot;Informaci\u00f3n de inter\u00e9s&quot;","img":{"alt_text":"jamila polatova, oncology, crayfish-7261803.jpg","src":"https:\/\/i0.wp.com\/lafuente.mx\/wp-content\/uploads\/2024\/09\/jamila-polatova-oncology-crayfish-7261803.jpg?fit=1200%2C794&ssl=1&resize=350%2C200","width":350,"height":200},"classes":[]}],"jetpack_sharing_enabled":true,"jetpack_shortlink":"https:\/\/wp.me\/pe9WUx-74","_links":{"self":[{"href":"https:\/\/lafuente.mx\/index.php?rest_route=\/wp\/v2\/posts\/438"}],"collection":[{"href":"https:\/\/lafuente.mx\/index.php?rest_route=\/wp\/v2\/posts"}],"about":[{"href":"https:\/\/lafuente.mx\/index.php?rest_route=\/wp\/v2\/types\/post"}],"author":[{"embeddable":true,"href":"https:\/\/lafuente.mx\/index.php?rest_route=\/wp\/v2\/users\/3"}],"replies":[{"embeddable":true,"href":"https:\/\/lafuente.mx\/index.php?rest_route=%2Fwp%2Fv2%2Fcomments&post=438"}],"version-history":[{"count":2,"href":"https:\/\/lafuente.mx\/index.php?rest_route=\/wp\/v2\/posts\/438\/revisions"}],"predecessor-version":[{"id":514,"href":"https:\/\/lafuente.mx\/index.php?rest_route=\/wp\/v2\/posts\/438\/revisions\/514"}],"wp:featuredmedia":[{"embeddable":true,"href":"https:\/\/lafuente.mx\/index.php?rest_route=\/wp\/v2\/media\/440"}],"wp:attachment":[{"href":"https:\/\/lafuente.mx\/index.php?rest_route=%2Fwp%2Fv2%2Fmedia&parent=438"}],"wp:term":[{"taxonomy":"category","embeddable":true,"href":"https:\/\/lafuente.mx\/index.php?rest_route=%2Fwp%2Fv2%2Fcategories&post=438"},{"taxonomy":"post_tag","embeddable":true,"href":"https:\/\/lafuente.mx\/index.php?rest_route=%2Fwp%2Fv2%2Ftags&post=438"}],"curies":[{"name":"wp","href":"https:\/\/api.w.org\/{rel}","templated":true}]}}