{"id":435,"date":"2022-10-11T17:18:10","date_gmt":"2022-10-11T17:18:10","guid":{"rendered":"https:\/\/lafuente.mx\/?p=435"},"modified":"2022-10-11T18:19:14","modified_gmt":"2022-10-11T18:19:14","slug":"historia-de-los-sintomas-de-los-trastornos-mentales","status":"publish","type":"post","link":"https:\/\/lafuente.mx\/?p=435","title":{"rendered":"Historia de los s\u00edntomas de los trastornos mentales"},"content":{"rendered":"\n<p class=\"has-larger-font-size\">La psicopatolog\u00eda descriptiva desde el siglo XIX&nbsp;<\/p>\n\n\n\n<hr class=\"wp-block-separator has-text-color has-cyan-bluish-gray-color has-alpha-channel-opacity has-cyan-bluish-gray-background-color has-background\"\/>\n\n\n\n<p class=\"has-medium-font-size\"><strong>Berrios, Germ\u00e1n E.&nbsp;<\/strong><\/p>\n\n\n\n<p class=\"has-text-color\" style=\"color:#878787\">ISBN: 9789681682996 | Clave FCE: 007174R&nbsp;<\/p>\n\n\n<div class=\"wp-block-image\">\n<figure class=\"aligncenter size-large is-resized\"><img decoding=\"async\" loading=\"lazy\" src=\"https:\/\/i0.wp.com\/lafuente.mx\/wp-content\/uploads\/2022\/10\/Captura-de-Pantalla-2022-10-11-a-las-12.08.58-735x1024.png?resize=454%2C633&#038;ssl=1\" alt=\"\" class=\"wp-image-436\" width=\"454\" height=\"633\" data-recalc-dims=\"1\" \/><\/figure><\/div>\n\n\n<hr class=\"wp-block-separator has-text-color has-alpha-channel-opacity has-background\" style=\"background-color:#6c0909;color:#6c0909\"\/>\n\n\n\n<p class=\"has-text-color\" style=\"color:#6c0101\">La obra presenta en forma destacada la historia de los principales s\u00edntomas psiqui\u00e1tricos, y a trav\u00e9s de \u00e9sta el autor permite que el lector descubra, entre otros temas, d\u00f3nde y c\u00f3mo se describieron por vez primera los diferentes s\u00edntomas de la patolog\u00eda mental, as\u00ed como el marco en el que surgieron esas descripciones y las sucesivas modificaciones que han experimentado en el curso del tiempo. <br>Al seguir la evoluci\u00f3n de conceptos como memoria, conciencia, voluntad y personalidad, y de s\u00edntomas que van de la catalepsia a la ansiedad, las p\u00e1ginas de esta obra permiten adentrarse en la naturaleza de las enfermedades mentales.&nbsp;<\/p>\n\n\n\n<div class=\"wp-block-buttons is-layout-flex wp-block-buttons-is-layout-flex\">\n<div class=\"wp-block-button\"><a class=\"wp-block-button__link has-background\" href=\"https:\/\/www.fondodeculturaeconomica.com\/Ficha\/9789681682996\/F\" style=\"background-color:#710808\" target=\"_blank\" rel=\"noreferrer noopener\">M\u00e1s informaci\u00f3n<\/a><\/div>\n<\/div>\n","protected":false},"excerpt":{"rendered":"<p>La psicopatolog\u00eda descriptiva desde el siglo XIX&nbsp; Berrios, Germ\u00e1n E.&nbsp; ISBN: 9789681682996 | Clave FCE: 007174R&nbsp; La obra presenta en forma destacada la historia de<\/p>\n","protected":false},"author":3,"featured_media":436,"comment_status":"closed","ping_status":"closed","sticky":false,"template":"","format":"standard","meta":{"footnotes":"","jetpack_publicize_message":"","jetpack_is_tweetstorm":false,"jetpack_publicize_feature_enabled":true},"categories":[10],"tags":[],"jetpack_publicize_connections":[],"yoast_head":"<!-- This site is optimized with the Yoast SEO plugin v19.4 - https:\/\/yoast.com\/wordpress\/plugins\/seo\/ -->\n<title>Historia de los s\u00edntomas de los trastornos mentales -<\/title>\n<meta name=\"description\" content=\"Historia de los s\u00edntomas de los trastornos mentales. La psicopatolog\u00eda descriptiva desde el siglo XIX Berrios, Germ\u00e1n E. diferentes s\u00edntomas de la patolog\u00eda mental\" \/>\n<meta name=\"robots\" content=\"index, follow, max-snippet:-1, max-image-preview:large, max-video-preview:-1\" \/>\n<link rel=\"canonical\" href=\"https:\/\/lafuente.mx\/?p=435\" \/>\n<meta property=\"og:locale\" content=\"es_MX\" \/>\n<meta property=\"og:type\" content=\"article\" \/>\n<meta property=\"og:title\" content=\"Historia de los s\u00edntomas de los trastornos mentales\" \/>\n<meta property=\"og:description\" content=\"Historia de los s\u00edntomas de los trastornos mentales. La psicopatolog\u00eda descriptiva desde el siglo XIX Berrios, Germ\u00e1n E. Diferentes s\u00edntomas de la patolog\u00eda mental\" \/>\n<meta property=\"og:url\" content=\"https:\/\/lafuente.mx\/?p=435\" \/>\n<meta property=\"article:published_time\" content=\"2022-10-11T17:18:10+00:00\" \/>\n<meta property=\"article:modified_time\" content=\"2022-10-11T18:19:14+00:00\" \/>\n<meta property=\"og:image\" content=\"http:\/\/lafuente.mx\/wp-content\/uploads\/2022\/10\/Captura-de-Pantalla-2022-10-11-a-las-12.08.58-e1665508636772.png\" \/>\n\t<meta property=\"og:image:width\" content=\"600\" \/>\n\t<meta property=\"og:image:height\" content=\"836\" \/>\n\t<meta property=\"og:image:type\" content=\"image\/png\" \/>\n<meta name=\"author\" content=\"Claudia Gallardo\" \/>\n<meta name=\"twitter:card\" content=\"summary_large_image\" \/>\n<meta name=\"twitter:title\" content=\"Historia de los s\u00edntomas de los trastornos mentales\" \/>\n<meta name=\"twitter:description\" content=\"Historia de los s\u00edntomas de los trastornos mentales. La psicopatolog\u00eda descriptiva desde el siglo XIX Berrios, Germ\u00e1n E. Diferentes s\u00edntomas de la patolog\u00eda mental\" \/>\n<meta name=\"twitter:image\" content=\"https:\/\/i0.wp.com\/lafuente.mx\/wp-content\/uploads\/2022\/10\/Captura-de-Pantalla-2022-10-11-a-las-12.08.58-e1665508636772.png?fit=600%2C836&ssl=1\" \/>\n<meta name=\"twitter:label1\" content=\"Escrito por\" \/>\n\t<meta name=\"twitter:data1\" content=\"Claudia Gallardo\" \/>\n\t<meta name=\"twitter:label2\" content=\"Tiempo de lectura\" \/>\n\t<meta name=\"twitter:data2\" content=\"1 minuto\" \/>\n<script type=\"application\/ld+json\" class=\"yoast-schema-graph\">{\"@context\":\"https:\/\/schema.org\",\"@graph\":[{\"@type\":\"WebSite\",\"@id\":\"https:\/\/lafuente.mx\/#website\",\"url\":\"https:\/\/lafuente.mx\/\",\"name\":\"\",\"description\":\"Informaci\u00f3n confiable sobre salud mental\",\"potentialAction\":[{\"@type\":\"SearchAction\",\"target\":{\"@type\":\"EntryPoint\",\"urlTemplate\":\"https:\/\/lafuente.mx\/?s={search_term_string}\"},\"query-input\":\"required name=search_term_string\"}],\"inLanguage\":\"es-MX\"},{\"@type\":\"WebPage\",\"@id\":\"https:\/\/lafuente.mx\/?p=435\",\"url\":\"https:\/\/lafuente.mx\/?p=435\",\"name\":\"Historia de los s\u00edntomas de los trastornos mentales -\",\"isPartOf\":{\"@id\":\"https:\/\/lafuente.mx\/#website\"},\"datePublished\":\"2022-10-11T17:18:10+00:00\",\"dateModified\":\"2022-10-11T18:19:14+00:00\",\"author\":{\"@id\":\"https:\/\/lafuente.mx\/#\/schema\/person\/603f3aa8e2f6f7879021ab722d39d6b0\"},\"description\":\"Historia de los s\u00edntomas de los trastornos mentales. La psicopatolog\u00eda descriptiva desde el siglo XIX Berrios, Germ\u00e1n E. diferentes s\u00edntomas de la patolog\u00eda mental\",\"breadcrumb\":{\"@id\":\"https:\/\/lafuente.mx\/?p=435#breadcrumb\"},\"inLanguage\":\"es-MX\",\"potentialAction\":[{\"@type\":\"ReadAction\",\"target\":[\"https:\/\/lafuente.mx\/?p=435\"]}]},{\"@type\":\"BreadcrumbList\",\"@id\":\"https:\/\/lafuente.mx\/?p=435#breadcrumb\",\"itemListElement\":[{\"@type\":\"ListItem\",\"position\":1,\"name\":\"Inicio\",\"item\":\"https:\/\/lafuente.mx\/\"},{\"@type\":\"ListItem\",\"position\":2,\"name\":\"Historia de los s\u00edntomas de los trastornos mentales\"}]},{\"@type\":\"Person\",\"@id\":\"https:\/\/lafuente.mx\/#\/schema\/person\/603f3aa8e2f6f7879021ab722d39d6b0\",\"name\":\"Claudia Gallardo\",\"image\":{\"@type\":\"ImageObject\",\"inLanguage\":\"es-MX\",\"@id\":\"https:\/\/lafuente.mx\/#\/schema\/person\/image\/\",\"url\":\"https:\/\/secure.gravatar.com\/avatar\/bfe9c966af1ccfb9d17bcdb9d04e8815?s=96&d=mm&r=g\",\"contentUrl\":\"https:\/\/secure.gravatar.com\/avatar\/bfe9c966af1ccfb9d17bcdb9d04e8815?s=96&d=mm&r=g\",\"caption\":\"Claudia Gallardo\"},\"url\":\"https:\/\/lafuente.mx\/?author=3\"}]}<\/script>\n<!-- \/ Yoast SEO plugin. -->","yoast_head_json":{"title":"Historia de los s\u00edntomas de los trastornos mentales -","description":"Historia de los s\u00edntomas de los trastornos mentales. La psicopatolog\u00eda descriptiva desde el siglo XIX Berrios, Germ\u00e1n E. diferentes s\u00edntomas de la patolog\u00eda mental","robots":{"index":"index","follow":"follow","max-snippet":"max-snippet:-1","max-image-preview":"max-image-preview:large","max-video-preview":"max-video-preview:-1"},"canonical":"https:\/\/lafuente.mx\/?p=435","og_locale":"es_MX","og_type":"article","og_title":"Historia de los s\u00edntomas de los trastornos mentales","og_description":"Historia de los s\u00edntomas de los trastornos mentales. La psicopatolog\u00eda descriptiva desde el siglo XIX Berrios, Germ\u00e1n E. Diferentes s\u00edntomas de la patolog\u00eda mental","og_url":"https:\/\/lafuente.mx\/?p=435","article_published_time":"2022-10-11T17:18:10+00:00","article_modified_time":"2022-10-11T18:19:14+00:00","og_image":[{"width":600,"height":836,"url":"http:\/\/lafuente.mx\/wp-content\/uploads\/2022\/10\/Captura-de-Pantalla-2022-10-11-a-las-12.08.58-e1665508636772.png","type":"image\/png"}],"author":"Claudia Gallardo","twitter_card":"summary_large_image","twitter_title":"Historia de los s\u00edntomas de los trastornos mentales","twitter_description":"Historia de los s\u00edntomas de los trastornos mentales. La psicopatolog\u00eda descriptiva desde el siglo XIX Berrios, Germ\u00e1n E. Diferentes s\u00edntomas de la patolog\u00eda mental","twitter_image":"https:\/\/i0.wp.com\/lafuente.mx\/wp-content\/uploads\/2022\/10\/Captura-de-Pantalla-2022-10-11-a-las-12.08.58-e1665508636772.png?fit=600%2C836&ssl=1","twitter_misc":{"Escrito por":"Claudia Gallardo","Tiempo de lectura":"1 minuto"},"schema":{"@context":"https:\/\/schema.org","@graph":[{"@type":"WebSite","@id":"https:\/\/lafuente.mx\/#website","url":"https:\/\/lafuente.mx\/","name":"","description":"Informaci\u00f3n confiable sobre salud mental","potentialAction":[{"@type":"SearchAction","target":{"@type":"EntryPoint","urlTemplate":"https:\/\/lafuente.mx\/?s={search_term_string}"},"query-input":"required name=search_term_string"}],"inLanguage":"es-MX"},{"@type":"WebPage","@id":"https:\/\/lafuente.mx\/?p=435","url":"https:\/\/lafuente.mx\/?p=435","name":"Historia de los s\u00edntomas de los trastornos mentales -","isPartOf":{"@id":"https:\/\/lafuente.mx\/#website"},"datePublished":"2022-10-11T17:18:10+00:00","dateModified":"2022-10-11T18:19:14+00:00","author":{"@id":"https:\/\/lafuente.mx\/#\/schema\/person\/603f3aa8e2f6f7879021ab722d39d6b0"},"description":"Historia de los s\u00edntomas de los trastornos mentales. La psicopatolog\u00eda descriptiva desde el siglo XIX Berrios, Germ\u00e1n E. diferentes s\u00edntomas de la patolog\u00eda mental","breadcrumb":{"@id":"https:\/\/lafuente.mx\/?p=435#breadcrumb"},"inLanguage":"es-MX","potentialAction":[{"@type":"ReadAction","target":["https:\/\/lafuente.mx\/?p=435"]}]},{"@type":"BreadcrumbList","@id":"https:\/\/lafuente.mx\/?p=435#breadcrumb","itemListElement":[{"@type":"ListItem","position":1,"name":"Inicio","item":"https:\/\/lafuente.mx\/"},{"@type":"ListItem","position":2,"name":"Historia de los s\u00edntomas de los trastornos mentales"}]},{"@type":"Person","@id":"https:\/\/lafuente.mx\/#\/schema\/person\/603f3aa8e2f6f7879021ab722d39d6b0","name":"Claudia Gallardo","image":{"@type":"ImageObject","inLanguage":"es-MX","@id":"https:\/\/lafuente.mx\/#\/schema\/person\/image\/","url":"https:\/\/secure.gravatar.com\/avatar\/bfe9c966af1ccfb9d17bcdb9d04e8815?s=96&d=mm&r=g","contentUrl":"https:\/\/secure.gravatar.com\/avatar\/bfe9c966af1ccfb9d17bcdb9d04e8815?s=96&d=mm&r=g","caption":"Claudia Gallardo"},"url":"https:\/\/lafuente.mx\/?author=3"}]}},"jetpack_featured_media_url":"https:\/\/i0.wp.com\/lafuente.mx\/wp-content\/uploads\/2022\/10\/Captura-de-Pantalla-2022-10-11-a-las-12.08.58-e1665508636772.png?fit=600%2C836&ssl=1","jetpack-related-posts":[],"jetpack_sharing_enabled":true,"jetpack_shortlink":"https:\/\/wp.me\/pe9WUx-71","_links":{"self":[{"href":"https:\/\/lafuente.mx\/index.php?rest_route=\/wp\/v2\/posts\/435"}],"collection":[{"href":"https:\/\/lafuente.mx\/index.php?rest_route=\/wp\/v2\/posts"}],"about":[{"href":"https:\/\/lafuente.mx\/index.php?rest_route=\/wp\/v2\/types\/post"}],"author":[{"embeddable":true,"href":"https:\/\/lafuente.mx\/index.php?rest_route=\/wp\/v2\/users\/3"}],"replies":[{"embeddable":true,"href":"https:\/\/lafuente.mx\/index.php?rest_route=%2Fwp%2Fv2%2Fcomments&post=435"}],"version-history":[{"count":2,"href":"https:\/\/lafuente.mx\/index.php?rest_route=\/wp\/v2\/posts\/435\/revisions"}],"predecessor-version":[{"id":442,"href":"https:\/\/lafuente.mx\/index.php?rest_route=\/wp\/v2\/posts\/435\/revisions\/442"}],"wp:featuredmedia":[{"embeddable":true,"href":"https:\/\/lafuente.mx\/index.php?rest_route=\/wp\/v2\/media\/436"}],"wp:attachment":[{"href":"https:\/\/lafuente.mx\/index.php?rest_route=%2Fwp%2Fv2%2Fmedia&parent=435"}],"wp:term":[{"taxonomy":"category","embeddable":true,"href":"https:\/\/lafuente.mx\/index.php?rest_route=%2Fwp%2Fv2%2Fcategories&post=435"},{"taxonomy":"post_tag","embeddable":true,"href":"https:\/\/lafuente.mx\/index.php?rest_route=%2Fwp%2Fv2%2Ftags&post=435"}],"curies":[{"name":"wp","href":"https:\/\/api.w.org\/{rel}","templated":true}]}}