{"id":422,"date":"2022-10-10T18:50:18","date_gmt":"2022-10-10T18:50:18","guid":{"rendered":"https:\/\/lafuente.mx\/?p=422"},"modified":"2022-10-20T13:57:45","modified_gmt":"2022-10-20T13:57:45","slug":"carrera-con-causa","status":"publish","type":"post","link":"https:\/\/lafuente.mx\/?p=422","title":{"rendered":"1a Carrera por el Bienestar y la Salud Mental\u00a0"},"content":{"rendered":"\n<p class=\"has-text-align-center has-text-color has-background has-medium-font-size\" style=\"background-color:#eefc9f;color:#89248e\">El Voluntariado del Instituto Nacional de Psiquiatr\u00eda <br>Ram\u00f3n de la Fuente Mu\u00f1iz <br>y Es tiempo de hablar AC, <br><strong>te invitan a ser parte de la <\/strong><\/p>\n\n\n\n<p class=\"has-text-align-center has-text-color has-larger-font-size\" style=\"color:#8c298c\"><strong>Carrera con causa<\/strong><\/p>\n\n\n<div class=\"wp-block-image\">\n<figure class=\"aligncenter size-large is-resized\"><img decoding=\"async\" src=\"https:\/\/i0.wp.com\/lafuente.mx\/wp-content\/uploads\/2022\/10\/Captura-de-Pantalla-2022-10-10-a-las-13.32.15-edited.png?w=640&#038;ssl=1\" alt=\"\" class=\"wp-image-424\" data-recalc-dims=\"1\" \/><\/figure><\/div>\n\n\n<p>Nuestro objetivo es reducir el estigma y fomentar la b\u00fasqueda de atenci\u00f3n en salud mental&nbsp;<\/p>\n\n\n\n<p class=\"has-text-align-center\">\u00a1S\u00famate y suma a tu familia, amigos, compa\u00f1eros de trabajo!&nbsp;<\/p>\n\n\n\n<p class=\"has-text-align-center has-text-color has-large-font-size\" style=\"color:#900885\"><strong>Nos vemos el 16 de octubre a las 8:00 am. <\/strong><br>en la Puerta 6 del Foro Sol&nbsp;<\/p>\n\n\n\n<hr class=\"wp-block-separator has-text-color has-alpha-channel-opacity has-background\" style=\"background-color:#9f1698;color:#9f1698\"\/>\n\n\n\n<p class=\"has-text-color\" style=\"color:#59707f\">*Pueden adquirir sus boletos en el siguiente link: <a href=\"https:\/\/bit.ly\/3etqU3h\" target=\"_blank\" rel=\"noreferrer noopener\">https:\/\/bit.ly\/3etqU3h<\/a> <br>o en las tiendas de Innovasport&nbsp;<\/p>\n\n\n\n<p class=\"has-text-color\" style=\"color:#59707f\">#Mentalizarte:  #CuidaTuSaludMental&nbsp;<\/p>\n\n\n\n<p class=\"has-text-align-center has-text-color\" style=\"color:#862793\">&nbsp;Habr\u00e1 una sorpresa para quien se registre y participe en las din\u00e1micas <br>de nuestras redes sociales&nbsp;&nbsp;<\/p>\n\n\n<div class=\"wp-block-image\">\n<figure class=\"aligncenter size-full is-resized\"><img decoding=\"async\" loading=\"lazy\" src=\"https:\/\/i0.wp.com\/lafuente.mx\/wp-content\/uploads\/2022\/10\/Captura-de-Pantalla-2022-10-10-a-las-13.40.43.png?resize=194%2C236&#038;ssl=1\" alt=\"\" class=\"wp-image-425\" width=\"194\" height=\"236\" srcset=\"https:\/\/i0.wp.com\/lafuente.mx\/wp-content\/uploads\/2022\/10\/Captura-de-Pantalla-2022-10-10-a-las-13.40.43.png?w=380&amp;ssl=1 380w, https:\/\/i0.wp.com\/lafuente.mx\/wp-content\/uploads\/2022\/10\/Captura-de-Pantalla-2022-10-10-a-las-13.40.43.png?resize=247%2C300&amp;ssl=1 247w\" sizes=\"(max-width: 194px) 100vw, 194px\" data-recalc-dims=\"1\" \/><\/figure><\/div>\n\n\n<div class=\"wp-block-buttons is-layout-flex wp-block-buttons-is-layout-flex\">\n<div class=\"wp-block-button\"><a class=\"wp-block-button__link has-background\" href=\"https:\/\/bit.ly\/3etqU3h \" style=\"background-color:#82c353\">Informaci\u00f3n<\/a><\/div>\n<\/div>\n","protected":false},"excerpt":{"rendered":"<p>El Voluntariado del Instituto Nacional de Psiquiatr\u00eda Ram\u00f3n de la Fuente Mu\u00f1iz y Es tiempo de hablar AC, te invitan a ser parte de la<\/p>\n","protected":false},"author":3,"featured_media":428,"comment_status":"closed","ping_status":"closed","sticky":false,"template":"","format":"standard","meta":{"footnotes":"","jetpack_publicize_message":"","jetpack_is_tweetstorm":false,"jetpack_publicize_feature_enabled":true},"categories":[7,14],"tags":[],"jetpack_publicize_connections":[],"yoast_head":"<!-- This site is optimized with the Yoast SEO plugin v19.4 - https:\/\/yoast.com\/wordpress\/plugins\/seo\/ -->\n<title>1a Carrera por el Bienestar y la Salud Mental\u00a0 -<\/title>\n<meta name=\"description\" content=\"1a Carrera por el Bienestar y la Salud Mental\u00a0\" \/>\n<meta name=\"robots\" content=\"index, follow, max-snippet:-1, max-image-preview:large, max-video-preview:-1\" \/>\n<link rel=\"canonical\" href=\"https:\/\/lafuente.mx\/?p=422\" \/>\n<meta property=\"og:locale\" content=\"es_MX\" \/>\n<meta property=\"og:type\" content=\"article\" \/>\n<meta property=\"og:title\" content=\"1a Carrera por el Bienestar y la Salud Mental\u00a0\" \/>\n<meta property=\"og:description\" content=\"reducir el estigma y fomentar la b\u00fasqueda de atenci\u00f3n en salud mental\u00a0\" \/>\n<meta property=\"og:url\" content=\"https:\/\/lafuente.mx\/?p=422\" \/>\n<meta property=\"article:published_time\" content=\"2022-10-10T18:50:18+00:00\" \/>\n<meta property=\"article:modified_time\" content=\"2022-10-20T13:57:45+00:00\" \/>\n<meta property=\"og:image\" content=\"http:\/\/lafuente.mx\/wp-content\/uploads\/2022\/10\/Captura-de-Pantalla-2022-10-10-a-las-13.32.15-edited-e1665428031688.png\" \/>\n\t<meta property=\"og:image:width\" content=\"800\" \/>\n\t<meta property=\"og:image:height\" content=\"727\" \/>\n\t<meta property=\"og:image:type\" content=\"image\/png\" \/>\n<meta name=\"author\" content=\"Claudia Gallardo\" \/>\n<meta name=\"twitter:card\" content=\"summary_large_image\" \/>\n<meta name=\"twitter:title\" content=\"1a Carrera por el Bienestar y la Salud Mental\u00a0\" \/>\n<meta name=\"twitter:description\" content=\"reducir el estigma y fomentar la b\u00fasqueda de atenci\u00f3n en salud mental\u00a0\" \/>\n<meta name=\"twitter:image\" content=\"https:\/\/i0.wp.com\/lafuente.mx\/wp-content\/uploads\/2022\/10\/Captura-de-Pantalla-2022-10-10-a-las-13.32.15-edited-e1665428031688.png?fit=800%2C727&ssl=1\" \/>\n<meta name=\"twitter:label1\" content=\"Escrito por\" \/>\n\t<meta name=\"twitter:data1\" content=\"Claudia Gallardo\" \/>\n\t<meta name=\"twitter:label2\" content=\"Tiempo de lectura\" \/>\n\t<meta name=\"twitter:data2\" content=\"1 minuto\" \/>\n<script type=\"application\/ld+json\" class=\"yoast-schema-graph\">{\"@context\":\"https:\/\/schema.org\",\"@graph\":[{\"@type\":\"WebSite\",\"@id\":\"https:\/\/lafuente.mx\/#website\",\"url\":\"https:\/\/lafuente.mx\/\",\"name\":\"\",\"description\":\"Informaci\u00f3n confiable sobre salud mental\",\"potentialAction\":[{\"@type\":\"SearchAction\",\"target\":{\"@type\":\"EntryPoint\",\"urlTemplate\":\"https:\/\/lafuente.mx\/?s={search_term_string}\"},\"query-input\":\"required name=search_term_string\"}],\"inLanguage\":\"es-MX\"},{\"@type\":\"WebPage\",\"@id\":\"https:\/\/lafuente.mx\/?p=422\",\"url\":\"https:\/\/lafuente.mx\/?p=422\",\"name\":\"1a Carrera por el Bienestar y la Salud Mental\u00a0 -\",\"isPartOf\":{\"@id\":\"https:\/\/lafuente.mx\/#website\"},\"datePublished\":\"2022-10-10T18:50:18+00:00\",\"dateModified\":\"2022-10-20T13:57:45+00:00\",\"author\":{\"@id\":\"https:\/\/lafuente.mx\/#\/schema\/person\/603f3aa8e2f6f7879021ab722d39d6b0\"},\"description\":\"1a Carrera por el Bienestar y la Salud Mental\u00a0\",\"breadcrumb\":{\"@id\":\"https:\/\/lafuente.mx\/?p=422#breadcrumb\"},\"inLanguage\":\"es-MX\",\"potentialAction\":[{\"@type\":\"ReadAction\",\"target\":[\"https:\/\/lafuente.mx\/?p=422\"]}]},{\"@type\":\"BreadcrumbList\",\"@id\":\"https:\/\/lafuente.mx\/?p=422#breadcrumb\",\"itemListElement\":[{\"@type\":\"ListItem\",\"position\":1,\"name\":\"Inicio\",\"item\":\"https:\/\/lafuente.mx\/\"},{\"@type\":\"ListItem\",\"position\":2,\"name\":\"1a Carrera por el Bienestar y la Salud Mental\u00a0\"}]},{\"@type\":\"Person\",\"@id\":\"https:\/\/lafuente.mx\/#\/schema\/person\/603f3aa8e2f6f7879021ab722d39d6b0\",\"name\":\"Claudia Gallardo\",\"image\":{\"@type\":\"ImageObject\",\"inLanguage\":\"es-MX\",\"@id\":\"https:\/\/lafuente.mx\/#\/schema\/person\/image\/\",\"url\":\"https:\/\/secure.gravatar.com\/avatar\/bfe9c966af1ccfb9d17bcdb9d04e8815?s=96&d=mm&r=g\",\"contentUrl\":\"https:\/\/secure.gravatar.com\/avatar\/bfe9c966af1ccfb9d17bcdb9d04e8815?s=96&d=mm&r=g\",\"caption\":\"Claudia Gallardo\"},\"url\":\"https:\/\/lafuente.mx\/?author=3\"}]}<\/script>\n<!-- \/ Yoast SEO plugin. -->","yoast_head_json":{"title":"1a Carrera por el Bienestar y la Salud Mental\u00a0 -","description":"1a Carrera por el Bienestar y la Salud Mental\u00a0","robots":{"index":"index","follow":"follow","max-snippet":"max-snippet:-1","max-image-preview":"max-image-preview:large","max-video-preview":"max-video-preview:-1"},"canonical":"https:\/\/lafuente.mx\/?p=422","og_locale":"es_MX","og_type":"article","og_title":"1a Carrera por el Bienestar y la Salud Mental\u00a0","og_description":"reducir el estigma y fomentar la b\u00fasqueda de atenci\u00f3n en salud mental\u00a0","og_url":"https:\/\/lafuente.mx\/?p=422","article_published_time":"2022-10-10T18:50:18+00:00","article_modified_time":"2022-10-20T13:57:45+00:00","og_image":[{"width":800,"height":727,"url":"http:\/\/lafuente.mx\/wp-content\/uploads\/2022\/10\/Captura-de-Pantalla-2022-10-10-a-las-13.32.15-edited-e1665428031688.png","type":"image\/png"}],"author":"Claudia Gallardo","twitter_card":"summary_large_image","twitter_title":"1a Carrera por el Bienestar y la Salud Mental\u00a0","twitter_description":"reducir el estigma y fomentar la b\u00fasqueda de atenci\u00f3n en salud mental\u00a0","twitter_image":"https:\/\/i0.wp.com\/lafuente.mx\/wp-content\/uploads\/2022\/10\/Captura-de-Pantalla-2022-10-10-a-las-13.32.15-edited-e1665428031688.png?fit=800%2C727&ssl=1","twitter_misc":{"Escrito por":"Claudia Gallardo","Tiempo de lectura":"1 minuto"},"schema":{"@context":"https:\/\/schema.org","@graph":[{"@type":"WebSite","@id":"https:\/\/lafuente.mx\/#website","url":"https:\/\/lafuente.mx\/","name":"","description":"Informaci\u00f3n confiable sobre salud mental","potentialAction":[{"@type":"SearchAction","target":{"@type":"EntryPoint","urlTemplate":"https:\/\/lafuente.mx\/?s={search_term_string}"},"query-input":"required name=search_term_string"}],"inLanguage":"es-MX"},{"@type":"WebPage","@id":"https:\/\/lafuente.mx\/?p=422","url":"https:\/\/lafuente.mx\/?p=422","name":"1a Carrera por el Bienestar y la Salud Mental\u00a0 -","isPartOf":{"@id":"https:\/\/lafuente.mx\/#website"},"datePublished":"2022-10-10T18:50:18+00:00","dateModified":"2022-10-20T13:57:45+00:00","author":{"@id":"https:\/\/lafuente.mx\/#\/schema\/person\/603f3aa8e2f6f7879021ab722d39d6b0"},"description":"1a Carrera por el Bienestar y la Salud Mental\u00a0","breadcrumb":{"@id":"https:\/\/lafuente.mx\/?p=422#breadcrumb"},"inLanguage":"es-MX","potentialAction":[{"@type":"ReadAction","target":["https:\/\/lafuente.mx\/?p=422"]}]},{"@type":"BreadcrumbList","@id":"https:\/\/lafuente.mx\/?p=422#breadcrumb","itemListElement":[{"@type":"ListItem","position":1,"name":"Inicio","item":"https:\/\/lafuente.mx\/"},{"@type":"ListItem","position":2,"name":"1a Carrera por el Bienestar y la Salud Mental\u00a0"}]},{"@type":"Person","@id":"https:\/\/lafuente.mx\/#\/schema\/person\/603f3aa8e2f6f7879021ab722d39d6b0","name":"Claudia Gallardo","image":{"@type":"ImageObject","inLanguage":"es-MX","@id":"https:\/\/lafuente.mx\/#\/schema\/person\/image\/","url":"https:\/\/secure.gravatar.com\/avatar\/bfe9c966af1ccfb9d17bcdb9d04e8815?s=96&d=mm&r=g","contentUrl":"https:\/\/secure.gravatar.com\/avatar\/bfe9c966af1ccfb9d17bcdb9d04e8815?s=96&d=mm&r=g","caption":"Claudia Gallardo"},"url":"https:\/\/lafuente.mx\/?author=3"}]}},"jetpack_featured_media_url":"https:\/\/i0.wp.com\/lafuente.mx\/wp-content\/uploads\/2022\/10\/Captura-de-Pantalla-2022-10-10-a-las-14.00.05-e1665428475104.png?fit=800%2C455&ssl=1","jetpack-related-posts":[{"id":1638,"url":"https:\/\/lafuente.mx\/?p=1638","url_meta":{"origin":422,"position":0},"title":"2da Carrera por el bienestar y la salud mental","date":"agosto 30, 2023","format":false,"excerpt":"Carrera Caminata es Tiempo de Hablar por la Salud Mental 2023 8 Octubre 2023 Ciudad de M\u00e9xico, CDMX Aut\u00f3dromo Hermanos Rodr\u00edguez \u00a0 Hora de salida:\u00a08:00 Distancia: 3 km 5 km Categor\u00edas Libre Varonil y Femenil a partir de los 13 a\u00f1os carrera 5 km Premiaci\u00f3n Al finalizar la competencia, el\u2026","rel":"","context":"En &quot;Eventos&quot;","img":{"alt_text":"","src":"https:\/\/i0.wp.com\/lafuente.mx\/wp-content\/uploads\/2023\/08\/WhatsApp-Image-2023-08-29-at-10.40.39-AM.jpeg?fit=1200%2C543&ssl=1&resize=350%2C200","width":350,"height":200},"classes":[]},{"id":448,"url":"https:\/\/lafuente.mx\/?p=448","url_meta":{"origin":422,"position":1},"title":"1a Carrera por el Bienestar y la Salud Mental","date":"octubre 19, 2022","format":false,"excerpt":"El pasado 16 de octubre del 2022 celebramos la 1\u00aa Carrera por el Bienestar y la Salud Mental en el Foro Sol. FOTO: INPRFM La Asociaci\u00f3n Civil Es tiempo de hablar, Mentalizarte y el Voluntariado del Instituto Nacional de Psiquiatr\u00eda (INPRFM) nos unimos para organizar este magno evento que tuvo\u2026","rel":"","context":"En &quot;Eventos&quot;","img":{"alt_text":"","src":"https:\/\/i0.wp.com\/lafuente.mx\/wp-content\/uploads\/2022\/10\/1a-Carrera-S-Mental_0001_DSC_0436.jpg?fit=1181%2C784&ssl=1&resize=350%2C200","width":350,"height":200},"classes":[]},{"id":3131,"url":"https:\/\/lafuente.mx\/?p=3131","url_meta":{"origin":422,"position":2},"title":"Comparaci\u00f3n de las ansias de fumar y los s\u00edntomas de abstinencia en tres fases del ciclo menstrual\u00a0","date":"julio 15, 2025","format":false,"excerpt":"Volume 48, Issue 2, March-April 2025 Mariana N\u00fa\u00f1ez-Lauriano\u00a0Carrera de Psicolog\u00eda Facultad de Estudios Superiores Iztacala, UNAM, M\u00e9xico.\u00a0 Jennifer Lira-Mandujano\u00a0Carrera de Psicolog\u00eda Facultad de Estudios Superiores Iztacala, UNAM, M\u00e9xico.\u00a0 Marcela Tiburcio\u00a0Departamento de Ciencias Sociales en Salud, Instituto Nacional de Psiquiatr\u00eda Ram\u00f3n de la Fuente Mu\u00f1iz, M\u00e9xico.\u00a0 M. Carmen Cort\u00e9s Salazar\u00a0Departamento de\u2026","rel":"","context":"En &quot;Revista Salud Mental&quot;","img":{"alt_text":"","src":"https:\/\/i0.wp.com\/lafuente.mx\/wp-content\/uploads\/2025\/07\/NO-FUMAR.jpg?fit=1200%2C884&ssl=1&resize=350%2C200","width":350,"height":200},"classes":[]},{"id":3464,"url":"https:\/\/lafuente.mx\/?p=3464","url_meta":{"origin":422,"position":3},"title":"Batas blancas, cargas invisibles: hablemos de salud mental m\u00e9dica\u00a0","date":"noviembre 24, 2025","format":false,"excerpt":"Nov 3, 2025 | Academia\u00a0 El 28 de octubre se realiz\u00f3 una sesi\u00f3n m\u00e1s del foro Hablemos ClaraMENTE 2025, una iniciativa de la Coordinaci\u00f3n de Investigaci\u00f3n del Departamento de Psiquiatr\u00eda y Salud Mental (DPSM) de la Facultad de Medicina de la UNAM.\u00a0\u00a0 La doctora Ana Fres\u00e1n Orellana, investigadora en Ciencias\u2026","rel":"","context":"En &quot;Noticias&quot;","img":{"alt_text":"","src":"https:\/\/i0.wp.com\/lafuente.mx\/wp-content\/uploads\/2025\/11\/Captura-de-pantalla-2025-11-24-a-las-13.17.48.png?fit=1200%2C606&ssl=1&resize=350%2C200","width":350,"height":200},"classes":[]},{"id":1644,"url":"https:\/\/lafuente.mx\/?p=1644","url_meta":{"origin":422,"position":4},"title":"T\u00e9 de mente","date":"septiembre 4, 2023","format":false,"excerpt":"El podcast donde las neurociencias y la nutrici\u00f3n se mezclan y se fusionan, resultando en una combinaci\u00f3n ganadora. Acompa\u00f1a a Dannia Islas del Instituto Nacional de Psiquiatr\u00eda y Aurora Avila de la carrera de nutriolog\u00eda de la UNAM a descubrir c\u00f3mo tu salud mental y tu alimentaci\u00f3n est\u00e1n m\u00e1s conectadas\u2026","rel":"","context":"En &quot;Podcasts&quot;","img":{"alt_text":"","src":"https:\/\/i0.wp.com\/lafuente.mx\/wp-content\/uploads\/2023\/09\/Logo-TE-D-Mente-fondo.jpg?fit=1200%2C1140&ssl=1&resize=350%2C200","width":350,"height":200},"classes":[]},{"id":1705,"url":"https:\/\/lafuente.mx\/?p=1705","url_meta":{"origin":422,"position":5},"title":"T\u00e9 de mente","date":"septiembre 11, 2023","format":false,"excerpt":"Te de mente, el podcast donde las neurociencias y la nutrici\u00f3n se mezclan y se fusionan, resultando en una combinaci\u00f3n ganadora. Acompa\u00f1a a Dannia Islas del Instituto Nacional de Psiquiatr\u00eda y Aurora Avila de la carrera de nutriolog\u00eda de la UNAM a descubrir c\u00f3mo tu salud mental y tu alimentaci\u00f3n\u2026","rel":"","context":"En &quot;Podcasts&quot;","img":{"alt_text":"","src":"https:\/\/i0.wp.com\/lafuente.mx\/wp-content\/uploads\/2023\/09\/Logo-TE-D-Mente-fondo.jpg?fit=1200%2C1140&ssl=1&resize=350%2C200","width":350,"height":200},"classes":[]}],"jetpack_sharing_enabled":true,"jetpack_shortlink":"https:\/\/wp.me\/pe9WUx-6O","_links":{"self":[{"href":"https:\/\/lafuente.mx\/index.php?rest_route=\/wp\/v2\/posts\/422"}],"collection":[{"href":"https:\/\/lafuente.mx\/index.php?rest_route=\/wp\/v2\/posts"}],"about":[{"href":"https:\/\/lafuente.mx\/index.php?rest_route=\/wp\/v2\/types\/post"}],"author":[{"embeddable":true,"href":"https:\/\/lafuente.mx\/index.php?rest_route=\/wp\/v2\/users\/3"}],"replies":[{"embeddable":true,"href":"https:\/\/lafuente.mx\/index.php?rest_route=%2Fwp%2Fv2%2Fcomments&post=422"}],"version-history":[{"count":8,"href":"https:\/\/lafuente.mx\/index.php?rest_route=\/wp\/v2\/posts\/422\/revisions"}],"predecessor-version":[{"id":475,"href":"https:\/\/lafuente.mx\/index.php?rest_route=\/wp\/v2\/posts\/422\/revisions\/475"}],"wp:featuredmedia":[{"embeddable":true,"href":"https:\/\/lafuente.mx\/index.php?rest_route=\/wp\/v2\/media\/428"}],"wp:attachment":[{"href":"https:\/\/lafuente.mx\/index.php?rest_route=%2Fwp%2Fv2%2Fmedia&parent=422"}],"wp:term":[{"taxonomy":"category","embeddable":true,"href":"https:\/\/lafuente.mx\/index.php?rest_route=%2Fwp%2Fv2%2Fcategories&post=422"},{"taxonomy":"post_tag","embeddable":true,"href":"https:\/\/lafuente.mx\/index.php?rest_route=%2Fwp%2Fv2%2Ftags&post=422"}],"curies":[{"name":"wp","href":"https:\/\/api.w.org\/{rel}","templated":true}]}}