{"id":414,"date":"2022-10-10T17:35:14","date_gmt":"2022-10-10T17:35:14","guid":{"rendered":"https:\/\/lafuente.mx\/?p=414"},"modified":"2022-10-13T17:10:15","modified_gmt":"2022-10-13T17:10:15","slug":"dia-mundial-de-la-salud-mental","status":"publish","type":"post","link":"https:\/\/lafuente.mx\/?p=414","title":{"rendered":"D\u00eda Mundial de la Salud Mental"},"content":{"rendered":"\n<hr class=\"wp-block-separator has-text-color has-vivid-red-color has-alpha-channel-opacity has-vivid-red-background-color has-background\"\/>\n\n\n\n<p class=\"has-text-align-center has-text-color has-large-font-size\" style=\"color:#b00d0d\"><strong>10 de octubre<\/strong><\/p>\n\n\n<div class=\"wp-block-image\">\n<figure class=\"aligncenter size-full\"><img decoding=\"async\" loading=\"lazy\" width=\"640\" height=\"384\" src=\"https:\/\/i0.wp.com\/lafuente.mx\/wp-content\/uploads\/2022\/10\/brain.jpeg?resize=640%2C384&#038;ssl=1\" alt=\"\" class=\"wp-image-419\" srcset=\"https:\/\/i0.wp.com\/lafuente.mx\/wp-content\/uploads\/2022\/10\/brain.jpeg?w=800&amp;ssl=1 800w, https:\/\/i0.wp.com\/lafuente.mx\/wp-content\/uploads\/2022\/10\/brain.jpeg?resize=300%2C180&amp;ssl=1 300w, https:\/\/i0.wp.com\/lafuente.mx\/wp-content\/uploads\/2022\/10\/brain.jpeg?resize=768%2C461&amp;ssl=1 768w\" sizes=\"(max-width: 640px) 100vw, 640px\" data-recalc-dims=\"1\" \/><figcaption>El cerebro. Imagen: medicalxpress.com<\/figcaption><\/figure><\/div>\n\n\n<p class=\"has-text-color\" style=\"color:#611313\">El D\u00eda Mundial de la Salud Mental, que se celebra anualmente el 10 de octubre, tiene como objetivo concientizar acerca de los problemas de salud mental en todo el mundo.&nbsp;<\/p>\n\n\n\n<p class=\"has-text-color\" style=\"color:#611313\"><strong>\u00a8Dale like a la salud mental. Por el derecho a crecer en bienestar\u00a8 <\/strong>es el lema seleccionado para conmemorar el D\u00eda Mundial de la Salud Mental 2022, que se celebra el pr\u00f3ximo 10 de octubre. Como en a\u00f1os anteriores, la Confederaci\u00f3n ha abierto un proceso de votaci\u00f3n popular online, que comenz\u00f3 el pasado 19 de mayo y termin\u00f3 ayer, 26 de mayo, para seleccionar una de las cinco opciones presentadas para esta edici\u00f3n, que ha estado muy re\u00f1ida.&nbsp;<\/p>\n\n\n\n<hr class=\"wp-block-separator has-text-color has-vivid-red-color has-alpha-channel-opacity has-vivid-red-background-color has-background\"\/>\n\n\n\n<div class=\"wp-block-buttons is-layout-flex wp-block-buttons-is-layout-flex\">\n<div class=\"wp-block-button\"><a class=\"wp-block-button__link\" href=\"https:\/\/www.who.int\/es\/campaigns\/world-mental-health-day\" target=\"_blank\" rel=\"noreferrer noopener\">M\u00e1s informaci\u00f3n<\/a><\/div>\n<\/div>\n","protected":false},"excerpt":{"rendered":"<p>10 de octubre El D\u00eda Mundial de la Salud Mental, que se celebra anualmente el 10 de octubre, tiene como objetivo concientizar acerca de los<\/p>\n","protected":false},"author":3,"featured_media":419,"comment_status":"closed","ping_status":"closed","sticky":false,"template":"","format":"standard","meta":{"footnotes":"","jetpack_publicize_message":"","jetpack_is_tweetstorm":false,"jetpack_publicize_feature_enabled":true},"categories":[13],"tags":[],"jetpack_publicize_connections":[],"yoast_head":"<!-- This site is optimized with the Yoast SEO plugin v19.4 - https:\/\/yoast.com\/wordpress\/plugins\/seo\/ -->\n<title>D\u00eda Mundial de la Salud Mental -<\/title>\n<meta name=\"description\" content=\"D\u00eda Mundial de la Salud Mental\" \/>\n<meta name=\"robots\" content=\"index, follow, max-snippet:-1, max-image-preview:large, max-video-preview:-1\" \/>\n<link rel=\"canonical\" href=\"https:\/\/lafuente.mx\/?p=414\" \/>\n<meta property=\"og:locale\" content=\"es_MX\" \/>\n<meta property=\"og:type\" content=\"article\" \/>\n<meta property=\"og:title\" content=\"D\u00eda Mundial de la Salud Mental\" \/>\n<meta property=\"og:description\" content=\"EFEMERIDE\" \/>\n<meta property=\"og:url\" content=\"https:\/\/lafuente.mx\/?p=414\" \/>\n<meta property=\"article:published_time\" content=\"2022-10-10T17:35:14+00:00\" \/>\n<meta property=\"article:modified_time\" content=\"2022-10-13T17:10:15+00:00\" \/>\n<meta property=\"og:image\" content=\"http:\/\/lafuente.mx\/wp-content\/uploads\/2022\/10\/brain.jpeg\" \/>\n\t<meta property=\"og:image:width\" content=\"800\" \/>\n\t<meta property=\"og:image:height\" content=\"480\" \/>\n\t<meta property=\"og:image:type\" content=\"image\/jpeg\" \/>\n<meta name=\"author\" content=\"Claudia Gallardo\" \/>\n<meta name=\"twitter:card\" content=\"summary_large_image\" \/>\n<meta name=\"twitter:title\" content=\"D\u00eda Mundial de la Salud Mental\" \/>\n<meta name=\"twitter:description\" content=\"Efemeride\" \/>\n<meta name=\"twitter:image\" content=\"https:\/\/i0.wp.com\/lafuente.mx\/wp-content\/uploads\/2022\/10\/brain.jpeg?fit=800%2C480&ssl=1\" \/>\n<meta name=\"twitter:label1\" content=\"Escrito por\" \/>\n\t<meta name=\"twitter:data1\" content=\"Claudia Gallardo\" \/>\n\t<meta name=\"twitter:label2\" content=\"Tiempo de lectura\" \/>\n\t<meta name=\"twitter:data2\" content=\"1 minuto\" \/>\n<script type=\"application\/ld+json\" class=\"yoast-schema-graph\">{\"@context\":\"https:\/\/schema.org\",\"@graph\":[{\"@type\":\"WebSite\",\"@id\":\"https:\/\/lafuente.mx\/#website\",\"url\":\"https:\/\/lafuente.mx\/\",\"name\":\"\",\"description\":\"Informaci\u00f3n confiable sobre salud mental\",\"potentialAction\":[{\"@type\":\"SearchAction\",\"target\":{\"@type\":\"EntryPoint\",\"urlTemplate\":\"https:\/\/lafuente.mx\/?s={search_term_string}\"},\"query-input\":\"required name=search_term_string\"}],\"inLanguage\":\"es-MX\"},{\"@type\":\"WebPage\",\"@id\":\"https:\/\/lafuente.mx\/?p=414\",\"url\":\"https:\/\/lafuente.mx\/?p=414\",\"name\":\"D\u00eda Mundial de la Salud Mental -\",\"isPartOf\":{\"@id\":\"https:\/\/lafuente.mx\/#website\"},\"datePublished\":\"2022-10-10T17:35:14+00:00\",\"dateModified\":\"2022-10-13T17:10:15+00:00\",\"author\":{\"@id\":\"https:\/\/lafuente.mx\/#\/schema\/person\/603f3aa8e2f6f7879021ab722d39d6b0\"},\"description\":\"D\u00eda Mundial de la Salud Mental\",\"breadcrumb\":{\"@id\":\"https:\/\/lafuente.mx\/?p=414#breadcrumb\"},\"inLanguage\":\"es-MX\",\"potentialAction\":[{\"@type\":\"ReadAction\",\"target\":[\"https:\/\/lafuente.mx\/?p=414\"]}]},{\"@type\":\"BreadcrumbList\",\"@id\":\"https:\/\/lafuente.mx\/?p=414#breadcrumb\",\"itemListElement\":[{\"@type\":\"ListItem\",\"position\":1,\"name\":\"Inicio\",\"item\":\"https:\/\/lafuente.mx\/\"},{\"@type\":\"ListItem\",\"position\":2,\"name\":\"D\u00eda Mundial de la Salud Mental\"}]},{\"@type\":\"Person\",\"@id\":\"https:\/\/lafuente.mx\/#\/schema\/person\/603f3aa8e2f6f7879021ab722d39d6b0\",\"name\":\"Claudia Gallardo\",\"image\":{\"@type\":\"ImageObject\",\"inLanguage\":\"es-MX\",\"@id\":\"https:\/\/lafuente.mx\/#\/schema\/person\/image\/\",\"url\":\"https:\/\/secure.gravatar.com\/avatar\/bfe9c966af1ccfb9d17bcdb9d04e8815?s=96&d=mm&r=g\",\"contentUrl\":\"https:\/\/secure.gravatar.com\/avatar\/bfe9c966af1ccfb9d17bcdb9d04e8815?s=96&d=mm&r=g\",\"caption\":\"Claudia Gallardo\"},\"url\":\"https:\/\/lafuente.mx\/?author=3\"}]}<\/script>\n<!-- \/ Yoast SEO plugin. -->","yoast_head_json":{"title":"D\u00eda Mundial de la Salud Mental -","description":"D\u00eda Mundial de la Salud Mental","robots":{"index":"index","follow":"follow","max-snippet":"max-snippet:-1","max-image-preview":"max-image-preview:large","max-video-preview":"max-video-preview:-1"},"canonical":"https:\/\/lafuente.mx\/?p=414","og_locale":"es_MX","og_type":"article","og_title":"D\u00eda Mundial de la Salud Mental","og_description":"EFEMERIDE","og_url":"https:\/\/lafuente.mx\/?p=414","article_published_time":"2022-10-10T17:35:14+00:00","article_modified_time":"2022-10-13T17:10:15+00:00","og_image":[{"width":800,"height":480,"url":"http:\/\/lafuente.mx\/wp-content\/uploads\/2022\/10\/brain.jpeg","type":"image\/jpeg"}],"author":"Claudia Gallardo","twitter_card":"summary_large_image","twitter_title":"D\u00eda Mundial de la Salud Mental","twitter_description":"Efemeride","twitter_image":"https:\/\/i0.wp.com\/lafuente.mx\/wp-content\/uploads\/2022\/10\/brain.jpeg?fit=800%2C480&ssl=1","twitter_misc":{"Escrito por":"Claudia Gallardo","Tiempo de lectura":"1 minuto"},"schema":{"@context":"https:\/\/schema.org","@graph":[{"@type":"WebSite","@id":"https:\/\/lafuente.mx\/#website","url":"https:\/\/lafuente.mx\/","name":"","description":"Informaci\u00f3n confiable sobre salud mental","potentialAction":[{"@type":"SearchAction","target":{"@type":"EntryPoint","urlTemplate":"https:\/\/lafuente.mx\/?s={search_term_string}"},"query-input":"required name=search_term_string"}],"inLanguage":"es-MX"},{"@type":"WebPage","@id":"https:\/\/lafuente.mx\/?p=414","url":"https:\/\/lafuente.mx\/?p=414","name":"D\u00eda Mundial de la Salud Mental -","isPartOf":{"@id":"https:\/\/lafuente.mx\/#website"},"datePublished":"2022-10-10T17:35:14+00:00","dateModified":"2022-10-13T17:10:15+00:00","author":{"@id":"https:\/\/lafuente.mx\/#\/schema\/person\/603f3aa8e2f6f7879021ab722d39d6b0"},"description":"D\u00eda Mundial de la Salud Mental","breadcrumb":{"@id":"https:\/\/lafuente.mx\/?p=414#breadcrumb"},"inLanguage":"es-MX","potentialAction":[{"@type":"ReadAction","target":["https:\/\/lafuente.mx\/?p=414"]}]},{"@type":"BreadcrumbList","@id":"https:\/\/lafuente.mx\/?p=414#breadcrumb","itemListElement":[{"@type":"ListItem","position":1,"name":"Inicio","item":"https:\/\/lafuente.mx\/"},{"@type":"ListItem","position":2,"name":"D\u00eda Mundial de la Salud Mental"}]},{"@type":"Person","@id":"https:\/\/lafuente.mx\/#\/schema\/person\/603f3aa8e2f6f7879021ab722d39d6b0","name":"Claudia Gallardo","image":{"@type":"ImageObject","inLanguage":"es-MX","@id":"https:\/\/lafuente.mx\/#\/schema\/person\/image\/","url":"https:\/\/secure.gravatar.com\/avatar\/bfe9c966af1ccfb9d17bcdb9d04e8815?s=96&d=mm&r=g","contentUrl":"https:\/\/secure.gravatar.com\/avatar\/bfe9c966af1ccfb9d17bcdb9d04e8815?s=96&d=mm&r=g","caption":"Claudia Gallardo"},"url":"https:\/\/lafuente.mx\/?author=3"}]}},"jetpack_featured_media_url":"https:\/\/i0.wp.com\/lafuente.mx\/wp-content\/uploads\/2022\/10\/brain.jpeg?fit=800%2C480&ssl=1","jetpack-related-posts":[{"id":3343,"url":"https:\/\/lafuente.mx\/?p=3343","url_meta":{"origin":414,"position":0},"title":"D\u00eda mundial de la salud mental","date":"octubre 10, 2025","format":false,"excerpt":"En este 10 de octubre, conmemoramos el D\u00eda Mundial de la Salud Mental y queremos que este d\u00eda no pase desapercibido. \ud83d\udd38 Escucha las voces de nuestros especialistas\ud83d\udd38 Reflexiona con nosotros sobre lo que significa el bienestar emocional\ud83d\udd38 Comparte este mensaje: que cada comienzo sea un paso hacia un futuro\u2026","rel":"","context":"En &quot;Efem\u00e9rides de Salud Mental&quot;","img":{"alt_text":"","src":"https:\/\/i0.wp.com\/lafuente.mx\/wp-content\/uploads\/2025\/10\/Mesa-de-trabajo-1-100.jpg?fit=1200%2C675&ssl=1&resize=350%2C200","width":350,"height":200},"classes":[]},{"id":1744,"url":"https:\/\/lafuente.mx\/?p=1744","url_meta":{"origin":414,"position":1},"title":"Tema del D\u00eda Mundial de la Salud Mental","date":"octubre 10, 2023","format":false,"excerpt":"'LA SALUD MENTAL ES UN DERECHO HUMANO UNIVERSAL'\u00a0 El 10 de octubre de 2023 celebraremos el D\u00eda Mundial de la Salud Mental con el tema 'La salud mental es un derecho humano universal' elegido mediante una votaci\u00f3n global abierta al p\u00fablico, incluidos los miembros, las partes interesadas y los partidarios\u2026","rel":"","context":"En &quot;Efem\u00e9rides de Salud Mental&quot;","img":{"alt_text":"","src":"https:\/\/i0.wp.com\/lafuente.mx\/wp-content\/uploads\/2023\/09\/salud-mental2.jpeg?fit=1200%2C541&ssl=1&resize=350%2C200","width":350,"height":200},"classes":[]},{"id":1753,"url":"https:\/\/lafuente.mx\/?p=1753","url_meta":{"origin":414,"position":2},"title":"Salud mental, salud mundial: un derecho universal","date":"octubre 9, 2023","format":false,"excerpt":"CONFERENCIA 10 de octubre 12:00 horas Hablemos de salud mental 10 DE CADA MES Ponentes: Shoshana Berenzon GornDiana Sheinbaum Lerner M\u00e1s informaci\u00f3n","rel":"","context":"En &quot;Eventos Acad\u00e9micos del INPRFM&quot;","img":{"alt_text":"","src":"https:\/\/i0.wp.com\/lafuente.mx\/wp-content\/uploads\/2023\/10\/WhatsApp-Image-2023-10-09-at-1.39.05-PM.jpeg?fit=1200%2C899&ssl=1&resize=350%2C200","width":350,"height":200},"classes":[]},{"id":1790,"url":"https:\/\/lafuente.mx\/?p=1790","url_meta":{"origin":414,"position":3},"title":"En M\u00e9xico, nuevo modelo de salud mental y adicciones acerca servicios a la comunidad","date":"octubre 23, 2023","format":false,"excerpt":"Comisi\u00f3n Nacional de Salud Mental y Adicciones Ciudad de M\u00e9xico, 11 de octubre de 2023. El nuevo modelo de salud mental y adicciones permite acercar esos servicios a la comunidad, a trav\u00e9s de una red de 341 Centros Comunitarios de Salud Mental y Adicciones (Cecosama) que garantizan el acceso equitativo\u2026","rel":"","context":"En &quot;Noticias&quot;","img":{"alt_text":"","src":"https:\/\/i0.wp.com\/lafuente.mx\/wp-content\/uploads\/2023\/10\/image.png?fit=650%2C380&ssl=1&resize=350%2C200","width":350,"height":200},"classes":[]},{"id":1860,"url":"https:\/\/lafuente.mx\/?p=1860","url_meta":{"origin":414,"position":4},"title":"\u00bfQu\u00e9 tanto influye la obesidad en la salud mental?\u00a0","date":"noviembre 10, 2023","format":false,"excerpt":"Entre el 30 y el 60% de las personas con obesidad experimentan condiciones de salud mental, como depresi\u00f3n, ansiedad, baja autoestima o alteraciones en su comportamiento alimentario.\u00a0 Por\u00a0Redacci\u00f3n\/GH\u00a0 11 de Octubre de 2023\u00a0 Ciudad de M\u00e9xico Expertos alertan sobre la conexi\u00f3n entre\u00a0la obesidad y la salud mental,\u00a0una preocupaci\u00f3n cada vez\u2026","rel":"","context":"En &quot;Noticias&quot;","img":{"alt_text":"","src":"https:\/\/i0.wp.com\/lafuente.mx\/wp-content\/uploads\/2023\/11\/600x400_hambre-emocional-dreamstime.jpeg?fit=600%2C400&ssl=1&resize=350%2C200","width":350,"height":200},"classes":[]},{"id":3353,"url":"https:\/\/lafuente.mx\/?p=3353","url_meta":{"origin":414,"position":5},"title":"El Instituto Nacional de Psiquiatr\u00eda referente destacado en el estudio y tratamiento de las enfermedades mentales","date":"octubre 20, 2025","format":false,"excerpt":"9 de octubre de 2025 El instituto cuenta con m\u00e1s de 100 personas investigadoras pertenecientes al SNI y tiene en curso 179 protocolos. Adem\u00e1s ocupa el tercer lugar del \u00cdndice H de citaciones en art\u00edculos publicados en revistas especializadas\u00a0 En el marco del D\u00eda Mundial de la Salud Mental se\u2026","rel":"","context":"En &quot;Noticias&quot;","img":{"alt_text":"","src":"https:\/\/i0.wp.com\/lafuente.mx\/wp-content\/uploads\/2025\/10\/RAI-XL_0007_DSC_0046.jpg?fit=1200%2C797&ssl=1&resize=350%2C200","width":350,"height":200},"classes":[]}],"jetpack_sharing_enabled":true,"jetpack_shortlink":"https:\/\/wp.me\/pe9WUx-6G","_links":{"self":[{"href":"https:\/\/lafuente.mx\/index.php?rest_route=\/wp\/v2\/posts\/414"}],"collection":[{"href":"https:\/\/lafuente.mx\/index.php?rest_route=\/wp\/v2\/posts"}],"about":[{"href":"https:\/\/lafuente.mx\/index.php?rest_route=\/wp\/v2\/types\/post"}],"author":[{"embeddable":true,"href":"https:\/\/lafuente.mx\/index.php?rest_route=\/wp\/v2\/users\/3"}],"replies":[{"embeddable":true,"href":"https:\/\/lafuente.mx\/index.php?rest_route=%2Fwp%2Fv2%2Fcomments&post=414"}],"version-history":[{"count":3,"href":"https:\/\/lafuente.mx\/index.php?rest_route=\/wp\/v2\/posts\/414\/revisions"}],"predecessor-version":[{"id":421,"href":"https:\/\/lafuente.mx\/index.php?rest_route=\/wp\/v2\/posts\/414\/revisions\/421"}],"wp:featuredmedia":[{"embeddable":true,"href":"https:\/\/lafuente.mx\/index.php?rest_route=\/wp\/v2\/media\/419"}],"wp:attachment":[{"href":"https:\/\/lafuente.mx\/index.php?rest_route=%2Fwp%2Fv2%2Fmedia&parent=414"}],"wp:term":[{"taxonomy":"category","embeddable":true,"href":"https:\/\/lafuente.mx\/index.php?rest_route=%2Fwp%2Fv2%2Fcategories&post=414"},{"taxonomy":"post_tag","embeddable":true,"href":"https:\/\/lafuente.mx\/index.php?rest_route=%2Fwp%2Fv2%2Ftags&post=414"}],"curies":[{"name":"wp","href":"https:\/\/api.w.org\/{rel}","templated":true}]}}