{"id":410,"date":"2022-10-10T17:19:06","date_gmt":"2022-10-10T17:19:06","guid":{"rendered":"https:\/\/lafuente.mx\/?p=410"},"modified":"2022-10-26T19:50:57","modified_gmt":"2022-10-26T19:50:57","slug":"inician-en-el-senado-campana-para-prevenir-consumo-de-alcohol","status":"publish","type":"post","link":"https:\/\/lafuente.mx\/?p=410","title":{"rendered":"Inician en el Senado campa\u00f1a para prevenir consumo de alcohol\u00a0"},"content":{"rendered":"\n<hr class=\"wp-block-separator has-alpha-channel-opacity\"\/>\n\n\n\n<p class=\"has-text-color\" style=\"color:#c86925\"><strong>Jorge Ameth Villatoro Vel\u00e1zquez, Investigador del Instituto Nacional de Psiquiatr\u00eda Ram\u00f3n de la Fuente Mu\u00f1iz, refiri\u00f3 que el consumo promedio de alcohol en el pa\u00eds es de 4.9 litros; el consumo per c\u00e1pita de los hombres de 15 a 65 a\u00f1os de edad es de 7.87 litros por persona, y de las mujeres 2.12 litros, puntualiz\u00f3.&nbsp;<\/strong><\/p>\n\n\n\n<hr class=\"wp-block-separator has-alpha-channel-opacity\"\/>\n\n\n<div class=\"wp-block-image\">\n<figure class=\"aligncenter size-full\"><img decoding=\"async\" loading=\"lazy\" width=\"560\" height=\"368\" src=\"https:\/\/i0.wp.com\/lafuente.mx\/wp-content\/uploads\/2022\/10\/jovenes_4.jpeg?resize=560%2C368&#038;ssl=1\" alt=\"\" class=\"wp-image-478\" srcset=\"https:\/\/i0.wp.com\/lafuente.mx\/wp-content\/uploads\/2022\/10\/jovenes_4.jpeg?w=560&amp;ssl=1 560w, https:\/\/i0.wp.com\/lafuente.mx\/wp-content\/uploads\/2022\/10\/jovenes_4.jpeg?resize=300%2C197&amp;ssl=1 300w\" sizes=\"(max-width: 560px) 100vw, 560px\" data-recalc-dims=\"1\" \/><figcaption>Foto: www.factoriatalentoadecco.es<\/figcaption><\/figure><\/div>\n\n\n<p class=\"has-text-color\" style=\"color:#6b6b6b\">La presidenta de la Comisi\u00f3n de Salud, Margarita Valdez Mart\u00ednez, dio inicio a la Campa\u00f1a de Comunicaci\u00f3n e Incidencia para la Prevenci\u00f3n, Detecci\u00f3n, Control y Disuasi\u00f3n del Consumo <br>de Alcohol.&nbsp;<\/p>\n\n\n\n<p class=\"has-text-color\" style=\"color:#6b6b6b\">Valdez Mart\u00ednez denunci\u00f3 que gran parte de la violencia que sufre nuestro pa\u00eds est\u00e1 causada por <br>la ingesta del alcohol, ya que se pierde totalmente el control de la personalidad. \u201cNo s\u00f3lo es un mensaje de salud, sino de paz y tranquilidad\u201d.&nbsp;<\/p>\n\n\n\n<p class=\"has-text-color\" style=\"color:#6b6b6b\">En ese tenor, la legisladora de Morena indic\u00f3 que esta afirmaci\u00f3n se demuestra en la violencia <br>que se ha presentado en eventos deportivos y festivales culturales, en los que la ingesta de alcohol es recurrente.&nbsp;<\/p>\n\n\n\n<p class=\"has-text-color\" style=\"color:#6b6b6b\">Este problema, detall\u00f3, no se limita a accidentes de tr\u00e1nsito o peleas en estadios, sino que se convierte en un problema de violencia intrafamiliar; \u201cno podemos hacer que no lo vemos, ni quedarnos callados ante tanta desolaci\u00f3n en las familias mexicanas\u201d, asent\u00f3.&nbsp;<\/p>\n\n\n\n<p class=\"has-text-color\" style=\"color:#6b6b6b\">La senadora asegur\u00f3 que el consumo del alcohol, en todas las sociedades, es cultural; sin embargo, se\u00f1al\u00f3 que se ha convertido en un acostumbre nociva que no se ha podido frenar, pues se convirti\u00f3, desde el siglo pasado, en un negocio sin l\u00edmites que no piensa en el da\u00f1o que hace a la salud p\u00fablica.&nbsp;<\/p>\n\n\n\n<p class=\"has-text-color\" style=\"color:#6b6b6b\">El alcoholismo en M\u00e9xico es un problema grave que son s\u00f3lo afecta a los hombres, sino tambi\u00e9n a las mujeres, adolescentes e infantes. Adem\u00e1s, inform\u00f3 que causa enfermedades y padecimientos graves y costosos.&nbsp;<\/p>\n\n\n\n<p class=\"has-text-color\" style=\"color:#6b6b6b\">Mario Zapata, asesor internacional de Enfermedades No Transmitibles y Salud Mental de la Organizaci\u00f3n Panamericana de la Salud, dijo que es necesaria una legislaci\u00f3n para regular el consumo del alcohol, pues es igual o m\u00e1s da\u00f1ino que el tabaco. Anualmente, acot\u00f3, mueren tres millones de personas en el mundo por el uso de esta sustancia.&nbsp;<\/p>\n\n\n\n<hr class=\"wp-block-separator has-alpha-channel-opacity\"\/>\n\n\n\n<div class=\"wp-block-buttons is-layout-flex wp-block-buttons-is-layout-flex\">\n<div class=\"wp-block-button\"><a class=\"wp-block-button__link has-luminous-vivid-amber-background-color has-background\" href=\"https:\/\/morena.senado.gob.mx\/2022\/09\/05\/inician-en-el-senado-campana-para-prevenir-consumo-de-alcohol\/\" target=\"_blank\" rel=\"noreferrer noopener\">M\u00e1s informaci\u00f3n<\/a><\/div>\n<\/div>\n","protected":false},"excerpt":{"rendered":"<p>Jorge Ameth Villatoro Vel\u00e1zquez, Investigador del Instituto Nacional de Psiquiatr\u00eda Ram\u00f3n de la Fuente Mu\u00f1iz, refiri\u00f3 que el consumo promedio de alcohol en el pa\u00eds<\/p>\n","protected":false},"author":3,"featured_media":478,"comment_status":"closed","ping_status":"closed","sticky":false,"template":"","format":"standard","meta":{"footnotes":"","jetpack_publicize_message":"","jetpack_is_tweetstorm":false,"jetpack_publicize_feature_enabled":true},"categories":[3],"tags":[],"jetpack_publicize_connections":[],"yoast_head":"<!-- This site is optimized with the Yoast SEO plugin v19.4 - https:\/\/yoast.com\/wordpress\/plugins\/seo\/ -->\n<title>Inician en el Senado campa\u00f1a para prevenir consumo de alcohol\u00a0 -<\/title>\n<meta name=\"description\" content=\"Inician en el Senado campa\u00f1a para prevenir consumo de alcohol\u00a0\" \/>\n<meta name=\"robots\" content=\"index, follow, max-snippet:-1, max-image-preview:large, max-video-preview:-1\" \/>\n<link rel=\"canonical\" href=\"https:\/\/lafuente.mx\/?p=410\" \/>\n<meta property=\"og:locale\" content=\"es_MX\" \/>\n<meta property=\"og:type\" content=\"article\" \/>\n<meta property=\"og:title\" content=\"Inician en el Senado campa\u00f1a para prevenir consumo de alcohol\u00a0\" \/>\n<meta property=\"og:description\" content=\"el consumo promedio de alcohol en el pa\u00eds es de 4.9 litros; el consumo per c\u00e1pita de los hombres de 15 a 65 a\u00f1os de edad es de 7.87 litros por persona, y de las mujeres 2.12 litros\" \/>\n<meta property=\"og:url\" content=\"https:\/\/lafuente.mx\/?p=410\" \/>\n<meta property=\"article:published_time\" content=\"2022-10-10T17:19:06+00:00\" \/>\n<meta property=\"article:modified_time\" content=\"2022-10-26T19:50:57+00:00\" \/>\n<meta property=\"og:image\" content=\"http:\/\/lafuente.mx\/wp-content\/uploads\/2022\/10\/jovenes_4.jpeg\" \/>\n\t<meta property=\"og:image:width\" content=\"560\" \/>\n\t<meta property=\"og:image:height\" content=\"368\" \/>\n\t<meta property=\"og:image:type\" content=\"image\/jpeg\" \/>\n<meta name=\"author\" content=\"Claudia Gallardo\" \/>\n<meta name=\"twitter:card\" content=\"summary_large_image\" \/>\n<meta name=\"twitter:title\" content=\"Inician en el Senado campa\u00f1a para prevenir consumo de alcohol\u00a0\" \/>\n<meta name=\"twitter:description\" content=\"el consumo promedio de alcohol en el pa\u00eds es de 4.9 litros; el consumo per c\u00e1pita de los hombres de 15 a 65 a\u00f1os de edad es de 7.87 litros por persona, y de las mujeres 2.12 litros\" \/>\n<meta name=\"twitter:image\" content=\"https:\/\/i0.wp.com\/lafuente.mx\/wp-content\/uploads\/2022\/10\/jovenes_4.jpeg?fit=560%2C368&ssl=1\" \/>\n<meta name=\"twitter:label1\" content=\"Escrito por\" \/>\n\t<meta name=\"twitter:data1\" content=\"Claudia Gallardo\" \/>\n\t<meta name=\"twitter:label2\" content=\"Tiempo de lectura\" \/>\n\t<meta name=\"twitter:data2\" content=\"2 minutos\" \/>\n<script type=\"application\/ld+json\" class=\"yoast-schema-graph\">{\"@context\":\"https:\/\/schema.org\",\"@graph\":[{\"@type\":\"WebSite\",\"@id\":\"https:\/\/lafuente.mx\/#website\",\"url\":\"https:\/\/lafuente.mx\/\",\"name\":\"\",\"description\":\"Informaci\u00f3n confiable sobre salud mental\",\"potentialAction\":[{\"@type\":\"SearchAction\",\"target\":{\"@type\":\"EntryPoint\",\"urlTemplate\":\"https:\/\/lafuente.mx\/?s={search_term_string}\"},\"query-input\":\"required name=search_term_string\"}],\"inLanguage\":\"es-MX\"},{\"@type\":\"WebPage\",\"@id\":\"https:\/\/lafuente.mx\/?p=410\",\"url\":\"https:\/\/lafuente.mx\/?p=410\",\"name\":\"Inician en el Senado campa\u00f1a para prevenir consumo de alcohol\u00a0 -\",\"isPartOf\":{\"@id\":\"https:\/\/lafuente.mx\/#website\"},\"datePublished\":\"2022-10-10T17:19:06+00:00\",\"dateModified\":\"2022-10-26T19:50:57+00:00\",\"author\":{\"@id\":\"https:\/\/lafuente.mx\/#\/schema\/person\/603f3aa8e2f6f7879021ab722d39d6b0\"},\"description\":\"Inician en el Senado campa\u00f1a para prevenir consumo de alcohol\u00a0\",\"breadcrumb\":{\"@id\":\"https:\/\/lafuente.mx\/?p=410#breadcrumb\"},\"inLanguage\":\"es-MX\",\"potentialAction\":[{\"@type\":\"ReadAction\",\"target\":[\"https:\/\/lafuente.mx\/?p=410\"]}]},{\"@type\":\"BreadcrumbList\",\"@id\":\"https:\/\/lafuente.mx\/?p=410#breadcrumb\",\"itemListElement\":[{\"@type\":\"ListItem\",\"position\":1,\"name\":\"Inicio\",\"item\":\"https:\/\/lafuente.mx\/\"},{\"@type\":\"ListItem\",\"position\":2,\"name\":\"Inician en el Senado campa\u00f1a para prevenir consumo de alcohol\u00a0\"}]},{\"@type\":\"Person\",\"@id\":\"https:\/\/lafuente.mx\/#\/schema\/person\/603f3aa8e2f6f7879021ab722d39d6b0\",\"name\":\"Claudia Gallardo\",\"image\":{\"@type\":\"ImageObject\",\"inLanguage\":\"es-MX\",\"@id\":\"https:\/\/lafuente.mx\/#\/schema\/person\/image\/\",\"url\":\"https:\/\/secure.gravatar.com\/avatar\/bfe9c966af1ccfb9d17bcdb9d04e8815?s=96&d=mm&r=g\",\"contentUrl\":\"https:\/\/secure.gravatar.com\/avatar\/bfe9c966af1ccfb9d17bcdb9d04e8815?s=96&d=mm&r=g\",\"caption\":\"Claudia Gallardo\"},\"url\":\"https:\/\/lafuente.mx\/?author=3\"}]}<\/script>\n<!-- \/ Yoast SEO plugin. -->","yoast_head_json":{"title":"Inician en el Senado campa\u00f1a para prevenir consumo de alcohol\u00a0 -","description":"Inician en el Senado campa\u00f1a para prevenir consumo de alcohol\u00a0","robots":{"index":"index","follow":"follow","max-snippet":"max-snippet:-1","max-image-preview":"max-image-preview:large","max-video-preview":"max-video-preview:-1"},"canonical":"https:\/\/lafuente.mx\/?p=410","og_locale":"es_MX","og_type":"article","og_title":"Inician en el Senado campa\u00f1a para prevenir consumo de alcohol\u00a0","og_description":"el consumo promedio de alcohol en el pa\u00eds es de 4.9 litros; el consumo per c\u00e1pita de los hombres de 15 a 65 a\u00f1os de edad es de 7.87 litros por persona, y de las mujeres 2.12 litros","og_url":"https:\/\/lafuente.mx\/?p=410","article_published_time":"2022-10-10T17:19:06+00:00","article_modified_time":"2022-10-26T19:50:57+00:00","og_image":[{"width":560,"height":368,"url":"http:\/\/lafuente.mx\/wp-content\/uploads\/2022\/10\/jovenes_4.jpeg","type":"image\/jpeg"}],"author":"Claudia Gallardo","twitter_card":"summary_large_image","twitter_title":"Inician en el Senado campa\u00f1a para prevenir consumo de alcohol\u00a0","twitter_description":"el consumo promedio de alcohol en el pa\u00eds es de 4.9 litros; el consumo per c\u00e1pita de los hombres de 15 a 65 a\u00f1os de edad es de 7.87 litros por persona, y de las mujeres 2.12 litros","twitter_image":"https:\/\/i0.wp.com\/lafuente.mx\/wp-content\/uploads\/2022\/10\/jovenes_4.jpeg?fit=560%2C368&ssl=1","twitter_misc":{"Escrito por":"Claudia Gallardo","Tiempo de lectura":"2 minutos"},"schema":{"@context":"https:\/\/schema.org","@graph":[{"@type":"WebSite","@id":"https:\/\/lafuente.mx\/#website","url":"https:\/\/lafuente.mx\/","name":"","description":"Informaci\u00f3n confiable sobre salud mental","potentialAction":[{"@type":"SearchAction","target":{"@type":"EntryPoint","urlTemplate":"https:\/\/lafuente.mx\/?s={search_term_string}"},"query-input":"required name=search_term_string"}],"inLanguage":"es-MX"},{"@type":"WebPage","@id":"https:\/\/lafuente.mx\/?p=410","url":"https:\/\/lafuente.mx\/?p=410","name":"Inician en el Senado campa\u00f1a para prevenir consumo de alcohol\u00a0 -","isPartOf":{"@id":"https:\/\/lafuente.mx\/#website"},"datePublished":"2022-10-10T17:19:06+00:00","dateModified":"2022-10-26T19:50:57+00:00","author":{"@id":"https:\/\/lafuente.mx\/#\/schema\/person\/603f3aa8e2f6f7879021ab722d39d6b0"},"description":"Inician en el Senado campa\u00f1a para prevenir consumo de alcohol\u00a0","breadcrumb":{"@id":"https:\/\/lafuente.mx\/?p=410#breadcrumb"},"inLanguage":"es-MX","potentialAction":[{"@type":"ReadAction","target":["https:\/\/lafuente.mx\/?p=410"]}]},{"@type":"BreadcrumbList","@id":"https:\/\/lafuente.mx\/?p=410#breadcrumb","itemListElement":[{"@type":"ListItem","position":1,"name":"Inicio","item":"https:\/\/lafuente.mx\/"},{"@type":"ListItem","position":2,"name":"Inician en el Senado campa\u00f1a para prevenir consumo de alcohol\u00a0"}]},{"@type":"Person","@id":"https:\/\/lafuente.mx\/#\/schema\/person\/603f3aa8e2f6f7879021ab722d39d6b0","name":"Claudia Gallardo","image":{"@type":"ImageObject","inLanguage":"es-MX","@id":"https:\/\/lafuente.mx\/#\/schema\/person\/image\/","url":"https:\/\/secure.gravatar.com\/avatar\/bfe9c966af1ccfb9d17bcdb9d04e8815?s=96&d=mm&r=g","contentUrl":"https:\/\/secure.gravatar.com\/avatar\/bfe9c966af1ccfb9d17bcdb9d04e8815?s=96&d=mm&r=g","caption":"Claudia Gallardo"},"url":"https:\/\/lafuente.mx\/?author=3"}]}},"jetpack_featured_media_url":"https:\/\/i0.wp.com\/lafuente.mx\/wp-content\/uploads\/2022\/10\/jovenes_4.jpeg?fit=560%2C368&ssl=1","jetpack-related-posts":[{"id":1349,"url":"https:\/\/lafuente.mx\/?p=1349","url_meta":{"origin":410,"position":0},"title":"Mental Health &#038; Addiction: An Integrated Care in Latin America\u00a0","date":"junio 29, 2023","format":false,"excerpt":"Editor:\u00a0Orlando Scoppetta, Ph.D.\u00a0 Affiliation:\u00a0Nuevos Rumbos Corporation, Colombia\u00a0 Editor:\u00a0Augusto P\u00e9rez-G\u00f3mez, Ph.D.\u00a0 Affiliation:\u00a0Nuevos Rumbos Corporation, Colombia\u00a0 Editor:\u00a0Juliana Mej\u00eda Trujillo, M.A., Ph.D. Candidate\u00a0 Affiliation:\u00a0Maastricht University, Netherlands\u00a0 Editor:\u00a0Masood Zangeneh, Ph.D.\u00a0 Affiliation:\u00a0Humber College Institute of Technology and Advanced Learning, Canada\u00a0 Marycarmen Noem\u00ed Bustos Gami\u00f1o, Jorge A. Villatoro Vel\u00e1zquez, Norberto Francisco Hern\u00e1ndez Llanes, Clara Fleiz Bautista,\u2026","rel":"","context":"En &quot;Publicaciones&quot;","img":{"alt_text":"","src":"https:\/\/i0.wp.com\/lafuente.mx\/wp-content\/uploads\/2023\/06\/alcohol-getty.webp?fit=595%2C334&ssl=1&resize=350%2C200","width":350,"height":200},"classes":[]},{"id":3461,"url":"https:\/\/lafuente.mx\/?p=3461","url_meta":{"origin":410,"position":1},"title":"La interrelaci\u00f3n del consumo de alcohol de los padres, las pr\u00e1cticas de los padres y el consumo excesivo de alcohol entre estudiantes de secundaria y preparatoria: an\u00e1lisis de una encuesta nacional\u00a0","date":"noviembre 20, 2025","format":false,"excerpt":"Raquel Mondrag\u00f3n G\u00f3mez 1, Jorge A. Villatoro Vel\u00e1zquez 2,\u00a0 *Maria Elena Medina-Mora Icaza1, 3, 4 Emilia Lucio y G\u00f3mez Maqueo 1\u00a0 1 Facultad de Psicolog\u00eda, Universidad Nacional Aut\u00f3noma de M\u00e9xico (UNAM), Ciudad de M\u00e9xico, M\u00e9xico\u00a0 2 Instituto Nacional de Psiquiatr\u00eda Ram\u00f3n de la Fuente Mu\u00f1iz (INPRFM), Ciudad de M\u00e9xico, M\u00e9xico\u00a0\u2026","rel":"","context":"En &quot;Publicaciones&quot;","img":{"alt_text":"","src":"https:\/\/i0.wp.com\/lafuente.mx\/wp-content\/uploads\/2025\/11\/ChatGPT-Image-20-nov-2025-02_33_11-p.m.png?fit=1200%2C800&ssl=1&resize=350%2C200","width":350,"height":200},"classes":[]},{"id":1513,"url":"https:\/\/lafuente.mx\/?p=1513","url_meta":{"origin":410,"position":2},"title":"Intervenciones breves en adicciones\u00a0","date":"julio 27, 2023","format":false,"excerpt":"Curso en l\u00ednea\u00a0\u00a0 Imagen INPRFM Del 21 de agosto al 23 de octubre de 2023\u00a0 Coordinadora acad\u00e9mica: Dra. Marcela Tiburcio Sainz\u00a0 Dirigido a: Profesionales de la salud y afines\u00a0 Objetivo:\u00a0 Capacitar a orientadores en la detecci\u00f3n temprana del consumo de sustancias y en la aplicaci\u00f3n de intervenciones breves para modificar\u2026","rel":"","context":"En &quot;Cursos en l\u00ednea&quot;","img":{"alt_text":"","src":"https:\/\/i0.wp.com\/lafuente.mx\/wp-content\/uploads\/2023\/07\/DSC_0017-scaled.jpg?fit=1200%2C797&ssl=1&resize=350%2C200","width":350,"height":200},"classes":[]},{"id":1217,"url":"https:\/\/lafuente.mx\/?p=1217","url_meta":{"origin":410,"position":3},"title":"Familia y adicciones\u00a0","date":"mayo 16, 2023","format":false,"excerpt":"Del 5 de junio al 31 de julio, 2023\u00a0 Curso en l\u00ednea\u00a0 Coordinadora acad\u00e9mica:\u00a0Dra. Guillermina Natera Rey\u00a0 Dirigido a:\u00a0 Profesionales de la salud y afines\u00a0 Objetivo general:\u00a0 Formar orientadores para intervenir y apoyar a las familias a enfrentar la problem\u00e1tica de consumo de alcohol o drogas de alguno de sus\u2026","rel":"","context":"En &quot;Cursos&quot;","img":{"alt_text":"","src":"https:\/\/i0.wp.com\/lafuente.mx\/wp-content\/uploads\/2023\/05\/Captura-de-Pantalla-2023-05-15-a-las-10.26.24.png?fit=1200%2C765&ssl=1&resize=350%2C200","width":350,"height":200},"classes":[]},{"id":716,"url":"https:\/\/lafuente.mx\/?p=716","url_meta":{"origin":410,"position":4},"title":"Ayuda para familiares de consumidores de alcohol y droga","date":"febrero 13, 2023","format":false,"excerpt":"Este es un programa en l\u00ednea que proporciona orientaci\u00f3n a las personas que est\u00e1n preocupadas por el consumo de alcohol o drogas de alg\u00fan integrante de su familia. Facilita la interacci\u00f3n con personas que han vivido una situaci\u00f3n similar. Puedes acceder a \u00e9l las 24 horas del d\u00eda a trav\u00e9s\u2026","rel":"","context":"En &quot;Informaci\u00f3n de inter\u00e9s&quot;","img":{"alt_text":"digital marketing, cell phones, technology-2718413.jpg","src":"https:\/\/i0.wp.com\/lafuente.mx\/wp-content\/uploads\/2023\/02\/digital-marketing-cell-phones-technology-2718413.jpg?fit=1200%2C798&ssl=1&resize=350%2C200","width":350,"height":200},"classes":[]},{"id":1343,"url":"https:\/\/lafuente.mx\/?p=1343","url_meta":{"origin":410,"position":5},"title":"Explora H: Una intervenci\u00f3n de bajo costo para la prevenci\u00f3n en salud mental\u00a0","date":"junio 27, 2023","format":false,"excerpt":"Imagen Explora H Autores*: Jorge A. Villatoro Vel\u00e1zquez, Itzia Sayuri Soto Hern\u00e1ndez, Marycarmen Bustos Gami\u00f1o, Raquel Mondrag\u00f3n G\u00f3mez.\u00a0 Las prevalencias del consumo de alcohol, tabaco y otras drogas en poblaci\u00f3n adolescente de nuestro pa\u00eds\u00a0y, en general, del continente americano,\u00a0han mostrado un incremento importante. As\u00ed mismo, se observ\u00f3 un incremento en\u2026","rel":"","context":"En &quot;Informaci\u00f3n de inter\u00e9s&quot;","img":{"alt_text":"","src":"https:\/\/i0.wp.com\/lafuente.mx\/wp-content\/uploads\/2023\/06\/Captura-de-Pantalla-2023-06-27-a-las-10.32.09.png?fit=1200%2C690&ssl=1&resize=350%2C200","width":350,"height":200},"classes":[]}],"jetpack_sharing_enabled":true,"jetpack_shortlink":"https:\/\/wp.me\/pe9WUx-6C","_links":{"self":[{"href":"https:\/\/lafuente.mx\/index.php?rest_route=\/wp\/v2\/posts\/410"}],"collection":[{"href":"https:\/\/lafuente.mx\/index.php?rest_route=\/wp\/v2\/posts"}],"about":[{"href":"https:\/\/lafuente.mx\/index.php?rest_route=\/wp\/v2\/types\/post"}],"author":[{"embeddable":true,"href":"https:\/\/lafuente.mx\/index.php?rest_route=\/wp\/v2\/users\/3"}],"replies":[{"embeddable":true,"href":"https:\/\/lafuente.mx\/index.php?rest_route=%2Fwp%2Fv2%2Fcomments&post=410"}],"version-history":[{"count":3,"href":"https:\/\/lafuente.mx\/index.php?rest_route=\/wp\/v2\/posts\/410\/revisions"}],"predecessor-version":[{"id":493,"href":"https:\/\/lafuente.mx\/index.php?rest_route=\/wp\/v2\/posts\/410\/revisions\/493"}],"wp:featuredmedia":[{"embeddable":true,"href":"https:\/\/lafuente.mx\/index.php?rest_route=\/wp\/v2\/media\/478"}],"wp:attachment":[{"href":"https:\/\/lafuente.mx\/index.php?rest_route=%2Fwp%2Fv2%2Fmedia&parent=410"}],"wp:term":[{"taxonomy":"category","embeddable":true,"href":"https:\/\/lafuente.mx\/index.php?rest_route=%2Fwp%2Fv2%2Fcategories&post=410"},{"taxonomy":"post_tag","embeddable":true,"href":"https:\/\/lafuente.mx\/index.php?rest_route=%2Fwp%2Fv2%2Ftags&post=410"}],"curies":[{"name":"wp","href":"https:\/\/api.w.org\/{rel}","templated":true}]}}