{"id":3972,"date":"2026-08-31T16:43:56","date_gmt":"2026-08-31T16:43:56","guid":{"rendered":"https:\/\/lafuente.mx\/?p=3972"},"modified":"2026-08-31T16:43:58","modified_gmt":"2026-08-31T16:43:58","slug":"calidad-del-sueno-ansiedad-y-depresion-en-estudiantes-de-medicina-un-modelo-mediador","status":"publish","type":"post","link":"https:\/\/lafuente.mx\/?p=3972","title":{"rendered":"Calidad del sue\u00f1o, ansiedad y depresi\u00f3n en estudiantes de medicina: un modelo mediador\u00a0"},"content":{"rendered":"\n<p class=\"has-text-align-center has-large-font-size wp-block-paragraph\"><strong>Vol. 49 No. 3 (2026): Salud mental<\/strong><\/p>\n\n\n\n<hr class=\"wp-block-separator has-text-color has-alpha-channel-opacity has-background\" style=\"background-color:#4795c5;color:#4795c5\"\/>\n\n\n\n<p class=\"has-large-font-size wp-block-paragraph\">Adri\u00e1n Josu\u00e9 Lizcano Ba\u00f1os,<sub><sup>1<\/sup><\/sub>, Beatriz\u00a0Mart\u00ednez Ram\u00edrez,<sup>1<\/sup>, Edgar\u00a0Fernando Pe\u00f1a Torres,<sup>2<\/sup>, Mar\u00eda\u00a0de Lourdes Rojas Armadillo,<sup>1<\/sup>, Daniela\u00a0Le\u00f3n Rojas,<sup>3<\/sup>, Gabriel\u00a0Antonio Santos Montalvo,<sup>1<\/sup>, Nissa\u00a0Yaing Torres Soto <sup>1<\/sup>\u00a0<\/p>\n\n\n\n<p class=\"has-small-font-size wp-block-paragraph\">1\u00a0Universidad\u00a0Aut\u00f3noma del Estado de Quintana Roo, Divisi\u00f3n de Ciencias de la Salud, Chetumal, Quintana\u00a0Roo, M\u00e9xico.\u00a0<\/p>\n\n\n\n<p class=\"has-small-font-size wp-block-paragraph\">2\u00a0Universidad\u00a0del Caribe, Ciencias de la Salud, Canc\u00fan, Quintana Roo, M\u00e9xico.\u00a0<\/p>\n\n\n\n<p class=\"has-small-font-size wp-block-paragraph\">3&nbsp;Instituto&nbsp;Tecnol\u00f3gico de Monterrey, Escuela de Medicina y Ciencias de la Salud, Monterrey, Nuevo Le\u00f3n, M\u00e9xico&nbsp;<\/p>\n\n\n\n<hr class=\"wp-block-separator has-text-color has-alpha-channel-opacity has-background is-style-wide\" style=\"background-color:#2f739b;color:#2f739b\"\/>\n\n\n\n<p class=\"has-text-color has-link-color has-medium-font-size wp-elements-55012911fa5574bf1dd5c4318803223c wp-block-paragraph\" style=\"color:#391160\"><strong>Introducci\u00f3n.<\/strong>\u00a0La asociaci\u00f3n entre el sue\u00f1o y la salud mental se ha visto en el contexto cl\u00ednico ya que las personas que presentan alg\u00fan trastorno del sue\u00f1o son m\u00e1s propensas a sufrir de alg\u00fan trastorno mental. Los estudiantes de Medicina son una poblaci\u00f3n en riesgo por el poco tiempo con el que cuentan para dormir.\u00a0<br>\u00a0<br><strong>Objetivo.<\/strong>\u00a0Evaluar un Modelo de Ecuaciones Estructurales que prediga la presencia de depresi\u00f3n mediado por la ansiedad de acuerdo con la calidad del sue\u00f1o de los estudiantes.\u00a0<br>\u00a0<br><strong>M\u00e9todo.<\/strong>\u00a0Se realiz\u00f3 un estudio cuantitativo, descriptivo y transversal con estudiantes de medicina de la Universidad Aut\u00f3noma del Estado de Quintana Roo en Chetumal, Quintana Roo, M\u00e9xico de febrero a noviembre del 2023. Los estudiantes fueron encuestados sobre factores sociodemogr\u00e1ficos, calidad del sue\u00f1o, as\u00ed como s\u00edntomas de ansiedad y depresi\u00f3n.\u00a0<\/p>\n\n\n\n<figure class=\"wp-block-image size-large\"><img data-recalc-dims=\"1\" fetchpriority=\"high\" decoding=\"async\" width=\"640\" height=\"640\" src=\"https:\/\/i0.wp.com\/lafuente.mx\/wp-content\/uploads\/2026\/08\/moon-star-nature-boy-fishing-dream-dreamy-clouds-4450739.jpg?resize=640%2C640\" alt=\"moon, star, nature, boy, fishing, dream, dreamy, clouds-4450739.jpg\" class=\"wp-image-3973\" srcset=\"https:\/\/i0.wp.com\/lafuente.mx\/wp-content\/uploads\/2026\/08\/moon-star-nature-boy-fishing-dream-dreamy-clouds-4450739.jpg?resize=1024%2C1024&amp;ssl=1 1024w, https:\/\/i0.wp.com\/lafuente.mx\/wp-content\/uploads\/2026\/08\/moon-star-nature-boy-fishing-dream-dreamy-clouds-4450739.jpg?resize=300%2C300&amp;ssl=1 300w, https:\/\/i0.wp.com\/lafuente.mx\/wp-content\/uploads\/2026\/08\/moon-star-nature-boy-fishing-dream-dreamy-clouds-4450739.jpg?resize=150%2C150&amp;ssl=1 150w, https:\/\/i0.wp.com\/lafuente.mx\/wp-content\/uploads\/2026\/08\/moon-star-nature-boy-fishing-dream-dreamy-clouds-4450739.jpg?resize=768%2C768&amp;ssl=1 768w, https:\/\/i0.wp.com\/lafuente.mx\/wp-content\/uploads\/2026\/08\/moon-star-nature-boy-fishing-dream-dreamy-clouds-4450739.jpg?w=1280&amp;ssl=1 1280w\" sizes=\"(max-width: 640px) 100vw, 640px\" \/><\/figure>\n\n\n\n<p class=\"has-text-color has-link-color has-medium-font-size wp-elements-c0766b13467c0b1272a9c26bcc6f5324 wp-block-paragraph\" style=\"color:#391160\">\u00a0<br><strong>Resultados.<\/strong>\u00a0Se encuestaron a 200 estudiantes con un promedio de edad de 19.9 a\u00f1os para proponer un Modelo de Ecuaciones Estructurales el cual demostr\u00f3 que una pobre calidad del sue\u00f1o afecta positiva y significativamente en la depresi\u00f3n, siendo mediado por la ansiedad. No se encontr\u00f3 una asociaci\u00f3n directa entre calidad del sue\u00f1o y depresi\u00f3n.\u00a0<br>\u00a0<br><strong>Discusi\u00f3n y conclusi\u00f3n.<\/strong>\u00a0Se observ\u00f3 una gran prevalencia de pobre calidad del sue\u00f1o (75%), superando lo reportado en Brasil (68.8%), China (19%) y Lituania (40%), demostrando a su vez que las mujeres presentan ansiedad y depresi\u00f3n m\u00e1s frecuentemente. Este estudio demuestra que una pobre calidad del sue\u00f1o contribuye a un incremento en los niveles de ansiedad y depresi\u00f3n de los estudiantes de Medicina.\u00a0<\/p>\n\n\n\n<hr class=\"wp-block-separator has-text-color has-alpha-channel-opacity has-background is-style-wide\" style=\"background-color:#2f739b;color:#2f739b\"\/>\n\n\n\n<div class=\"wp-block-buttons is-layout-flex wp-block-buttons-is-layout-flex\">\n<div class=\"wp-block-button\"><a class=\"wp-block-button__link has-background has-medium-font-size has-custom-font-size wp-element-button\" href=\"https:\/\/revistasaludmental.gob.mx\/index.php\/salud_mental\/article\/view\/SM.0185-3325.2026.18\" style=\"background-color:#306f94\"><strong>M\u00e1s informaci\u00f3n<\/strong><\/a><\/div>\n<\/div>\n","protected":false},"excerpt":{"rendered":"<p>Vol. 49 No. 3 (2026): Salud mental Adri\u00e1n Josu\u00e9 Lizcano Ba\u00f1os,1, Beatriz\u00a0Mart\u00ednez Ram\u00edrez,1, Edgar\u00a0Fernando Pe\u00f1a Torres,2, Mar\u00eda\u00a0de Lourdes Rojas Armadillo,1, Daniela\u00a0Le\u00f3n Rojas,3, Gabriel\u00a0Antonio Santos Montalvo,1,<\/p>\n","protected":false},"author":3,"featured_media":3973,"comment_status":"open","ping_status":"open","sticky":false,"template":"","format":"standard","meta":{"_jetpack_memberships_contains_paid_content":false,"footnotes":"","jetpack_publicize_message":"","jetpack_publicize_feature_enabled":true,"jetpack_social_post_already_shared":true,"jetpack_social_options":{"image_generator_settings":{"template":"highway","default_image_id":0,"font":"","enabled":false},"version":2}},"categories":[11],"tags":[34,120,321,21,324,33,32,731],"class_list":["post-3972","post","type-post","status-publish","format-standard","has-post-thumbnail","hentry","category-revista-salud-mental","tag-ansiedad","tag-depresion-2","tag-estudiantes","tag-inprfm","tag-medicina","tag-revista","tag-salud-mental","tag-sueno"],"yoast_head":"<!-- This site is optimized with the Yoast SEO plugin v19.4 - https:\/\/yoast.com\/wordpress\/plugins\/seo\/ -->\n<title>Calidad del sue\u00f1o, ansiedad y depresi\u00f3n en estudiantes de medicina: un modelo mediador\u00a0 -<\/title>\n<meta name=\"description\" content=\"La asociaci\u00f3n entre el sue\u00f1o y la salud mental se ha visto en el contexto cl\u00ednico ya que las personas que presentan alg\u00fan trastorno del sue\u00f1o son m\u00e1s propensas a sufrir de alg\u00fan trastorno mental. Los estudiantes de Medicina son una poblaci\u00f3n en riesgo por el poco tiempo con el que cuentan para dormir.\u00a0\" \/>\n<meta name=\"robots\" content=\"index, follow, max-snippet:-1, max-image-preview:large, max-video-preview:-1\" \/>\n<link rel=\"canonical\" href=\"https:\/\/lafuente.mx\/?p=3972\" \/>\n<meta property=\"og:locale\" content=\"es_MX\" \/>\n<meta property=\"og:type\" content=\"article\" \/>\n<meta property=\"og:title\" content=\"Calidad del sue\u00f1o, ansiedad y depresi\u00f3n en estudiantes de medicina: un modelo mediador\u00a0 -\" \/>\n<meta property=\"og:description\" content=\"La asociaci\u00f3n entre el sue\u00f1o y la salud mental se ha visto en el contexto cl\u00ednico ya que las personas que presentan alg\u00fan trastorno del sue\u00f1o son m\u00e1s propensas a sufrir de alg\u00fan trastorno mental. Los estudiantes de Medicina son una poblaci\u00f3n en riesgo por el poco tiempo con el que cuentan para dormir.\u00a0\" \/>\n<meta property=\"og:url\" content=\"https:\/\/lafuente.mx\/?p=3972\" \/>\n<meta property=\"article:published_time\" content=\"2026-08-31T16:43:56+00:00\" \/>\n<meta property=\"article:modified_time\" content=\"2026-08-31T16:43:58+00:00\" \/>\n<meta property=\"og:image\" content=\"http:\/\/lafuente.mx\/wp-content\/uploads\/2026\/08\/moon-star-nature-boy-fishing-dream-dreamy-clouds-4450739.jpg\" \/>\n\t<meta property=\"og:image:width\" content=\"1280\" \/>\n\t<meta property=\"og:image:height\" content=\"1280\" \/>\n\t<meta property=\"og:image:type\" content=\"image\/jpeg\" \/>\n<meta name=\"author\" content=\"Claudia Gallardo\" \/>\n<meta name=\"twitter:card\" content=\"summary_large_image\" \/>\n<meta name=\"twitter:label1\" content=\"Escrito por\" \/>\n\t<meta name=\"twitter:data1\" content=\"Claudia Gallardo\" \/>\n\t<meta name=\"twitter:label2\" content=\"Tiempo de lectura\" \/>\n\t<meta name=\"twitter:data2\" content=\"2 minutos\" \/>\n<script type=\"application\/ld+json\" class=\"yoast-schema-graph\">{\"@context\":\"https:\/\/schema.org\",\"@graph\":[{\"@type\":\"WebSite\",\"@id\":\"https:\/\/lafuente.mx\/#website\",\"url\":\"https:\/\/lafuente.mx\/\",\"name\":\"\",\"description\":\"Informaci\u00f3n confiable sobre salud mental\",\"potentialAction\":[{\"@type\":\"SearchAction\",\"target\":{\"@type\":\"EntryPoint\",\"urlTemplate\":\"https:\/\/lafuente.mx\/?s={search_term_string}\"},\"query-input\":\"required name=search_term_string\"}],\"inLanguage\":\"es\"},{\"@type\":\"WebPage\",\"@id\":\"https:\/\/lafuente.mx\/?p=3972\",\"url\":\"https:\/\/lafuente.mx\/?p=3972\",\"name\":\"Calidad del sue\u00f1o, ansiedad y depresi\u00f3n en estudiantes de medicina: un modelo mediador\u00a0 -\",\"isPartOf\":{\"@id\":\"https:\/\/lafuente.mx\/#website\"},\"datePublished\":\"2026-08-31T16:43:56+00:00\",\"dateModified\":\"2026-08-31T16:43:58+00:00\",\"author\":{\"@id\":\"https:\/\/lafuente.mx\/#\/schema\/person\/603f3aa8e2f6f7879021ab722d39d6b0\"},\"description\":\"La asociaci\u00f3n entre el sue\u00f1o y la salud mental se ha visto en el contexto cl\u00ednico ya que las personas que presentan alg\u00fan trastorno del sue\u00f1o son m\u00e1s propensas a sufrir de alg\u00fan trastorno mental. Los estudiantes de Medicina son una poblaci\u00f3n en riesgo por el poco tiempo con el que cuentan para dormir.\u00a0\",\"breadcrumb\":{\"@id\":\"https:\/\/lafuente.mx\/?p=3972#breadcrumb\"},\"inLanguage\":\"es\",\"potentialAction\":[{\"@type\":\"ReadAction\",\"target\":[\"https:\/\/lafuente.mx\/?p=3972\"]}]},{\"@type\":\"BreadcrumbList\",\"@id\":\"https:\/\/lafuente.mx\/?p=3972#breadcrumb\",\"itemListElement\":[{\"@type\":\"ListItem\",\"position\":1,\"name\":\"Inicio\",\"item\":\"https:\/\/lafuente.mx\/\"},{\"@type\":\"ListItem\",\"position\":2,\"name\":\"Calidad del sue\u00f1o, ansiedad y depresi\u00f3n en estudiantes de medicina: un modelo mediador\u00a0\"}]},{\"@type\":\"Person\",\"@id\":\"https:\/\/lafuente.mx\/#\/schema\/person\/603f3aa8e2f6f7879021ab722d39d6b0\",\"name\":\"Claudia Gallardo\",\"image\":{\"@type\":\"ImageObject\",\"inLanguage\":\"es\",\"@id\":\"https:\/\/lafuente.mx\/#\/schema\/person\/image\/\",\"url\":\"https:\/\/secure.gravatar.com\/avatar\/57e359df01b381c34a24d792c1867f6e9888011b76e86673f8dd53994603714d?s=96&d=mm&r=g\",\"contentUrl\":\"https:\/\/secure.gravatar.com\/avatar\/57e359df01b381c34a24d792c1867f6e9888011b76e86673f8dd53994603714d?s=96&d=mm&r=g\",\"caption\":\"Claudia Gallardo\"},\"url\":\"https:\/\/lafuente.mx\/?author=3\"}]}<\/script>\n<!-- \/ Yoast SEO plugin. -->","yoast_head_json":{"title":"Calidad del sue\u00f1o, ansiedad y depresi\u00f3n en estudiantes de medicina: un modelo mediador\u00a0 -","description":"La asociaci\u00f3n entre el sue\u00f1o y la salud mental se ha visto en el contexto cl\u00ednico ya que las personas que presentan alg\u00fan trastorno del sue\u00f1o son m\u00e1s propensas a sufrir de alg\u00fan trastorno mental. Los estudiantes de Medicina son una poblaci\u00f3n en riesgo por el poco tiempo con el que cuentan para dormir.\u00a0","robots":{"index":"index","follow":"follow","max-snippet":"max-snippet:-1","max-image-preview":"max-image-preview:large","max-video-preview":"max-video-preview:-1"},"canonical":"https:\/\/lafuente.mx\/?p=3972","og_locale":"es_MX","og_type":"article","og_title":"Calidad del sue\u00f1o, ansiedad y depresi\u00f3n en estudiantes de medicina: un modelo mediador\u00a0 -","og_description":"La asociaci\u00f3n entre el sue\u00f1o y la salud mental se ha visto en el contexto cl\u00ednico ya que las personas que presentan alg\u00fan trastorno del sue\u00f1o son m\u00e1s propensas a sufrir de alg\u00fan trastorno mental. Los estudiantes de Medicina son una poblaci\u00f3n en riesgo por el poco tiempo con el que cuentan para dormir.\u00a0","og_url":"https:\/\/lafuente.mx\/?p=3972","article_published_time":"2026-08-31T16:43:56+00:00","article_modified_time":"2026-08-31T16:43:58+00:00","og_image":[{"width":1280,"height":1280,"url":"http:\/\/lafuente.mx\/wp-content\/uploads\/2026\/08\/moon-star-nature-boy-fishing-dream-dreamy-clouds-4450739.jpg","type":"image\/jpeg"}],"author":"Claudia Gallardo","twitter_card":"summary_large_image","twitter_misc":{"Escrito por":"Claudia Gallardo","Tiempo de lectura":"2 minutos"},"schema":{"@context":"https:\/\/schema.org","@graph":[{"@type":"WebSite","@id":"https:\/\/lafuente.mx\/#website","url":"https:\/\/lafuente.mx\/","name":"","description":"Informaci\u00f3n confiable sobre salud mental","potentialAction":[{"@type":"SearchAction","target":{"@type":"EntryPoint","urlTemplate":"https:\/\/lafuente.mx\/?s={search_term_string}"},"query-input":"required name=search_term_string"}],"inLanguage":"es"},{"@type":"WebPage","@id":"https:\/\/lafuente.mx\/?p=3972","url":"https:\/\/lafuente.mx\/?p=3972","name":"Calidad del sue\u00f1o, ansiedad y depresi\u00f3n en estudiantes de medicina: un modelo mediador\u00a0 -","isPartOf":{"@id":"https:\/\/lafuente.mx\/#website"},"datePublished":"2026-08-31T16:43:56+00:00","dateModified":"2026-08-31T16:43:58+00:00","author":{"@id":"https:\/\/lafuente.mx\/#\/schema\/person\/603f3aa8e2f6f7879021ab722d39d6b0"},"description":"La asociaci\u00f3n entre el sue\u00f1o y la salud mental se ha visto en el contexto cl\u00ednico ya que las personas que presentan alg\u00fan trastorno del sue\u00f1o son m\u00e1s propensas a sufrir de alg\u00fan trastorno mental. Los estudiantes de Medicina son una poblaci\u00f3n en riesgo por el poco tiempo con el que cuentan para dormir.\u00a0","breadcrumb":{"@id":"https:\/\/lafuente.mx\/?p=3972#breadcrumb"},"inLanguage":"es","potentialAction":[{"@type":"ReadAction","target":["https:\/\/lafuente.mx\/?p=3972"]}]},{"@type":"BreadcrumbList","@id":"https:\/\/lafuente.mx\/?p=3972#breadcrumb","itemListElement":[{"@type":"ListItem","position":1,"name":"Inicio","item":"https:\/\/lafuente.mx\/"},{"@type":"ListItem","position":2,"name":"Calidad del sue\u00f1o, ansiedad y depresi\u00f3n en estudiantes de medicina: un modelo mediador\u00a0"}]},{"@type":"Person","@id":"https:\/\/lafuente.mx\/#\/schema\/person\/603f3aa8e2f6f7879021ab722d39d6b0","name":"Claudia Gallardo","image":{"@type":"ImageObject","inLanguage":"es","@id":"https:\/\/lafuente.mx\/#\/schema\/person\/image\/","url":"https:\/\/secure.gravatar.com\/avatar\/57e359df01b381c34a24d792c1867f6e9888011b76e86673f8dd53994603714d?s=96&d=mm&r=g","contentUrl":"https:\/\/secure.gravatar.com\/avatar\/57e359df01b381c34a24d792c1867f6e9888011b76e86673f8dd53994603714d?s=96&d=mm&r=g","caption":"Claudia Gallardo"},"url":"https:\/\/lafuente.mx\/?author=3"}]}},"jetpack_publicize_connections":[],"jetpack_featured_media_url":"https:\/\/i0.wp.com\/lafuente.mx\/wp-content\/uploads\/2026\/08\/moon-star-nature-boy-fishing-dream-dreamy-clouds-4450739.jpg?fit=1280%2C1280&ssl=1","jetpack-related-posts":[],"jetpack_sharing_enabled":true,"jetpack_shortlink":"https:\/\/wp.me\/pe9WUx-124","_links":{"self":[{"href":"https:\/\/lafuente.mx\/index.php?rest_route=\/wp\/v2\/posts\/3972","targetHints":{"allow":["GET"]}}],"collection":[{"href":"https:\/\/lafuente.mx\/index.php?rest_route=\/wp\/v2\/posts"}],"about":[{"href":"https:\/\/lafuente.mx\/index.php?rest_route=\/wp\/v2\/types\/post"}],"author":[{"embeddable":true,"href":"https:\/\/lafuente.mx\/index.php?rest_route=\/wp\/v2\/users\/3"}],"replies":[{"embeddable":true,"href":"https:\/\/lafuente.mx\/index.php?rest_route=%2Fwp%2Fv2%2Fcomments&post=3972"}],"version-history":[{"count":1,"href":"https:\/\/lafuente.mx\/index.php?rest_route=\/wp\/v2\/posts\/3972\/revisions"}],"predecessor-version":[{"id":3974,"href":"https:\/\/lafuente.mx\/index.php?rest_route=\/wp\/v2\/posts\/3972\/revisions\/3974"}],"wp:featuredmedia":[{"embeddable":true,"href":"https:\/\/lafuente.mx\/index.php?rest_route=\/wp\/v2\/media\/3973"}],"wp:attachment":[{"href":"https:\/\/lafuente.mx\/index.php?rest_route=%2Fwp%2Fv2%2Fmedia&parent=3972"}],"wp:term":[{"taxonomy":"category","embeddable":true,"href":"https:\/\/lafuente.mx\/index.php?rest_route=%2Fwp%2Fv2%2Fcategories&post=3972"},{"taxonomy":"post_tag","embeddable":true,"href":"https:\/\/lafuente.mx\/index.php?rest_route=%2Fwp%2Fv2%2Ftags&post=3972"}],"curies":[{"name":"wp","href":"https:\/\/api.w.org\/{rel}","templated":true}]}}