{"id":394,"date":"2022-09-26T17:27:34","date_gmt":"2022-09-26T17:27:34","guid":{"rendered":"https:\/\/lafuente.mx\/?p=394"},"modified":"2022-09-28T12:34:16","modified_gmt":"2022-09-28T12:34:16","slug":"se-acerca-la-fecha","status":"publish","type":"post","link":"https:\/\/lafuente.mx\/?p=394","title":{"rendered":"Se acerca la fecha"},"content":{"rendered":"\n<p class=\"has-text-align-center has-text-color has-large-font-size\" style=\"color:#8c8d8e\">Del 5 al 7 de octubre, 2022<\/p>\n\n\n\n<p class=\"has-text-align-center has-larger-font-size\"><strong>XXXVII Reuni\u00f3n Anual de Investigaci\u00f3n<\/strong> <\/p>\n\n\n\n<p class=\"has-text-align-center has-larger-font-size\">del Instituto Nacional de Psiquiatr\u00eda <\/p>\n\n\n\n<p class=\"has-text-align-center has-larger-font-size\">Ram\u00f3n de la Fuente  Mu\u00f1iz<\/p>\n\n\n\n<hr class=\"wp-block-separator has-alpha-channel-opacity\"\/>\n\n\n\n<p class=\"has-text-align-center has-text-color has-medium-font-size\" style=\"color:#951ca2\"><em>La investigaci\u00f3n en salud mental y su impacto en el bienestar<\/em><\/p>\n\n\n\n<hr class=\"wp-block-separator has-alpha-channel-opacity\"\/>\n\n\n<div class=\"wp-block-image\">\n<figure class=\"aligncenter size-large is-resized\"><img decoding=\"async\" loading=\"lazy\" src=\"https:\/\/i0.wp.com\/lafuente.mx\/wp-content\/uploads\/2022\/08\/Imagen-RAI_Mesa-de-trabajo-1-1.jpg?resize=524%2C404\" alt=\"\" class=\"wp-image-155\" width=\"524\" height=\"404\" srcset=\"https:\/\/i0.wp.com\/lafuente.mx\/wp-content\/uploads\/2022\/08\/Imagen-RAI_Mesa-de-trabajo-1-1.jpg?resize=1024%2C791&amp;ssl=1 1024w, https:\/\/i0.wp.com\/lafuente.mx\/wp-content\/uploads\/2022\/08\/Imagen-RAI_Mesa-de-trabajo-1-1.jpg?resize=300%2C232&amp;ssl=1 300w, https:\/\/i0.wp.com\/lafuente.mx\/wp-content\/uploads\/2022\/08\/Imagen-RAI_Mesa-de-trabajo-1-1.jpg?resize=768%2C593&amp;ssl=1 768w, https:\/\/i0.wp.com\/lafuente.mx\/wp-content\/uploads\/2022\/08\/Imagen-RAI_Mesa-de-trabajo-1-1.jpg?resize=1536%2C1187&amp;ssl=1 1536w, https:\/\/i0.wp.com\/lafuente.mx\/wp-content\/uploads\/2022\/08\/Imagen-RAI_Mesa-de-trabajo-1-1.jpg?w=1650&amp;ssl=1 1650w, https:\/\/i0.wp.com\/lafuente.mx\/wp-content\/uploads\/2022\/08\/Imagen-RAI_Mesa-de-trabajo-1-1.jpg?w=1280 1280w\" sizes=\"(max-width: 524px) 100vw, 524px\" data-recalc-dims=\"1\" \/><\/figure><\/div>\n\n\n<p class=\"has-text-color\" style=\"color:#818181\"><strong>Dirigida:<\/strong> a estudiantes y profesionales de la salud mental<\/p>\n\n\n\n<p class=\"has-text-align-left\">En esta reuni\u00f3n asisten distinguidos ponentes nacionales y extranjeros que presentan los resultados de sus l\u00edneas de investigaci\u00f3n en los diferentes campos de las neurociencias, la psiquiatr\u00eda y la salud mental, y nuestros investigadores exponen los avances de sus proyectos. Cada una de las diferentes \u00e1reas que conforman esta Instituci\u00f3n muestra de qu\u00e9 manera el quehacer diario redunda en una mayor productividad cient\u00edfica con temas de vanguardia y originalidad.<\/p>\n\n\n\n<p>Si usted ya se registro el a\u00f1o pasado solo debe iniciar sesi\u00f3n en la p\u00e1gina <a href=\"https:\/\/rai.untwrk.com\/sesion\/\" target=\"_blank\" rel=\"noreferrer noopener\">https:\/\/rai.untwrk.com\/sesion\/ <\/a><\/p>\n\n\n\n<p>Si no recuerda su contrase\u00f1a usted la podr\u00e1 recuperar a trav\u00e9s de su correo electr\u00f3nico.<\/p>\n\n\n\n<p>Ahora s\u00ed, puedes consultar el programa completo en:  h<a href=\"\/\/rai.untwrk.com\/programa\/\" target=\"_blank\" rel=\"noreferrer noopener\">ttps:\/\/rai.untwrk.com\/programa\/ <\/a><\/p>\n\n\n\n<div class=\"wp-block-buttons is-layout-flex wp-block-buttons-is-layout-flex\">\n<div class=\"wp-block-button is-style-fill\"><a class=\"wp-block-button__link has-vivid-cyan-blue-background-color has-background\" href=\"https:\/\/www.facebook.com\/PsiquiatriaRAI\" target=\"_blank\" rel=\"noreferrer noopener\">Visita nuestro Facebook  <\/a><\/div>\n<\/div>\n","protected":false},"excerpt":{"rendered":"<p>Del 5 al 7 de octubre, 2022 XXXVII Reuni\u00f3n Anual de Investigaci\u00f3n del Instituto Nacional de Psiquiatr\u00eda Ram\u00f3n de la Fuente Mu\u00f1iz La investigaci\u00f3n en<\/p>\n","protected":false},"author":3,"featured_media":155,"comment_status":"open","ping_status":"open","sticky":false,"template":"","format":"standard","meta":{"footnotes":"","jetpack_publicize_message":"","jetpack_is_tweetstorm":false,"jetpack_publicize_feature_enabled":true},"categories":[8],"tags":[],"jetpack_publicize_connections":[],"yoast_head":"<!-- This site is optimized with the Yoast SEO plugin v19.4 - https:\/\/yoast.com\/wordpress\/plugins\/seo\/ -->\n<title>Se acerca la fecha -<\/title>\n<meta name=\"robots\" content=\"index, follow, max-snippet:-1, max-image-preview:large, max-video-preview:-1\" \/>\n<link rel=\"canonical\" href=\"https:\/\/lafuente.mx\/?p=394\" \/>\n<meta property=\"og:locale\" content=\"es_MX\" \/>\n<meta property=\"og:type\" content=\"article\" \/>\n<meta property=\"og:title\" content=\"XXXVII Reuni\u00f3n Anual de Investigaci\u00f3n del Instituto Nacional de Psiquiatr\u00eda Ram\u00f3n de la Fuente Mu\u00f1iz\" \/>\n<meta property=\"og:description\" content=\"En esta reuni\u00f3n asisten distinguidos ponentes nacionales y extranjeros que presentan los resultados de sus l\u00edneas de investigaci\u00f3n en los diferentes campos de las neurociencias, la psiquiatr\u00eda y la salud mental, y nuestros investigadores exponen los avances de sus proyectos. Cada una de las diferentes \u00e1reas que conforman esta Instituci\u00f3n muestra de qu\u00e9 manera el quehacer diario redunda en una mayor productividad cient\u00edfica con temas de vanguardia y originalidad\" \/>\n<meta property=\"og:url\" content=\"https:\/\/lafuente.mx\/?p=394\" \/>\n<meta property=\"article:published_time\" content=\"2022-09-26T17:27:34+00:00\" \/>\n<meta property=\"article:modified_time\" content=\"2022-09-28T12:34:16+00:00\" \/>\n<meta property=\"og:image\" content=\"http:\/\/lafuente.mx\/wp-content\/uploads\/2022\/08\/Imagen-RAI_Mesa-de-trabajo-1-1.jpg\" \/>\n\t<meta property=\"og:image:width\" content=\"1650\" \/>\n\t<meta property=\"og:image:height\" content=\"1275\" \/>\n\t<meta property=\"og:image:type\" content=\"image\/jpeg\" \/>\n<meta name=\"author\" content=\"Claudia Gallardo\" \/>\n<meta name=\"twitter:card\" content=\"summary_large_image\" \/>\n<meta name=\"twitter:title\" content=\"XXXVII Reuni\u00f3n Anual de Investigaci\u00f3n del Instituto Nacional de Psiquiatr\u00eda Ram\u00f3n de la Fuente Mu\u00f1iz\" \/>\n<meta name=\"twitter:description\" content=\"En esta reuni\u00f3n asisten distinguidos ponentes nacionales y extranjeros que presentan los resultados de sus l\u00edneas de investigaci\u00f3n en los diferentes campos de las neurociencias, la psiquiatr\u00eda y la salud mental, y nuestros investigadores exponen los avances de sus proyectos. Cada una de las diferentes \u00e1reas que conforman esta Instituci\u00f3n muestra de qu\u00e9 manera el quehacer diario redunda en una mayor productividad cient\u00edfica con temas de vanguardia y originalidad\" \/>\n<meta name=\"twitter:image\" content=\"https:\/\/i0.wp.com\/lafuente.mx\/wp-content\/uploads\/2022\/08\/Imagen-RAI_Mesa-de-trabajo-1-1.jpg?fit=1650%2C1275&ssl=1\" \/>\n<meta name=\"twitter:label1\" content=\"Escrito por\" \/>\n\t<meta name=\"twitter:data1\" content=\"Claudia Gallardo\" \/>\n\t<meta name=\"twitter:label2\" content=\"Tiempo de lectura\" \/>\n\t<meta name=\"twitter:data2\" content=\"1 minuto\" \/>\n<script type=\"application\/ld+json\" class=\"yoast-schema-graph\">{\"@context\":\"https:\/\/schema.org\",\"@graph\":[{\"@type\":\"WebSite\",\"@id\":\"https:\/\/lafuente.mx\/#website\",\"url\":\"https:\/\/lafuente.mx\/\",\"name\":\"\",\"description\":\"Informaci\u00f3n confiable sobre salud mental\",\"potentialAction\":[{\"@type\":\"SearchAction\",\"target\":{\"@type\":\"EntryPoint\",\"urlTemplate\":\"https:\/\/lafuente.mx\/?s={search_term_string}\"},\"query-input\":\"required name=search_term_string\"}],\"inLanguage\":\"es-MX\"},{\"@type\":\"WebPage\",\"@id\":\"https:\/\/lafuente.mx\/?p=394\",\"url\":\"https:\/\/lafuente.mx\/?p=394\",\"name\":\"Se acerca la fecha -\",\"isPartOf\":{\"@id\":\"https:\/\/lafuente.mx\/#website\"},\"datePublished\":\"2022-09-26T17:27:34+00:00\",\"dateModified\":\"2022-09-28T12:34:16+00:00\",\"author\":{\"@id\":\"https:\/\/lafuente.mx\/#\/schema\/person\/603f3aa8e2f6f7879021ab722d39d6b0\"},\"breadcrumb\":{\"@id\":\"https:\/\/lafuente.mx\/?p=394#breadcrumb\"},\"inLanguage\":\"es-MX\",\"potentialAction\":[{\"@type\":\"ReadAction\",\"target\":[\"https:\/\/lafuente.mx\/?p=394\"]}]},{\"@type\":\"BreadcrumbList\",\"@id\":\"https:\/\/lafuente.mx\/?p=394#breadcrumb\",\"itemListElement\":[{\"@type\":\"ListItem\",\"position\":1,\"name\":\"Inicio\",\"item\":\"https:\/\/lafuente.mx\/\"},{\"@type\":\"ListItem\",\"position\":2,\"name\":\"Se acerca la fecha\"}]},{\"@type\":\"Person\",\"@id\":\"https:\/\/lafuente.mx\/#\/schema\/person\/603f3aa8e2f6f7879021ab722d39d6b0\",\"name\":\"Claudia Gallardo\",\"image\":{\"@type\":\"ImageObject\",\"inLanguage\":\"es-MX\",\"@id\":\"https:\/\/lafuente.mx\/#\/schema\/person\/image\/\",\"url\":\"https:\/\/secure.gravatar.com\/avatar\/bfe9c966af1ccfb9d17bcdb9d04e8815?s=96&d=mm&r=g\",\"contentUrl\":\"https:\/\/secure.gravatar.com\/avatar\/bfe9c966af1ccfb9d17bcdb9d04e8815?s=96&d=mm&r=g\",\"caption\":\"Claudia Gallardo\"},\"url\":\"https:\/\/lafuente.mx\/?author=3\"}]}<\/script>\n<!-- \/ Yoast SEO plugin. -->","yoast_head_json":{"title":"Se acerca la fecha -","robots":{"index":"index","follow":"follow","max-snippet":"max-snippet:-1","max-image-preview":"max-image-preview:large","max-video-preview":"max-video-preview:-1"},"canonical":"https:\/\/lafuente.mx\/?p=394","og_locale":"es_MX","og_type":"article","og_title":"XXXVII Reuni\u00f3n Anual de Investigaci\u00f3n del Instituto Nacional de Psiquiatr\u00eda Ram\u00f3n de la Fuente Mu\u00f1iz","og_description":"En esta reuni\u00f3n asisten distinguidos ponentes nacionales y extranjeros que presentan los resultados de sus l\u00edneas de investigaci\u00f3n en los diferentes campos de las neurociencias, la psiquiatr\u00eda y la salud mental, y nuestros investigadores exponen los avances de sus proyectos. Cada una de las diferentes \u00e1reas que conforman esta Instituci\u00f3n muestra de qu\u00e9 manera el quehacer diario redunda en una mayor productividad cient\u00edfica con temas de vanguardia y originalidad","og_url":"https:\/\/lafuente.mx\/?p=394","article_published_time":"2022-09-26T17:27:34+00:00","article_modified_time":"2022-09-28T12:34:16+00:00","og_image":[{"width":1650,"height":1275,"url":"http:\/\/lafuente.mx\/wp-content\/uploads\/2022\/08\/Imagen-RAI_Mesa-de-trabajo-1-1.jpg","type":"image\/jpeg"}],"author":"Claudia Gallardo","twitter_card":"summary_large_image","twitter_title":"XXXVII Reuni\u00f3n Anual de Investigaci\u00f3n del Instituto Nacional de Psiquiatr\u00eda Ram\u00f3n de la Fuente Mu\u00f1iz","twitter_description":"En esta reuni\u00f3n asisten distinguidos ponentes nacionales y extranjeros que presentan los resultados de sus l\u00edneas de investigaci\u00f3n en los diferentes campos de las neurociencias, la psiquiatr\u00eda y la salud mental, y nuestros investigadores exponen los avances de sus proyectos. Cada una de las diferentes \u00e1reas que conforman esta Instituci\u00f3n muestra de qu\u00e9 manera el quehacer diario redunda en una mayor productividad cient\u00edfica con temas de vanguardia y originalidad","twitter_image":"https:\/\/i0.wp.com\/lafuente.mx\/wp-content\/uploads\/2022\/08\/Imagen-RAI_Mesa-de-trabajo-1-1.jpg?fit=1650%2C1275&ssl=1","twitter_misc":{"Escrito por":"Claudia Gallardo","Tiempo de lectura":"1 minuto"},"schema":{"@context":"https:\/\/schema.org","@graph":[{"@type":"WebSite","@id":"https:\/\/lafuente.mx\/#website","url":"https:\/\/lafuente.mx\/","name":"","description":"Informaci\u00f3n confiable sobre salud mental","potentialAction":[{"@type":"SearchAction","target":{"@type":"EntryPoint","urlTemplate":"https:\/\/lafuente.mx\/?s={search_term_string}"},"query-input":"required name=search_term_string"}],"inLanguage":"es-MX"},{"@type":"WebPage","@id":"https:\/\/lafuente.mx\/?p=394","url":"https:\/\/lafuente.mx\/?p=394","name":"Se acerca la fecha -","isPartOf":{"@id":"https:\/\/lafuente.mx\/#website"},"datePublished":"2022-09-26T17:27:34+00:00","dateModified":"2022-09-28T12:34:16+00:00","author":{"@id":"https:\/\/lafuente.mx\/#\/schema\/person\/603f3aa8e2f6f7879021ab722d39d6b0"},"breadcrumb":{"@id":"https:\/\/lafuente.mx\/?p=394#breadcrumb"},"inLanguage":"es-MX","potentialAction":[{"@type":"ReadAction","target":["https:\/\/lafuente.mx\/?p=394"]}]},{"@type":"BreadcrumbList","@id":"https:\/\/lafuente.mx\/?p=394#breadcrumb","itemListElement":[{"@type":"ListItem","position":1,"name":"Inicio","item":"https:\/\/lafuente.mx\/"},{"@type":"ListItem","position":2,"name":"Se acerca la fecha"}]},{"@type":"Person","@id":"https:\/\/lafuente.mx\/#\/schema\/person\/603f3aa8e2f6f7879021ab722d39d6b0","name":"Claudia Gallardo","image":{"@type":"ImageObject","inLanguage":"es-MX","@id":"https:\/\/lafuente.mx\/#\/schema\/person\/image\/","url":"https:\/\/secure.gravatar.com\/avatar\/bfe9c966af1ccfb9d17bcdb9d04e8815?s=96&d=mm&r=g","contentUrl":"https:\/\/secure.gravatar.com\/avatar\/bfe9c966af1ccfb9d17bcdb9d04e8815?s=96&d=mm&r=g","caption":"Claudia Gallardo"},"url":"https:\/\/lafuente.mx\/?author=3"}]}},"jetpack_featured_media_url":"https:\/\/i0.wp.com\/lafuente.mx\/wp-content\/uploads\/2022\/08\/Imagen-RAI_Mesa-de-trabajo-1-1.jpg?fit=1650%2C1275&ssl=1","jetpack-related-posts":[],"jetpack_sharing_enabled":true,"jetpack_shortlink":"https:\/\/wp.me\/pe9WUx-6m","_links":{"self":[{"href":"https:\/\/lafuente.mx\/index.php?rest_route=\/wp\/v2\/posts\/394"}],"collection":[{"href":"https:\/\/lafuente.mx\/index.php?rest_route=\/wp\/v2\/posts"}],"about":[{"href":"https:\/\/lafuente.mx\/index.php?rest_route=\/wp\/v2\/types\/post"}],"author":[{"embeddable":true,"href":"https:\/\/lafuente.mx\/index.php?rest_route=\/wp\/v2\/users\/3"}],"replies":[{"embeddable":true,"href":"https:\/\/lafuente.mx\/index.php?rest_route=%2Fwp%2Fv2%2Fcomments&post=394"}],"version-history":[{"count":6,"href":"https:\/\/lafuente.mx\/index.php?rest_route=\/wp\/v2\/posts\/394\/revisions"}],"predecessor-version":[{"id":404,"href":"https:\/\/lafuente.mx\/index.php?rest_route=\/wp\/v2\/posts\/394\/revisions\/404"}],"wp:featuredmedia":[{"embeddable":true,"href":"https:\/\/lafuente.mx\/index.php?rest_route=\/wp\/v2\/media\/155"}],"wp:attachment":[{"href":"https:\/\/lafuente.mx\/index.php?rest_route=%2Fwp%2Fv2%2Fmedia&parent=394"}],"wp:term":[{"taxonomy":"category","embeddable":true,"href":"https:\/\/lafuente.mx\/index.php?rest_route=%2Fwp%2Fv2%2Fcategories&post=394"},{"taxonomy":"post_tag","embeddable":true,"href":"https:\/\/lafuente.mx\/index.php?rest_route=%2Fwp%2Fv2%2Ftags&post=394"}],"curies":[{"name":"wp","href":"https:\/\/api.w.org\/{rel}","templated":true}]}}