{"id":386,"date":"2022-09-21T13:42:10","date_gmt":"2022-09-21T13:42:10","guid":{"rendered":"https:\/\/lafuente.mx\/?p=386"},"modified":"2022-09-21T13:42:12","modified_gmt":"2022-09-21T13:42:12","slug":"violencia-por-razones-de-genero","status":"publish","type":"post","link":"https:\/\/lafuente.mx\/?p=386","title":{"rendered":"Violencia por razones de g\u00e9nero"},"content":{"rendered":"\n<p class=\"has-text-color wp-block-paragraph\" style=\"color:#939393\">SEMINARIO DE ESTUDIOS SOBRE LA GLOBALIDAD-UNAM<\/p>\n\n\n\n<p class=\"has-text-align-center has-text-color has-medium-font-size wp-block-paragraph\" style=\"color:#4a5762\"><strong>21 de septiembre de 2022\u00a0<\/strong><\/p>\n\n\n\n<p class=\"has-text-align-center has-text-color wp-block-paragraph\" style=\"color:#898989\">Transmisi\u00f3n en vivo de 6:00 pm &#8211; 8:00 pm<\/p>\n\n\n\n<hr class=\"wp-block-separator has-text-color has-vivid-red-color has-alpha-channel-opacity has-vivid-red-background-color has-background\"\/>\n\n\n\n<figure class=\"wp-block-image size-large is-resized wp-duotone-000000-abb8c3-1\"><img data-recalc-dims=\"1\" fetchpriority=\"high\" decoding=\"async\" src=\"https:\/\/i0.wp.com\/lafuente.mx\/wp-content\/uploads\/2022\/09\/mujertz-1024x637.jpeg?resize=640%2C411&#038;ssl=1\" alt=\"\" class=\"wp-image-387\" width=\"640\" height=\"411\"\/><\/figure>\n\n\n\n<p class=\"has-medium-font-size wp-block-paragraph\"><strong>Colegio Nacional<\/strong><\/p>\n\n\n\n<p class=\"wp-block-paragraph\"><strong>Coordina:<\/strong>\u00a0Mar\u00eda Elena Medina-Mora<\/p>\n\n\n\n<p class=\"wp-block-paragraph\"><strong>Participan:<\/strong>\u00a0Den\u00ed \u00c1lvarez Icaza, Claudia D\u00edaz Olavarrieta y Beatriz Cerda de la O<\/p>\n\n\n\n<p class=\"has-text-color wp-block-paragraph\" style=\"color:#898989\">No habr\u00e1 traducci\u00f3n simult\u00e1nea<\/p>\n\n\n\n<div class=\"wp-block-buttons is-layout-flex wp-block-buttons-is-layout-flex\">\n<div class=\"wp-block-button\"><a class=\"wp-block-button__link\" href=\"https:\/\/colnal.mx\/agenda\/violencia-por-razones-de-genero\/\" target=\"_blank\" rel=\"noreferrer noopener\">Transmisi\u00f3n en vivo<\/a><\/div>\n<\/div>\n","protected":false},"excerpt":{"rendered":"<p>SEMINARIO DE ESTUDIOS SOBRE LA GLOBALIDAD-UNAM 21 de septiembre de 2022\u00a0 Transmisi\u00f3n en vivo de 6:00 pm &#8211; 8:00 pm Colegio Nacional Coordina:\u00a0Mar\u00eda Elena Medina-Mora<\/p>\n","protected":false},"author":3,"featured_media":387,"comment_status":"closed","ping_status":"closed","sticky":false,"template":"","format":"standard","meta":{"_jetpack_memberships_contains_paid_content":false,"footnotes":"","jetpack_publicize_message":"","jetpack_publicize_feature_enabled":true,"jetpack_social_post_already_shared":true,"jetpack_social_options":{"image_generator_settings":{"template":"highway","default_image_id":0,"font":"","enabled":false},"version":2}},"categories":[9],"tags":[],"class_list":["post-386","post","type-post","status-publish","format-standard","has-post-thumbnail","hentry","category-eventos-externos"],"yoast_head":"<!-- This site is optimized with the Yoast SEO plugin v19.4 - https:\/\/yoast.com\/wordpress\/plugins\/seo\/ -->\n<title>Violencia por razones de g\u00e9nero -<\/title>\n<meta name=\"description\" content=\"Violencia por razones de g\u00e9nero\" \/>\n<meta name=\"robots\" content=\"index, follow, max-snippet:-1, max-image-preview:large, max-video-preview:-1\" \/>\n<link rel=\"canonical\" href=\"https:\/\/lafuente.mx\/?p=386\" \/>\n<meta property=\"og:locale\" content=\"es_MX\" \/>\n<meta property=\"og:type\" content=\"article\" \/>\n<meta property=\"og:title\" content=\"Violencia por razones de g\u00e9nero\" \/>\n<meta property=\"og:description\" content=\"VIOLACI\u00d3N Y ESTR\u00c9S POSTRAUM\u00c1TICOVIOLENCIA EN ZONAS DE CONFLICTOCIBERACOSO DE ESTUDIANTES EN LA UNAMINTERVENCIONES TERAP\u00c9UTICAS EN MUJERES CON VIOLENCIA DE PAREJA Y SUS EFECTOS EN LA RESPUESTA AL CORTISOL, LA ANSIEDAD, LA DEPRESI\u00d3N Y EN LA CALIDAD DE VIDA\" \/>\n<meta property=\"og:url\" content=\"https:\/\/lafuente.mx\/?p=386\" \/>\n<meta property=\"article:published_time\" content=\"2022-09-21T13:42:10+00:00\" \/>\n<meta property=\"article:modified_time\" content=\"2022-09-21T13:42:12+00:00\" \/>\n<meta property=\"og:image\" content=\"http:\/\/lafuente.mx\/wp-content\/uploads\/2022\/09\/mujertz.jpeg\" \/>\n\t<meta property=\"og:image:width\" content=\"1200\" \/>\n\t<meta property=\"og:image:height\" content=\"747\" \/>\n\t<meta property=\"og:image:type\" content=\"image\/jpeg\" \/>\n<meta name=\"author\" content=\"Claudia Gallardo\" \/>\n<meta name=\"twitter:card\" content=\"summary_large_image\" \/>\n<meta name=\"twitter:title\" content=\"Violencia por razones de g\u00e9nero\" \/>\n<meta name=\"twitter:description\" content=\"VIOLACI\u00d3N Y ESTR\u00c9S POSTRAUM\u00c1TICOVIOLENCIA EN ZONAS DE CONFLICTOCIBERACOSO DE ESTUDIANTES EN LA UNAMINTERVENCIONES TERAP\u00c9UTICAS EN MUJERES CON VIOLENCIA DE PAREJA Y SUS EFECTOS EN LA RESPUESTA AL CORTISOL, LA ANSIEDAD, LA DEPRESI\u00d3N Y EN LA CALIDAD DE VIDA\" \/>\n<meta name=\"twitter:image\" content=\"https:\/\/i0.wp.com\/lafuente.mx\/wp-content\/uploads\/2022\/09\/mujertz.jpeg?fit=1200%2C747&ssl=1\" \/>\n<meta name=\"twitter:label1\" content=\"Escrito por\" \/>\n\t<meta name=\"twitter:data1\" content=\"Claudia Gallardo\" \/>\n\t<meta name=\"twitter:label2\" content=\"Tiempo de lectura\" \/>\n\t<meta name=\"twitter:data2\" content=\"1 minuto\" \/>\n<script type=\"application\/ld+json\" class=\"yoast-schema-graph\">{\"@context\":\"https:\/\/schema.org\",\"@graph\":[{\"@type\":\"WebSite\",\"@id\":\"https:\/\/lafuente.mx\/#website\",\"url\":\"https:\/\/lafuente.mx\/\",\"name\":\"\",\"description\":\"Informaci\u00f3n confiable sobre salud mental\",\"potentialAction\":[{\"@type\":\"SearchAction\",\"target\":{\"@type\":\"EntryPoint\",\"urlTemplate\":\"https:\/\/lafuente.mx\/?s={search_term_string}\"},\"query-input\":\"required name=search_term_string\"}],\"inLanguage\":\"es\"},{\"@type\":\"WebPage\",\"@id\":\"https:\/\/lafuente.mx\/?p=386\",\"url\":\"https:\/\/lafuente.mx\/?p=386\",\"name\":\"Violencia por razones de g\u00e9nero -\",\"isPartOf\":{\"@id\":\"https:\/\/lafuente.mx\/#website\"},\"datePublished\":\"2022-09-21T13:42:10+00:00\",\"dateModified\":\"2022-09-21T13:42:12+00:00\",\"author\":{\"@id\":\"https:\/\/lafuente.mx\/#\/schema\/person\/603f3aa8e2f6f7879021ab722d39d6b0\"},\"description\":\"Violencia por razones de g\u00e9nero\",\"breadcrumb\":{\"@id\":\"https:\/\/lafuente.mx\/?p=386#breadcrumb\"},\"inLanguage\":\"es\",\"potentialAction\":[{\"@type\":\"ReadAction\",\"target\":[\"https:\/\/lafuente.mx\/?p=386\"]}]},{\"@type\":\"BreadcrumbList\",\"@id\":\"https:\/\/lafuente.mx\/?p=386#breadcrumb\",\"itemListElement\":[{\"@type\":\"ListItem\",\"position\":1,\"name\":\"Inicio\",\"item\":\"https:\/\/lafuente.mx\/\"},{\"@type\":\"ListItem\",\"position\":2,\"name\":\"Violencia por razones de g\u00e9nero\"}]},{\"@type\":\"Person\",\"@id\":\"https:\/\/lafuente.mx\/#\/schema\/person\/603f3aa8e2f6f7879021ab722d39d6b0\",\"name\":\"Claudia Gallardo\",\"image\":{\"@type\":\"ImageObject\",\"inLanguage\":\"es\",\"@id\":\"https:\/\/lafuente.mx\/#\/schema\/person\/image\/\",\"url\":\"https:\/\/secure.gravatar.com\/avatar\/57e359df01b381c34a24d792c1867f6e9888011b76e86673f8dd53994603714d?s=96&d=mm&r=g\",\"contentUrl\":\"https:\/\/secure.gravatar.com\/avatar\/57e359df01b381c34a24d792c1867f6e9888011b76e86673f8dd53994603714d?s=96&d=mm&r=g\",\"caption\":\"Claudia Gallardo\"},\"url\":\"https:\/\/lafuente.mx\/?author=3\"}]}<\/script>\n<!-- \/ Yoast SEO plugin. -->","yoast_head_json":{"title":"Violencia por razones de g\u00e9nero -","description":"Violencia por razones de g\u00e9nero","robots":{"index":"index","follow":"follow","max-snippet":"max-snippet:-1","max-image-preview":"max-image-preview:large","max-video-preview":"max-video-preview:-1"},"canonical":"https:\/\/lafuente.mx\/?p=386","og_locale":"es_MX","og_type":"article","og_title":"Violencia por razones de g\u00e9nero","og_description":"VIOLACI\u00d3N Y ESTR\u00c9S POSTRAUM\u00c1TICOVIOLENCIA EN ZONAS DE CONFLICTOCIBERACOSO DE ESTUDIANTES EN LA UNAMINTERVENCIONES TERAP\u00c9UTICAS EN MUJERES CON VIOLENCIA DE PAREJA Y SUS EFECTOS EN LA RESPUESTA AL CORTISOL, LA ANSIEDAD, LA DEPRESI\u00d3N Y EN LA CALIDAD DE VIDA","og_url":"https:\/\/lafuente.mx\/?p=386","article_published_time":"2022-09-21T13:42:10+00:00","article_modified_time":"2022-09-21T13:42:12+00:00","og_image":[{"width":1200,"height":747,"url":"http:\/\/lafuente.mx\/wp-content\/uploads\/2022\/09\/mujertz.jpeg","type":"image\/jpeg"}],"author":"Claudia Gallardo","twitter_card":"summary_large_image","twitter_title":"Violencia por razones de g\u00e9nero","twitter_description":"VIOLACI\u00d3N Y ESTR\u00c9S POSTRAUM\u00c1TICOVIOLENCIA EN ZONAS DE CONFLICTOCIBERACOSO DE ESTUDIANTES EN LA UNAMINTERVENCIONES TERAP\u00c9UTICAS EN MUJERES CON VIOLENCIA DE PAREJA Y SUS EFECTOS EN LA RESPUESTA AL CORTISOL, LA ANSIEDAD, LA DEPRESI\u00d3N Y EN LA CALIDAD DE VIDA","twitter_image":"https:\/\/i0.wp.com\/lafuente.mx\/wp-content\/uploads\/2022\/09\/mujertz.jpeg?fit=1200%2C747&ssl=1","twitter_misc":{"Escrito por":"Claudia Gallardo","Tiempo de lectura":"1 minuto"},"schema":{"@context":"https:\/\/schema.org","@graph":[{"@type":"WebSite","@id":"https:\/\/lafuente.mx\/#website","url":"https:\/\/lafuente.mx\/","name":"","description":"Informaci\u00f3n confiable sobre salud mental","potentialAction":[{"@type":"SearchAction","target":{"@type":"EntryPoint","urlTemplate":"https:\/\/lafuente.mx\/?s={search_term_string}"},"query-input":"required name=search_term_string"}],"inLanguage":"es"},{"@type":"WebPage","@id":"https:\/\/lafuente.mx\/?p=386","url":"https:\/\/lafuente.mx\/?p=386","name":"Violencia por razones de g\u00e9nero -","isPartOf":{"@id":"https:\/\/lafuente.mx\/#website"},"datePublished":"2022-09-21T13:42:10+00:00","dateModified":"2022-09-21T13:42:12+00:00","author":{"@id":"https:\/\/lafuente.mx\/#\/schema\/person\/603f3aa8e2f6f7879021ab722d39d6b0"},"description":"Violencia por razones de g\u00e9nero","breadcrumb":{"@id":"https:\/\/lafuente.mx\/?p=386#breadcrumb"},"inLanguage":"es","potentialAction":[{"@type":"ReadAction","target":["https:\/\/lafuente.mx\/?p=386"]}]},{"@type":"BreadcrumbList","@id":"https:\/\/lafuente.mx\/?p=386#breadcrumb","itemListElement":[{"@type":"ListItem","position":1,"name":"Inicio","item":"https:\/\/lafuente.mx\/"},{"@type":"ListItem","position":2,"name":"Violencia por razones de g\u00e9nero"}]},{"@type":"Person","@id":"https:\/\/lafuente.mx\/#\/schema\/person\/603f3aa8e2f6f7879021ab722d39d6b0","name":"Claudia Gallardo","image":{"@type":"ImageObject","inLanguage":"es","@id":"https:\/\/lafuente.mx\/#\/schema\/person\/image\/","url":"https:\/\/secure.gravatar.com\/avatar\/57e359df01b381c34a24d792c1867f6e9888011b76e86673f8dd53994603714d?s=96&d=mm&r=g","contentUrl":"https:\/\/secure.gravatar.com\/avatar\/57e359df01b381c34a24d792c1867f6e9888011b76e86673f8dd53994603714d?s=96&d=mm&r=g","caption":"Claudia Gallardo"},"url":"https:\/\/lafuente.mx\/?author=3"}]}},"jetpack_publicize_connections":[],"jetpack_featured_media_url":"https:\/\/i0.wp.com\/lafuente.mx\/wp-content\/uploads\/2022\/09\/mujertz.jpeg?fit=1200%2C747&ssl=1","jetpack-related-posts":[],"jetpack_sharing_enabled":true,"jetpack_shortlink":"https:\/\/wp.me\/pe9WUx-6e","_links":{"self":[{"href":"https:\/\/lafuente.mx\/index.php?rest_route=\/wp\/v2\/posts\/386","targetHints":{"allow":["GET"]}}],"collection":[{"href":"https:\/\/lafuente.mx\/index.php?rest_route=\/wp\/v2\/posts"}],"about":[{"href":"https:\/\/lafuente.mx\/index.php?rest_route=\/wp\/v2\/types\/post"}],"author":[{"embeddable":true,"href":"https:\/\/lafuente.mx\/index.php?rest_route=\/wp\/v2\/users\/3"}],"replies":[{"embeddable":true,"href":"https:\/\/lafuente.mx\/index.php?rest_route=%2Fwp%2Fv2%2Fcomments&post=386"}],"version-history":[{"count":1,"href":"https:\/\/lafuente.mx\/index.php?rest_route=\/wp\/v2\/posts\/386\/revisions"}],"predecessor-version":[{"id":391,"href":"https:\/\/lafuente.mx\/index.php?rest_route=\/wp\/v2\/posts\/386\/revisions\/391"}],"wp:featuredmedia":[{"embeddable":true,"href":"https:\/\/lafuente.mx\/index.php?rest_route=\/wp\/v2\/media\/387"}],"wp:attachment":[{"href":"https:\/\/lafuente.mx\/index.php?rest_route=%2Fwp%2Fv2%2Fmedia&parent=386"}],"wp:term":[{"taxonomy":"category","embeddable":true,"href":"https:\/\/lafuente.mx\/index.php?rest_route=%2Fwp%2Fv2%2Fcategories&post=386"},{"taxonomy":"post_tag","embeddable":true,"href":"https:\/\/lafuente.mx\/index.php?rest_route=%2Fwp%2Fv2%2Ftags&post=386"}],"curies":[{"name":"wp","href":"https:\/\/api.w.org\/{rel}","templated":true}]}}