{"id":380,"date":"2022-09-14T15:07:07","date_gmt":"2022-09-14T15:07:07","guid":{"rendered":"https:\/\/lafuente.mx\/?p=380"},"modified":"2022-09-14T15:09:34","modified_gmt":"2022-09-14T15:09:34","slug":"repercusiones-del-confinamiento-por-covid-19-en-personas-autistas-en-mexico-la-perspectiva-de-los-cuidadores","status":"publish","type":"post","link":"https:\/\/lafuente.mx\/?p=380","title":{"rendered":"Repercusiones del confinamiento por COVID-19 en personas autistas en M\u00e9xico: la perspectiva de los cuidadores\u00a0"},"content":{"rendered":"\n<p class=\"has-text-align-center has-medium-font-size\"><em>Georgina P\u00e9rez Liz, Andy Torres, Ana C. Ram\u00edrez, <\/em><br><em>Cecilia Montiel Nava, Grupo REAL<\/em>\u00a0<\/p>\n\n\n\n<hr class=\"wp-block-separator has-text-color has-cyan-bluish-gray-color has-alpha-channel-opacity has-cyan-bluish-gray-background-color has-background\"\/>\n\n\n\n<figure class=\"wp-block-image size-full is-resized\"><img decoding=\"async\" loading=\"lazy\" src=\"https:\/\/i0.wp.com\/lafuente.mx\/wp-content\/uploads\/2022\/09\/nin\u0303o-pandemia.jpeg?resize=612%2C408&#038;ssl=1\" alt=\"\" class=\"wp-image-382\" width=\"612\" height=\"408\" srcset=\"https:\/\/i0.wp.com\/lafuente.mx\/wp-content\/uploads\/2022\/09\/nin\u0303o-pandemia.jpeg?w=480&amp;ssl=1 480w, https:\/\/i0.wp.com\/lafuente.mx\/wp-content\/uploads\/2022\/09\/nin\u0303o-pandemia.jpeg?resize=300%2C200&amp;ssl=1 300w\" sizes=\"(max-width: 612px) 100vw, 612px\" data-recalc-dims=\"1\" \/><\/figure>\n\n\n\n<p><strong>Introducci\u00f3n. <\/strong>El bloqueo de COVID-19 ha planteado nuevos desaf\u00edos para las personas con trastorno del espectro autista (TEA), incluida la suspensi\u00f3n del servicio y reducciones en el apoyo.\u00a0<br>\u00a0<br><strong>Objetivo.<\/strong> Explorar las perspectivas de los cuidadores sobre el impacto del confinamiento por COVID-19 en las personas con TEA en M\u00e9xico.\u00a0<br>\u00a0<br><strong>M\u00e9todo.<\/strong> 126 cuidadores de M\u00e9xico completaron una encuesta sobre el impacto del confinamiento en personas con TEA.\u00a0<br>\u00a0<br><strong>Resultados.<\/strong> Se inform\u00f3 la suspensi\u00f3n de al menos un servicio para el 38,9% de los sujetos, sin que se encontrara una asociaci\u00f3n significativa entre el empeoramiento de los s\u00edntomas y la modalidad de administraci\u00f3n del servicio.\u00a0<br>\u00a0<br><strong>Discusi\u00f3n y conclusi\u00f3n.<\/strong> La suspensi\u00f3n del servicio para personas con TEA en M\u00e9xico ha sido un efecto colateral de la pandemia, impactando negativamente en su comportamiento. Los resultados indican que ciertos servicios podr\u00edan mantenerse y proporcionarse de forma remota a personas con ASD en \u00e1reas desatendidas.\u00a0<\/p>\n\n\n\n<hr class=\"wp-block-separator has-text-color has-cyan-bluish-gray-color has-alpha-channel-opacity has-cyan-bluish-gray-background-color has-background\"\/>\n\n\n\n<div class=\"wp-block-buttons is-layout-flex wp-block-buttons-is-layout-flex\">\n<div class=\"wp-block-button\"><a class=\"wp-block-button__link has-vivid-cyan-blue-background-color has-background\" href=\"http:\/\/www.revistasaludmental.mx\/index.php\/salud_mental\/article\/view\/SM.0185-3325.2022.022\/4109\" target=\"_blank\" rel=\"noreferrer noopener\">Leer m\u00e1s&#8230;<\/a><\/div>\n<\/div>\n","protected":false},"excerpt":{"rendered":"<p>Georgina P\u00e9rez Liz, Andy Torres, Ana C. Ram\u00edrez, Cecilia Montiel Nava, Grupo REAL\u00a0 Introducci\u00f3n. El bloqueo de COVID-19 ha planteado nuevos desaf\u00edos para las personas<\/p>\n","protected":false},"author":3,"featured_media":382,"comment_status":"closed","ping_status":"closed","sticky":false,"template":"","format":"standard","meta":{"footnotes":"","jetpack_publicize_message":"","jetpack_is_tweetstorm":false,"jetpack_publicize_feature_enabled":true},"categories":[11],"tags":[],"jetpack_publicize_connections":[],"yoast_head":"<!-- This site is optimized with the Yoast SEO plugin v19.4 - https:\/\/yoast.com\/wordpress\/plugins\/seo\/ -->\n<title>Repercusiones del confinamiento por COVID-19 en personas autistas en M\u00e9xico: la perspectiva de los cuidadores\u00a0 -<\/title>\n<meta name=\"description\" content=\"Repercusiones del confinamiento por COVID-19 en personas autistas en M\u00e9xico: la perspectiva de los cuidadores\u00a0\" \/>\n<meta name=\"robots\" content=\"index, follow, max-snippet:-1, max-image-preview:large, max-video-preview:-1\" \/>\n<link rel=\"canonical\" href=\"https:\/\/lafuente.mx\/?p=380\" \/>\n<meta property=\"og:locale\" content=\"es_MX\" \/>\n<meta property=\"og:type\" content=\"article\" \/>\n<meta property=\"og:title\" content=\"Repercusiones del confinamiento por COVID-19 en personas autistas en M\u00e9xico: la perspectiva de los cuidadores\u00a0\" \/>\n<meta property=\"og:description\" content=\"El bloqueo de COVID-19 ha planteado nuevos desaf\u00edos para las personas con trastorno del espectro autista (TEA), incluida la suspensi\u00f3n del servicio y reducciones en el apoyo.\" \/>\n<meta property=\"og:url\" content=\"https:\/\/lafuente.mx\/?p=380\" \/>\n<meta property=\"article:published_time\" content=\"2022-09-14T15:07:07+00:00\" \/>\n<meta property=\"article:modified_time\" content=\"2022-09-14T15:09:34+00:00\" \/>\n<meta property=\"og:image\" content=\"http:\/\/lafuente.mx\/wp-content\/uploads\/2022\/09\/nin\u0303o-pandemia.jpeg\" \/>\n\t<meta property=\"og:image:width\" content=\"480\" \/>\n\t<meta property=\"og:image:height\" content=\"320\" \/>\n\t<meta property=\"og:image:type\" content=\"image\/jpeg\" \/>\n<meta name=\"author\" content=\"Claudia Gallardo\" \/>\n<meta name=\"twitter:card\" content=\"summary_large_image\" \/>\n<meta name=\"twitter:title\" content=\"Repercusiones del confinamiento por COVID-19 en personas autistas en M\u00e9xico: la perspectiva de los cuidadores\u00a0\" \/>\n<meta name=\"twitter:description\" content=\"El bloqueo de COVID-19 ha planteado nuevos desaf\u00edos para las personas con trastorno del espectro autista (TEA), incluida la suspensi\u00f3n del servicio y reducciones en el apoyo.\" \/>\n<meta name=\"twitter:image\" content=\"https:\/\/i0.wp.com\/lafuente.mx\/wp-content\/uploads\/2022\/09\/nin\u0303o-pandemia.jpeg?fit=480%2C320&ssl=1\" \/>\n<meta name=\"twitter:label1\" content=\"Escrito por\" \/>\n\t<meta name=\"twitter:data1\" content=\"Claudia Gallardo\" \/>\n\t<meta name=\"twitter:label2\" content=\"Tiempo de lectura\" \/>\n\t<meta name=\"twitter:data2\" content=\"1 minuto\" \/>\n<script type=\"application\/ld+json\" class=\"yoast-schema-graph\">{\"@context\":\"https:\/\/schema.org\",\"@graph\":[{\"@type\":\"WebSite\",\"@id\":\"https:\/\/lafuente.mx\/#website\",\"url\":\"https:\/\/lafuente.mx\/\",\"name\":\"\",\"description\":\"Informaci\u00f3n confiable sobre salud mental\",\"potentialAction\":[{\"@type\":\"SearchAction\",\"target\":{\"@type\":\"EntryPoint\",\"urlTemplate\":\"https:\/\/lafuente.mx\/?s={search_term_string}\"},\"query-input\":\"required name=search_term_string\"}],\"inLanguage\":\"es-MX\"},{\"@type\":\"WebPage\",\"@id\":\"https:\/\/lafuente.mx\/?p=380\",\"url\":\"https:\/\/lafuente.mx\/?p=380\",\"name\":\"Repercusiones del confinamiento por COVID-19 en personas autistas en M\u00e9xico: la perspectiva de los cuidadores\u00a0 -\",\"isPartOf\":{\"@id\":\"https:\/\/lafuente.mx\/#website\"},\"datePublished\":\"2022-09-14T15:07:07+00:00\",\"dateModified\":\"2022-09-14T15:09:34+00:00\",\"author\":{\"@id\":\"https:\/\/lafuente.mx\/#\/schema\/person\/603f3aa8e2f6f7879021ab722d39d6b0\"},\"description\":\"Repercusiones del confinamiento por COVID-19 en personas autistas en M\u00e9xico: la perspectiva de los cuidadores\u00a0\",\"breadcrumb\":{\"@id\":\"https:\/\/lafuente.mx\/?p=380#breadcrumb\"},\"inLanguage\":\"es-MX\",\"potentialAction\":[{\"@type\":\"ReadAction\",\"target\":[\"https:\/\/lafuente.mx\/?p=380\"]}]},{\"@type\":\"BreadcrumbList\",\"@id\":\"https:\/\/lafuente.mx\/?p=380#breadcrumb\",\"itemListElement\":[{\"@type\":\"ListItem\",\"position\":1,\"name\":\"Inicio\",\"item\":\"https:\/\/lafuente.mx\/\"},{\"@type\":\"ListItem\",\"position\":2,\"name\":\"Repercusiones del confinamiento por COVID-19 en personas autistas en M\u00e9xico: la perspectiva de los cuidadores\u00a0\"}]},{\"@type\":\"Person\",\"@id\":\"https:\/\/lafuente.mx\/#\/schema\/person\/603f3aa8e2f6f7879021ab722d39d6b0\",\"name\":\"Claudia Gallardo\",\"image\":{\"@type\":\"ImageObject\",\"inLanguage\":\"es-MX\",\"@id\":\"https:\/\/lafuente.mx\/#\/schema\/person\/image\/\",\"url\":\"https:\/\/secure.gravatar.com\/avatar\/bfe9c966af1ccfb9d17bcdb9d04e8815?s=96&d=mm&r=g\",\"contentUrl\":\"https:\/\/secure.gravatar.com\/avatar\/bfe9c966af1ccfb9d17bcdb9d04e8815?s=96&d=mm&r=g\",\"caption\":\"Claudia Gallardo\"},\"url\":\"https:\/\/lafuente.mx\/?author=3\"}]}<\/script>\n<!-- \/ Yoast SEO plugin. -->","yoast_head_json":{"title":"Repercusiones del confinamiento por COVID-19 en personas autistas en M\u00e9xico: la perspectiva de los cuidadores\u00a0 -","description":"Repercusiones del confinamiento por COVID-19 en personas autistas en M\u00e9xico: la perspectiva de los cuidadores\u00a0","robots":{"index":"index","follow":"follow","max-snippet":"max-snippet:-1","max-image-preview":"max-image-preview:large","max-video-preview":"max-video-preview:-1"},"canonical":"https:\/\/lafuente.mx\/?p=380","og_locale":"es_MX","og_type":"article","og_title":"Repercusiones del confinamiento por COVID-19 en personas autistas en M\u00e9xico: la perspectiva de los cuidadores\u00a0","og_description":"El bloqueo de COVID-19 ha planteado nuevos desaf\u00edos para las personas con trastorno del espectro autista (TEA), incluida la suspensi\u00f3n del servicio y reducciones en el apoyo.","og_url":"https:\/\/lafuente.mx\/?p=380","article_published_time":"2022-09-14T15:07:07+00:00","article_modified_time":"2022-09-14T15:09:34+00:00","og_image":[{"width":480,"height":320,"url":"http:\/\/lafuente.mx\/wp-content\/uploads\/2022\/09\/nin\u0303o-pandemia.jpeg","type":"image\/jpeg"}],"author":"Claudia Gallardo","twitter_card":"summary_large_image","twitter_title":"Repercusiones del confinamiento por COVID-19 en personas autistas en M\u00e9xico: la perspectiva de los cuidadores\u00a0","twitter_description":"El bloqueo de COVID-19 ha planteado nuevos desaf\u00edos para las personas con trastorno del espectro autista (TEA), incluida la suspensi\u00f3n del servicio y reducciones en el apoyo.","twitter_image":"https:\/\/i0.wp.com\/lafuente.mx\/wp-content\/uploads\/2022\/09\/nin\u0303o-pandemia.jpeg?fit=480%2C320&ssl=1","twitter_misc":{"Escrito por":"Claudia Gallardo","Tiempo de lectura":"1 minuto"},"schema":{"@context":"https:\/\/schema.org","@graph":[{"@type":"WebSite","@id":"https:\/\/lafuente.mx\/#website","url":"https:\/\/lafuente.mx\/","name":"","description":"Informaci\u00f3n confiable sobre salud mental","potentialAction":[{"@type":"SearchAction","target":{"@type":"EntryPoint","urlTemplate":"https:\/\/lafuente.mx\/?s={search_term_string}"},"query-input":"required name=search_term_string"}],"inLanguage":"es-MX"},{"@type":"WebPage","@id":"https:\/\/lafuente.mx\/?p=380","url":"https:\/\/lafuente.mx\/?p=380","name":"Repercusiones del confinamiento por COVID-19 en personas autistas en M\u00e9xico: la perspectiva de los cuidadores\u00a0 -","isPartOf":{"@id":"https:\/\/lafuente.mx\/#website"},"datePublished":"2022-09-14T15:07:07+00:00","dateModified":"2022-09-14T15:09:34+00:00","author":{"@id":"https:\/\/lafuente.mx\/#\/schema\/person\/603f3aa8e2f6f7879021ab722d39d6b0"},"description":"Repercusiones del confinamiento por COVID-19 en personas autistas en M\u00e9xico: la perspectiva de los cuidadores\u00a0","breadcrumb":{"@id":"https:\/\/lafuente.mx\/?p=380#breadcrumb"},"inLanguage":"es-MX","potentialAction":[{"@type":"ReadAction","target":["https:\/\/lafuente.mx\/?p=380"]}]},{"@type":"BreadcrumbList","@id":"https:\/\/lafuente.mx\/?p=380#breadcrumb","itemListElement":[{"@type":"ListItem","position":1,"name":"Inicio","item":"https:\/\/lafuente.mx\/"},{"@type":"ListItem","position":2,"name":"Repercusiones del confinamiento por COVID-19 en personas autistas en M\u00e9xico: la perspectiva de los cuidadores\u00a0"}]},{"@type":"Person","@id":"https:\/\/lafuente.mx\/#\/schema\/person\/603f3aa8e2f6f7879021ab722d39d6b0","name":"Claudia Gallardo","image":{"@type":"ImageObject","inLanguage":"es-MX","@id":"https:\/\/lafuente.mx\/#\/schema\/person\/image\/","url":"https:\/\/secure.gravatar.com\/avatar\/bfe9c966af1ccfb9d17bcdb9d04e8815?s=96&d=mm&r=g","contentUrl":"https:\/\/secure.gravatar.com\/avatar\/bfe9c966af1ccfb9d17bcdb9d04e8815?s=96&d=mm&r=g","caption":"Claudia Gallardo"},"url":"https:\/\/lafuente.mx\/?author=3"}]}},"jetpack_featured_media_url":"https:\/\/i0.wp.com\/lafuente.mx\/wp-content\/uploads\/2022\/09\/nin\u0303o-pandemia.jpeg?fit=480%2C320&ssl=1","jetpack-related-posts":[{"id":2834,"url":"https:\/\/lafuente.mx\/?p=2834","url_meta":{"origin":380,"position":0},"title":"Hablemos de Autismo: Aclarando Conceptos y Superando Prejuicios","date":"abril 4, 2025","format":false,"excerpt":"Conversatorio Hablemos de Salud Mental 9 de abril 12:00 horas PonentesDra. Patricia Zavaleta Ram\u00edrezDr. Juan Osiel Fern\u00e1ndez Fern\u00e1ndez El trastorno del espectro autista es una\u00a0afecci\u00f3n relacionada con el desarrollo del cerebro que afecta la manera en la que una persona percibe y socializa con otras personas, lo que causa problemas\u2026","rel":"","context":"En &quot;Eventos Acad\u00e9micos del INPRFM&quot;","img":{"alt_text":"","src":"https:\/\/i0.wp.com\/lafuente.mx\/wp-content\/uploads\/2025\/04\/WhatsApp-Image-2025-04-02-at-9.26.29-AM.jpeg?fit=1200%2C900&ssl=1&resize=350%2C200","width":350,"height":200},"classes":[]},{"id":1010,"url":"https:\/\/lafuente.mx\/?p=1010","url_meta":{"origin":380,"position":1},"title":"Mentalizarte","date":"abril 3, 2023","format":false,"excerpt":"En abril hablaremos sobre TRASTORNO DEL ESPECTRO AUTISTA M\u00e1s informaci\u00f3n","rel":"","context":"En &quot;Informaci\u00f3n de inter\u00e9s&quot;","img":{"alt_text":"","src":"https:\/\/i0.wp.com\/lafuente.mx\/wp-content\/uploads\/2023\/04\/autismo-e1680543808602.jpeg?fit=1043%2C704&ssl=1&resize=350%2C200","width":350,"height":200},"classes":[]},{"id":2884,"url":"https:\/\/lafuente.mx\/?p=2884","url_meta":{"origin":380,"position":2},"title":"Jornada de Salud Mental, Autismo y Bio\u00e9tica","date":"mayo 9, 2025","format":false,"excerpt":"En el marco del D\u00eda Mundial de Concienciaci\u00f3n sobre el Autismo, el Programa Institucional de \u00c9tica y Bio\u00e9tica de la Facultad de Medicina y el Departamento de Psiquiatr\u00eda y Salud Mental (DPSM) organizaron la Jornada de Salud Mental, Autismo y Bio\u00e9tica, con el prop\u00f3sito de tener un espacio de reflexi\u00f3n\u2026","rel":"","context":"En &quot;Eventos externos&quot;","img":{"alt_text":"","src":"https:\/\/i0.wp.com\/lafuente.mx\/wp-content\/uploads\/2025\/05\/Autismo.jpg?fit=1200%2C613&ssl=1&resize=350%2C200","width":350,"height":200},"classes":[]},{"id":481,"url":"https:\/\/lafuente.mx\/?p=481","url_meta":{"origin":380,"position":3},"title":"Autismo, un trastorno con diagn\u00f3stico tard\u00edo","date":"octubre 26, 2022","format":false,"excerpt":"Este padecimiento, que se manifiesta en los primeros dos a\u00f1os de vida, se acompa\u00f1a de otros problemas del neurodesarrollo, tales como discapacidad intelectual y epilepsia\u00a0 Genoveva Ortiz | La Prensa\u00a0 El Trastorno del Espectro Autista (TEA) es un desorden del neurodesarrollo que afecta a uno de cada 116 ni\u00f1os en\u2026","rel":"","context":"En &quot;Noticias&quot;","img":{"alt_text":"","src":"https:\/\/i0.wp.com\/lafuente.mx\/wp-content\/uploads\/2022\/10\/juegos-didacticos.jpeg?fit=700%2C450&ssl=1&resize=350%2C200","width":350,"height":200},"classes":[]},{"id":974,"url":"https:\/\/lafuente.mx\/?p=974","url_meta":{"origin":380,"position":4},"title":"\u00bfQU\u00c9 PASA SI TE PASAS?","date":"marzo 27, 2023","format":false,"excerpt":"Aumenta la percepci\u00f3n de riesgo por usar alcohol, tabaco o drogas.\u00a0 Red Internacional de Salud Mental y Apoyo Psicosocial. La pandemia de COVID-19, a pesar de ser una crisis de salud f\u00edsica, tambi\u00e9n est\u00e1 impactando en la salud mental de las personas. Es innegable el esfuerzo que se vienen realizando\u2026","rel":"","context":"En &quot;Informaci\u00f3n de inter\u00e9s&quot;","img":{"alt_text":"","src":"https:\/\/i0.wp.com\/lafuente.mx\/wp-content\/uploads\/2023\/03\/Captura-de-Pantalla-2023-03-23-a-las-11.40.21.png?fit=932%2C670&ssl=1&resize=350%2C200","width":350,"height":200},"classes":[]},{"id":770,"url":"https:\/\/lafuente.mx\/?p=770","url_meta":{"origin":380,"position":5},"title":"Tratamientos coadyuvantes para los trastornos del Neurodesarrollo","date":"febrero 10, 2023","format":false,"excerpt":"Francisco R. de la Pe\u00f1a Olvera Rese\u00f1a. En la actualidad existen diversas opciones de tratamiento e intervenciones para los trastornos\u00a0 del neurodesarrollo (TND), grupo de condiciones cl\u00ednicas y casualmente distintas con d\u00e9ficits y\/o\u00a0 alteraciones en el desarrollo y en el funcionamiento, si bien, en el caso de los trastornos del\u2026","rel":"","context":"En &quot;Publicaciones&quot;","img":{"alt_text":"","src":"https:\/\/i0.wp.com\/lafuente.mx\/wp-content\/uploads\/2023\/02\/Sin-titulo-1_Mesa-de-trabajo-1.png?fit=1200%2C777&ssl=1&resize=350%2C200","width":350,"height":200},"classes":[]}],"jetpack_sharing_enabled":true,"jetpack_shortlink":"https:\/\/wp.me\/pe9WUx-68","_links":{"self":[{"href":"https:\/\/lafuente.mx\/index.php?rest_route=\/wp\/v2\/posts\/380"}],"collection":[{"href":"https:\/\/lafuente.mx\/index.php?rest_route=\/wp\/v2\/posts"}],"about":[{"href":"https:\/\/lafuente.mx\/index.php?rest_route=\/wp\/v2\/types\/post"}],"author":[{"embeddable":true,"href":"https:\/\/lafuente.mx\/index.php?rest_route=\/wp\/v2\/users\/3"}],"replies":[{"embeddable":true,"href":"https:\/\/lafuente.mx\/index.php?rest_route=%2Fwp%2Fv2%2Fcomments&post=380"}],"version-history":[{"count":3,"href":"https:\/\/lafuente.mx\/index.php?rest_route=\/wp\/v2\/posts\/380\/revisions"}],"predecessor-version":[{"id":384,"href":"https:\/\/lafuente.mx\/index.php?rest_route=\/wp\/v2\/posts\/380\/revisions\/384"}],"wp:featuredmedia":[{"embeddable":true,"href":"https:\/\/lafuente.mx\/index.php?rest_route=\/wp\/v2\/media\/382"}],"wp:attachment":[{"href":"https:\/\/lafuente.mx\/index.php?rest_route=%2Fwp%2Fv2%2Fmedia&parent=380"}],"wp:term":[{"taxonomy":"category","embeddable":true,"href":"https:\/\/lafuente.mx\/index.php?rest_route=%2Fwp%2Fv2%2Fcategories&post=380"},{"taxonomy":"post_tag","embeddable":true,"href":"https:\/\/lafuente.mx\/index.php?rest_route=%2Fwp%2Fv2%2Ftags&post=380"}],"curies":[{"name":"wp","href":"https:\/\/api.w.org\/{rel}","templated":true}]}}