{"id":38,"date":"2022-07-29T05:05:16","date_gmt":"2022-07-29T05:05:16","guid":{"rendered":"https:\/\/lafuente.mx\/?p=38"},"modified":"2022-07-29T05:05:20","modified_gmt":"2022-07-29T05:05:20","slug":"22-de-julio-dia-mundial-del-cerebro","status":"publish","type":"post","link":"https:\/\/lafuente.mx\/?p=38","title":{"rendered":"22 de Julio: D\u00eda Mundial del Cerebro"},"content":{"rendered":"\n<p>El D\u00eda Mundial del Cerebro (WBD) 2022 est\u00e1 dedi- cado al tema \u201cSalud del cerebro para todos\u201d, ya que nuestros cerebros contin\u00faan siendo desafiados por pandemias, guerras, cambio clim\u00e1tico y la mir\u00edada de trastornos que afectan la existencia humana a nivel mundial.<\/p>\n\n\n\n<figure class=\"wp-block-image size-full\"><img decoding=\"async\" loading=\"lazy\" width=\"640\" height=\"460\" src=\"https:\/\/i0.wp.com\/lafuente.mx\/wp-content\/uploads\/2022\/07\/pexels-photo-724994.jpeg?resize=640%2C460&#038;ssl=1\" alt=\"photo of head bust print artwork\" class=\"wp-image-39\" srcset=\"https:\/\/i0.wp.com\/lafuente.mx\/wp-content\/uploads\/2022\/07\/pexels-photo-724994.jpeg?w=1810&amp;ssl=1 1810w, https:\/\/i0.wp.com\/lafuente.mx\/wp-content\/uploads\/2022\/07\/pexels-photo-724994.jpeg?resize=300%2C215&amp;ssl=1 300w, https:\/\/i0.wp.com\/lafuente.mx\/wp-content\/uploads\/2022\/07\/pexels-photo-724994.jpeg?resize=1024%2C735&amp;ssl=1 1024w, https:\/\/i0.wp.com\/lafuente.mx\/wp-content\/uploads\/2022\/07\/pexels-photo-724994.jpeg?resize=768%2C552&amp;ssl=1 768w, https:\/\/i0.wp.com\/lafuente.mx\/wp-content\/uploads\/2022\/07\/pexels-photo-724994.jpeg?resize=1536%2C1103&amp;ssl=1 1536w, https:\/\/i0.wp.com\/lafuente.mx\/wp-content\/uploads\/2022\/07\/pexels-photo-724994.jpeg?w=1280 1280w\" sizes=\"(max-width: 640px) 100vw, 640px\" data-recalc-dims=\"1\" \/><figcaption>Photo by meo on <a href=\"https:\/\/www.pexels.com\/photo\/photo-of-head-bust-print-artwork-724994\/\" rel=\"nofollow\">Pexels.com<\/a><\/figcaption><\/figure>\n\n\n\n<p>El cerebro consiste en muchos miles de millones de cables el\u00e9ctricos conocidos como neuronas.<\/p>\n\n\n\n<p>\u00a1Esta distancia es el equivalente a viajar alrededor de la tierra cuatro veces seguidas! Se cree que hay alrededor de cien mil millones de neuronas dentro del cerebro humano. Hay alrededor de diez billones de conexiones entre estas neuronas que nos ayu- dan a leer, escribir, observar, aprender, planificar, pensar, sentir, movernos y resolver problemas diariamente.<\/p>\n\n\n\n<p>WBD 2022 est\u00e1 dedicado al tema<\/p>\n\n\n\n<p><strong>\u201cSalud del cerebro para todos\u201d.<\/strong><\/p>\n\n\n\n<p><a href=\"https:\/\/wfneurology.org\/world-brain-day-2022\">M\u00e1s informaci\u00f3n<\/a><\/p>\n","protected":false},"excerpt":{"rendered":"<p>El D\u00eda Mundial del Cerebro (WBD) 2022 est\u00e1 dedi- cado al tema \u201cSalud del cerebro para todos\u201d, ya que nuestros cerebros contin\u00faan siendo desafiados por<\/p>\n","protected":false},"author":1,"featured_media":39,"comment_status":"closed","ping_status":"closed","sticky":false,"template":"","format":"standard","meta":{"footnotes":"","jetpack_publicize_message":"","jetpack_is_tweetstorm":false,"jetpack_publicize_feature_enabled":true},"categories":[13],"tags":[],"jetpack_publicize_connections":[],"yoast_head":"<!-- This site is optimized with the Yoast SEO plugin v19.4 - https:\/\/yoast.com\/wordpress\/plugins\/seo\/ -->\n<title>22 de Julio: D\u00eda Mundial del Cerebro -<\/title>\n<meta name=\"description\" content=\"El D\u00eda Mundial del Cerebro (WBD) 2022 est\u00e1 dedi- cado al tema \u201cSalud del cerebro para todos\u201d, ya que nuestros cerebros contin\u00faan siendo desafiados por pandemias, guerras, cambio clim\u00e1tico y la mir\u00edada de trastornos que afectan la existencia humana a nivel mundial.\" \/>\n<meta name=\"robots\" content=\"index, follow, max-snippet:-1, max-image-preview:large, max-video-preview:-1\" \/>\n<link rel=\"canonical\" href=\"https:\/\/lafuente.mx\/?p=38\" \/>\n<meta property=\"og:locale\" content=\"es_MX\" \/>\n<meta property=\"og:type\" content=\"article\" \/>\n<meta property=\"og:title\" content=\"22 de Julio: D\u00eda Mundial del Cerebro\" \/>\n<meta property=\"og:description\" content=\"El D\u00eda Mundial del Cerebro (WBD) 2022 est\u00e1 dedi- cado al tema \u201cSalud del cerebro para todos\u201d, ya que nuestros cerebros contin\u00faan siendo desafiados por pandemias, guerras, cambio clim\u00e1tico y la mir\u00edada de trastornos que afectan la existencia humana a nivel mundial.\" \/>\n<meta property=\"og:url\" content=\"https:\/\/lafuente.mx\/?p=38\" \/>\n<meta property=\"article:published_time\" content=\"2022-07-29T05:05:16+00:00\" \/>\n<meta property=\"article:modified_time\" content=\"2022-07-29T05:05:20+00:00\" \/>\n<meta property=\"og:image\" content=\"http:\/\/lafuente.mx\/wp-content\/uploads\/2022\/07\/pexels-photo-724994.jpeg\" \/>\n\t<meta property=\"og:image:width\" content=\"1810\" \/>\n\t<meta property=\"og:image:height\" content=\"1300\" \/>\n\t<meta property=\"og:image:type\" content=\"image\/jpeg\" \/>\n<meta name=\"author\" content=\"audiovisuales.inprfm@gmail.com\" \/>\n<meta name=\"twitter:card\" content=\"summary_large_image\" \/>\n<meta name=\"twitter:title\" content=\"22 de Julio: D\u00eda Mundial del Cerebro\" \/>\n<meta name=\"twitter:description\" content=\"El D\u00eda Mundial del Cerebro (WBD) 2022 est\u00e1 dedi- cado al tema \u201cSalud del cerebro para todos\u201d, ya que nuestros cerebros contin\u00faan siendo desafiados por pandemias, guerras, cambio clim\u00e1tico y la mir\u00edada de trastornos que afectan la existencia humana a nivel mundial.\" \/>\n<meta name=\"twitter:image\" content=\"https:\/\/i0.wp.com\/lafuente.mx\/wp-content\/uploads\/2022\/07\/pexels-photo-724994.jpeg?fit=1810%2C1300&ssl=1\" \/>\n<meta name=\"twitter:label1\" content=\"Escrito por\" \/>\n\t<meta name=\"twitter:data1\" content=\"audiovisuales.inprfm@gmail.com\" \/>\n\t<meta name=\"twitter:label2\" content=\"Tiempo de lectura\" \/>\n\t<meta name=\"twitter:data2\" content=\"1 minuto\" \/>\n<script type=\"application\/ld+json\" class=\"yoast-schema-graph\">{\"@context\":\"https:\/\/schema.org\",\"@graph\":[{\"@type\":\"WebSite\",\"@id\":\"https:\/\/lafuente.mx\/#website\",\"url\":\"https:\/\/lafuente.mx\/\",\"name\":\"\",\"description\":\"Informaci\u00f3n confiable sobre salud mental\",\"potentialAction\":[{\"@type\":\"SearchAction\",\"target\":{\"@type\":\"EntryPoint\",\"urlTemplate\":\"https:\/\/lafuente.mx\/?s={search_term_string}\"},\"query-input\":\"required name=search_term_string\"}],\"inLanguage\":\"es-MX\"},{\"@type\":\"WebPage\",\"@id\":\"https:\/\/lafuente.mx\/?p=38\",\"url\":\"https:\/\/lafuente.mx\/?p=38\",\"name\":\"22 de Julio: D\u00eda Mundial del Cerebro -\",\"isPartOf\":{\"@id\":\"https:\/\/lafuente.mx\/#website\"},\"datePublished\":\"2022-07-29T05:05:16+00:00\",\"dateModified\":\"2022-07-29T05:05:20+00:00\",\"author\":{\"@id\":\"https:\/\/lafuente.mx\/#\/schema\/person\/e2ec3823bfbc22ac617094485eb22edf\"},\"description\":\"El D\u00eda Mundial del Cerebro (WBD) 2022 est\u00e1 dedi- cado al tema \u201cSalud del cerebro para todos\u201d, ya que nuestros cerebros contin\u00faan siendo desafiados por pandemias, guerras, cambio clim\u00e1tico y la mir\u00edada de trastornos que afectan la existencia humana a nivel mundial.\",\"breadcrumb\":{\"@id\":\"https:\/\/lafuente.mx\/?p=38#breadcrumb\"},\"inLanguage\":\"es-MX\",\"potentialAction\":[{\"@type\":\"ReadAction\",\"target\":[\"https:\/\/lafuente.mx\/?p=38\"]}]},{\"@type\":\"BreadcrumbList\",\"@id\":\"https:\/\/lafuente.mx\/?p=38#breadcrumb\",\"itemListElement\":[{\"@type\":\"ListItem\",\"position\":1,\"name\":\"Inicio\",\"item\":\"https:\/\/lafuente.mx\/\"},{\"@type\":\"ListItem\",\"position\":2,\"name\":\"22 de Julio: D\u00eda Mundial del Cerebro\"}]},{\"@type\":\"Person\",\"@id\":\"https:\/\/lafuente.mx\/#\/schema\/person\/e2ec3823bfbc22ac617094485eb22edf\",\"name\":\"audiovisuales.inprfm@gmail.com\",\"image\":{\"@type\":\"ImageObject\",\"inLanguage\":\"es-MX\",\"@id\":\"https:\/\/lafuente.mx\/#\/schema\/person\/image\/\",\"url\":\"https:\/\/secure.gravatar.com\/avatar\/af05e058952935ce812d2deeb54df38f?s=96&d=mm&r=g\",\"contentUrl\":\"https:\/\/secure.gravatar.com\/avatar\/af05e058952935ce812d2deeb54df38f?s=96&d=mm&r=g\",\"caption\":\"audiovisuales.inprfm@gmail.com\"},\"sameAs\":[\"http:\/\/lafuente.mx\"],\"url\":\"https:\/\/lafuente.mx\/?author=1\"}]}<\/script>\n<!-- \/ Yoast SEO plugin. -->","yoast_head_json":{"title":"22 de Julio: D\u00eda Mundial del Cerebro -","description":"El D\u00eda Mundial del Cerebro (WBD) 2022 est\u00e1 dedi- cado al tema \u201cSalud del cerebro para todos\u201d, ya que nuestros cerebros contin\u00faan siendo desafiados por pandemias, guerras, cambio clim\u00e1tico y la mir\u00edada de trastornos que afectan la existencia humana a nivel mundial.","robots":{"index":"index","follow":"follow","max-snippet":"max-snippet:-1","max-image-preview":"max-image-preview:large","max-video-preview":"max-video-preview:-1"},"canonical":"https:\/\/lafuente.mx\/?p=38","og_locale":"es_MX","og_type":"article","og_title":"22 de Julio: D\u00eda Mundial del Cerebro","og_description":"El D\u00eda Mundial del Cerebro (WBD) 2022 est\u00e1 dedi- cado al tema \u201cSalud del cerebro para todos\u201d, ya que nuestros cerebros contin\u00faan siendo desafiados por pandemias, guerras, cambio clim\u00e1tico y la mir\u00edada de trastornos que afectan la existencia humana a nivel mundial.","og_url":"https:\/\/lafuente.mx\/?p=38","article_published_time":"2022-07-29T05:05:16+00:00","article_modified_time":"2022-07-29T05:05:20+00:00","og_image":[{"width":1810,"height":1300,"url":"http:\/\/lafuente.mx\/wp-content\/uploads\/2022\/07\/pexels-photo-724994.jpeg","type":"image\/jpeg"}],"author":"audiovisuales.inprfm@gmail.com","twitter_card":"summary_large_image","twitter_title":"22 de Julio: D\u00eda Mundial del Cerebro","twitter_description":"El D\u00eda Mundial del Cerebro (WBD) 2022 est\u00e1 dedi- cado al tema \u201cSalud del cerebro para todos\u201d, ya que nuestros cerebros contin\u00faan siendo desafiados por pandemias, guerras, cambio clim\u00e1tico y la mir\u00edada de trastornos que afectan la existencia humana a nivel mundial.","twitter_image":"https:\/\/i0.wp.com\/lafuente.mx\/wp-content\/uploads\/2022\/07\/pexels-photo-724994.jpeg?fit=1810%2C1300&ssl=1","twitter_misc":{"Escrito por":"audiovisuales.inprfm@gmail.com","Tiempo de lectura":"1 minuto"},"schema":{"@context":"https:\/\/schema.org","@graph":[{"@type":"WebSite","@id":"https:\/\/lafuente.mx\/#website","url":"https:\/\/lafuente.mx\/","name":"","description":"Informaci\u00f3n confiable sobre salud mental","potentialAction":[{"@type":"SearchAction","target":{"@type":"EntryPoint","urlTemplate":"https:\/\/lafuente.mx\/?s={search_term_string}"},"query-input":"required name=search_term_string"}],"inLanguage":"es-MX"},{"@type":"WebPage","@id":"https:\/\/lafuente.mx\/?p=38","url":"https:\/\/lafuente.mx\/?p=38","name":"22 de Julio: D\u00eda Mundial del Cerebro -","isPartOf":{"@id":"https:\/\/lafuente.mx\/#website"},"datePublished":"2022-07-29T05:05:16+00:00","dateModified":"2022-07-29T05:05:20+00:00","author":{"@id":"https:\/\/lafuente.mx\/#\/schema\/person\/e2ec3823bfbc22ac617094485eb22edf"},"description":"El D\u00eda Mundial del Cerebro (WBD) 2022 est\u00e1 dedi- cado al tema \u201cSalud del cerebro para todos\u201d, ya que nuestros cerebros contin\u00faan siendo desafiados por pandemias, guerras, cambio clim\u00e1tico y la mir\u00edada de trastornos que afectan la existencia humana a nivel mundial.","breadcrumb":{"@id":"https:\/\/lafuente.mx\/?p=38#breadcrumb"},"inLanguage":"es-MX","potentialAction":[{"@type":"ReadAction","target":["https:\/\/lafuente.mx\/?p=38"]}]},{"@type":"BreadcrumbList","@id":"https:\/\/lafuente.mx\/?p=38#breadcrumb","itemListElement":[{"@type":"ListItem","position":1,"name":"Inicio","item":"https:\/\/lafuente.mx\/"},{"@type":"ListItem","position":2,"name":"22 de Julio: D\u00eda Mundial del Cerebro"}]},{"@type":"Person","@id":"https:\/\/lafuente.mx\/#\/schema\/person\/e2ec3823bfbc22ac617094485eb22edf","name":"audiovisuales.inprfm@gmail.com","image":{"@type":"ImageObject","inLanguage":"es-MX","@id":"https:\/\/lafuente.mx\/#\/schema\/person\/image\/","url":"https:\/\/secure.gravatar.com\/avatar\/af05e058952935ce812d2deeb54df38f?s=96&d=mm&r=g","contentUrl":"https:\/\/secure.gravatar.com\/avatar\/af05e058952935ce812d2deeb54df38f?s=96&d=mm&r=g","caption":"audiovisuales.inprfm@gmail.com"},"sameAs":["http:\/\/lafuente.mx"],"url":"https:\/\/lafuente.mx\/?author=1"}]}},"jetpack_featured_media_url":"https:\/\/i0.wp.com\/lafuente.mx\/wp-content\/uploads\/2022\/07\/pexels-photo-724994.jpeg?fit=1810%2C1300&ssl=1","jetpack-related-posts":[{"id":2074,"url":"https:\/\/lafuente.mx\/?p=2074","url_meta":{"origin":38,"position":0},"title":"La violencia desactiva neuronas y da\u00f1a al cerebro","date":"febrero 12, 2024","format":false,"excerpt":"El estr\u00e9s y la violencia repetidos aumentan el cortisol y \u00e9ste desactiva neuronas, primero la de la memoria y del aprendizaje. Es la conclusi\u00f3n de Eduardo Calixto Gonz\u00e1lez, jefe del Departamento de Neurobiolog\u00eda de la Direcci\u00f3n de Investigaciones en Neurociencias del Instituto Nacional de Psiquiatr\u00eda Ram\u00f3n de la Fuente Mu\u00f1iz\u2026","rel":"","context":"En &quot;Noticias&quot;","img":{"alt_text":"","src":"https:\/\/i0.wp.com\/lafuente.mx\/wp-content\/uploads\/2024\/02\/2024.0212-scaled.jpg?fit=1200%2C598&ssl=1&resize=350%2C200","width":350,"height":200},"classes":[]},{"id":3025,"url":"https:\/\/lafuente.mx\/?p=3025","url_meta":{"origin":38,"position":1},"title":"Tema del mes: Salud cerebral","date":"julio 25, 2025","format":false,"excerpt":"JULIO En el INPRFM trabajamos cada d\u00eda para generar conocimiento, brindar atenci\u00f3n especializada y promover el bienestar mental y cerebral de la poblaci\u00f3n. Cuidar el cerebro es una tarea de todos, en todas las edades.","rel":"","context":"En &quot;T\u00f3picos de salud mental&quot;","img":{"alt_text":"","src":"https:\/\/i0.wp.com\/lafuente.mx\/wp-content\/uploads\/2025\/07\/Captura-de-pantalla-2025-07-08-a-las-12.35.47.png?fit=1200%2C702&ssl=1&resize=350%2C200","width":350,"height":200},"classes":[]},{"id":1457,"url":"https:\/\/lafuente.mx\/?p=1457","url_meta":{"origin":38,"position":2},"title":"D\u00eda Mundial del Cerebro","date":"julio 19, 2023","format":false,"excerpt":"El 22 de julio, la Federaci\u00f3n Mundial de Neurolog\u00eda (WFN) lanza el primer \u201cD\u00eda Mundial del Cerebro\u201d, un evento dedicado a remarcar la importancia de la salud cerebral ya concienciar a la poblaci\u00f3n de la importancia de la prevenci\u00f3n en relaci\u00f3n con las enfermedades cerebrales, que son problemas de salud\u2026","rel":"","context":"En &quot;Efem\u00e9rides de Salud Mental&quot;","img":{"alt_text":"","src":"https:\/\/i0.wp.com\/lafuente.mx\/wp-content\/uploads\/2023\/07\/bodegon-cerebro-humano-edited-scaled.jpg?fit=1200%2C675&ssl=1&resize=350%2C200","width":350,"height":200},"classes":[]},{"id":841,"url":"https:\/\/lafuente.mx\/?p=841","url_meta":{"origin":38,"position":3},"title":"\u00bfQu\u00e9 es la Semana del Cerebro?","date":"febrero 27, 2023","format":false,"excerpt":"Del 13 al 19 de marzo de 2023\u00a0 La Semana del Cerebro (SDC) es un evento de difusi\u00f3n y divulgaci\u00f3n cient\u00edfica que se realiza cada a\u00f1o a nivel mundial.\u00a0 Surge como una iniciativa de la DANA Foundation a trav\u00e9s de la creaci\u00f3n, en 1996, de la Brain Awareness Week (BAW)\u2026","rel":"","context":"En &quot;Efem\u00e9rides de Salud Mental&quot;","img":{"alt_text":"","src":"https:\/\/i0.wp.com\/lafuente.mx\/wp-content\/uploads\/2023\/02\/cerebro01.jpeg?fit=980%2C587&ssl=1&resize=350%2C200","width":350,"height":200},"classes":[]},{"id":3152,"url":"https:\/\/lafuente.mx\/?p=3152","url_meta":{"origin":38,"position":4},"title":"D\u00eda Mundial del Cerebro 2025\u00a0","date":"julio 22, 2025","format":false,"excerpt":"22 de julio\u00a0 Salud cerebral para todas las edades\u00a0 Este a\u00f1o, desde el INPRFM nos sumamos a la campa\u00f1a global que reconoce el papel central que tiene la salud cerebral en cada etapa de la vida.\u00a0\u00a0 Desde la infancia hasta la vejez, cuidar el cerebro es cuidar el bienestar f\u00edsico,\u2026","rel":"","context":"En &quot;Efem\u00e9rides de Salud Mental&quot;","img":{"alt_text":"jigsaw, puzzle, brain, mind, woman, head, colors, think, ai generated, mind, mind, mind, mind, mind-8808273.jpg","src":"https:\/\/i0.wp.com\/lafuente.mx\/wp-content\/uploads\/2025\/07\/jigsaw-puzzle-brain-mind-woman-head-colors-think-ai-generated-mind-mind-mind-mind-mind-8808273.jpg?fit=1200%2C1200&ssl=1&resize=350%2C200","width":350,"height":200},"classes":[]},{"id":2461,"url":"https:\/\/lafuente.mx\/?p=2461","url_meta":{"origin":38,"position":5},"title":"D\u00eda Mundial del Cerebro \u00a0","date":"julio 22, 2024","format":false,"excerpt":"22 de julio Tiene como objetivo promover la concienciaci\u00f3n y la educaci\u00f3n sobre los trastornos neurol\u00f3gicos que afectan a personas de todo el mundo.\u00a0\u00a0 El D\u00eda Mundial del Cerebro 2024 (WBD 2024) est\u00e1 dedicado a la salud cerebral y la prevenci\u00f3n. La Federaci\u00f3n Mundial de Neurolog\u00eda (WFN) lidera\u00a0esta iniciativa en\u2026","rel":"","context":"En &quot;Efem\u00e9rides de Salud Mental&quot;","img":{"alt_text":"brain, heart, balance-3017071.jpg","src":"https:\/\/i0.wp.com\/lafuente.mx\/wp-content\/uploads\/2024\/07\/brain-heart-balance-3017071.png?fit=1200%2C1200&ssl=1&resize=350%2C200","width":350,"height":200},"classes":[]}],"jetpack_sharing_enabled":true,"jetpack_shortlink":"https:\/\/wp.me\/pe9WUx-C","_links":{"self":[{"href":"https:\/\/lafuente.mx\/index.php?rest_route=\/wp\/v2\/posts\/38"}],"collection":[{"href":"https:\/\/lafuente.mx\/index.php?rest_route=\/wp\/v2\/posts"}],"about":[{"href":"https:\/\/lafuente.mx\/index.php?rest_route=\/wp\/v2\/types\/post"}],"author":[{"embeddable":true,"href":"https:\/\/lafuente.mx\/index.php?rest_route=\/wp\/v2\/users\/1"}],"replies":[{"embeddable":true,"href":"https:\/\/lafuente.mx\/index.php?rest_route=%2Fwp%2Fv2%2Fcomments&post=38"}],"version-history":[{"count":1,"href":"https:\/\/lafuente.mx\/index.php?rest_route=\/wp\/v2\/posts\/38\/revisions"}],"predecessor-version":[{"id":40,"href":"https:\/\/lafuente.mx\/index.php?rest_route=\/wp\/v2\/posts\/38\/revisions\/40"}],"wp:featuredmedia":[{"embeddable":true,"href":"https:\/\/lafuente.mx\/index.php?rest_route=\/wp\/v2\/media\/39"}],"wp:attachment":[{"href":"https:\/\/lafuente.mx\/index.php?rest_route=%2Fwp%2Fv2%2Fmedia&parent=38"}],"wp:term":[{"taxonomy":"category","embeddable":true,"href":"https:\/\/lafuente.mx\/index.php?rest_route=%2Fwp%2Fv2%2Fcategories&post=38"},{"taxonomy":"post_tag","embeddable":true,"href":"https:\/\/lafuente.mx\/index.php?rest_route=%2Fwp%2Fv2%2Ftags&post=38"}],"curies":[{"name":"wp","href":"https:\/\/api.w.org\/{rel}","templated":true}]}}