{"id":376,"date":"2022-09-13T19:12:51","date_gmt":"2022-09-13T19:12:51","guid":{"rendered":"https:\/\/lafuente.mx\/?p=376"},"modified":"2022-09-21T13:56:23","modified_gmt":"2022-09-21T13:56:23","slug":"esquizofrenia","status":"publish","type":"post","link":"https:\/\/lafuente.mx\/?p=376","title":{"rendered":"Alternativas terap\u00e9uticas para la esquizofrenia"},"content":{"rendered":"\n<p class=\"has-text-align-center has-text-color has-large-font-size\" style=\"color:#078155\"><strong>Marcelo Valencia<\/strong><\/p>\n\n\n\n<hr class=\"wp-block-separator has-alpha-channel-opacity\"\/>\n\n\n\n<figure class=\"wp-block-image size-full\"><img decoding=\"async\" loading=\"lazy\" width=\"332\" height=\"499\" src=\"https:\/\/i0.wp.com\/lafuente.mx\/wp-content\/uploads\/2022\/09\/5141aJZrnUL._SX330_BO1204203200_.jpg?resize=332%2C499&#038;ssl=1\" alt=\"\" class=\"wp-image-392\" srcset=\"https:\/\/i0.wp.com\/lafuente.mx\/wp-content\/uploads\/2022\/09\/5141aJZrnUL._SX330_BO1204203200_.jpg?w=332&amp;ssl=1 332w, https:\/\/i0.wp.com\/lafuente.mx\/wp-content\/uploads\/2022\/09\/5141aJZrnUL._SX330_BO1204203200_.jpg?resize=200%2C300&amp;ssl=1 200w\" sizes=\"(max-width: 332px) 100vw, 332px\" data-recalc-dims=\"1\" \/><\/figure>\n\n\n\n<p><\/p>\n\n\n\n<p class=\"has-text-color\" style=\"color:#757575\"><strong>Herder M\u00e9xico<\/strong><br><strong>ISBN:<\/strong> 9786077727224&nbsp;<br><strong>Fecha de publicaci\u00f3n:&nbsp;<\/strong>&nbsp; 2012&nbsp;<br><strong>P\u00e1ginas:&nbsp;&nbsp;<\/strong> 490&nbsp;<br><strong>Peso:<\/strong> 560 g&nbsp;<\/p>\n\n\n\n<hr class=\"wp-block-separator has-alpha-channel-opacity\"\/>\n\n\n\n<p>La esquizofrenia es una enfermedad mental compleja, de curso cr\u00f3nico, heterog\u00e9neo e impredecible. Las personas que la padecen tienen que lidiar con diversos aspectos, como la sintomatolog\u00eda psic\u00f3tica, la discapacidad, el deterioro cognitivo y los problemas en el funcionamiento psicosocial, as\u00ed como la falta de adherencia terap\u00e9utica, que puede provocar reca\u00eddas y rehospitalizaciones. La esquizofrenia, por ende, es considerada un problema de salud p\u00fablica en todo el mundo.&nbsp;<br>El surgimiento del \u00e1rea de \u201ctratamiento basado en la evidencia\u201d ha documentado y demostrado la efectividad de intervenciones integrales farmacol\u00f3gicas y psicosociales de las que se cuenta actualmente con una amplia gama de tratamientos para pacientes con esquizofrenia. Estudios cl\u00ednicos han demostrado que los pacientes pueden presentar mejor\u00edas sintom\u00e1ticas y funcionales, por lo que se ha cambiado de una perspectiva pesimista a un moderado optimismo, considerando a la recuperaci\u00f3n funcional una meta posible de lograr.&nbsp;<br>En este libro, se presentan diversas alternativas terap\u00e9uticas para personas con esquizofrenia basadas en investigaciones originales que, en Europa, los Estados Unidos y M\u00e9xico, realizaron expertos dedicados a lo largo de muchos a\u00f1os al tratamiento de personas con esquizofrenia y a sus familias. Precisamente, considerando a la familia como la depositaria de toda la carga emocional de la enfermedad y tambi\u00e9n como un elemento de vital importancia en el acompa\u00f1amiento al paciente y en su recuperaci\u00f3n, se incluyen modalidades terap\u00e9uticas integradas para los pacientes y sus familiares, como son el aprendizaje de habilidades psicosociales, la psicoeducaci\u00f3n, la prevenci\u00f3n de reca\u00eddas, la rehabilitaci\u00f3n en contextos domiciliarios, los modelos comunitarios, la reinserci\u00f3n laboral, el manejo del estr\u00e9s, la terapia para la familia basada en informaci\u00f3n cultural, la familia como instrumento para reducir riesgos y, finalmente, la orientaci\u00f3n familiar en las psicosis.&nbsp;<\/p>\n\n\n\n<hr class=\"wp-block-separator has-alpha-channel-opacity\"\/>\n\n\n\n<div class=\"wp-block-buttons is-layout-flex wp-block-buttons-is-layout-flex\">\n<div class=\"wp-block-button is-style-fill\"><a class=\"wp-block-button__link has-background\" href=\"https:\/\/herder.com.mx\/es\/libros-books\/alternativas-terapeuticas-para-la-esquizofrenia\/marcelo-valencia\/herder-mexico\" style=\"background-color:#113151\" target=\"_blank\" rel=\"noreferrer noopener\">M\u00e1s informaci\u00f3n<\/a><\/div>\n<\/div>\n","protected":false},"excerpt":{"rendered":"<p>Marcelo Valencia Herder M\u00e9xicoISBN: 9786077727224&nbsp;Fecha de publicaci\u00f3n:&nbsp;&nbsp; 2012&nbsp;P\u00e1ginas:&nbsp;&nbsp; 490&nbsp;Peso: 560 g&nbsp; La esquizofrenia es una enfermedad mental compleja, de curso cr\u00f3nico, heterog\u00e9neo e impredecible. Las<\/p>\n","protected":false},"author":3,"featured_media":377,"comment_status":"closed","ping_status":"closed","sticky":false,"template":"","format":"standard","meta":{"footnotes":"","jetpack_publicize_message":"","jetpack_is_tweetstorm":false,"jetpack_publicize_feature_enabled":true},"categories":[10],"tags":[],"jetpack_publicize_connections":[],"yoast_head":"<!-- This site is optimized with the Yoast SEO plugin v19.4 - https:\/\/yoast.com\/wordpress\/plugins\/seo\/ -->\n<title>Alternativas terap\u00e9uticas para la esquizofrenia -<\/title>\n<meta name=\"description\" content=\"Alternativas terap\u00e9uticas para la esquizofrenia\" \/>\n<meta name=\"robots\" content=\"index, follow, max-snippet:-1, max-image-preview:large, max-video-preview:-1\" \/>\n<link rel=\"canonical\" href=\"https:\/\/lafuente.mx\/?p=376\" \/>\n<meta property=\"og:locale\" content=\"es_MX\" \/>\n<meta property=\"og:type\" content=\"article\" \/>\n<meta property=\"og:title\" content=\"Alternativas terap\u00e9uticas para la esquizofrenia\" \/>\n<meta property=\"og:description\" content=\"En este libro, se presentan diversas alternativas terap\u00e9uticas para personas con esquizofrenia\" \/>\n<meta property=\"og:url\" content=\"https:\/\/lafuente.mx\/?p=376\" \/>\n<meta property=\"article:published_time\" content=\"2022-09-13T19:12:51+00:00\" \/>\n<meta property=\"article:modified_time\" content=\"2022-09-21T13:56:23+00:00\" \/>\n<meta property=\"og:image\" content=\"http:\/\/lafuente.mx\/wp-content\/uploads\/2022\/09\/Captura-de-Pantalla-2022-09-13-a-las-14.07.31-1.png\" \/>\n\t<meta property=\"og:image:width\" content=\"380\" \/>\n\t<meta property=\"og:image:height\" content=\"580\" \/>\n\t<meta property=\"og:image:type\" content=\"image\/png\" \/>\n<meta name=\"author\" content=\"Claudia Gallardo\" \/>\n<meta name=\"twitter:card\" content=\"summary_large_image\" \/>\n<meta name=\"twitter:title\" content=\"Alternativas terap\u00e9uticas para la esquizofrenia\" \/>\n<meta name=\"twitter:description\" content=\"En este libro, se presentan diversas alternativas terap\u00e9uticas para personas con esquizofrenia\" \/>\n<meta name=\"twitter:image\" content=\"https:\/\/i0.wp.com\/lafuente.mx\/wp-content\/uploads\/2022\/09\/Captura-de-Pantalla-2022-09-13-a-las-14.07.31-1.png?fit=380%2C580&ssl=1\" \/>\n<meta name=\"twitter:label1\" content=\"Escrito por\" \/>\n\t<meta name=\"twitter:data1\" content=\"Claudia Gallardo\" \/>\n\t<meta name=\"twitter:label2\" content=\"Tiempo de lectura\" \/>\n\t<meta name=\"twitter:data2\" content=\"2 minutos\" \/>\n<script type=\"application\/ld+json\" class=\"yoast-schema-graph\">{\"@context\":\"https:\/\/schema.org\",\"@graph\":[{\"@type\":\"WebSite\",\"@id\":\"https:\/\/lafuente.mx\/#website\",\"url\":\"https:\/\/lafuente.mx\/\",\"name\":\"\",\"description\":\"Informaci\u00f3n confiable sobre salud mental\",\"potentialAction\":[{\"@type\":\"SearchAction\",\"target\":{\"@type\":\"EntryPoint\",\"urlTemplate\":\"https:\/\/lafuente.mx\/?s={search_term_string}\"},\"query-input\":\"required name=search_term_string\"}],\"inLanguage\":\"es-MX\"},{\"@type\":\"WebPage\",\"@id\":\"https:\/\/lafuente.mx\/?p=376\",\"url\":\"https:\/\/lafuente.mx\/?p=376\",\"name\":\"Alternativas terap\u00e9uticas para la esquizofrenia -\",\"isPartOf\":{\"@id\":\"https:\/\/lafuente.mx\/#website\"},\"datePublished\":\"2022-09-13T19:12:51+00:00\",\"dateModified\":\"2022-09-21T13:56:23+00:00\",\"author\":{\"@id\":\"https:\/\/lafuente.mx\/#\/schema\/person\/603f3aa8e2f6f7879021ab722d39d6b0\"},\"description\":\"Alternativas terap\u00e9uticas para la esquizofrenia\",\"breadcrumb\":{\"@id\":\"https:\/\/lafuente.mx\/?p=376#breadcrumb\"},\"inLanguage\":\"es-MX\",\"potentialAction\":[{\"@type\":\"ReadAction\",\"target\":[\"https:\/\/lafuente.mx\/?p=376\"]}]},{\"@type\":\"BreadcrumbList\",\"@id\":\"https:\/\/lafuente.mx\/?p=376#breadcrumb\",\"itemListElement\":[{\"@type\":\"ListItem\",\"position\":1,\"name\":\"Inicio\",\"item\":\"https:\/\/lafuente.mx\/\"},{\"@type\":\"ListItem\",\"position\":2,\"name\":\"Alternativas terap\u00e9uticas para la esquizofrenia\"}]},{\"@type\":\"Person\",\"@id\":\"https:\/\/lafuente.mx\/#\/schema\/person\/603f3aa8e2f6f7879021ab722d39d6b0\",\"name\":\"Claudia Gallardo\",\"image\":{\"@type\":\"ImageObject\",\"inLanguage\":\"es-MX\",\"@id\":\"https:\/\/lafuente.mx\/#\/schema\/person\/image\/\",\"url\":\"https:\/\/secure.gravatar.com\/avatar\/bfe9c966af1ccfb9d17bcdb9d04e8815?s=96&d=mm&r=g\",\"contentUrl\":\"https:\/\/secure.gravatar.com\/avatar\/bfe9c966af1ccfb9d17bcdb9d04e8815?s=96&d=mm&r=g\",\"caption\":\"Claudia Gallardo\"},\"url\":\"https:\/\/lafuente.mx\/?author=3\"}]}<\/script>\n<!-- \/ Yoast SEO plugin. -->","yoast_head_json":{"title":"Alternativas terap\u00e9uticas para la esquizofrenia -","description":"Alternativas terap\u00e9uticas para la esquizofrenia","robots":{"index":"index","follow":"follow","max-snippet":"max-snippet:-1","max-image-preview":"max-image-preview:large","max-video-preview":"max-video-preview:-1"},"canonical":"https:\/\/lafuente.mx\/?p=376","og_locale":"es_MX","og_type":"article","og_title":"Alternativas terap\u00e9uticas para la esquizofrenia","og_description":"En este libro, se presentan diversas alternativas terap\u00e9uticas para personas con esquizofrenia","og_url":"https:\/\/lafuente.mx\/?p=376","article_published_time":"2022-09-13T19:12:51+00:00","article_modified_time":"2022-09-21T13:56:23+00:00","og_image":[{"width":380,"height":580,"url":"http:\/\/lafuente.mx\/wp-content\/uploads\/2022\/09\/Captura-de-Pantalla-2022-09-13-a-las-14.07.31-1.png","type":"image\/png"}],"author":"Claudia Gallardo","twitter_card":"summary_large_image","twitter_title":"Alternativas terap\u00e9uticas para la esquizofrenia","twitter_description":"En este libro, se presentan diversas alternativas terap\u00e9uticas para personas con esquizofrenia","twitter_image":"https:\/\/i0.wp.com\/lafuente.mx\/wp-content\/uploads\/2022\/09\/Captura-de-Pantalla-2022-09-13-a-las-14.07.31-1.png?fit=380%2C580&ssl=1","twitter_misc":{"Escrito por":"Claudia Gallardo","Tiempo de lectura":"2 minutos"},"schema":{"@context":"https:\/\/schema.org","@graph":[{"@type":"WebSite","@id":"https:\/\/lafuente.mx\/#website","url":"https:\/\/lafuente.mx\/","name":"","description":"Informaci\u00f3n confiable sobre salud mental","potentialAction":[{"@type":"SearchAction","target":{"@type":"EntryPoint","urlTemplate":"https:\/\/lafuente.mx\/?s={search_term_string}"},"query-input":"required name=search_term_string"}],"inLanguage":"es-MX"},{"@type":"WebPage","@id":"https:\/\/lafuente.mx\/?p=376","url":"https:\/\/lafuente.mx\/?p=376","name":"Alternativas terap\u00e9uticas para la esquizofrenia -","isPartOf":{"@id":"https:\/\/lafuente.mx\/#website"},"datePublished":"2022-09-13T19:12:51+00:00","dateModified":"2022-09-21T13:56:23+00:00","author":{"@id":"https:\/\/lafuente.mx\/#\/schema\/person\/603f3aa8e2f6f7879021ab722d39d6b0"},"description":"Alternativas terap\u00e9uticas para la esquizofrenia","breadcrumb":{"@id":"https:\/\/lafuente.mx\/?p=376#breadcrumb"},"inLanguage":"es-MX","potentialAction":[{"@type":"ReadAction","target":["https:\/\/lafuente.mx\/?p=376"]}]},{"@type":"BreadcrumbList","@id":"https:\/\/lafuente.mx\/?p=376#breadcrumb","itemListElement":[{"@type":"ListItem","position":1,"name":"Inicio","item":"https:\/\/lafuente.mx\/"},{"@type":"ListItem","position":2,"name":"Alternativas terap\u00e9uticas para la esquizofrenia"}]},{"@type":"Person","@id":"https:\/\/lafuente.mx\/#\/schema\/person\/603f3aa8e2f6f7879021ab722d39d6b0","name":"Claudia Gallardo","image":{"@type":"ImageObject","inLanguage":"es-MX","@id":"https:\/\/lafuente.mx\/#\/schema\/person\/image\/","url":"https:\/\/secure.gravatar.com\/avatar\/bfe9c966af1ccfb9d17bcdb9d04e8815?s=96&d=mm&r=g","contentUrl":"https:\/\/secure.gravatar.com\/avatar\/bfe9c966af1ccfb9d17bcdb9d04e8815?s=96&d=mm&r=g","caption":"Claudia Gallardo"},"url":"https:\/\/lafuente.mx\/?author=3"}]}},"jetpack_featured_media_url":"https:\/\/i0.wp.com\/lafuente.mx\/wp-content\/uploads\/2022\/09\/Captura-de-Pantalla-2022-09-13-a-las-14.07.31-e1663096196853.png?fit=379%2C372&ssl=1","jetpack-related-posts":[],"jetpack_sharing_enabled":true,"jetpack_shortlink":"https:\/\/wp.me\/pe9WUx-64","_links":{"self":[{"href":"https:\/\/lafuente.mx\/index.php?rest_route=\/wp\/v2\/posts\/376"}],"collection":[{"href":"https:\/\/lafuente.mx\/index.php?rest_route=\/wp\/v2\/posts"}],"about":[{"href":"https:\/\/lafuente.mx\/index.php?rest_route=\/wp\/v2\/types\/post"}],"author":[{"embeddable":true,"href":"https:\/\/lafuente.mx\/index.php?rest_route=\/wp\/v2\/users\/3"}],"replies":[{"embeddable":true,"href":"https:\/\/lafuente.mx\/index.php?rest_route=%2Fwp%2Fv2%2Fcomments&post=376"}],"version-history":[{"count":2,"href":"https:\/\/lafuente.mx\/index.php?rest_route=\/wp\/v2\/posts\/376\/revisions"}],"predecessor-version":[{"id":393,"href":"https:\/\/lafuente.mx\/index.php?rest_route=\/wp\/v2\/posts\/376\/revisions\/393"}],"wp:featuredmedia":[{"embeddable":true,"href":"https:\/\/lafuente.mx\/index.php?rest_route=\/wp\/v2\/media\/377"}],"wp:attachment":[{"href":"https:\/\/lafuente.mx\/index.php?rest_route=%2Fwp%2Fv2%2Fmedia&parent=376"}],"wp:term":[{"taxonomy":"category","embeddable":true,"href":"https:\/\/lafuente.mx\/index.php?rest_route=%2Fwp%2Fv2%2Fcategories&post=376"},{"taxonomy":"post_tag","embeddable":true,"href":"https:\/\/lafuente.mx\/index.php?rest_route=%2Fwp%2Fv2%2Ftags&post=376"}],"curies":[{"name":"wp","href":"https:\/\/api.w.org\/{rel}","templated":true}]}}