{"id":370,"date":"2022-09-09T16:08:13","date_gmt":"2022-09-09T16:08:13","guid":{"rendered":"https:\/\/lafuente.mx\/?p=370"},"modified":"2022-09-12T14:44:05","modified_gmt":"2022-09-12T14:44:05","slug":"intervencion-para-prevencion-de-adicciones-en-jovenes","status":"publish","type":"post","link":"https:\/\/lafuente.mx\/?p=370","title":{"rendered":"Intervenci\u00f3n para prevenci\u00f3n de adicciones en j\u00f3venes"},"content":{"rendered":"\n<hr class=\"wp-block-separator has-text-color has-cyan-bluish-gray-color has-alpha-channel-opacity has-cyan-bluish-gray-background-color has-background\"\/>\n\n\n\n<p class=\"has-text-align-center has-text-color has-large-font-size\" style=\"color:#35a77d\">Del 26 de septiembre al 28 de octubre de 2022<\/p>\n\n\n\n<p class=\"has-text-color has-medium-font-size\" style=\"color:#8c8c8c\"><strong>Coordinadora acad\u00e9mica:<\/strong><\/p>\n\n\n\n<p class=\"has-text-color has-large-font-size\" style=\"color:#1b7f55\">Dra. Patricia Fuentes de Iturbe<\/p>\n\n\n\n<figure class=\"wp-block-image size-full is-resized\"><img decoding=\"async\" loading=\"lazy\" src=\"https:\/\/i0.wp.com\/lafuente.mx\/wp-content\/uploads\/2022\/09\/Adicciones.png?resize=427%2C536&#038;ssl=1\" alt=\"\" class=\"wp-image-371\" width=\"427\" height=\"536\" srcset=\"https:\/\/i0.wp.com\/lafuente.mx\/wp-content\/uploads\/2022\/09\/Adicciones.png?w=498&amp;ssl=1 498w, https:\/\/i0.wp.com\/lafuente.mx\/wp-content\/uploads\/2022\/09\/Adicciones.png?resize=239%2C300&amp;ssl=1 239w\" sizes=\"(max-width: 427px) 100vw, 427px\" data-recalc-dims=\"1\" \/><\/figure>\n\n\n\n<p><strong>Dirigido a:<\/strong><\/p>\n\n\n\n<p>Profesionales de la salud, educaci\u00f3n y afines<\/p>\n\n\n\n<p><strong>Objetivo:<\/strong><\/p>\n\n\n\n<p>Capacitar en el manejo de una intervenci\u00f3n preventiva para aumentar la percepci\u00f3n de riesgo de uso de sustancias y fortalecer habilidades para la vida en j\u00f3venes.<\/p>\n\n\n\n<p><strong>Temas:<\/strong><\/p>\n\n\n\n<p>1. Adolescencia: periodo de transiciones, riesgos y oportunidades<\/p>\n\n\n\n<p>2. Sustancias psicoactivas: Efectos y Riesgos<\/p>\n\n\n\n<p>3. Detecci\u00f3n temprana de consumo de alcohol, tabaco y otras drogas<\/p>\n\n\n\n<p>4. Intervenci\u00f3n preventiva basada en el Modelo de Habilidades para la Vida<\/p>\n\n\n\n<p>-Habilidades cognitivas e interpersonales<\/p>\n\n\n\n<p>-Recursos Interactivos de la App<\/p>\n\n\n\n<p>-Asociaci\u00f3n entre habilidades y emociones<\/p>\n\n\n\n<p>5. Escalas de Habilidades para la Vida<\/p>\n\n\n\n<p>6. Implementaci\u00f3n de la intervenci\u00f3n preventiva QPSTP en contextos locales<\/p>\n\n\n\n<hr class=\"wp-block-separator has-text-color has-cyan-bluish-gray-color has-alpha-channel-opacity has-cyan-bluish-gray-background-color has-background\"\/>\n\n\n\n<p><strong>Inscripci\u00f3n:<\/strong><\/p>\n\n\n\n<p>1. Llenar el formato de registro en la p\u00e1gina <\/p>\n\n\n\n<p><a href=\"https:\/\/bit.ly\/3mf9y9y\" target=\"_blank\" rel=\"noreferrer noopener\">https:\/\/bit.ly\/3mf9y9y<\/a><\/p>\n\n\n\n<p>2. Enviar por correo electr\u00f3nico copia legible de su comprobante de pago.<\/p>\n","protected":false},"excerpt":{"rendered":"<p>Del 26 de septiembre al 28 de octubre de 2022 Coordinadora acad\u00e9mica: Dra. Patricia Fuentes de Iturbe Dirigido a: Profesionales de la salud, educaci\u00f3n y<\/p>\n","protected":false},"author":3,"featured_media":371,"comment_status":"closed","ping_status":"closed","sticky":false,"template":"","format":"standard","meta":{"footnotes":"","jetpack_publicize_message":"","jetpack_is_tweetstorm":false,"jetpack_publicize_feature_enabled":true},"categories":[4,6],"tags":[],"jetpack_publicize_connections":[],"yoast_head":"<!-- This site is optimized with the Yoast SEO plugin v19.4 - https:\/\/yoast.com\/wordpress\/plugins\/seo\/ -->\n<title>Intervenci\u00f3n para prevenci\u00f3n de adicciones en j\u00f3venes -<\/title>\n<meta name=\"description\" content=\"Intervenci\u00f3n para prevenci\u00f3n de adicciones en j\u00f3venes. Curso en l\u00ednea\" \/>\n<meta name=\"robots\" content=\"index, follow, max-snippet:-1, max-image-preview:large, max-video-preview:-1\" \/>\n<link rel=\"canonical\" href=\"https:\/\/lafuente.mx\/?p=370\" \/>\n<meta property=\"og:locale\" content=\"es_MX\" \/>\n<meta property=\"og:type\" content=\"article\" \/>\n<meta property=\"og:title\" content=\"Intervenci\u00f3n para prevenci\u00f3n de adicciones en j\u00f3venes\" \/>\n<meta property=\"og:description\" content=\"Curso en l\u00ednea\" \/>\n<meta property=\"og:url\" content=\"https:\/\/lafuente.mx\/?p=370\" \/>\n<meta property=\"article:published_time\" content=\"2022-09-09T16:08:13+00:00\" \/>\n<meta property=\"article:modified_time\" content=\"2022-09-12T14:44:05+00:00\" \/>\n<meta property=\"og:image\" content=\"http:\/\/lafuente.mx\/wp-content\/uploads\/2022\/09\/Adicciones.png\" \/>\n\t<meta property=\"og:image:width\" content=\"498\" \/>\n\t<meta property=\"og:image:height\" content=\"625\" \/>\n\t<meta property=\"og:image:type\" content=\"image\/png\" \/>\n<meta name=\"author\" content=\"Claudia Gallardo\" \/>\n<meta name=\"twitter:card\" content=\"summary_large_image\" \/>\n<meta name=\"twitter:title\" content=\"Intervenci\u00f3n para prevenci\u00f3n de adicciones en j\u00f3venes\" \/>\n<meta name=\"twitter:description\" content=\"curso en l\u00ednea\" \/>\n<meta name=\"twitter:image\" content=\"https:\/\/i0.wp.com\/lafuente.mx\/wp-content\/uploads\/2022\/09\/Adicciones.png?fit=498%2C625&ssl=1\" \/>\n<meta name=\"twitter:label1\" content=\"Escrito por\" \/>\n\t<meta name=\"twitter:data1\" content=\"Claudia Gallardo\" \/>\n\t<meta name=\"twitter:label2\" content=\"Tiempo de lectura\" \/>\n\t<meta name=\"twitter:data2\" content=\"1 minuto\" \/>\n<script type=\"application\/ld+json\" class=\"yoast-schema-graph\">{\"@context\":\"https:\/\/schema.org\",\"@graph\":[{\"@type\":\"WebSite\",\"@id\":\"https:\/\/lafuente.mx\/#website\",\"url\":\"https:\/\/lafuente.mx\/\",\"name\":\"\",\"description\":\"Informaci\u00f3n confiable sobre salud mental\",\"potentialAction\":[{\"@type\":\"SearchAction\",\"target\":{\"@type\":\"EntryPoint\",\"urlTemplate\":\"https:\/\/lafuente.mx\/?s={search_term_string}\"},\"query-input\":\"required name=search_term_string\"}],\"inLanguage\":\"es-MX\"},{\"@type\":\"WebPage\",\"@id\":\"https:\/\/lafuente.mx\/?p=370\",\"url\":\"https:\/\/lafuente.mx\/?p=370\",\"name\":\"Intervenci\u00f3n para prevenci\u00f3n de adicciones en j\u00f3venes -\",\"isPartOf\":{\"@id\":\"https:\/\/lafuente.mx\/#website\"},\"datePublished\":\"2022-09-09T16:08:13+00:00\",\"dateModified\":\"2022-09-12T14:44:05+00:00\",\"author\":{\"@id\":\"https:\/\/lafuente.mx\/#\/schema\/person\/603f3aa8e2f6f7879021ab722d39d6b0\"},\"description\":\"Intervenci\u00f3n para prevenci\u00f3n de adicciones en j\u00f3venes. Curso en l\u00ednea\",\"breadcrumb\":{\"@id\":\"https:\/\/lafuente.mx\/?p=370#breadcrumb\"},\"inLanguage\":\"es-MX\",\"potentialAction\":[{\"@type\":\"ReadAction\",\"target\":[\"https:\/\/lafuente.mx\/?p=370\"]}]},{\"@type\":\"BreadcrumbList\",\"@id\":\"https:\/\/lafuente.mx\/?p=370#breadcrumb\",\"itemListElement\":[{\"@type\":\"ListItem\",\"position\":1,\"name\":\"Inicio\",\"item\":\"https:\/\/lafuente.mx\/\"},{\"@type\":\"ListItem\",\"position\":2,\"name\":\"Intervenci\u00f3n para prevenci\u00f3n de adicciones en j\u00f3venes\"}]},{\"@type\":\"Person\",\"@id\":\"https:\/\/lafuente.mx\/#\/schema\/person\/603f3aa8e2f6f7879021ab722d39d6b0\",\"name\":\"Claudia Gallardo\",\"image\":{\"@type\":\"ImageObject\",\"inLanguage\":\"es-MX\",\"@id\":\"https:\/\/lafuente.mx\/#\/schema\/person\/image\/\",\"url\":\"https:\/\/secure.gravatar.com\/avatar\/bfe9c966af1ccfb9d17bcdb9d04e8815?s=96&d=mm&r=g\",\"contentUrl\":\"https:\/\/secure.gravatar.com\/avatar\/bfe9c966af1ccfb9d17bcdb9d04e8815?s=96&d=mm&r=g\",\"caption\":\"Claudia Gallardo\"},\"url\":\"https:\/\/lafuente.mx\/?author=3\"}]}<\/script>\n<!-- \/ Yoast SEO plugin. -->","yoast_head_json":{"title":"Intervenci\u00f3n para prevenci\u00f3n de adicciones en j\u00f3venes -","description":"Intervenci\u00f3n para prevenci\u00f3n de adicciones en j\u00f3venes. Curso en l\u00ednea","robots":{"index":"index","follow":"follow","max-snippet":"max-snippet:-1","max-image-preview":"max-image-preview:large","max-video-preview":"max-video-preview:-1"},"canonical":"https:\/\/lafuente.mx\/?p=370","og_locale":"es_MX","og_type":"article","og_title":"Intervenci\u00f3n para prevenci\u00f3n de adicciones en j\u00f3venes","og_description":"Curso en l\u00ednea","og_url":"https:\/\/lafuente.mx\/?p=370","article_published_time":"2022-09-09T16:08:13+00:00","article_modified_time":"2022-09-12T14:44:05+00:00","og_image":[{"width":498,"height":625,"url":"http:\/\/lafuente.mx\/wp-content\/uploads\/2022\/09\/Adicciones.png","type":"image\/png"}],"author":"Claudia Gallardo","twitter_card":"summary_large_image","twitter_title":"Intervenci\u00f3n para prevenci\u00f3n de adicciones en j\u00f3venes","twitter_description":"curso en l\u00ednea","twitter_image":"https:\/\/i0.wp.com\/lafuente.mx\/wp-content\/uploads\/2022\/09\/Adicciones.png?fit=498%2C625&ssl=1","twitter_misc":{"Escrito por":"Claudia Gallardo","Tiempo de lectura":"1 minuto"},"schema":{"@context":"https:\/\/schema.org","@graph":[{"@type":"WebSite","@id":"https:\/\/lafuente.mx\/#website","url":"https:\/\/lafuente.mx\/","name":"","description":"Informaci\u00f3n confiable sobre salud mental","potentialAction":[{"@type":"SearchAction","target":{"@type":"EntryPoint","urlTemplate":"https:\/\/lafuente.mx\/?s={search_term_string}"},"query-input":"required name=search_term_string"}],"inLanguage":"es-MX"},{"@type":"WebPage","@id":"https:\/\/lafuente.mx\/?p=370","url":"https:\/\/lafuente.mx\/?p=370","name":"Intervenci\u00f3n para prevenci\u00f3n de adicciones en j\u00f3venes -","isPartOf":{"@id":"https:\/\/lafuente.mx\/#website"},"datePublished":"2022-09-09T16:08:13+00:00","dateModified":"2022-09-12T14:44:05+00:00","author":{"@id":"https:\/\/lafuente.mx\/#\/schema\/person\/603f3aa8e2f6f7879021ab722d39d6b0"},"description":"Intervenci\u00f3n para prevenci\u00f3n de adicciones en j\u00f3venes. Curso en l\u00ednea","breadcrumb":{"@id":"https:\/\/lafuente.mx\/?p=370#breadcrumb"},"inLanguage":"es-MX","potentialAction":[{"@type":"ReadAction","target":["https:\/\/lafuente.mx\/?p=370"]}]},{"@type":"BreadcrumbList","@id":"https:\/\/lafuente.mx\/?p=370#breadcrumb","itemListElement":[{"@type":"ListItem","position":1,"name":"Inicio","item":"https:\/\/lafuente.mx\/"},{"@type":"ListItem","position":2,"name":"Intervenci\u00f3n para prevenci\u00f3n de adicciones en j\u00f3venes"}]},{"@type":"Person","@id":"https:\/\/lafuente.mx\/#\/schema\/person\/603f3aa8e2f6f7879021ab722d39d6b0","name":"Claudia Gallardo","image":{"@type":"ImageObject","inLanguage":"es-MX","@id":"https:\/\/lafuente.mx\/#\/schema\/person\/image\/","url":"https:\/\/secure.gravatar.com\/avatar\/bfe9c966af1ccfb9d17bcdb9d04e8815?s=96&d=mm&r=g","contentUrl":"https:\/\/secure.gravatar.com\/avatar\/bfe9c966af1ccfb9d17bcdb9d04e8815?s=96&d=mm&r=g","caption":"Claudia Gallardo"},"url":"https:\/\/lafuente.mx\/?author=3"}]}},"jetpack_featured_media_url":"https:\/\/i0.wp.com\/lafuente.mx\/wp-content\/uploads\/2022\/09\/Adicciones.png?fit=498%2C625&ssl=1","jetpack-related-posts":[{"id":3667,"url":"https:\/\/lafuente.mx\/?p=3667","url_meta":{"origin":370,"position":0},"title":"Relevancia de la respuesta inflamatoria en los trastornos psiqui\u00e1tricos\u00a0\u00a0\u00a0","date":"abril 16, 2026","format":false,"excerpt":"REQUISITOS PARA LA INSCRIPCI\u00d3N A CURSOS DEL PROGRAMA ANUAL DE EDUCACI\u00d3N CONTINUA Curso en l\u00ednea\u00a0\u00a0 Del 27 de abril al 8 de mayo de 2026\u00a0 Cuarta emisi\u00f3n Dr. Lenin Pav\u00f3n Romero\u00a0\u00a0 Coordinador titular\u00a0 Dr. Gilberto P\u00e9rez S\u00e1nchez\u00a0\u00a0 Coordinador adjunto\u00a0 Dirigido a Profesionales en salud mental y especialidades m\u00e9dicas.\u00a0\u00a0 Objetivo general\u2026","rel":"","context":"En &quot;Cursos&quot;","img":{"alt_text":"","src":"https:\/\/i0.wp.com\/lafuente.mx\/wp-content\/uploads\/2026\/04\/imagen-cartel-Rinflamatoria-2026.jpeg?fit=1200%2C668&ssl=1&resize=350%2C200","width":350,"height":200},"classes":[]},{"id":2301,"url":"https:\/\/lafuente.mx\/?p=2301","url_meta":{"origin":370,"position":1},"title":"Temas selectos de MEDICINA INTERNA para psiquiatras","date":"mayo 17, 2024","format":false,"excerpt":"Del 27 de mayo al 7 de junio de 2024 Curso en l\u00ednea. CUPO limitado TEM\u00c1TICA: Cardiopat\u00edas S\u00edndrome metab\u00f3lico Distiroidismo Enfermedad cerebrovascular Dirigido a: Personal del \u00e1rea de la salud: especialistas en psiquiatr\u00eda y residentes en formaci\u00f3n Objetivo general Analizar los avances en el diagn\u00f3stico y tratamiento de los problemas\u2026","rel":"","context":"En &quot;Cursos&quot;","img":{"alt_text":"","src":"https:\/\/i0.wp.com\/lafuente.mx\/wp-content\/uploads\/2024\/05\/basculaElectro.png?fit=1200%2C744&ssl=1&resize=350%2C200","width":350,"height":200},"classes":[]},{"id":2443,"url":"https:\/\/lafuente.mx\/?p=2443","url_meta":{"origin":370,"position":2},"title":"Abordaje en Deterioro Cognitivo Leve: desde la cl\u00ednica hacia la neuromodulaci\u00f3n","date":"julio 12, 2024","format":false,"excerpt":"Del 22 de julio al 02 de agosto, 2024Curso sin costo (Cupo limitado) Coordinadora titular: Dra. Ruth Alcal\u00e1 Lozano Coordinadora adjunta:Mtra. Roc\u00edo Carmona Hern\u00e1ndez Dirigido a: Personal m\u00e9dico general y en formaci\u00f3n, residentes y especialistas en geriatr\u00eda, neurolog\u00eda, psiquiatr\u00eda, psicogeriatr\u00eda y otros profesionales de la salud: psicolog\u00eda, neuropsicolog\u00eda, gerontolog\u00eda y\u2026","rel":"","context":"En &quot;Cursos&quot;","img":{"alt_text":"","src":"https:\/\/i0.wp.com\/lafuente.mx\/wp-content\/uploads\/2024\/07\/cerebroCartel.jpg?fit=1200%2C838&ssl=1&resize=350%2C200","width":350,"height":200},"classes":[]},{"id":3673,"url":"https:\/\/lafuente.mx\/?p=3673","url_meta":{"origin":370,"position":3},"title":"Controversias en el uso de Cannabinoides: evidencias y desaf\u00edo cl\u00ednico","date":"abril 28, 2026","format":false,"excerpt":"Del\u00a011 al 22\u00a0de mayo\u00a0de 2026 Coordinadora titular:Dra. Diana P\u00e9rez MolinaCoordinador adjunto:Dr. Hugo Gonz\u00e1lez Cant\u00fa Dirigido a: Profesionales de la salud,\u00a0medicina\u00a0general\u00a0y\u00a0especialistas en psiquiatr\u00eda. Objetivo general Analizar\u00a0con\u00a0base\u00a0en\u00a0la\u00a0evidencia\u00a0los\u00a0usos\u00a0de\u00a0los\u00a0cannabinoides\u00a0en\u00a0la\u00a0medicina\u00a0actual\u00a0con la\u00a0finalidad\u00a0de\u00a0reflexionar\u00a0sobre\u00a0sus\u00a0potenciales\u00a0usos\u00a0y\u00a0riesgos\u00a0para\u00a0la\u00a0salud\u00a0mental. Tem\u00e1tica \u0095\u00a0Regulaci\u00f3n\u00a0sanitaria\u00a0en\u00a0M\u00e9xico\u00a0 \u0095\u00a0Farmacocin\u00e9tica \u0095\u00a0Evidencia cient\u00edfica sobre el uso\u00a0del cannabis \u0095\u00a0Poblaciones de alto riesgo \u2022 Curso sin costo \u00b7 Cupo limitado \u00b7 20 horas cr\u00e9dito\u2026","rel":"","context":"En &quot;Cursos en l\u00ednea&quot;","img":{"alt_text":"","src":"https:\/\/i0.wp.com\/lafuente.mx\/wp-content\/uploads\/2026\/04\/Captura-de-pantalla-2026-04-27-a-las-11.19.09.png?fit=794%2C684&ssl=1&resize=350%2C200","width":350,"height":200},"classes":[]},{"id":1824,"url":"https:\/\/lafuente.mx\/?p=1824","url_meta":{"origin":370,"position":4},"title":"Curso en l\u00ednea. Fentanilo y otros opioides: Desde el receptor hasta el abordaje cl\u00ednico \u00a0","date":"octubre 27, 2023","format":false,"excerpt":"Del 6 al 17 de noviembre de 2023\u00a0 Coordinan:\u00a0 Dra. Sara Infante Murillo\u00a0 Dra. Natalia Morales Carrasco\u00a0 Acceso ilimitado 24 horas en Google Classroom + sesiones interactivas en tiempo real Inscripci\u00f3n\u00a0 Dirigido a:\u00a0 Personal de salud del \u00e1rea m\u00e9dica, psicolog\u00eda, psiquiatr\u00eda y enfermer\u00eda\u00a0 Objetivo general:\u00a0 Reconocer el contexto social del\u2026","rel":"","context":"En &quot;Cursos&quot;","img":{"alt_text":"","src":"https:\/\/i0.wp.com\/lafuente.mx\/wp-content\/uploads\/2023\/10\/examen-medico-scaled.jpg?fit=1200%2C801&ssl=1&resize=350%2C200","width":350,"height":200},"classes":[]},{"id":2374,"url":"https:\/\/lafuente.mx\/?p=2374","url_meta":{"origin":370,"position":5},"title":"Prevenci\u00f3n de la depresi\u00f3n en mujeres\u00a0","date":"junio 21, 2024","format":false,"excerpt":"CURSO EN L\u00cdNEA Del 5 de agosto al 6 de octubre, 2024\u00a0 Coordinadora acad\u00e9mica: Dra. Ma. Asunci\u00f3n Lara Cant\u00fa\u00a0\u00a0\u00a0 Profesora: Mtra. en Psic. Maricarmen Acevedo Corona\u00a0\u00a0\u00a0 Dirigido a: Profesionales de la salud y afines. Preferentemente con experiencia en el manejo de grupos y conocimientos de psicopatolog\u00eda, estudios sobre la mujer\u2026","rel":"","context":"En &quot;Cursos&quot;","img":{"alt_text":"digital drawing, woman, sadness-4302943.jpg","src":"https:\/\/i0.wp.com\/lafuente.mx\/wp-content\/uploads\/2024\/06\/digital-drawing-woman-sadness-4302943.jpg?fit=1200%2C796&ssl=1&resize=350%2C200","width":350,"height":200},"classes":[]}],"jetpack_sharing_enabled":true,"jetpack_shortlink":"https:\/\/wp.me\/pe9WUx-5Y","_links":{"self":[{"href":"https:\/\/lafuente.mx\/index.php?rest_route=\/wp\/v2\/posts\/370"}],"collection":[{"href":"https:\/\/lafuente.mx\/index.php?rest_route=\/wp\/v2\/posts"}],"about":[{"href":"https:\/\/lafuente.mx\/index.php?rest_route=\/wp\/v2\/types\/post"}],"author":[{"embeddable":true,"href":"https:\/\/lafuente.mx\/index.php?rest_route=\/wp\/v2\/users\/3"}],"replies":[{"embeddable":true,"href":"https:\/\/lafuente.mx\/index.php?rest_route=%2Fwp%2Fv2%2Fcomments&post=370"}],"version-history":[{"count":2,"href":"https:\/\/lafuente.mx\/index.php?rest_route=\/wp\/v2\/posts\/370\/revisions"}],"predecessor-version":[{"id":375,"href":"https:\/\/lafuente.mx\/index.php?rest_route=\/wp\/v2\/posts\/370\/revisions\/375"}],"wp:featuredmedia":[{"embeddable":true,"href":"https:\/\/lafuente.mx\/index.php?rest_route=\/wp\/v2\/media\/371"}],"wp:attachment":[{"href":"https:\/\/lafuente.mx\/index.php?rest_route=%2Fwp%2Fv2%2Fmedia&parent=370"}],"wp:term":[{"taxonomy":"category","embeddable":true,"href":"https:\/\/lafuente.mx\/index.php?rest_route=%2Fwp%2Fv2%2Fcategories&post=370"},{"taxonomy":"post_tag","embeddable":true,"href":"https:\/\/lafuente.mx\/index.php?rest_route=%2Fwp%2Fv2%2Ftags&post=370"}],"curies":[{"name":"wp","href":"https:\/\/api.w.org\/{rel}","templated":true}]}}