{"id":3681,"date":"2026-05-01T03:55:00","date_gmt":"2026-05-01T03:55:00","guid":{"rendered":"https:\/\/lafuente.mx\/?p=3681"},"modified":"2026-04-28T16:10:02","modified_gmt":"2026-04-28T16:10:02","slug":"borrador-automatico-preguntale-al-psiquiatra","status":"publish","type":"post","link":"https:\/\/lafuente.mx\/?p=3681","title":{"rendered":"Mentalizarte"},"content":{"rendered":"\n<p class=\"has-text-align-center has-vivid-purple-color has-text-color has-larger-font-size\"><strong>Durante MAYO<\/strong><\/p>\n\n\n\n<p class=\"has-text-align-center has-large-font-size\">Hablaremos de <\/p>\n\n\n\n<figure class=\"wp-block-image size-large\"><img decoding=\"async\" loading=\"lazy\" width=\"640\" height=\"370\" src=\"https:\/\/i0.wp.com\/lafuente.mx\/wp-content\/uploads\/2026\/04\/WhatsApp-Image-2026-04-24-at-12.00.22-PM-1024x592.jpeg?resize=640%2C370&#038;ssl=1\" alt=\"\" class=\"wp-image-3682\" srcset=\"https:\/\/i0.wp.com\/lafuente.mx\/wp-content\/uploads\/2026\/04\/WhatsApp-Image-2026-04-24-at-12.00.22-PM.jpeg?resize=1024%2C592&amp;ssl=1 1024w, https:\/\/i0.wp.com\/lafuente.mx\/wp-content\/uploads\/2026\/04\/WhatsApp-Image-2026-04-24-at-12.00.22-PM.jpeg?resize=300%2C173&amp;ssl=1 300w, https:\/\/i0.wp.com\/lafuente.mx\/wp-content\/uploads\/2026\/04\/WhatsApp-Image-2026-04-24-at-12.00.22-PM.jpeg?resize=768%2C444&amp;ssl=1 768w, https:\/\/i0.wp.com\/lafuente.mx\/wp-content\/uploads\/2026\/04\/WhatsApp-Image-2026-04-24-at-12.00.22-PM.jpeg?w=1310&amp;ssl=1 1310w\" sizes=\"(max-width: 640px) 100vw, 640px\" data-recalc-dims=\"1\" \/><\/figure>\n\n\n\n<hr class=\"wp-block-separator has-alpha-channel-opacity\"\/>\n\n\n\n<p class=\"has-text-color has-medium-font-size\" style=\"color:#571e8b\">Las dudas que tienes sobre los efectos secundarios de los medicamentos; el diagn\u00f3stico y c\u00f3mo vivir con \u00e9l; \u00e9stas y muchas otras preguntas ser\u00e1n resueltas a lo largo del mes por especialistas en salud mental.<\/p>\n\n\n\n<div class=\"wp-block-buttons is-layout-flex wp-block-buttons-is-layout-flex\">\n<div class=\"wp-block-button\"><a class=\"wp-block-button__link has-vivid-purple-background-color has-background wp-element-button\">M\u00e1s informaci\u00f3n<\/a><\/div>\n<\/div>\n","protected":false},"excerpt":{"rendered":"<p>Durante MAYO Hablaremos de Las dudas que tienes sobre los efectos secundarios de los medicamentos; el diagn\u00f3stico y c\u00f3mo vivir con \u00e9l; \u00e9stas y muchas<\/p>\n","protected":false},"author":3,"featured_media":3682,"comment_status":"closed","ping_status":"closed","sticky":true,"template":"","format":"standard","meta":{"footnotes":"","jetpack_publicize_message":"","jetpack_is_tweetstorm":false,"jetpack_publicize_feature_enabled":true},"categories":[14],"tags":[1170,422,21,397,32],"jetpack_publicize_connections":[],"yoast_head":"<!-- This site is optimized with the Yoast SEO plugin v19.4 - https:\/\/yoast.com\/wordpress\/plugins\/seo\/ -->\n<title>Mentalizarte -<\/title>\n<meta name=\"description\" content=\"Mentalizarte, Preg\u00fantale al Psiquiatra\" \/>\n<meta name=\"robots\" content=\"index, follow, max-snippet:-1, max-image-preview:large, max-video-preview:-1\" \/>\n<link rel=\"canonical\" href=\"https:\/\/lafuente.mx\/?p=3681\" \/>\n<meta property=\"og:locale\" content=\"es_MX\" \/>\n<meta property=\"og:type\" content=\"article\" \/>\n<meta property=\"og:title\" content=\"Preg\u00fantale al psiquiatra\" \/>\n<meta property=\"og:description\" content=\"Mentalizarte, Preg\u00fantale al psiquiatra\" \/>\n<meta property=\"og:url\" content=\"https:\/\/lafuente.mx\/?p=3681\" \/>\n<meta property=\"article:published_time\" content=\"2026-05-01T03:55:00+00:00\" \/>\n<meta property=\"article:modified_time\" content=\"2026-04-28T16:10:02+00:00\" \/>\n<meta property=\"og:image\" content=\"https:\/\/i0.wp.com\/lafuente.mx\/wp-content\/uploads\/2026\/04\/WhatsApp-Image-2026-04-24-at-12.00.22-PM.jpeg?fit=1310%2C757&ssl=1\" \/>\n\t<meta property=\"og:image:width\" content=\"1310\" \/>\n\t<meta property=\"og:image:height\" content=\"757\" \/>\n\t<meta property=\"og:image:type\" content=\"image\/jpeg\" \/>\n<meta name=\"author\" content=\"Claudia Gallardo\" \/>\n<meta name=\"twitter:card\" content=\"summary_large_image\" \/>\n<meta name=\"twitter:title\" content=\"Preg\u00fantale al psiquiatra\" \/>\n<meta name=\"twitter:description\" content=\"Mentalizarte, Preg\u00fantale al psiquiatra\" \/>\n<meta name=\"twitter:image\" content=\"https:\/\/i0.wp.com\/lafuente.mx\/wp-content\/uploads\/2026\/04\/WhatsApp-Image-2026-04-24-at-12.00.22-PM.jpeg?fit=1310%2C757&ssl=1\" \/>\n<meta name=\"twitter:label1\" content=\"Escrito por\" \/>\n\t<meta name=\"twitter:data1\" content=\"Claudia Gallardo\" \/>\n<script type=\"application\/ld+json\" class=\"yoast-schema-graph\">{\"@context\":\"https:\/\/schema.org\",\"@graph\":[{\"@type\":\"WebSite\",\"@id\":\"https:\/\/lafuente.mx\/#website\",\"url\":\"https:\/\/lafuente.mx\/\",\"name\":\"\",\"description\":\"Informaci\u00f3n confiable sobre salud mental\",\"potentialAction\":[{\"@type\":\"SearchAction\",\"target\":{\"@type\":\"EntryPoint\",\"urlTemplate\":\"https:\/\/lafuente.mx\/?s={search_term_string}\"},\"query-input\":\"required name=search_term_string\"}],\"inLanguage\":\"es-MX\"},{\"@type\":\"WebPage\",\"@id\":\"https:\/\/lafuente.mx\/?p=3681\",\"url\":\"https:\/\/lafuente.mx\/?p=3681\",\"name\":\"Mentalizarte -\",\"isPartOf\":{\"@id\":\"https:\/\/lafuente.mx\/#website\"},\"datePublished\":\"2026-05-01T03:55:00+00:00\",\"dateModified\":\"2026-04-28T16:10:02+00:00\",\"author\":{\"@id\":\"https:\/\/lafuente.mx\/#\/schema\/person\/603f3aa8e2f6f7879021ab722d39d6b0\"},\"description\":\"Mentalizarte, Preg\u00fantale al Psiquiatra\",\"breadcrumb\":{\"@id\":\"https:\/\/lafuente.mx\/?p=3681#breadcrumb\"},\"inLanguage\":\"es-MX\",\"potentialAction\":[{\"@type\":\"ReadAction\",\"target\":[\"https:\/\/lafuente.mx\/?p=3681\"]}]},{\"@type\":\"BreadcrumbList\",\"@id\":\"https:\/\/lafuente.mx\/?p=3681#breadcrumb\",\"itemListElement\":[{\"@type\":\"ListItem\",\"position\":1,\"name\":\"Inicio\",\"item\":\"https:\/\/lafuente.mx\/\"},{\"@type\":\"ListItem\",\"position\":2,\"name\":\"Mentalizarte\"}]},{\"@type\":\"Person\",\"@id\":\"https:\/\/lafuente.mx\/#\/schema\/person\/603f3aa8e2f6f7879021ab722d39d6b0\",\"name\":\"Claudia Gallardo\",\"image\":{\"@type\":\"ImageObject\",\"inLanguage\":\"es-MX\",\"@id\":\"https:\/\/lafuente.mx\/#\/schema\/person\/image\/\",\"url\":\"https:\/\/secure.gravatar.com\/avatar\/bfe9c966af1ccfb9d17bcdb9d04e8815?s=96&d=mm&r=g\",\"contentUrl\":\"https:\/\/secure.gravatar.com\/avatar\/bfe9c966af1ccfb9d17bcdb9d04e8815?s=96&d=mm&r=g\",\"caption\":\"Claudia Gallardo\"},\"url\":\"https:\/\/lafuente.mx\/?author=3\"}]}<\/script>\n<!-- \/ Yoast SEO plugin. -->","yoast_head_json":{"title":"Mentalizarte -","description":"Mentalizarte, Preg\u00fantale al Psiquiatra","robots":{"index":"index","follow":"follow","max-snippet":"max-snippet:-1","max-image-preview":"max-image-preview:large","max-video-preview":"max-video-preview:-1"},"canonical":"https:\/\/lafuente.mx\/?p=3681","og_locale":"es_MX","og_type":"article","og_title":"Preg\u00fantale al psiquiatra","og_description":"Mentalizarte, Preg\u00fantale al psiquiatra","og_url":"https:\/\/lafuente.mx\/?p=3681","article_published_time":"2026-05-01T03:55:00+00:00","article_modified_time":"2026-04-28T16:10:02+00:00","og_image":[{"width":1310,"height":757,"url":"https:\/\/i0.wp.com\/lafuente.mx\/wp-content\/uploads\/2026\/04\/WhatsApp-Image-2026-04-24-at-12.00.22-PM.jpeg?fit=1310%2C757&ssl=1","type":"image\/jpeg"}],"author":"Claudia Gallardo","twitter_card":"summary_large_image","twitter_title":"Preg\u00fantale al psiquiatra","twitter_description":"Mentalizarte, Preg\u00fantale al psiquiatra","twitter_image":"https:\/\/i0.wp.com\/lafuente.mx\/wp-content\/uploads\/2026\/04\/WhatsApp-Image-2026-04-24-at-12.00.22-PM.jpeg?fit=1310%2C757&ssl=1","twitter_misc":{"Escrito por":"Claudia Gallardo"},"schema":{"@context":"https:\/\/schema.org","@graph":[{"@type":"WebSite","@id":"https:\/\/lafuente.mx\/#website","url":"https:\/\/lafuente.mx\/","name":"","description":"Informaci\u00f3n confiable sobre salud mental","potentialAction":[{"@type":"SearchAction","target":{"@type":"EntryPoint","urlTemplate":"https:\/\/lafuente.mx\/?s={search_term_string}"},"query-input":"required name=search_term_string"}],"inLanguage":"es-MX"},{"@type":"WebPage","@id":"https:\/\/lafuente.mx\/?p=3681","url":"https:\/\/lafuente.mx\/?p=3681","name":"Mentalizarte -","isPartOf":{"@id":"https:\/\/lafuente.mx\/#website"},"datePublished":"2026-05-01T03:55:00+00:00","dateModified":"2026-04-28T16:10:02+00:00","author":{"@id":"https:\/\/lafuente.mx\/#\/schema\/person\/603f3aa8e2f6f7879021ab722d39d6b0"},"description":"Mentalizarte, Preg\u00fantale al Psiquiatra","breadcrumb":{"@id":"https:\/\/lafuente.mx\/?p=3681#breadcrumb"},"inLanguage":"es-MX","potentialAction":[{"@type":"ReadAction","target":["https:\/\/lafuente.mx\/?p=3681"]}]},{"@type":"BreadcrumbList","@id":"https:\/\/lafuente.mx\/?p=3681#breadcrumb","itemListElement":[{"@type":"ListItem","position":1,"name":"Inicio","item":"https:\/\/lafuente.mx\/"},{"@type":"ListItem","position":2,"name":"Mentalizarte"}]},{"@type":"Person","@id":"https:\/\/lafuente.mx\/#\/schema\/person\/603f3aa8e2f6f7879021ab722d39d6b0","name":"Claudia Gallardo","image":{"@type":"ImageObject","inLanguage":"es-MX","@id":"https:\/\/lafuente.mx\/#\/schema\/person\/image\/","url":"https:\/\/secure.gravatar.com\/avatar\/bfe9c966af1ccfb9d17bcdb9d04e8815?s=96&d=mm&r=g","contentUrl":"https:\/\/secure.gravatar.com\/avatar\/bfe9c966af1ccfb9d17bcdb9d04e8815?s=96&d=mm&r=g","caption":"Claudia Gallardo"},"url":"https:\/\/lafuente.mx\/?author=3"}]}},"jetpack_featured_media_url":"https:\/\/i0.wp.com\/lafuente.mx\/wp-content\/uploads\/2026\/04\/WhatsApp-Image-2026-04-24-at-12.00.22-PM.jpeg?fit=1310%2C757&ssl=1","jetpack-related-posts":[{"id":3606,"url":"https:\/\/lafuente.mx\/?p=3606","url_meta":{"origin":3681,"position":0},"title":"Salud mental con perspectiva de genero: hablemos en el 8M","date":"marzo 5, 2026","format":false,"excerpt":"CONVERSATORIO Hablemos de salud mental 10 de marzo a las 12:00 horas, M\u00e9xico 10 de cada mes Ponentes: Yunuen Aguilar RangelBeatriz Cerda de la O Este 8M, D\u00eda Internacional de la Mujer, nos da la oportunidad de hablar sobre el derecho la salud mental con perspectiva de g\u00e9nero. \u00a1Escucha y\u2026","rel":"","context":"En &quot;Eventos Acad\u00e9micos del INPRFM&quot;","img":{"alt_text":"","src":"https:\/\/i0.wp.com\/lafuente.mx\/wp-content\/uploads\/2026\/03\/WhatsApp-Image-2026-03-04-at-9.32.53-AM.jpeg?fit=1200%2C900&ssl=1&resize=350%2C200","width":350,"height":200},"classes":[]},{"id":3645,"url":"https:\/\/lafuente.mx\/?p=3645","url_meta":{"origin":3681,"position":1},"title":"Conectar para educar: la importancia de la crianza positiva","date":"abril 7, 2026","format":false,"excerpt":"CONVERSATORIO Hablemos de salud mental 10 de abril a las 12:00 horas, M\u00e9xico 10 de cada mes La crianza positiva es un enfoque amoroso, respetuoso, que promueve el bienestar emocional y el desarrollo saludable de hijas e hijos. Fomentar la autoestima, mejorar la comunicaci\u00f3n, manejar el estr\u00e9s, aplicar disciplina positiva\u2026","rel":"","context":"En &quot;Eventos Acad\u00e9micos del INPRFM&quot;","img":{"alt_text":"","src":"https:\/\/i0.wp.com\/lafuente.mx\/wp-content\/uploads\/2026\/04\/WhatsApp-Image-2026-04-01-at-12.38.49-PM-1.jpeg?fit=1200%2C900&ssl=1&resize=350%2C200","width":350,"height":200},"classes":[]},{"id":2633,"url":"https:\/\/lafuente.mx\/?p=2633","url_meta":{"origin":3681,"position":2},"title":"Salud mental en hombres","date":"noviembre 7, 2024","format":false,"excerpt":"CONFERENCIA 11 de noviembre Hablemos de salud mental Coordina : Yeh\u00fa Garfias Rau Ponente: Gabriel Ahumada Curiel Por facebook","rel":"","context":"En &quot;Eventos Acad\u00e9micos del INPRFM&quot;","img":{"alt_text":"","src":"https:\/\/i0.wp.com\/lafuente.mx\/wp-content\/uploads\/2024\/11\/WhatsApp-Image-2024-11-05-at-12.16.20-PM.jpeg?fit=1200%2C900&ssl=1&resize=350%2C200","width":350,"height":200},"classes":[]},{"id":3569,"url":"https:\/\/lafuente.mx\/?p=3569","url_meta":{"origin":3681,"position":3},"title":"Mentalizarte","date":"febrero 3, 2026","format":false,"excerpt":"Durante FEBRERO Hablaremos sobre Transplantes y salud mental MENTALIZARTE es el proyecto de difusi\u00f3n en temas de salud mental del Instituto Nacional de Psiquiatr\u00eda Ram\u00f3n de la Fuente Mu\u00f1iz (INPRFM). Tiene el objetivo de informar sobre los s\u00edntomas de los diferentes trastornos mentales, difundir que pedir ayuda no es signo\u2026","rel":"","context":"En &quot;Informaci\u00f3n de inter\u00e9s&quot;","img":{"alt_text":"","src":"https:\/\/i0.wp.com\/lafuente.mx\/wp-content\/uploads\/2026\/01\/WhatsApp-Image-2026-01-22-at-1.57.16-PM.jpeg?fit=1200%2C693&ssl=1&resize=350%2C200","width":350,"height":200},"classes":[]},{"id":2757,"url":"https:\/\/lafuente.mx\/?p=2757","url_meta":{"origin":3681,"position":4},"title":"Mentalizarte","date":"febrero 4, 2025","format":false,"excerpt":"Durante febrero hablaremos sobre Cine y salud mental MENTALIZARTE es el proyecto de difusi\u00f3n en temas de salud mental del Instituto Nacional de Psiquiatr\u00eda Ram\u00f3n de la Fuente Mu\u00f1iz (INPRFM). Tiene el objetivo de informar sobre los s\u00edntomas de los diferentes trastornos mentales, difundir que pedir ayuda no es signo\u2026","rel":"","context":"En &quot;Informaci\u00f3n de inter\u00e9s&quot;","img":{"alt_text":"","src":"https:\/\/i0.wp.com\/lafuente.mx\/wp-content\/uploads\/2025\/01\/WhatsApp-Image-2025-01-28-at-12.46.50-PM.jpeg?fit=1200%2C692&ssl=1&resize=350%2C200","width":350,"height":200},"classes":[]},{"id":2345,"url":"https:\/\/lafuente.mx\/?p=2345","url_meta":{"origin":3681,"position":5},"title":"Alternativas de atenci\u00f3n digital en salud mental para estudiantes universitarios","date":"junio 4, 2024","format":false,"excerpt":"CONFERENCIA Ponentes:Katia Jim\u00e9nez Garc\u00edaCorina Benjet Hablemos de Salud Mental 10 de cada mes Hablemos de salud mental - un espacio para\u00a0#mentalizarte\u00a0Cuenta de difusi\u00f3n para reducir el\u00a0#estigma\u00a0y promover la atenci\u00f3n en salud mental","rel":"","context":"En &quot;Eventos Acad\u00e9micos del INPRFM&quot;","img":{"alt_text":"","src":"https:\/\/i0.wp.com\/lafuente.mx\/wp-content\/uploads\/2024\/06\/WhatsApp-Image-2024-06-03-at-10.50.53-AM-1.jpeg?fit=1200%2C900&ssl=1&resize=350%2C200","width":350,"height":200},"classes":[]}],"jetpack_sharing_enabled":true,"jetpack_shortlink":"https:\/\/wp.me\/pe9WUx-Xn","_links":{"self":[{"href":"https:\/\/lafuente.mx\/index.php?rest_route=\/wp\/v2\/posts\/3681"}],"collection":[{"href":"https:\/\/lafuente.mx\/index.php?rest_route=\/wp\/v2\/posts"}],"about":[{"href":"https:\/\/lafuente.mx\/index.php?rest_route=\/wp\/v2\/types\/post"}],"author":[{"embeddable":true,"href":"https:\/\/lafuente.mx\/index.php?rest_route=\/wp\/v2\/users\/3"}],"replies":[{"embeddable":true,"href":"https:\/\/lafuente.mx\/index.php?rest_route=%2Fwp%2Fv2%2Fcomments&post=3681"}],"version-history":[{"count":1,"href":"https:\/\/lafuente.mx\/index.php?rest_route=\/wp\/v2\/posts\/3681\/revisions"}],"predecessor-version":[{"id":3683,"href":"https:\/\/lafuente.mx\/index.php?rest_route=\/wp\/v2\/posts\/3681\/revisions\/3683"}],"wp:featuredmedia":[{"embeddable":true,"href":"https:\/\/lafuente.mx\/index.php?rest_route=\/wp\/v2\/media\/3682"}],"wp:attachment":[{"href":"https:\/\/lafuente.mx\/index.php?rest_route=%2Fwp%2Fv2%2Fmedia&parent=3681"}],"wp:term":[{"taxonomy":"category","embeddable":true,"href":"https:\/\/lafuente.mx\/index.php?rest_route=%2Fwp%2Fv2%2Fcategories&post=3681"},{"taxonomy":"post_tag","embeddable":true,"href":"https:\/\/lafuente.mx\/index.php?rest_route=%2Fwp%2Fv2%2Ftags&post=3681"}],"curies":[{"name":"wp","href":"https:\/\/api.w.org\/{rel}","templated":true}]}}