{"id":3673,"date":"2026-04-28T09:47:00","date_gmt":"2026-04-28T09:47:00","guid":{"rendered":"https:\/\/lafuente.mx\/?p=3673"},"modified":"2026-04-27T17:51:40","modified_gmt":"2026-04-27T17:51:40","slug":"controversias-en-el-uso-de-cannabinoides-evidencias-y-desafio-clinico","status":"publish","type":"post","link":"https:\/\/lafuente.mx\/?p=3673","title":{"rendered":"Controversias en el uso de Cannabinoides: evidencias y desaf\u00edo cl\u00ednico"},"content":{"rendered":"\n<hr class=\"wp-block-separator has-text-color has-alpha-channel-opacity has-background is-style-wide\" style=\"background-color:#76013c;color:#76013c\"\/>\n\n\n\n<p class=\"has-text-align-center has-text-color has-large-font-size\" style=\"color:#7d1864\"><strong>Del&nbsp;11 al 22&nbsp;de mayo&nbsp;de 2026<\/strong><\/p>\n\n\n\n<figure class=\"wp-block-image size-full\"><img decoding=\"async\" loading=\"lazy\" width=\"640\" height=\"551\" src=\"https:\/\/i0.wp.com\/lafuente.mx\/wp-content\/uploads\/2026\/04\/Captura-de-pantalla-2026-04-27-a-las-11.19.09.png?resize=640%2C551&#038;ssl=1\" alt=\"\" class=\"wp-image-3674\" srcset=\"https:\/\/i0.wp.com\/lafuente.mx\/wp-content\/uploads\/2026\/04\/Captura-de-pantalla-2026-04-27-a-las-11.19.09.png?w=794&amp;ssl=1 794w, https:\/\/i0.wp.com\/lafuente.mx\/wp-content\/uploads\/2026\/04\/Captura-de-pantalla-2026-04-27-a-las-11.19.09.png?resize=300%2C258&amp;ssl=1 300w, https:\/\/i0.wp.com\/lafuente.mx\/wp-content\/uploads\/2026\/04\/Captura-de-pantalla-2026-04-27-a-las-11.19.09.png?resize=768%2C662&amp;ssl=1 768w\" sizes=\"(max-width: 640px) 100vw, 640px\" data-recalc-dims=\"1\" \/><\/figure>\n\n\n\n<figure class=\"wp-block-table is-style-stripes\"><table class=\"has-background\" style=\"background-color:#ddc3db\"><tbody><tr><td><strong>Coordinadora titular:<\/strong><\/td><td><strong>Dra. Diana P\u00e9rez Molina<\/strong><\/td><\/tr><tr><td><strong>Coordinador adjunto:<\/strong><\/td><td><strong>Dr. Hugo Gonz\u00e1lez Cant\u00fa<\/strong><\/td><\/tr><\/tbody><\/table><\/figure>\n\n\n\n<p class=\"has-text-color has-medium-font-size\" style=\"color:#7d1864\"><strong>Dirigido a:<\/strong><\/p>\n\n\n\n<p class=\"has-text-color has-medium-font-size\" style=\"color:#7d1864\">Profesionales de la salud,&nbsp;medicina&nbsp;general&nbsp;y&nbsp;especialistas en psiquiatr\u00eda.<\/p>\n\n\n\n<p class=\"has-text-color has-medium-font-size\" style=\"color:#7d1864\"><strong>Objetivo general<\/strong><\/p>\n\n\n\n<p class=\"has-text-color has-medium-font-size\" style=\"color:#7d1864\">Analizar\u00a0con\u00a0base\u00a0en\u00a0la\u00a0evidencia\u00a0los\u00a0usos\u00a0de\u00a0los\u00a0cannabinoides\u00a0en\u00a0la\u00a0medicina\u00a0actual\u00a0con la\u00a0finalidad\u00a0de\u00a0reflexionar\u00a0sobre\u00a0sus\u00a0potenciales\u00a0usos\u00a0y\u00a0riesgos\u00a0para\u00a0la\u00a0salud\u00a0mental.<\/p>\n\n\n\n<p class=\"has-text-color has-medium-font-size\" style=\"color:#7d1864\"><strong>Tem\u00e1tica<\/strong><\/p>\n\n\n\n<p class=\"has-text-color has-medium-font-size\" style=\"color:#7d1864\">\u0095&nbsp;Regulaci\u00f3n&nbsp;sanitaria&nbsp;en&nbsp;M\u00e9xico&nbsp;<\/p>\n\n\n\n<p class=\"has-text-color has-medium-font-size\" style=\"color:#7d1864\">\u0095&nbsp;Farmacocin\u00e9tica<\/p>\n\n\n\n<p class=\"has-text-color has-medium-font-size\" style=\"color:#7d1864\">\u0095&nbsp;Evidencia cient\u00edfica sobre el uso&nbsp;del cannabis <\/p>\n\n\n\n<p class=\"has-text-color has-medium-font-size\" style=\"color:#7d1864\">\u0095&nbsp;Poblaciones de alto riesgo<\/p>\n\n\n\n<hr class=\"wp-block-separator has-text-color has-alpha-channel-opacity has-background is-style-wide\" style=\"background-color:#3d0a44;color:#3d0a44\"\/>\n\n\n\n<p>\u2022 Curso sin costo \u00b7 Cupo limitado \u00b7 20 horas cr\u00e9dito (aval INPRFM) <br>Acceso ilimitado 24 horas en Google\u00a0Classroom\u00a0+ sesiones interactivas en tiempo real \u2022 <\/p>\n\n\n\n<p>Requisitos:&nbsp;<a href=\"https:\/\/inprf.gob.mx\/ensenanzanew\/info_cursos\/2025\/requi_inscripcion.jpg\" target=\"_blank\" rel=\"noreferrer noopener\">https:\/\/inprf.gob.mx\/ensenanzanew\/info_cursos\/2025\/requi_inscripcion.jpg<\/a>&nbsp;&nbsp;<\/p>\n\n\n\n<p><strong>INSCRIPCI\u00d3N<\/strong>:&nbsp;20 de abril, 9:00 h&nbsp;<\/p>\n\n\n\n<p>En el siguiente&nbsp;link: &nbsp;<a href=\"https:\/\/docs.google.com\/forms\/d\/e\/1FAIpQLSeStMfIvYkX7ND4e9IYAgykUv4Kzrqw1MAlMd4Il17oDmaOSg\/closedform\" target=\"_blank\" rel=\"noreferrer noopener\">Inscripci\u00f3n al curso 2026- Relevancia de la respuesta inflamatoria en los trastornos psiqui\u00e1tricos<\/a>&nbsp;<\/p>\n\n\n\n<div class=\"wp-block-buttons is-layout-flex wp-block-buttons-is-layout-flex\">\n<div class=\"wp-block-button\"><a class=\"wp-block-button__link has-background wp-element-button\" href=\"https:\/\/inprf.gob.mx\/ensenanzanew\/educont_calen.html\" style=\"background-color:#7d1864\">Calendario  de cursos 2026<\/a><\/div>\n<\/div>\n\n\n\n<p class=\"has-white-color has-text-color has-background\" style=\"background-color:#7d1864\"><strong>Nota importante:&nbsp;<\/strong><br>Los invitamos a estar atentos a la inscripci\u00f3n de nuestros cursos que se abrir\u00e1 una semana previa de su inicio a las 9:00 horas en nuestras redes sociales @INPRFM; es importante mencionarles que tiene cupo limitado, por lo que llega a cubrirse en cuesti\u00f3n de minutos despu\u00e9s de su publicaci\u00f3n, por lo que les recomendamos tener a la mano su t\u00edtulo y\/o c\u00e9dula porque se lo solicitar\u00e1n en el registro.&nbsp;&nbsp;<\/p>\n","protected":false},"excerpt":{"rendered":"<p>Del&nbsp;11 al 22&nbsp;de mayo&nbsp;de 2026 Coordinadora titular: Dra. Diana P\u00e9rez Molina Coordinador adjunto: Dr. Hugo Gonz\u00e1lez Cant\u00fa Dirigido a: Profesionales de la salud,&nbsp;medicina&nbsp;general&nbsp;y&nbsp;especialistas en psiquiatr\u00eda.<\/p>\n","protected":false},"author":3,"featured_media":3674,"comment_status":"closed","ping_status":"closed","sticky":true,"template":"","format":"standard","meta":{"footnotes":"","jetpack_publicize_message":"","jetpack_is_tweetstorm":false,"jetpack_publicize_feature_enabled":true},"categories":[6],"tags":[1168,1090,119,312,1169,21,32],"jetpack_publicize_connections":[],"yoast_head":"<!-- This site is optimized with the Yoast SEO plugin v19.4 - https:\/\/yoast.com\/wordpress\/plugins\/seo\/ -->\n<title>Controversias en el uso de Cannabinoides: evidencias y desaf\u00edo cl\u00ednico -<\/title>\n<meta name=\"description\" content=\"Curso en l\u00ednea, Analizar\u00a0con\u00a0base\u00a0en\u00a0la\u00a0evidencia\u00a0los\u00a0usos\u00a0de\u00a0los\u00a0cannabinoides\u00a0en\u00a0la\u00a0medicina\u00a0actual\" \/>\n<meta name=\"robots\" content=\"index, follow, max-snippet:-1, max-image-preview:large, max-video-preview:-1\" \/>\n<link rel=\"canonical\" href=\"https:\/\/lafuente.mx\/?p=3673\" \/>\n<meta property=\"og:locale\" content=\"es_MX\" \/>\n<meta property=\"og:type\" content=\"article\" \/>\n<meta property=\"og:title\" content=\"Controversias en el uso de Cannabinoides: evidencias y desaf\u00edo cl\u00ednico\" \/>\n<meta property=\"og:description\" content=\"Curso en l\u00ednea, Analizar\u00a0con\u00a0base\u00a0en\u00a0la\u00a0evidencia\u00a0los\u00a0usos\u00a0de\u00a0los\u00a0cannabinoides\u00a0en\u00a0la\u00a0medicina\u00a0actual\" \/>\n<meta property=\"og:url\" content=\"https:\/\/lafuente.mx\/?p=3673\" \/>\n<meta property=\"article:published_time\" content=\"2026-04-28T09:47:00+00:00\" \/>\n<meta property=\"article:modified_time\" content=\"2026-04-27T17:51:40+00:00\" \/>\n<meta property=\"og:image\" content=\"https:\/\/i0.wp.com\/lafuente.mx\/wp-content\/uploads\/2026\/04\/Captura-de-pantalla-2026-04-27-a-las-11.19.09.png?fit=794%2C684&ssl=1\" \/>\n\t<meta property=\"og:image:width\" content=\"794\" \/>\n\t<meta property=\"og:image:height\" content=\"684\" \/>\n\t<meta property=\"og:image:type\" content=\"image\/png\" \/>\n<meta name=\"author\" content=\"Claudia Gallardo\" \/>\n<meta name=\"twitter:card\" content=\"summary_large_image\" \/>\n<meta name=\"twitter:title\" content=\"Controversias en el uso de Cannabinoides: evidencias y desaf\u00edo cl\u00ednico\" \/>\n<meta name=\"twitter:description\" content=\"Curso en l\u00ednea, Analizar\u00a0con\u00a0base\u00a0en\u00a0la\u00a0evidencia\u00a0los\u00a0usos\u00a0de\u00a0los\u00a0cannabinoides\u00a0en\u00a0la\u00a0medicina\u00a0actual\" \/>\n<meta name=\"twitter:image\" content=\"https:\/\/i0.wp.com\/lafuente.mx\/wp-content\/uploads\/2026\/04\/Captura-de-pantalla-2026-04-27-a-las-11.19.09.png?fit=794%2C684&ssl=1\" \/>\n<meta name=\"twitter:label1\" content=\"Escrito por\" \/>\n\t<meta name=\"twitter:data1\" content=\"Claudia Gallardo\" \/>\n\t<meta name=\"twitter:label2\" content=\"Tiempo de lectura\" \/>\n\t<meta name=\"twitter:data2\" content=\"1 minuto\" \/>\n<script type=\"application\/ld+json\" class=\"yoast-schema-graph\">{\"@context\":\"https:\/\/schema.org\",\"@graph\":[{\"@type\":\"WebSite\",\"@id\":\"https:\/\/lafuente.mx\/#website\",\"url\":\"https:\/\/lafuente.mx\/\",\"name\":\"\",\"description\":\"Informaci\u00f3n confiable sobre salud mental\",\"potentialAction\":[{\"@type\":\"SearchAction\",\"target\":{\"@type\":\"EntryPoint\",\"urlTemplate\":\"https:\/\/lafuente.mx\/?s={search_term_string}\"},\"query-input\":\"required name=search_term_string\"}],\"inLanguage\":\"es-MX\"},{\"@type\":\"WebPage\",\"@id\":\"https:\/\/lafuente.mx\/?p=3673\",\"url\":\"https:\/\/lafuente.mx\/?p=3673\",\"name\":\"Controversias en el uso de Cannabinoides: evidencias y desaf\u00edo cl\u00ednico -\",\"isPartOf\":{\"@id\":\"https:\/\/lafuente.mx\/#website\"},\"datePublished\":\"2026-04-28T09:47:00+00:00\",\"dateModified\":\"2026-04-27T17:51:40+00:00\",\"author\":{\"@id\":\"https:\/\/lafuente.mx\/#\/schema\/person\/603f3aa8e2f6f7879021ab722d39d6b0\"},\"description\":\"Curso en l\u00ednea, Analizar\u00a0con\u00a0base\u00a0en\u00a0la\u00a0evidencia\u00a0los\u00a0usos\u00a0de\u00a0los\u00a0cannabinoides\u00a0en\u00a0la\u00a0medicina\u00a0actual\",\"breadcrumb\":{\"@id\":\"https:\/\/lafuente.mx\/?p=3673#breadcrumb\"},\"inLanguage\":\"es-MX\",\"potentialAction\":[{\"@type\":\"ReadAction\",\"target\":[\"https:\/\/lafuente.mx\/?p=3673\"]}]},{\"@type\":\"BreadcrumbList\",\"@id\":\"https:\/\/lafuente.mx\/?p=3673#breadcrumb\",\"itemListElement\":[{\"@type\":\"ListItem\",\"position\":1,\"name\":\"Inicio\",\"item\":\"https:\/\/lafuente.mx\/\"},{\"@type\":\"ListItem\",\"position\":2,\"name\":\"Controversias en el uso de Cannabinoides: evidencias y desaf\u00edo cl\u00ednico\"}]},{\"@type\":\"Person\",\"@id\":\"https:\/\/lafuente.mx\/#\/schema\/person\/603f3aa8e2f6f7879021ab722d39d6b0\",\"name\":\"Claudia Gallardo\",\"image\":{\"@type\":\"ImageObject\",\"inLanguage\":\"es-MX\",\"@id\":\"https:\/\/lafuente.mx\/#\/schema\/person\/image\/\",\"url\":\"https:\/\/secure.gravatar.com\/avatar\/bfe9c966af1ccfb9d17bcdb9d04e8815?s=96&d=mm&r=g\",\"contentUrl\":\"https:\/\/secure.gravatar.com\/avatar\/bfe9c966af1ccfb9d17bcdb9d04e8815?s=96&d=mm&r=g\",\"caption\":\"Claudia Gallardo\"},\"url\":\"https:\/\/lafuente.mx\/?author=3\"}]}<\/script>\n<!-- \/ Yoast SEO plugin. -->","yoast_head_json":{"title":"Controversias en el uso de Cannabinoides: evidencias y desaf\u00edo cl\u00ednico -","description":"Curso en l\u00ednea, Analizar\u00a0con\u00a0base\u00a0en\u00a0la\u00a0evidencia\u00a0los\u00a0usos\u00a0de\u00a0los\u00a0cannabinoides\u00a0en\u00a0la\u00a0medicina\u00a0actual","robots":{"index":"index","follow":"follow","max-snippet":"max-snippet:-1","max-image-preview":"max-image-preview:large","max-video-preview":"max-video-preview:-1"},"canonical":"https:\/\/lafuente.mx\/?p=3673","og_locale":"es_MX","og_type":"article","og_title":"Controversias en el uso de Cannabinoides: evidencias y desaf\u00edo cl\u00ednico","og_description":"Curso en l\u00ednea, Analizar\u00a0con\u00a0base\u00a0en\u00a0la\u00a0evidencia\u00a0los\u00a0usos\u00a0de\u00a0los\u00a0cannabinoides\u00a0en\u00a0la\u00a0medicina\u00a0actual","og_url":"https:\/\/lafuente.mx\/?p=3673","article_published_time":"2026-04-28T09:47:00+00:00","article_modified_time":"2026-04-27T17:51:40+00:00","og_image":[{"width":794,"height":684,"url":"https:\/\/i0.wp.com\/lafuente.mx\/wp-content\/uploads\/2026\/04\/Captura-de-pantalla-2026-04-27-a-las-11.19.09.png?fit=794%2C684&ssl=1","type":"image\/png"}],"author":"Claudia Gallardo","twitter_card":"summary_large_image","twitter_title":"Controversias en el uso de Cannabinoides: evidencias y desaf\u00edo cl\u00ednico","twitter_description":"Curso en l\u00ednea, Analizar\u00a0con\u00a0base\u00a0en\u00a0la\u00a0evidencia\u00a0los\u00a0usos\u00a0de\u00a0los\u00a0cannabinoides\u00a0en\u00a0la\u00a0medicina\u00a0actual","twitter_image":"https:\/\/i0.wp.com\/lafuente.mx\/wp-content\/uploads\/2026\/04\/Captura-de-pantalla-2026-04-27-a-las-11.19.09.png?fit=794%2C684&ssl=1","twitter_misc":{"Escrito por":"Claudia Gallardo","Tiempo de lectura":"1 minuto"},"schema":{"@context":"https:\/\/schema.org","@graph":[{"@type":"WebSite","@id":"https:\/\/lafuente.mx\/#website","url":"https:\/\/lafuente.mx\/","name":"","description":"Informaci\u00f3n confiable sobre salud mental","potentialAction":[{"@type":"SearchAction","target":{"@type":"EntryPoint","urlTemplate":"https:\/\/lafuente.mx\/?s={search_term_string}"},"query-input":"required name=search_term_string"}],"inLanguage":"es-MX"},{"@type":"WebPage","@id":"https:\/\/lafuente.mx\/?p=3673","url":"https:\/\/lafuente.mx\/?p=3673","name":"Controversias en el uso de Cannabinoides: evidencias y desaf\u00edo cl\u00ednico -","isPartOf":{"@id":"https:\/\/lafuente.mx\/#website"},"datePublished":"2026-04-28T09:47:00+00:00","dateModified":"2026-04-27T17:51:40+00:00","author":{"@id":"https:\/\/lafuente.mx\/#\/schema\/person\/603f3aa8e2f6f7879021ab722d39d6b0"},"description":"Curso en l\u00ednea, Analizar\u00a0con\u00a0base\u00a0en\u00a0la\u00a0evidencia\u00a0los\u00a0usos\u00a0de\u00a0los\u00a0cannabinoides\u00a0en\u00a0la\u00a0medicina\u00a0actual","breadcrumb":{"@id":"https:\/\/lafuente.mx\/?p=3673#breadcrumb"},"inLanguage":"es-MX","potentialAction":[{"@type":"ReadAction","target":["https:\/\/lafuente.mx\/?p=3673"]}]},{"@type":"BreadcrumbList","@id":"https:\/\/lafuente.mx\/?p=3673#breadcrumb","itemListElement":[{"@type":"ListItem","position":1,"name":"Inicio","item":"https:\/\/lafuente.mx\/"},{"@type":"ListItem","position":2,"name":"Controversias en el uso de Cannabinoides: evidencias y desaf\u00edo cl\u00ednico"}]},{"@type":"Person","@id":"https:\/\/lafuente.mx\/#\/schema\/person\/603f3aa8e2f6f7879021ab722d39d6b0","name":"Claudia Gallardo","image":{"@type":"ImageObject","inLanguage":"es-MX","@id":"https:\/\/lafuente.mx\/#\/schema\/person\/image\/","url":"https:\/\/secure.gravatar.com\/avatar\/bfe9c966af1ccfb9d17bcdb9d04e8815?s=96&d=mm&r=g","contentUrl":"https:\/\/secure.gravatar.com\/avatar\/bfe9c966af1ccfb9d17bcdb9d04e8815?s=96&d=mm&r=g","caption":"Claudia Gallardo"},"url":"https:\/\/lafuente.mx\/?author=3"}]}},"jetpack_featured_media_url":"https:\/\/i0.wp.com\/lafuente.mx\/wp-content\/uploads\/2026\/04\/Captura-de-pantalla-2026-04-27-a-las-11.19.09.png?fit=794%2C684&ssl=1","jetpack-related-posts":[{"id":1374,"url":"https:\/\/lafuente.mx\/?p=1374","url_meta":{"origin":3673,"position":0},"title":"Fibromialgia: manejo cognitivo-conductual","date":"julio 5, 2023","format":false,"excerpt":"Curso en l\u00ednea\u00a0\u00a0 Del 24 de julio al 25 de agosto de 2023\u00a0 Coordinadora acad\u00e9mica: Dra. Ma. Isabel Barrera Villalpando\u00a0\u00a0 Dirigido a: Profesionales de la salud y afines\u00a0\u00a0 Objetivos: \u2022 Conocer los aspectos cl\u00ednicos y psicosociales de la fibromialgia \u2022 Identificar los tratamientos para la fibromialgia \u2022 Comprender el enfoque\u2026","rel":"","context":"En &quot;Cursos en l\u00ednea&quot;","img":{"alt_text":"","src":"https:\/\/i0.wp.com\/lafuente.mx\/wp-content\/uploads\/2023\/07\/fibromialgia-1.jpeg?fit=1024%2C683&ssl=1&resize=350%2C200","width":350,"height":200},"classes":[]},{"id":1515,"url":"https:\/\/lafuente.mx\/?p=1515","url_meta":{"origin":3673,"position":1},"title":"Gen-ambiente y su relevancia en la psiquiatr\u00eda actual\u00a0","date":"julio 26, 2023","format":false,"excerpt":"Imagen INPRFM Cursos en l\u00ednea\u00a0 Del 14 al 25 de agosto de 2023\u00a0\u00a0 Coordinan:\u00a0 Dr. Juan Jorge Palacios Casados\u00a0 Dra. Luc\u00eda M\u00fcnch Anguiano\u00a0 Dirigido a: Profesionales de la salud y personal m\u00e9dico en formaci\u00f3n pertenecientes a las siguientes disciplinas y especialidades: medicina, psiquiatr\u00eda, biolog\u00eda con especialidad en biolog\u00eda molecular y\u2026","rel":"","context":"En &quot;Cursos en l\u00ednea&quot;","img":{"alt_text":"","src":"https:\/\/i0.wp.com\/lafuente.mx\/wp-content\/uploads\/2023\/07\/INPRFM-Celada-2.jpg?fit=1181%2C784&ssl=1&resize=350%2C200","width":350,"height":200},"classes":[]},{"id":2237,"url":"https:\/\/lafuente.mx\/?p=2237","url_meta":{"origin":3673,"position":2},"title":"Actualizaci\u00f3n en Trastornos Afectivos Bipolares\u00a0","date":"abril 19, 2024","format":false,"excerpt":"Del 29 de abril al 10 de mayo de 2024\u00a0 Coordinadora:\u00a0 Dra. Joanna Jim\u00e9nez Pav\u00f3n\u00a0 Coordinadora adjunta:\u00a0 Dra. Mar\u00eda Constanza Peretto\u00a0 Dirigido a:\u00a0 Personal m\u00e9dico, especialistas en psiquiatr\u00eda y en formaci\u00f3n (residentes de psiquiatr\u00eda)\u00a0 Objetivo general:\u00a0 Revisar las bases neurobiol\u00f3gicas y las caracter\u00edsticas cl\u00ednicas de los trastornos del espectro bipolar\u2026","rel":"","context":"En &quot;Cursos&quot;","img":{"alt_text":"","src":"https:\/\/i0.wp.com\/lafuente.mx\/wp-content\/uploads\/2024\/04\/WhatsApp-Image-2024-04-19-at-1.14.02-PM.jpeg?fit=1024%2C1024&ssl=1&resize=350%2C200","width":350,"height":200},"classes":[]},{"id":1876,"url":"https:\/\/lafuente.mx\/?p=1876","url_meta":{"origin":3673,"position":3},"title":"Temas selectos en los trastornos de la conducta alimentaria: su afrontamiento cl\u00ednico en el entorno actual\u00a0","date":"noviembre 21, 2023","format":false,"excerpt":"Del 27 de noviembre al 8 de diciembre de 2023\u00a0 Coordinador:\u00a0 Dr. Alejandro de J. Caballero Romo\u00a0 Dirigido a:\u00a0 Profesionales de la salud: medicina, psicolog\u00eda, nutrici\u00f3n, trabajo social, enfermer\u00eda y profesiones afines\u00a0 Objetivo general: Reflexionar acerca de la naturaleza cl\u00ednica de los trastornos de la conducta alimentaria y su presentaci\u00f3n\u2026","rel":"","context":"En &quot;Cursos en l\u00ednea&quot;","img":{"alt_text":"","src":"https:\/\/i0.wp.com\/lafuente.mx\/wp-content\/uploads\/2023\/11\/tca-pyrt2wocimkeydzeapckas8bvswdfu96y3gichtpb2.jpg?fit=1200%2C675&ssl=1&resize=350%2C200","width":350,"height":200},"classes":[]},{"id":2443,"url":"https:\/\/lafuente.mx\/?p=2443","url_meta":{"origin":3673,"position":4},"title":"Abordaje en Deterioro Cognitivo Leve: desde la cl\u00ednica hacia la neuromodulaci\u00f3n","date":"julio 12, 2024","format":false,"excerpt":"Del 22 de julio al 02 de agosto, 2024Curso sin costo (Cupo limitado) Coordinadora titular: Dra. Ruth Alcal\u00e1 Lozano Coordinadora adjunta:Mtra. Roc\u00edo Carmona Hern\u00e1ndez Dirigido a: Personal m\u00e9dico general y en formaci\u00f3n, residentes y especialistas en geriatr\u00eda, neurolog\u00eda, psiquiatr\u00eda, psicogeriatr\u00eda y otros profesionales de la salud: psicolog\u00eda, neuropsicolog\u00eda, gerontolog\u00eda y\u2026","rel":"","context":"En &quot;Cursos&quot;","img":{"alt_text":"","src":"https:\/\/i0.wp.com\/lafuente.mx\/wp-content\/uploads\/2024\/07\/cerebroCartel.jpg?fit=1200%2C838&ssl=1&resize=350%2C200","width":350,"height":200},"classes":[]},{"id":1824,"url":"https:\/\/lafuente.mx\/?p=1824","url_meta":{"origin":3673,"position":5},"title":"Curso en l\u00ednea. Fentanilo y otros opioides: Desde el receptor hasta el abordaje cl\u00ednico \u00a0","date":"octubre 27, 2023","format":false,"excerpt":"Del 6 al 17 de noviembre de 2023\u00a0 Coordinan:\u00a0 Dra. Sara Infante Murillo\u00a0 Dra. Natalia Morales Carrasco\u00a0 Acceso ilimitado 24 horas en Google Classroom + sesiones interactivas en tiempo real Inscripci\u00f3n\u00a0 Dirigido a:\u00a0 Personal de salud del \u00e1rea m\u00e9dica, psicolog\u00eda, psiquiatr\u00eda y enfermer\u00eda\u00a0 Objetivo general:\u00a0 Reconocer el contexto social del\u2026","rel":"","context":"En &quot;Cursos&quot;","img":{"alt_text":"","src":"https:\/\/i0.wp.com\/lafuente.mx\/wp-content\/uploads\/2023\/10\/examen-medico-scaled.jpg?fit=1200%2C801&ssl=1&resize=350%2C200","width":350,"height":200},"classes":[]}],"jetpack_sharing_enabled":true,"jetpack_shortlink":"https:\/\/wp.me\/pe9WUx-Xf","_links":{"self":[{"href":"https:\/\/lafuente.mx\/index.php?rest_route=\/wp\/v2\/posts\/3673"}],"collection":[{"href":"https:\/\/lafuente.mx\/index.php?rest_route=\/wp\/v2\/posts"}],"about":[{"href":"https:\/\/lafuente.mx\/index.php?rest_route=\/wp\/v2\/types\/post"}],"author":[{"embeddable":true,"href":"https:\/\/lafuente.mx\/index.php?rest_route=\/wp\/v2\/users\/3"}],"replies":[{"embeddable":true,"href":"https:\/\/lafuente.mx\/index.php?rest_route=%2Fwp%2Fv2%2Fcomments&post=3673"}],"version-history":[{"count":3,"href":"https:\/\/lafuente.mx\/index.php?rest_route=\/wp\/v2\/posts\/3673\/revisions"}],"predecessor-version":[{"id":3677,"href":"https:\/\/lafuente.mx\/index.php?rest_route=\/wp\/v2\/posts\/3673\/revisions\/3677"}],"wp:featuredmedia":[{"embeddable":true,"href":"https:\/\/lafuente.mx\/index.php?rest_route=\/wp\/v2\/media\/3674"}],"wp:attachment":[{"href":"https:\/\/lafuente.mx\/index.php?rest_route=%2Fwp%2Fv2%2Fmedia&parent=3673"}],"wp:term":[{"taxonomy":"category","embeddable":true,"href":"https:\/\/lafuente.mx\/index.php?rest_route=%2Fwp%2Fv2%2Fcategories&post=3673"},{"taxonomy":"post_tag","embeddable":true,"href":"https:\/\/lafuente.mx\/index.php?rest_route=%2Fwp%2Fv2%2Ftags&post=3673"}],"curies":[{"name":"wp","href":"https:\/\/api.w.org\/{rel}","templated":true}]}}