{"id":3610,"date":"2026-03-13T19:51:17","date_gmt":"2026-03-13T19:51:17","guid":{"rendered":"https:\/\/lafuente.mx\/?p=3610"},"modified":"2026-03-25T16:43:07","modified_gmt":"2026-03-25T16:43:07","slug":"borrador-automatico-dia-mundial-del-sueno","status":"publish","type":"post","link":"https:\/\/lafuente.mx\/?p=3610","title":{"rendered":"D\u00eda Mundial del Sue\u00f1o\u00a0"},"content":{"rendered":"\n<hr class=\"wp-block-separator has-text-color has-vivid-cyan-blue-color has-alpha-channel-opacity has-vivid-cyan-blue-background-color has-background\"\/>\n\n\n\n<p class=\"has-text-align-center has-text-color has-large-font-size\" style=\"color:#0c6395\"><strong>13 de marzo<\/strong><\/p>\n\n\n\n<hr class=\"wp-block-separator has-text-color has-vivid-cyan-blue-color has-alpha-channel-opacity has-vivid-cyan-blue-background-color has-background\"\/>\n\n\n\n<p class=\"has-white-color has-text-color has-background has-medium-font-size\" style=\"background-color:#024973\">El objetivo principal del D\u00eda Mundial del Sue\u00f1o es concienciar a la sociedad sobre la importancia del sue\u00f1o saludable y su papel esencial en el mantenimiento de una salud y bienestar de alta calidad.&nbsp;<\/p>\n\n\n\n<figure class=\"wp-block-image size-large\"><img decoding=\"async\" loading=\"lazy\" width=\"640\" height=\"358\" src=\"https:\/\/i0.wp.com\/lafuente.mx\/wp-content\/uploads\/2026\/03\/Gemini_Generated_Image_5xuwfz5xuwfz5xuw-1024x572.png?resize=640%2C358&#038;ssl=1\" alt=\"\" class=\"wp-image-3611\" srcset=\"https:\/\/i0.wp.com\/lafuente.mx\/wp-content\/uploads\/2026\/03\/Gemini_Generated_Image_5xuwfz5xuwfz5xuw.png?resize=1024%2C572&amp;ssl=1 1024w, https:\/\/i0.wp.com\/lafuente.mx\/wp-content\/uploads\/2026\/03\/Gemini_Generated_Image_5xuwfz5xuwfz5xuw.png?resize=300%2C167&amp;ssl=1 300w, https:\/\/i0.wp.com\/lafuente.mx\/wp-content\/uploads\/2026\/03\/Gemini_Generated_Image_5xuwfz5xuwfz5xuw.png?resize=768%2C429&amp;ssl=1 768w, https:\/\/i0.wp.com\/lafuente.mx\/wp-content\/uploads\/2026\/03\/Gemini_Generated_Image_5xuwfz5xuwfz5xuw.png?w=1376&amp;ssl=1 1376w, https:\/\/i0.wp.com\/lafuente.mx\/wp-content\/uploads\/2026\/03\/Gemini_Generated_Image_5xuwfz5xuwfz5xuw.png?w=1280 1280w\" sizes=\"(max-width: 640px) 100vw, 640px\" data-recalc-dims=\"1\" \/><\/figure>\n\n\n\n<p class=\"has-text-align-center has-vivid-cyan-blue-color has-text-color has-large-font-size\"><strong>Datos relevantes del sue\u00f1o y salud mental&nbsp;&nbsp;<\/strong><\/p>\n\n\n\n<p class=\"has-medium-font-size\">Se estima que cerca del 40% de la poblaci\u00f3n mundial padece alg\u00fan trastorno del sue\u00f1o. La falta de descanso se vincula directamente con enfermedades cr\u00f3nicas como obesidad, diabetes y problemas cardiovasculares.&nbsp;&nbsp;<\/p>\n\n\n\n<p class=\"has-medium-font-size\">El objetivo era crear una plataforma para promover la prevenci\u00f3n y el manejo adecuado de estos trastornos, que a menudo son ignorados o mal tratados.&nbsp;&nbsp;<\/p>\n\n\n\n<p class=\"has-medium-font-size\">La fatiga y la somnolencia afectan la concentraci\u00f3n y el \u00e1nimo, lo que deriva en una baja productividad laboral y un aumento en los accidentes de tr\u00e1fico.&nbsp;<\/p>\n\n\n\n<p class=\"has-medium-font-size\">El dormir mantiene todos los aspectos del cuerpo de una forma u&nbsp;otra:&nbsp;<br>El equilibrio&nbsp;energ\u00e9tico&nbsp;y molecular,&nbsp;as\u00ed&nbsp;como&nbsp;tambi\u00e9n&nbsp;la&nbsp;funci\u00f3n&nbsp;intelectual, el estado de alerta y el humor.&nbsp;<\/p>\n\n\n\n<hr class=\"wp-block-separator has-text-color has-pale-cyan-blue-color has-alpha-channel-opacity has-pale-cyan-blue-background-color has-background is-style-wide\"\/>\n\n\n\n<div class=\"wp-block-buttons is-layout-flex wp-block-buttons-is-layout-flex\">\n<div class=\"wp-block-button\"><a class=\"wp-block-button__link has-vivid-cyan-blue-background-color has-background wp-element-button\" href=\"https:\/\/worldsleepday.org\/#:~:text=World%20Sleep%20Day%202026,World%20Sleep%20Day%20Delegate%20today\">M\u00e1s informaci\u00f3n<\/a><\/div>\n<\/div>\n","protected":false},"excerpt":{"rendered":"<p>13 de marzo El objetivo principal del D\u00eda Mundial del Sue\u00f1o es concienciar a la sociedad sobre la importancia del sue\u00f1o saludable y su papel<\/p>\n","protected":false},"author":3,"featured_media":3611,"comment_status":"closed","ping_status":"closed","sticky":false,"template":"","format":"standard","meta":{"footnotes":"","jetpack_publicize_message":"","jetpack_is_tweetstorm":false,"jetpack_publicize_feature_enabled":true},"categories":[13],"tags":[41,98,422,21,32,731,1143],"jetpack_publicize_connections":[],"yoast_head":"<!-- This site is optimized with the Yoast SEO plugin v19.4 - https:\/\/yoast.com\/wordpress\/plugins\/seo\/ -->\n<title>D\u00eda Mundial del Sue\u00f1o\u00a0 -<\/title>\n<meta name=\"robots\" content=\"index, follow, max-snippet:-1, max-image-preview:large, max-video-preview:-1\" \/>\n<link rel=\"canonical\" href=\"https:\/\/lafuente.mx\/?p=3610\" \/>\n<meta property=\"og:locale\" content=\"es_MX\" \/>\n<meta property=\"og:type\" content=\"article\" \/>\n<meta property=\"og:title\" content=\"D\u00eda Mundial del Sue\u00f1o\u00a0\" \/>\n<meta property=\"og:description\" content=\"Concienciar a la sociedad sobre la importancia del sue\u00f1o saludable y su papel esencial en el mantenimiento de una salud y bienestar de alta calidad\" \/>\n<meta property=\"og:url\" content=\"https:\/\/lafuente.mx\/?p=3610\" \/>\n<meta property=\"article:published_time\" content=\"2026-03-13T19:51:17+00:00\" \/>\n<meta property=\"article:modified_time\" content=\"2026-03-25T16:43:07+00:00\" \/>\n<meta property=\"og:image\" content=\"http:\/\/lafuente.mx\/wp-content\/uploads\/2026\/03\/Gemini_Generated_Image_5xuwfz5xuwfz5xuw-1024x572.png\" \/>\n\t<meta property=\"og:image:width\" content=\"1024\" \/>\n\t<meta property=\"og:image:height\" content=\"572\" \/>\n\t<meta property=\"og:image:type\" content=\"image\/png\" \/>\n<meta name=\"author\" content=\"Claudia Gallardo\" \/>\n<meta name=\"twitter:card\" content=\"summary_large_image\" \/>\n<meta name=\"twitter:title\" content=\"D\u00eda Mundial del Sue\u00f1o\u00a0\" \/>\n<meta name=\"twitter:description\" content=\"Concienciar a la sociedad sobre la importancia del sue\u00f1o saludable y su papel esencial en el mantenimiento de una salud y bienestar de alta calidad\" \/>\n<meta name=\"twitter:image\" content=\"https:\/\/i0.wp.com\/lafuente.mx\/wp-content\/uploads\/2026\/03\/Gemini_Generated_Image_5xuwfz5xuwfz5xuw.png?fit=1376%2C768&ssl=1\" \/>\n<meta name=\"twitter:label1\" content=\"Escrito por\" \/>\n\t<meta name=\"twitter:data1\" content=\"Claudia Gallardo\" \/>\n\t<meta name=\"twitter:label2\" content=\"Tiempo de lectura\" \/>\n\t<meta name=\"twitter:data2\" content=\"1 minuto\" \/>\n<script type=\"application\/ld+json\" class=\"yoast-schema-graph\">{\"@context\":\"https:\/\/schema.org\",\"@graph\":[{\"@type\":\"WebSite\",\"@id\":\"https:\/\/lafuente.mx\/#website\",\"url\":\"https:\/\/lafuente.mx\/\",\"name\":\"\",\"description\":\"Informaci\u00f3n confiable sobre salud mental\",\"potentialAction\":[{\"@type\":\"SearchAction\",\"target\":{\"@type\":\"EntryPoint\",\"urlTemplate\":\"https:\/\/lafuente.mx\/?s={search_term_string}\"},\"query-input\":\"required name=search_term_string\"}],\"inLanguage\":\"es-MX\"},{\"@type\":\"WebPage\",\"@id\":\"https:\/\/lafuente.mx\/?p=3610\",\"url\":\"https:\/\/lafuente.mx\/?p=3610\",\"name\":\"D\u00eda Mundial del Sue\u00f1o\u00a0 -\",\"isPartOf\":{\"@id\":\"https:\/\/lafuente.mx\/#website\"},\"datePublished\":\"2026-03-13T19:51:17+00:00\",\"dateModified\":\"2026-03-25T16:43:07+00:00\",\"author\":{\"@id\":\"https:\/\/lafuente.mx\/#\/schema\/person\/603f3aa8e2f6f7879021ab722d39d6b0\"},\"breadcrumb\":{\"@id\":\"https:\/\/lafuente.mx\/?p=3610#breadcrumb\"},\"inLanguage\":\"es-MX\",\"potentialAction\":[{\"@type\":\"ReadAction\",\"target\":[\"https:\/\/lafuente.mx\/?p=3610\"]}]},{\"@type\":\"BreadcrumbList\",\"@id\":\"https:\/\/lafuente.mx\/?p=3610#breadcrumb\",\"itemListElement\":[{\"@type\":\"ListItem\",\"position\":1,\"name\":\"Inicio\",\"item\":\"https:\/\/lafuente.mx\/\"},{\"@type\":\"ListItem\",\"position\":2,\"name\":\"D\u00eda Mundial del Sue\u00f1o\u00a0\"}]},{\"@type\":\"Person\",\"@id\":\"https:\/\/lafuente.mx\/#\/schema\/person\/603f3aa8e2f6f7879021ab722d39d6b0\",\"name\":\"Claudia Gallardo\",\"image\":{\"@type\":\"ImageObject\",\"inLanguage\":\"es-MX\",\"@id\":\"https:\/\/lafuente.mx\/#\/schema\/person\/image\/\",\"url\":\"https:\/\/secure.gravatar.com\/avatar\/bfe9c966af1ccfb9d17bcdb9d04e8815?s=96&d=mm&r=g\",\"contentUrl\":\"https:\/\/secure.gravatar.com\/avatar\/bfe9c966af1ccfb9d17bcdb9d04e8815?s=96&d=mm&r=g\",\"caption\":\"Claudia Gallardo\"},\"url\":\"https:\/\/lafuente.mx\/?author=3\"}]}<\/script>\n<!-- \/ Yoast SEO plugin. -->","yoast_head_json":{"title":"D\u00eda Mundial del Sue\u00f1o\u00a0 -","robots":{"index":"index","follow":"follow","max-snippet":"max-snippet:-1","max-image-preview":"max-image-preview:large","max-video-preview":"max-video-preview:-1"},"canonical":"https:\/\/lafuente.mx\/?p=3610","og_locale":"es_MX","og_type":"article","og_title":"D\u00eda Mundial del Sue\u00f1o\u00a0","og_description":"Concienciar a la sociedad sobre la importancia del sue\u00f1o saludable y su papel esencial en el mantenimiento de una salud y bienestar de alta calidad","og_url":"https:\/\/lafuente.mx\/?p=3610","article_published_time":"2026-03-13T19:51:17+00:00","article_modified_time":"2026-03-25T16:43:07+00:00","og_image":[{"width":1024,"height":572,"url":"http:\/\/lafuente.mx\/wp-content\/uploads\/2026\/03\/Gemini_Generated_Image_5xuwfz5xuwfz5xuw-1024x572.png","type":"image\/png"}],"author":"Claudia Gallardo","twitter_card":"summary_large_image","twitter_title":"D\u00eda Mundial del Sue\u00f1o\u00a0","twitter_description":"Concienciar a la sociedad sobre la importancia del sue\u00f1o saludable y su papel esencial en el mantenimiento de una salud y bienestar de alta calidad","twitter_image":"https:\/\/i0.wp.com\/lafuente.mx\/wp-content\/uploads\/2026\/03\/Gemini_Generated_Image_5xuwfz5xuwfz5xuw.png?fit=1376%2C768&ssl=1","twitter_misc":{"Escrito por":"Claudia Gallardo","Tiempo de lectura":"1 minuto"},"schema":{"@context":"https:\/\/schema.org","@graph":[{"@type":"WebSite","@id":"https:\/\/lafuente.mx\/#website","url":"https:\/\/lafuente.mx\/","name":"","description":"Informaci\u00f3n confiable sobre salud mental","potentialAction":[{"@type":"SearchAction","target":{"@type":"EntryPoint","urlTemplate":"https:\/\/lafuente.mx\/?s={search_term_string}"},"query-input":"required name=search_term_string"}],"inLanguage":"es-MX"},{"@type":"WebPage","@id":"https:\/\/lafuente.mx\/?p=3610","url":"https:\/\/lafuente.mx\/?p=3610","name":"D\u00eda Mundial del Sue\u00f1o\u00a0 -","isPartOf":{"@id":"https:\/\/lafuente.mx\/#website"},"datePublished":"2026-03-13T19:51:17+00:00","dateModified":"2026-03-25T16:43:07+00:00","author":{"@id":"https:\/\/lafuente.mx\/#\/schema\/person\/603f3aa8e2f6f7879021ab722d39d6b0"},"breadcrumb":{"@id":"https:\/\/lafuente.mx\/?p=3610#breadcrumb"},"inLanguage":"es-MX","potentialAction":[{"@type":"ReadAction","target":["https:\/\/lafuente.mx\/?p=3610"]}]},{"@type":"BreadcrumbList","@id":"https:\/\/lafuente.mx\/?p=3610#breadcrumb","itemListElement":[{"@type":"ListItem","position":1,"name":"Inicio","item":"https:\/\/lafuente.mx\/"},{"@type":"ListItem","position":2,"name":"D\u00eda Mundial del Sue\u00f1o\u00a0"}]},{"@type":"Person","@id":"https:\/\/lafuente.mx\/#\/schema\/person\/603f3aa8e2f6f7879021ab722d39d6b0","name":"Claudia Gallardo","image":{"@type":"ImageObject","inLanguage":"es-MX","@id":"https:\/\/lafuente.mx\/#\/schema\/person\/image\/","url":"https:\/\/secure.gravatar.com\/avatar\/bfe9c966af1ccfb9d17bcdb9d04e8815?s=96&d=mm&r=g","contentUrl":"https:\/\/secure.gravatar.com\/avatar\/bfe9c966af1ccfb9d17bcdb9d04e8815?s=96&d=mm&r=g","caption":"Claudia Gallardo"},"url":"https:\/\/lafuente.mx\/?author=3"}]}},"jetpack_featured_media_url":"https:\/\/i0.wp.com\/lafuente.mx\/wp-content\/uploads\/2026\/03\/Gemini_Generated_Image_5xuwfz5xuwfz5xuw.png?fit=1376%2C768&ssl=1","jetpack-related-posts":[{"id":1744,"url":"https:\/\/lafuente.mx\/?p=1744","url_meta":{"origin":3610,"position":0},"title":"Tema del D\u00eda Mundial de la Salud Mental","date":"octubre 10, 2023","format":false,"excerpt":"'LA SALUD MENTAL ES UN DERECHO HUMANO UNIVERSAL'\u00a0 El 10 de octubre de 2023 celebraremos el D\u00eda Mundial de la Salud Mental con el tema 'La salud mental es un derecho humano universal' elegido mediante una votaci\u00f3n global abierta al p\u00fablico, incluidos los miembros, las partes interesadas y los partidarios\u2026","rel":"","context":"En &quot;Efem\u00e9rides de Salud Mental&quot;","img":{"alt_text":"","src":"https:\/\/i0.wp.com\/lafuente.mx\/wp-content\/uploads\/2023\/09\/salud-mental2.jpeg?fit=1200%2C541&ssl=1&resize=350%2C200","width":350,"height":200},"classes":[]},{"id":3343,"url":"https:\/\/lafuente.mx\/?p=3343","url_meta":{"origin":3610,"position":1},"title":"D\u00eda mundial de la salud mental","date":"octubre 10, 2025","format":false,"excerpt":"En este 10 de octubre, conmemoramos el D\u00eda Mundial de la Salud Mental y queremos que este d\u00eda no pase desapercibido. \ud83d\udd38 Escucha las voces de nuestros especialistas\ud83d\udd38 Reflexiona con nosotros sobre lo que significa el bienestar emocional\ud83d\udd38 Comparte este mensaje: que cada comienzo sea un paso hacia un futuro\u2026","rel":"","context":"En &quot;Efem\u00e9rides de Salud Mental&quot;","img":{"alt_text":"","src":"https:\/\/i0.wp.com\/lafuente.mx\/wp-content\/uploads\/2025\/10\/Mesa-de-trabajo-1-100.jpg?fit=1200%2C675&ssl=1&resize=350%2C200","width":350,"height":200},"classes":[]},{"id":3025,"url":"https:\/\/lafuente.mx\/?p=3025","url_meta":{"origin":3610,"position":2},"title":"Tema del mes: Salud cerebral","date":"julio 25, 2025","format":false,"excerpt":"JULIO En el INPRFM trabajamos cada d\u00eda para generar conocimiento, brindar atenci\u00f3n especializada y promover el bienestar mental y cerebral de la poblaci\u00f3n. Cuidar el cerebro es una tarea de todos, en todas las edades.","rel":"","context":"En &quot;T\u00f3picos de salud mental&quot;","img":{"alt_text":"","src":"https:\/\/i0.wp.com\/lafuente.mx\/wp-content\/uploads\/2025\/07\/Captura-de-pantalla-2025-07-08-a-las-12.35.47.png?fit=1200%2C702&ssl=1&resize=350%2C200","width":350,"height":200},"classes":[]},{"id":1170,"url":"https:\/\/lafuente.mx\/?p=1170","url_meta":{"origin":3610,"position":3},"title":"D\u00cdA MUNDIAL DE LA SALUD MENTAL MATERNA\u00a0","date":"abril 27, 2023","format":false,"excerpt":"3\u00a0de mayo imagen Mentalizarte INPRFM \u00a0El D\u00eda Mundial de la Salud Mental Materna se lanz\u00f3 para\u00a0aumentar la conciencia acerca de los problemas de salud mental materna, con la finalidad\u00a0de que m\u00e1s mujeres busquen ayuda, reciban tratamiento adecuado y menos sufran.\u00a0 El objetivo com\u00fan es\u00a0sensibilizar\u00a0a la poblaci\u00f3n mundial acerca de la\u2026","rel":"","context":"En &quot;Efem\u00e9rides de Salud Mental&quot;","img":{"alt_text":"","src":"https:\/\/i0.wp.com\/lafuente.mx\/wp-content\/uploads\/2023\/04\/10-mayo-23.jpg?fit=1200%2C985&ssl=1&resize=350%2C200","width":350,"height":200},"classes":[]},{"id":414,"url":"https:\/\/lafuente.mx\/?p=414","url_meta":{"origin":3610,"position":4},"title":"D\u00eda Mundial de la Salud Mental","date":"octubre 10, 2022","format":false,"excerpt":"10 de octubre El cerebro. Imagen: medicalxpress.com El D\u00eda Mundial de la Salud Mental, que se celebra anualmente el 10 de octubre, tiene como objetivo concientizar acerca de los problemas de salud mental en todo el mundo.\u00a0 \u00a8Dale like a la salud mental. Por el derecho a crecer en bienestar\u00a8\u2026","rel":"","context":"En &quot;Efem\u00e9rides de Salud Mental&quot;","img":{"alt_text":"","src":"https:\/\/i0.wp.com\/lafuente.mx\/wp-content\/uploads\/2022\/10\/brain.jpeg?fit=800%2C480&ssl=1&resize=350%2C200","width":350,"height":200},"classes":[]},{"id":3437,"url":"https:\/\/lafuente.mx\/?p=3437","url_meta":{"origin":3610,"position":5},"title":"D\u00eda Internacional del Hombre\u00a0","date":"noviembre 18, 2025","format":false,"excerpt":"19 de noviembre\u00a0 Foto INPRFM Esta fecha se conmemora desde 1992 con el prop\u00f3sito de reconocer el papel positivo de los hombres en la sociedad y promover su salud f\u00edsica y emocional.\u00a0El D\u00eda Internacional del Hombre busca tambi\u00e9n fomentar la igualdad de g\u00e9nero, la paz, la no violencia, la equidad,\u2026","rel":"","context":"En &quot;Efem\u00e9rides de Salud Mental&quot;","img":{"alt_text":"","src":"https:\/\/i0.wp.com\/lafuente.mx\/wp-content\/uploads\/2025\/10\/Fco-enriquez-scaled.jpg?fit=1200%2C1143&ssl=1&resize=350%2C200","width":350,"height":200},"classes":[]}],"jetpack_sharing_enabled":true,"jetpack_shortlink":"https:\/\/wp.me\/pe9WUx-We","_links":{"self":[{"href":"https:\/\/lafuente.mx\/index.php?rest_route=\/wp\/v2\/posts\/3610"}],"collection":[{"href":"https:\/\/lafuente.mx\/index.php?rest_route=\/wp\/v2\/posts"}],"about":[{"href":"https:\/\/lafuente.mx\/index.php?rest_route=\/wp\/v2\/types\/post"}],"author":[{"embeddable":true,"href":"https:\/\/lafuente.mx\/index.php?rest_route=\/wp\/v2\/users\/3"}],"replies":[{"embeddable":true,"href":"https:\/\/lafuente.mx\/index.php?rest_route=%2Fwp%2Fv2%2Fcomments&post=3610"}],"version-history":[{"count":2,"href":"https:\/\/lafuente.mx\/index.php?rest_route=\/wp\/v2\/posts\/3610\/revisions"}],"predecessor-version":[{"id":3617,"href":"https:\/\/lafuente.mx\/index.php?rest_route=\/wp\/v2\/posts\/3610\/revisions\/3617"}],"wp:featuredmedia":[{"embeddable":true,"href":"https:\/\/lafuente.mx\/index.php?rest_route=\/wp\/v2\/media\/3611"}],"wp:attachment":[{"href":"https:\/\/lafuente.mx\/index.php?rest_route=%2Fwp%2Fv2%2Fmedia&parent=3610"}],"wp:term":[{"taxonomy":"category","embeddable":true,"href":"https:\/\/lafuente.mx\/index.php?rest_route=%2Fwp%2Fv2%2Fcategories&post=3610"},{"taxonomy":"post_tag","embeddable":true,"href":"https:\/\/lafuente.mx\/index.php?rest_route=%2Fwp%2Fv2%2Ftags&post=3610"}],"curies":[{"name":"wp","href":"https:\/\/api.w.org\/{rel}","templated":true}]}}