{"id":3558,"date":"2026-01-29T18:08:07","date_gmt":"2026-01-29T18:08:07","guid":{"rendered":"https:\/\/lafuente.mx\/?p=3558"},"modified":"2026-02-09T18:59:27","modified_gmt":"2026-02-09T18:59:27","slug":"encodat-2025","status":"publish","type":"post","link":"https:\/\/lafuente.mx\/?p=3558","title":{"rendered":"ENCODAT 2025:"},"content":{"rendered":"\n<hr class=\"wp-block-separator has-text-color has-luminous-vivid-orange-color has-alpha-channel-opacity has-luminous-vivid-orange-background-color has-background is-style-wide\"\/>\n\n\n\n<p class=\"has-large-font-size\"><strong>consumo de sustancias, violencia y salud mental en M\u00e9xico<\/strong><\/p>\n\n\n\n<ul>\n<li><strong>Parte 1<\/strong><\/li>\n<\/ul>\n\n\n\n<hr class=\"wp-block-separator has-text-color has-luminous-vivid-orange-color has-alpha-channel-opacity has-luminous-vivid-orange-background-color has-background is-style-wide\"\/>\n\n\n\n<p class=\"has-medium-font-size\">La Encuesta Nacional de Consumo de Drogas, Alcohol y Tabaco 2025 (ENCODAT 2025) ofrece informaci\u00f3n clave para comprender los patrones actuales de consumo de sustancias y su relaci\u00f3n con la salud mental en la poblaci\u00f3n mexicana. Sus resultados permiten fortalecer estrategias de prevenci\u00f3n, detecci\u00f3n oportuna, atenci\u00f3n integral y dise\u00f1o de pol\u00edticas p\u00fablicas basadas en evidencia.<\/p>\n\n\n\n<p class=\"has-medium-font-size\">A continuaci\u00f3n, se presentan algunos de los principales hallazgos y reflexiones en torno a salud mental, violencia y consumo de sustancias.<\/p>\n\n\n<div class=\"wp-block-image\">\n<figure class=\"aligncenter size-large is-resized\"><img decoding=\"async\" loading=\"lazy\" width=\"640\" height=\"426\" src=\"https:\/\/i0.wp.com\/lafuente.mx\/wp-content\/uploads\/2026\/01\/opinion-poll-opinion-polling-survey-voting-to-complete-vote-hand-write-ballpoint-pen-paper-reports-ink-pen-pen-survey-survey-survey-survey-survey-1594962.jpg?resize=640%2C426\" alt=\"opinion poll, opinion polling, survey, voting, to complete, vote, hand, write, ballpoint pen, paper, reports, ink pen, pen, survey, survey, survey, survey, survey-1594962.jpg\" class=\"wp-image-3563\" style=\"aspect-ratio:1.501466275659824;width:598px;height:auto\" srcset=\"https:\/\/i0.wp.com\/lafuente.mx\/wp-content\/uploads\/2026\/01\/opinion-poll-opinion-polling-survey-voting-to-complete-vote-hand-write-ballpoint-pen-paper-reports-ink-pen-pen-survey-survey-survey-survey-survey-1594962.jpg?resize=1024%2C682&amp;ssl=1 1024w, https:\/\/i0.wp.com\/lafuente.mx\/wp-content\/uploads\/2026\/01\/opinion-poll-opinion-polling-survey-voting-to-complete-vote-hand-write-ballpoint-pen-paper-reports-ink-pen-pen-survey-survey-survey-survey-survey-1594962.jpg?resize=300%2C200&amp;ssl=1 300w, https:\/\/i0.wp.com\/lafuente.mx\/wp-content\/uploads\/2026\/01\/opinion-poll-opinion-polling-survey-voting-to-complete-vote-hand-write-ballpoint-pen-paper-reports-ink-pen-pen-survey-survey-survey-survey-survey-1594962.jpg?resize=768%2C512&amp;ssl=1 768w, https:\/\/i0.wp.com\/lafuente.mx\/wp-content\/uploads\/2026\/01\/opinion-poll-opinion-polling-survey-voting-to-complete-vote-hand-write-ballpoint-pen-paper-reports-ink-pen-pen-survey-survey-survey-survey-survey-1594962.jpg?w=1280&amp;ssl=1 1280w\" sizes=\"(max-width: 640px) 100vw, 640px\" data-recalc-dims=\"1\" \/><\/figure><\/div>\n\n\n<p class=\"has-text-align-center has-luminous-vivid-orange-color has-text-color has-large-font-size\"><strong>Salud mental en adolescentes: una prioridad urgente<\/strong><\/p>\n\n\n\n<p class=\"has-text-color has-medium-font-size\" style=\"color:#3b3b3b\">Los resultados de la ENCODAT 2025 muestran que el malestar psicol\u00f3gico, as\u00ed como la ideaci\u00f3n e intento suicida, presentan prevalencias relevantes, particularmente en la poblaci\u00f3n adolescente. Estos datos subrayan la importancia de fortalecer la detecci\u00f3n temprana, el acompa\u00f1amiento emocional y el acceso oportuno a servicios de salud mental.<\/p>\n\n\n\n<p class=\"has-text-color has-medium-font-size\" style=\"color:#3b3b3b\">La adolescencia es una etapa de alta vulnerabilidad emocional y social, por lo que requiere entornos protectores, escucha activa y orientaci\u00f3n profesional. La atenci\u00f3n temprana no solo mejora el bienestar, sino que puede prevenir consecuencias graves a largo plazo.<\/p>\n\n\n<div class=\"wp-block-image\">\n<figure class=\"aligncenter size-full is-resized\"><img decoding=\"async\" loading=\"lazy\" width=\"640\" height=\"588\" src=\"https:\/\/i0.wp.com\/lafuente.mx\/wp-content\/uploads\/2026\/01\/salud-mental-y-adolecentes-4.jpeg?resize=640%2C588&#038;ssl=1\" alt=\"\" class=\"wp-image-3567\" style=\"aspect-ratio:1.0893617021276596;width:708px;height:auto\" srcset=\"https:\/\/i0.wp.com\/lafuente.mx\/wp-content\/uploads\/2026\/01\/salud-mental-y-adolecentes-4.jpeg?w=1024&amp;ssl=1 1024w, https:\/\/i0.wp.com\/lafuente.mx\/wp-content\/uploads\/2026\/01\/salud-mental-y-adolecentes-4.jpeg?resize=300%2C275&amp;ssl=1 300w, https:\/\/i0.wp.com\/lafuente.mx\/wp-content\/uploads\/2026\/01\/salud-mental-y-adolecentes-4.jpeg?resize=768%2C705&amp;ssl=1 768w\" sizes=\"(max-width: 640px) 100vw, 640px\" data-recalc-dims=\"1\" \/><\/figure><\/div>\n\n\n<p class=\"has-text-align-center has-luminous-vivid-orange-color has-text-color has-large-font-size\"><strong>Violencia y su impacto en la salud mental de las mujeres<\/strong><\/p>\n\n\n\n<p class=\"has-text-color has-medium-font-size\" style=\"color:#4e4e4e\">La ENCODAT 2025 se\u00f1ala que la violencia f\u00edsica, sexual y emocional afecta de manera significativa a la poblaci\u00f3n, con mayores prevalencias en mujeres, tanto adolescentes como adultas. La violencia no solo vulnera derechos fundamentales, sino que tiene un impacto profundo en la salud mental, el bienestar emocional y la calidad de vida.<\/p>\n\n\n\n<p class=\"has-text-color has-medium-font-size\" style=\"color:#3c3c3c\">Visibilizar la violencia es un paso clave para prevenirla. Reconocerla permite activar redes de apoyo, acceder a atenci\u00f3n especializada y promover relaciones basadas en el respeto y la dignidad.<\/p>\n\n\n<div class=\"wp-block-image\">\n<figure class=\"aligncenter size-large\"><img decoding=\"async\" loading=\"lazy\" width=\"640\" height=\"427\" src=\"https:\/\/i0.wp.com\/lafuente.mx\/wp-content\/uploads\/2026\/01\/ChatGPT-Image-28-ene-2026-11_53_42-a.m-1024x683.png?resize=640%2C427&#038;ssl=1\" alt=\"\" class=\"wp-image-3564\" srcset=\"https:\/\/i0.wp.com\/lafuente.mx\/wp-content\/uploads\/2026\/01\/ChatGPT-Image-28-ene-2026-11_53_42-a.m.png?resize=1024%2C683&amp;ssl=1 1024w, https:\/\/i0.wp.com\/lafuente.mx\/wp-content\/uploads\/2026\/01\/ChatGPT-Image-28-ene-2026-11_53_42-a.m.png?resize=300%2C200&amp;ssl=1 300w, https:\/\/i0.wp.com\/lafuente.mx\/wp-content\/uploads\/2026\/01\/ChatGPT-Image-28-ene-2026-11_53_42-a.m.png?resize=768%2C512&amp;ssl=1 768w, https:\/\/i0.wp.com\/lafuente.mx\/wp-content\/uploads\/2026\/01\/ChatGPT-Image-28-ene-2026-11_53_42-a.m.png?w=1536&amp;ssl=1 1536w, https:\/\/i0.wp.com\/lafuente.mx\/wp-content\/uploads\/2026\/01\/ChatGPT-Image-28-ene-2026-11_53_42-a.m.png?w=1280 1280w\" sizes=\"(max-width: 640px) 100vw, 640px\" data-recalc-dims=\"1\" \/><\/figure><\/div>\n\n\n<hr class=\"wp-block-separator has-text-color has-luminous-vivid-orange-color has-alpha-channel-opacity has-luminous-vivid-orange-background-color has-background\"\/>\n\n\n\n<p class=\"has-text-align-center has-white-color has-text-color has-background\" style=\"background-color:#024b75\"><strong>Consulta la ENCODAT 2025, inf\u00f3rmate y participa activamente en la promoci\u00f3n de entornos m\u00e1s saludables para todas y todos<\/strong><\/p>\n\n\n\n<p class=\"has-text-align-center has-text-color has-small-font-size\" style=\"color:#064466\"><strong>Referencia<\/strong>: Resumen Ejecutivo ENCODAT 2025, pp. 3-4<\/p>\n\n\n\n<div class=\"wp-block-buttons is-layout-flex wp-block-buttons-is-layout-flex\">\n<div class=\"wp-block-button\"><a class=\"wp-block-button__link has-vivid-cyan-blue-background-color has-background wp-element-button\" href=\"https:\/\/www.gob.mx\/conasama\/documentos\/encuesta-nacional-de-consumo-de-drogas-alcohol-y-tabaco-encodat-2025?state=published&amp;fbclid=IwY2xjawO_bcdleHRuA2FlbQIxMABicmlkETFsNGZhdEtadGk0S1hYd21lc3J0YwZhcHBfaWQQMjIyMDM5MTc4ODIwMDg5MgABHicZPKilPdI-YLNi7PnyPrDD3KvCNgzrCnrslUr1f7H2QXI3b0Bt2XYZydxq_aem_yYTPkx742K2xM1ofofIckw\">Consulta la encuesta<\/a><\/div>\n<\/div>\n\n\n\n<p class=\"has-text-align-left has-text-color has-medium-font-size\" style=\"color:#196692\">Red de servicios de atenci\u00f3n gratuitos: <br><a href=\"https:\/\/www.gob.mx\/conasama\/articulos\/servicios-de-atencion\">https:\/\/www.gob.mx\/conasama\/articulos\/servicios-de-atencion<\/a>  <\/p>\n\n\n\n<p><strong>&nbsp; Ayuda Para Depresi\u00f3n- ADep<\/strong><\/p>\n\n\n\n<p><a href=\"https:\/\/ayudaparadepresion.org.mx\/\">https:\/\/ayudaparadepresion.org.mx\/<\/a><\/p>\n\n\n\n<p>Gu\u00edas y recursos creados por especialistas para entender y enfrentar la depresi\u00f3n<\/p>\n\n\n\n<p><strong>&nbsp; BienestarOnline<\/strong><\/p>\n\n\n\n<p><a href=\"https:\/\/bienestaronline.net\/\">https:\/\/bienestaronline.net\/<\/a><\/p>\n\n\n\n<p class=\"has-text-color\" style=\"color:#1b618a\">Apoyo en l\u00ednea para gestionar emociones, h\u00e1bitos saludables y equilibrio emocional<\/p>\n\n\n\n<p><strong>\u00a0 Familia y adicciones<\/strong><\/p>\n\n\n\n<p><a href=\"https:\/\/familiayadicciones.org.mx\/\">https:\/\/familiayadicciones.org.mx\/<\/a><\/p>\n","protected":false},"excerpt":{"rendered":"<p>consumo de sustancias, violencia y salud mental en M\u00e9xico La Encuesta Nacional de Consumo de Drogas, Alcohol y Tabaco 2025 (ENCODAT 2025) ofrece informaci\u00f3n clave<\/p>\n","protected":false},"author":3,"featured_media":3563,"comment_status":"closed","ping_status":"closed","sticky":false,"template":"","format":"standard","meta":{"footnotes":"","jetpack_publicize_message":"","jetpack_is_tweetstorm":false,"jetpack_publicize_feature_enabled":true},"categories":[14],"tags":[135,37,318,120,127,1127,500,21,255,1126,63,32],"jetpack_publicize_connections":[],"yoast_head":"<!-- This site is optimized with the Yoast SEO plugin v19.4 - https:\/\/yoast.com\/wordpress\/plugins\/seo\/ -->\n<title>ENCODAT 2025: -<\/title>\n<meta name=\"description\" content=\"La Encuesta Nacional de Consumo de Drogas, Alcohol y Tabaco 2025 (ENCODAT 2025) ofrece informaci\u00f3n clave para comprender los patrones actuales de consumo de sustancias y su relaci\u00f3n con la salud mental en la poblaci\u00f3n mexicana\" \/>\n<meta name=\"robots\" content=\"index, follow, max-snippet:-1, max-image-preview:large, max-video-preview:-1\" \/>\n<link rel=\"canonical\" href=\"https:\/\/lafuente.mx\/?p=3558\" \/>\n<meta property=\"og:locale\" content=\"es_MX\" \/>\n<meta property=\"og:type\" content=\"article\" \/>\n<meta property=\"og:title\" content=\"ENCODAT 2025\" \/>\n<meta property=\"og:description\" content=\"La Encuesta Nacional de Consumo de Drogas, Alcohol y Tabaco 2025 (ENCODAT 2025) ofrece informaci\u00f3n clave para comprender los patrones actuales de consumo de sustancias y su relaci\u00f3n con la salud mental en la poblaci\u00f3n mexicana\" \/>\n<meta property=\"og:url\" content=\"https:\/\/lafuente.mx\/?p=3558\" \/>\n<meta property=\"article:published_time\" content=\"2026-01-29T18:08:07+00:00\" \/>\n<meta property=\"article:modified_time\" content=\"2026-02-09T18:59:27+00:00\" \/>\n<meta property=\"og:image\" content=\"http:\/\/lafuente.mx\/wp-content\/uploads\/2026\/01\/opinion-poll-opinion-polling-survey-voting-to-complete-vote-hand-write-ballpoint-pen-paper-reports-ink-pen-pen-survey-survey-survey-survey-survey-1594962.jpg\" \/>\n\t<meta property=\"og:image:width\" content=\"1280\" \/>\n\t<meta property=\"og:image:height\" content=\"853\" \/>\n\t<meta property=\"og:image:type\" content=\"image\/jpeg\" \/>\n<meta name=\"author\" content=\"Claudia Gallardo\" \/>\n<meta name=\"twitter:card\" content=\"summary_large_image\" \/>\n<meta name=\"twitter:title\" content=\"ENCODAT 2025\" \/>\n<meta name=\"twitter:description\" content=\"La Encuesta Nacional de Consumo de Drogas, Alcohol y Tabaco 2025 (ENCODAT 2025) ofrece informaci\u00f3n clave para comprender los patrones actuales de consumo de sustancias y su relaci\u00f3n con la salud mental en la poblaci\u00f3n mexicana\" \/>\n<meta name=\"twitter:image\" content=\"https:\/\/i0.wp.com\/lafuente.mx\/wp-content\/uploads\/2026\/01\/opinion-poll-opinion-polling-survey-voting-to-complete-vote-hand-write-ballpoint-pen-paper-reports-ink-pen-pen-survey-survey-survey-survey-survey-1594962.jpg?fit=1280%2C853&ssl=1\" \/>\n<meta name=\"twitter:label1\" content=\"Escrito por\" \/>\n\t<meta name=\"twitter:data1\" content=\"Claudia Gallardo\" \/>\n\t<meta name=\"twitter:label2\" content=\"Tiempo de lectura\" \/>\n\t<meta name=\"twitter:data2\" content=\"2 minutos\" \/>\n<script type=\"application\/ld+json\" class=\"yoast-schema-graph\">{\"@context\":\"https:\/\/schema.org\",\"@graph\":[{\"@type\":\"WebSite\",\"@id\":\"https:\/\/lafuente.mx\/#website\",\"url\":\"https:\/\/lafuente.mx\/\",\"name\":\"\",\"description\":\"Informaci\u00f3n confiable sobre salud mental\",\"potentialAction\":[{\"@type\":\"SearchAction\",\"target\":{\"@type\":\"EntryPoint\",\"urlTemplate\":\"https:\/\/lafuente.mx\/?s={search_term_string}\"},\"query-input\":\"required name=search_term_string\"}],\"inLanguage\":\"es-MX\"},{\"@type\":\"WebPage\",\"@id\":\"https:\/\/lafuente.mx\/?p=3558\",\"url\":\"https:\/\/lafuente.mx\/?p=3558\",\"name\":\"ENCODAT 2025: -\",\"isPartOf\":{\"@id\":\"https:\/\/lafuente.mx\/#website\"},\"datePublished\":\"2026-01-29T18:08:07+00:00\",\"dateModified\":\"2026-02-09T18:59:27+00:00\",\"author\":{\"@id\":\"https:\/\/lafuente.mx\/#\/schema\/person\/603f3aa8e2f6f7879021ab722d39d6b0\"},\"description\":\"La Encuesta Nacional de Consumo de Drogas, Alcohol y Tabaco 2025 (ENCODAT 2025) ofrece informaci\u00f3n clave para comprender los patrones actuales de consumo de sustancias y su relaci\u00f3n con la salud mental en la poblaci\u00f3n mexicana\",\"breadcrumb\":{\"@id\":\"https:\/\/lafuente.mx\/?p=3558#breadcrumb\"},\"inLanguage\":\"es-MX\",\"potentialAction\":[{\"@type\":\"ReadAction\",\"target\":[\"https:\/\/lafuente.mx\/?p=3558\"]}]},{\"@type\":\"BreadcrumbList\",\"@id\":\"https:\/\/lafuente.mx\/?p=3558#breadcrumb\",\"itemListElement\":[{\"@type\":\"ListItem\",\"position\":1,\"name\":\"Inicio\",\"item\":\"https:\/\/lafuente.mx\/\"},{\"@type\":\"ListItem\",\"position\":2,\"name\":\"ENCODAT 2025:\"}]},{\"@type\":\"Person\",\"@id\":\"https:\/\/lafuente.mx\/#\/schema\/person\/603f3aa8e2f6f7879021ab722d39d6b0\",\"name\":\"Claudia Gallardo\",\"image\":{\"@type\":\"ImageObject\",\"inLanguage\":\"es-MX\",\"@id\":\"https:\/\/lafuente.mx\/#\/schema\/person\/image\/\",\"url\":\"https:\/\/secure.gravatar.com\/avatar\/bfe9c966af1ccfb9d17bcdb9d04e8815?s=96&d=mm&r=g\",\"contentUrl\":\"https:\/\/secure.gravatar.com\/avatar\/bfe9c966af1ccfb9d17bcdb9d04e8815?s=96&d=mm&r=g\",\"caption\":\"Claudia Gallardo\"},\"url\":\"https:\/\/lafuente.mx\/?author=3\"}]}<\/script>\n<!-- \/ Yoast SEO plugin. -->","yoast_head_json":{"title":"ENCODAT 2025: -","description":"La Encuesta Nacional de Consumo de Drogas, Alcohol y Tabaco 2025 (ENCODAT 2025) ofrece informaci\u00f3n clave para comprender los patrones actuales de consumo de sustancias y su relaci\u00f3n con la salud mental en la poblaci\u00f3n mexicana","robots":{"index":"index","follow":"follow","max-snippet":"max-snippet:-1","max-image-preview":"max-image-preview:large","max-video-preview":"max-video-preview:-1"},"canonical":"https:\/\/lafuente.mx\/?p=3558","og_locale":"es_MX","og_type":"article","og_title":"ENCODAT 2025","og_description":"La Encuesta Nacional de Consumo de Drogas, Alcohol y Tabaco 2025 (ENCODAT 2025) ofrece informaci\u00f3n clave para comprender los patrones actuales de consumo de sustancias y su relaci\u00f3n con la salud mental en la poblaci\u00f3n mexicana","og_url":"https:\/\/lafuente.mx\/?p=3558","article_published_time":"2026-01-29T18:08:07+00:00","article_modified_time":"2026-02-09T18:59:27+00:00","og_image":[{"width":1280,"height":853,"url":"http:\/\/lafuente.mx\/wp-content\/uploads\/2026\/01\/opinion-poll-opinion-polling-survey-voting-to-complete-vote-hand-write-ballpoint-pen-paper-reports-ink-pen-pen-survey-survey-survey-survey-survey-1594962.jpg","type":"image\/jpeg"}],"author":"Claudia Gallardo","twitter_card":"summary_large_image","twitter_title":"ENCODAT 2025","twitter_description":"La Encuesta Nacional de Consumo de Drogas, Alcohol y Tabaco 2025 (ENCODAT 2025) ofrece informaci\u00f3n clave para comprender los patrones actuales de consumo de sustancias y su relaci\u00f3n con la salud mental en la poblaci\u00f3n mexicana","twitter_image":"https:\/\/i0.wp.com\/lafuente.mx\/wp-content\/uploads\/2026\/01\/opinion-poll-opinion-polling-survey-voting-to-complete-vote-hand-write-ballpoint-pen-paper-reports-ink-pen-pen-survey-survey-survey-survey-survey-1594962.jpg?fit=1280%2C853&ssl=1","twitter_misc":{"Escrito por":"Claudia Gallardo","Tiempo de lectura":"2 minutos"},"schema":{"@context":"https:\/\/schema.org","@graph":[{"@type":"WebSite","@id":"https:\/\/lafuente.mx\/#website","url":"https:\/\/lafuente.mx\/","name":"","description":"Informaci\u00f3n confiable sobre salud mental","potentialAction":[{"@type":"SearchAction","target":{"@type":"EntryPoint","urlTemplate":"https:\/\/lafuente.mx\/?s={search_term_string}"},"query-input":"required name=search_term_string"}],"inLanguage":"es-MX"},{"@type":"WebPage","@id":"https:\/\/lafuente.mx\/?p=3558","url":"https:\/\/lafuente.mx\/?p=3558","name":"ENCODAT 2025: -","isPartOf":{"@id":"https:\/\/lafuente.mx\/#website"},"datePublished":"2026-01-29T18:08:07+00:00","dateModified":"2026-02-09T18:59:27+00:00","author":{"@id":"https:\/\/lafuente.mx\/#\/schema\/person\/603f3aa8e2f6f7879021ab722d39d6b0"},"description":"La Encuesta Nacional de Consumo de Drogas, Alcohol y Tabaco 2025 (ENCODAT 2025) ofrece informaci\u00f3n clave para comprender los patrones actuales de consumo de sustancias y su relaci\u00f3n con la salud mental en la poblaci\u00f3n mexicana","breadcrumb":{"@id":"https:\/\/lafuente.mx\/?p=3558#breadcrumb"},"inLanguage":"es-MX","potentialAction":[{"@type":"ReadAction","target":["https:\/\/lafuente.mx\/?p=3558"]}]},{"@type":"BreadcrumbList","@id":"https:\/\/lafuente.mx\/?p=3558#breadcrumb","itemListElement":[{"@type":"ListItem","position":1,"name":"Inicio","item":"https:\/\/lafuente.mx\/"},{"@type":"ListItem","position":2,"name":"ENCODAT 2025:"}]},{"@type":"Person","@id":"https:\/\/lafuente.mx\/#\/schema\/person\/603f3aa8e2f6f7879021ab722d39d6b0","name":"Claudia Gallardo","image":{"@type":"ImageObject","inLanguage":"es-MX","@id":"https:\/\/lafuente.mx\/#\/schema\/person\/image\/","url":"https:\/\/secure.gravatar.com\/avatar\/bfe9c966af1ccfb9d17bcdb9d04e8815?s=96&d=mm&r=g","contentUrl":"https:\/\/secure.gravatar.com\/avatar\/bfe9c966af1ccfb9d17bcdb9d04e8815?s=96&d=mm&r=g","caption":"Claudia Gallardo"},"url":"https:\/\/lafuente.mx\/?author=3"}]}},"jetpack_featured_media_url":"https:\/\/i0.wp.com\/lafuente.mx\/wp-content\/uploads\/2026\/01\/opinion-poll-opinion-polling-survey-voting-to-complete-vote-hand-write-ballpoint-pen-paper-reports-ink-pen-pen-survey-survey-survey-survey-survey-1594962.jpg?fit=1280%2C853&ssl=1","jetpack-related-posts":[{"id":3590,"url":"https:\/\/lafuente.mx\/?p=3590","url_meta":{"origin":3558,"position":0},"title":"ENCODAT 2025:","date":"marzo 3, 2026","format":false,"excerpt":"consumo de sustancias, violencia y salud mental en M\u00e9xico Parte 2 Drogas: crecimiento en poblaci\u00f3n adulta Los datos de la ENCODAT 2025 muestran un incremento en el consumo de drogas ilegales en la poblaci\u00f3n adulta, particularmente en hombres y mujeres, con aumentos en el uso de cannabis y estimulantes. Aunque\u2026","rel":"","context":"En &quot;Informaci\u00f3n de inter\u00e9s&quot;","img":{"alt_text":"","src":"https:\/\/i0.wp.com\/lafuente.mx\/wp-content\/uploads\/2026\/03\/consumo-de-drogas.jpeg?fit=1024%2C1024&ssl=1&resize=350%2C200","width":350,"height":200},"classes":[]},{"id":1187,"url":"https:\/\/lafuente.mx\/?p=1187","url_meta":{"origin":3558,"position":1},"title":"Prevalencia de sintomatolog\u00eda y factores de riesgo en salud mental en M\u00e9xico: la cohorte ENCODAT 2016-17\u00a0","date":"mayo 2, 2023","format":false,"excerpt":"Por\u00a0Mar\u00eda Elena Medina Mora1,2,3\u00a0,Alma Delia Genis-Mendoza4,5,*,Jorge Ameth Villatoro Vel\u00e1zquez 1,6\u00a0, Marycarmen Bustos-Gami\u00f1o 6\u00a0, Clara Fleiz Bautista 1,6\u00a0, Beatriz Camarena 7\u00a0, Jos\u00e9 Jaime Mart\u00ednez-Maga\u00f1a 4\u00a0yHumberto Nicolini 4,*\u00a0 1\u00a0 Seminario de Estudios Globales, Facultad de Medicina, Universidad Nacional Aut\u00f3noma de M\u00e9xico (UNAM), Ciudad de M\u00e9xico 04510, M\u00e9xico\u00a0 2\u00a0 Director, Facultad de Psicolog\u00eda,\u2026","rel":"","context":"En &quot;Publicaciones&quot;","img":{"alt_text":"","src":"https:\/\/i0.wp.com\/lafuente.mx\/wp-content\/uploads\/2023\/05\/WhatsApp-Image-2023-05-15-at-10.36.19-AM.jpeg?fit=845%2C1200&ssl=1&resize=350%2C200","width":350,"height":200},"classes":[]},{"id":1343,"url":"https:\/\/lafuente.mx\/?p=1343","url_meta":{"origin":3558,"position":2},"title":"Explora H: Una intervenci\u00f3n de bajo costo para la prevenci\u00f3n en salud mental\u00a0","date":"junio 27, 2023","format":false,"excerpt":"Imagen Explora H Autores*: Jorge A. Villatoro Vel\u00e1zquez, Itzia Sayuri Soto Hern\u00e1ndez, Marycarmen Bustos Gami\u00f1o, Raquel Mondrag\u00f3n G\u00f3mez.\u00a0 Las prevalencias del consumo de alcohol, tabaco y otras drogas en poblaci\u00f3n adolescente de nuestro pa\u00eds\u00a0y, en general, del continente americano,\u00a0han mostrado un incremento importante. As\u00ed mismo, se observ\u00f3 un incremento en\u2026","rel":"","context":"En &quot;Informaci\u00f3n de inter\u00e9s&quot;","img":{"alt_text":"","src":"https:\/\/i0.wp.com\/lafuente.mx\/wp-content\/uploads\/2023\/06\/Captura-de-Pantalla-2023-06-27-a-las-10.32.09.png?fit=1200%2C690&ssl=1&resize=350%2C200","width":350,"height":200},"classes":[]},{"id":1217,"url":"https:\/\/lafuente.mx\/?p=1217","url_meta":{"origin":3558,"position":3},"title":"Familia y adicciones\u00a0","date":"mayo 16, 2023","format":false,"excerpt":"Del 5 de junio al 31 de julio, 2023\u00a0 Curso en l\u00ednea\u00a0 Coordinadora acad\u00e9mica:\u00a0Dra. Guillermina Natera Rey\u00a0 Dirigido a:\u00a0 Profesionales de la salud y afines\u00a0 Objetivo general:\u00a0 Formar orientadores para intervenir y apoyar a las familias a enfrentar la problem\u00e1tica de consumo de alcohol o drogas de alguno de sus\u2026","rel":"","context":"En &quot;Cursos&quot;","img":{"alt_text":"","src":"https:\/\/i0.wp.com\/lafuente.mx\/wp-content\/uploads\/2023\/05\/Captura-de-Pantalla-2023-05-15-a-las-10.26.24.png?fit=1200%2C765&ssl=1&resize=350%2C200","width":350,"height":200},"classes":[]},{"id":1513,"url":"https:\/\/lafuente.mx\/?p=1513","url_meta":{"origin":3558,"position":4},"title":"Intervenciones breves en adicciones\u00a0","date":"julio 27, 2023","format":false,"excerpt":"Curso en l\u00ednea\u00a0\u00a0 Imagen INPRFM Del 21 de agosto al 23 de octubre de 2023\u00a0 Coordinadora acad\u00e9mica: Dra. Marcela Tiburcio Sainz\u00a0 Dirigido a: Profesionales de la salud y afines\u00a0 Objetivo:\u00a0 Capacitar a orientadores en la detecci\u00f3n temprana del consumo de sustancias y en la aplicaci\u00f3n de intervenciones breves para modificar\u2026","rel":"","context":"En &quot;Cursos en l\u00ednea&quot;","img":{"alt_text":"","src":"https:\/\/i0.wp.com\/lafuente.mx\/wp-content\/uploads\/2023\/07\/DSC_0017-scaled.jpg?fit=1200%2C797&ssl=1&resize=350%2C200","width":350,"height":200},"classes":[]},{"id":3194,"url":"https:\/\/lafuente.mx\/?p=3194","url_meta":{"origin":3558,"position":5},"title":"\u00bfQu\u00e9 pasa si te pasas? \u00a0","date":"agosto 11, 2025","format":false,"excerpt":"Conoce las consecuencias del consumo de sustancias que alteran tu percepci\u00f3n o estado de \u00e1nimo. Identifica estrategias para solucionar problemas y evitar situaciones de consumo.\u00a0 Explora los c\u00f3mics interactivos para:\u00a0 Identificar efectos inmediatos y riesgos del uso de drogas.\u00a0 Distinguir situaciones que pueden vivir adolescentes asociadas al consumo de drogas.\u00a0\u2026","rel":"","context":"En &quot;Informaci\u00f3n de inter\u00e9s&quot;","img":{"alt_text":"","src":"https:\/\/i0.wp.com\/lafuente.mx\/wp-content\/uploads\/2025\/08\/Blog_Mesa-de-trabajo-1.png?fit=1200%2C622&ssl=1&resize=350%2C200","width":350,"height":200},"classes":[]}],"jetpack_sharing_enabled":true,"jetpack_shortlink":"https:\/\/wp.me\/pe9WUx-Vo","_links":{"self":[{"href":"https:\/\/lafuente.mx\/index.php?rest_route=\/wp\/v2\/posts\/3558"}],"collection":[{"href":"https:\/\/lafuente.mx\/index.php?rest_route=\/wp\/v2\/posts"}],"about":[{"href":"https:\/\/lafuente.mx\/index.php?rest_route=\/wp\/v2\/types\/post"}],"author":[{"embeddable":true,"href":"https:\/\/lafuente.mx\/index.php?rest_route=\/wp\/v2\/users\/3"}],"replies":[{"embeddable":true,"href":"https:\/\/lafuente.mx\/index.php?rest_route=%2Fwp%2Fv2%2Fcomments&post=3558"}],"version-history":[{"count":6,"href":"https:\/\/lafuente.mx\/index.php?rest_route=\/wp\/v2\/posts\/3558\/revisions"}],"predecessor-version":[{"id":3583,"href":"https:\/\/lafuente.mx\/index.php?rest_route=\/wp\/v2\/posts\/3558\/revisions\/3583"}],"wp:featuredmedia":[{"embeddable":true,"href":"https:\/\/lafuente.mx\/index.php?rest_route=\/wp\/v2\/media\/3563"}],"wp:attachment":[{"href":"https:\/\/lafuente.mx\/index.php?rest_route=%2Fwp%2Fv2%2Fmedia&parent=3558"}],"wp:term":[{"taxonomy":"category","embeddable":true,"href":"https:\/\/lafuente.mx\/index.php?rest_route=%2Fwp%2Fv2%2Fcategories&post=3558"},{"taxonomy":"post_tag","embeddable":true,"href":"https:\/\/lafuente.mx\/index.php?rest_route=%2Fwp%2Fv2%2Ftags&post=3558"}],"curies":[{"name":"wp","href":"https:\/\/api.w.org\/{rel}","templated":true}]}}