{"id":3554,"date":"2026-01-21T07:38:00","date_gmt":"2026-01-21T07:38:00","guid":{"rendered":"https:\/\/lafuente.mx\/?p=3554"},"modified":"2026-01-20T18:44:45","modified_gmt":"2026-01-20T18:44:45","slug":"borrador-automatico-genetica-psiquiatrica","status":"publish","type":"post","link":"https:\/\/lafuente.mx\/?p=3554","title":{"rendered":"Gen\u00e9tica psiqui\u00e1trica\u00a0"},"content":{"rendered":"\n<hr class=\"wp-block-separator has-text-color has-light-green-cyan-color has-alpha-channel-opacity has-light-green-cyan-background-color has-background\"\/>\n\n\n\n<p class=\"has-text-align-center has-text-color has-small-font-size\" style=\"color:#595959\">Dic 2, 2025 |\u00a0<a href=\"https:\/\/gaceta.facmed.unam.mx\/index.php\/category\/academia\/\" target=\"_blank\" rel=\"noreferrer noopener\">Academia<\/a>\u00a0<\/p>\n\n\n\n<hr class=\"wp-block-separator has-text-color has-light-green-cyan-color has-alpha-channel-opacity has-light-green-cyan-background-color has-background is-style-default\"\/>\n\n\n\n<p class=\"has-medium-font-size\">La Facultad de Medicina de la UNAM realiz\u00f3 una nueva sesi\u00f3n del Seminario sobre Medicina y Salud dedicada al tema \u201cGen\u00e9tica Psiqui\u00e1trica\u201d, impartida por el doctor Humberto Nicolini S\u00e1nchez,\u00a0Jefe\u00a0del Laboratorio de Enfermedades Psiqui\u00e1tricas, Neurodegenerativas y Adicciones del Instituto Nacional de Medicina Gen\u00f3mica, y moderada por el doctor Jos\u00e9 Nicol\u00e1s Iv\u00e1n Mart\u00ednez L\u00f3pez, Investigador en Ciencias M\u00e9dicas en el Instituto Nacional de Psiquiatr\u00eda Ram\u00f3n de la Fuente Mu\u00f1iz.\u00a0<\/p>\n\n\n<div class=\"wp-block-image\">\n<figure class=\"aligncenter size-large is-resized\"><img decoding=\"async\" loading=\"lazy\" width=\"640\" height=\"407\" src=\"https:\/\/i0.wp.com\/lafuente.mx\/wp-content\/uploads\/2026\/01\/Humberto-Nicolini-1-1024x651.jpg?resize=640%2C407&#038;ssl=1\" alt=\"\" class=\"wp-image-3556\" style=\"aspect-ratio:1.5729646697388633;width:730px;height:auto\" srcset=\"https:\/\/i0.wp.com\/lafuente.mx\/wp-content\/uploads\/2026\/01\/Humberto-Nicolini-1-scaled.jpg?resize=1024%2C651&amp;ssl=1 1024w, https:\/\/i0.wp.com\/lafuente.mx\/wp-content\/uploads\/2026\/01\/Humberto-Nicolini-1-scaled.jpg?resize=300%2C191&amp;ssl=1 300w, https:\/\/i0.wp.com\/lafuente.mx\/wp-content\/uploads\/2026\/01\/Humberto-Nicolini-1-scaled.jpg?resize=768%2C488&amp;ssl=1 768w, https:\/\/i0.wp.com\/lafuente.mx\/wp-content\/uploads\/2026\/01\/Humberto-Nicolini-1-scaled.jpg?resize=1536%2C976&amp;ssl=1 1536w, https:\/\/i0.wp.com\/lafuente.mx\/wp-content\/uploads\/2026\/01\/Humberto-Nicolini-1-scaled.jpg?resize=2048%2C1302&amp;ssl=1 2048w, https:\/\/i0.wp.com\/lafuente.mx\/wp-content\/uploads\/2026\/01\/Humberto-Nicolini-1-scaled.jpg?w=1280 1280w, https:\/\/i0.wp.com\/lafuente.mx\/wp-content\/uploads\/2026\/01\/Humberto-Nicolini-1-scaled.jpg?w=1920 1920w\" sizes=\"(max-width: 640px) 100vw, 640px\" data-recalc-dims=\"1\" \/><figcaption class=\"wp-element-caption\">Imagen APM<\/figcaption><\/figure><\/div>\n\n\n<p class=\"has-medium-font-size\">Al cierre del seminario, el doctor Nicol\u00e1s Mart\u00ednez recuper\u00f3 los puntos esenciales de la sesi\u00f3n y enfatiz\u00f3 la importancia de evitar conclusiones deterministas sobre la gen\u00e9tica del comportamiento humano. Aclar\u00f3 que no existe \u201cun gen de la maldad\u201d ni una explicaci\u00f3n simplista para la conducta delictiva, recordando que los factores ambientales, educativos y sociales tienen un peso determinante.\u00a0<\/p>\n\n\n\n<div class=\"wp-block-buttons is-layout-flex wp-block-buttons-is-layout-flex\">\n<div class=\"wp-block-button\"><a class=\"wp-block-button__link has-black-color has-light-green-cyan-background-color has-text-color has-background wp-element-button\" href=\"https:\/\/gaceta.facmed.unam.mx\/index.php\/2025\/12\/02\/genetica-psiquiatrica\/\">M\u00e1s informaci\u00f3n<\/a><\/div>\n<\/div>\n","protected":false},"excerpt":{"rendered":"<p>Dic 2, 2025 |\u00a0Academia\u00a0 La Facultad de Medicina de la UNAM realiz\u00f3 una nueva sesi\u00f3n del Seminario sobre Medicina y Salud dedicada al tema \u201cGen\u00e9tica<\/p>\n","protected":false},"author":3,"featured_media":3556,"comment_status":"closed","ping_status":"closed","sticky":false,"template":"","format":"standard","meta":{"footnotes":"","jetpack_publicize_message":"","jetpack_is_tweetstorm":false,"jetpack_publicize_feature_enabled":true},"categories":[3],"tags":[1123,1121,21,1124,32],"jetpack_publicize_connections":[],"yoast_head":"<!-- This site is optimized with the Yoast SEO plugin v19.4 - https:\/\/yoast.com\/wordpress\/plugins\/seo\/ -->\n<title>Gen\u00e9tica psiqui\u00e1trica\u00a0 -<\/title>\n<meta name=\"description\" content=\"La Facultad de Medicina de la UNAM realiz\u00f3 una nueva sesi\u00f3n del Seminario sobre Medicina y Salud dedicada al tema \u201cGen\u00e9tica Psiqui\u00e1trica\u201d\" \/>\n<meta name=\"robots\" content=\"index, follow, max-snippet:-1, max-image-preview:large, max-video-preview:-1\" \/>\n<link rel=\"canonical\" href=\"https:\/\/lafuente.mx\/?p=3554\" \/>\n<meta property=\"og:locale\" content=\"es_MX\" \/>\n<meta property=\"og:type\" content=\"article\" \/>\n<meta property=\"og:title\" content=\"Gen\u00e9tica psiqui\u00e1trica\u00a0\" \/>\n<meta property=\"og:description\" content=\"La Facultad de Medicina de la UNAM realiz\u00f3 una nueva sesi\u00f3n del Seminario sobre Medicina y Salud dedicada al tema \u201cGen\u00e9tica Psiqui\u00e1trica\u201d\" \/>\n<meta property=\"og:url\" content=\"https:\/\/lafuente.mx\/?p=3554\" \/>\n<meta property=\"article:published_time\" content=\"2026-01-21T07:38:00+00:00\" \/>\n<meta property=\"article:modified_time\" content=\"2026-01-20T18:44:45+00:00\" \/>\n<meta property=\"og:image\" content=\"https:\/\/i0.wp.com\/lafuente.mx\/wp-content\/uploads\/2026\/01\/Humberto-Nicolini-1-scaled.jpg?fit=2560%2C1627&ssl=1\" \/>\n\t<meta property=\"og:image:width\" content=\"2560\" \/>\n\t<meta property=\"og:image:height\" content=\"1627\" \/>\n\t<meta property=\"og:image:type\" content=\"image\/jpeg\" \/>\n<meta name=\"author\" content=\"Claudia Gallardo\" \/>\n<meta name=\"twitter:card\" content=\"summary_large_image\" \/>\n<meta name=\"twitter:title\" content=\"Gen\u00e9tica psiqui\u00e1trica\u00a0\" \/>\n<meta name=\"twitter:description\" content=\"La Facultad de Medicina de la UNAM realiz\u00f3 una nueva sesi\u00f3n del Seminario sobre Medicina y Salud dedicada al tema \u201cGen\u00e9tica Psiqui\u00e1trica\u201d\" \/>\n<meta name=\"twitter:image\" content=\"https:\/\/i0.wp.com\/lafuente.mx\/wp-content\/uploads\/2026\/01\/Humberto-Nicolini-1-scaled.jpg?fit=2560%2C1627&ssl=1\" \/>\n<meta name=\"twitter:label1\" content=\"Escrito por\" \/>\n\t<meta name=\"twitter:data1\" content=\"Claudia Gallardo\" \/>\n\t<meta name=\"twitter:label2\" content=\"Tiempo de lectura\" \/>\n\t<meta name=\"twitter:data2\" content=\"1 minuto\" \/>\n<script type=\"application\/ld+json\" class=\"yoast-schema-graph\">{\"@context\":\"https:\/\/schema.org\",\"@graph\":[{\"@type\":\"WebSite\",\"@id\":\"https:\/\/lafuente.mx\/#website\",\"url\":\"https:\/\/lafuente.mx\/\",\"name\":\"\",\"description\":\"Informaci\u00f3n confiable sobre salud mental\",\"potentialAction\":[{\"@type\":\"SearchAction\",\"target\":{\"@type\":\"EntryPoint\",\"urlTemplate\":\"https:\/\/lafuente.mx\/?s={search_term_string}\"},\"query-input\":\"required name=search_term_string\"}],\"inLanguage\":\"es-MX\"},{\"@type\":\"WebPage\",\"@id\":\"https:\/\/lafuente.mx\/?p=3554\",\"url\":\"https:\/\/lafuente.mx\/?p=3554\",\"name\":\"Gen\u00e9tica psiqui\u00e1trica\u00a0 -\",\"isPartOf\":{\"@id\":\"https:\/\/lafuente.mx\/#website\"},\"datePublished\":\"2026-01-21T07:38:00+00:00\",\"dateModified\":\"2026-01-20T18:44:45+00:00\",\"author\":{\"@id\":\"https:\/\/lafuente.mx\/#\/schema\/person\/603f3aa8e2f6f7879021ab722d39d6b0\"},\"description\":\"La Facultad de Medicina de la UNAM realiz\u00f3 una nueva sesi\u00f3n del Seminario sobre Medicina y Salud dedicada al tema \u201cGen\u00e9tica Psiqui\u00e1trica\u201d\",\"breadcrumb\":{\"@id\":\"https:\/\/lafuente.mx\/?p=3554#breadcrumb\"},\"inLanguage\":\"es-MX\",\"potentialAction\":[{\"@type\":\"ReadAction\",\"target\":[\"https:\/\/lafuente.mx\/?p=3554\"]}]},{\"@type\":\"BreadcrumbList\",\"@id\":\"https:\/\/lafuente.mx\/?p=3554#breadcrumb\",\"itemListElement\":[{\"@type\":\"ListItem\",\"position\":1,\"name\":\"Inicio\",\"item\":\"https:\/\/lafuente.mx\/\"},{\"@type\":\"ListItem\",\"position\":2,\"name\":\"Gen\u00e9tica psiqui\u00e1trica\u00a0\"}]},{\"@type\":\"Person\",\"@id\":\"https:\/\/lafuente.mx\/#\/schema\/person\/603f3aa8e2f6f7879021ab722d39d6b0\",\"name\":\"Claudia Gallardo\",\"image\":{\"@type\":\"ImageObject\",\"inLanguage\":\"es-MX\",\"@id\":\"https:\/\/lafuente.mx\/#\/schema\/person\/image\/\",\"url\":\"https:\/\/secure.gravatar.com\/avatar\/bfe9c966af1ccfb9d17bcdb9d04e8815?s=96&d=mm&r=g\",\"contentUrl\":\"https:\/\/secure.gravatar.com\/avatar\/bfe9c966af1ccfb9d17bcdb9d04e8815?s=96&d=mm&r=g\",\"caption\":\"Claudia Gallardo\"},\"url\":\"https:\/\/lafuente.mx\/?author=3\"}]}<\/script>\n<!-- \/ Yoast SEO plugin. -->","yoast_head_json":{"title":"Gen\u00e9tica psiqui\u00e1trica\u00a0 -","description":"La Facultad de Medicina de la UNAM realiz\u00f3 una nueva sesi\u00f3n del Seminario sobre Medicina y Salud dedicada al tema \u201cGen\u00e9tica Psiqui\u00e1trica\u201d","robots":{"index":"index","follow":"follow","max-snippet":"max-snippet:-1","max-image-preview":"max-image-preview:large","max-video-preview":"max-video-preview:-1"},"canonical":"https:\/\/lafuente.mx\/?p=3554","og_locale":"es_MX","og_type":"article","og_title":"Gen\u00e9tica psiqui\u00e1trica\u00a0","og_description":"La Facultad de Medicina de la UNAM realiz\u00f3 una nueva sesi\u00f3n del Seminario sobre Medicina y Salud dedicada al tema \u201cGen\u00e9tica Psiqui\u00e1trica\u201d","og_url":"https:\/\/lafuente.mx\/?p=3554","article_published_time":"2026-01-21T07:38:00+00:00","article_modified_time":"2026-01-20T18:44:45+00:00","og_image":[{"width":2560,"height":1627,"url":"https:\/\/i0.wp.com\/lafuente.mx\/wp-content\/uploads\/2026\/01\/Humberto-Nicolini-1-scaled.jpg?fit=2560%2C1627&ssl=1","type":"image\/jpeg"}],"author":"Claudia Gallardo","twitter_card":"summary_large_image","twitter_title":"Gen\u00e9tica psiqui\u00e1trica\u00a0","twitter_description":"La Facultad de Medicina de la UNAM realiz\u00f3 una nueva sesi\u00f3n del Seminario sobre Medicina y Salud dedicada al tema \u201cGen\u00e9tica Psiqui\u00e1trica\u201d","twitter_image":"https:\/\/i0.wp.com\/lafuente.mx\/wp-content\/uploads\/2026\/01\/Humberto-Nicolini-1-scaled.jpg?fit=2560%2C1627&ssl=1","twitter_misc":{"Escrito por":"Claudia Gallardo","Tiempo de lectura":"1 minuto"},"schema":{"@context":"https:\/\/schema.org","@graph":[{"@type":"WebSite","@id":"https:\/\/lafuente.mx\/#website","url":"https:\/\/lafuente.mx\/","name":"","description":"Informaci\u00f3n confiable sobre salud mental","potentialAction":[{"@type":"SearchAction","target":{"@type":"EntryPoint","urlTemplate":"https:\/\/lafuente.mx\/?s={search_term_string}"},"query-input":"required name=search_term_string"}],"inLanguage":"es-MX"},{"@type":"WebPage","@id":"https:\/\/lafuente.mx\/?p=3554","url":"https:\/\/lafuente.mx\/?p=3554","name":"Gen\u00e9tica psiqui\u00e1trica\u00a0 -","isPartOf":{"@id":"https:\/\/lafuente.mx\/#website"},"datePublished":"2026-01-21T07:38:00+00:00","dateModified":"2026-01-20T18:44:45+00:00","author":{"@id":"https:\/\/lafuente.mx\/#\/schema\/person\/603f3aa8e2f6f7879021ab722d39d6b0"},"description":"La Facultad de Medicina de la UNAM realiz\u00f3 una nueva sesi\u00f3n del Seminario sobre Medicina y Salud dedicada al tema \u201cGen\u00e9tica Psiqui\u00e1trica\u201d","breadcrumb":{"@id":"https:\/\/lafuente.mx\/?p=3554#breadcrumb"},"inLanguage":"es-MX","potentialAction":[{"@type":"ReadAction","target":["https:\/\/lafuente.mx\/?p=3554"]}]},{"@type":"BreadcrumbList","@id":"https:\/\/lafuente.mx\/?p=3554#breadcrumb","itemListElement":[{"@type":"ListItem","position":1,"name":"Inicio","item":"https:\/\/lafuente.mx\/"},{"@type":"ListItem","position":2,"name":"Gen\u00e9tica psiqui\u00e1trica\u00a0"}]},{"@type":"Person","@id":"https:\/\/lafuente.mx\/#\/schema\/person\/603f3aa8e2f6f7879021ab722d39d6b0","name":"Claudia Gallardo","image":{"@type":"ImageObject","inLanguage":"es-MX","@id":"https:\/\/lafuente.mx\/#\/schema\/person\/image\/","url":"https:\/\/secure.gravatar.com\/avatar\/bfe9c966af1ccfb9d17bcdb9d04e8815?s=96&d=mm&r=g","contentUrl":"https:\/\/secure.gravatar.com\/avatar\/bfe9c966af1ccfb9d17bcdb9d04e8815?s=96&d=mm&r=g","caption":"Claudia Gallardo"},"url":"https:\/\/lafuente.mx\/?author=3"}]}},"jetpack_featured_media_url":"https:\/\/i0.wp.com\/lafuente.mx\/wp-content\/uploads\/2026\/01\/Humberto-Nicolini-1-scaled.jpg?fit=2560%2C1627&ssl=1","jetpack-related-posts":[{"id":2602,"url":"https:\/\/lafuente.mx\/?p=2602","url_meta":{"origin":3554,"position":0},"title":"An\u00e1lisis comparativo de la microbiota fecal entre adolescentes con psicosis de inicio temprano y adultos con esquizofrenia\u00a0","date":"octubre 23, 2024","format":false,"excerpt":"por\u00a0Lucero Nuncio Mora1,2, Humberto Nicolini2,3, Nuria Lanzagorta3, Cynthia Garc\u00eda-Jaimes3, Fernanda Sosa Hern\u00e1ndez3, Vanessa Gonz\u00e1lez-Covarrubias4, H\u00e9ctor Cabello Rangel5, Emmanuel Sarmiento6, David C. Glahn7,8,9 y Alma Genis-Mendoza2,10,*\u00a0 Abstracto\u00a0 Los estudios sobre la composici\u00f3n del microbioma intestinal han demostrado de manera consistente que los trastornos psiqui\u00e1tricos como la esquizofrenia est\u00e1n asociados con la\u2026","rel":"","context":"En &quot;Publicaciones&quot;","img":{"alt_text":"","src":"https:\/\/i0.wp.com\/lafuente.mx\/wp-content\/uploads\/2024\/10\/Captura-de-pantalla-2024-10-22-a-las-9.50.56-1-e1729620725809.png?fit=842%2C701&ssl=1&resize=350%2C200","width":350,"height":200},"classes":[]},{"id":2301,"url":"https:\/\/lafuente.mx\/?p=2301","url_meta":{"origin":3554,"position":1},"title":"Temas selectos de MEDICINA INTERNA para psiquiatras","date":"mayo 17, 2024","format":false,"excerpt":"Del 27 de mayo al 7 de junio de 2024 Curso en l\u00ednea. CUPO limitado TEM\u00c1TICA: Cardiopat\u00edas S\u00edndrome metab\u00f3lico Distiroidismo Enfermedad cerebrovascular Dirigido a: Personal del \u00e1rea de la salud: especialistas en psiquiatr\u00eda y residentes en formaci\u00f3n Objetivo general Analizar los avances en el diagn\u00f3stico y tratamiento de los problemas\u2026","rel":"","context":"En &quot;Cursos&quot;","img":{"alt_text":"","src":"https:\/\/i0.wp.com\/lafuente.mx\/wp-content\/uploads\/2024\/05\/basculaElectro.png?fit=1200%2C744&ssl=1&resize=350%2C200","width":350,"height":200},"classes":[]},{"id":3592,"url":"https:\/\/lafuente.mx\/?p=3592","url_meta":{"origin":3554,"position":2},"title":"Psiquiatr\u00eda compleja\u00a0","date":"marzo 4, 2026","format":false,"excerpt":"24 de agosto de 2021; 7 (3-4): 60\u201370.\u00a0doi:\u00a010.1159\/000518926\u00a0 Volumen 7, N\u00famero 3-4\u00a0 Diciembre\u00a0de 2021\u00a0 Beatriz Camarena,\u00a0Elizabeth G Atkinson ,\u00a0Mark Baker,\u00a0Claudia Becerra-Palars,\u00a0Lori B\u00a0Chibnik,\u00a0Ra\u00fal Escamilla-Orozco,\u00a0Joanna Jim\u00e9nez-Pav\u00f3n,\u00a0Zan\u00a0Koenig,\u00a0Carla M\u00e1rquez-Luna,\u00a0Alicia R Martin,\u00a0Ingrid Pamela Morales-Cedillo,\u00a0Ana\u00a0Maria\u00a0Olivares,\u00a0Hiram Ortega-Ortiz,\u00a0Alejandra Monserrat\u00a0Rodriguez-Ram\u00edrez,\u00a0Ricardo\u00a0Saracco-Alvarez,\u00a0Rebecca E\u00a0Basaldua,\u00a0Brena\u00a0F Sena,\u00a0Karestan\u00a0C\u00a0Koenen Hasta la fecha, no se han realizado estudios de asociaci\u00f3n del genoma completo (GWAS) a gran escala\u2026","rel":"","context":"En &quot;Publicaciones&quot;","img":{"alt_text":"","src":"https:\/\/i0.wp.com\/lafuente.mx\/wp-content\/uploads\/2026\/02\/Captura-de-pantalla-2026-02-24-a-las-10.05.29.png?fit=766%2C1032&ssl=1&resize=350%2C200","width":350,"height":200},"classes":[]},{"id":3641,"url":"https:\/\/lafuente.mx\/?p=3641","url_meta":{"origin":3554,"position":3},"title":"Retos cl\u00ednicos y jur\u00eddicos de la psiquiatr\u00eda contempor\u00e1nea\u00a0","date":"abril 7, 2026","format":false,"excerpt":"Mar 4, 2026 |\u00a0Academia\u00a0 La salud mental a trav\u00e9s de la pr\u00e1ctica de la psiquiatr\u00eda enfrenta retos crecientes derivados de la complejidad biol\u00f3gica de los trastornos mentales y de las implicaciones cl\u00ednicas, jur\u00eddicas e institucionales que acompa\u00f1an su atenci\u00f3n. En este escenario, los avances en inmunolog\u00eda, neurolog\u00eda y gen\u00e9tica han\u2026","rel":"","context":"En &quot;Noticias&quot;","img":{"alt_text":"","src":"https:\/\/i0.wp.com\/lafuente.mx\/wp-content\/uploads\/2026\/04\/DR-Nicolas-M.jpg?fit=1200%2C857&ssl=1&resize=350%2C200","width":350,"height":200},"classes":[]},{"id":952,"url":"https:\/\/lafuente.mx\/?p=952","url_meta":{"origin":3554,"position":4},"title":"D\u00eda Nacional de las y los Psiquiatras","date":"marzo 22, 2023","format":false,"excerpt":"31 de marzo\u00a0 Imagen INPRFM \u201cEn el grado en que la salud y las enfermedades de los hombres est\u00e1n influidas por sus motivos, sus esperanzas, sus temores y sus contradicciones, el humanismo, no es s\u00f3lo un complemento, sino una dimensi\u00f3n necesaria de la medicina\u201d.\u00a0 En M\u00e9xico se instaur\u00f3 el 31\u2026","rel":"","context":"En &quot;Efem\u00e9rides de Salud Mental&quot;","img":{"alt_text":"","src":"https:\/\/i0.wp.com\/lafuente.mx\/wp-content\/uploads\/2023\/03\/INPRFM06.jpg?fit=800%2C500&ssl=1&resize=350%2C200","width":350,"height":200},"classes":[]},{"id":1515,"url":"https:\/\/lafuente.mx\/?p=1515","url_meta":{"origin":3554,"position":5},"title":"Gen-ambiente y su relevancia en la psiquiatr\u00eda actual\u00a0","date":"julio 26, 2023","format":false,"excerpt":"Imagen INPRFM Cursos en l\u00ednea\u00a0 Del 14 al 25 de agosto de 2023\u00a0\u00a0 Coordinan:\u00a0 Dr. Juan Jorge Palacios Casados\u00a0 Dra. Luc\u00eda M\u00fcnch Anguiano\u00a0 Dirigido a: Profesionales de la salud y personal m\u00e9dico en formaci\u00f3n pertenecientes a las siguientes disciplinas y especialidades: medicina, psiquiatr\u00eda, biolog\u00eda con especialidad en biolog\u00eda molecular y\u2026","rel":"","context":"En &quot;Cursos en l\u00ednea&quot;","img":{"alt_text":"","src":"https:\/\/i0.wp.com\/lafuente.mx\/wp-content\/uploads\/2023\/07\/INPRFM-Celada-2.jpg?fit=1181%2C784&ssl=1&resize=350%2C200","width":350,"height":200},"classes":[]}],"jetpack_sharing_enabled":true,"jetpack_shortlink":"https:\/\/wp.me\/pe9WUx-Vk","_links":{"self":[{"href":"https:\/\/lafuente.mx\/index.php?rest_route=\/wp\/v2\/posts\/3554"}],"collection":[{"href":"https:\/\/lafuente.mx\/index.php?rest_route=\/wp\/v2\/posts"}],"about":[{"href":"https:\/\/lafuente.mx\/index.php?rest_route=\/wp\/v2\/types\/post"}],"author":[{"embeddable":true,"href":"https:\/\/lafuente.mx\/index.php?rest_route=\/wp\/v2\/users\/3"}],"replies":[{"embeddable":true,"href":"https:\/\/lafuente.mx\/index.php?rest_route=%2Fwp%2Fv2%2Fcomments&post=3554"}],"version-history":[{"count":1,"href":"https:\/\/lafuente.mx\/index.php?rest_route=\/wp\/v2\/posts\/3554\/revisions"}],"predecessor-version":[{"id":3557,"href":"https:\/\/lafuente.mx\/index.php?rest_route=\/wp\/v2\/posts\/3554\/revisions\/3557"}],"wp:featuredmedia":[{"embeddable":true,"href":"https:\/\/lafuente.mx\/index.php?rest_route=\/wp\/v2\/media\/3556"}],"wp:attachment":[{"href":"https:\/\/lafuente.mx\/index.php?rest_route=%2Fwp%2Fv2%2Fmedia&parent=3554"}],"wp:term":[{"taxonomy":"category","embeddable":true,"href":"https:\/\/lafuente.mx\/index.php?rest_route=%2Fwp%2Fv2%2Fcategories&post=3554"},{"taxonomy":"post_tag","embeddable":true,"href":"https:\/\/lafuente.mx\/index.php?rest_route=%2Fwp%2Fv2%2Ftags&post=3554"}],"curies":[{"name":"wp","href":"https:\/\/api.w.org\/{rel}","templated":true}]}}