{"id":3548,"date":"2026-01-20T17:33:28","date_gmt":"2026-01-20T17:33:28","guid":{"rendered":"https:\/\/lafuente.mx\/?p=3548"},"modified":"2026-01-20T17:34:31","modified_gmt":"2026-01-20T17:34:31","slug":"borrador-automatico-la-carga-de-cuidado-entre-los-cuidadores-de-adultos-mayores-con-enfermedad-de-alzheimer-perjudica-su-calidad-de-vida","status":"publish","type":"post","link":"https:\/\/lafuente.mx\/?p=3548","title":{"rendered":"La carga de cuidado entre los cuidadores de adultos mayores con enfermedad de Alzheimer perjudica su calidad de vida: un estudio transversal en Brasil\u00a0"},"content":{"rendered":"\n<hr class=\"wp-block-separator has-text-color has-pale-cyan-blue-color has-alpha-channel-opacity has-pale-cyan-blue-background-color has-background is-style-wide\"\/>\n\n\n\n<p class=\"has-text-color has-small-font-size\" style=\"color:#7f8284\">Chia&nbsp;Chen Lin&nbsp;<\/p>\n\n\n\n<p class=\"has-text-color has-small-font-size\" style=\"color:#7f8284\">Departamento de Fisioterapia,&nbsp;Universidade&nbsp;Cesumar,&nbsp;Maring\u00e1, Paran\u00e1, Brasil.&nbsp;<\/p>\n\n\n\n<p class=\"has-text-color has-small-font-size\" style=\"color:#7f8284\">Izabela&nbsp;Vit\u00f3ria Pereira Marques&nbsp;<\/p>\n\n\n\n<p class=\"has-text-color has-small-font-size\" style=\"color:#7f8284\">Departamento de Fisioterapia,&nbsp;Universidade&nbsp;Cesumar,&nbsp;Maring\u00e1, Paran\u00e1, Brasil.&nbsp;<\/p>\n\n\n\n<p class=\"has-text-color has-small-font-size\" style=\"color:#7f8284\">Jos\u00e9 Roberto Andrade do Nascimento&nbsp;J\u00fanio&nbsp;<\/p>\n\n\n\n<p class=\"has-text-color has-small-font-size\" style=\"color:#7f8284\">Departamento de Educaci\u00f3n F\u00edsica,&nbsp;Universidade&nbsp;Federal do Vale do S\u00e3o Francisco,&nbsp;Petrolina, Pernambuco, Brasil.&nbsp;<\/p>\n\n\n\n<p class=\"has-text-color has-small-font-size\" style=\"color:#7f8284\">Carolina&nbsp;Rodrigues&nbsp;Lyra&nbsp;<\/p>\n\n\n\n<p class=\"has-text-color has-small-font-size\" style=\"color:#7f8284\">Departamento de Fisioterapia,&nbsp;Universidade&nbsp;Cesumar,&nbsp;Maring\u00e1, Paran\u00e1, Brasil.&nbsp;<\/p>\n\n\n\n<p class=\"has-text-color has-small-font-size\" style=\"color:#7f8284\">Eduardo&nbsp;Quadros&nbsp;da Silva&nbsp;<\/p>\n\n\n\n<p class=\"has-text-color has-small-font-size\" style=\"color:#7f8284\">Departamento de Educaci\u00f3n F\u00edsica,&nbsp;Universidade&nbsp;Federal do Vale do S\u00e3o Francisco,&nbsp;Petrolina, Pernambuco, Brasil.&nbsp;<\/p>\n\n\n\n<p class=\"has-text-color has-small-font-size\" style=\"color:#7f8284\">Daniel&nbsp;Vicentini&nbsp;de Oliveira&nbsp;<\/p>\n\n\n\n<p class=\"has-text-color has-small-font-size\" style=\"color:#7f8284\">Universidad Estadual de&nbsp;Maring\u00e1. Departamento de Ciencias del Movimiento.,&nbsp;Ivaipor\u00e3, Paran\u00e1, Brasil.&nbsp;<\/p>\n\n\n\n<hr class=\"wp-block-separator has-text-color has-pale-cyan-blue-color has-alpha-channel-opacity has-pale-cyan-blue-background-color has-background is-style-wide\"\/>\n\n\n\n<p class=\"has-medium-font-size\"><strong>Introducci\u00f3n.&nbsp; <\/strong>El rol de los cuidadores de adultos mayores con enfermedad de Alzheimer es&nbsp;crucial&nbsp;pero a menudo desafiante.&nbsp;<br>&nbsp;<br><strong>Objetivo.&nbsp;<\/strong> Determinar si el aumento de la carga de cuidado entre los cuidadores de adultos mayores con enfermedad de Alzheimer impacta negativamente su calidad de vida percibida.&nbsp;<br>&nbsp;<br><strong>M\u00e9todo.&nbsp;<\/strong> Este es un estudio transversal de 126 cuidadores utilizando la Entrevista de Carga del Cuidador de Zarit y WHOQOL-Bref. El an\u00e1lisis de datos incluy\u00f3 la prueba de&nbsp;Kolmogorov-Smirnov, coeficientes de asimetr\u00eda y curtosis, procedimientos&nbsp;bootstrap, correlaci\u00f3n de Pearson, an\u00e1lisis de regresi\u00f3n lineal simple, prueba de Chi-cuadrado de Pearson y ANOVA de una v\u00eda junto con la prueba Post-Hoc de Tukey&nbsp;( p&nbsp; &lt; .05).&nbsp;<br>&nbsp;<\/p>\n\n\n<div class=\"wp-block-image\">\n<figure class=\"aligncenter size-large is-resized\"><img decoding=\"async\" loading=\"lazy\" width=\"640\" height=\"424\" src=\"https:\/\/i0.wp.com\/lafuente.mx\/wp-content\/uploads\/2026\/01\/ai-generated-man-masculine-face-beard-person-old-senior-thoughtful-think-grey-haired-charisma-expression-portrait-9416091.jpg?resize=640%2C424\" alt=\"ai generated, man, masculine, face, beard, person, old, senior, thoughtful, think, grey-haired, charisma, expression, portrait-9416091.jpg\" class=\"wp-image-3549\" style=\"aspect-ratio:1.508100147275405;width:734px;height:auto\" srcset=\"https:\/\/i0.wp.com\/lafuente.mx\/wp-content\/uploads\/2026\/01\/ai-generated-man-masculine-face-beard-person-old-senior-thoughtful-think-grey-haired-charisma-expression-portrait-9416091.jpg?resize=1024%2C679&amp;ssl=1 1024w, https:\/\/i0.wp.com\/lafuente.mx\/wp-content\/uploads\/2026\/01\/ai-generated-man-masculine-face-beard-person-old-senior-thoughtful-think-grey-haired-charisma-expression-portrait-9416091.jpg?resize=300%2C199&amp;ssl=1 300w, https:\/\/i0.wp.com\/lafuente.mx\/wp-content\/uploads\/2026\/01\/ai-generated-man-masculine-face-beard-person-old-senior-thoughtful-think-grey-haired-charisma-expression-portrait-9416091.jpg?resize=768%2C509&amp;ssl=1 768w, https:\/\/i0.wp.com\/lafuente.mx\/wp-content\/uploads\/2026\/01\/ai-generated-man-masculine-face-beard-person-old-senior-thoughtful-think-grey-haired-charisma-expression-portrait-9416091.jpg?w=1280&amp;ssl=1 1280w\" sizes=\"(max-width: 640px) 100vw, 640px\" data-recalc-dims=\"1\" \/><\/figure><\/div>\n\n\n<p class=\"has-medium-font-size\"><br><strong>Resultados.<\/strong>&nbsp; El nivel de carga explic\u00f3 un grado significativo de la calidad de vida percibida de los cuidadores&nbsp;( p&nbsp; &lt; .01), con una predicci\u00f3n negativa significativa en todos los dominios de calidad de vida&nbsp;( \u03b2&nbsp; = -.48 a -.62).&nbsp;<br>&nbsp;<br><strong>Discusi\u00f3n y conclusi\u00f3n.<\/strong>&nbsp; Los niveles m\u00e1s altos de carga comprometen la calidad de vida percibida de los cuidadores.&nbsp;<\/p>\n\n\n\n<div class=\"wp-block-buttons is-layout-flex wp-block-buttons-is-layout-flex\">\n<div class=\"wp-block-button\"><a class=\"wp-block-button__link has-black-color has-pale-cyan-blue-background-color has-text-color has-background wp-element-button\" href=\"https:\/\/revistasaludmental.gob.mx\/index.php\/salud_mental\/article\/view\/SM.0185-3325.2025.014\/5239\">M\u00e1s informaci\u00f3n<\/a><\/div>\n<\/div>\n","protected":false},"excerpt":{"rendered":"<p>Chia&nbsp;Chen Lin&nbsp; Departamento de Fisioterapia,&nbsp;Universidade&nbsp;Cesumar,&nbsp;Maring\u00e1, Paran\u00e1, Brasil.&nbsp; Izabela&nbsp;Vit\u00f3ria Pereira Marques&nbsp; Departamento de Fisioterapia,&nbsp;Universidade&nbsp;Cesumar,&nbsp;Maring\u00e1, Paran\u00e1, Brasil.&nbsp; Jos\u00e9 Roberto Andrade do Nascimento&nbsp;J\u00fanio&nbsp; Departamento de Educaci\u00f3n F\u00edsica,&nbsp;Universidade&nbsp;Federal do<\/p>\n","protected":false},"author":3,"featured_media":3549,"comment_status":"closed","ping_status":"closed","sticky":false,"template":"","format":"standard","meta":{"footnotes":"","jetpack_publicize_message":"","jetpack_is_tweetstorm":false,"jetpack_publicize_feature_enabled":true},"categories":[11],"tags":[132,445,1119,691,874,144,21,32],"jetpack_publicize_connections":[],"yoast_head":"<!-- This site is optimized with the Yoast SEO plugin v19.4 - https:\/\/yoast.com\/wordpress\/plugins\/seo\/ -->\n<title>La carga de cuidado entre los cuidadores de adultos mayores con enfermedad de Alzheimer perjudica su calidad de vida: un estudio transversal en Brasil\u00a0 -<\/title>\n<meta name=\"description\" content=\"Un estudio transversal en Brasil\u00a0\" \/>\n<meta name=\"robots\" content=\"index, follow, max-snippet:-1, max-image-preview:large, max-video-preview:-1\" \/>\n<link rel=\"canonical\" href=\"https:\/\/lafuente.mx\/?p=3548\" \/>\n<meta property=\"og:locale\" content=\"es_MX\" \/>\n<meta property=\"og:type\" content=\"article\" \/>\n<meta property=\"og:title\" content=\"La carga de cuidado entre los cuidadores de adultos mayores con enfermedad de Alzheimer perjudica su calidad de vida\" \/>\n<meta property=\"og:description\" content=\"Un estudio transversal en Brasil\u00a0\" \/>\n<meta property=\"og:url\" content=\"https:\/\/lafuente.mx\/?p=3548\" \/>\n<meta property=\"article:published_time\" content=\"2026-01-20T17:33:28+00:00\" \/>\n<meta property=\"article:modified_time\" content=\"2026-01-20T17:34:31+00:00\" \/>\n<meta property=\"og:image\" content=\"http:\/\/lafuente.mx\/wp-content\/uploads\/2026\/01\/ai-generated-man-masculine-face-beard-person-old-senior-thoughtful-think-grey-haired-charisma-expression-portrait-9416091.jpg\" \/>\n\t<meta property=\"og:image:width\" content=\"1280\" \/>\n\t<meta property=\"og:image:height\" content=\"849\" \/>\n\t<meta property=\"og:image:type\" content=\"image\/jpeg\" \/>\n<meta name=\"author\" content=\"Claudia Gallardo\" \/>\n<meta name=\"twitter:card\" content=\"summary_large_image\" \/>\n<meta name=\"twitter:title\" content=\"La carga de cuidado entre los cuidadores de adultos mayores con enfermedad de Alzheimer perjudica su calidad de vida\" \/>\n<meta name=\"twitter:description\" content=\"Un estudio transversal en Brasil\u00a0\" \/>\n<meta name=\"twitter:image\" content=\"https:\/\/i0.wp.com\/lafuente.mx\/wp-content\/uploads\/2026\/01\/ai-generated-man-masculine-face-beard-person-old-senior-thoughtful-think-grey-haired-charisma-expression-portrait-9416091.jpg?fit=1280%2C849&ssl=1\" \/>\n<meta name=\"twitter:label1\" content=\"Escrito por\" \/>\n\t<meta name=\"twitter:data1\" content=\"Claudia Gallardo\" \/>\n\t<meta name=\"twitter:label2\" content=\"Tiempo de lectura\" \/>\n\t<meta name=\"twitter:data2\" content=\"2 minutos\" \/>\n<script type=\"application\/ld+json\" class=\"yoast-schema-graph\">{\"@context\":\"https:\/\/schema.org\",\"@graph\":[{\"@type\":\"WebSite\",\"@id\":\"https:\/\/lafuente.mx\/#website\",\"url\":\"https:\/\/lafuente.mx\/\",\"name\":\"\",\"description\":\"Informaci\u00f3n confiable sobre salud mental\",\"potentialAction\":[{\"@type\":\"SearchAction\",\"target\":{\"@type\":\"EntryPoint\",\"urlTemplate\":\"https:\/\/lafuente.mx\/?s={search_term_string}\"},\"query-input\":\"required name=search_term_string\"}],\"inLanguage\":\"es-MX\"},{\"@type\":\"WebPage\",\"@id\":\"https:\/\/lafuente.mx\/?p=3548\",\"url\":\"https:\/\/lafuente.mx\/?p=3548\",\"name\":\"La carga de cuidado entre los cuidadores de adultos mayores con enfermedad de Alzheimer perjudica su calidad de vida: un estudio transversal en Brasil\u00a0 -\",\"isPartOf\":{\"@id\":\"https:\/\/lafuente.mx\/#website\"},\"datePublished\":\"2026-01-20T17:33:28+00:00\",\"dateModified\":\"2026-01-20T17:34:31+00:00\",\"author\":{\"@id\":\"https:\/\/lafuente.mx\/#\/schema\/person\/603f3aa8e2f6f7879021ab722d39d6b0\"},\"description\":\"Un estudio transversal en Brasil\u00a0\",\"breadcrumb\":{\"@id\":\"https:\/\/lafuente.mx\/?p=3548#breadcrumb\"},\"inLanguage\":\"es-MX\",\"potentialAction\":[{\"@type\":\"ReadAction\",\"target\":[\"https:\/\/lafuente.mx\/?p=3548\"]}]},{\"@type\":\"BreadcrumbList\",\"@id\":\"https:\/\/lafuente.mx\/?p=3548#breadcrumb\",\"itemListElement\":[{\"@type\":\"ListItem\",\"position\":1,\"name\":\"Inicio\",\"item\":\"https:\/\/lafuente.mx\/\"},{\"@type\":\"ListItem\",\"position\":2,\"name\":\"La carga de cuidado entre los cuidadores de adultos mayores con enfermedad de Alzheimer perjudica su calidad de vida: un estudio transversal en Brasil\u00a0\"}]},{\"@type\":\"Person\",\"@id\":\"https:\/\/lafuente.mx\/#\/schema\/person\/603f3aa8e2f6f7879021ab722d39d6b0\",\"name\":\"Claudia Gallardo\",\"image\":{\"@type\":\"ImageObject\",\"inLanguage\":\"es-MX\",\"@id\":\"https:\/\/lafuente.mx\/#\/schema\/person\/image\/\",\"url\":\"https:\/\/secure.gravatar.com\/avatar\/bfe9c966af1ccfb9d17bcdb9d04e8815?s=96&d=mm&r=g\",\"contentUrl\":\"https:\/\/secure.gravatar.com\/avatar\/bfe9c966af1ccfb9d17bcdb9d04e8815?s=96&d=mm&r=g\",\"caption\":\"Claudia Gallardo\"},\"url\":\"https:\/\/lafuente.mx\/?author=3\"}]}<\/script>\n<!-- \/ Yoast SEO plugin. -->","yoast_head_json":{"title":"La carga de cuidado entre los cuidadores de adultos mayores con enfermedad de Alzheimer perjudica su calidad de vida: un estudio transversal en Brasil\u00a0 -","description":"Un estudio transversal en Brasil\u00a0","robots":{"index":"index","follow":"follow","max-snippet":"max-snippet:-1","max-image-preview":"max-image-preview:large","max-video-preview":"max-video-preview:-1"},"canonical":"https:\/\/lafuente.mx\/?p=3548","og_locale":"es_MX","og_type":"article","og_title":"La carga de cuidado entre los cuidadores de adultos mayores con enfermedad de Alzheimer perjudica su calidad de vida","og_description":"Un estudio transversal en Brasil\u00a0","og_url":"https:\/\/lafuente.mx\/?p=3548","article_published_time":"2026-01-20T17:33:28+00:00","article_modified_time":"2026-01-20T17:34:31+00:00","og_image":[{"width":1280,"height":849,"url":"http:\/\/lafuente.mx\/wp-content\/uploads\/2026\/01\/ai-generated-man-masculine-face-beard-person-old-senior-thoughtful-think-grey-haired-charisma-expression-portrait-9416091.jpg","type":"image\/jpeg"}],"author":"Claudia Gallardo","twitter_card":"summary_large_image","twitter_title":"La carga de cuidado entre los cuidadores de adultos mayores con enfermedad de Alzheimer perjudica su calidad de vida","twitter_description":"Un estudio transversal en Brasil\u00a0","twitter_image":"https:\/\/i0.wp.com\/lafuente.mx\/wp-content\/uploads\/2026\/01\/ai-generated-man-masculine-face-beard-person-old-senior-thoughtful-think-grey-haired-charisma-expression-portrait-9416091.jpg?fit=1280%2C849&ssl=1","twitter_misc":{"Escrito por":"Claudia Gallardo","Tiempo de lectura":"2 minutos"},"schema":{"@context":"https:\/\/schema.org","@graph":[{"@type":"WebSite","@id":"https:\/\/lafuente.mx\/#website","url":"https:\/\/lafuente.mx\/","name":"","description":"Informaci\u00f3n confiable sobre salud mental","potentialAction":[{"@type":"SearchAction","target":{"@type":"EntryPoint","urlTemplate":"https:\/\/lafuente.mx\/?s={search_term_string}"},"query-input":"required name=search_term_string"}],"inLanguage":"es-MX"},{"@type":"WebPage","@id":"https:\/\/lafuente.mx\/?p=3548","url":"https:\/\/lafuente.mx\/?p=3548","name":"La carga de cuidado entre los cuidadores de adultos mayores con enfermedad de Alzheimer perjudica su calidad de vida: un estudio transversal en Brasil\u00a0 -","isPartOf":{"@id":"https:\/\/lafuente.mx\/#website"},"datePublished":"2026-01-20T17:33:28+00:00","dateModified":"2026-01-20T17:34:31+00:00","author":{"@id":"https:\/\/lafuente.mx\/#\/schema\/person\/603f3aa8e2f6f7879021ab722d39d6b0"},"description":"Un estudio transversal en Brasil\u00a0","breadcrumb":{"@id":"https:\/\/lafuente.mx\/?p=3548#breadcrumb"},"inLanguage":"es-MX","potentialAction":[{"@type":"ReadAction","target":["https:\/\/lafuente.mx\/?p=3548"]}]},{"@type":"BreadcrumbList","@id":"https:\/\/lafuente.mx\/?p=3548#breadcrumb","itemListElement":[{"@type":"ListItem","position":1,"name":"Inicio","item":"https:\/\/lafuente.mx\/"},{"@type":"ListItem","position":2,"name":"La carga de cuidado entre los cuidadores de adultos mayores con enfermedad de Alzheimer perjudica su calidad de vida: un estudio transversal en Brasil\u00a0"}]},{"@type":"Person","@id":"https:\/\/lafuente.mx\/#\/schema\/person\/603f3aa8e2f6f7879021ab722d39d6b0","name":"Claudia Gallardo","image":{"@type":"ImageObject","inLanguage":"es-MX","@id":"https:\/\/lafuente.mx\/#\/schema\/person\/image\/","url":"https:\/\/secure.gravatar.com\/avatar\/bfe9c966af1ccfb9d17bcdb9d04e8815?s=96&d=mm&r=g","contentUrl":"https:\/\/secure.gravatar.com\/avatar\/bfe9c966af1ccfb9d17bcdb9d04e8815?s=96&d=mm&r=g","caption":"Claudia Gallardo"},"url":"https:\/\/lafuente.mx\/?author=3"}]}},"jetpack_featured_media_url":"https:\/\/i0.wp.com\/lafuente.mx\/wp-content\/uploads\/2026\/01\/ai-generated-man-masculine-face-beard-person-old-senior-thoughtful-think-grey-haired-charisma-expression-portrait-9416091.jpg?fit=1280%2C849&ssl=1","jetpack-related-posts":[{"id":2027,"url":"https:\/\/lafuente.mx\/?p=2027","url_meta":{"origin":3548,"position":0},"title":"\u00bfHay inter\u00e9s de los adultos mexicanos en estar preparados en caso de desarrollar Alzheimer u otra demencia?\u00a0","date":"enero 23, 2024","format":false,"excerpt":"Ma. Luisa Marv\u00e1n,1 Rosa Lilia Castillo-L\u00f3pez,2 Dennys Onofre-Corredor, 3 Ingrid Vargas-Huicochea,3 Asunci\u00f3n \u00c1lvarez-del-R\u00edo 3\u00a0 Instituto de Investigaciones Psicol\u00f3gicas, Universidad Veracruzana, Veracruz, M\u00e9xico.2 Departamento de Psicolog\u00eda, Centro Estatal de Cancerolog\u00eda Dr. Miguel Dorantes Mesa, Veracruz, M\u00e9xico.3 Departmento de Psiquiatr\u00eda y Salud Mental, Facultad de Medicina, Universidad Nacional Aut\u00f3noma de M\u00e9xico, Ciudad\u2026","rel":"","context":"En &quot;Revista Salud Mental&quot;","img":{"alt_text":"","src":"https:\/\/i0.wp.com\/lafuente.mx\/wp-content\/uploads\/2024\/01\/adulto-mayor.png?fit=1120%2C832&ssl=1&resize=350%2C200","width":350,"height":200},"classes":[]},{"id":1911,"url":"https:\/\/lafuente.mx\/?p=1911","url_meta":{"origin":3548,"position":1},"title":"\u00bfHay inter\u00e9s de los adultos mexicanos en estar preparados en caso de desarrollar Alzheimer u otra demencia?\u00a0","date":"noviembre 30, 2023","format":false,"excerpt":"Ma. LuisaMarv\u00e1n,1Rosa LiliaCastillo-L\u00f3pez,2DennysOnofre-Corredor,3IngridVargas-Huicochea,3Asunci\u00f3n\u00c1lvarez-del-R\u00edo 3\u00a0 1 Instituto de Investigaciones Psicol\u00f3gicas, Universidad Veracruzana, Veracruz, M\u00e9xico.\u00a0 2 Departamento de Psicolog\u00eda, Centro Estatal de Cancerolog\u00eda Dr. Miguel Dorantes Mesa, Veracruz, M\u00e9xico.\u00a0 3 Departmento de Psiquiatr\u00eda y Salud Mental, Facultad de Medicina, Universidad Nacional Aut\u00f3noma de M\u00e9xico, Ciudad de M\u00e9xico, M\u00e9xico\u00a0 Introducci\u00f3n. La enfermedad de\u2026","rel":"","context":"En &quot;Revista Salud Mental&quot;","img":{"alt_text":"","src":"https:\/\/i0.wp.com\/lafuente.mx\/wp-content\/uploads\/2023\/11\/alzheimer.jpeg?fit=792%2C626&ssl=1&resize=350%2C200","width":350,"height":200},"classes":[]},{"id":1719,"url":"https:\/\/lafuente.mx\/?p=1719","url_meta":{"origin":3548,"position":2},"title":"D\u00eda Mundial del Alzheimer\u00a0\u00a0","date":"septiembre 21, 2023","format":false,"excerpt":"21 de septiembre\u00a0 Nunca demasiado temprano, nunca demasiado tarde: Mes Mundial del Alzheimer 2023\u00a0 El 21 de septiembre se celebra el D\u00eda Mundial del Alzheimer, proclamado por la Organizaci\u00f3n Mundial de la Salud (OMS) y auspiciado por Alzheimer's Disease International (ADI).\u00a0 La campa\u00f1a del Mes Mundial del Alzheimer 2023, 'Nunca\u2026","rel":"","context":"En &quot;Efem\u00e9rides de Salud Mental&quot;","img":{"alt_text":"","src":"https:\/\/i0.wp.com\/lafuente.mx\/wp-content\/uploads\/2023\/09\/Captura-de-Pantalla-2023-09-21-a-las-10.55.47.png?fit=1200%2C682&ssl=1&resize=350%2C200","width":350,"height":200},"classes":[]},{"id":1686,"url":"https:\/\/lafuente.mx\/?p=1686","url_meta":{"origin":3548,"position":3},"title":"\u00bfQu\u00e9 enfermedades afectan a la poblaci\u00f3n mexicana de edad avanzada?","date":"septiembre 8, 2023","format":false,"excerpt":"Caracter\u00edsticas cl\u00ednicas y sociodemogr\u00e1ficas de los pacientes de la cl\u00ednica psicogeri\u00e1trica del Instituto Nacional de Psiquiatr\u00eda\u00a0 Luis Fernando Collazos Marin, Guillermo Vel\u00e1zquez Lopez, Ismael Aguilar Salas\u00a0 Introducci\u00f3n. La transici\u00f3n demogr\u00e1fica y epidemiol\u00f3gica, as\u00ed como el envejecimiento de la poblaci\u00f3n, han cambiado la forma en que se trata a los adultos\u2026","rel":"","context":"En &quot;Revista Salud Mental&quot;","img":{"alt_text":"","src":"https:\/\/i0.wp.com\/lafuente.mx\/wp-content\/uploads\/2023\/09\/hombre-mayor-casual-casa-medico-edited-scaled.jpg?fit=1200%2C675&ssl=1&resize=350%2C200","width":350,"height":200},"classes":[]},{"id":1108,"url":"https:\/\/lafuente.mx\/?p=1108","url_meta":{"origin":3548,"position":4},"title":"El papel de la educaci\u00f3n de los padres sobre el abuso verbal y su impacto en la salud mental de los adultos j\u00f3venes\u00a0","date":"abril 13, 2023","format":false,"excerpt":"MalidaTsani Fairuzza, Thoyyibatus Sarirah, Drina Intyaswati Resumen:\u00a0 Introducci\u00f3n. El abuso verbal es una de las violencias dom\u00e9sticas que a\u00fan se subestima porque no tiene ning\u00fan efecto f\u00edsico directo; de hecho, tiene un impacto tremendo en la salud mental de los adultos j\u00f3venes.\u00a0\u00a0Objetivo. Este estudio quer\u00eda confirmar el efecto negativo del\u2026","rel":"","context":"En &quot;Revista Salud Mental&quot;","img":{"alt_text":"","src":"https:\/\/i0.wp.com\/lafuente.mx\/wp-content\/uploads\/2023\/04\/image-1-edited.png?fit=1200%2C676&ssl=1&resize=350%2C200","width":350,"height":200},"classes":[]},{"id":3013,"url":"https:\/\/lafuente.mx\/?p=3013","url_meta":{"origin":3548,"position":5},"title":"Mentalizarte","date":"julio 3, 2025","format":false,"excerpt":"Durante Julio en mentalizarte hablaremos sobre: Salud mental en la persona mayor MENTALIZARTE es el proyecto de difusi\u00f3n en temas de salud mental del Instituto Nacional de Psiquiatr\u00eda Ram\u00f3n de la Fuente Mu\u00f1iz (INPRFM). Tiene el objetivo de informar sobre los s\u00edntomas de los diferentes trastornos mentales, difundir que pedir\u2026","rel":"","context":"En &quot;Informaci\u00f3n de inter\u00e9s&quot;","img":{"alt_text":"","src":"https:\/\/i0.wp.com\/lafuente.mx\/wp-content\/uploads\/2025\/07\/WhatsApp-Image-2025-06-26-at-12.52.24-PM.jpeg?fit=1200%2C692&ssl=1&resize=350%2C200","width":350,"height":200},"classes":[]}],"jetpack_sharing_enabled":true,"jetpack_shortlink":"https:\/\/wp.me\/pe9WUx-Ve","_links":{"self":[{"href":"https:\/\/lafuente.mx\/index.php?rest_route=\/wp\/v2\/posts\/3548"}],"collection":[{"href":"https:\/\/lafuente.mx\/index.php?rest_route=\/wp\/v2\/posts"}],"about":[{"href":"https:\/\/lafuente.mx\/index.php?rest_route=\/wp\/v2\/types\/post"}],"author":[{"embeddable":true,"href":"https:\/\/lafuente.mx\/index.php?rest_route=\/wp\/v2\/users\/3"}],"replies":[{"embeddable":true,"href":"https:\/\/lafuente.mx\/index.php?rest_route=%2Fwp%2Fv2%2Fcomments&post=3548"}],"version-history":[{"count":2,"href":"https:\/\/lafuente.mx\/index.php?rest_route=\/wp\/v2\/posts\/3548\/revisions"}],"predecessor-version":[{"id":3551,"href":"https:\/\/lafuente.mx\/index.php?rest_route=\/wp\/v2\/posts\/3548\/revisions\/3551"}],"wp:featuredmedia":[{"embeddable":true,"href":"https:\/\/lafuente.mx\/index.php?rest_route=\/wp\/v2\/media\/3549"}],"wp:attachment":[{"href":"https:\/\/lafuente.mx\/index.php?rest_route=%2Fwp%2Fv2%2Fmedia&parent=3548"}],"wp:term":[{"taxonomy":"category","embeddable":true,"href":"https:\/\/lafuente.mx\/index.php?rest_route=%2Fwp%2Fv2%2Fcategories&post=3548"},{"taxonomy":"post_tag","embeddable":true,"href":"https:\/\/lafuente.mx\/index.php?rest_route=%2Fwp%2Fv2%2Ftags&post=3548"}],"curies":[{"name":"wp","href":"https:\/\/api.w.org\/{rel}","templated":true}]}}