{"id":3541,"date":"2026-01-19T07:00:00","date_gmt":"2026-01-19T07:00:00","guid":{"rendered":"https:\/\/lafuente.mx\/?p=3541"},"modified":"2026-01-20T17:36:14","modified_gmt":"2026-01-20T17:36:14","slug":"genetica-neuropsiquiatrica-de-la-psicosis-en-la-poblacion-mexicana-protocolo-de-estudio-de-asociacion-de-todo-el-genoma-para-pacientes-y-controles-con-esquizofrenia-trastorno-esquizoafectivo-y-trast","status":"publish","type":"post","link":"https:\/\/lafuente.mx\/?p=3541","title":{"rendered":"Gen\u00e9tica neuropsiqui\u00e1trica de la psicosis en la poblaci\u00f3n mexicana: Protocolo de estudio de asociaci\u00f3n de todo el genoma para pacientes y controles con esquizofrenia, trastorno esquizoafectivo y trastorno bipolar\u00a0"},"content":{"rendered":"\n<hr class=\"wp-block-separator has-text-color has-luminous-vivid-amber-color has-alpha-channel-opacity has-luminous-vivid-amber-background-color has-background is-style-wide\"\/>\n\n\n\n<p class=\"has-text-color has-small-font-size\" style=\"color:#646668\"><strong>Psiquiatr\u00eda compleja&nbsp;<\/strong><\/p>\n\n\n\n<p class=\"has-text-color has-small-font-size\" style=\"color:#646668\">24 de agosto de 2021; 7 (3-4): 60\u201370.&nbsp;doi:&nbsp;<a href=\"https:\/\/doi.org\/10.1159\/000518926\" target=\"_blank\" rel=\"noreferrer noopener\">10.1159\/000518926<\/a>&nbsp;<\/p>\n\n\n\n<p class=\"has-text-color has-small-font-size\" style=\"color:#646668\">Volumen 7, N\u00famero 3-4&nbsp;<\/p>\n\n\n\n<p class=\"has-text-color has-small-font-size\" style=\"color:#646668\">Diciembre&nbsp;de 2021&nbsp;<\/p>\n\n\n\n<hr class=\"wp-block-separator has-text-color has-luminous-vivid-amber-color has-alpha-channel-opacity has-luminous-vivid-amber-background-color has-background\"\/>\n\n\n\n<p class=\"has-text-color has-small-font-size\" style=\"color:#6e7071\">Beatriz Camarena a,&nbsp;* ,&nbsp;Elizabeth G Atkinson b, c, d,&nbsp;* ,&nbsp;Mark Baker&nbsp;b ,&nbsp;Claudia Becerra-Palars&nbsp;e ,&nbsp;Lori B&nbsp;Chibnik&nbsp;b,&nbsp;c ,&nbsp;Ra\u00fal Escamilla-Orozco&nbsp;e ,&nbsp;Joanna Jim\u00e9nez-Pav\u00f3n&nbsp;e ,&nbsp;Zan&nbsp;Koenig&nbsp;f ,&nbsp;Carla M\u00e1rquez-Luna&nbsp;g ,&nbsp;Alicia R Martin b, c,&nbsp;d ,&nbsp;Ingrid Pamela Morales-Cedillo&nbsp;a ,&nbsp;Ana&nbsp;Maria&nbsp;Olivares&nbsp;b ,&nbsp;Hiram Ortega-Ortiz&nbsp;e ,&nbsp;Alejandra Monserrat&nbsp;Rodriguez-Ram\u00edrez&nbsp;a ,&nbsp;Ricardo&nbsp;Saracco-Alvarez&nbsp;h ,&nbsp;Rebecca E&nbsp;Basaldua&nbsp;f ,&nbsp;Brena&nbsp;F Sena b,&nbsp;f ,&nbsp;Karestan&nbsp;C&nbsp;Koenen&nbsp;b, f&nbsp;<\/p>\n\n\n\n<hr class=\"wp-block-separator has-text-color has-luminous-vivid-amber-color has-alpha-channel-opacity has-luminous-vivid-amber-background-color has-background is-style-wide\"\/>\n\n\n\n<p>Hasta la fecha, no se han realizado estudios de asociaci\u00f3n del genoma completo (GWAS) a gran escala de la psicosis en M\u00e9xico o Latinoam\u00e9rica. Se ha descubierto que la esquizofrenia y el trastorno bipolar, en particular, son altamente hereditarios y est\u00e1n gen\u00e9ticamente influenciados. Sin embargo, la comprensi\u00f3n de la base biol\u00f3gica de la psicosis en poblaciones latinoamericanas es limitada, ya que los estudios gen\u00f3micos previos se han basado casi exclusivamente en participantes de ascendencia&nbsp;noreuropea. Con el objetivo de ampliar el conocimiento sobre la base gen\u00f3mica de los trastornos psic\u00f3ticos en la poblaci\u00f3n mexicana, el Instituto Nacional de Psiquiatr\u00eda Ram\u00f3n de la Fuente Mu\u00f1iz (INPRFM), la Escuela de Salud P\u00fablica TH Chan de Harvard y el Centro Stanley de Investigaci\u00f3n Psiqui\u00e1trica del Instituto Broad lanzaron el proyecto Investigaci\u00f3n Gen\u00e9tica Neuropsiqui\u00e1trica de la Psicosis en Poblaciones Mexicanas (NeuroMex) para recolectar y analizar muestras de casos y controles de psicosis en 5 estados de M\u00e9xico. <\/p>\n\n\n<div class=\"wp-block-image\">\n<figure class=\"aligncenter size-large\"><img decoding=\"async\" loading=\"lazy\" width=\"640\" height=\"427\" src=\"https:\/\/i0.wp.com\/lafuente.mx\/wp-content\/uploads\/2026\/01\/ai-generated-dna-genetics-structure-chemistry-9009163-edited.png?resize=640%2C427&#038;ssl=1\" alt=\"ai generated, dna, genetics, structure, chemistry-9009163.jpg\" class=\"wp-image-3543\" srcset=\"https:\/\/i0.wp.com\/lafuente.mx\/wp-content\/uploads\/2026\/01\/ai-generated-dna-genetics-structure-chemistry-9009163-edited.png?w=1089&amp;ssl=1 1089w, https:\/\/i0.wp.com\/lafuente.mx\/wp-content\/uploads\/2026\/01\/ai-generated-dna-genetics-structure-chemistry-9009163-edited.png?resize=300%2C200&amp;ssl=1 300w, https:\/\/i0.wp.com\/lafuente.mx\/wp-content\/uploads\/2026\/01\/ai-generated-dna-genetics-structure-chemistry-9009163-edited.png?resize=1024%2C683&amp;ssl=1 1024w, https:\/\/i0.wp.com\/lafuente.mx\/wp-content\/uploads\/2026\/01\/ai-generated-dna-genetics-structure-chemistry-9009163-edited.png?resize=768%2C512&amp;ssl=1 768w\" sizes=\"(max-width: 640px) 100vw, 640px\" data-recalc-dims=\"1\" \/><\/figure><\/div>\n\n\n<p>Este art\u00edculo describe la recolecci\u00f3n de muestras planificada y el protocolo GWAS para el estudio&nbsp;NeuroMex. El estudio de 4 a\u00f1os se extender\u00e1 de abril de 2018 a 2022 y tiene como objetivo reclutar a 9,208 participantes: 4,604 casos y 4,604 controles. Se seleccionaron sitios de estudio en todo M\u00e9xico para garantizar que las muestras recolectadas capturen la diversidad gen\u00f3mica dentro de la poblaci\u00f3n mexicana. Las muestras de sangre y los datos fenot\u00edpicos se recolectar\u00e1n durante el proceso de entrevistas a los participantes y contribuir\u00e1n al desarrollo de un biobanco local en M\u00e9xico. La extracci\u00f3n de ADN se realizar\u00e1 localmente y el an\u00e1lisis gen\u00e9tico se llevar\u00e1 a cabo en el Broad&nbsp;Institute&nbsp;en Cambridge, MA. Recopilaremos informaci\u00f3n fenot\u00edpica extensa utilizando varias escalas cl\u00ednicas. Todos los materiales de estudio, incluidos los instrumentos fenot\u00edpicos utilizados, est\u00e1n disponibles abiertamente en espa\u00f1ol e ingl\u00e9s. El estudio descrito representa una colaboraci\u00f3n a largo plazo de varias instituciones en todo M\u00e9xico y el \u00e1rea de Boston, incluyendo psiquiatras cl\u00ednicos, investigadores cl\u00ednicos, bi\u00f3logos computacionales y gerentes de las 3 instituciones colaboradoras. El desarrollo de planes relevantes de gesti\u00f3n de datos, garant\u00eda de calidad y an\u00e1lisis son las consideraciones principales en este art\u00edculo de protocolo. Se desarrollaron amplios procesos de gesti\u00f3n y an\u00e1lisis para los datos fenot\u00edpicos y gen\u00e9ticos recopilados. El desarrollo de capacidades, las alianzas y la capacitaci\u00f3n entre las instituciones colaboradoras son componentes esenciales de este estudio y su \u00e9xito a largo plazo.&nbsp;<\/p>\n\n\n<div class=\"wp-block-image\">\n<figure class=\"aligncenter size-large is-resized\"><img decoding=\"async\" loading=\"lazy\" width=\"640\" height=\"847\" src=\"https:\/\/i0.wp.com\/lafuente.mx\/wp-content\/uploads\/2026\/01\/Captura-de-pantalla-2026-01-16-a-las-10.31.04-774x1024.png?resize=640%2C847&#038;ssl=1\" alt=\"\" class=\"wp-image-3545\" style=\"aspect-ratio:0.755859375;width:526px;height:auto\" srcset=\"https:\/\/i0.wp.com\/lafuente.mx\/wp-content\/uploads\/2026\/01\/Captura-de-pantalla-2026-01-16-a-las-10.31.04.png?resize=774%2C1024&amp;ssl=1 774w, https:\/\/i0.wp.com\/lafuente.mx\/wp-content\/uploads\/2026\/01\/Captura-de-pantalla-2026-01-16-a-las-10.31.04.png?resize=227%2C300&amp;ssl=1 227w, https:\/\/i0.wp.com\/lafuente.mx\/wp-content\/uploads\/2026\/01\/Captura-de-pantalla-2026-01-16-a-las-10.31.04.png?resize=768%2C1017&amp;ssl=1 768w, https:\/\/i0.wp.com\/lafuente.mx\/wp-content\/uploads\/2026\/01\/Captura-de-pantalla-2026-01-16-a-las-10.31.04.png?w=908&amp;ssl=1 908w\" sizes=\"(max-width: 640px) 100vw, 640px\" data-recalc-dims=\"1\" \/><\/figure><\/div>\n\n\n<hr class=\"wp-block-separator has-text-color has-luminous-vivid-amber-color has-alpha-channel-opacity has-luminous-vivid-amber-background-color has-background\"\/>\n\n\n\n<p class=\"has-text-align-center has-white-color has-black-background-color has-text-color has-background\"><a href=\"https:\/\/pmc.ncbi.nlm.nih.gov\/articles\/PMC8740081\/\">https:\/\/pmc.ncbi.nlm.nih.gov\/articles\/PMC8740081\/<\/a><\/p>\n\n\n\n<p class=\"has-text-align-center has-white-color has-black-background-color has-text-color has-background\"><a href=\"https:\/\/karger.com\/cxp\/article-abstract\/7\/3-4\/60\/822708\/Neuropsychiatric-Genetics-of-Psychosis-in-the?redirectedFrom=fulltext\">https:\/\/karger.com\/cxp\/article-abstract\/7\/3-4\/60\/822708\/Neuropsychiatric-Genetics-of-Psychosis-in-the?redirectedFrom=fulltext<\/a><\/p>\n","protected":false},"excerpt":{"rendered":"<p>Psiquiatr\u00eda compleja&nbsp; 24 de agosto de 2021; 7 (3-4): 60\u201370.&nbsp;doi:&nbsp;10.1159\/000518926&nbsp; Volumen 7, N\u00famero 3-4&nbsp; Diciembre&nbsp;de 2021&nbsp; Beatriz Camarena a,&nbsp;* ,&nbsp;Elizabeth G Atkinson b, c, d,&nbsp;*<\/p>\n","protected":false},"author":3,"featured_media":3542,"comment_status":"closed","ping_status":"closed","sticky":false,"template":"","format":"standard","meta":{"footnotes":"","jetpack_publicize_message":"","jetpack_is_tweetstorm":false,"jetpack_publicize_feature_enabled":true},"categories":[3],"tags":[1117,21,1114,255,1118,63,1116,1115,32],"jetpack_publicize_connections":[],"yoast_head":"<!-- This site is optimized with the Yoast SEO plugin v19.4 - https:\/\/yoast.com\/wordpress\/plugins\/seo\/ -->\n<title>Gen\u00e9tica neuropsiqui\u00e1trica de la psicosis en la poblaci\u00f3n mexicana: Protocolo de estudio de asociaci\u00f3n de todo el genoma para pacientes y controles con esquizofrenia, trastorno esquizoafectivo y trastorno bipolar\u00a0 -<\/title>\n<meta name=\"description\" content=\"Hasta la fecha, no se han realizado estudios de asociaci\u00f3n del genoma completo (GWAS) a gran escala de la psicosis en M\u00e9xico o Latinoam\u00e9rica. Se ha descubierto que la esquizofrenia y el trastorno bipolar, en particular, son altamente hereditarios y est\u00e1n gen\u00e9ticamente influenciados.\" \/>\n<meta name=\"robots\" content=\"index, follow, max-snippet:-1, max-image-preview:large, max-video-preview:-1\" \/>\n<link rel=\"canonical\" href=\"https:\/\/lafuente.mx\/?p=3541\" \/>\n<meta property=\"og:locale\" content=\"es_MX\" \/>\n<meta property=\"og:type\" content=\"article\" \/>\n<meta property=\"og:title\" content=\"Gen\u00e9tica neuropsiqui\u00e1trica de la psicosis en la poblaci\u00f3n mexicana\" \/>\n<meta property=\"og:description\" content=\"Hasta la fecha, no se han realizado estudios de asociaci\u00f3n del genoma completo (GWAS) a gran escala de la psicosis en M\u00e9xico o Latinoam\u00e9rica. Se ha descubierto que la esquizofrenia y el trastorno bipolar, en particular, son altamente hereditarios y est\u00e1n gen\u00e9ticamente influenciados.\" \/>\n<meta property=\"og:url\" content=\"https:\/\/lafuente.mx\/?p=3541\" \/>\n<meta property=\"article:published_time\" content=\"2026-01-19T07:00:00+00:00\" \/>\n<meta property=\"article:modified_time\" content=\"2026-01-20T17:36:14+00:00\" \/>\n<meta property=\"og:image\" content=\"http:\/\/lafuente.mx\/wp-content\/uploads\/2026\/01\/ai-generated-dna-genetics-structure-chemistry-9009163.png\" \/>\n\t<meta property=\"og:image:width\" content=\"853\" \/>\n\t<meta property=\"og:image:height\" content=\"1280\" \/>\n\t<meta property=\"og:image:type\" content=\"image\/png\" \/>\n<meta name=\"author\" content=\"Claudia Gallardo\" \/>\n<meta name=\"twitter:card\" content=\"summary_large_image\" \/>\n<meta name=\"twitter:title\" content=\"Gen\u00e9tica neuropsiqui\u00e1trica de la psicosis en la poblaci\u00f3n mexicana\" \/>\n<meta name=\"twitter:description\" content=\"Hasta la fecha, no se han realizado estudios de asociaci\u00f3n del genoma completo (GWAS) a gran escala de la psicosis en M\u00e9xico o Latinoam\u00e9rica. Se ha descubierto que la esquizofrenia y el trastorno bipolar, en particular, son altamente hereditarios y est\u00e1n gen\u00e9ticamente influenciados.\" \/>\n<meta name=\"twitter:label1\" content=\"Escrito por\" \/>\n\t<meta name=\"twitter:data1\" content=\"Claudia Gallardo\" \/>\n\t<meta name=\"twitter:label2\" content=\"Tiempo de lectura\" \/>\n\t<meta name=\"twitter:data2\" content=\"3 minutos\" \/>\n<script type=\"application\/ld+json\" class=\"yoast-schema-graph\">{\"@context\":\"https:\/\/schema.org\",\"@graph\":[{\"@type\":\"WebSite\",\"@id\":\"https:\/\/lafuente.mx\/#website\",\"url\":\"https:\/\/lafuente.mx\/\",\"name\":\"\",\"description\":\"Informaci\u00f3n confiable sobre salud mental\",\"potentialAction\":[{\"@type\":\"SearchAction\",\"target\":{\"@type\":\"EntryPoint\",\"urlTemplate\":\"https:\/\/lafuente.mx\/?s={search_term_string}\"},\"query-input\":\"required name=search_term_string\"}],\"inLanguage\":\"es-MX\"},{\"@type\":\"WebPage\",\"@id\":\"https:\/\/lafuente.mx\/?p=3541\",\"url\":\"https:\/\/lafuente.mx\/?p=3541\",\"name\":\"Gen\u00e9tica neuropsiqui\u00e1trica de la psicosis en la poblaci\u00f3n mexicana: Protocolo de estudio de asociaci\u00f3n de todo el genoma para pacientes y controles con esquizofrenia, trastorno esquizoafectivo y trastorno bipolar\u00a0 -\",\"isPartOf\":{\"@id\":\"https:\/\/lafuente.mx\/#website\"},\"datePublished\":\"2026-01-19T07:00:00+00:00\",\"dateModified\":\"2026-01-20T17:36:14+00:00\",\"author\":{\"@id\":\"https:\/\/lafuente.mx\/#\/schema\/person\/603f3aa8e2f6f7879021ab722d39d6b0\"},\"description\":\"Hasta la fecha, no se han realizado estudios de asociaci\u00f3n del genoma completo (GWAS) a gran escala de la psicosis en M\u00e9xico o Latinoam\u00e9rica. Se ha descubierto que la esquizofrenia y el trastorno bipolar, en particular, son altamente hereditarios y est\u00e1n gen\u00e9ticamente influenciados.\",\"breadcrumb\":{\"@id\":\"https:\/\/lafuente.mx\/?p=3541#breadcrumb\"},\"inLanguage\":\"es-MX\",\"potentialAction\":[{\"@type\":\"ReadAction\",\"target\":[\"https:\/\/lafuente.mx\/?p=3541\"]}]},{\"@type\":\"BreadcrumbList\",\"@id\":\"https:\/\/lafuente.mx\/?p=3541#breadcrumb\",\"itemListElement\":[{\"@type\":\"ListItem\",\"position\":1,\"name\":\"Inicio\",\"item\":\"https:\/\/lafuente.mx\/\"},{\"@type\":\"ListItem\",\"position\":2,\"name\":\"Gen\u00e9tica neuropsiqui\u00e1trica de la psicosis en la poblaci\u00f3n mexicana: Protocolo de estudio de asociaci\u00f3n de todo el genoma para pacientes y controles con esquizofrenia, trastorno esquizoafectivo y trastorno bipolar\u00a0\"}]},{\"@type\":\"Person\",\"@id\":\"https:\/\/lafuente.mx\/#\/schema\/person\/603f3aa8e2f6f7879021ab722d39d6b0\",\"name\":\"Claudia Gallardo\",\"image\":{\"@type\":\"ImageObject\",\"inLanguage\":\"es-MX\",\"@id\":\"https:\/\/lafuente.mx\/#\/schema\/person\/image\/\",\"url\":\"https:\/\/secure.gravatar.com\/avatar\/bfe9c966af1ccfb9d17bcdb9d04e8815?s=96&d=mm&r=g\",\"contentUrl\":\"https:\/\/secure.gravatar.com\/avatar\/bfe9c966af1ccfb9d17bcdb9d04e8815?s=96&d=mm&r=g\",\"caption\":\"Claudia Gallardo\"},\"url\":\"https:\/\/lafuente.mx\/?author=3\"}]}<\/script>\n<!-- \/ Yoast SEO plugin. -->","yoast_head_json":{"title":"Gen\u00e9tica neuropsiqui\u00e1trica de la psicosis en la poblaci\u00f3n mexicana: Protocolo de estudio de asociaci\u00f3n de todo el genoma para pacientes y controles con esquizofrenia, trastorno esquizoafectivo y trastorno bipolar\u00a0 -","description":"Hasta la fecha, no se han realizado estudios de asociaci\u00f3n del genoma completo (GWAS) a gran escala de la psicosis en M\u00e9xico o Latinoam\u00e9rica. Se ha descubierto que la esquizofrenia y el trastorno bipolar, en particular, son altamente hereditarios y est\u00e1n gen\u00e9ticamente influenciados.","robots":{"index":"index","follow":"follow","max-snippet":"max-snippet:-1","max-image-preview":"max-image-preview:large","max-video-preview":"max-video-preview:-1"},"canonical":"https:\/\/lafuente.mx\/?p=3541","og_locale":"es_MX","og_type":"article","og_title":"Gen\u00e9tica neuropsiqui\u00e1trica de la psicosis en la poblaci\u00f3n mexicana","og_description":"Hasta la fecha, no se han realizado estudios de asociaci\u00f3n del genoma completo (GWAS) a gran escala de la psicosis en M\u00e9xico o Latinoam\u00e9rica. Se ha descubierto que la esquizofrenia y el trastorno bipolar, en particular, son altamente hereditarios y est\u00e1n gen\u00e9ticamente influenciados.","og_url":"https:\/\/lafuente.mx\/?p=3541","article_published_time":"2026-01-19T07:00:00+00:00","article_modified_time":"2026-01-20T17:36:14+00:00","og_image":[{"width":853,"height":1280,"url":"http:\/\/lafuente.mx\/wp-content\/uploads\/2026\/01\/ai-generated-dna-genetics-structure-chemistry-9009163.png","type":"image\/png"}],"author":"Claudia Gallardo","twitter_card":"summary_large_image","twitter_title":"Gen\u00e9tica neuropsiqui\u00e1trica de la psicosis en la poblaci\u00f3n mexicana","twitter_description":"Hasta la fecha, no se han realizado estudios de asociaci\u00f3n del genoma completo (GWAS) a gran escala de la psicosis en M\u00e9xico o Latinoam\u00e9rica. Se ha descubierto que la esquizofrenia y el trastorno bipolar, en particular, son altamente hereditarios y est\u00e1n gen\u00e9ticamente influenciados.","twitter_misc":{"Escrito por":"Claudia Gallardo","Tiempo de lectura":"3 minutos"},"schema":{"@context":"https:\/\/schema.org","@graph":[{"@type":"WebSite","@id":"https:\/\/lafuente.mx\/#website","url":"https:\/\/lafuente.mx\/","name":"","description":"Informaci\u00f3n confiable sobre salud mental","potentialAction":[{"@type":"SearchAction","target":{"@type":"EntryPoint","urlTemplate":"https:\/\/lafuente.mx\/?s={search_term_string}"},"query-input":"required name=search_term_string"}],"inLanguage":"es-MX"},{"@type":"WebPage","@id":"https:\/\/lafuente.mx\/?p=3541","url":"https:\/\/lafuente.mx\/?p=3541","name":"Gen\u00e9tica neuropsiqui\u00e1trica de la psicosis en la poblaci\u00f3n mexicana: Protocolo de estudio de asociaci\u00f3n de todo el genoma para pacientes y controles con esquizofrenia, trastorno esquizoafectivo y trastorno bipolar\u00a0 -","isPartOf":{"@id":"https:\/\/lafuente.mx\/#website"},"datePublished":"2026-01-19T07:00:00+00:00","dateModified":"2026-01-20T17:36:14+00:00","author":{"@id":"https:\/\/lafuente.mx\/#\/schema\/person\/603f3aa8e2f6f7879021ab722d39d6b0"},"description":"Hasta la fecha, no se han realizado estudios de asociaci\u00f3n del genoma completo (GWAS) a gran escala de la psicosis en M\u00e9xico o Latinoam\u00e9rica. Se ha descubierto que la esquizofrenia y el trastorno bipolar, en particular, son altamente hereditarios y est\u00e1n gen\u00e9ticamente influenciados.","breadcrumb":{"@id":"https:\/\/lafuente.mx\/?p=3541#breadcrumb"},"inLanguage":"es-MX","potentialAction":[{"@type":"ReadAction","target":["https:\/\/lafuente.mx\/?p=3541"]}]},{"@type":"BreadcrumbList","@id":"https:\/\/lafuente.mx\/?p=3541#breadcrumb","itemListElement":[{"@type":"ListItem","position":1,"name":"Inicio","item":"https:\/\/lafuente.mx\/"},{"@type":"ListItem","position":2,"name":"Gen\u00e9tica neuropsiqui\u00e1trica de la psicosis en la poblaci\u00f3n mexicana: Protocolo de estudio de asociaci\u00f3n de todo el genoma para pacientes y controles con esquizofrenia, trastorno esquizoafectivo y trastorno bipolar\u00a0"}]},{"@type":"Person","@id":"https:\/\/lafuente.mx\/#\/schema\/person\/603f3aa8e2f6f7879021ab722d39d6b0","name":"Claudia Gallardo","image":{"@type":"ImageObject","inLanguage":"es-MX","@id":"https:\/\/lafuente.mx\/#\/schema\/person\/image\/","url":"https:\/\/secure.gravatar.com\/avatar\/bfe9c966af1ccfb9d17bcdb9d04e8815?s=96&d=mm&r=g","contentUrl":"https:\/\/secure.gravatar.com\/avatar\/bfe9c966af1ccfb9d17bcdb9d04e8815?s=96&d=mm&r=g","caption":"Claudia Gallardo"},"url":"https:\/\/lafuente.mx\/?author=3"}]}},"jetpack_featured_media_url":"https:\/\/i0.wp.com\/lafuente.mx\/wp-content\/uploads\/2026\/01\/ai-generated-dna-genetics-structure-chemistry-9009163.png?fit=853%2C1280&ssl=1","jetpack-related-posts":[{"id":3592,"url":"https:\/\/lafuente.mx\/?p=3592","url_meta":{"origin":3541,"position":0},"title":"Psiquiatr\u00eda compleja\u00a0","date":"marzo 4, 2026","format":false,"excerpt":"24 de agosto de 2021; 7 (3-4): 60\u201370.\u00a0doi:\u00a010.1159\/000518926\u00a0 Volumen 7, N\u00famero 3-4\u00a0 Diciembre\u00a0de 2021\u00a0 Beatriz Camarena,\u00a0Elizabeth G Atkinson ,\u00a0Mark Baker,\u00a0Claudia Becerra-Palars,\u00a0Lori B\u00a0Chibnik,\u00a0Ra\u00fal Escamilla-Orozco,\u00a0Joanna Jim\u00e9nez-Pav\u00f3n,\u00a0Zan\u00a0Koenig,\u00a0Carla M\u00e1rquez-Luna,\u00a0Alicia R Martin,\u00a0Ingrid Pamela Morales-Cedillo,\u00a0Ana\u00a0Maria\u00a0Olivares,\u00a0Hiram Ortega-Ortiz,\u00a0Alejandra Monserrat\u00a0Rodriguez-Ram\u00edrez,\u00a0Ricardo\u00a0Saracco-Alvarez,\u00a0Rebecca E\u00a0Basaldua,\u00a0Brena\u00a0F Sena,\u00a0Karestan\u00a0C\u00a0Koenen Hasta la fecha, no se han realizado estudios de asociaci\u00f3n del genoma completo (GWAS) a gran escala\u2026","rel":"","context":"En &quot;Publicaciones&quot;","img":{"alt_text":"","src":"https:\/\/i0.wp.com\/lafuente.mx\/wp-content\/uploads\/2026\/02\/Captura-de-pantalla-2026-02-24-a-las-10.05.29.png?fit=766%2C1032&ssl=1&resize=350%2C200","width":350,"height":200},"classes":[]},{"id":2602,"url":"https:\/\/lafuente.mx\/?p=2602","url_meta":{"origin":3541,"position":1},"title":"An\u00e1lisis comparativo de la microbiota fecal entre adolescentes con psicosis de inicio temprano y adultos con esquizofrenia\u00a0","date":"octubre 23, 2024","format":false,"excerpt":"por\u00a0Lucero Nuncio Mora1,2, Humberto Nicolini2,3, Nuria Lanzagorta3, Cynthia Garc\u00eda-Jaimes3, Fernanda Sosa Hern\u00e1ndez3, Vanessa Gonz\u00e1lez-Covarrubias4, H\u00e9ctor Cabello Rangel5, Emmanuel Sarmiento6, David C. Glahn7,8,9 y Alma Genis-Mendoza2,10,*\u00a0 Abstracto\u00a0 Los estudios sobre la composici\u00f3n del microbioma intestinal han demostrado de manera consistente que los trastornos psiqui\u00e1tricos como la esquizofrenia est\u00e1n asociados con la\u2026","rel":"","context":"En &quot;Publicaciones&quot;","img":{"alt_text":"","src":"https:\/\/i0.wp.com\/lafuente.mx\/wp-content\/uploads\/2024\/10\/Captura-de-pantalla-2024-10-22-a-las-9.50.56-1-e1729620725809.png?fit=842%2C701&ssl=1&resize=350%2C200","width":350,"height":200},"classes":[]},{"id":131,"url":"https:\/\/lafuente.mx\/?p=131","url_meta":{"origin":3541,"position":2},"title":"XXXII Congreso Latinoamericano de Psiquiatr\u00eda-APAL","date":"agosto 4, 2022","format":false,"excerpt":"Desaf\u00edos de la salud mental de Am\u00e9rica Latina en la era digital\u00a0 Dedicado a la Dra. Fior Sol\u00eds\u00a0 Sede: Barcel\u00f3 B\u00e1varo Convention Center Punta Cana, Rep\u00fablica Dominicana\u00a0 Un nuevo ciclo de enfermedades mentales: depresi\u00f3n, ansiedad, psicosis, trastornos del \u00e1nimo. Nuevos enfoques terap\u00e9uticos de los trastornos mentales.\u00a0 Futuro de las neurociencias.\u2026","rel":"","context":"En &quot;Eventos externos&quot;","img":{"alt_text":"","src":"https:\/\/i0.wp.com\/lafuente.mx\/wp-content\/uploads\/2022\/08\/Captura-de-Pantalla-2022-08-04-a-las-11.29.53.png?fit=902%2C432&ssl=1&resize=350%2C200","width":350,"height":200},"classes":[]},{"id":2874,"url":"https:\/\/lafuente.mx\/?p=2874","url_meta":{"origin":3541,"position":3},"title":"7 de mayo, D\u00eda Mundial de la Salud Mental Materna","date":"mayo 7, 2025","format":false,"excerpt":"1 de cada 5 mujeres experimentan un trastorno perinatal del estado de \u00e1nimo y la ansiedad\u00a0\u00a0 Las estad\u00edsticas var\u00edan seg\u00fan el pa\u00eds, pero esta es una preocupaci\u00f3n mundial. Incluyen depresi\u00f3n posparto, ansiedad posparto, trastorno obsesivo compulsivo posparto, trastorno bipolar posparto y psicosis posparto.\u00a0 7 de cada 10\u00a0mujeres ocultan o minimizan\u2026","rel":"","context":"En &quot;Efem\u00e9rides de Salud Mental&quot;","img":{"alt_text":"","src":"https:\/\/i0.wp.com\/lafuente.mx\/wp-content\/uploads\/2025\/05\/Dia-Mundial-de-la-Salud-Mental-Materna.jpg?fit=1200%2C613&ssl=1&resize=350%2C200","width":350,"height":200},"classes":[]},{"id":3641,"url":"https:\/\/lafuente.mx\/?p=3641","url_meta":{"origin":3541,"position":4},"title":"Retos cl\u00ednicos y jur\u00eddicos de la psiquiatr\u00eda contempor\u00e1nea\u00a0","date":"abril 7, 2026","format":false,"excerpt":"Mar 4, 2026 |\u00a0Academia\u00a0 La salud mental a trav\u00e9s de la pr\u00e1ctica de la psiquiatr\u00eda enfrenta retos crecientes derivados de la complejidad biol\u00f3gica de los trastornos mentales y de las implicaciones cl\u00ednicas, jur\u00eddicas e institucionales que acompa\u00f1an su atenci\u00f3n. En este escenario, los avances en inmunolog\u00eda, neurolog\u00eda y gen\u00e9tica han\u2026","rel":"","context":"En &quot;Noticias&quot;","img":{"alt_text":"","src":"https:\/\/i0.wp.com\/lafuente.mx\/wp-content\/uploads\/2026\/04\/DR-Nicolas-M.jpg?fit=1200%2C857&ssl=1&resize=350%2C200","width":350,"height":200},"classes":[]},{"id":438,"url":"https:\/\/lafuente.mx\/?p=438","url_meta":{"origin":3541,"position":5},"title":"Cursos de Posgrado de Alta Especialidad\u00a0","date":"octubre 11, 2022","format":false,"excerpt":"Convocatoria 2023-2024\u00a0\u00a0 Instituto Nacional de Psiquiatr\u00eda Ram\u00f3n de la Fuente \u00b7 Universidad Nacional Aut\u00f3noma de M\u00e9xico FOTO: INPRFM \u2022 Biolog\u00eda molecular, gen\u00e9tica y psiquiatr\u00eda\u00a0 \u2022 G\u00e9nero y sexualidad\u00a0 \u2022 Identificaci\u00f3n y manejo integral de trastornos afectivos bipolares\u00a0 \u2022 Manejo de adicciones\u00a0 \u2022 Neurobiolog\u00eda de la esquizofrenia\u00a0 \u2022 Neuropsiquiatr\u00eda\u00a0 \u2022 Psicogeriatr\u00eda\u00a0\u2026","rel":"","context":"En &quot;Cursos&quot;","img":{"alt_text":"","src":"https:\/\/i0.wp.com\/lafuente.mx\/wp-content\/uploads\/2022\/10\/Jueves-Aula3-edited.jpg?fit=612%2C406&ssl=1&resize=350%2C200","width":350,"height":200},"classes":[]}],"jetpack_sharing_enabled":true,"jetpack_shortlink":"https:\/\/wp.me\/pe9WUx-V7","_links":{"self":[{"href":"https:\/\/lafuente.mx\/index.php?rest_route=\/wp\/v2\/posts\/3541"}],"collection":[{"href":"https:\/\/lafuente.mx\/index.php?rest_route=\/wp\/v2\/posts"}],"about":[{"href":"https:\/\/lafuente.mx\/index.php?rest_route=\/wp\/v2\/types\/post"}],"author":[{"embeddable":true,"href":"https:\/\/lafuente.mx\/index.php?rest_route=\/wp\/v2\/users\/3"}],"replies":[{"embeddable":true,"href":"https:\/\/lafuente.mx\/index.php?rest_route=%2Fwp%2Fv2%2Fcomments&post=3541"}],"version-history":[{"count":3,"href":"https:\/\/lafuente.mx\/index.php?rest_route=\/wp\/v2\/posts\/3541\/revisions"}],"predecessor-version":[{"id":3553,"href":"https:\/\/lafuente.mx\/index.php?rest_route=\/wp\/v2\/posts\/3541\/revisions\/3553"}],"wp:featuredmedia":[{"embeddable":true,"href":"https:\/\/lafuente.mx\/index.php?rest_route=\/wp\/v2\/media\/3542"}],"wp:attachment":[{"href":"https:\/\/lafuente.mx\/index.php?rest_route=%2Fwp%2Fv2%2Fmedia&parent=3541"}],"wp:term":[{"taxonomy":"category","embeddable":true,"href":"https:\/\/lafuente.mx\/index.php?rest_route=%2Fwp%2Fv2%2Fcategories&post=3541"},{"taxonomy":"post_tag","embeddable":true,"href":"https:\/\/lafuente.mx\/index.php?rest_route=%2Fwp%2Fv2%2Ftags&post=3541"}],"curies":[{"name":"wp","href":"https:\/\/api.w.org\/{rel}","templated":true}]}}