{"id":3526,"date":"2026-01-08T20:49:16","date_gmt":"2026-01-08T20:49:16","guid":{"rendered":"https:\/\/lafuente.mx\/?p=3526"},"modified":"2026-01-13T18:43:05","modified_gmt":"2026-01-13T18:43:05","slug":"salud-mental-la-deuda-pendiente-con-los-residentes-de-especialidades-medicas","status":"publish","type":"post","link":"https:\/\/lafuente.mx\/?p=3526","title":{"rendered":"Salud mental: La deuda pendiente con los residentes de especialidades m\u00e9dicas"},"content":{"rendered":"\n<p class=\"has-text-align-center has-vivid-cyan-blue-color has-text-color has-larger-font-size\"><strong>CONVERSATORIO<\/strong><\/p>\n\n\n\n<p class=\"has-text-align-center has-large-font-size\"><strong>Hablemos de salud mental<\/strong><\/p>\n\n\n\n<p class=\"has-text-align-center has-vivid-cyan-blue-color has-text-color has-large-font-size\"><strong>9 de enero a las<\/strong><\/p>\n\n\n\n<p class=\"has-text-align-center has-large-font-size\">12:00 horas, M\u00e9xico<\/p>\n\n\n\n<p class=\"has-text-align-center has-text-color has-large-font-size\" style=\"color:#654387\">1<strong>0 de cada mes<\/strong><\/p>\n\n\n\n<figure class=\"wp-block-image size-large\"><img decoding=\"async\" loading=\"lazy\" width=\"640\" height=\"480\" src=\"https:\/\/i0.wp.com\/lafuente.mx\/wp-content\/uploads\/2026\/01\/WhatsApp-Image-2026-01-08-at-2.37.34-PM-1024x768.jpeg?resize=640%2C480&#038;ssl=1\" alt=\"\" class=\"wp-image-3527\" srcset=\"https:\/\/i0.wp.com\/lafuente.mx\/wp-content\/uploads\/2026\/01\/WhatsApp-Image-2026-01-08-at-2.37.34-PM.jpeg?resize=1024%2C768&amp;ssl=1 1024w, https:\/\/i0.wp.com\/lafuente.mx\/wp-content\/uploads\/2026\/01\/WhatsApp-Image-2026-01-08-at-2.37.34-PM.jpeg?resize=300%2C225&amp;ssl=1 300w, https:\/\/i0.wp.com\/lafuente.mx\/wp-content\/uploads\/2026\/01\/WhatsApp-Image-2026-01-08-at-2.37.34-PM.jpeg?resize=768%2C576&amp;ssl=1 768w, https:\/\/i0.wp.com\/lafuente.mx\/wp-content\/uploads\/2026\/01\/WhatsApp-Image-2026-01-08-at-2.37.34-PM.jpeg?resize=1536%2C1152&amp;ssl=1 1536w, https:\/\/i0.wp.com\/lafuente.mx\/wp-content\/uploads\/2026\/01\/WhatsApp-Image-2026-01-08-at-2.37.34-PM.jpeg?resize=800%2C600&amp;ssl=1 800w, https:\/\/i0.wp.com\/lafuente.mx\/wp-content\/uploads\/2026\/01\/WhatsApp-Image-2026-01-08-at-2.37.34-PM.jpeg?w=1600&amp;ssl=1 1600w, https:\/\/i0.wp.com\/lafuente.mx\/wp-content\/uploads\/2026\/01\/WhatsApp-Image-2026-01-08-at-2.37.34-PM.jpeg?w=1280 1280w\" sizes=\"(max-width: 640px) 100vw, 640px\" data-recalc-dims=\"1\" \/><\/figure>\n\n\n\n<p class=\"has-text-align-center has-vivid-cyan-blue-color has-text-color has-large-font-size\"><strong>Dra. Gabriela Cort\u00e9s Meda<br>Dra. Ana Fres\u00e1n Orellana<\/strong><\/p>\n\n\n\n<p class=\"has-medium-font-size\">La salud mental de los residentes en psiquiatr\u00eda&nbsp;es un desaf\u00edo cr\u00edtico debido al&nbsp;estr\u00e9s,&nbsp;largas jornadas, y la&nbsp;exposici\u00f3n a patolog\u00edas graves<\/p>\n\n\n\n<div class=\"wp-block-buttons is-layout-flex wp-block-buttons-is-layout-flex\">\n<div class=\"wp-block-button\"><a class=\"wp-block-button__link has-vivid-cyan-blue-background-color has-background wp-element-button\">M\u00e1s informaci\u00f3n<\/a><\/div>\n<\/div>\n\n\n\n<hr class=\"wp-block-separator has-text-color has-vivid-purple-color has-alpha-channel-opacity has-vivid-purple-background-color has-background is-style-wide\"\/>\n","protected":false},"excerpt":{"rendered":"<p>CONVERSATORIO Hablemos de salud mental 9 de enero a las 12:00 horas, M\u00e9xico 10 de cada mes Dra. Gabriela Cort\u00e9s MedaDra. Ana Fres\u00e1n Orellana La<\/p>\n","protected":false},"author":3,"featured_media":3527,"comment_status":"closed","ping_status":"closed","sticky":false,"template":"","format":"standard","meta":{"footnotes":"","jetpack_publicize_message":"","jetpack_is_tweetstorm":false,"jetpack_publicize_feature_enabled":true},"categories":[8],"tags":[422,21,75,1107,32],"jetpack_publicize_connections":[],"yoast_head":"<!-- This site is optimized with the Yoast SEO plugin v19.4 - https:\/\/yoast.com\/wordpress\/plugins\/seo\/ -->\n<title>Salud mental: La deuda pendiente con los residentes de especialidades m\u00e9dicas -<\/title>\n<meta name=\"description\" content=\"La salud mental de los residentes en psiquiatr\u00eda es un desaf\u00edo cr\u00edtico debido al estr\u00e9s, largas jornadas, y la exposici\u00f3n a patolog\u00edas graves\" \/>\n<meta name=\"robots\" content=\"index, follow, max-snippet:-1, max-image-preview:large, max-video-preview:-1\" \/>\n<link rel=\"canonical\" href=\"https:\/\/lafuente.mx\/?p=3526\" \/>\n<meta property=\"og:locale\" content=\"es_MX\" \/>\n<meta property=\"og:type\" content=\"article\" \/>\n<meta property=\"og:title\" content=\"Salud mental: La deuda pendiente con los residentes de especialidades m\u00e9dicas\" \/>\n<meta property=\"og:description\" content=\"La salud mental de los residentes en psiquiatr\u00eda es un desaf\u00edo cr\u00edtico debido al estr\u00e9s, largas jornadas, y la exposici\u00f3n a patolog\u00edas graves\" \/>\n<meta property=\"og:url\" content=\"https:\/\/lafuente.mx\/?p=3526\" \/>\n<meta property=\"article:published_time\" content=\"2026-01-08T20:49:16+00:00\" \/>\n<meta property=\"article:modified_time\" content=\"2026-01-13T18:43:05+00:00\" \/>\n<meta property=\"og:image\" content=\"http:\/\/lafuente.mx\/wp-content\/uploads\/2026\/01\/WhatsApp-Image-2026-01-08-at-2.37.34-PM.jpeg\" \/>\n\t<meta property=\"og:image:width\" content=\"1600\" \/>\n\t<meta property=\"og:image:height\" content=\"1200\" \/>\n\t<meta property=\"og:image:type\" content=\"image\/jpeg\" \/>\n<meta name=\"author\" content=\"Claudia Gallardo\" \/>\n<meta name=\"twitter:card\" content=\"summary_large_image\" \/>\n<meta name=\"twitter:title\" content=\"Salud mental: La deuda pendiente con los residentes de especialidades m\u00e9dicas\" \/>\n<meta name=\"twitter:description\" content=\"La salud mental de los residentes en psiquiatr\u00eda es un desaf\u00edo cr\u00edtico debido al estr\u00e9s, largas jornadas, y la exposici\u00f3n a patolog\u00edas graves\" \/>\n<meta name=\"twitter:image\" content=\"https:\/\/i0.wp.com\/lafuente.mx\/wp-content\/uploads\/2026\/01\/WhatsApp-Image-2026-01-08-at-2.37.34-PM.jpeg?fit=1600%2C1200&ssl=1\" \/>\n<meta name=\"twitter:label1\" content=\"Escrito por\" \/>\n\t<meta name=\"twitter:data1\" content=\"Claudia Gallardo\" \/>\n<script type=\"application\/ld+json\" class=\"yoast-schema-graph\">{\"@context\":\"https:\/\/schema.org\",\"@graph\":[{\"@type\":\"WebSite\",\"@id\":\"https:\/\/lafuente.mx\/#website\",\"url\":\"https:\/\/lafuente.mx\/\",\"name\":\"\",\"description\":\"Informaci\u00f3n confiable sobre salud mental\",\"potentialAction\":[{\"@type\":\"SearchAction\",\"target\":{\"@type\":\"EntryPoint\",\"urlTemplate\":\"https:\/\/lafuente.mx\/?s={search_term_string}\"},\"query-input\":\"required name=search_term_string\"}],\"inLanguage\":\"es-MX\"},{\"@type\":\"WebPage\",\"@id\":\"https:\/\/lafuente.mx\/?p=3526\",\"url\":\"https:\/\/lafuente.mx\/?p=3526\",\"name\":\"Salud mental: La deuda pendiente con los residentes de especialidades m\u00e9dicas -\",\"isPartOf\":{\"@id\":\"https:\/\/lafuente.mx\/#website\"},\"datePublished\":\"2026-01-08T20:49:16+00:00\",\"dateModified\":\"2026-01-13T18:43:05+00:00\",\"author\":{\"@id\":\"https:\/\/lafuente.mx\/#\/schema\/person\/603f3aa8e2f6f7879021ab722d39d6b0\"},\"description\":\"La salud mental de los residentes en psiquiatr\u00eda es un desaf\u00edo cr\u00edtico debido al estr\u00e9s, largas jornadas, y la exposici\u00f3n a patolog\u00edas graves\",\"breadcrumb\":{\"@id\":\"https:\/\/lafuente.mx\/?p=3526#breadcrumb\"},\"inLanguage\":\"es-MX\",\"potentialAction\":[{\"@type\":\"ReadAction\",\"target\":[\"https:\/\/lafuente.mx\/?p=3526\"]}]},{\"@type\":\"BreadcrumbList\",\"@id\":\"https:\/\/lafuente.mx\/?p=3526#breadcrumb\",\"itemListElement\":[{\"@type\":\"ListItem\",\"position\":1,\"name\":\"Inicio\",\"item\":\"https:\/\/lafuente.mx\/\"},{\"@type\":\"ListItem\",\"position\":2,\"name\":\"Salud mental: La deuda pendiente con los residentes de especialidades m\u00e9dicas\"}]},{\"@type\":\"Person\",\"@id\":\"https:\/\/lafuente.mx\/#\/schema\/person\/603f3aa8e2f6f7879021ab722d39d6b0\",\"name\":\"Claudia Gallardo\",\"image\":{\"@type\":\"ImageObject\",\"inLanguage\":\"es-MX\",\"@id\":\"https:\/\/lafuente.mx\/#\/schema\/person\/image\/\",\"url\":\"https:\/\/secure.gravatar.com\/avatar\/bfe9c966af1ccfb9d17bcdb9d04e8815?s=96&d=mm&r=g\",\"contentUrl\":\"https:\/\/secure.gravatar.com\/avatar\/bfe9c966af1ccfb9d17bcdb9d04e8815?s=96&d=mm&r=g\",\"caption\":\"Claudia Gallardo\"},\"url\":\"https:\/\/lafuente.mx\/?author=3\"}]}<\/script>\n<!-- \/ Yoast SEO plugin. -->","yoast_head_json":{"title":"Salud mental: La deuda pendiente con los residentes de especialidades m\u00e9dicas -","description":"La salud mental de los residentes en psiquiatr\u00eda es un desaf\u00edo cr\u00edtico debido al estr\u00e9s, largas jornadas, y la exposici\u00f3n a patolog\u00edas graves","robots":{"index":"index","follow":"follow","max-snippet":"max-snippet:-1","max-image-preview":"max-image-preview:large","max-video-preview":"max-video-preview:-1"},"canonical":"https:\/\/lafuente.mx\/?p=3526","og_locale":"es_MX","og_type":"article","og_title":"Salud mental: La deuda pendiente con los residentes de especialidades m\u00e9dicas","og_description":"La salud mental de los residentes en psiquiatr\u00eda es un desaf\u00edo cr\u00edtico debido al estr\u00e9s, largas jornadas, y la exposici\u00f3n a patolog\u00edas graves","og_url":"https:\/\/lafuente.mx\/?p=3526","article_published_time":"2026-01-08T20:49:16+00:00","article_modified_time":"2026-01-13T18:43:05+00:00","og_image":[{"width":1600,"height":1200,"url":"http:\/\/lafuente.mx\/wp-content\/uploads\/2026\/01\/WhatsApp-Image-2026-01-08-at-2.37.34-PM.jpeg","type":"image\/jpeg"}],"author":"Claudia Gallardo","twitter_card":"summary_large_image","twitter_title":"Salud mental: La deuda pendiente con los residentes de especialidades m\u00e9dicas","twitter_description":"La salud mental de los residentes en psiquiatr\u00eda es un desaf\u00edo cr\u00edtico debido al estr\u00e9s, largas jornadas, y la exposici\u00f3n a patolog\u00edas graves","twitter_image":"https:\/\/i0.wp.com\/lafuente.mx\/wp-content\/uploads\/2026\/01\/WhatsApp-Image-2026-01-08-at-2.37.34-PM.jpeg?fit=1600%2C1200&ssl=1","twitter_misc":{"Escrito por":"Claudia Gallardo"},"schema":{"@context":"https:\/\/schema.org","@graph":[{"@type":"WebSite","@id":"https:\/\/lafuente.mx\/#website","url":"https:\/\/lafuente.mx\/","name":"","description":"Informaci\u00f3n confiable sobre salud mental","potentialAction":[{"@type":"SearchAction","target":{"@type":"EntryPoint","urlTemplate":"https:\/\/lafuente.mx\/?s={search_term_string}"},"query-input":"required name=search_term_string"}],"inLanguage":"es-MX"},{"@type":"WebPage","@id":"https:\/\/lafuente.mx\/?p=3526","url":"https:\/\/lafuente.mx\/?p=3526","name":"Salud mental: La deuda pendiente con los residentes de especialidades m\u00e9dicas -","isPartOf":{"@id":"https:\/\/lafuente.mx\/#website"},"datePublished":"2026-01-08T20:49:16+00:00","dateModified":"2026-01-13T18:43:05+00:00","author":{"@id":"https:\/\/lafuente.mx\/#\/schema\/person\/603f3aa8e2f6f7879021ab722d39d6b0"},"description":"La salud mental de los residentes en psiquiatr\u00eda es un desaf\u00edo cr\u00edtico debido al estr\u00e9s, largas jornadas, y la exposici\u00f3n a patolog\u00edas graves","breadcrumb":{"@id":"https:\/\/lafuente.mx\/?p=3526#breadcrumb"},"inLanguage":"es-MX","potentialAction":[{"@type":"ReadAction","target":["https:\/\/lafuente.mx\/?p=3526"]}]},{"@type":"BreadcrumbList","@id":"https:\/\/lafuente.mx\/?p=3526#breadcrumb","itemListElement":[{"@type":"ListItem","position":1,"name":"Inicio","item":"https:\/\/lafuente.mx\/"},{"@type":"ListItem","position":2,"name":"Salud mental: La deuda pendiente con los residentes de especialidades m\u00e9dicas"}]},{"@type":"Person","@id":"https:\/\/lafuente.mx\/#\/schema\/person\/603f3aa8e2f6f7879021ab722d39d6b0","name":"Claudia Gallardo","image":{"@type":"ImageObject","inLanguage":"es-MX","@id":"https:\/\/lafuente.mx\/#\/schema\/person\/image\/","url":"https:\/\/secure.gravatar.com\/avatar\/bfe9c966af1ccfb9d17bcdb9d04e8815?s=96&d=mm&r=g","contentUrl":"https:\/\/secure.gravatar.com\/avatar\/bfe9c966af1ccfb9d17bcdb9d04e8815?s=96&d=mm&r=g","caption":"Claudia Gallardo"},"url":"https:\/\/lafuente.mx\/?author=3"}]}},"jetpack_featured_media_url":"https:\/\/i0.wp.com\/lafuente.mx\/wp-content\/uploads\/2026\/01\/WhatsApp-Image-2026-01-08-at-2.37.34-PM.jpeg?fit=1600%2C1200&ssl=1","jetpack-related-posts":[{"id":3412,"url":"https:\/\/lafuente.mx\/?p=3412","url_meta":{"origin":3526,"position":0},"title":"D\u00eda del m\u00e9dico","date":"octubre 23, 2025","format":false,"excerpt":"23 de octubre El D\u00eda del M\u00e9dico en M\u00e9xico se celebra cada\u00a023 de octubre\u00a0en conmemoraci\u00f3n de la creaci\u00f3n del Establecimiento de Ciencias M\u00e9dicas en 1833. Esta fecha fue elegida para honrar la labor m\u00e9dica y coincide con la inauguraci\u00f3n de esta instituci\u00f3n, que es un antecedente de la actual Facultad\u2026","rel":"","context":"En &quot;Efem\u00e9rides de Salud Mental&quot;","img":{"alt_text":"","src":"https:\/\/i0.wp.com\/lafuente.mx\/wp-content\/uploads\/2025\/10\/Captura-de-pantalla-2025-10-20-a-las-14.17.59.png?fit=1200%2C777&ssl=1&resize=350%2C200","width":350,"height":200},"classes":[]},{"id":2291,"url":"https:\/\/lafuente.mx\/?p=2291","url_meta":{"origin":3526,"position":1},"title":"Libro. COVID-19: Medidas, adaptaci\u00f3n y aprendizaje\u00a0Una visi\u00f3n desde el Seminario sobre Medicina y Salud (2020-2022)\u00a0","date":"mayo 17, 2024","format":false,"excerpt":"Coordinadora: Mar\u00eda del Rosario Guti\u00e9rrez Razo\u00a0\u00a0 Compilador: Luis Armando Mart\u00ednez Gil\u00a0\u00a0 Primera edici\u00f3n. M\u00e9xico: Universidad Nacional Aut\u00f3noma de M\u00e9xico, Secretar\u00eda de Desarrollo Institucional, 2023.\u00a0 Serie: Seminario sobre medicina y salud.\u00a0\u00a0 Identificadores: LIBRUNAM 2223973 (libro electr\u00f3nico) | ISBN 9786073083959 (libro electr\u00f3nico)\u00a0\u00a0 Cap\u00edtulo: Salud mental y COVID-19: Un enfoque basado en Derechos\u2026","rel":"","context":"En &quot;Publicaciones&quot;","img":{"alt_text":"","src":"https:\/\/i0.wp.com\/lafuente.mx\/wp-content\/uploads\/2024\/05\/DSC_0221-scaled.jpg?fit=1200%2C797&ssl=1&resize=350%2C200","width":350,"height":200},"classes":[]},{"id":2633,"url":"https:\/\/lafuente.mx\/?p=2633","url_meta":{"origin":3526,"position":2},"title":"Salud mental en hombres","date":"noviembre 7, 2024","format":false,"excerpt":"CONFERENCIA 11 de noviembre Hablemos de salud mental Coordina : Yeh\u00fa Garfias Rau Ponente: Gabriel Ahumada Curiel Por facebook","rel":"","context":"En &quot;Eventos Acad\u00e9micos del INPRFM&quot;","img":{"alt_text":"","src":"https:\/\/i0.wp.com\/lafuente.mx\/wp-content\/uploads\/2024\/11\/WhatsApp-Image-2024-11-05-at-12.16.20-PM.jpeg?fit=1200%2C900&ssl=1&resize=350%2C200","width":350,"height":200},"classes":[]},{"id":1239,"url":"https:\/\/lafuente.mx\/?p=1239","url_meta":{"origin":3526,"position":3},"title":"Salud mental en ni\u00f1xs y adolescentes trans","date":"mayo 24, 2023","format":false,"excerpt":"Imagen INPRFM CONFERENCIA 10 de junio12:00 horas Hablemos de salud mental10 DE CADA MES Ponentes:Jeremy Cruz IslasLorena Rodr\u00edguez-Bores Ram\u00edrez Con AMEINP M\u00e1s informaci\u00f3n","rel":"","context":"En &quot;Eventos Acad\u00e9micos del INPRFM&quot;","img":{"alt_text":"","src":"https:\/\/i0.wp.com\/lafuente.mx\/wp-content\/uploads\/2023\/05\/WhatsApp-Image-2023-05-24-at-9.47.21-AM.jpeg?fit=1108%2C940&ssl=1&resize=350%2C200","width":350,"height":200},"classes":[]},{"id":2345,"url":"https:\/\/lafuente.mx\/?p=2345","url_meta":{"origin":3526,"position":4},"title":"Alternativas de atenci\u00f3n digital en salud mental para estudiantes universitarios","date":"junio 4, 2024","format":false,"excerpt":"CONFERENCIA Ponentes:Katia Jim\u00e9nez Garc\u00edaCorina Benjet Hablemos de Salud Mental 10 de cada mes Hablemos de salud mental - un espacio para\u00a0#mentalizarte\u00a0Cuenta de difusi\u00f3n para reducir el\u00a0#estigma\u00a0y promover la atenci\u00f3n en salud mental","rel":"","context":"En &quot;Eventos Acad\u00e9micos del INPRFM&quot;","img":{"alt_text":"","src":"https:\/\/i0.wp.com\/lafuente.mx\/wp-content\/uploads\/2024\/06\/WhatsApp-Image-2024-06-03-at-10.50.53-AM-1.jpeg?fit=1200%2C900&ssl=1&resize=350%2C200","width":350,"height":200},"classes":[]},{"id":3569,"url":"https:\/\/lafuente.mx\/?p=3569","url_meta":{"origin":3526,"position":5},"title":"Mentalizarte","date":"febrero 3, 2026","format":false,"excerpt":"Durante FEBRERO Hablaremos sobre Transplantes y salud mental MENTALIZARTE es el proyecto de difusi\u00f3n en temas de salud mental del Instituto Nacional de Psiquiatr\u00eda Ram\u00f3n de la Fuente Mu\u00f1iz (INPRFM). Tiene el objetivo de informar sobre los s\u00edntomas de los diferentes trastornos mentales, difundir que pedir ayuda no es signo\u2026","rel":"","context":"En &quot;Informaci\u00f3n de inter\u00e9s&quot;","img":{"alt_text":"","src":"https:\/\/i0.wp.com\/lafuente.mx\/wp-content\/uploads\/2026\/01\/WhatsApp-Image-2026-01-22-at-1.57.16-PM.jpeg?fit=1200%2C693&ssl=1&resize=350%2C200","width":350,"height":200},"classes":[]}],"jetpack_sharing_enabled":true,"jetpack_shortlink":"https:\/\/wp.me\/pe9WUx-US","_links":{"self":[{"href":"https:\/\/lafuente.mx\/index.php?rest_route=\/wp\/v2\/posts\/3526"}],"collection":[{"href":"https:\/\/lafuente.mx\/index.php?rest_route=\/wp\/v2\/posts"}],"about":[{"href":"https:\/\/lafuente.mx\/index.php?rest_route=\/wp\/v2\/types\/post"}],"author":[{"embeddable":true,"href":"https:\/\/lafuente.mx\/index.php?rest_route=\/wp\/v2\/users\/3"}],"replies":[{"embeddable":true,"href":"https:\/\/lafuente.mx\/index.php?rest_route=%2Fwp%2Fv2%2Fcomments&post=3526"}],"version-history":[{"count":3,"href":"https:\/\/lafuente.mx\/index.php?rest_route=\/wp\/v2\/posts\/3526\/revisions"}],"predecessor-version":[{"id":3535,"href":"https:\/\/lafuente.mx\/index.php?rest_route=\/wp\/v2\/posts\/3526\/revisions\/3535"}],"wp:featuredmedia":[{"embeddable":true,"href":"https:\/\/lafuente.mx\/index.php?rest_route=\/wp\/v2\/media\/3527"}],"wp:attachment":[{"href":"https:\/\/lafuente.mx\/index.php?rest_route=%2Fwp%2Fv2%2Fmedia&parent=3526"}],"wp:term":[{"taxonomy":"category","embeddable":true,"href":"https:\/\/lafuente.mx\/index.php?rest_route=%2Fwp%2Fv2%2Fcategories&post=3526"},{"taxonomy":"post_tag","embeddable":true,"href":"https:\/\/lafuente.mx\/index.php?rest_route=%2Fwp%2Fv2%2Ftags&post=3526"}],"curies":[{"name":"wp","href":"https:\/\/api.w.org\/{rel}","templated":true}]}}