{"id":3517,"date":"2025-12-30T18:22:04","date_gmt":"2025-12-30T18:22:04","guid":{"rendered":"https:\/\/lafuente.mx\/?p=3517"},"modified":"2026-01-08T20:49:38","modified_gmt":"2026-01-08T20:49:38","slug":"feliz-ano-nuevo","status":"publish","type":"post","link":"https:\/\/lafuente.mx\/?p=3517","title":{"rendered":"\u00a1Feliz A\u00f1o Nuevo!"},"content":{"rendered":"\n<figure class=\"wp-block-image size-large\"><img decoding=\"async\" loading=\"lazy\" width=\"640\" height=\"427\" src=\"https:\/\/i0.wp.com\/lafuente.mx\/wp-content\/uploads\/2025\/12\/escudo-INPRFM-nieve.png?resize=640%2C427\" alt=\"\" class=\"wp-image-3518\" srcset=\"https:\/\/i0.wp.com\/lafuente.mx\/wp-content\/uploads\/2025\/12\/escudo-INPRFM-nieve.png?resize=1024%2C683&amp;ssl=1 1024w, https:\/\/i0.wp.com\/lafuente.mx\/wp-content\/uploads\/2025\/12\/escudo-INPRFM-nieve.png?resize=300%2C200&amp;ssl=1 300w, https:\/\/i0.wp.com\/lafuente.mx\/wp-content\/uploads\/2025\/12\/escudo-INPRFM-nieve.png?resize=768%2C512&amp;ssl=1 768w, https:\/\/i0.wp.com\/lafuente.mx\/wp-content\/uploads\/2025\/12\/escudo-INPRFM-nieve.png?w=1536&amp;ssl=1 1536w, https:\/\/i0.wp.com\/lafuente.mx\/wp-content\/uploads\/2025\/12\/escudo-INPRFM-nieve.png?w=1280 1280w\" sizes=\"(max-width: 640px) 100vw, 640px\" data-recalc-dims=\"1\" \/><\/figure>\n\n\n\n<p class=\"has-text-color has-medium-font-size\" style=\"color:#b04a4a\">Al cerrar este a\u00f1o, en el Instituto Nacional de Psiquiatr\u00eda Ram\u00f3n de la Fuente Mu\u00f1iz reafirmamos nuestro compromiso con la investigaci\u00f3n, la atenci\u00f3n y la formaci\u00f3n en salud mental.<\/p>\n\n\n\n<hr class=\"wp-block-separator has-text-color has-vivid-red-color has-alpha-channel-opacity has-vivid-red-background-color has-background is-style-wide\"\/>\n\n\n\n<p class=\"has-text-align-center has-white-color has-vivid-red-background-color has-text-color has-background has-large-font-size\"><br><strong>Gracias a quienes integran esta comunidad por su trabajo, \u00e9tica y vocaci\u00f3n.<\/strong><\/p>\n\n\n\n<hr class=\"wp-block-separator has-text-color has-vivid-red-color has-alpha-channel-opacity has-vivid-red-background-color has-background is-style-wide\"\/>\n\n\n\n<hr class=\"wp-block-separator has-alpha-channel-opacity\"\/>\n\n\n\n<p>Al cerrar este a\u00f1o, en el <strong>Instituto Nacional de Psiquiatr\u00eda Ram\u00f3n de la Fuente Mu\u00f1iz<\/strong> reafirmamos nuestro compromiso con la investigaci\u00f3n, la atenci\u00f3n, la ense\u00f1anza y la divulgaci\u00f3n del conocimiento en salud mental.<\/p>\n\n\n\n<p>Ha sido un a\u00f1o de trabajo constante, de colaboraci\u00f3n entre disciplinas y de esfuerzos orientados a generar evidencia que se traduzca en mejores pr\u00e1cticas, prevenci\u00f3n, acompa\u00f1amiento oportuno y pol\u00edticas p\u00fablicas con impacto social.<\/p>\n\n\n\n<p>Agradecemos profundamente a quienes forman parte de esta comunidad: personal de salud, investigadores, docentes, estudiantes y aliados, por su dedicaci\u00f3n, \u00e9tica y vocaci\u00f3n de servicio. Cada acci\u00f3n suma a la construcci\u00f3n de una salud mental m\u00e1s accesible, humana y libre de estigmas.<\/p>\n\n\n\n<p>Que el pr\u00f3ximo a\u00f1o nos encuentre fortaleciendo la ciencia, el cuidado integral y la esperanza, siempre con las personas al centro.<\/p>\n\n\n\n<p>\u2728 Gracias por caminar con nosotros \u2728<\/p>\n\n\n\n<p class=\"has-text-align-center has-text-color has-larger-font-size\" style=\"color:#b60000\"><strong>\u00a1Feliz A\u00f1o Nuevo<\/strong> 2026<strong>!<\/strong><\/p>\n\n\n\n<p><\/p>\n","protected":false},"excerpt":{"rendered":"<p>Al cerrar este a\u00f1o, en el Instituto Nacional de Psiquiatr\u00eda Ram\u00f3n de la Fuente Mu\u00f1iz reafirmamos nuestro compromiso con la investigaci\u00f3n, la atenci\u00f3n y la<\/p>\n","protected":false},"author":3,"featured_media":3518,"comment_status":"closed","ping_status":"closed","sticky":false,"template":"","format":"standard","meta":{"footnotes":"","jetpack_publicize_message":"","jetpack_is_tweetstorm":false,"jetpack_publicize_feature_enabled":true},"categories":[1],"tags":[1105,21,32],"jetpack_publicize_connections":[],"yoast_head":"<!-- This site is optimized with the Yoast SEO plugin v19.4 - https:\/\/yoast.com\/wordpress\/plugins\/seo\/ -->\n<title>\u00a1Feliz A\u00f1o Nuevo! -<\/title>\n<meta name=\"robots\" content=\"index, follow, max-snippet:-1, max-image-preview:large, max-video-preview:-1\" \/>\n<link rel=\"canonical\" href=\"https:\/\/lafuente.mx\/?p=3517\" \/>\n<meta property=\"og:locale\" content=\"es_MX\" \/>\n<meta property=\"og:type\" content=\"article\" \/>\n<meta property=\"og:title\" content=\"\u00a1Feliz A\u00f1o Nuevo!\" \/>\n<meta property=\"og:description\" content=\"\u00a1Feliz a\u00f1o nuevo!\" \/>\n<meta property=\"og:url\" content=\"https:\/\/lafuente.mx\/?p=3517\" \/>\n<meta property=\"article:published_time\" content=\"2025-12-30T18:22:04+00:00\" \/>\n<meta property=\"article:modified_time\" content=\"2026-01-08T20:49:38+00:00\" \/>\n<meta property=\"og:image\" content=\"http:\/\/lafuente.mx\/wp-content\/uploads\/2025\/12\/escudo-INPRFM-nieve-1024x683.png\" \/>\n\t<meta property=\"og:image:width\" content=\"1024\" \/>\n\t<meta property=\"og:image:height\" content=\"683\" \/>\n\t<meta property=\"og:image:type\" content=\"image\/png\" \/>\n<meta name=\"author\" content=\"Claudia Gallardo\" \/>\n<meta name=\"twitter:card\" content=\"summary_large_image\" \/>\n<meta name=\"twitter:title\" content=\"\u00a1Feliz A\u00f1o Nuevo!\" \/>\n<meta name=\"twitter:description\" content=\"\u00a1Feliz a\u00f1o nuevo!\" \/>\n<meta name=\"twitter:image\" content=\"https:\/\/i0.wp.com\/lafuente.mx\/wp-content\/uploads\/2025\/12\/escudo-INPRFM-nieve.png?fit=1536%2C1024&ssl=1\" \/>\n<meta name=\"twitter:label1\" content=\"Escrito por\" \/>\n\t<meta name=\"twitter:data1\" content=\"Claudia Gallardo\" \/>\n\t<meta name=\"twitter:label2\" content=\"Tiempo de lectura\" \/>\n\t<meta name=\"twitter:data2\" content=\"1 minuto\" \/>\n<script type=\"application\/ld+json\" class=\"yoast-schema-graph\">{\"@context\":\"https:\/\/schema.org\",\"@graph\":[{\"@type\":\"WebSite\",\"@id\":\"https:\/\/lafuente.mx\/#website\",\"url\":\"https:\/\/lafuente.mx\/\",\"name\":\"\",\"description\":\"Informaci\u00f3n confiable sobre salud mental\",\"potentialAction\":[{\"@type\":\"SearchAction\",\"target\":{\"@type\":\"EntryPoint\",\"urlTemplate\":\"https:\/\/lafuente.mx\/?s={search_term_string}\"},\"query-input\":\"required name=search_term_string\"}],\"inLanguage\":\"es-MX\"},{\"@type\":\"WebPage\",\"@id\":\"https:\/\/lafuente.mx\/?p=3517\",\"url\":\"https:\/\/lafuente.mx\/?p=3517\",\"name\":\"\u00a1Feliz A\u00f1o Nuevo! -\",\"isPartOf\":{\"@id\":\"https:\/\/lafuente.mx\/#website\"},\"datePublished\":\"2025-12-30T18:22:04+00:00\",\"dateModified\":\"2026-01-08T20:49:38+00:00\",\"author\":{\"@id\":\"https:\/\/lafuente.mx\/#\/schema\/person\/603f3aa8e2f6f7879021ab722d39d6b0\"},\"breadcrumb\":{\"@id\":\"https:\/\/lafuente.mx\/?p=3517#breadcrumb\"},\"inLanguage\":\"es-MX\",\"potentialAction\":[{\"@type\":\"ReadAction\",\"target\":[\"https:\/\/lafuente.mx\/?p=3517\"]}]},{\"@type\":\"BreadcrumbList\",\"@id\":\"https:\/\/lafuente.mx\/?p=3517#breadcrumb\",\"itemListElement\":[{\"@type\":\"ListItem\",\"position\":1,\"name\":\"Inicio\",\"item\":\"https:\/\/lafuente.mx\/\"},{\"@type\":\"ListItem\",\"position\":2,\"name\":\"\u00a1Feliz A\u00f1o Nuevo!\"}]},{\"@type\":\"Person\",\"@id\":\"https:\/\/lafuente.mx\/#\/schema\/person\/603f3aa8e2f6f7879021ab722d39d6b0\",\"name\":\"Claudia Gallardo\",\"image\":{\"@type\":\"ImageObject\",\"inLanguage\":\"es-MX\",\"@id\":\"https:\/\/lafuente.mx\/#\/schema\/person\/image\/\",\"url\":\"https:\/\/secure.gravatar.com\/avatar\/bfe9c966af1ccfb9d17bcdb9d04e8815?s=96&d=mm&r=g\",\"contentUrl\":\"https:\/\/secure.gravatar.com\/avatar\/bfe9c966af1ccfb9d17bcdb9d04e8815?s=96&d=mm&r=g\",\"caption\":\"Claudia Gallardo\"},\"url\":\"https:\/\/lafuente.mx\/?author=3\"}]}<\/script>\n<!-- \/ Yoast SEO plugin. -->","yoast_head_json":{"title":"\u00a1Feliz A\u00f1o Nuevo! -","robots":{"index":"index","follow":"follow","max-snippet":"max-snippet:-1","max-image-preview":"max-image-preview:large","max-video-preview":"max-video-preview:-1"},"canonical":"https:\/\/lafuente.mx\/?p=3517","og_locale":"es_MX","og_type":"article","og_title":"\u00a1Feliz A\u00f1o Nuevo!","og_description":"\u00a1Feliz a\u00f1o nuevo!","og_url":"https:\/\/lafuente.mx\/?p=3517","article_published_time":"2025-12-30T18:22:04+00:00","article_modified_time":"2026-01-08T20:49:38+00:00","og_image":[{"width":1024,"height":683,"url":"http:\/\/lafuente.mx\/wp-content\/uploads\/2025\/12\/escudo-INPRFM-nieve-1024x683.png","type":"image\/png"}],"author":"Claudia Gallardo","twitter_card":"summary_large_image","twitter_title":"\u00a1Feliz A\u00f1o Nuevo!","twitter_description":"\u00a1Feliz a\u00f1o nuevo!","twitter_image":"https:\/\/i0.wp.com\/lafuente.mx\/wp-content\/uploads\/2025\/12\/escudo-INPRFM-nieve.png?fit=1536%2C1024&ssl=1","twitter_misc":{"Escrito por":"Claudia Gallardo","Tiempo de lectura":"1 minuto"},"schema":{"@context":"https:\/\/schema.org","@graph":[{"@type":"WebSite","@id":"https:\/\/lafuente.mx\/#website","url":"https:\/\/lafuente.mx\/","name":"","description":"Informaci\u00f3n confiable sobre salud mental","potentialAction":[{"@type":"SearchAction","target":{"@type":"EntryPoint","urlTemplate":"https:\/\/lafuente.mx\/?s={search_term_string}"},"query-input":"required name=search_term_string"}],"inLanguage":"es-MX"},{"@type":"WebPage","@id":"https:\/\/lafuente.mx\/?p=3517","url":"https:\/\/lafuente.mx\/?p=3517","name":"\u00a1Feliz A\u00f1o Nuevo! -","isPartOf":{"@id":"https:\/\/lafuente.mx\/#website"},"datePublished":"2025-12-30T18:22:04+00:00","dateModified":"2026-01-08T20:49:38+00:00","author":{"@id":"https:\/\/lafuente.mx\/#\/schema\/person\/603f3aa8e2f6f7879021ab722d39d6b0"},"breadcrumb":{"@id":"https:\/\/lafuente.mx\/?p=3517#breadcrumb"},"inLanguage":"es-MX","potentialAction":[{"@type":"ReadAction","target":["https:\/\/lafuente.mx\/?p=3517"]}]},{"@type":"BreadcrumbList","@id":"https:\/\/lafuente.mx\/?p=3517#breadcrumb","itemListElement":[{"@type":"ListItem","position":1,"name":"Inicio","item":"https:\/\/lafuente.mx\/"},{"@type":"ListItem","position":2,"name":"\u00a1Feliz A\u00f1o Nuevo!"}]},{"@type":"Person","@id":"https:\/\/lafuente.mx\/#\/schema\/person\/603f3aa8e2f6f7879021ab722d39d6b0","name":"Claudia Gallardo","image":{"@type":"ImageObject","inLanguage":"es-MX","@id":"https:\/\/lafuente.mx\/#\/schema\/person\/image\/","url":"https:\/\/secure.gravatar.com\/avatar\/bfe9c966af1ccfb9d17bcdb9d04e8815?s=96&d=mm&r=g","contentUrl":"https:\/\/secure.gravatar.com\/avatar\/bfe9c966af1ccfb9d17bcdb9d04e8815?s=96&d=mm&r=g","caption":"Claudia Gallardo"},"url":"https:\/\/lafuente.mx\/?author=3"}]}},"jetpack_featured_media_url":"https:\/\/i0.wp.com\/lafuente.mx\/wp-content\/uploads\/2025\/12\/escudo-INPRFM-nieve.png?fit=1536%2C1024&ssl=1","jetpack-related-posts":[{"id":1170,"url":"https:\/\/lafuente.mx\/?p=1170","url_meta":{"origin":3517,"position":0},"title":"D\u00cdA MUNDIAL DE LA SALUD MENTAL MATERNA\u00a0","date":"abril 27, 2023","format":false,"excerpt":"3\u00a0de mayo imagen Mentalizarte INPRFM \u00a0El D\u00eda Mundial de la Salud Mental Materna se lanz\u00f3 para\u00a0aumentar la conciencia acerca de los problemas de salud mental materna, con la finalidad\u00a0de que m\u00e1s mujeres busquen ayuda, reciban tratamiento adecuado y menos sufran.\u00a0 El objetivo com\u00fan es\u00a0sensibilizar\u00a0a la poblaci\u00f3n mundial acerca de la\u2026","rel":"","context":"En &quot;Efem\u00e9rides de Salud Mental&quot;","img":{"alt_text":"","src":"https:\/\/i0.wp.com\/lafuente.mx\/wp-content\/uploads\/2023\/04\/10-mayo-23.jpg?fit=1200%2C985&ssl=1&resize=350%2C200","width":350,"height":200},"classes":[]},{"id":2270,"url":"https:\/\/lafuente.mx\/?p=2270","url_meta":{"origin":3517,"position":1},"title":"D\u00eda Mundial de la Salud Mental Materna","date":"mayo 1, 2024","format":false,"excerpt":"El D\u00eda Mundial de la Salud Mental Materna se lanz\u00f3 para\u00a0aumentar la conciencia acerca de los problemas de salud mental materna, con la finalidad\u00a0de que m\u00e1s mujeres busquen ayuda, reciban tratamiento adecuado y menos sufran.\u00a0 El objetivo com\u00fan es\u00a0sensibilizar\u00a0a la poblaci\u00f3n mundial acerca de la importancia de la salud mental\u2026","rel":"","context":"En &quot;Efem\u00e9rides de Salud Mental&quot;","img":{"alt_text":"pregnant, mom, child-775036.jpg","src":"https:\/\/i0.wp.com\/lafuente.mx\/wp-content\/uploads\/2024\/04\/pregnant-mom-child-775036.jpg?fit=1200%2C797&ssl=1&resize=350%2C200","width":350,"height":200},"classes":[]},{"id":1744,"url":"https:\/\/lafuente.mx\/?p=1744","url_meta":{"origin":3517,"position":2},"title":"Tema del D\u00eda Mundial de la Salud Mental","date":"octubre 10, 2023","format":false,"excerpt":"'LA SALUD MENTAL ES UN DERECHO HUMANO UNIVERSAL'\u00a0 El 10 de octubre de 2023 celebraremos el D\u00eda Mundial de la Salud Mental con el tema 'La salud mental es un derecho humano universal' elegido mediante una votaci\u00f3n global abierta al p\u00fablico, incluidos los miembros, las partes interesadas y los partidarios\u2026","rel":"","context":"En &quot;Efem\u00e9rides de Salud Mental&quot;","img":{"alt_text":"","src":"https:\/\/i0.wp.com\/lafuente.mx\/wp-content\/uploads\/2023\/09\/salud-mental2.jpeg?fit=1200%2C541&ssl=1&resize=350%2C200","width":350,"height":200},"classes":[]},{"id":2874,"url":"https:\/\/lafuente.mx\/?p=2874","url_meta":{"origin":3517,"position":3},"title":"7 de mayo, D\u00eda Mundial de la Salud Mental Materna","date":"mayo 7, 2025","format":false,"excerpt":"1 de cada 5 mujeres experimentan un trastorno perinatal del estado de \u00e1nimo y la ansiedad\u00a0\u00a0 Las estad\u00edsticas var\u00edan seg\u00fan el pa\u00eds, pero esta es una preocupaci\u00f3n mundial. Incluyen depresi\u00f3n posparto, ansiedad posparto, trastorno obsesivo compulsivo posparto, trastorno bipolar posparto y psicosis posparto.\u00a0 7 de cada 10\u00a0mujeres ocultan o minimizan\u2026","rel":"","context":"En &quot;Efem\u00e9rides de Salud Mental&quot;","img":{"alt_text":"","src":"https:\/\/i0.wp.com\/lafuente.mx\/wp-content\/uploads\/2025\/05\/Dia-Mundial-de-la-Salud-Mental-Materna.jpg?fit=1200%2C613&ssl=1&resize=350%2C200","width":350,"height":200},"classes":[]},{"id":1289,"url":"https:\/\/lafuente.mx\/?p=1289","url_meta":{"origin":3517,"position":4},"title":"Resiliencia, experiencias infantiles adversas y salud mental en estudiantes de Ciencias de la Salud durante la pandemia de COVID-19","date":"junio 12, 2023","format":false,"excerpt":"Felipe Agudelo Hern\u00e1ndez, Mar\u00eda Benavides Bastidas, Fernando Arango G\u00f3mez Resumen: Introducci\u00f3n. Se ha observado un aumento constante de problemas mentales en la poblaci\u00f3n universitaria, particularmente en el \u00e1rea de la salud, relacionados con la pandemia del COVID-19. Los factores de protecci\u00f3n como la resiliencia y los factores de riesgo como\u2026","rel":"","context":"En &quot;Revista Salud Mental&quot;","img":{"alt_text":"","src":"https:\/\/i0.wp.com\/lafuente.mx\/wp-content\/uploads\/2023\/06\/chicas-universitarias-estudiando-juntas-edited-1-scaled.jpg?fit=1200%2C675&ssl=1&resize=350%2C200","width":350,"height":200},"classes":[]},{"id":587,"url":"https:\/\/lafuente.mx\/?p=587","url_meta":{"origin":3517,"position":5},"title":"Con el apoyo del Instituto Nacional de Psiquiatr\u00eda, personal de SSC se capacit\u00f3 para atender la salud mental de los cuerpos policiales\u00a0","date":"noviembre 28, 2022","format":false,"excerpt":"Publicado el 24 Noviembre 2022 Como parte de las acciones de colaboraci\u00f3n interinstitucional que realiza la Secretar\u00eda de Seguridad Ciudadana (SSC) de la Ciudad de M\u00e9xico para promover la salud mental y f\u00edsica de las y los polic\u00edas, en el auditorio del Instituto Nacional de Psiquiatr\u00eda Ram\u00f3n de la Fuente\u2026","rel":"","context":"En &quot;Noticias&quot;","img":{"alt_text":"","src":"https:\/\/i0.wp.com\/lafuente.mx\/wp-content\/uploads\/2022\/11\/diplomas_0007_DSC_0152.jpg?fit=1181%2C784&ssl=1&resize=350%2C200","width":350,"height":200},"classes":[]}],"jetpack_sharing_enabled":true,"jetpack_shortlink":"https:\/\/wp.me\/pe9WUx-UJ","_links":{"self":[{"href":"https:\/\/lafuente.mx\/index.php?rest_route=\/wp\/v2\/posts\/3517"}],"collection":[{"href":"https:\/\/lafuente.mx\/index.php?rest_route=\/wp\/v2\/posts"}],"about":[{"href":"https:\/\/lafuente.mx\/index.php?rest_route=\/wp\/v2\/types\/post"}],"author":[{"embeddable":true,"href":"https:\/\/lafuente.mx\/index.php?rest_route=\/wp\/v2\/users\/3"}],"replies":[{"embeddable":true,"href":"https:\/\/lafuente.mx\/index.php?rest_route=%2Fwp%2Fv2%2Fcomments&post=3517"}],"version-history":[{"count":2,"href":"https:\/\/lafuente.mx\/index.php?rest_route=\/wp\/v2\/posts\/3517\/revisions"}],"predecessor-version":[{"id":3520,"href":"https:\/\/lafuente.mx\/index.php?rest_route=\/wp\/v2\/posts\/3517\/revisions\/3520"}],"wp:featuredmedia":[{"embeddable":true,"href":"https:\/\/lafuente.mx\/index.php?rest_route=\/wp\/v2\/media\/3518"}],"wp:attachment":[{"href":"https:\/\/lafuente.mx\/index.php?rest_route=%2Fwp%2Fv2%2Fmedia&parent=3517"}],"wp:term":[{"taxonomy":"category","embeddable":true,"href":"https:\/\/lafuente.mx\/index.php?rest_route=%2Fwp%2Fv2%2Fcategories&post=3517"},{"taxonomy":"post_tag","embeddable":true,"href":"https:\/\/lafuente.mx\/index.php?rest_route=%2Fwp%2Fv2%2Ftags&post=3517"}],"curies":[{"name":"wp","href":"https:\/\/api.w.org\/{rel}","templated":true}]}}