{"id":3486,"date":"2025-12-10T06:00:00","date_gmt":"2025-12-10T06:00:00","guid":{"rendered":"https:\/\/lafuente.mx\/?p=3486"},"modified":"2025-12-08T19:30:44","modified_gmt":"2025-12-08T19:30:44","slug":"borrador-automatico-el-10-de-diciembre-es-el-dia-internacional-de-los-derechos-humanos","status":"publish","type":"post","link":"https:\/\/lafuente.mx\/?p=3486","title":{"rendered":"D\u00eda Internacional de los Derechos Humanos\u00a0"},"content":{"rendered":"\n<p class=\"has-text-align-center has-text-color has-larger-font-size\" style=\"color:#1d5270\"><strong>10 de diciembre<\/strong><\/p>\n\n\n\n<p class=\"has-text-align-center has-text-color has-large-font-size\" style=\"color:#1d638b\"><strong>Derechos Humanos: Nuestros esenciales de cada d\u00eda<\/strong>&nbsp;<\/p>\n\n\n\n<hr class=\"wp-block-separator has-text-color has-vivid-red-color has-alpha-channel-opacity has-vivid-red-background-color has-background\"\/>\n\n\n\n<p class=\"has-text-color has-medium-font-size\" style=\"color:#0d3347\">En tiempos convulsos e impredecibles como los actuales, en los que muchas personas sienten una creciente sensaci\u00f3n de inseguridad, desencanto y alienaci\u00f3n, el <a href=\"https:\/\/www.ohchr.org\/es\/get-involved\/campaign\/everyday-essentials\" target=\"_blank\" rel=\"noreferrer noopener\">tema del D\u00eda de los Derechos Humanos<\/a>&nbsp; busca reafirmar los valores de los derechos humanos y mostrar que siguen siendo una apuesta ganadora para la humanidad.&nbsp;<\/p>\n\n\n\n<p class=\"has-text-color has-medium-font-size\" style=\"color:#0d3347\">Con esta campa\u00f1a, queremos reconectar a las personas con los derechos humanos, mostrar c\u00f3mo estos dan forma a nuestra vida cotidiana, con frecuencia de maneras que quiz\u00e1s pasan desapercibidas. Con demasiada frecuencia los derechos humanos se dan por sentados o se perciben como ideas abstractas, pero son elementos esenciales de los que dependemos cada d\u00eda.&nbsp;<\/p>\n\n\n\n<p class=\"has-text-color has-medium-font-size\" style=\"color:#0d3347\">Al acercar los principios de los derechos humanos a las experiencias cotidianas, queremos despertar conciencias, inspirar confianza y fomentar la acci\u00f3n colectiva&nbsp;<\/p>\n\n\n\n<p class=\"has-text-color has-medium-font-size\" style=\"color:#0d3347\">Los derechos humanos son positivos, esenciales y alcanzables.&nbsp;<\/p>\n\n\n\n<hr class=\"wp-block-separator has-text-color has-vivid-red-color has-alpha-channel-opacity has-vivid-red-background-color has-background\"\/>\n\n\n<div class=\"wp-block-image\">\n<figure class=\"aligncenter size-full is-resized\"><img decoding=\"async\" loading=\"lazy\" width=\"640\" height=\"904\" src=\"https:\/\/i0.wp.com\/lafuente.mx\/wp-content\/uploads\/2025\/12\/image.png?resize=640%2C904&#038;ssl=1\" alt=\"\" class=\"wp-image-3487\" style=\"aspect-ratio:0.7075773745997865;width:524px;height:auto\" srcset=\"https:\/\/i0.wp.com\/lafuente.mx\/wp-content\/uploads\/2025\/12\/image.png?w=663&amp;ssl=1 663w, https:\/\/i0.wp.com\/lafuente.mx\/wp-content\/uploads\/2025\/12\/image.png?resize=212%2C300&amp;ssl=1 212w\" sizes=\"(max-width: 640px) 100vw, 640px\" data-recalc-dims=\"1\" \/><\/figure><\/div>\n\n\n<p class=\"has-text-align-center has-white-color has-vivid-cyan-blue-background-color has-text-color has-background\"><a href=\"https:\/\/www.un.org\/es\/observances\/human-rights-day\"><strong>https:\/\/www.un.org\/es\/observances\/human-rights-day<\/strong><\/a><\/p>\n\n\n\n<p>En el <strong>Instituto Nacional de Psiquiatr\u00eda Ram\u00f3n de la Fuente Mu\u00f1iz<\/strong>, reconocemos que <strong>la salud mental es un derecho<\/strong> y trabajamos para promover entornos de atenci\u00f3n basados en:&nbsp;<\/p>\n\n\n\n<ul>\n<li>Dignidad y respeto&nbsp;<\/li>\n<\/ul>\n\n\n\n<ul>\n<li>No discriminaci\u00f3n&nbsp;<\/li>\n<\/ul>\n\n\n\n<ul>\n<li>Accesibilidad y equidad&nbsp;<\/li>\n<\/ul>\n\n\n\n<ul>\n<li>Confidencialidad y autonom\u00eda&nbsp;<\/li>\n<\/ul>\n\n\n\n<ul>\n<li>Perspectiva de inclusi\u00f3n y derechos fundamentales&nbsp;<\/li>\n<\/ul>\n\n\n\n<p>Recordar esta efem\u00e9ride nos invita a reflexionar, sensibilizar y actuar, reconociendo que los derechos humanos son <strong>positivos, esenciales y alcanzables<\/strong>, y que protegerlos fortalece el bienestar emocional y social de las personas y comunidades.&nbsp;<\/p>\n","protected":false},"excerpt":{"rendered":"<p>10 de diciembre Derechos Humanos: Nuestros esenciales de cada d\u00eda&nbsp; En tiempos convulsos e impredecibles como los actuales, en los que muchas personas sienten una<\/p>\n","protected":false},"author":3,"featured_media":3487,"comment_status":"closed","ping_status":"closed","sticky":false,"template":"","format":"standard","meta":{"footnotes":"","jetpack_publicize_message":"","jetpack_is_tweetstorm":false,"jetpack_publicize_feature_enabled":true},"categories":[13],"tags":[821,1100,1102,149,1101,98,21,32,950],"jetpack_publicize_connections":[],"yoast_head":"<!-- This site is optimized with the Yoast SEO plugin v19.4 - https:\/\/yoast.com\/wordpress\/plugins\/seo\/ -->\n<title>D\u00eda Internacional de los Derechos Humanos\u00a0 -<\/title>\n<meta name=\"description\" content=\"Con esta campa\u00f1a, queremos reconectar a las personas con los derechos humanos, mostrar c\u00f3mo estos dan forma a nuestra vida cotidiana, con frecuencia de maneras que quiz\u00e1s pasan desapercibidas.\" \/>\n<meta name=\"robots\" content=\"index, follow, max-snippet:-1, max-image-preview:large, max-video-preview:-1\" \/>\n<link rel=\"canonical\" href=\"https:\/\/lafuente.mx\/?p=3486\" \/>\n<meta property=\"og:locale\" content=\"es_MX\" \/>\n<meta property=\"og:type\" content=\"article\" \/>\n<meta property=\"og:title\" content=\"El 10 de diciembre es el D\u00eda Internacional de los Derechos Humanos\" \/>\n<meta property=\"og:description\" content=\"Con esta campa\u00f1a, queremos reconectar a las personas con los derechos humanos, mostrar c\u00f3mo estos dan forma a nuestra vida cotidiana, con frecuencia de maneras que quiz\u00e1s pasan desapercibidas.\" \/>\n<meta property=\"og:url\" content=\"https:\/\/lafuente.mx\/?p=3486\" \/>\n<meta property=\"article:published_time\" content=\"2025-12-10T06:00:00+00:00\" \/>\n<meta property=\"article:modified_time\" content=\"2025-12-08T19:30:44+00:00\" \/>\n<meta property=\"og:image\" content=\"https:\/\/i0.wp.com\/lafuente.mx\/wp-content\/uploads\/2025\/12\/image.png?fit=663%2C937&ssl=1\" \/>\n\t<meta property=\"og:image:width\" content=\"663\" \/>\n\t<meta property=\"og:image:height\" content=\"937\" \/>\n\t<meta property=\"og:image:type\" content=\"image\/png\" \/>\n<meta name=\"author\" content=\"Claudia Gallardo\" \/>\n<meta name=\"twitter:card\" content=\"summary_large_image\" \/>\n<meta name=\"twitter:title\" content=\"El 10 de diciembre es el D\u00eda Internacional de los Derechos Humanos\" \/>\n<meta name=\"twitter:description\" content=\"Con esta campa\u00f1a, queremos reconectar a las personas con los derechos humanos, mostrar c\u00f3mo estos dan forma a nuestra vida cotidiana, con frecuencia de maneras que quiz\u00e1s pasan desapercibidas.\" \/>\n<meta name=\"twitter:image\" content=\"https:\/\/i0.wp.com\/lafuente.mx\/wp-content\/uploads\/2025\/12\/image.png?fit=663%2C937&ssl=1\" \/>\n<meta name=\"twitter:label1\" content=\"Escrito por\" \/>\n\t<meta name=\"twitter:data1\" content=\"Claudia Gallardo\" \/>\n\t<meta name=\"twitter:label2\" content=\"Tiempo de lectura\" \/>\n\t<meta name=\"twitter:data2\" content=\"1 minuto\" \/>\n<script type=\"application\/ld+json\" class=\"yoast-schema-graph\">{\"@context\":\"https:\/\/schema.org\",\"@graph\":[{\"@type\":\"WebSite\",\"@id\":\"https:\/\/lafuente.mx\/#website\",\"url\":\"https:\/\/lafuente.mx\/\",\"name\":\"\",\"description\":\"Informaci\u00f3n confiable sobre salud mental\",\"potentialAction\":[{\"@type\":\"SearchAction\",\"target\":{\"@type\":\"EntryPoint\",\"urlTemplate\":\"https:\/\/lafuente.mx\/?s={search_term_string}\"},\"query-input\":\"required name=search_term_string\"}],\"inLanguage\":\"es-MX\"},{\"@type\":\"WebPage\",\"@id\":\"https:\/\/lafuente.mx\/?p=3486\",\"url\":\"https:\/\/lafuente.mx\/?p=3486\",\"name\":\"D\u00eda Internacional de los Derechos Humanos\u00a0 -\",\"isPartOf\":{\"@id\":\"https:\/\/lafuente.mx\/#website\"},\"datePublished\":\"2025-12-10T06:00:00+00:00\",\"dateModified\":\"2025-12-08T19:30:44+00:00\",\"author\":{\"@id\":\"https:\/\/lafuente.mx\/#\/schema\/person\/603f3aa8e2f6f7879021ab722d39d6b0\"},\"description\":\"Con esta campa\u00f1a, queremos reconectar a las personas con los derechos humanos, mostrar c\u00f3mo estos dan forma a nuestra vida cotidiana, con frecuencia de maneras que quiz\u00e1s pasan desapercibidas.\",\"breadcrumb\":{\"@id\":\"https:\/\/lafuente.mx\/?p=3486#breadcrumb\"},\"inLanguage\":\"es-MX\",\"potentialAction\":[{\"@type\":\"ReadAction\",\"target\":[\"https:\/\/lafuente.mx\/?p=3486\"]}]},{\"@type\":\"BreadcrumbList\",\"@id\":\"https:\/\/lafuente.mx\/?p=3486#breadcrumb\",\"itemListElement\":[{\"@type\":\"ListItem\",\"position\":1,\"name\":\"Inicio\",\"item\":\"https:\/\/lafuente.mx\/\"},{\"@type\":\"ListItem\",\"position\":2,\"name\":\"D\u00eda Internacional de los Derechos Humanos\u00a0\"}]},{\"@type\":\"Person\",\"@id\":\"https:\/\/lafuente.mx\/#\/schema\/person\/603f3aa8e2f6f7879021ab722d39d6b0\",\"name\":\"Claudia Gallardo\",\"image\":{\"@type\":\"ImageObject\",\"inLanguage\":\"es-MX\",\"@id\":\"https:\/\/lafuente.mx\/#\/schema\/person\/image\/\",\"url\":\"https:\/\/secure.gravatar.com\/avatar\/bfe9c966af1ccfb9d17bcdb9d04e8815?s=96&d=mm&r=g\",\"contentUrl\":\"https:\/\/secure.gravatar.com\/avatar\/bfe9c966af1ccfb9d17bcdb9d04e8815?s=96&d=mm&r=g\",\"caption\":\"Claudia Gallardo\"},\"url\":\"https:\/\/lafuente.mx\/?author=3\"}]}<\/script>\n<!-- \/ Yoast SEO plugin. -->","yoast_head_json":{"title":"D\u00eda Internacional de los Derechos Humanos\u00a0 -","description":"Con esta campa\u00f1a, queremos reconectar a las personas con los derechos humanos, mostrar c\u00f3mo estos dan forma a nuestra vida cotidiana, con frecuencia de maneras que quiz\u00e1s pasan desapercibidas.","robots":{"index":"index","follow":"follow","max-snippet":"max-snippet:-1","max-image-preview":"max-image-preview:large","max-video-preview":"max-video-preview:-1"},"canonical":"https:\/\/lafuente.mx\/?p=3486","og_locale":"es_MX","og_type":"article","og_title":"El 10 de diciembre es el D\u00eda Internacional de los Derechos Humanos","og_description":"Con esta campa\u00f1a, queremos reconectar a las personas con los derechos humanos, mostrar c\u00f3mo estos dan forma a nuestra vida cotidiana, con frecuencia de maneras que quiz\u00e1s pasan desapercibidas.","og_url":"https:\/\/lafuente.mx\/?p=3486","article_published_time":"2025-12-10T06:00:00+00:00","article_modified_time":"2025-12-08T19:30:44+00:00","og_image":[{"width":663,"height":937,"url":"https:\/\/i0.wp.com\/lafuente.mx\/wp-content\/uploads\/2025\/12\/image.png?fit=663%2C937&ssl=1","type":"image\/png"}],"author":"Claudia Gallardo","twitter_card":"summary_large_image","twitter_title":"El 10 de diciembre es el D\u00eda Internacional de los Derechos Humanos","twitter_description":"Con esta campa\u00f1a, queremos reconectar a las personas con los derechos humanos, mostrar c\u00f3mo estos dan forma a nuestra vida cotidiana, con frecuencia de maneras que quiz\u00e1s pasan desapercibidas.","twitter_image":"https:\/\/i0.wp.com\/lafuente.mx\/wp-content\/uploads\/2025\/12\/image.png?fit=663%2C937&ssl=1","twitter_misc":{"Escrito por":"Claudia Gallardo","Tiempo de lectura":"1 minuto"},"schema":{"@context":"https:\/\/schema.org","@graph":[{"@type":"WebSite","@id":"https:\/\/lafuente.mx\/#website","url":"https:\/\/lafuente.mx\/","name":"","description":"Informaci\u00f3n confiable sobre salud mental","potentialAction":[{"@type":"SearchAction","target":{"@type":"EntryPoint","urlTemplate":"https:\/\/lafuente.mx\/?s={search_term_string}"},"query-input":"required name=search_term_string"}],"inLanguage":"es-MX"},{"@type":"WebPage","@id":"https:\/\/lafuente.mx\/?p=3486","url":"https:\/\/lafuente.mx\/?p=3486","name":"D\u00eda Internacional de los Derechos Humanos\u00a0 -","isPartOf":{"@id":"https:\/\/lafuente.mx\/#website"},"datePublished":"2025-12-10T06:00:00+00:00","dateModified":"2025-12-08T19:30:44+00:00","author":{"@id":"https:\/\/lafuente.mx\/#\/schema\/person\/603f3aa8e2f6f7879021ab722d39d6b0"},"description":"Con esta campa\u00f1a, queremos reconectar a las personas con los derechos humanos, mostrar c\u00f3mo estos dan forma a nuestra vida cotidiana, con frecuencia de maneras que quiz\u00e1s pasan desapercibidas.","breadcrumb":{"@id":"https:\/\/lafuente.mx\/?p=3486#breadcrumb"},"inLanguage":"es-MX","potentialAction":[{"@type":"ReadAction","target":["https:\/\/lafuente.mx\/?p=3486"]}]},{"@type":"BreadcrumbList","@id":"https:\/\/lafuente.mx\/?p=3486#breadcrumb","itemListElement":[{"@type":"ListItem","position":1,"name":"Inicio","item":"https:\/\/lafuente.mx\/"},{"@type":"ListItem","position":2,"name":"D\u00eda Internacional de los Derechos Humanos\u00a0"}]},{"@type":"Person","@id":"https:\/\/lafuente.mx\/#\/schema\/person\/603f3aa8e2f6f7879021ab722d39d6b0","name":"Claudia Gallardo","image":{"@type":"ImageObject","inLanguage":"es-MX","@id":"https:\/\/lafuente.mx\/#\/schema\/person\/image\/","url":"https:\/\/secure.gravatar.com\/avatar\/bfe9c966af1ccfb9d17bcdb9d04e8815?s=96&d=mm&r=g","contentUrl":"https:\/\/secure.gravatar.com\/avatar\/bfe9c966af1ccfb9d17bcdb9d04e8815?s=96&d=mm&r=g","caption":"Claudia Gallardo"},"url":"https:\/\/lafuente.mx\/?author=3"}]}},"jetpack_featured_media_url":"https:\/\/i0.wp.com\/lafuente.mx\/wp-content\/uploads\/2025\/12\/image.png?fit=663%2C937&ssl=1","jetpack-related-posts":[{"id":1744,"url":"https:\/\/lafuente.mx\/?p=1744","url_meta":{"origin":3486,"position":0},"title":"Tema del D\u00eda Mundial de la Salud Mental","date":"octubre 10, 2023","format":false,"excerpt":"'LA SALUD MENTAL ES UN DERECHO HUMANO UNIVERSAL'\u00a0 El 10 de octubre de 2023 celebraremos el D\u00eda Mundial de la Salud Mental con el tema 'La salud mental es un derecho humano universal' elegido mediante una votaci\u00f3n global abierta al p\u00fablico, incluidos los miembros, las partes interesadas y los partidarios\u2026","rel":"","context":"En &quot;Efem\u00e9rides de Salud Mental&quot;","img":{"alt_text":"","src":"https:\/\/i0.wp.com\/lafuente.mx\/wp-content\/uploads\/2023\/09\/salud-mental2.jpeg?fit=1200%2C541&ssl=1&resize=350%2C200","width":350,"height":200},"classes":[]},{"id":3221,"url":"https:\/\/lafuente.mx\/?p=3221","url_meta":{"origin":3486,"position":1},"title":"D\u00eda Nacional de las y los Trabajadores Sociales\u00a0","date":"agosto 21, 2025","format":false,"excerpt":"21 de agosto El 29 de abril de 2021, la C\u00e1mara de Diputados, LXIV Legislatura del H. Congreso de la Uni\u00f3n aprob\u00f3 el decreto por el que se declar\u00f3 el 21 de agosto de cada a\u00f1o como D\u00eda Nacional de las y los Trabajadores Sociales.\u00a0 Esta conmemoraci\u00f3n es un reconocimiento\u2026","rel":"","context":"En &quot;Efem\u00e9rides de Salud Mental&quot;","img":{"alt_text":"","src":"https:\/\/i0.wp.com\/lafuente.mx\/wp-content\/uploads\/2025\/08\/miembros-de-los-sindicatos-trabajando-juntos-scaled.jpg?fit=1200%2C675&ssl=1&resize=350%2C200","width":350,"height":200},"classes":[]},{"id":1914,"url":"https:\/\/lafuente.mx\/?p=1914","url_meta":{"origin":3486,"position":2},"title":"D\u00eda de los Derechos Humanos\u00a0","date":"diciembre 6, 2023","format":false,"excerpt":"10 de diciembre\u00a0 El 10 de diciembre de 2023 se cumplen 75 a\u00f1os de uno de los compromisos mundiales m\u00e1s revolucionarios: la Declaraci\u00f3n Universal de los Derechos Humanos (DUDH). Este documento hist\u00f3rico consagra los derechos inalienables que toda persona tiene como ser humano, independientemente de su raza, color, religi\u00f3n, sexo,\u2026","rel":"","context":"En &quot;Efem\u00e9rides de Salud Mental&quot;","img":{"alt_text":"","src":"https:\/\/i0.wp.com\/lafuente.mx\/wp-content\/uploads\/2023\/12\/dhuans.jpeg?fit=1000%2C667&ssl=1&resize=350%2C200","width":350,"height":200},"classes":[]},{"id":2662,"url":"https:\/\/lafuente.mx\/?p=2662","url_meta":{"origin":3486,"position":3},"title":"D\u00eda Internacional de la Eliminaci\u00f3n de la Violencia contra la Mujer\u00a0 \u00a0","date":"noviembre 25, 2024","format":false,"excerpt":"25 de noviembre Como cada a\u00f1o, el\u00a0D\u00eda Internacional para Eliminar la\u00a0Violencia contra la Mujer marca el comienzo de la\u00a0Campa\u00f1a \u00danete\u00a0de la ONU,\u00a016 d\u00edas de activismo\u00a0(25 nov-10 dic) que concluyen coincidiendo con el\u00a0D\u00eda Internacional de los Derechos Humanos.\u00a0 Este a\u00f1o, el tema 2024 es\u00a0\"Cada 10 minutos se asesina a una mujer.\u2026","rel":"","context":"En &quot;Efem\u00e9rides de Salud Mental&quot;","img":{"alt_text":"woman, domestic violence, oppression-7662937.jpg","src":"https:\/\/i0.wp.com\/lafuente.mx\/wp-content\/uploads\/2024\/11\/woman-domestic-violence-oppression-7662937.png?fit=1200%2C1200&ssl=1&resize=350%2C200","width":350,"height":200},"classes":[]},{"id":2944,"url":"https:\/\/lafuente.mx\/?p=2944","url_meta":{"origin":3486,"position":4},"title":"Foro sobre el D\u00eda Internacional de Acci\u00f3n por la Salud de las Mujeres\u00a0\u00a0","date":"junio 6, 2025","format":false,"excerpt":"Mayo 2025 El pasado 28 de mayo se conmemor\u00f3 el D\u00eda Internacional de\u00a0Acci\u00f3n por la Salud de las Mujeres en el auditorio \u201cDr. Alberto Guevara Rojas\u201d, en donde a trav\u00e9s de diversas ponencias se abordaron diferentes puntos de vista de la importancia que tiene la salud de las mujeres en\u2026","rel":"","context":"En &quot;Efem\u00e9rides de Salud Mental&quot;","img":{"alt_text":"","src":"https:\/\/i0.wp.com\/lafuente.mx\/wp-content\/uploads\/2025\/06\/image-1.png?fit=1200%2C600&ssl=1&resize=350%2C200","width":350,"height":200},"classes":[]},{"id":3152,"url":"https:\/\/lafuente.mx\/?p=3152","url_meta":{"origin":3486,"position":5},"title":"D\u00eda Mundial del Cerebro 2025\u00a0","date":"julio 22, 2025","format":false,"excerpt":"22 de julio\u00a0 Salud cerebral para todas las edades\u00a0 Este a\u00f1o, desde el INPRFM nos sumamos a la campa\u00f1a global que reconoce el papel central que tiene la salud cerebral en cada etapa de la vida.\u00a0\u00a0 Desde la infancia hasta la vejez, cuidar el cerebro es cuidar el bienestar f\u00edsico,\u2026","rel":"","context":"En &quot;Efem\u00e9rides de Salud Mental&quot;","img":{"alt_text":"jigsaw, puzzle, brain, mind, woman, head, colors, think, ai generated, mind, mind, mind, mind, mind-8808273.jpg","src":"https:\/\/i0.wp.com\/lafuente.mx\/wp-content\/uploads\/2025\/07\/jigsaw-puzzle-brain-mind-woman-head-colors-think-ai-generated-mind-mind-mind-mind-mind-8808273.jpg?fit=1200%2C1200&ssl=1&resize=350%2C200","width":350,"height":200},"classes":[]}],"jetpack_sharing_enabled":true,"jetpack_shortlink":"https:\/\/wp.me\/pe9WUx-Ue","_links":{"self":[{"href":"https:\/\/lafuente.mx\/index.php?rest_route=\/wp\/v2\/posts\/3486"}],"collection":[{"href":"https:\/\/lafuente.mx\/index.php?rest_route=\/wp\/v2\/posts"}],"about":[{"href":"https:\/\/lafuente.mx\/index.php?rest_route=\/wp\/v2\/types\/post"}],"author":[{"embeddable":true,"href":"https:\/\/lafuente.mx\/index.php?rest_route=\/wp\/v2\/users\/3"}],"replies":[{"embeddable":true,"href":"https:\/\/lafuente.mx\/index.php?rest_route=%2Fwp%2Fv2%2Fcomments&post=3486"}],"version-history":[{"count":3,"href":"https:\/\/lafuente.mx\/index.php?rest_route=\/wp\/v2\/posts\/3486\/revisions"}],"predecessor-version":[{"id":3492,"href":"https:\/\/lafuente.mx\/index.php?rest_route=\/wp\/v2\/posts\/3486\/revisions\/3492"}],"wp:featuredmedia":[{"embeddable":true,"href":"https:\/\/lafuente.mx\/index.php?rest_route=\/wp\/v2\/media\/3487"}],"wp:attachment":[{"href":"https:\/\/lafuente.mx\/index.php?rest_route=%2Fwp%2Fv2%2Fmedia&parent=3486"}],"wp:term":[{"taxonomy":"category","embeddable":true,"href":"https:\/\/lafuente.mx\/index.php?rest_route=%2Fwp%2Fv2%2Fcategories&post=3486"},{"taxonomy":"post_tag","embeddable":true,"href":"https:\/\/lafuente.mx\/index.php?rest_route=%2Fwp%2Fv2%2Ftags&post=3486"}],"curies":[{"name":"wp","href":"https:\/\/api.w.org\/{rel}","templated":true}]}}