{"id":3471,"date":"2025-11-26T07:32:00","date_gmt":"2025-11-26T07:32:00","guid":{"rendered":"https:\/\/lafuente.mx\/?p=3471"},"modified":"2025-11-27T18:01:24","modified_gmt":"2025-11-27T18:01:24","slug":"borrador-automatico-la-inflamacion-y-la-salud-mental","status":"publish","type":"post","link":"https:\/\/lafuente.mx\/?p=3471","title":{"rendered":"La inflamaci\u00f3n y la salud mental\u00a0"},"content":{"rendered":"\n<hr class=\"wp-block-separator has-text-color has-luminous-vivid-amber-color has-alpha-channel-opacity has-luminous-vivid-amber-background-color has-background is-style-wide\"\/>\n\n\n\n<p class=\"has-white-color has-luminous-vivid-orange-background-color has-text-color has-background\">Nov 5, 2025 | <a href=\"https:\/\/gaceta.facmed.unam.mx\/index.php\/category\/academia\/\" target=\"_blank\" rel=\"noreferrer noopener\">Academia<\/a>&nbsp;<\/p>\n\n\n\n<p class=\"has-text-color has-medium-font-size\" style=\"color:#64533e\">\u201cTodas las c\u00e9lulas de nuestro cuerpo, como neuronas, leucocitos y glandulares tienen receptores para hormonas, neurotransmisores y citocinas. Esto significa que nuestro organismo est\u00e1 conectado permanentemente y responde de manera coordinada a los est\u00edmulos estresantes del entorno\u201d, indic\u00f3 el doctor Lenin Pav\u00f3n Romero, Jefe y Fundador del Laboratorio de Psicoinmunolog\u00eda del Instituto Nacional de Psiquiatr\u00eda Ram\u00f3n de la Fuente Mu\u00f1iz, quien actualmente se encuentra en su tercera edici\u00f3n del libro <em>Inmunolog\u00eda Molecular, Celular y Traslacional<\/em>.&nbsp;<\/p>\n\n\n\n<figure class=\"wp-block-image size-large\"><img decoding=\"async\" src=\"https:\/\/i0.wp.com\/lafuente.mx\/wp-content\/uploads\/2025\/11\/Captura-de-pantalla-2025-11-24-a-las-13.44.40-1-1024x1008.png?resize=640%2C630&#038;ssl=1\" alt=\"\" class=\"wp-image-3474\" data-recalc-dims=\"1\"\/><figcaption class=\"wp-element-caption\">Imagen: INPRFM<\/figcaption><\/figure>\n\n\n\n<p class=\"has-text-color has-medium-font-size\" style=\"color:#64533e\">El pasado 31 de octubre se realiz\u00f3 la novena sesi\u00f3n del Seminario sobre Medicina y&nbsp;Salud, dedicada al tema <strong>\u2018Inflamaci\u00f3n&nbsp;y&nbsp;salud mental\u2019<\/strong>, transmitida por&nbsp;<a href=\"https:\/\/www.youtube.com\/live\/vd62SaR86vo?si=PtIB1ZO2TOSQU1ol\" target=\"_blank\" rel=\"noreferrer noopener\">YouTube<\/a>, coordinada y moderada por el doctor Luis Armando Mart\u00ednez Gil,&nbsp;integrante del Comit\u00e9 Directivo de dicho Seminario.&nbsp;<\/p>\n\n\n\n<div class=\"wp-block-buttons is-layout-flex wp-block-buttons-is-layout-flex\">\n<div class=\"wp-block-button\"><a class=\"wp-block-button__link has-black-color has-luminous-vivid-amber-background-color has-text-color has-background wp-element-button\" href=\"https:\/\/gaceta.facmed.unam.mx\/index.php\/2025\/11\/05\/la-inflamacion-y-la-salud-mental\/\">M\u00e1s informaci\u00f3n<\/a><\/div>\n<\/div>\n","protected":false},"excerpt":{"rendered":"<p>Nov 5, 2025 | Academia&nbsp; \u201cTodas las c\u00e9lulas de nuestro cuerpo, como neuronas, leucocitos y glandulares tienen receptores para hormonas, neurotransmisores y citocinas. Esto significa<\/p>\n","protected":false},"author":3,"featured_media":3474,"comment_status":"closed","ping_status":"closed","sticky":false,"template":"","format":"standard","meta":{"footnotes":"","jetpack_publicize_message":"","jetpack_is_tweetstorm":false,"jetpack_publicize_feature_enabled":true},"categories":[3],"tags":[1095,21,1093,1096,1092,1094,32,72],"jetpack_publicize_connections":[],"yoast_head":"<!-- This site is optimized with the Yoast SEO plugin v19.4 - https:\/\/yoast.com\/wordpress\/plugins\/seo\/ -->\n<title>La inflamaci\u00f3n y la salud mental\u00a0 -<\/title>\n<meta name=\"description\" content=\"El pasado 31 de octubre se realiz\u00f3 la novena sesi\u00f3n del Seminario sobre Medicina y Salud, dedicada al tema \u2018Inflamaci\u00f3n y salud mental\u2019\" \/>\n<meta name=\"robots\" content=\"index, follow, max-snippet:-1, max-image-preview:large, max-video-preview:-1\" \/>\n<link rel=\"canonical\" href=\"https:\/\/lafuente.mx\/?p=3471\" \/>\n<meta property=\"og:locale\" content=\"es_MX\" \/>\n<meta property=\"og:type\" content=\"article\" \/>\n<meta property=\"og:title\" content=\"La inflamaci\u00f3n y la salud mental\u00a0\" \/>\n<meta property=\"og:description\" content=\"El pasado 31 de octubre se realiz\u00f3 la novena sesi\u00f3n del Seminario sobre Medicina y\u00a0Salud, dedicada al tema \u2018Inflamaci\u00f3n\u00a0y\u00a0salud mental\u2019\" \/>\n<meta property=\"og:url\" content=\"https:\/\/lafuente.mx\/?p=3471\" \/>\n<meta property=\"article:published_time\" content=\"2025-11-26T07:32:00+00:00\" \/>\n<meta property=\"article:modified_time\" content=\"2025-11-27T18:01:24+00:00\" \/>\n<meta property=\"og:image\" content=\"http:\/\/lafuente.mx\/wp-content\/uploads\/2025\/11\/Captura-de-pantalla-2025-11-24-a-las-13.44.40-1-e1764184124541-1024x546.png\" \/>\n\t<meta property=\"og:image:width\" content=\"1024\" \/>\n\t<meta property=\"og:image:height\" content=\"546\" \/>\n\t<meta property=\"og:image:type\" content=\"image\/png\" \/>\n<meta name=\"author\" content=\"Claudia Gallardo\" \/>\n<meta name=\"twitter:card\" content=\"summary_large_image\" \/>\n<meta name=\"twitter:title\" content=\"La inflamaci\u00f3n y la salud mental\u00a0\" \/>\n<meta name=\"twitter:description\" content=\"El pasado 31 de octubre se realiz\u00f3 la novena sesi\u00f3n del Seminario sobre Medicina y\u00a0Salud, dedicada al tema \u2018Inflamaci\u00f3n\u00a0y\u00a0salud mental\u2019\" \/>\n<meta name=\"twitter:image\" content=\"https:\/\/i0.wp.com\/lafuente.mx\/wp-content\/uploads\/2025\/11\/Captura-de-pantalla-2025-11-24-a-las-13.44.40-1-e1764184124541.png?fit=1205%2C642&ssl=1\" \/>\n<meta name=\"twitter:label1\" content=\"Escrito por\" \/>\n\t<meta name=\"twitter:data1\" content=\"Claudia Gallardo\" \/>\n\t<meta name=\"twitter:label2\" content=\"Tiempo de lectura\" \/>\n\t<meta name=\"twitter:data2\" content=\"1 minuto\" \/>\n<script type=\"application\/ld+json\" class=\"yoast-schema-graph\">{\"@context\":\"https:\/\/schema.org\",\"@graph\":[{\"@type\":\"WebSite\",\"@id\":\"https:\/\/lafuente.mx\/#website\",\"url\":\"https:\/\/lafuente.mx\/\",\"name\":\"\",\"description\":\"Informaci\u00f3n confiable sobre salud mental\",\"potentialAction\":[{\"@type\":\"SearchAction\",\"target\":{\"@type\":\"EntryPoint\",\"urlTemplate\":\"https:\/\/lafuente.mx\/?s={search_term_string}\"},\"query-input\":\"required name=search_term_string\"}],\"inLanguage\":\"es-MX\"},{\"@type\":\"WebPage\",\"@id\":\"https:\/\/lafuente.mx\/?p=3471\",\"url\":\"https:\/\/lafuente.mx\/?p=3471\",\"name\":\"La inflamaci\u00f3n y la salud mental\u00a0 -\",\"isPartOf\":{\"@id\":\"https:\/\/lafuente.mx\/#website\"},\"datePublished\":\"2025-11-26T07:32:00+00:00\",\"dateModified\":\"2025-11-27T18:01:24+00:00\",\"author\":{\"@id\":\"https:\/\/lafuente.mx\/#\/schema\/person\/603f3aa8e2f6f7879021ab722d39d6b0\"},\"description\":\"El pasado 31 de octubre se realiz\u00f3 la novena sesi\u00f3n del Seminario sobre Medicina y Salud, dedicada al tema \u2018Inflamaci\u00f3n y salud mental\u2019\",\"breadcrumb\":{\"@id\":\"https:\/\/lafuente.mx\/?p=3471#breadcrumb\"},\"inLanguage\":\"es-MX\",\"potentialAction\":[{\"@type\":\"ReadAction\",\"target\":[\"https:\/\/lafuente.mx\/?p=3471\"]}]},{\"@type\":\"BreadcrumbList\",\"@id\":\"https:\/\/lafuente.mx\/?p=3471#breadcrumb\",\"itemListElement\":[{\"@type\":\"ListItem\",\"position\":1,\"name\":\"Inicio\",\"item\":\"https:\/\/lafuente.mx\/\"},{\"@type\":\"ListItem\",\"position\":2,\"name\":\"La inflamaci\u00f3n y la salud mental\u00a0\"}]},{\"@type\":\"Person\",\"@id\":\"https:\/\/lafuente.mx\/#\/schema\/person\/603f3aa8e2f6f7879021ab722d39d6b0\",\"name\":\"Claudia Gallardo\",\"image\":{\"@type\":\"ImageObject\",\"inLanguage\":\"es-MX\",\"@id\":\"https:\/\/lafuente.mx\/#\/schema\/person\/image\/\",\"url\":\"https:\/\/secure.gravatar.com\/avatar\/bfe9c966af1ccfb9d17bcdb9d04e8815?s=96&d=mm&r=g\",\"contentUrl\":\"https:\/\/secure.gravatar.com\/avatar\/bfe9c966af1ccfb9d17bcdb9d04e8815?s=96&d=mm&r=g\",\"caption\":\"Claudia Gallardo\"},\"url\":\"https:\/\/lafuente.mx\/?author=3\"}]}<\/script>\n<!-- \/ Yoast SEO plugin. -->","yoast_head_json":{"title":"La inflamaci\u00f3n y la salud mental\u00a0 -","description":"El pasado 31 de octubre se realiz\u00f3 la novena sesi\u00f3n del Seminario sobre Medicina y Salud, dedicada al tema \u2018Inflamaci\u00f3n y salud mental\u2019","robots":{"index":"index","follow":"follow","max-snippet":"max-snippet:-1","max-image-preview":"max-image-preview:large","max-video-preview":"max-video-preview:-1"},"canonical":"https:\/\/lafuente.mx\/?p=3471","og_locale":"es_MX","og_type":"article","og_title":"La inflamaci\u00f3n y la salud mental\u00a0","og_description":"El pasado 31 de octubre se realiz\u00f3 la novena sesi\u00f3n del Seminario sobre Medicina y\u00a0Salud, dedicada al tema \u2018Inflamaci\u00f3n\u00a0y\u00a0salud mental\u2019","og_url":"https:\/\/lafuente.mx\/?p=3471","article_published_time":"2025-11-26T07:32:00+00:00","article_modified_time":"2025-11-27T18:01:24+00:00","og_image":[{"width":1024,"height":546,"url":"http:\/\/lafuente.mx\/wp-content\/uploads\/2025\/11\/Captura-de-pantalla-2025-11-24-a-las-13.44.40-1-e1764184124541-1024x546.png","type":"image\/png"}],"author":"Claudia Gallardo","twitter_card":"summary_large_image","twitter_title":"La inflamaci\u00f3n y la salud mental\u00a0","twitter_description":"El pasado 31 de octubre se realiz\u00f3 la novena sesi\u00f3n del Seminario sobre Medicina y\u00a0Salud, dedicada al tema \u2018Inflamaci\u00f3n\u00a0y\u00a0salud mental\u2019","twitter_image":"https:\/\/i0.wp.com\/lafuente.mx\/wp-content\/uploads\/2025\/11\/Captura-de-pantalla-2025-11-24-a-las-13.44.40-1-e1764184124541.png?fit=1205%2C642&ssl=1","twitter_misc":{"Escrito por":"Claudia Gallardo","Tiempo de lectura":"1 minuto"},"schema":{"@context":"https:\/\/schema.org","@graph":[{"@type":"WebSite","@id":"https:\/\/lafuente.mx\/#website","url":"https:\/\/lafuente.mx\/","name":"","description":"Informaci\u00f3n confiable sobre salud mental","potentialAction":[{"@type":"SearchAction","target":{"@type":"EntryPoint","urlTemplate":"https:\/\/lafuente.mx\/?s={search_term_string}"},"query-input":"required name=search_term_string"}],"inLanguage":"es-MX"},{"@type":"WebPage","@id":"https:\/\/lafuente.mx\/?p=3471","url":"https:\/\/lafuente.mx\/?p=3471","name":"La inflamaci\u00f3n y la salud mental\u00a0 -","isPartOf":{"@id":"https:\/\/lafuente.mx\/#website"},"datePublished":"2025-11-26T07:32:00+00:00","dateModified":"2025-11-27T18:01:24+00:00","author":{"@id":"https:\/\/lafuente.mx\/#\/schema\/person\/603f3aa8e2f6f7879021ab722d39d6b0"},"description":"El pasado 31 de octubre se realiz\u00f3 la novena sesi\u00f3n del Seminario sobre Medicina y Salud, dedicada al tema \u2018Inflamaci\u00f3n y salud mental\u2019","breadcrumb":{"@id":"https:\/\/lafuente.mx\/?p=3471#breadcrumb"},"inLanguage":"es-MX","potentialAction":[{"@type":"ReadAction","target":["https:\/\/lafuente.mx\/?p=3471"]}]},{"@type":"BreadcrumbList","@id":"https:\/\/lafuente.mx\/?p=3471#breadcrumb","itemListElement":[{"@type":"ListItem","position":1,"name":"Inicio","item":"https:\/\/lafuente.mx\/"},{"@type":"ListItem","position":2,"name":"La inflamaci\u00f3n y la salud mental\u00a0"}]},{"@type":"Person","@id":"https:\/\/lafuente.mx\/#\/schema\/person\/603f3aa8e2f6f7879021ab722d39d6b0","name":"Claudia Gallardo","image":{"@type":"ImageObject","inLanguage":"es-MX","@id":"https:\/\/lafuente.mx\/#\/schema\/person\/image\/","url":"https:\/\/secure.gravatar.com\/avatar\/bfe9c966af1ccfb9d17bcdb9d04e8815?s=96&d=mm&r=g","contentUrl":"https:\/\/secure.gravatar.com\/avatar\/bfe9c966af1ccfb9d17bcdb9d04e8815?s=96&d=mm&r=g","caption":"Claudia Gallardo"},"url":"https:\/\/lafuente.mx\/?author=3"}]}},"jetpack_featured_media_url":"https:\/\/i0.wp.com\/lafuente.mx\/wp-content\/uploads\/2025\/11\/Captura-de-pantalla-2025-11-24-a-las-13.44.40-1-e1764184124541.png?fit=1205%2C642&ssl=1","jetpack-related-posts":[{"id":1480,"url":"https:\/\/lafuente.mx\/?p=1480","url_meta":{"origin":3471,"position":0},"title":"Autoridades presentan Plan Sectorial de Salud Mental y Adicciones 2023\u20132024","date":"julio 18, 2023","format":false,"excerpt":"Con enfoque comunitario permite a personas acceder a servicios de forma universal y gratuita: Jorge Alcocer Varela\u00a0 Secretar\u00eda de Salud | 04 de julio de 2023 | Nacional\u00a0 Por primera vez en la historia de M\u00e9xico, el cuidado de la salud mental es una prioridad para el gobierno:Juan Manuel Quijada\u2026","rel":"","context":"En &quot;Noticias&quot;","img":{"alt_text":"","src":"https:\/\/i0.wp.com\/lafuente.mx\/wp-content\/uploads\/2023\/07\/image.png?fit=650%2C380&ssl=1&resize=350%2C200","width":350,"height":200},"classes":[]},{"id":2435,"url":"https:\/\/lafuente.mx\/?p=2435","url_meta":{"origin":3471,"position":1},"title":"M\u00e9xico consolida red de servicios de atenci\u00f3n a la salud mental y adicciones\u00a0","date":"julio 11, 2024","format":false,"excerpt":"Est\u00e1 integrada por 341 centros comunitarios de salud y adicciones, 115 hospitales generales, 34 psiqui\u00e1tricos y 241 camas de hospitalizaci\u00f3n\u00a0 Secretar\u00eda de Salud | 01 de julio de 2024\u00a0| Nacional\u00a0 El Modelo Mexicano de Salud Mental y Adicciones ha permitido desarrollar una red de servicios de atenci\u00f3n integrada por 341\u2026","rel":"","context":"En &quot;Noticias&quot;","img":{"alt_text":"","src":"https:\/\/i0.wp.com\/lafuente.mx\/wp-content\/uploads\/2024\/07\/HallHospital.jpg?fit=1200%2C800&ssl=1&resize=350%2C200","width":350,"height":200},"classes":[]},{"id":1190,"url":"https:\/\/lafuente.mx\/?p=1190","url_meta":{"origin":3471,"position":2},"title":"CONADIC, ISSSTE e IMSS emprenden acciones conjuntas a trav\u00e9s de la campa\u00f1a \u201cVive saludablemente\u201d\u00a0","date":"mayo 3, 2023","format":false,"excerpt":"El objetivo es normalizar el tema de las emociones en las conversaciones y promover la atenci\u00f3n a la salud mental\u00a0 Secretar\u00eda de Salud | 19 de abril de 2023 | Nacional\u00a0 Imagen INPRFM Como parte del Plan Sectorial de Salud Mental inici\u00f3 la campa\u00f1a \u201cVive saludablemente\u201d, que tiene el prop\u00f3sito\u2026","rel":"","context":"En &quot;Noticias&quot;","img":{"alt_text":"","src":"https:\/\/i0.wp.com\/lafuente.mx\/wp-content\/uploads\/2023\/04\/Captura-de-Pantalla-2023-04-28-a-las-14.25.48-1.png?fit=1200%2C938&ssl=1&resize=350%2C200","width":350,"height":200},"classes":[]},{"id":1790,"url":"https:\/\/lafuente.mx\/?p=1790","url_meta":{"origin":3471,"position":3},"title":"En M\u00e9xico, nuevo modelo de salud mental y adicciones acerca servicios a la comunidad","date":"octubre 23, 2023","format":false,"excerpt":"Comisi\u00f3n Nacional de Salud Mental y Adicciones Ciudad de M\u00e9xico, 11 de octubre de 2023. El nuevo modelo de salud mental y adicciones permite acercar esos servicios a la comunidad, a trav\u00e9s de una red de 341 Centros Comunitarios de Salud Mental y Adicciones (Cecosama) que garantizan el acceso equitativo\u2026","rel":"","context":"En &quot;Noticias&quot;","img":{"alt_text":"","src":"https:\/\/i0.wp.com\/lafuente.mx\/wp-content\/uploads\/2023\/10\/image.png?fit=650%2C380&ssl=1&resize=350%2C200","width":350,"height":200},"classes":[]},{"id":1283,"url":"https:\/\/lafuente.mx\/?p=1283","url_meta":{"origin":3471,"position":4},"title":"Se crea Comisi\u00f3n Nacional de Salud Mental y Adicciones por decreto publicado en el DOF\u00a0","date":"junio 9, 2023","format":false,"excerpt":"Fusiona atribuciones de las tres instancias rectoras en la materia\u00a0 Secretar\u00eda de Salud | 29 de mayo de 2023 | Nacional\u00a0 Con el objetivo de promover la salud mental y el bienestar integral de la poblaci\u00f3n, se public\u00f3 en el Diario Oficial de la Federaci\u00f3n (DOF) el decreto por el\u2026","rel":"","context":"En &quot;Noticias&quot;","img":{"alt_text":"","src":"https:\/\/i0.wp.com\/lafuente.mx\/wp-content\/uploads\/2023\/06\/secratrio-Salud.jpeg?fit=1200%2C800&ssl=1&resize=350%2C200","width":350,"height":200},"classes":[]},{"id":312,"url":"https:\/\/lafuente.mx\/?p=312","url_meta":{"origin":3471,"position":5},"title":"Transforman 340 centros de atenci\u00f3n a adicciones en centros comunitarios de salud mental\u00a0","date":"agosto 30, 2022","format":false,"excerpt":"Por Dalila Sarabia\u00a0\u00a0 1 de junio, 2022\u00a0 Se ha capacitado en atenci\u00f3n a la salud mental y adicciones a 32 mil profesionales de la salud como m\u00e9dicos generales, enfermeras y trabajadores sociales, 8% del personal a capacitar.\u00a0 Como parte del nuevo modelo de atenci\u00f3n a la salud mental, que implica\u2026","rel":"","context":"En &quot;Noticias&quot;","img":{"alt_text":"","src":"https:\/\/i0.wp.com\/lafuente.mx\/wp-content\/uploads\/2022\/08\/Conversatorio_0004_DSC_0429-edited-e1661872224213.jpg?fit=523%2C450&ssl=1&resize=350%2C200","width":350,"height":200},"classes":[]}],"jetpack_sharing_enabled":true,"jetpack_shortlink":"https:\/\/wp.me\/pe9WUx-TZ","_links":{"self":[{"href":"https:\/\/lafuente.mx\/index.php?rest_route=\/wp\/v2\/posts\/3471"}],"collection":[{"href":"https:\/\/lafuente.mx\/index.php?rest_route=\/wp\/v2\/posts"}],"about":[{"href":"https:\/\/lafuente.mx\/index.php?rest_route=\/wp\/v2\/types\/post"}],"author":[{"embeddable":true,"href":"https:\/\/lafuente.mx\/index.php?rest_route=\/wp\/v2\/users\/3"}],"replies":[{"embeddable":true,"href":"https:\/\/lafuente.mx\/index.php?rest_route=%2Fwp%2Fv2%2Fcomments&post=3471"}],"version-history":[{"count":3,"href":"https:\/\/lafuente.mx\/index.php?rest_route=\/wp\/v2\/posts\/3471\/revisions"}],"predecessor-version":[{"id":3479,"href":"https:\/\/lafuente.mx\/index.php?rest_route=\/wp\/v2\/posts\/3471\/revisions\/3479"}],"wp:featuredmedia":[{"embeddable":true,"href":"https:\/\/lafuente.mx\/index.php?rest_route=\/wp\/v2\/media\/3474"}],"wp:attachment":[{"href":"https:\/\/lafuente.mx\/index.php?rest_route=%2Fwp%2Fv2%2Fmedia&parent=3471"}],"wp:term":[{"taxonomy":"category","embeddable":true,"href":"https:\/\/lafuente.mx\/index.php?rest_route=%2Fwp%2Fv2%2Fcategories&post=3471"},{"taxonomy":"post_tag","embeddable":true,"href":"https:\/\/lafuente.mx\/index.php?rest_route=%2Fwp%2Fv2%2Ftags&post=3471"}],"curies":[{"name":"wp","href":"https:\/\/api.w.org\/{rel}","templated":true}]}}