{"id":3464,"date":"2025-11-24T19:30:25","date_gmt":"2025-11-24T19:30:25","guid":{"rendered":"https:\/\/lafuente.mx\/?p=3464"},"modified":"2025-11-24T19:30:27","modified_gmt":"2025-11-24T19:30:27","slug":"borrador-automatico-batas-blancas-cargas-invisibles-hablemos-de-salud-mental-medica","status":"publish","type":"post","link":"https:\/\/lafuente.mx\/?p=3464","title":{"rendered":"Batas blancas, cargas invisibles: hablemos de salud mental m\u00e9dica\u00a0"},"content":{"rendered":"\n<hr class=\"wp-block-separator has-text-color has-vivid-red-color has-alpha-channel-opacity has-vivid-red-background-color has-background is-style-wide\"\/>\n\n\n\n<p class=\"has-white-color has-vivid-cyan-blue-background-color has-text-color has-background has-small-font-size\">Nov 3, 2025 | Academia&nbsp;<\/p>\n\n\n\n<p class=\"has-medium-font-size\">El 28 de octubre se realiz\u00f3 una sesi\u00f3n m\u00e1s del foro Hablemos ClaraMENTE 2025, una iniciativa de la Coordinaci\u00f3n de Investigaci\u00f3n del Departamento de Psiquiatr\u00eda y Salud Mental (DPSM) de la Facultad de Medicina de la UNAM.&nbsp;&nbsp;<\/p>\n\n\n\n<p class=\"has-medium-font-size\">La doctora Ana Fres\u00e1n Orellana, investigadora en Ciencias M\u00e9dicas en la Subdirecci\u00f3n de Investigaciones Cl\u00ednicas del Instituto Nacional de Psiquiatr\u00eda Ram\u00f3n de la Fuente Mu\u00f1iz, y Jennifer Gasca Olvera, instructora del\u00a0 DPSM, estudiante de la carrera de M\u00e9dico Cirujano con formaci\u00f3n t\u00e9cnica en urgencias m\u00e9dicas y capacitaci\u00f3n en primeros auxilios psicol\u00f3gicos, presentaron el tema <strong>\u201cBatas blancas, cargas invisibles: hablemos de salud mental m\u00e9dica<\/strong>\u201d, moderado por su organizadora, la doctora Ingrid Vargas Huicochea, Coordinadora de Investigaci\u00f3n del DPSM, junto con la doctora Claudia Ram\u00edrez, psicoterapeuta experta en terapias contextuales y responsable del \u00e1rea de Capacitaci\u00f3n Continua del DPSM.\u00a0<\/p>\n\n\n\n<figure class=\"wp-block-image size-large\"><img decoding=\"async\" loading=\"lazy\" width=\"640\" height=\"323\" src=\"https:\/\/i0.wp.com\/lafuente.mx\/wp-content\/uploads\/2025\/11\/Captura-de-pantalla-2025-11-24-a-las-13.17.48-1024x517.png?resize=640%2C323&#038;ssl=1\" alt=\"\" class=\"wp-image-3465\" srcset=\"https:\/\/i0.wp.com\/lafuente.mx\/wp-content\/uploads\/2025\/11\/Captura-de-pantalla-2025-11-24-a-las-13.17.48.png?resize=1024%2C517&amp;ssl=1 1024w, https:\/\/i0.wp.com\/lafuente.mx\/wp-content\/uploads\/2025\/11\/Captura-de-pantalla-2025-11-24-a-las-13.17.48.png?resize=300%2C152&amp;ssl=1 300w, https:\/\/i0.wp.com\/lafuente.mx\/wp-content\/uploads\/2025\/11\/Captura-de-pantalla-2025-11-24-a-las-13.17.48.png?resize=768%2C388&amp;ssl=1 768w, https:\/\/i0.wp.com\/lafuente.mx\/wp-content\/uploads\/2025\/11\/Captura-de-pantalla-2025-11-24-a-las-13.17.48.png?w=1310&amp;ssl=1 1310w\" sizes=\"(max-width: 640px) 100vw, 640px\" data-recalc-dims=\"1\" \/><figcaption class=\"wp-element-caption\">Imagen: Gaceta UNAM<\/figcaption><\/figure>\n\n\n\n<p class=\"has-medium-font-size\">La doctora Ram\u00edrez abri\u00f3 el di\u00e1logo planteando los desaf\u00edos emocionales a los que se enfrentan los j\u00f3venes que ingresan a la carrera de Medicina, se\u00f1alando que muchos pasan de ser estudiantes destacados en el bachillerato a un entorno universitario sumamente exigente. En ese contexto, Jennifer Gasca comparti\u00f3 su experiencia personal: \u201cCuando sales de la prepa todo es f\u00e1cil, pero al llegar a Medicina te das cuenta de que no todo es como en las series. All\u00e1 los m\u00e9dicos son superh\u00e9roes, aqu\u00ed te das el golpe de realidad. Nadie te ense\u00f1a a cuidarte a ti mismo.\u201d&nbsp;<\/p>\n\n\n\n<p class=\"has-medium-font-size\">Describi\u00f3 c\u00f3mo, desde el inicio, el entorno competitivo y las expectativas familiares comienzan a generar presi\u00f3n, \u201cdesde que dices en tu casa que vas a ser m\u00e9dico, ya todos te ponen la etiqueta. Si repruebas o te va mal en una materia, te da pena decirlo, porque no quieres decepcionar a tu familia. Te lo guardas, y eso duele.\u201d&nbsp;<\/p>\n\n\n\n<p class=\"has-medium-font-size\">La doctora Ram\u00edrez coincidi\u00f3 en que el peso social de la carrera incrementa estas tensiones, \u201cparece que cargan las expectativas no s\u00f3lo personales, sino de toda una familia, y a veces de generaciones completas. Si adem\u00e1s eres el primer m\u00e9dico de tu familia, la carga se multiplica.\u201d&nbsp;<\/p>\n\n\n<div class=\"wp-block-image\">\n<figure class=\"aligncenter size-large is-resized\"><img decoding=\"async\" loading=\"lazy\" width=\"640\" height=\"960\" src=\"https:\/\/i0.wp.com\/lafuente.mx\/wp-content\/uploads\/2025\/11\/doctor-cansado-de-tiro-completo-sentado-1-683x1024.jpg?resize=640%2C960&#038;ssl=1\" alt=\"\" class=\"wp-image-3467\" style=\"aspect-ratio:0.6667240192704749;width:507px;height:auto\" srcset=\"https:\/\/i0.wp.com\/lafuente.mx\/wp-content\/uploads\/2025\/11\/doctor-cansado-de-tiro-completo-sentado-1-scaled.jpg?resize=683%2C1024&amp;ssl=1 683w, https:\/\/i0.wp.com\/lafuente.mx\/wp-content\/uploads\/2025\/11\/doctor-cansado-de-tiro-completo-sentado-1-scaled.jpg?resize=200%2C300&amp;ssl=1 200w, https:\/\/i0.wp.com\/lafuente.mx\/wp-content\/uploads\/2025\/11\/doctor-cansado-de-tiro-completo-sentado-1-scaled.jpg?resize=768%2C1152&amp;ssl=1 768w, https:\/\/i0.wp.com\/lafuente.mx\/wp-content\/uploads\/2025\/11\/doctor-cansado-de-tiro-completo-sentado-1-scaled.jpg?resize=1024%2C1536&amp;ssl=1 1024w, https:\/\/i0.wp.com\/lafuente.mx\/wp-content\/uploads\/2025\/11\/doctor-cansado-de-tiro-completo-sentado-1-scaled.jpg?resize=1365%2C2048&amp;ssl=1 1365w, https:\/\/i0.wp.com\/lafuente.mx\/wp-content\/uploads\/2025\/11\/doctor-cansado-de-tiro-completo-sentado-1-scaled.jpg?w=1707&amp;ssl=1 1707w, https:\/\/i0.wp.com\/lafuente.mx\/wp-content\/uploads\/2025\/11\/doctor-cansado-de-tiro-completo-sentado-1-scaled.jpg?w=1280 1280w\" sizes=\"(max-width: 640px) 100vw, 640px\" data-recalc-dims=\"1\" \/><\/figure><\/div>\n\n\n<p class=\"has-medium-font-size\">Durante su participaci\u00f3n, la doctora Ana Fres\u00e1n present\u00f3 resultados de una investigaci\u00f3n con m\u00e1s de 12 mil m\u00e9dicos en formaci\u00f3n: \u201cLa prevalencia de depresi\u00f3n, ansiedad y agotamiento emocional en residentes supera el 30 o 40%. Y la ideaci\u00f3n suicida es el doble de la que se reporta en la poblaci\u00f3n general, es alt\u00edsimo.\u201d Explic\u00f3 que este fen\u00f3meno se agrava por la normalizaci\u00f3n del silencio y el estigma, \u201ca los m\u00e9dicos se les ense\u00f1a que no se enferman, que no se cansan. La bata blanca se convierte en una armadura que termina pesando demasiado.\u201d&nbsp;<\/p>\n\n\n\n<p class=\"has-medium-font-size\">Por su parte, Jennifer narr\u00f3 que el maltrato en la formaci\u00f3n m\u00e9dica se asume como parte del proceso, \u201cmi mam\u00e1 me dijo: \u2018Est\u00e1s consciente de que te van a gritar y tratar mal, pero eso te va a formar el car\u00e1cter\u2019. Lo peor es que muchos lo creemos normal\u201d. Tambi\u00e9n habl\u00f3 de las diferencias de g\u00e9nero que a\u00fan persisten, \u201ca los hombres les dicen \u2018doctor\u2019, y a nosotras \u2018se\u00f1orita\u2019. Me ha pasado que un paciente no me hace caso porque piensa que no s\u00e9 lo que hago, s\u00f3lo porque soy mujer.\u201d&nbsp;<\/p>\n\n\n\n<p class=\"has-medium-font-size\">La doctora Fres\u00e1n confirm\u00f3 que su equipo ha documentado estas desigualdades, \u201chay m\u00e1s violencia emocional hacia las mujeres, pero la violencia f\u00edsica se ejerce m\u00e1s hacia los hombres. Adem\u00e1s, sobre las mujeres pesa la expectativa social de ser madres y cuidadoras, lo que a\u00f1ade otra carga a la carrera m\u00e9dica\u201d. La conversaci\u00f3n avanz\u00f3 hacia las consecuencias de esta cultura de la exigencia. Jennifer relat\u00f3 los sentimientos de soledad que viven muchos estudiantes: \u201cTe sientes solo, tus compa\u00f1eros compiten contigo, tus maestros te dicen que te aguantes, y en casa ya sab\u00edan que te iban a tratar mal. \u00bfCon qui\u00e9n hablas entonces?\u201d.&nbsp;<\/p>\n\n\n\n<p class=\"has-medium-font-size\">Igualmente, relat\u00f3 que algunos docentes justifican el maltrato como m\u00e9todo pedag\u00f3gico, \u201cun profesor nos dec\u00eda que deb\u00eda ser duro para que aprendi\u00e9ramos. Pero lo \u00fanico que generaba era miedo, miedo de hablar, de equivocarte\u201d.&nbsp;<\/p>\n\n\n\n<div class=\"wp-block-buttons is-layout-flex wp-block-buttons-is-layout-flex\">\n<div class=\"wp-block-button\"><a class=\"wp-block-button__link wp-element-button\" href=\"https:\/\/gaceta.facmed.unam.mx\/index.php\/2025\/11\/03\/batas-blancas-cargas-invisibles-hablemos-de-salud-mental-medica\/\">M\u00e1s informaci\u00f3n<\/a><\/div>\n<\/div>\n","protected":false},"excerpt":{"rendered":"<p>Nov 3, 2025 | Academia&nbsp; El 28 de octubre se realiz\u00f3 una sesi\u00f3n m\u00e1s del foro Hablemos ClaraMENTE 2025, una iniciativa de la Coordinaci\u00f3n de<\/p>\n","protected":false},"author":3,"featured_media":3465,"comment_status":"closed","ping_status":"closed","sticky":false,"template":"","format":"standard","meta":{"footnotes":"","jetpack_publicize_message":"","jetpack_is_tweetstorm":false,"jetpack_publicize_feature_enabled":true},"categories":[3],"tags":[34,1090,778,1088,21,1089,1087,324,794,1091,32],"jetpack_publicize_connections":[],"yoast_head":"<!-- This site is optimized with the Yoast SEO plugin v19.4 - https:\/\/yoast.com\/wordpress\/plugins\/seo\/ -->\n<title>Batas blancas, cargas invisibles: hablemos de salud mental m\u00e9dica\u00a0 -<\/title>\n<meta name=\"description\" content=\"El 28 de octubre se realiz\u00f3 una sesi\u00f3n m\u00e1s del foro Hablemos ClaraMENTE 2025\" \/>\n<meta name=\"robots\" content=\"index, follow, max-snippet:-1, max-image-preview:large, max-video-preview:-1\" \/>\n<link rel=\"canonical\" href=\"https:\/\/lafuente.mx\/?p=3464\" \/>\n<meta property=\"og:locale\" content=\"es_MX\" \/>\n<meta property=\"og:type\" content=\"article\" \/>\n<meta property=\"og:title\" content=\"Batas blancas, cargas invisibles: hablemos de salud mental m\u00e9dica\u00a0\" \/>\n<meta property=\"og:description\" content=\"El 28 de octubre se realiz\u00f3 una sesi\u00f3n m\u00e1s del foro Hablemos ClaraMENTE 2025\" \/>\n<meta property=\"og:url\" content=\"https:\/\/lafuente.mx\/?p=3464\" \/>\n<meta property=\"article:published_time\" content=\"2025-11-24T19:30:25+00:00\" \/>\n<meta property=\"article:modified_time\" content=\"2025-11-24T19:30:27+00:00\" \/>\n<meta property=\"og:image\" content=\"http:\/\/lafuente.mx\/wp-content\/uploads\/2025\/11\/Captura-de-pantalla-2025-11-24-a-las-13.17.48.png\" \/>\n\t<meta property=\"og:image:width\" content=\"1310\" \/>\n\t<meta property=\"og:image:height\" content=\"662\" \/>\n\t<meta property=\"og:image:type\" content=\"image\/png\" \/>\n<meta name=\"author\" content=\"Claudia Gallardo\" \/>\n<meta name=\"twitter:card\" content=\"summary_large_image\" \/>\n<meta name=\"twitter:title\" content=\"Batas blancas, cargas invisibles: hablemos de salud mental m\u00e9dica\u00a0\" \/>\n<meta name=\"twitter:description\" content=\"El 28 de octubre se realiz\u00f3 una sesi\u00f3n m\u00e1s del foro Hablemos ClaraMENTE 2025\" \/>\n<meta name=\"twitter:image\" content=\"https:\/\/i0.wp.com\/lafuente.mx\/wp-content\/uploads\/2025\/11\/Captura-de-pantalla-2025-11-24-a-las-13.17.48.png?fit=1310%2C662&ssl=1\" \/>\n<meta name=\"twitter:label1\" content=\"Escrito por\" \/>\n\t<meta name=\"twitter:data1\" content=\"Claudia Gallardo\" \/>\n\t<meta name=\"twitter:label2\" content=\"Tiempo de lectura\" \/>\n\t<meta name=\"twitter:data2\" content=\"4 minutos\" \/>\n<script type=\"application\/ld+json\" class=\"yoast-schema-graph\">{\"@context\":\"https:\/\/schema.org\",\"@graph\":[{\"@type\":\"WebSite\",\"@id\":\"https:\/\/lafuente.mx\/#website\",\"url\":\"https:\/\/lafuente.mx\/\",\"name\":\"\",\"description\":\"Informaci\u00f3n confiable sobre salud mental\",\"potentialAction\":[{\"@type\":\"SearchAction\",\"target\":{\"@type\":\"EntryPoint\",\"urlTemplate\":\"https:\/\/lafuente.mx\/?s={search_term_string}\"},\"query-input\":\"required name=search_term_string\"}],\"inLanguage\":\"es-MX\"},{\"@type\":\"WebPage\",\"@id\":\"https:\/\/lafuente.mx\/?p=3464\",\"url\":\"https:\/\/lafuente.mx\/?p=3464\",\"name\":\"Batas blancas, cargas invisibles: hablemos de salud mental m\u00e9dica\u00a0 -\",\"isPartOf\":{\"@id\":\"https:\/\/lafuente.mx\/#website\"},\"datePublished\":\"2025-11-24T19:30:25+00:00\",\"dateModified\":\"2025-11-24T19:30:27+00:00\",\"author\":{\"@id\":\"https:\/\/lafuente.mx\/#\/schema\/person\/603f3aa8e2f6f7879021ab722d39d6b0\"},\"description\":\"El 28 de octubre se realiz\u00f3 una sesi\u00f3n m\u00e1s del foro Hablemos ClaraMENTE 2025\",\"breadcrumb\":{\"@id\":\"https:\/\/lafuente.mx\/?p=3464#breadcrumb\"},\"inLanguage\":\"es-MX\",\"potentialAction\":[{\"@type\":\"ReadAction\",\"target\":[\"https:\/\/lafuente.mx\/?p=3464\"]}]},{\"@type\":\"BreadcrumbList\",\"@id\":\"https:\/\/lafuente.mx\/?p=3464#breadcrumb\",\"itemListElement\":[{\"@type\":\"ListItem\",\"position\":1,\"name\":\"Inicio\",\"item\":\"https:\/\/lafuente.mx\/\"},{\"@type\":\"ListItem\",\"position\":2,\"name\":\"Batas blancas, cargas invisibles: hablemos de salud mental m\u00e9dica\u00a0\"}]},{\"@type\":\"Person\",\"@id\":\"https:\/\/lafuente.mx\/#\/schema\/person\/603f3aa8e2f6f7879021ab722d39d6b0\",\"name\":\"Claudia Gallardo\",\"image\":{\"@type\":\"ImageObject\",\"inLanguage\":\"es-MX\",\"@id\":\"https:\/\/lafuente.mx\/#\/schema\/person\/image\/\",\"url\":\"https:\/\/secure.gravatar.com\/avatar\/bfe9c966af1ccfb9d17bcdb9d04e8815?s=96&d=mm&r=g\",\"contentUrl\":\"https:\/\/secure.gravatar.com\/avatar\/bfe9c966af1ccfb9d17bcdb9d04e8815?s=96&d=mm&r=g\",\"caption\":\"Claudia Gallardo\"},\"url\":\"https:\/\/lafuente.mx\/?author=3\"}]}<\/script>\n<!-- \/ Yoast SEO plugin. -->","yoast_head_json":{"title":"Batas blancas, cargas invisibles: hablemos de salud mental m\u00e9dica\u00a0 -","description":"El 28 de octubre se realiz\u00f3 una sesi\u00f3n m\u00e1s del foro Hablemos ClaraMENTE 2025","robots":{"index":"index","follow":"follow","max-snippet":"max-snippet:-1","max-image-preview":"max-image-preview:large","max-video-preview":"max-video-preview:-1"},"canonical":"https:\/\/lafuente.mx\/?p=3464","og_locale":"es_MX","og_type":"article","og_title":"Batas blancas, cargas invisibles: hablemos de salud mental m\u00e9dica\u00a0","og_description":"El 28 de octubre se realiz\u00f3 una sesi\u00f3n m\u00e1s del foro Hablemos ClaraMENTE 2025","og_url":"https:\/\/lafuente.mx\/?p=3464","article_published_time":"2025-11-24T19:30:25+00:00","article_modified_time":"2025-11-24T19:30:27+00:00","og_image":[{"width":1310,"height":662,"url":"http:\/\/lafuente.mx\/wp-content\/uploads\/2025\/11\/Captura-de-pantalla-2025-11-24-a-las-13.17.48.png","type":"image\/png"}],"author":"Claudia Gallardo","twitter_card":"summary_large_image","twitter_title":"Batas blancas, cargas invisibles: hablemos de salud mental m\u00e9dica\u00a0","twitter_description":"El 28 de octubre se realiz\u00f3 una sesi\u00f3n m\u00e1s del foro Hablemos ClaraMENTE 2025","twitter_image":"https:\/\/i0.wp.com\/lafuente.mx\/wp-content\/uploads\/2025\/11\/Captura-de-pantalla-2025-11-24-a-las-13.17.48.png?fit=1310%2C662&ssl=1","twitter_misc":{"Escrito por":"Claudia Gallardo","Tiempo de lectura":"4 minutos"},"schema":{"@context":"https:\/\/schema.org","@graph":[{"@type":"WebSite","@id":"https:\/\/lafuente.mx\/#website","url":"https:\/\/lafuente.mx\/","name":"","description":"Informaci\u00f3n confiable sobre salud mental","potentialAction":[{"@type":"SearchAction","target":{"@type":"EntryPoint","urlTemplate":"https:\/\/lafuente.mx\/?s={search_term_string}"},"query-input":"required name=search_term_string"}],"inLanguage":"es-MX"},{"@type":"WebPage","@id":"https:\/\/lafuente.mx\/?p=3464","url":"https:\/\/lafuente.mx\/?p=3464","name":"Batas blancas, cargas invisibles: hablemos de salud mental m\u00e9dica\u00a0 -","isPartOf":{"@id":"https:\/\/lafuente.mx\/#website"},"datePublished":"2025-11-24T19:30:25+00:00","dateModified":"2025-11-24T19:30:27+00:00","author":{"@id":"https:\/\/lafuente.mx\/#\/schema\/person\/603f3aa8e2f6f7879021ab722d39d6b0"},"description":"El 28 de octubre se realiz\u00f3 una sesi\u00f3n m\u00e1s del foro Hablemos ClaraMENTE 2025","breadcrumb":{"@id":"https:\/\/lafuente.mx\/?p=3464#breadcrumb"},"inLanguage":"es-MX","potentialAction":[{"@type":"ReadAction","target":["https:\/\/lafuente.mx\/?p=3464"]}]},{"@type":"BreadcrumbList","@id":"https:\/\/lafuente.mx\/?p=3464#breadcrumb","itemListElement":[{"@type":"ListItem","position":1,"name":"Inicio","item":"https:\/\/lafuente.mx\/"},{"@type":"ListItem","position":2,"name":"Batas blancas, cargas invisibles: hablemos de salud mental m\u00e9dica\u00a0"}]},{"@type":"Person","@id":"https:\/\/lafuente.mx\/#\/schema\/person\/603f3aa8e2f6f7879021ab722d39d6b0","name":"Claudia Gallardo","image":{"@type":"ImageObject","inLanguage":"es-MX","@id":"https:\/\/lafuente.mx\/#\/schema\/person\/image\/","url":"https:\/\/secure.gravatar.com\/avatar\/bfe9c966af1ccfb9d17bcdb9d04e8815?s=96&d=mm&r=g","contentUrl":"https:\/\/secure.gravatar.com\/avatar\/bfe9c966af1ccfb9d17bcdb9d04e8815?s=96&d=mm&r=g","caption":"Claudia Gallardo"},"url":"https:\/\/lafuente.mx\/?author=3"}]}},"jetpack_featured_media_url":"https:\/\/i0.wp.com\/lafuente.mx\/wp-content\/uploads\/2025\/11\/Captura-de-pantalla-2025-11-24-a-las-13.17.48.png?fit=1310%2C662&ssl=1","jetpack-related-posts":[{"id":3641,"url":"https:\/\/lafuente.mx\/?p=3641","url_meta":{"origin":3464,"position":0},"title":"Retos cl\u00ednicos y jur\u00eddicos de la psiquiatr\u00eda contempor\u00e1nea\u00a0","date":"abril 7, 2026","format":false,"excerpt":"Mar 4, 2026 |\u00a0Academia\u00a0 La salud mental a trav\u00e9s de la pr\u00e1ctica de la psiquiatr\u00eda enfrenta retos crecientes derivados de la complejidad biol\u00f3gica de los trastornos mentales y de las implicaciones cl\u00ednicas, jur\u00eddicas e institucionales que acompa\u00f1an su atenci\u00f3n. En este escenario, los avances en inmunolog\u00eda, neurolog\u00eda y gen\u00e9tica han\u2026","rel":"","context":"En &quot;Noticias&quot;","img":{"alt_text":"","src":"https:\/\/i0.wp.com\/lafuente.mx\/wp-content\/uploads\/2026\/04\/DR-Nicolas-M.jpg?fit=1200%2C857&ssl=1&resize=350%2C200","width":350,"height":200},"classes":[]},{"id":3554,"url":"https:\/\/lafuente.mx\/?p=3554","url_meta":{"origin":3464,"position":1},"title":"Gen\u00e9tica psiqui\u00e1trica\u00a0","date":"enero 21, 2026","format":false,"excerpt":"Dic 2, 2025 |\u00a0Academia\u00a0 La Facultad de Medicina de la UNAM realiz\u00f3 una nueva sesi\u00f3n del Seminario sobre Medicina y Salud dedicada al tema \u201cGen\u00e9tica Psiqui\u00e1trica\u201d, impartida por el doctor Humberto Nicolini S\u00e1nchez,\u00a0Jefe\u00a0del Laboratorio de Enfermedades Psiqui\u00e1tricas, Neurodegenerativas y Adicciones del Instituto Nacional de Medicina Gen\u00f3mica, y moderada por el\u2026","rel":"","context":"En &quot;Noticias&quot;","img":{"alt_text":"","src":"https:\/\/i0.wp.com\/lafuente.mx\/wp-content\/uploads\/2026\/01\/Humberto-Nicolini-1-scaled.jpg?fit=1200%2C763&ssl=1&resize=350%2C200","width":350,"height":200},"classes":[]},{"id":2950,"url":"https:\/\/lafuente.mx\/?p=2950","url_meta":{"origin":3464,"position":2},"title":"Las adicciones y la salud mental en M\u00e9xico\u00a0","date":"junio 9, 2025","format":false,"excerpt":"Junio, 2025\u00a0 \u201cLas adicciones est\u00e1n consideradas como una enfermedad mental y registran una mortalidad excesiva que tambi\u00e9n tenemos que atender y que no necesariamente se incluye cuando se hacen las evaluaciones de cu\u00e1l es la carga de la enfermedad mental\u201d, coment\u00f3 la doctora Mar\u00eda Elena Medina Mora Icaza, responsable del\u2026","rel":"","context":"En &quot;Noticias&quot;","img":{"alt_text":"","src":"https:\/\/i0.wp.com\/lafuente.mx\/wp-content\/uploads\/2025\/06\/Captura-de-pantalla-2025-06-06-a-las-11.57.12.png?fit=874%2C840&ssl=1&resize=350%2C200","width":350,"height":200},"classes":[]},{"id":2683,"url":"https:\/\/lafuente.mx\/?p=2683","url_meta":{"origin":3464,"position":3},"title":"Por la eliminaci\u00f3n de la violencia contra las mujeres y las ni\u00f1as en la formaci\u00f3n y la pr\u00e1ctica m\u00e9dica\u00a0","date":"diciembre 3, 2024","format":false,"excerpt":"Nov 28, 2024\u00a0|\u00a0Academia\u00a0 Como parte de las actividades que realiza la Facultad de Medicina de la UNAM en el marco de la conmemoraci\u00f3n del D\u00eda Internacional de la Eliminaci\u00f3n de la Violencia contra las Mujeres y las Ni\u00f1as,\u00a0se realiz\u00f3 el conversatorio \u201cPor la Eliminaci\u00f3n de la Violencia contra las Mujeres\u2026","rel":"","context":"En &quot;Noticias&quot;","img":{"alt_text":"","src":"https:\/\/i0.wp.com\/lafuente.mx\/wp-content\/uploads\/2024\/12\/Captura-de-pantalla-2024-12-03-a-las-9.34.47.png?fit=1200%2C816&ssl=1&resize=350%2C200","width":350,"height":200},"classes":[]},{"id":3412,"url":"https:\/\/lafuente.mx\/?p=3412","url_meta":{"origin":3464,"position":4},"title":"D\u00eda del m\u00e9dico","date":"octubre 23, 2025","format":false,"excerpt":"23 de octubre El D\u00eda del M\u00e9dico en M\u00e9xico se celebra cada\u00a023 de octubre\u00a0en conmemoraci\u00f3n de la creaci\u00f3n del Establecimiento de Ciencias M\u00e9dicas en 1833. Esta fecha fue elegida para honrar la labor m\u00e9dica y coincide con la inauguraci\u00f3n de esta instituci\u00f3n, que es un antecedente de la actual Facultad\u2026","rel":"","context":"En &quot;Efem\u00e9rides de Salud Mental&quot;","img":{"alt_text":"","src":"https:\/\/i0.wp.com\/lafuente.mx\/wp-content\/uploads\/2025\/10\/Captura-de-pantalla-2025-10-20-a-las-14.17.59.png?fit=1200%2C777&ssl=1&resize=350%2C200","width":350,"height":200},"classes":[]},{"id":506,"url":"https:\/\/lafuente.mx\/?p=506","url_meta":{"origin":3464,"position":5},"title":"Cuidar y ser madre durante la pandemia del SARS-COV2: caracter\u00edsticas de las m\u00e9dicos-madres durante la COVID-19 y su impacto en la salud mental\u00a0","date":"octubre 28, 2022","format":false,"excerpt":"Ingrid Vargas-Huicochea,1 Shoshana Berenzon, 2 Silvia AracelyTafoya,1 Diana Patricia Gu\u00edzar-S\u00e1nchez,3 NoraKelsall, 4 Ana Carolina Rodr\u00edguez-Machain, 1 Atenea Lanz-Uribe 5\u00a0 1 Departamento de Psiquiatr\u00eda y Salud Mental, Facultad de Medicina, Universidad Nacional Aut\u00f3noma de M\u00e9xico, Ciudad de M\u00e9xico, M\u00e9xico.\u00a0 2 Direcci\u00f3n de Investigaciones Epidemiol\u00f3gicas y Psicosociales, Instituto Nacional de Psiquiatr\u00eda Ram\u00f3n\u2026","rel":"","context":"En &quot;Revista Salud Mental&quot;","img":{"alt_text":"","src":"https:\/\/i0.wp.com\/lafuente.mx\/wp-content\/uploads\/2022\/10\/DSC_0300-edited-scaled.jpg?fit=1200%2C797&ssl=1&resize=350%2C200","width":350,"height":200},"classes":[]}],"jetpack_sharing_enabled":true,"jetpack_shortlink":"https:\/\/wp.me\/pe9WUx-TS","_links":{"self":[{"href":"https:\/\/lafuente.mx\/index.php?rest_route=\/wp\/v2\/posts\/3464"}],"collection":[{"href":"https:\/\/lafuente.mx\/index.php?rest_route=\/wp\/v2\/posts"}],"about":[{"href":"https:\/\/lafuente.mx\/index.php?rest_route=\/wp\/v2\/types\/post"}],"author":[{"embeddable":true,"href":"https:\/\/lafuente.mx\/index.php?rest_route=\/wp\/v2\/users\/3"}],"replies":[{"embeddable":true,"href":"https:\/\/lafuente.mx\/index.php?rest_route=%2Fwp%2Fv2%2Fcomments&post=3464"}],"version-history":[{"count":2,"href":"https:\/\/lafuente.mx\/index.php?rest_route=\/wp\/v2\/posts\/3464\/revisions"}],"predecessor-version":[{"id":3470,"href":"https:\/\/lafuente.mx\/index.php?rest_route=\/wp\/v2\/posts\/3464\/revisions\/3470"}],"wp:featuredmedia":[{"embeddable":true,"href":"https:\/\/lafuente.mx\/index.php?rest_route=\/wp\/v2\/media\/3465"}],"wp:attachment":[{"href":"https:\/\/lafuente.mx\/index.php?rest_route=%2Fwp%2Fv2%2Fmedia&parent=3464"}],"wp:term":[{"taxonomy":"category","embeddable":true,"href":"https:\/\/lafuente.mx\/index.php?rest_route=%2Fwp%2Fv2%2Fcategories&post=3464"},{"taxonomy":"post_tag","embeddable":true,"href":"https:\/\/lafuente.mx\/index.php?rest_route=%2Fwp%2Fv2%2Ftags&post=3464"}],"curies":[{"name":"wp","href":"https:\/\/api.w.org\/{rel}","templated":true}]}}