{"id":3461,"date":"2025-11-20T20:38:05","date_gmt":"2025-11-20T20:38:05","guid":{"rendered":"https:\/\/lafuente.mx\/?p=3461"},"modified":"2025-11-20T20:38:08","modified_gmt":"2025-11-20T20:38:08","slug":"borrador-automatico-alcohol-cuidados-parentales-crianza-consumo","status":"publish","type":"post","link":"https:\/\/lafuente.mx\/?p=3461","title":{"rendered":"La interrelaci\u00f3n del consumo de alcohol de los padres, las pr\u00e1cticas de los padres y el consumo excesivo de alcohol entre estudiantes de secundaria y preparatoria: an\u00e1lisis de una encuesta nacional\u00a0"},"content":{"rendered":"\n<hr class=\"wp-block-separator has-text-color has-vivid-cyan-blue-color has-alpha-channel-opacity has-vivid-cyan-blue-background-color has-background is-style-wide\"\/>\n\n\n\n<p class=\"has-small-font-size\"><strong>Raquel Mondrag\u00f3n G\u00f3mez 1, Jorge A. Villatoro Vel\u00e1zquez 2,\u00a0<\/strong><\/p>\n\n\n\n<p class=\"has-small-font-size\"><strong>*Maria Elena Medina-Mora Icaza1, 3, 4 Emilia Lucio y G\u00f3mez Maqueo 1\u00a0<\/strong><\/p>\n\n\n\n<p class=\"has-text-color has-small-font-size\" style=\"color:#5a5a5b\">1 Facultad de Psicolog\u00eda, Universidad Nacional Aut\u00f3noma de M\u00e9xico (UNAM), Ciudad de M\u00e9xico, M\u00e9xico&nbsp;<\/p>\n\n\n\n<p class=\"has-text-color has-small-font-size\" style=\"color:#5a5a5b\">2 Instituto Nacional de Psiquiatr\u00eda Ram\u00f3n de la Fuente Mu\u00f1iz (INPRFM), Ciudad de M\u00e9xico, M\u00e9xico&nbsp;<\/p>\n\n\n\n<p class=\"has-text-color has-small-font-size\" style=\"color:#5a5a5b\">3 Centro de Investigaci\u00f3n en Salud Mental Global INPRFM UNAM, Ciudad de M\u00e9xico, M\u00e9xico&nbsp;<\/p>\n\n\n\n<p class=\"has-text-color has-small-font-size\" style=\"color:#5a5a5b\">4 Seminario de Estudios Globales, Facultad de Medicina, Universidad Nacional Aut\u00f3noma de M\u00e9xico (UNAM), Ciudad de M\u00e9xico, M\u00e9xico\u00a0<\/p>\n\n\n\n<hr class=\"wp-block-separator has-text-color has-vivid-cyan-blue-color has-alpha-channel-opacity has-vivid-cyan-blue-background-color has-background is-style-wide\"\/>\n\n\n\n<p class=\"has-text-color has-medium-font-size\" style=\"color:#043255\"><strong>Introducci\u00f3n:<\/strong> Comprender el papel de las pr\u00e1cticas de crianza y su posible efecto de interacci\u00f3n entre el consumo de alcohol de los padres y los adolescentes es de vital importancia para informar y desarrollar intervenciones destinadas a prevenir el consumo excesivo de alcohol entre los adolescentes.&nbsp;<\/p>\n\n\n\n<p class=\"has-text-color has-medium-font-size\" style=\"color:#043255\"><strong>Objetivo:<\/strong> Evaluar el efecto del consumo problem\u00e1tico de alcohol y las pr\u00e1cticas parentales sobre el consumo de alcohol entre los estudiantes, utilizando una muestra representativa a nivel nacional de adolescentes en M\u00e9xico.\u00a0<\/p>\n\n\n\n<figure class=\"wp-block-image size-large\"><img decoding=\"async\" loading=\"lazy\" width=\"640\" height=\"427\" src=\"https:\/\/i0.wp.com\/lafuente.mx\/wp-content\/uploads\/2025\/11\/ChatGPT-Image-20-nov-2025-02_33_11-p.m-1024x683.png?resize=640%2C427&#038;ssl=1\" alt=\"\" class=\"wp-image-3462\" srcset=\"https:\/\/i0.wp.com\/lafuente.mx\/wp-content\/uploads\/2025\/11\/ChatGPT-Image-20-nov-2025-02_33_11-p.m.png?resize=1024%2C683&amp;ssl=1 1024w, https:\/\/i0.wp.com\/lafuente.mx\/wp-content\/uploads\/2025\/11\/ChatGPT-Image-20-nov-2025-02_33_11-p.m.png?resize=300%2C200&amp;ssl=1 300w, https:\/\/i0.wp.com\/lafuente.mx\/wp-content\/uploads\/2025\/11\/ChatGPT-Image-20-nov-2025-02_33_11-p.m.png?resize=768%2C512&amp;ssl=1 768w, https:\/\/i0.wp.com\/lafuente.mx\/wp-content\/uploads\/2025\/11\/ChatGPT-Image-20-nov-2025-02_33_11-p.m.png?w=1536&amp;ssl=1 1536w, https:\/\/i0.wp.com\/lafuente.mx\/wp-content\/uploads\/2025\/11\/ChatGPT-Image-20-nov-2025-02_33_11-p.m.png?w=1280 1280w\" sizes=\"(max-width: 640px) 100vw, 640px\" data-recalc-dims=\"1\" \/><figcaption class=\"wp-element-caption\">Imagen IA<\/figcaption><\/figure>\n\n\n\n<p class=\"has-text-color has-medium-font-size\" style=\"color:#043255\"><strong>Metodolog\u00eda:<\/strong> Se realiz\u00f3 un an\u00e1lisis secundario utilizando la Encuesta Nacional sobre el Uso de Drogas entre los Estudiantes, basada en datos de 114,364 estudiantes de secundaria y preparatoria. Se realiz\u00f3 un an\u00e1lisis multivariable de las razones de prevalencia (RP) utilizando modelos lineales generalizados (GLM) con log-link y distribuci\u00f3n binomial. A partir de este an\u00e1lisis global, se utiliz\u00f3 el comando nlcom para comparar las pr\u00e1cticas de crianza dentro de cada categor\u00eda de consumo problem\u00e1tico de alcohol por parte de los padres.&nbsp;<\/p>\n\n\n\n<p class=\"has-text-color has-medium-font-size\" style=\"color:#043255\"><strong>Resultados:<\/strong> Los resultados indicaron un mayor riesgo de consumo excesivo de alcohol entre los estudiantes que informaron haber tenido un padre con consumo problem\u00e1tico de alcohol y percibieron una supervisi\u00f3n negativa o falta de participaci\u00f3n de los padres (RP = 1,63 [IC 95%: 1,43-1,86]; RP = 1,36 [1,19-1,56], respectivamente); entre los que informaron un uso problem\u00e1tico en ambos padres y una supervisi\u00f3n negativa percibida (RP = 1,32 [IC 95%: 1,06-1,64]); de manera similar, entre aquellos cuyos padres no informaron un uso problem\u00e1tico, pero percibieron una supervisi\u00f3n negativa o pr\u00e1cticas de crianza negligentes (RP = 1,50 [IC 95%: 1,41-1,59]; RP = 1,13 [IC 95%: 1,04-1,24], respectivamente), y cuando no percibieron participaci\u00f3n o est\u00edmulo de los padres (RP = 1,44 [IC 95%: 1,35-1,53]; RP = 1,12 [IC del 95%: 1,04-1,24], respectivamente).&nbsp;<\/p>\n\n\n\n<p class=\"has-text-color has-medium-font-size\" style=\"color:#043255\"><strong>Discusi\u00f3n:<\/strong> Los hallazgos resaltan la importancia de desarrollar y fortalecer los esfuerzos de prevenci\u00f3n que promuevan pr\u00e1cticas de crianza positivas y mejoren la comprensi\u00f3n de los padres sobre c\u00f3mo su consumo de alcohol afecta el comportamiento de sus hijos.\u00a0<\/p>\n\n\n\n<hr class=\"wp-block-separator has-alpha-channel-opacity\"\/>\n\n\n\n<div class=\"wp-block-buttons is-layout-flex wp-block-buttons-is-layout-flex\">\n<div class=\"wp-block-button\"><a class=\"wp-block-button__link wp-element-button\" href=\"https:\/\/www.frontiersin.org\/journals\/public-health\/articles\/10.3389\/fpubh.2025.1662188\/full\">M\u00e1s informaci\u00f3n<\/a><\/div>\n<\/div>\n","protected":false},"excerpt":{"rendered":"<p>Raquel Mondrag\u00f3n G\u00f3mez 1, Jorge A. Villatoro Vel\u00e1zquez 2,\u00a0 *Maria Elena Medina-Mora Icaza1, 3, 4 Emilia Lucio y G\u00f3mez Maqueo 1\u00a0 1 Facultad de Psicolog\u00eda,<\/p>\n","protected":false},"author":3,"featured_media":3462,"comment_status":"closed","ping_status":"closed","sticky":false,"template":"","format":"standard","meta":{"footnotes":"","jetpack_publicize_message":"","jetpack_is_tweetstorm":false,"jetpack_publicize_feature_enabled":true},"categories":[10],"tags":[638,273,614,21,198,63,1086,32],"jetpack_publicize_connections":[],"yoast_head":"<!-- This site is optimized with the Yoast SEO plugin v19.4 - https:\/\/yoast.com\/wordpress\/plugins\/seo\/ -->\n<title>La interrelaci\u00f3n del consumo de alcohol de los padres, las pr\u00e1cticas de los padres y el consumo excesivo de alcohol entre estudiantes de secundaria y preparatoria: an\u00e1lisis de una encuesta nacional\u00a0 -<\/title>\n<meta name=\"description\" content=\"Comprender el papel de las pr\u00e1cticas de crianza y su posible efecto de interacci\u00f3n entre el consumo de alcohol de los padres y los adolescentes es de vital importancia\" \/>\n<meta name=\"robots\" content=\"index, follow, max-snippet:-1, max-image-preview:large, max-video-preview:-1\" \/>\n<link rel=\"canonical\" href=\"https:\/\/lafuente.mx\/?p=3461\" \/>\n<meta property=\"og:locale\" content=\"es_MX\" \/>\n<meta property=\"og:type\" content=\"article\" \/>\n<meta property=\"og:title\" content=\"La interrelaci\u00f3n del consumo de alcohol de los padres\" \/>\n<meta property=\"og:description\" content=\"Comprender el papel de las pr\u00e1cticas de crianza y su posible efecto de interacci\u00f3n entre el consumo de alcohol de los padres y los adolescentes es de vital importancia\" \/>\n<meta property=\"og:url\" content=\"https:\/\/lafuente.mx\/?p=3461\" \/>\n<meta property=\"article:published_time\" content=\"2025-11-20T20:38:05+00:00\" \/>\n<meta property=\"article:modified_time\" content=\"2025-11-20T20:38:08+00:00\" \/>\n<meta property=\"og:image\" content=\"http:\/\/lafuente.mx\/wp-content\/uploads\/2025\/11\/ChatGPT-Image-20-nov-2025-02_33_11-p.m-1024x683.png\" \/>\n\t<meta property=\"og:image:width\" content=\"1024\" \/>\n\t<meta property=\"og:image:height\" content=\"683\" \/>\n\t<meta property=\"og:image:type\" content=\"image\/png\" \/>\n<meta name=\"author\" content=\"Claudia Gallardo\" \/>\n<meta name=\"twitter:card\" content=\"summary_large_image\" \/>\n<meta name=\"twitter:title\" content=\"La interrelaci\u00f3n del consumo de alcohol de los padres\" \/>\n<meta name=\"twitter:description\" content=\"Comprender el papel de las pr\u00e1cticas de crianza y su posible efecto de interacci\u00f3n entre el consumo de alcohol de los padres y los adolescentes es de vital importancia\" \/>\n<meta name=\"twitter:image\" content=\"https:\/\/i0.wp.com\/lafuente.mx\/wp-content\/uploads\/2025\/11\/ChatGPT-Image-20-nov-2025-02_33_11-p.m.png?fit=1536%2C1024&ssl=1\" \/>\n<meta name=\"twitter:label1\" content=\"Escrito por\" \/>\n\t<meta name=\"twitter:data1\" content=\"Claudia Gallardo\" \/>\n\t<meta name=\"twitter:label2\" content=\"Tiempo de lectura\" \/>\n\t<meta name=\"twitter:data2\" content=\"2 minutos\" \/>\n<script type=\"application\/ld+json\" class=\"yoast-schema-graph\">{\"@context\":\"https:\/\/schema.org\",\"@graph\":[{\"@type\":\"WebSite\",\"@id\":\"https:\/\/lafuente.mx\/#website\",\"url\":\"https:\/\/lafuente.mx\/\",\"name\":\"\",\"description\":\"Informaci\u00f3n confiable sobre salud mental\",\"potentialAction\":[{\"@type\":\"SearchAction\",\"target\":{\"@type\":\"EntryPoint\",\"urlTemplate\":\"https:\/\/lafuente.mx\/?s={search_term_string}\"},\"query-input\":\"required name=search_term_string\"}],\"inLanguage\":\"es-MX\"},{\"@type\":\"WebPage\",\"@id\":\"https:\/\/lafuente.mx\/?p=3461\",\"url\":\"https:\/\/lafuente.mx\/?p=3461\",\"name\":\"La interrelaci\u00f3n del consumo de alcohol de los padres, las pr\u00e1cticas de los padres y el consumo excesivo de alcohol entre estudiantes de secundaria y preparatoria: an\u00e1lisis de una encuesta nacional\u00a0 -\",\"isPartOf\":{\"@id\":\"https:\/\/lafuente.mx\/#website\"},\"datePublished\":\"2025-11-20T20:38:05+00:00\",\"dateModified\":\"2025-11-20T20:38:08+00:00\",\"author\":{\"@id\":\"https:\/\/lafuente.mx\/#\/schema\/person\/603f3aa8e2f6f7879021ab722d39d6b0\"},\"description\":\"Comprender el papel de las pr\u00e1cticas de crianza y su posible efecto de interacci\u00f3n entre el consumo de alcohol de los padres y los adolescentes es de vital importancia\",\"breadcrumb\":{\"@id\":\"https:\/\/lafuente.mx\/?p=3461#breadcrumb\"},\"inLanguage\":\"es-MX\",\"potentialAction\":[{\"@type\":\"ReadAction\",\"target\":[\"https:\/\/lafuente.mx\/?p=3461\"]}]},{\"@type\":\"BreadcrumbList\",\"@id\":\"https:\/\/lafuente.mx\/?p=3461#breadcrumb\",\"itemListElement\":[{\"@type\":\"ListItem\",\"position\":1,\"name\":\"Inicio\",\"item\":\"https:\/\/lafuente.mx\/\"},{\"@type\":\"ListItem\",\"position\":2,\"name\":\"La interrelaci\u00f3n del consumo de alcohol de los padres, las pr\u00e1cticas de los padres y el consumo excesivo de alcohol entre estudiantes de secundaria y preparatoria: an\u00e1lisis de una encuesta nacional\u00a0\"}]},{\"@type\":\"Person\",\"@id\":\"https:\/\/lafuente.mx\/#\/schema\/person\/603f3aa8e2f6f7879021ab722d39d6b0\",\"name\":\"Claudia Gallardo\",\"image\":{\"@type\":\"ImageObject\",\"inLanguage\":\"es-MX\",\"@id\":\"https:\/\/lafuente.mx\/#\/schema\/person\/image\/\",\"url\":\"https:\/\/secure.gravatar.com\/avatar\/bfe9c966af1ccfb9d17bcdb9d04e8815?s=96&d=mm&r=g\",\"contentUrl\":\"https:\/\/secure.gravatar.com\/avatar\/bfe9c966af1ccfb9d17bcdb9d04e8815?s=96&d=mm&r=g\",\"caption\":\"Claudia Gallardo\"},\"url\":\"https:\/\/lafuente.mx\/?author=3\"}]}<\/script>\n<!-- \/ Yoast SEO plugin. -->","yoast_head_json":{"title":"La interrelaci\u00f3n del consumo de alcohol de los padres, las pr\u00e1cticas de los padres y el consumo excesivo de alcohol entre estudiantes de secundaria y preparatoria: an\u00e1lisis de una encuesta nacional\u00a0 -","description":"Comprender el papel de las pr\u00e1cticas de crianza y su posible efecto de interacci\u00f3n entre el consumo de alcohol de los padres y los adolescentes es de vital importancia","robots":{"index":"index","follow":"follow","max-snippet":"max-snippet:-1","max-image-preview":"max-image-preview:large","max-video-preview":"max-video-preview:-1"},"canonical":"https:\/\/lafuente.mx\/?p=3461","og_locale":"es_MX","og_type":"article","og_title":"La interrelaci\u00f3n del consumo de alcohol de los padres","og_description":"Comprender el papel de las pr\u00e1cticas de crianza y su posible efecto de interacci\u00f3n entre el consumo de alcohol de los padres y los adolescentes es de vital importancia","og_url":"https:\/\/lafuente.mx\/?p=3461","article_published_time":"2025-11-20T20:38:05+00:00","article_modified_time":"2025-11-20T20:38:08+00:00","og_image":[{"width":1024,"height":683,"url":"http:\/\/lafuente.mx\/wp-content\/uploads\/2025\/11\/ChatGPT-Image-20-nov-2025-02_33_11-p.m-1024x683.png","type":"image\/png"}],"author":"Claudia Gallardo","twitter_card":"summary_large_image","twitter_title":"La interrelaci\u00f3n del consumo de alcohol de los padres","twitter_description":"Comprender el papel de las pr\u00e1cticas de crianza y su posible efecto de interacci\u00f3n entre el consumo de alcohol de los padres y los adolescentes es de vital importancia","twitter_image":"https:\/\/i0.wp.com\/lafuente.mx\/wp-content\/uploads\/2025\/11\/ChatGPT-Image-20-nov-2025-02_33_11-p.m.png?fit=1536%2C1024&ssl=1","twitter_misc":{"Escrito por":"Claudia Gallardo","Tiempo de lectura":"2 minutos"},"schema":{"@context":"https:\/\/schema.org","@graph":[{"@type":"WebSite","@id":"https:\/\/lafuente.mx\/#website","url":"https:\/\/lafuente.mx\/","name":"","description":"Informaci\u00f3n confiable sobre salud mental","potentialAction":[{"@type":"SearchAction","target":{"@type":"EntryPoint","urlTemplate":"https:\/\/lafuente.mx\/?s={search_term_string}"},"query-input":"required name=search_term_string"}],"inLanguage":"es-MX"},{"@type":"WebPage","@id":"https:\/\/lafuente.mx\/?p=3461","url":"https:\/\/lafuente.mx\/?p=3461","name":"La interrelaci\u00f3n del consumo de alcohol de los padres, las pr\u00e1cticas de los padres y el consumo excesivo de alcohol entre estudiantes de secundaria y preparatoria: an\u00e1lisis de una encuesta nacional\u00a0 -","isPartOf":{"@id":"https:\/\/lafuente.mx\/#website"},"datePublished":"2025-11-20T20:38:05+00:00","dateModified":"2025-11-20T20:38:08+00:00","author":{"@id":"https:\/\/lafuente.mx\/#\/schema\/person\/603f3aa8e2f6f7879021ab722d39d6b0"},"description":"Comprender el papel de las pr\u00e1cticas de crianza y su posible efecto de interacci\u00f3n entre el consumo de alcohol de los padres y los adolescentes es de vital importancia","breadcrumb":{"@id":"https:\/\/lafuente.mx\/?p=3461#breadcrumb"},"inLanguage":"es-MX","potentialAction":[{"@type":"ReadAction","target":["https:\/\/lafuente.mx\/?p=3461"]}]},{"@type":"BreadcrumbList","@id":"https:\/\/lafuente.mx\/?p=3461#breadcrumb","itemListElement":[{"@type":"ListItem","position":1,"name":"Inicio","item":"https:\/\/lafuente.mx\/"},{"@type":"ListItem","position":2,"name":"La interrelaci\u00f3n del consumo de alcohol de los padres, las pr\u00e1cticas de los padres y el consumo excesivo de alcohol entre estudiantes de secundaria y preparatoria: an\u00e1lisis de una encuesta nacional\u00a0"}]},{"@type":"Person","@id":"https:\/\/lafuente.mx\/#\/schema\/person\/603f3aa8e2f6f7879021ab722d39d6b0","name":"Claudia Gallardo","image":{"@type":"ImageObject","inLanguage":"es-MX","@id":"https:\/\/lafuente.mx\/#\/schema\/person\/image\/","url":"https:\/\/secure.gravatar.com\/avatar\/bfe9c966af1ccfb9d17bcdb9d04e8815?s=96&d=mm&r=g","contentUrl":"https:\/\/secure.gravatar.com\/avatar\/bfe9c966af1ccfb9d17bcdb9d04e8815?s=96&d=mm&r=g","caption":"Claudia Gallardo"},"url":"https:\/\/lafuente.mx\/?author=3"}]}},"jetpack_featured_media_url":"https:\/\/i0.wp.com\/lafuente.mx\/wp-content\/uploads\/2025\/11\/ChatGPT-Image-20-nov-2025-02_33_11-p.m.png?fit=1536%2C1024&ssl=1","jetpack-related-posts":[{"id":2615,"url":"https:\/\/lafuente.mx\/?p=2615","url_meta":{"origin":3461,"position":0},"title":"Opiniones sobre el uso m\u00e9dico, recreativo y legalizaci\u00f3n de la marihuana en M\u00e9xico: resultados de una encuesta nacional\u00a0","date":"octubre 25, 2024","format":false,"excerpt":"Shoshana Berenzon-Gorn,1, Nayelhi Saavedra-Solano,1, Marycarmen Bustos-Gami\u00f1o,1, Raquel Mondrag\u00f3n,5, Clara Fleiz-Bautista,1,2, Silvia Carre\u00f1o,1, Mar\u00eda Elena Medina-Mora,1-4, Jorge Villatoro-Vel\u00e1zquez1,2\u00a0 Direcci\u00f3n de Investigaciones Epidemiol\u00f3gicas y Psicosociales, Instituto Nacional de Psiquiatr\u00eda Ram\u00f3n de la Fuente Mu\u00f1iz (INPRFM), Ciudad de M\u00e9xico, M\u00e9xico.\u00a0 \u00a0Seminario de Estudios de la Globalidad. Facultad de Medicina, Universidad Nacional Aut\u00f3noma de\u2026","rel":"","context":"En &quot;Revista Salud Mental&quot;","img":{"alt_text":"leaf, nature, flora-3065626.jpg","src":"https:\/\/i0.wp.com\/lafuente.mx\/wp-content\/uploads\/2024\/10\/leaf-nature-flora-3065626.jpg?fit=1200%2C800&ssl=1&resize=350%2C200","width":350,"height":200},"classes":[]},{"id":1349,"url":"https:\/\/lafuente.mx\/?p=1349","url_meta":{"origin":3461,"position":1},"title":"Mental Health &#038; Addiction: An Integrated Care in Latin America\u00a0","date":"junio 29, 2023","format":false,"excerpt":"Editor:\u00a0Orlando Scoppetta, Ph.D.\u00a0 Affiliation:\u00a0Nuevos Rumbos Corporation, Colombia\u00a0 Editor:\u00a0Augusto P\u00e9rez-G\u00f3mez, Ph.D.\u00a0 Affiliation:\u00a0Nuevos Rumbos Corporation, Colombia\u00a0 Editor:\u00a0Juliana Mej\u00eda Trujillo, M.A., Ph.D. Candidate\u00a0 Affiliation:\u00a0Maastricht University, Netherlands\u00a0 Editor:\u00a0Masood Zangeneh, Ph.D.\u00a0 Affiliation:\u00a0Humber College Institute of Technology and Advanced Learning, Canada\u00a0 Marycarmen Noem\u00ed Bustos Gami\u00f1o, Jorge A. Villatoro Vel\u00e1zquez, Norberto Francisco Hern\u00e1ndez Llanes, Clara Fleiz Bautista,\u2026","rel":"","context":"En &quot;Publicaciones&quot;","img":{"alt_text":"","src":"https:\/\/i0.wp.com\/lafuente.mx\/wp-content\/uploads\/2023\/06\/alcohol-getty.webp?fit=595%2C334&ssl=1&resize=350%2C200","width":350,"height":200},"classes":[]},{"id":1343,"url":"https:\/\/lafuente.mx\/?p=1343","url_meta":{"origin":3461,"position":2},"title":"Explora H: Una intervenci\u00f3n de bajo costo para la prevenci\u00f3n en salud mental\u00a0","date":"junio 27, 2023","format":false,"excerpt":"Imagen Explora H Autores*: Jorge A. Villatoro Vel\u00e1zquez, Itzia Sayuri Soto Hern\u00e1ndez, Marycarmen Bustos Gami\u00f1o, Raquel Mondrag\u00f3n G\u00f3mez.\u00a0 Las prevalencias del consumo de alcohol, tabaco y otras drogas en poblaci\u00f3n adolescente de nuestro pa\u00eds\u00a0y, en general, del continente americano,\u00a0han mostrado un incremento importante. As\u00ed mismo, se observ\u00f3 un incremento en\u2026","rel":"","context":"En &quot;Informaci\u00f3n de inter\u00e9s&quot;","img":{"alt_text":"","src":"https:\/\/i0.wp.com\/lafuente.mx\/wp-content\/uploads\/2023\/06\/Captura-de-Pantalla-2023-06-27-a-las-10.32.09.png?fit=1200%2C690&ssl=1&resize=350%2C200","width":350,"height":200},"classes":[]},{"id":1187,"url":"https:\/\/lafuente.mx\/?p=1187","url_meta":{"origin":3461,"position":3},"title":"Prevalencia de sintomatolog\u00eda y factores de riesgo en salud mental en M\u00e9xico: la cohorte ENCODAT 2016-17\u00a0","date":"mayo 2, 2023","format":false,"excerpt":"Por\u00a0Mar\u00eda Elena Medina Mora1,2,3\u00a0,Alma Delia Genis-Mendoza4,5,*,Jorge Ameth Villatoro Vel\u00e1zquez 1,6\u00a0, Marycarmen Bustos-Gami\u00f1o 6\u00a0, Clara Fleiz Bautista 1,6\u00a0, Beatriz Camarena 7\u00a0, Jos\u00e9 Jaime Mart\u00ednez-Maga\u00f1a 4\u00a0yHumberto Nicolini 4,*\u00a0 1\u00a0 Seminario de Estudios Globales, Facultad de Medicina, Universidad Nacional Aut\u00f3noma de M\u00e9xico (UNAM), Ciudad de M\u00e9xico 04510, M\u00e9xico\u00a0 2\u00a0 Director, Facultad de Psicolog\u00eda,\u2026","rel":"","context":"En &quot;Publicaciones&quot;","img":{"alt_text":"","src":"https:\/\/i0.wp.com\/lafuente.mx\/wp-content\/uploads\/2023\/05\/WhatsApp-Image-2023-05-15-at-10.36.19-AM.jpeg?fit=845%2C1200&ssl=1&resize=350%2C200","width":350,"height":200},"classes":[]},{"id":410,"url":"https:\/\/lafuente.mx\/?p=410","url_meta":{"origin":3461,"position":4},"title":"Inician en el Senado campa\u00f1a para prevenir consumo de alcohol\u00a0","date":"octubre 10, 2022","format":false,"excerpt":"Jorge Ameth Villatoro Vel\u00e1zquez, Investigador del Instituto Nacional de Psiquiatr\u00eda Ram\u00f3n de la Fuente Mu\u00f1iz, refiri\u00f3 que el consumo promedio de alcohol en el pa\u00eds es de 4.9 litros; el consumo per c\u00e1pita de los hombres de 15 a 65 a\u00f1os de edad es de 7.87 litros por persona, y\u2026","rel":"","context":"En &quot;Noticias&quot;","img":{"alt_text":"","src":"https:\/\/i0.wp.com\/lafuente.mx\/wp-content\/uploads\/2022\/10\/jovenes_4.jpeg?fit=560%2C368&ssl=1&resize=350%2C200","width":350,"height":200},"classes":[]},{"id":2201,"url":"https:\/\/lafuente.mx\/?p=2201","url_meta":{"origin":3461,"position":5},"title":"Las mujeres en M\u00e9xico son violentadas por sus parejas alcoholizadas\u00a0","date":"abril 11, 2024","format":false,"excerpt":"Mi\u00e9rcoles 6 de marzoPonentes: Mtra. Alejandra L\u00f3pez Montoya, Dra. Marta Romero, Dra. Claudia Ben\u00edtez Guzm\u00e1n y Dra. Raquel Mondrag\u00f3n Durante el tercer d\u00eda y cierre del \u201cForo sobre alcohol del consumo a la violencia\u201d las especialistas Martha Romero G, investigadora del Instituto Nacional de Psiquiatr\u00eda, Raquel Mondrag\u00f3n y Alejandra L\u00f3pez,\u2026","rel":"","context":"En &quot;Eventos externos&quot;","img":{"alt_text":"","src":"https:\/\/i0.wp.com\/lafuente.mx\/wp-content\/uploads\/2024\/04\/Captura-de-pantalla-2024-04-09-a-las-13.47.38.png?fit=1200%2C638&ssl=1&resize=350%2C200","width":350,"height":200},"classes":[]}],"jetpack_sharing_enabled":true,"jetpack_shortlink":"https:\/\/wp.me\/pe9WUx-TP","_links":{"self":[{"href":"https:\/\/lafuente.mx\/index.php?rest_route=\/wp\/v2\/posts\/3461"}],"collection":[{"href":"https:\/\/lafuente.mx\/index.php?rest_route=\/wp\/v2\/posts"}],"about":[{"href":"https:\/\/lafuente.mx\/index.php?rest_route=\/wp\/v2\/types\/post"}],"author":[{"embeddable":true,"href":"https:\/\/lafuente.mx\/index.php?rest_route=\/wp\/v2\/users\/3"}],"replies":[{"embeddable":true,"href":"https:\/\/lafuente.mx\/index.php?rest_route=%2Fwp%2Fv2%2Fcomments&post=3461"}],"version-history":[{"count":1,"href":"https:\/\/lafuente.mx\/index.php?rest_route=\/wp\/v2\/posts\/3461\/revisions"}],"predecessor-version":[{"id":3463,"href":"https:\/\/lafuente.mx\/index.php?rest_route=\/wp\/v2\/posts\/3461\/revisions\/3463"}],"wp:featuredmedia":[{"embeddable":true,"href":"https:\/\/lafuente.mx\/index.php?rest_route=\/wp\/v2\/media\/3462"}],"wp:attachment":[{"href":"https:\/\/lafuente.mx\/index.php?rest_route=%2Fwp%2Fv2%2Fmedia&parent=3461"}],"wp:term":[{"taxonomy":"category","embeddable":true,"href":"https:\/\/lafuente.mx\/index.php?rest_route=%2Fwp%2Fv2%2Fcategories&post=3461"},{"taxonomy":"post_tag","embeddable":true,"href":"https:\/\/lafuente.mx\/index.php?rest_route=%2Fwp%2Fv2%2Ftags&post=3461"}],"curies":[{"name":"wp","href":"https:\/\/api.w.org\/{rel}","templated":true}]}}