{"id":3437,"date":"2025-11-18T07:26:00","date_gmt":"2025-11-18T07:26:00","guid":{"rendered":"https:\/\/lafuente.mx\/?p=3437"},"modified":"2025-11-24T19:28:05","modified_gmt":"2025-11-24T19:28:05","slug":"dia-internacional-del-hombre","status":"publish","type":"post","link":"https:\/\/lafuente.mx\/?p=3437","title":{"rendered":"D\u00eda Internacional del Hombre\u00a0"},"content":{"rendered":"\n<p class=\"has-text-align-center has-text-color has-large-font-size\" style=\"color:#0718e3\"><strong>19 de noviembre&nbsp;<\/strong><\/p>\n\n\n\n<hr class=\"wp-block-separator has-text-color has-alpha-channel-opacity has-background is-style-wide\" style=\"background-color:#0718e3;color:#0718e3\"\/>\n\n\n<div class=\"wp-block-image\">\n<figure class=\"aligncenter size-large is-resized\"><img decoding=\"async\" loading=\"lazy\" width=\"640\" height=\"532\" src=\"https:\/\/i0.wp.com\/lafuente.mx\/wp-content\/uploads\/2025\/10\/Captura-de-pantalla-2025-10-30-a-las-10.29.55-1024x851.png?resize=640%2C532&#038;ssl=1\" alt=\"\" class=\"wp-image-3439\" style=\"aspect-ratio:1.2032902467685076;width:533px;height:auto\" srcset=\"https:\/\/i0.wp.com\/lafuente.mx\/wp-content\/uploads\/2025\/10\/Captura-de-pantalla-2025-10-30-a-las-10.29.55.png?resize=1024%2C851&amp;ssl=1 1024w, https:\/\/i0.wp.com\/lafuente.mx\/wp-content\/uploads\/2025\/10\/Captura-de-pantalla-2025-10-30-a-las-10.29.55.png?resize=300%2C249&amp;ssl=1 300w, https:\/\/i0.wp.com\/lafuente.mx\/wp-content\/uploads\/2025\/10\/Captura-de-pantalla-2025-10-30-a-las-10.29.55.png?resize=768%2C638&amp;ssl=1 768w, https:\/\/i0.wp.com\/lafuente.mx\/wp-content\/uploads\/2025\/10\/Captura-de-pantalla-2025-10-30-a-las-10.29.55.png?w=1480&amp;ssl=1 1480w, https:\/\/i0.wp.com\/lafuente.mx\/wp-content\/uploads\/2025\/10\/Captura-de-pantalla-2025-10-30-a-las-10.29.55.png?w=1280 1280w\" sizes=\"(max-width: 640px) 100vw, 640px\" data-recalc-dims=\"1\" \/><figcaption class=\"wp-element-caption\">Foto INPRFM<\/figcaption><\/figure><\/div>\n\n\n<p class=\"has-medium-font-size\">Esta fecha se conmemora desde 1992 con el prop\u00f3sito de <strong>reconocer el papel positivo de los hombres<\/strong> en la sociedad y promover su <strong>salud f\u00edsica y emocional<\/strong>.&nbsp;<br>El <strong>D\u00eda Internacional del Hombre<\/strong> busca tambi\u00e9n <strong>fomentar la igualdad de g\u00e9nero, la paz, la no violencia, la equidad, la tolerancia y el entendimiento<\/strong> entre todas las personas.&nbsp;<\/p>\n\n\n\n<p class=\"has-medium-font-size\">Una oportunidad para reconocer su papel en la construcci\u00f3n de una sociedad m\u00e1s emp\u00e1tica, justa y libre de estigmas.&nbsp;<\/p>\n\n\n<div class=\"wp-block-image\">\n<figure class=\"aligncenter size-large is-resized\"><img decoding=\"async\" loading=\"lazy\" width=\"640\" height=\"609\" src=\"https:\/\/i0.wp.com\/lafuente.mx\/wp-content\/uploads\/2025\/10\/Fco-enriquez-1024x975.jpg?resize=640%2C609&#038;ssl=1\" alt=\"\" class=\"wp-image-3438\" style=\"aspect-ratio:1.0497604128271287;width:621px;height:auto\" srcset=\"https:\/\/i0.wp.com\/lafuente.mx\/wp-content\/uploads\/2025\/10\/Fco-enriquez-scaled.jpg?resize=1024%2C975&amp;ssl=1 1024w, https:\/\/i0.wp.com\/lafuente.mx\/wp-content\/uploads\/2025\/10\/Fco-enriquez-scaled.jpg?resize=300%2C286&amp;ssl=1 300w, https:\/\/i0.wp.com\/lafuente.mx\/wp-content\/uploads\/2025\/10\/Fco-enriquez-scaled.jpg?resize=768%2C732&amp;ssl=1 768w, https:\/\/i0.wp.com\/lafuente.mx\/wp-content\/uploads\/2025\/10\/Fco-enriquez-scaled.jpg?resize=1536%2C1463&amp;ssl=1 1536w, https:\/\/i0.wp.com\/lafuente.mx\/wp-content\/uploads\/2025\/10\/Fco-enriquez-scaled.jpg?resize=2048%2C1951&amp;ssl=1 2048w, https:\/\/i0.wp.com\/lafuente.mx\/wp-content\/uploads\/2025\/10\/Fco-enriquez-scaled.jpg?w=1280 1280w, https:\/\/i0.wp.com\/lafuente.mx\/wp-content\/uploads\/2025\/10\/Fco-enriquez-scaled.jpg?w=1920 1920w\" sizes=\"(max-width: 640px) 100vw, 640px\" data-recalc-dims=\"1\" \/><figcaption class=\"wp-element-caption\">Foto INPRFM<\/figcaption><\/figure><\/div>\n\n\n<p class=\"has-text-align-center has-text-color has-large-font-size\" style=\"color:#0727e3\">Hablar de emociones, pedir ayuda y cuidar la salud mental <br><strong>no los hace menos fuertes, los hace m\u00e1s humanos.<\/strong>&nbsp;<\/p>\n","protected":false},"excerpt":{"rendered":"<p>19 de noviembre&nbsp; Esta fecha se conmemora desde 1992 con el prop\u00f3sito de reconocer el papel positivo de los hombres en la sociedad y promover<\/p>\n","protected":false},"author":3,"featured_media":3438,"comment_status":"closed","ping_status":"closed","sticky":false,"template":"","format":"standard","meta":{"footnotes":"","jetpack_publicize_message":"","jetpack_is_tweetstorm":false,"jetpack_publicize_feature_enabled":true},"categories":[13],"tags":[1067,1066,98,422,498,21,499,63,1065,1064,32],"jetpack_publicize_connections":[],"yoast_head":"<!-- This site is optimized with the Yoast SEO plugin v19.4 - https:\/\/yoast.com\/wordpress\/plugins\/seo\/ -->\n<title>D\u00eda Internacional del Hombre\u00a0 -<\/title>\n<meta name=\"description\" content=\"Esta fecha se conmemora desde 1992 con el prop\u00f3sito de reconocer el papel positivo de los hombres en la sociedad y promover su salud f\u00edsica y emocional.\u00a0\" \/>\n<meta name=\"robots\" content=\"index, follow, max-snippet:-1, max-image-preview:large, max-video-preview:-1\" \/>\n<link rel=\"canonical\" href=\"https:\/\/lafuente.mx\/?p=3437\" \/>\n<meta property=\"og:locale\" content=\"es_MX\" \/>\n<meta property=\"og:type\" content=\"article\" \/>\n<meta property=\"og:title\" content=\"D\u00eda Internacional del Hombre\" \/>\n<meta property=\"og:description\" content=\"Esta fecha se conmemora desde 1992 con el prop\u00f3sito de reconocer el papel positivo de los hombres en la sociedad y promover su salud f\u00edsica y emocional.\u00a0\" \/>\n<meta property=\"og:url\" content=\"https:\/\/lafuente.mx\/?p=3437\" \/>\n<meta property=\"article:published_time\" content=\"2025-11-18T07:26:00+00:00\" \/>\n<meta property=\"article:modified_time\" content=\"2025-11-24T19:28:05+00:00\" \/>\n<meta property=\"og:image\" content=\"http:\/\/lafuente.mx\/wp-content\/uploads\/2025\/10\/Fco-enriquez-scaled.jpg\" \/>\n\t<meta property=\"og:image:width\" content=\"2560\" \/>\n\t<meta property=\"og:image:height\" content=\"2439\" \/>\n\t<meta property=\"og:image:type\" content=\"image\/jpeg\" \/>\n<meta name=\"author\" content=\"Claudia Gallardo\" \/>\n<meta name=\"twitter:card\" content=\"summary_large_image\" \/>\n<meta name=\"twitter:title\" content=\"D\u00eda Internacional del Hombre\" \/>\n<meta name=\"twitter:description\" content=\"Esta fecha se conmemora desde 1992 con el prop\u00f3sito de reconocer el papel positivo de los hombres en la sociedad y promover su salud f\u00edsica y emocional.\u00a0\" \/>\n<meta name=\"twitter:image\" content=\"https:\/\/i0.wp.com\/lafuente.mx\/wp-content\/uploads\/2025\/10\/Fco-enriquez-scaled.jpg?fit=2560%2C2439&ssl=1\" \/>\n<meta name=\"twitter:label1\" content=\"Escrito por\" \/>\n\t<meta name=\"twitter:data1\" content=\"Claudia Gallardo\" \/>\n\t<meta name=\"twitter:label2\" content=\"Tiempo de lectura\" \/>\n\t<meta name=\"twitter:data2\" content=\"1 minuto\" \/>\n<script type=\"application\/ld+json\" class=\"yoast-schema-graph\">{\"@context\":\"https:\/\/schema.org\",\"@graph\":[{\"@type\":\"WebSite\",\"@id\":\"https:\/\/lafuente.mx\/#website\",\"url\":\"https:\/\/lafuente.mx\/\",\"name\":\"\",\"description\":\"Informaci\u00f3n confiable sobre salud mental\",\"potentialAction\":[{\"@type\":\"SearchAction\",\"target\":{\"@type\":\"EntryPoint\",\"urlTemplate\":\"https:\/\/lafuente.mx\/?s={search_term_string}\"},\"query-input\":\"required name=search_term_string\"}],\"inLanguage\":\"es-MX\"},{\"@type\":\"WebPage\",\"@id\":\"https:\/\/lafuente.mx\/?p=3437\",\"url\":\"https:\/\/lafuente.mx\/?p=3437\",\"name\":\"D\u00eda Internacional del Hombre\u00a0 -\",\"isPartOf\":{\"@id\":\"https:\/\/lafuente.mx\/#website\"},\"datePublished\":\"2025-11-18T07:26:00+00:00\",\"dateModified\":\"2025-11-24T19:28:05+00:00\",\"author\":{\"@id\":\"https:\/\/lafuente.mx\/#\/schema\/person\/603f3aa8e2f6f7879021ab722d39d6b0\"},\"description\":\"Esta fecha se conmemora desde 1992 con el prop\u00f3sito de reconocer el papel positivo de los hombres en la sociedad y promover su salud f\u00edsica y emocional.\u00a0\",\"breadcrumb\":{\"@id\":\"https:\/\/lafuente.mx\/?p=3437#breadcrumb\"},\"inLanguage\":\"es-MX\",\"potentialAction\":[{\"@type\":\"ReadAction\",\"target\":[\"https:\/\/lafuente.mx\/?p=3437\"]}]},{\"@type\":\"BreadcrumbList\",\"@id\":\"https:\/\/lafuente.mx\/?p=3437#breadcrumb\",\"itemListElement\":[{\"@type\":\"ListItem\",\"position\":1,\"name\":\"Inicio\",\"item\":\"https:\/\/lafuente.mx\/\"},{\"@type\":\"ListItem\",\"position\":2,\"name\":\"D\u00eda Internacional del Hombre\u00a0\"}]},{\"@type\":\"Person\",\"@id\":\"https:\/\/lafuente.mx\/#\/schema\/person\/603f3aa8e2f6f7879021ab722d39d6b0\",\"name\":\"Claudia Gallardo\",\"image\":{\"@type\":\"ImageObject\",\"inLanguage\":\"es-MX\",\"@id\":\"https:\/\/lafuente.mx\/#\/schema\/person\/image\/\",\"url\":\"https:\/\/secure.gravatar.com\/avatar\/bfe9c966af1ccfb9d17bcdb9d04e8815?s=96&d=mm&r=g\",\"contentUrl\":\"https:\/\/secure.gravatar.com\/avatar\/bfe9c966af1ccfb9d17bcdb9d04e8815?s=96&d=mm&r=g\",\"caption\":\"Claudia Gallardo\"},\"url\":\"https:\/\/lafuente.mx\/?author=3\"}]}<\/script>\n<!-- \/ Yoast SEO plugin. -->","yoast_head_json":{"title":"D\u00eda Internacional del Hombre\u00a0 -","description":"Esta fecha se conmemora desde 1992 con el prop\u00f3sito de reconocer el papel positivo de los hombres en la sociedad y promover su salud f\u00edsica y emocional.\u00a0","robots":{"index":"index","follow":"follow","max-snippet":"max-snippet:-1","max-image-preview":"max-image-preview:large","max-video-preview":"max-video-preview:-1"},"canonical":"https:\/\/lafuente.mx\/?p=3437","og_locale":"es_MX","og_type":"article","og_title":"D\u00eda Internacional del Hombre","og_description":"Esta fecha se conmemora desde 1992 con el prop\u00f3sito de reconocer el papel positivo de los hombres en la sociedad y promover su salud f\u00edsica y emocional.\u00a0","og_url":"https:\/\/lafuente.mx\/?p=3437","article_published_time":"2025-11-18T07:26:00+00:00","article_modified_time":"2025-11-24T19:28:05+00:00","og_image":[{"width":2560,"height":2439,"url":"http:\/\/lafuente.mx\/wp-content\/uploads\/2025\/10\/Fco-enriquez-scaled.jpg","type":"image\/jpeg"}],"author":"Claudia Gallardo","twitter_card":"summary_large_image","twitter_title":"D\u00eda Internacional del Hombre","twitter_description":"Esta fecha se conmemora desde 1992 con el prop\u00f3sito de reconocer el papel positivo de los hombres en la sociedad y promover su salud f\u00edsica y emocional.\u00a0","twitter_image":"https:\/\/i0.wp.com\/lafuente.mx\/wp-content\/uploads\/2025\/10\/Fco-enriquez-scaled.jpg?fit=2560%2C2439&ssl=1","twitter_misc":{"Escrito por":"Claudia Gallardo","Tiempo de lectura":"1 minuto"},"schema":{"@context":"https:\/\/schema.org","@graph":[{"@type":"WebSite","@id":"https:\/\/lafuente.mx\/#website","url":"https:\/\/lafuente.mx\/","name":"","description":"Informaci\u00f3n confiable sobre salud mental","potentialAction":[{"@type":"SearchAction","target":{"@type":"EntryPoint","urlTemplate":"https:\/\/lafuente.mx\/?s={search_term_string}"},"query-input":"required name=search_term_string"}],"inLanguage":"es-MX"},{"@type":"WebPage","@id":"https:\/\/lafuente.mx\/?p=3437","url":"https:\/\/lafuente.mx\/?p=3437","name":"D\u00eda Internacional del Hombre\u00a0 -","isPartOf":{"@id":"https:\/\/lafuente.mx\/#website"},"datePublished":"2025-11-18T07:26:00+00:00","dateModified":"2025-11-24T19:28:05+00:00","author":{"@id":"https:\/\/lafuente.mx\/#\/schema\/person\/603f3aa8e2f6f7879021ab722d39d6b0"},"description":"Esta fecha se conmemora desde 1992 con el prop\u00f3sito de reconocer el papel positivo de los hombres en la sociedad y promover su salud f\u00edsica y emocional.\u00a0","breadcrumb":{"@id":"https:\/\/lafuente.mx\/?p=3437#breadcrumb"},"inLanguage":"es-MX","potentialAction":[{"@type":"ReadAction","target":["https:\/\/lafuente.mx\/?p=3437"]}]},{"@type":"BreadcrumbList","@id":"https:\/\/lafuente.mx\/?p=3437#breadcrumb","itemListElement":[{"@type":"ListItem","position":1,"name":"Inicio","item":"https:\/\/lafuente.mx\/"},{"@type":"ListItem","position":2,"name":"D\u00eda Internacional del Hombre\u00a0"}]},{"@type":"Person","@id":"https:\/\/lafuente.mx\/#\/schema\/person\/603f3aa8e2f6f7879021ab722d39d6b0","name":"Claudia Gallardo","image":{"@type":"ImageObject","inLanguage":"es-MX","@id":"https:\/\/lafuente.mx\/#\/schema\/person\/image\/","url":"https:\/\/secure.gravatar.com\/avatar\/bfe9c966af1ccfb9d17bcdb9d04e8815?s=96&d=mm&r=g","contentUrl":"https:\/\/secure.gravatar.com\/avatar\/bfe9c966af1ccfb9d17bcdb9d04e8815?s=96&d=mm&r=g","caption":"Claudia Gallardo"},"url":"https:\/\/lafuente.mx\/?author=3"}]}},"jetpack_featured_media_url":"https:\/\/i0.wp.com\/lafuente.mx\/wp-content\/uploads\/2025\/10\/Fco-enriquez-scaled.jpg?fit=2560%2C2439&ssl=1","jetpack-related-posts":[{"id":1867,"url":"https:\/\/lafuente.mx\/?p=1867","url_meta":{"origin":3437,"position":0},"title":"D\u00eda Internacional del Hombre","date":"noviembre 15, 2023","format":false,"excerpt":"El 19 de noviembre, D\u00eda Internacional del Hombre, celebra en todo el mundo el valor positivo que los hombres aportan al mundo, a sus familias y comunidades.\u00a0Destacamos modelos positivos y creamos conciencia sobre el bienestar de los hombres.\u00a0 Nuestro tema para 2023 es \u201cCero suicidio masculino\u201d.\u00a0 Juntos podemos detener el\u2026","rel":"","context":"En &quot;Efem\u00e9rides de Salud Mental&quot;","img":{"alt_text":"","src":"https:\/\/i0.wp.com\/lafuente.mx\/wp-content\/uploads\/2023\/11\/hombres.jpeg?fit=1000%2C667&ssl=1&resize=350%2C200","width":350,"height":200},"classes":[]},{"id":3412,"url":"https:\/\/lafuente.mx\/?p=3412","url_meta":{"origin":3437,"position":1},"title":"D\u00eda del m\u00e9dico","date":"octubre 23, 2025","format":false,"excerpt":"23 de octubre El D\u00eda del M\u00e9dico en M\u00e9xico se celebra cada\u00a023 de octubre\u00a0en conmemoraci\u00f3n de la creaci\u00f3n del Establecimiento de Ciencias M\u00e9dicas en 1833. Esta fecha fue elegida para honrar la labor m\u00e9dica y coincide con la inauguraci\u00f3n de esta instituci\u00f3n, que es un antecedente de la actual Facultad\u2026","rel":"","context":"En &quot;Efem\u00e9rides de Salud Mental&quot;","img":{"alt_text":"","src":"https:\/\/i0.wp.com\/lafuente.mx\/wp-content\/uploads\/2025\/10\/Captura-de-pantalla-2025-10-20-a-las-14.17.59.png?fit=1200%2C777&ssl=1&resize=350%2C200","width":350,"height":200},"classes":[]},{"id":952,"url":"https:\/\/lafuente.mx\/?p=952","url_meta":{"origin":3437,"position":2},"title":"D\u00eda Nacional de las y los Psiquiatras","date":"marzo 22, 2023","format":false,"excerpt":"31 de marzo\u00a0 Imagen INPRFM \u201cEn el grado en que la salud y las enfermedades de los hombres est\u00e1n influidas por sus motivos, sus esperanzas, sus temores y sus contradicciones, el humanismo, no es s\u00f3lo un complemento, sino una dimensi\u00f3n necesaria de la medicina\u201d.\u00a0 En M\u00e9xico se instaur\u00f3 el 31\u2026","rel":"","context":"En &quot;Efem\u00e9rides de Salud Mental&quot;","img":{"alt_text":"","src":"https:\/\/i0.wp.com\/lafuente.mx\/wp-content\/uploads\/2023\/03\/INPRFM06.jpg?fit=800%2C500&ssl=1&resize=350%2C200","width":350,"height":200},"classes":[]},{"id":3067,"url":"https:\/\/lafuente.mx\/?p=3067","url_meta":{"origin":3437,"position":3},"title":"Tema del mes: Mujeres y ni\u00f1as en la ciencia","date":"julio 10, 2025","format":false,"excerpt":"FEBRERO 2025 Este febrero celebramos el d\u00e9cimo aniversario del \ud835\udc03\ud835\udc22\u0301\ud835\udc1a \ud835\udc08\ud835\udc27\ud835\udc2d\ud835\udc1e\ud835\udc2b\ud835\udc27\ud835\udc1a\ud835\udc1c\ud835\udc22\ud835\udc28\ud835\udc27\ud835\udc1a\ud835\udc25 \ud835\udc1d\ud835\udc1e \ud835\udc25\ud835\udc1a \ud835\udc0c\ud835\udc2e\ud835\udc23\ud835\udc1e\ud835\udc2b \ud835\udc32 \ud835\udc25\ud835\udc1a \ud835\udc0d\ud835\udc22\ud835\udc27\u0303\ud835\udc1a \ud835\udc1e\ud835\udc27 \ud835\udc25\ud835\udc1a \ud835\udc02\ud835\udc22\ud835\udc1e\ud835\udc27\ud835\udc1c\ud835\udc22\ud835\udc1a.Hoy queremos destacar a las mujeres de nuestro Instituto que desarrollan su trabajo en el INPRFM, quienes con su dedicaci\u00f3n y esfuerzo, contribuyen a mejorar la salud mental de la poblaci\u00f3n\u2026","rel":"","context":"En &quot;T\u00f3picos de salud mental&quot;","img":{"alt_text":"","src":"https:\/\/i0.wp.com\/lafuente.mx\/wp-content\/uploads\/2025\/07\/Efemerides_Mesa-de-trabajo-1.jpg?fit=1200%2C1200&ssl=1&resize=350%2C200","width":350,"height":200},"classes":[]},{"id":1744,"url":"https:\/\/lafuente.mx\/?p=1744","url_meta":{"origin":3437,"position":4},"title":"Tema del D\u00eda Mundial de la Salud Mental","date":"octubre 10, 2023","format":false,"excerpt":"'LA SALUD MENTAL ES UN DERECHO HUMANO UNIVERSAL'\u00a0 El 10 de octubre de 2023 celebraremos el D\u00eda Mundial de la Salud Mental con el tema 'La salud mental es un derecho humano universal' elegido mediante una votaci\u00f3n global abierta al p\u00fablico, incluidos los miembros, las partes interesadas y los partidarios\u2026","rel":"","context":"En &quot;Efem\u00e9rides de Salud Mental&quot;","img":{"alt_text":"","src":"https:\/\/i0.wp.com\/lafuente.mx\/wp-content\/uploads\/2023\/09\/salud-mental2.jpeg?fit=1200%2C541&ssl=1&resize=350%2C200","width":350,"height":200},"classes":[]},{"id":3498,"url":"https:\/\/lafuente.mx\/?p=3498","url_meta":{"origin":3437,"position":5},"title":"46\u00b0 Aniversario del Instituto Nacional de Psiquiatr\u00eda Ram\u00f3n de la Fuente Mu\u00f1iz","date":"diciembre 26, 2025","format":false,"excerpt":"Concebido por el Dr. Ram\u00f3n de la Fuente Mu\u00f1iz como un espacio para transformar la manera de comprender y atender la enfermedad mental, el Instituto Nacional de Psiquiatr\u00eda Ram\u00f3n de la Fuente Mu\u00f1iz celebra 46 a\u00f1os de historia, ciencia y compromiso social. Desde sus or\u00edgenes, el Instituto ha apostado por\u2026","rel":"","context":"En &quot;Efem\u00e9rides de Salud Mental&quot;","img":{"alt_text":"","src":"https:\/\/i0.wp.com\/lafuente.mx\/wp-content\/uploads\/2025\/12\/135560131_217238569991007_135080209465938120_n-1.jpg?fit=1082%2C417&ssl=1&resize=350%2C200","width":350,"height":200},"classes":[]}],"jetpack_sharing_enabled":true,"jetpack_shortlink":"https:\/\/wp.me\/pe9WUx-Tr","_links":{"self":[{"href":"https:\/\/lafuente.mx\/index.php?rest_route=\/wp\/v2\/posts\/3437"}],"collection":[{"href":"https:\/\/lafuente.mx\/index.php?rest_route=\/wp\/v2\/posts"}],"about":[{"href":"https:\/\/lafuente.mx\/index.php?rest_route=\/wp\/v2\/types\/post"}],"author":[{"embeddable":true,"href":"https:\/\/lafuente.mx\/index.php?rest_route=\/wp\/v2\/users\/3"}],"replies":[{"embeddable":true,"href":"https:\/\/lafuente.mx\/index.php?rest_route=%2Fwp%2Fv2%2Fcomments&post=3437"}],"version-history":[{"count":2,"href":"https:\/\/lafuente.mx\/index.php?rest_route=\/wp\/v2\/posts\/3437\/revisions"}],"predecessor-version":[{"id":3469,"href":"https:\/\/lafuente.mx\/index.php?rest_route=\/wp\/v2\/posts\/3437\/revisions\/3469"}],"wp:featuredmedia":[{"embeddable":true,"href":"https:\/\/lafuente.mx\/index.php?rest_route=\/wp\/v2\/media\/3438"}],"wp:attachment":[{"href":"https:\/\/lafuente.mx\/index.php?rest_route=%2Fwp%2Fv2%2Fmedia&parent=3437"}],"wp:term":[{"taxonomy":"category","embeddable":true,"href":"https:\/\/lafuente.mx\/index.php?rest_route=%2Fwp%2Fv2%2Fcategories&post=3437"},{"taxonomy":"post_tag","embeddable":true,"href":"https:\/\/lafuente.mx\/index.php?rest_route=%2Fwp%2Fv2%2Ftags&post=3437"}],"curies":[{"name":"wp","href":"https:\/\/api.w.org\/{rel}","templated":true}]}}