{"id":3425,"date":"2025-10-21T16:48:27","date_gmt":"2025-10-21T16:48:27","guid":{"rendered":"https:\/\/lafuente.mx\/?p=3425"},"modified":"2025-10-24T16:42:31","modified_gmt":"2025-10-24T16:42:31","slug":"la-enfermeria-en-salud-mental-pilar-en-el-desarrollo-de-la-sociedad","status":"publish","type":"post","link":"https:\/\/lafuente.mx\/?p=3425","title":{"rendered":"La enfermer\u00eda en salud mental: pilar en el desarrollo de la sociedad"},"content":{"rendered":"\n<hr class=\"wp-block-separator has-text-color has-alpha-channel-opacity has-background is-style-wide\" style=\"background-color:#00277a;color:#00277a\"\/>\n\n\n\n<p class=\"has-text-align-center has-text-color has-larger-font-size\" style=\"color:#142395\"><strong>Jornadas de Enfermer\u00eda<\/strong><\/p>\n\n\n\n<hr class=\"wp-block-separator has-text-color has-alpha-channel-opacity has-background is-style-wide\" style=\"background-color:#163688;color:#163688\"\/>\n\n\n\n<p class=\"has-text-align-center has-text-color has-large-font-size\" style=\"color:#e051cb\"><strong>22 y 23 de octubre 2025    De 8:00 a 14:00 h<\/strong><\/p>\n\n\n\n<hr class=\"wp-block-separator has-text-color has-alpha-channel-opacity has-background is-style-dots\" style=\"background-color:#ea00ff;color:#ea00ff\"\/>\n\n\n\n<p class=\"has-text-color has-medium-font-size\" style=\"color:#0797ae\"><strong>\u2022  Videoconferencias<\/strong><\/p>\n\n\n\n<p class=\"has-text-color has-medium-font-size\" style=\"color:#0797ae\">\u2022 <strong>Conferencias<\/strong> <strong>Magistrale<\/strong>s<\/p>\n\n\n\n<p class=\"has-text-color has-medium-font-size\" style=\"color:#0797ae\"><strong>\u2022 Mesas redondas<\/strong><\/p>\n\n\n\n<p class=\"has-text-color has-medium-font-size\" style=\"color:#0797ae\"><strong>\u2022 Talleres<\/strong><\/p>\n\n\n<div class=\"wp-block-image\">\n<figure class=\"aligncenter size-large is-resized\"><img decoding=\"async\" loading=\"lazy\" width=\"640\" height=\"588\" src=\"https:\/\/i0.wp.com\/lafuente.mx\/wp-content\/uploads\/2025\/10\/Captura-de-pantalla-2025-10-21-a-las-9.52.56-1024x941.png?resize=640%2C588&#038;ssl=1\" alt=\"\" class=\"wp-image-3426\" style=\"aspect-ratio:1.0882040382571732;width:639px;height:auto\" srcset=\"https:\/\/i0.wp.com\/lafuente.mx\/wp-content\/uploads\/2025\/10\/Captura-de-pantalla-2025-10-21-a-las-9.52.56.png?resize=1024%2C941&amp;ssl=1 1024w, https:\/\/i0.wp.com\/lafuente.mx\/wp-content\/uploads\/2025\/10\/Captura-de-pantalla-2025-10-21-a-las-9.52.56.png?resize=300%2C276&amp;ssl=1 300w, https:\/\/i0.wp.com\/lafuente.mx\/wp-content\/uploads\/2025\/10\/Captura-de-pantalla-2025-10-21-a-las-9.52.56.png?resize=768%2C706&amp;ssl=1 768w, https:\/\/i0.wp.com\/lafuente.mx\/wp-content\/uploads\/2025\/10\/Captura-de-pantalla-2025-10-21-a-las-9.52.56.png?resize=1536%2C1412&amp;ssl=1 1536w, https:\/\/i0.wp.com\/lafuente.mx\/wp-content\/uploads\/2025\/10\/Captura-de-pantalla-2025-10-21-a-las-9.52.56.png?w=1778&amp;ssl=1 1778w, https:\/\/i0.wp.com\/lafuente.mx\/wp-content\/uploads\/2025\/10\/Captura-de-pantalla-2025-10-21-a-las-9.52.56.png?w=1280 1280w\" sizes=\"(max-width: 640px) 100vw, 640px\" data-recalc-dims=\"1\" \/><\/figure><\/div>\n\n\n<p class=\"has-text-color\" style=\"color:#369cbb\">Transmisi\u00f3n en vivo por FB LIVE<\/p>\n\n\n\n<p class=\"has-text-color\" style=\"color:#369cbb\">Auditorio del Instituto Nacional de Psiquiatr\u00eda Ram\u00f3n de la Fuente <\/p>\n\n\n\n<p class=\"has-text-color\" style=\"color:#369cbb\">Entrada libre, cupo limitado<\/p>\n\n\n\n<div class=\"wp-block-buttons is-layout-flex wp-block-buttons-is-layout-flex\">\n<div class=\"wp-block-button\"><a class=\"wp-block-button__link has-background wp-element-button\" href=\"https:\/\/n9.cl\/ip5dt\" style=\"background-color:#1d3270\">Registro<\/a><\/div>\n\n\n\n<div class=\"wp-block-button\"><a class=\"wp-block-button__link has-background wp-element-button\" href=\"https:\/\/mcusercontent.com\/f24c52cb46e330c12bccd01c9\/files\/986de817-023b-d623-c506-35ca637a3acf\/Cartel_y_Prog_Jornadas_de_Enfermeri_a.pdf\" style=\"background-color:#16258a\">Programa<\/a><\/div>\n<\/div>\n","protected":false},"excerpt":{"rendered":"<p>Jornadas de Enfermer\u00eda 22 y 23 de octubre 2025 De 8:00 a 14:00 h \u2022 Videoconferencias \u2022 Conferencias Magistrales \u2022 Mesas redondas \u2022 Talleres Transmisi\u00f3n<\/p>\n","protected":false},"author":3,"featured_media":3426,"comment_status":"closed","ping_status":"closed","sticky":false,"template":"","format":"standard","meta":{"footnotes":"","jetpack_publicize_message":"","jetpack_is_tweetstorm":false,"jetpack_publicize_feature_enabled":true},"categories":[8],"tags":[468,276,21,550,1060,397,1059,32,71],"jetpack_publicize_connections":[],"yoast_head":"<!-- This site is optimized with the Yoast SEO plugin v19.4 - https:\/\/yoast.com\/wordpress\/plugins\/seo\/ -->\n<title>La enfermer\u00eda en salud mental: pilar en el desarrollo de la sociedad -<\/title>\n<meta name=\"description\" content=\"Participa en las Jornadas de enfermer\u00eda, habr\u00e1 videoconferencias, talleres, conferencias magistrales, mesas redondas\" \/>\n<meta name=\"robots\" content=\"index, follow, max-snippet:-1, max-image-preview:large, max-video-preview:-1\" \/>\n<link rel=\"canonical\" href=\"https:\/\/lafuente.mx\/?p=3425\" \/>\n<meta property=\"og:locale\" content=\"es_MX\" \/>\n<meta property=\"og:type\" content=\"article\" \/>\n<meta property=\"og:title\" content=\"La enfermer\u00eda en salud mental: pilar en el desarrollo de la sociedad\" \/>\n<meta property=\"og:description\" content=\"Participa en las Jornadas de enfermer\u00eda, habr\u00e1 videoconferencias, talleres, conferencias magistrales, mesas redondas\" \/>\n<meta property=\"og:url\" content=\"https:\/\/lafuente.mx\/?p=3425\" \/>\n<meta property=\"article:published_time\" content=\"2025-10-21T16:48:27+00:00\" \/>\n<meta property=\"article:modified_time\" content=\"2025-10-24T16:42:31+00:00\" \/>\n<meta property=\"og:image\" content=\"http:\/\/lafuente.mx\/wp-content\/uploads\/2025\/10\/Captura-de-pantalla-2025-10-21-a-las-9.52.56.png\" \/>\n\t<meta property=\"og:image:width\" content=\"1778\" \/>\n\t<meta property=\"og:image:height\" content=\"1634\" \/>\n\t<meta property=\"og:image:type\" content=\"image\/png\" \/>\n<meta name=\"author\" content=\"Claudia Gallardo\" \/>\n<meta name=\"twitter:card\" content=\"summary_large_image\" \/>\n<meta name=\"twitter:title\" content=\"La enfermer\u00eda en salud mental: pilar en el desarrollo de la sociedad\" \/>\n<meta name=\"twitter:description\" content=\"Participa en las Jornadas de enfermer\u00eda, habr\u00e1 videoconferencias, talleres, conferencias magistrales, mesas redondas\" \/>\n<meta name=\"twitter:image\" content=\"https:\/\/i0.wp.com\/lafuente.mx\/wp-content\/uploads\/2025\/10\/Captura-de-pantalla-2025-10-21-a-las-9.52.56.png?fit=1778%2C1634&ssl=1\" \/>\n<meta name=\"twitter:label1\" content=\"Escrito por\" \/>\n\t<meta name=\"twitter:data1\" content=\"Claudia Gallardo\" \/>\n<script type=\"application\/ld+json\" class=\"yoast-schema-graph\">{\"@context\":\"https:\/\/schema.org\",\"@graph\":[{\"@type\":\"WebSite\",\"@id\":\"https:\/\/lafuente.mx\/#website\",\"url\":\"https:\/\/lafuente.mx\/\",\"name\":\"\",\"description\":\"Informaci\u00f3n confiable sobre salud mental\",\"potentialAction\":[{\"@type\":\"SearchAction\",\"target\":{\"@type\":\"EntryPoint\",\"urlTemplate\":\"https:\/\/lafuente.mx\/?s={search_term_string}\"},\"query-input\":\"required name=search_term_string\"}],\"inLanguage\":\"es-MX\"},{\"@type\":\"WebPage\",\"@id\":\"https:\/\/lafuente.mx\/?p=3425\",\"url\":\"https:\/\/lafuente.mx\/?p=3425\",\"name\":\"La enfermer\u00eda en salud mental: pilar en el desarrollo de la sociedad -\",\"isPartOf\":{\"@id\":\"https:\/\/lafuente.mx\/#website\"},\"datePublished\":\"2025-10-21T16:48:27+00:00\",\"dateModified\":\"2025-10-24T16:42:31+00:00\",\"author\":{\"@id\":\"https:\/\/lafuente.mx\/#\/schema\/person\/603f3aa8e2f6f7879021ab722d39d6b0\"},\"description\":\"Participa en las Jornadas de enfermer\u00eda, habr\u00e1 videoconferencias, talleres, conferencias magistrales, mesas redondas\",\"breadcrumb\":{\"@id\":\"https:\/\/lafuente.mx\/?p=3425#breadcrumb\"},\"inLanguage\":\"es-MX\",\"potentialAction\":[{\"@type\":\"ReadAction\",\"target\":[\"https:\/\/lafuente.mx\/?p=3425\"]}]},{\"@type\":\"BreadcrumbList\",\"@id\":\"https:\/\/lafuente.mx\/?p=3425#breadcrumb\",\"itemListElement\":[{\"@type\":\"ListItem\",\"position\":1,\"name\":\"Inicio\",\"item\":\"https:\/\/lafuente.mx\/\"},{\"@type\":\"ListItem\",\"position\":2,\"name\":\"La enfermer\u00eda en salud mental: pilar en el desarrollo de la sociedad\"}]},{\"@type\":\"Person\",\"@id\":\"https:\/\/lafuente.mx\/#\/schema\/person\/603f3aa8e2f6f7879021ab722d39d6b0\",\"name\":\"Claudia Gallardo\",\"image\":{\"@type\":\"ImageObject\",\"inLanguage\":\"es-MX\",\"@id\":\"https:\/\/lafuente.mx\/#\/schema\/person\/image\/\",\"url\":\"https:\/\/secure.gravatar.com\/avatar\/bfe9c966af1ccfb9d17bcdb9d04e8815?s=96&d=mm&r=g\",\"contentUrl\":\"https:\/\/secure.gravatar.com\/avatar\/bfe9c966af1ccfb9d17bcdb9d04e8815?s=96&d=mm&r=g\",\"caption\":\"Claudia Gallardo\"},\"url\":\"https:\/\/lafuente.mx\/?author=3\"}]}<\/script>\n<!-- \/ Yoast SEO plugin. -->","yoast_head_json":{"title":"La enfermer\u00eda en salud mental: pilar en el desarrollo de la sociedad -","description":"Participa en las Jornadas de enfermer\u00eda, habr\u00e1 videoconferencias, talleres, conferencias magistrales, mesas redondas","robots":{"index":"index","follow":"follow","max-snippet":"max-snippet:-1","max-image-preview":"max-image-preview:large","max-video-preview":"max-video-preview:-1"},"canonical":"https:\/\/lafuente.mx\/?p=3425","og_locale":"es_MX","og_type":"article","og_title":"La enfermer\u00eda en salud mental: pilar en el desarrollo de la sociedad","og_description":"Participa en las Jornadas de enfermer\u00eda, habr\u00e1 videoconferencias, talleres, conferencias magistrales, mesas redondas","og_url":"https:\/\/lafuente.mx\/?p=3425","article_published_time":"2025-10-21T16:48:27+00:00","article_modified_time":"2025-10-24T16:42:31+00:00","og_image":[{"width":1778,"height":1634,"url":"http:\/\/lafuente.mx\/wp-content\/uploads\/2025\/10\/Captura-de-pantalla-2025-10-21-a-las-9.52.56.png","type":"image\/png"}],"author":"Claudia Gallardo","twitter_card":"summary_large_image","twitter_title":"La enfermer\u00eda en salud mental: pilar en el desarrollo de la sociedad","twitter_description":"Participa en las Jornadas de enfermer\u00eda, habr\u00e1 videoconferencias, talleres, conferencias magistrales, mesas redondas","twitter_image":"https:\/\/i0.wp.com\/lafuente.mx\/wp-content\/uploads\/2025\/10\/Captura-de-pantalla-2025-10-21-a-las-9.52.56.png?fit=1778%2C1634&ssl=1","twitter_misc":{"Escrito por":"Claudia Gallardo"},"schema":{"@context":"https:\/\/schema.org","@graph":[{"@type":"WebSite","@id":"https:\/\/lafuente.mx\/#website","url":"https:\/\/lafuente.mx\/","name":"","description":"Informaci\u00f3n confiable sobre salud mental","potentialAction":[{"@type":"SearchAction","target":{"@type":"EntryPoint","urlTemplate":"https:\/\/lafuente.mx\/?s={search_term_string}"},"query-input":"required name=search_term_string"}],"inLanguage":"es-MX"},{"@type":"WebPage","@id":"https:\/\/lafuente.mx\/?p=3425","url":"https:\/\/lafuente.mx\/?p=3425","name":"La enfermer\u00eda en salud mental: pilar en el desarrollo de la sociedad -","isPartOf":{"@id":"https:\/\/lafuente.mx\/#website"},"datePublished":"2025-10-21T16:48:27+00:00","dateModified":"2025-10-24T16:42:31+00:00","author":{"@id":"https:\/\/lafuente.mx\/#\/schema\/person\/603f3aa8e2f6f7879021ab722d39d6b0"},"description":"Participa en las Jornadas de enfermer\u00eda, habr\u00e1 videoconferencias, talleres, conferencias magistrales, mesas redondas","breadcrumb":{"@id":"https:\/\/lafuente.mx\/?p=3425#breadcrumb"},"inLanguage":"es-MX","potentialAction":[{"@type":"ReadAction","target":["https:\/\/lafuente.mx\/?p=3425"]}]},{"@type":"BreadcrumbList","@id":"https:\/\/lafuente.mx\/?p=3425#breadcrumb","itemListElement":[{"@type":"ListItem","position":1,"name":"Inicio","item":"https:\/\/lafuente.mx\/"},{"@type":"ListItem","position":2,"name":"La enfermer\u00eda en salud mental: pilar en el desarrollo de la sociedad"}]},{"@type":"Person","@id":"https:\/\/lafuente.mx\/#\/schema\/person\/603f3aa8e2f6f7879021ab722d39d6b0","name":"Claudia Gallardo","image":{"@type":"ImageObject","inLanguage":"es-MX","@id":"https:\/\/lafuente.mx\/#\/schema\/person\/image\/","url":"https:\/\/secure.gravatar.com\/avatar\/bfe9c966af1ccfb9d17bcdb9d04e8815?s=96&d=mm&r=g","contentUrl":"https:\/\/secure.gravatar.com\/avatar\/bfe9c966af1ccfb9d17bcdb9d04e8815?s=96&d=mm&r=g","caption":"Claudia Gallardo"},"url":"https:\/\/lafuente.mx\/?author=3"}]}},"jetpack_featured_media_url":"https:\/\/i0.wp.com\/lafuente.mx\/wp-content\/uploads\/2025\/10\/Captura-de-pantalla-2025-10-21-a-las-9.52.56.png?fit=1778%2C1634&ssl=1","jetpack-related-posts":[{"id":671,"url":"https:\/\/lafuente.mx\/?p=671","url_meta":{"origin":3425,"position":0},"title":"Enfermer\u00eda en Psiquiatr\u00eda y Salud Mental\u00a0","date":"enero 20, 2023","format":false,"excerpt":"Diplomados en l\u00ednea 9\u00aa Generaci\u00f3n, 2023 COORDINADORA ACAD\u00c9MICA: Dra. Susana Gallegos S\u00e1nchez\u00a0 Dirigido a personal de enfermer\u00eda (nivel t\u00e9cnico y licenciatura con c\u00e9dula profesional) Objetivo general y tem\u00e1tica Emplear estrategias para el desarrollo profesional y \u00e9tico en favor de la promoci\u00f3n, prevenci\u00f3n, atenci\u00f3n y rehabilitaci\u00f3n de la persona que vive\u2026","rel":"","context":"En &quot;Cursos&quot;","img":{"alt_text":"","src":"https:\/\/i0.wp.com\/lafuente.mx\/wp-content\/uploads\/2023\/01\/imagenEnfermeria.jpg?fit=1074%2C605&ssl=1&resize=350%2C200","width":350,"height":200},"classes":[]},{"id":1229,"url":"https:\/\/lafuente.mx\/?p=1229","url_meta":{"origin":3425,"position":1},"title":"La formaci\u00f3n en enfermer\u00eda y su asociaci\u00f3n con el s\u00edndrome de burnout en estudiantes mexicanos de pregrado\u00a0","date":"mayo 18, 2023","format":false,"excerpt":"Karla Selene Consuelos-S\u00e1nchez , 1 Araceli Cano-Estrada , 1 Ana Cristina Casta\u00f1eda-M\u00e1rquez , 1 Jos\u00e9 \u00c1ngelHern\u00e1ndez-Mariano2\u00a0 1\u00a0Programa de enfermer\u00eda, Escuela Superior de Tlahuelilpan, Universidad Aut\u00f3noma del Estado de Hidalgo, Tlahuelilpan, Hidalgo, M\u00e9xico.\u00a0 2 Centro de Investigaci\u00f3n en Salud\u00a0 Poblacional, Instituto Nacional de Salud P\u00fablica, Cuernavaca, Morelos, M\u00e9xico.\u00a0 Imagen INPRFM Abstracto\u00a0\u2026","rel":"","context":"En &quot;Revista Salud Mental&quot;","img":{"alt_text":"","src":"https:\/\/i0.wp.com\/lafuente.mx\/wp-content\/uploads\/2023\/05\/DSC_0750.jpg?fit=1181%2C784&ssl=1&resize=350%2C200","width":350,"height":200},"classes":[]},{"id":2715,"url":"https:\/\/lafuente.mx\/?p=2715","url_meta":{"origin":3425,"position":2},"title":"ENFERMER\u00cdA en Psiquiatr\u00eda y Salud Mental\u00a0","date":"diciembre 16, 2024","format":false,"excerpt":"DIPLOMADO EN L\u00cdNEA COORDINADORA ACAD\u00c9MICA\u00a0 Dra. Susana Gallegos S\u00e1nchez \u00a0 Dirigido a: personal de enfermer\u00eda a nivel t\u00e9cnico y de licenciatura (con c\u00e9dula profesional)\u00a0 Objetivo general: Emplear estrategias para el desarrollo profesional y \u00e9tico en favor de la promoci\u00f3n, prevenci\u00f3n, atenci\u00f3n y rehabilitaci\u00f3n de la persona que vive con enfermedad\u2026","rel":"","context":"En &quot;Cursos en l\u00ednea&quot;","img":{"alt_text":"","src":"https:\/\/i0.wp.com\/lafuente.mx\/wp-content\/uploads\/2024\/12\/Captura-de-pantalla-2024-12-16-a-las-10.54.16-1.png?fit=1098%2C778&ssl=1&resize=350%2C200","width":350,"height":200},"classes":[]},{"id":1985,"url":"https:\/\/lafuente.mx\/?p=1985","url_meta":{"origin":3425,"position":3},"title":"Estresores de la pr\u00e1ctica cl\u00ednica y ansiedad en estudiantes de enfermer\u00eda durante la COVID-19\u00a0","date":"enero 10, 2024","format":false,"excerpt":"Nancy Griselda P\u00e9rez Briones,1Karla Rosales V\u00e1zquez,1 Braulio Josu\u00e9 Lara Reyes,1 Dafne Astrid G\u00f3mez Melasio,1Anah\u00ed Ruiz Lara,2 Pedro Enrique Trujillo Hern\u00e1ndez 1\u00a0 1 Facultad de Enfermer\u00eda \u201cDr. Santiago Vald\u00e9s Galindo\u201d, Universidad Aut\u00f3noma de Coahuila, Saltillo, M\u00e9xico.\u00a0 2 Escuela de Ciencias de la Salud, Unidad Norte, Universidad Aut\u00f3noma de Coahuila, Piedras Negras,\u2026","rel":"","context":"En &quot;Revista Salud Mental&quot;","img":{"alt_text":"","src":"https:\/\/i0.wp.com\/lafuente.mx\/wp-content\/uploads\/2024\/01\/DSC_0479-1-scaled.jpg?fit=1200%2C797&ssl=1&resize=350%2C200","width":350,"height":200},"classes":[]},{"id":1697,"url":"https:\/\/lafuente.mx\/?p=1697","url_meta":{"origin":3425,"position":4},"title":"Salud mental forense: actualizaci\u00f3n para una correcta pr\u00e1ctica pericial\u00a0","date":"septiembre 11, 2023","format":false,"excerpt":"Coordina: Dr. J. Nicol\u00e1s Iv\u00e1n Mart\u00ednez L\u00f3pez\u00a0 Sesiones en tiempo real los d\u00edas 20, 21 y 22 de septiembre del 2023, de 9 a 13:30 horas, la asistencia es obligatoria\u00a0 Curso gratuito\u00a0 INPRFM ( 20 horas cr\u00e9dito )\u00a0 Cupo limitado\u00a0 Acceso ilimitado 24 horas en Google Classroom para realizar actividades\u2026","rel":"","context":"En &quot;Cursos en l\u00ednea&quot;","img":{"alt_text":"","src":"https:\/\/i0.wp.com\/lafuente.mx\/wp-content\/uploads\/2023\/09\/Imagen-P.FB_.-Salud-Mental-Forense_1-edited-1.jpg?fit=450%2C450&ssl=1&resize=350%2C200","width":350,"height":200},"classes":[]},{"id":3649,"url":"https:\/\/lafuente.mx\/?p=3649","url_meta":{"origin":3425,"position":5},"title":"Abordaje interdisciplinario en el acompa\u00f1amiento para la p\u00e9rdida de peso:  Una visis\u00f3n desde la salud mental","date":"abril 13, 2026","format":false,"excerpt":"REQUISITOS PARA LA INSCRIPCI\u00d3N A CURSOS DEL PROGRAMA ANUAL DE EDUCACI\u00d3N CONTINUA Del 20 de abril al 1\u00ba de mayo, 2026 COORDINAN: Dr. H\u00e9ctor V. Esquivias ZavalaCoordinador titularDra. Julieta Berm\u00fadez G\u00f3mezCoordinadora adjunta\u00a0 INFORMACI\u00d3N: https:\/\/bit.ly\/4sOSNU5 INSCRIPCI\u00d3N: 13 de abril, 9:00 h En el siguiente link:\u00a0https:\/\/docs.google.com\/forms\/d\/e\/1FAIpQLSeIReHL2pexlCAdnx-CybdXP0t-FKja-au2GAySQwXx0YFrcg\/closedform DIRIGIDO A:Profesionales de la salud de\u2026","rel":"","context":"En &quot;Eventos Acad\u00e9micos del INPRFM&quot;","img":{"alt_text":"","src":"https:\/\/i0.wp.com\/lafuente.mx\/wp-content\/uploads\/2026\/04\/lf.jpg?fit=1081%2C737&ssl=1&resize=350%2C200","width":350,"height":200},"classes":[]}],"jetpack_sharing_enabled":true,"jetpack_shortlink":"https:\/\/wp.me\/pe9WUx-Tf","_links":{"self":[{"href":"https:\/\/lafuente.mx\/index.php?rest_route=\/wp\/v2\/posts\/3425"}],"collection":[{"href":"https:\/\/lafuente.mx\/index.php?rest_route=\/wp\/v2\/posts"}],"about":[{"href":"https:\/\/lafuente.mx\/index.php?rest_route=\/wp\/v2\/types\/post"}],"author":[{"embeddable":true,"href":"https:\/\/lafuente.mx\/index.php?rest_route=\/wp\/v2\/users\/3"}],"replies":[{"embeddable":true,"href":"https:\/\/lafuente.mx\/index.php?rest_route=%2Fwp%2Fv2%2Fcomments&post=3425"}],"version-history":[{"count":2,"href":"https:\/\/lafuente.mx\/index.php?rest_route=\/wp\/v2\/posts\/3425\/revisions"}],"predecessor-version":[{"id":3428,"href":"https:\/\/lafuente.mx\/index.php?rest_route=\/wp\/v2\/posts\/3425\/revisions\/3428"}],"wp:featuredmedia":[{"embeddable":true,"href":"https:\/\/lafuente.mx\/index.php?rest_route=\/wp\/v2\/media\/3426"}],"wp:attachment":[{"href":"https:\/\/lafuente.mx\/index.php?rest_route=%2Fwp%2Fv2%2Fmedia&parent=3425"}],"wp:term":[{"taxonomy":"category","embeddable":true,"href":"https:\/\/lafuente.mx\/index.php?rest_route=%2Fwp%2Fv2%2Fcategories&post=3425"},{"taxonomy":"post_tag","embeddable":true,"href":"https:\/\/lafuente.mx\/index.php?rest_route=%2Fwp%2Fv2%2Ftags&post=3425"}],"curies":[{"name":"wp","href":"https:\/\/api.w.org\/{rel}","templated":true}]}}