{"id":3412,"date":"2025-10-23T07:26:00","date_gmt":"2025-10-23T07:26:00","guid":{"rendered":"https:\/\/lafuente.mx\/?p=3412"},"modified":"2025-10-30T16:19:08","modified_gmt":"2025-10-30T16:19:08","slug":"dia-del-medico","status":"publish","type":"post","link":"https:\/\/lafuente.mx\/?p=3412","title":{"rendered":"D\u00eda del m\u00e9dico"},"content":{"rendered":"\n<p class=\"has-text-align-center has-vivid-cyan-blue-color has-text-color has-large-font-size\">23 de octubre<\/p>\n\n\n\n<hr class=\"wp-block-separator has-text-color has-luminous-vivid-orange-color has-alpha-channel-opacity has-luminous-vivid-orange-background-color has-background is-style-wide\"\/>\n\n\n\n<p class=\"has-text-color has-large-font-size\" style=\"color:#064c75\">El D\u00eda del M\u00e9dico en M\u00e9xico se celebra cada&nbsp;23 de octubre&nbsp;en conmemoraci\u00f3n de la creaci\u00f3n del Establecimiento de Ciencias M\u00e9dicas en 1833. Esta fecha fue elegida para honrar la labor m\u00e9dica y coincide con la inauguraci\u00f3n de esta instituci\u00f3n, que es un antecedente de la actual Facultad de Medicina de la UNAM.&nbsp;&nbsp;<\/p>\n\n\n\n<hr class=\"wp-block-separator has-text-color has-luminous-vivid-orange-color has-alpha-channel-opacity has-luminous-vivid-orange-background-color has-background is-style-wide\"\/>\n\n\n\n<ul>\n<li class=\"has-medium-font-size\"><strong>Origen de la celebraci\u00f3n:<\/strong>&nbsp;La fecha fue instaurada en 1937, Esta fecha coincide con la creaci\u00f3n del Establecimiento de Ciencias M\u00e9dicas en 1833, actual Facultad de Medicina de la UNAM.&nbsp;<\/li>\n<\/ul>\n\n\n\n<p class=\"has-medium-font-size\">Dentro del Sistema Sanitario del pa\u00eds, las y los m\u00e9dicos tienen un papel destacado en la capacidad y respuesta de las instituciones p\u00fablicas de salud. Actualmente contamos con m\u00e1s de 225 mil m\u00e9dicos (hombres y mujeres) quienes, junto con las cerca de 312 mil enfermeras y dem\u00e1s profesionales de la salud, realizan m\u00e1s de un mill\u00f3n de atenciones m\u00e9dicas diarias: alrededor de 4 mil 300 nacimientos, cerca de un mill\u00f3n de consultas, casi 10 mil cirug\u00edas, m\u00e1s de 16 mil hospitalizaciones y cerca de 100 mil urgencias.&nbsp;<\/p>\n\n\n\n<div class=\"wp-block-jetpack-slideshow aligncenter\" data-effect=\"slide\"><div class=\"wp-block-jetpack-slideshow_container swiper-container\"><ul class=\"wp-block-jetpack-slideshow_swiper-wrapper swiper-wrapper\"><li class=\"wp-block-jetpack-slideshow_slide swiper-slide\"><figure><img decoding=\"async\" loading=\"lazy\" width=\"640\" height=\"460\" alt=\"\" class=\"wp-block-jetpack-slideshow_image wp-image-3419\" data-id=\"3419\" src=\"https:\/\/i0.wp.com\/lafuente.mx\/wp-content\/uploads\/2025\/10\/Captura-de-pantalla-2025-10-20-a-las-14.19.27.png?resize=640%2C460\" srcset=\"https:\/\/i0.wp.com\/lafuente.mx\/wp-content\/uploads\/2025\/10\/Captura-de-pantalla-2025-10-20-a-las-14.19.27.png?resize=1024%2C736&amp;ssl=1 1024w, https:\/\/i0.wp.com\/lafuente.mx\/wp-content\/uploads\/2025\/10\/Captura-de-pantalla-2025-10-20-a-las-14.19.27.png?resize=300%2C216&amp;ssl=1 300w, https:\/\/i0.wp.com\/lafuente.mx\/wp-content\/uploads\/2025\/10\/Captura-de-pantalla-2025-10-20-a-las-14.19.27.png?resize=768%2C552&amp;ssl=1 768w, https:\/\/i0.wp.com\/lafuente.mx\/wp-content\/uploads\/2025\/10\/Captura-de-pantalla-2025-10-20-a-las-14.19.27.png?resize=1536%2C1104&amp;ssl=1 1536w, https:\/\/i0.wp.com\/lafuente.mx\/wp-content\/uploads\/2025\/10\/Captura-de-pantalla-2025-10-20-a-las-14.19.27.png?resize=2048%2C1471&amp;ssl=1 2048w, https:\/\/i0.wp.com\/lafuente.mx\/wp-content\/uploads\/2025\/10\/Captura-de-pantalla-2025-10-20-a-las-14.19.27.png?w=1280 1280w, https:\/\/i0.wp.com\/lafuente.mx\/wp-content\/uploads\/2025\/10\/Captura-de-pantalla-2025-10-20-a-las-14.19.27.png?w=1920 1920w\" sizes=\"(max-width: 640px) 100vw, 640px\" data-recalc-dims=\"1\" \/><\/figure><\/li><li class=\"wp-block-jetpack-slideshow_slide swiper-slide\"><figure><img decoding=\"async\" loading=\"lazy\" width=\"640\" height=\"657\" alt=\"\" class=\"wp-block-jetpack-slideshow_image wp-image-3414\" data-id=\"3414\" src=\"https:\/\/i0.wp.com\/lafuente.mx\/wp-content\/uploads\/2025\/10\/Captura-de-pantalla-2025-10-20-a-las-14.12.41.png?resize=640%2C657\" srcset=\"https:\/\/i0.wp.com\/lafuente.mx\/wp-content\/uploads\/2025\/10\/Captura-de-pantalla-2025-10-20-a-las-14.12.41.png?resize=997%2C1024&amp;ssl=1 997w, https:\/\/i0.wp.com\/lafuente.mx\/wp-content\/uploads\/2025\/10\/Captura-de-pantalla-2025-10-20-a-las-14.12.41.png?resize=292%2C300&amp;ssl=1 292w, https:\/\/i0.wp.com\/lafuente.mx\/wp-content\/uploads\/2025\/10\/Captura-de-pantalla-2025-10-20-a-las-14.12.41.png?resize=768%2C789&amp;ssl=1 768w, https:\/\/i0.wp.com\/lafuente.mx\/wp-content\/uploads\/2025\/10\/Captura-de-pantalla-2025-10-20-a-las-14.12.41.png?w=1386&amp;ssl=1 1386w, https:\/\/i0.wp.com\/lafuente.mx\/wp-content\/uploads\/2025\/10\/Captura-de-pantalla-2025-10-20-a-las-14.12.41.png?w=1280 1280w\" sizes=\"(max-width: 640px) 100vw, 640px\" data-recalc-dims=\"1\" \/><figcaption class=\"wp-block-jetpack-slideshow_caption gallery-caption\">Fotos INPRFM<\/figcaption><\/figure><\/li><li class=\"wp-block-jetpack-slideshow_slide swiper-slide\"><figure><img decoding=\"async\" loading=\"lazy\" width=\"640\" height=\"415\" alt=\"\" class=\"wp-block-jetpack-slideshow_image wp-image-3415\" data-id=\"3415\" src=\"https:\/\/i0.wp.com\/lafuente.mx\/wp-content\/uploads\/2025\/10\/Captura-de-pantalla-2025-10-20-a-las-14.13.27.png?resize=640%2C415\" srcset=\"https:\/\/i0.wp.com\/lafuente.mx\/wp-content\/uploads\/2025\/10\/Captura-de-pantalla-2025-10-20-a-las-14.13.27.png?resize=1024%2C664&amp;ssl=1 1024w, https:\/\/i0.wp.com\/lafuente.mx\/wp-content\/uploads\/2025\/10\/Captura-de-pantalla-2025-10-20-a-las-14.13.27.png?resize=300%2C195&amp;ssl=1 300w, https:\/\/i0.wp.com\/lafuente.mx\/wp-content\/uploads\/2025\/10\/Captura-de-pantalla-2025-10-20-a-las-14.13.27.png?resize=768%2C498&amp;ssl=1 768w, https:\/\/i0.wp.com\/lafuente.mx\/wp-content\/uploads\/2025\/10\/Captura-de-pantalla-2025-10-20-a-las-14.13.27.png?resize=1536%2C996&amp;ssl=1 1536w, https:\/\/i0.wp.com\/lafuente.mx\/wp-content\/uploads\/2025\/10\/Captura-de-pantalla-2025-10-20-a-las-14.13.27.png?resize=2048%2C1328&amp;ssl=1 2048w, https:\/\/i0.wp.com\/lafuente.mx\/wp-content\/uploads\/2025\/10\/Captura-de-pantalla-2025-10-20-a-las-14.13.27.png?w=1280 1280w, https:\/\/i0.wp.com\/lafuente.mx\/wp-content\/uploads\/2025\/10\/Captura-de-pantalla-2025-10-20-a-las-14.13.27.png?w=1920 1920w\" sizes=\"(max-width: 640px) 100vw, 640px\" data-recalc-dims=\"1\" \/><\/figure><\/li><li class=\"wp-block-jetpack-slideshow_slide swiper-slide\"><figure><img decoding=\"async\" loading=\"lazy\" width=\"640\" height=\"414\" alt=\"\" class=\"wp-block-jetpack-slideshow_image wp-image-3417\" data-id=\"3417\" src=\"https:\/\/i0.wp.com\/lafuente.mx\/wp-content\/uploads\/2025\/10\/Captura-de-pantalla-2025-10-20-a-las-14.17.59.png?resize=640%2C414\" srcset=\"https:\/\/i0.wp.com\/lafuente.mx\/wp-content\/uploads\/2025\/10\/Captura-de-pantalla-2025-10-20-a-las-14.17.59.png?resize=1024%2C663&amp;ssl=1 1024w, https:\/\/i0.wp.com\/lafuente.mx\/wp-content\/uploads\/2025\/10\/Captura-de-pantalla-2025-10-20-a-las-14.17.59.png?resize=300%2C194&amp;ssl=1 300w, https:\/\/i0.wp.com\/lafuente.mx\/wp-content\/uploads\/2025\/10\/Captura-de-pantalla-2025-10-20-a-las-14.17.59.png?resize=768%2C498&amp;ssl=1 768w, https:\/\/i0.wp.com\/lafuente.mx\/wp-content\/uploads\/2025\/10\/Captura-de-pantalla-2025-10-20-a-las-14.17.59.png?resize=1536%2C995&amp;ssl=1 1536w, https:\/\/i0.wp.com\/lafuente.mx\/wp-content\/uploads\/2025\/10\/Captura-de-pantalla-2025-10-20-a-las-14.17.59.png?resize=2048%2C1327&amp;ssl=1 2048w, https:\/\/i0.wp.com\/lafuente.mx\/wp-content\/uploads\/2025\/10\/Captura-de-pantalla-2025-10-20-a-las-14.17.59.png?w=1280 1280w, https:\/\/i0.wp.com\/lafuente.mx\/wp-content\/uploads\/2025\/10\/Captura-de-pantalla-2025-10-20-a-las-14.17.59.png?w=1920 1920w\" sizes=\"(max-width: 640px) 100vw, 640px\" data-recalc-dims=\"1\" \/><figcaption class=\"wp-block-jetpack-slideshow_caption gallery-caption\">Fotos INPRFM<\/figcaption><\/figure><\/li><li class=\"wp-block-jetpack-slideshow_slide swiper-slide\"><figure><img decoding=\"async\" loading=\"lazy\" width=\"640\" height=\"414\" alt=\"\" class=\"wp-block-jetpack-slideshow_image wp-image-3416\" data-id=\"3416\" src=\"https:\/\/i0.wp.com\/lafuente.mx\/wp-content\/uploads\/2025\/10\/Captura-de-pantalla-2025-10-20-a-las-14.14.06.png?resize=640%2C414\" srcset=\"https:\/\/i0.wp.com\/lafuente.mx\/wp-content\/uploads\/2025\/10\/Captura-de-pantalla-2025-10-20-a-las-14.14.06.png?resize=1024%2C663&amp;ssl=1 1024w, https:\/\/i0.wp.com\/lafuente.mx\/wp-content\/uploads\/2025\/10\/Captura-de-pantalla-2025-10-20-a-las-14.14.06.png?resize=300%2C194&amp;ssl=1 300w, https:\/\/i0.wp.com\/lafuente.mx\/wp-content\/uploads\/2025\/10\/Captura-de-pantalla-2025-10-20-a-las-14.14.06.png?resize=768%2C497&amp;ssl=1 768w, https:\/\/i0.wp.com\/lafuente.mx\/wp-content\/uploads\/2025\/10\/Captura-de-pantalla-2025-10-20-a-las-14.14.06.png?resize=1536%2C994&amp;ssl=1 1536w, https:\/\/i0.wp.com\/lafuente.mx\/wp-content\/uploads\/2025\/10\/Captura-de-pantalla-2025-10-20-a-las-14.14.06.png?resize=2048%2C1325&amp;ssl=1 2048w, https:\/\/i0.wp.com\/lafuente.mx\/wp-content\/uploads\/2025\/10\/Captura-de-pantalla-2025-10-20-a-las-14.14.06.png?w=1280 1280w, https:\/\/i0.wp.com\/lafuente.mx\/wp-content\/uploads\/2025\/10\/Captura-de-pantalla-2025-10-20-a-las-14.14.06.png?w=1920 1920w\" sizes=\"(max-width: 640px) 100vw, 640px\" data-recalc-dims=\"1\" \/><\/figure><\/li><li class=\"wp-block-jetpack-slideshow_slide swiper-slide\"><figure><img decoding=\"async\" loading=\"lazy\" width=\"640\" height=\"436\" alt=\"\" class=\"wp-block-jetpack-slideshow_image wp-image-3418\" data-id=\"3418\" src=\"https:\/\/i0.wp.com\/lafuente.mx\/wp-content\/uploads\/2025\/10\/Captura-de-pantalla-2025-10-20-a-las-14.18.42.png?resize=640%2C436\" srcset=\"https:\/\/i0.wp.com\/lafuente.mx\/wp-content\/uploads\/2025\/10\/Captura-de-pantalla-2025-10-20-a-las-14.18.42.png?resize=1024%2C698&amp;ssl=1 1024w, https:\/\/i0.wp.com\/lafuente.mx\/wp-content\/uploads\/2025\/10\/Captura-de-pantalla-2025-10-20-a-las-14.18.42.png?resize=300%2C204&amp;ssl=1 300w, https:\/\/i0.wp.com\/lafuente.mx\/wp-content\/uploads\/2025\/10\/Captura-de-pantalla-2025-10-20-a-las-14.18.42.png?resize=768%2C523&amp;ssl=1 768w, https:\/\/i0.wp.com\/lafuente.mx\/wp-content\/uploads\/2025\/10\/Captura-de-pantalla-2025-10-20-a-las-14.18.42.png?resize=1536%2C1047&amp;ssl=1 1536w, https:\/\/i0.wp.com\/lafuente.mx\/wp-content\/uploads\/2025\/10\/Captura-de-pantalla-2025-10-20-a-las-14.18.42.png?resize=2048%2C1396&amp;ssl=1 2048w, https:\/\/i0.wp.com\/lafuente.mx\/wp-content\/uploads\/2025\/10\/Captura-de-pantalla-2025-10-20-a-las-14.18.42.png?w=1280 1280w, https:\/\/i0.wp.com\/lafuente.mx\/wp-content\/uploads\/2025\/10\/Captura-de-pantalla-2025-10-20-a-las-14.18.42.png?w=1920 1920w\" sizes=\"(max-width: 640px) 100vw, 640px\" data-recalc-dims=\"1\" \/><\/figure><\/li><li class=\"wp-block-jetpack-slideshow_slide swiper-slide\"><figure><img decoding=\"async\" loading=\"lazy\" width=\"640\" height=\"541\" alt=\"\" class=\"wp-block-jetpack-slideshow_image wp-image-3413\" data-id=\"3413\" src=\"https:\/\/i0.wp.com\/lafuente.mx\/wp-content\/uploads\/2025\/10\/Captura-de-pantalla-2025-10-20-a-las-13.38.31.png?resize=640%2C541\" srcset=\"https:\/\/i0.wp.com\/lafuente.mx\/wp-content\/uploads\/2025\/10\/Captura-de-pantalla-2025-10-20-a-las-13.38.31.png?resize=1024%2C865&amp;ssl=1 1024w, https:\/\/i0.wp.com\/lafuente.mx\/wp-content\/uploads\/2025\/10\/Captura-de-pantalla-2025-10-20-a-las-13.38.31.png?resize=300%2C253&amp;ssl=1 300w, https:\/\/i0.wp.com\/lafuente.mx\/wp-content\/uploads\/2025\/10\/Captura-de-pantalla-2025-10-20-a-las-13.38.31.png?resize=768%2C649&amp;ssl=1 768w, https:\/\/i0.wp.com\/lafuente.mx\/wp-content\/uploads\/2025\/10\/Captura-de-pantalla-2025-10-20-a-las-13.38.31.png?resize=1536%2C1297&amp;ssl=1 1536w, https:\/\/i0.wp.com\/lafuente.mx\/wp-content\/uploads\/2025\/10\/Captura-de-pantalla-2025-10-20-a-las-13.38.31.png?w=1790&amp;ssl=1 1790w, https:\/\/i0.wp.com\/lafuente.mx\/wp-content\/uploads\/2025\/10\/Captura-de-pantalla-2025-10-20-a-las-13.38.31.png?w=1280 1280w\" sizes=\"(max-width: 640px) 100vw, 640px\" data-recalc-dims=\"1\" \/><figcaption class=\"wp-block-jetpack-slideshow_caption gallery-caption\">Fotos INRPFM<\/figcaption><\/figure><\/li><\/ul><a class=\"wp-block-jetpack-slideshow_button-prev swiper-button-prev swiper-button-white\" role=\"button\"><\/a><a class=\"wp-block-jetpack-slideshow_button-next swiper-button-next swiper-button-white\" role=\"button\"><\/a><a aria-label=\"Pause Slideshow\" class=\"wp-block-jetpack-slideshow_button-pause\" role=\"button\"><\/a><div class=\"wp-block-jetpack-slideshow_pagination swiper-pagination swiper-pagination-white\"><\/div><\/div><\/div>\n\n\n\n<p class=\"has-text-color has-medium-font-size\" style=\"color:#156da1\">El Instituto Nacional de Psiquiatr\u00eda Ram\u00f3n de la Fuente Mu\u00f1iz felicita a las y los m\u00e9dicos en su d\u00eda, reconociendo su entrega, compromiso y vocaci\u00f3n de servicio.<\/p>\n\n\n\n<hr class=\"wp-block-separator has-text-color has-luminous-vivid-orange-color has-alpha-channel-opacity has-luminous-vivid-orange-background-color has-background\"\/>\n\n\n\n<p class=\"has-text-align-center has-text-color has-large-font-size\" style=\"color:#156da1\"><strong>Gracias por su dedicaci\u00f3n diaria para cuidar la vida, la salud mental y el bienestar de nuestra sociedad<\/strong><\/p>\n\n\n\n<hr class=\"wp-block-separator has-text-color has-luminous-vivid-orange-color has-alpha-channel-opacity has-luminous-vivid-orange-background-color has-background\"\/>\n\n\n\n<div class=\"wp-block-buttons is-layout-flex wp-block-buttons-is-layout-flex\">\n<div class=\"wp-block-button\"><a class=\"wp-block-button__link has-luminous-vivid-orange-background-color has-background wp-element-button\" href=\"https:\/\/www.gob.mx\/salud\/articulos\/dia-del-medico-179438\">M\u00e1s informaci\u00f3n<\/a><\/div>\n<\/div>\n","protected":false},"excerpt":{"rendered":"<p>23 de octubre El D\u00eda del M\u00e9dico en M\u00e9xico se celebra cada&nbsp;23 de octubre&nbsp;en conmemoraci\u00f3n de la creaci\u00f3n del Establecimiento de Ciencias M\u00e9dicas en 1833.<\/p>\n","protected":false},"author":3,"featured_media":3417,"comment_status":"closed","ping_status":"closed","sticky":false,"template":"","format":"standard","meta":{"footnotes":"","jetpack_publicize_message":"","jetpack_is_tweetstorm":false,"jetpack_publicize_feature_enabled":true},"categories":[13],"tags":[527,470,1058,98,422,21,324,32],"jetpack_publicize_connections":[],"yoast_head":"<!-- This site is optimized with the Yoast SEO plugin v19.4 - https:\/\/yoast.com\/wordpress\/plugins\/seo\/ -->\n<title>D\u00eda del m\u00e9dico -<\/title>\n<meta name=\"description\" content=\"La fecha fue instaurada en 1937, Esta fecha coincide con la creaci\u00f3n del Establecimiento de Ciencias M\u00e9dicas en 1833, actual Facultad de Medicina de la UNAM.\u00a0\" \/>\n<meta name=\"robots\" content=\"index, follow, max-snippet:-1, max-image-preview:large, max-video-preview:-1\" \/>\n<link rel=\"canonical\" href=\"https:\/\/lafuente.mx\/?p=3412\" \/>\n<meta property=\"og:locale\" content=\"es_MX\" \/>\n<meta property=\"og:type\" content=\"article\" \/>\n<meta property=\"og:title\" content=\"D\u00eda del m\u00e9dico\" \/>\n<meta property=\"og:description\" content=\"La fecha fue instaurada en 1937, Esta fecha coincide con la creaci\u00f3n del Establecimiento de Ciencias M\u00e9dicas en 1833, actual Facultad de Medicina de la UNAM.\u00a0\" \/>\n<meta property=\"og:url\" content=\"https:\/\/lafuente.mx\/?p=3412\" \/>\n<meta property=\"article:published_time\" content=\"2025-10-23T07:26:00+00:00\" \/>\n<meta property=\"article:modified_time\" content=\"2025-10-30T16:19:08+00:00\" \/>\n<meta property=\"og:image\" content=\"http:\/\/lafuente.mx\/wp-content\/uploads\/2025\/10\/Captura-de-pantalla-2025-10-20-a-las-14.17.59-1024x663.png\" \/>\n\t<meta property=\"og:image:width\" content=\"1024\" \/>\n\t<meta property=\"og:image:height\" content=\"663\" \/>\n\t<meta property=\"og:image:type\" content=\"image\/png\" \/>\n<meta name=\"author\" content=\"Claudia Gallardo\" \/>\n<meta name=\"twitter:card\" content=\"summary_large_image\" \/>\n<meta name=\"twitter:title\" content=\"D\u00eda del m\u00e9dico\" \/>\n<meta name=\"twitter:description\" content=\"La fecha fue instaurada en 1937, Esta fecha coincide con la creaci\u00f3n del Establecimiento de Ciencias M\u00e9dicas en 1833, actual Facultad de Medicina de la UNAM.\u00a0\" \/>\n<meta name=\"twitter:image\" content=\"https:\/\/i0.wp.com\/lafuente.mx\/wp-content\/uploads\/2025\/10\/Captura-de-pantalla-2025-10-20-a-las-14.17.59.png?fit=2096%2C1358&ssl=1\" \/>\n<meta name=\"twitter:label1\" content=\"Escrito por\" \/>\n\t<meta name=\"twitter:data1\" content=\"Claudia Gallardo\" \/>\n\t<meta name=\"twitter:label2\" content=\"Tiempo de lectura\" \/>\n\t<meta name=\"twitter:data2\" content=\"1 minuto\" \/>\n<script type=\"application\/ld+json\" class=\"yoast-schema-graph\">{\"@context\":\"https:\/\/schema.org\",\"@graph\":[{\"@type\":\"WebSite\",\"@id\":\"https:\/\/lafuente.mx\/#website\",\"url\":\"https:\/\/lafuente.mx\/\",\"name\":\"\",\"description\":\"Informaci\u00f3n confiable sobre salud mental\",\"potentialAction\":[{\"@type\":\"SearchAction\",\"target\":{\"@type\":\"EntryPoint\",\"urlTemplate\":\"https:\/\/lafuente.mx\/?s={search_term_string}\"},\"query-input\":\"required name=search_term_string\"}],\"inLanguage\":\"es-MX\"},{\"@type\":\"WebPage\",\"@id\":\"https:\/\/lafuente.mx\/?p=3412\",\"url\":\"https:\/\/lafuente.mx\/?p=3412\",\"name\":\"D\u00eda del m\u00e9dico -\",\"isPartOf\":{\"@id\":\"https:\/\/lafuente.mx\/#website\"},\"datePublished\":\"2025-10-23T07:26:00+00:00\",\"dateModified\":\"2025-10-30T16:19:08+00:00\",\"author\":{\"@id\":\"https:\/\/lafuente.mx\/#\/schema\/person\/603f3aa8e2f6f7879021ab722d39d6b0\"},\"description\":\"La fecha fue instaurada en 1937, Esta fecha coincide con la creaci\u00f3n del Establecimiento de Ciencias M\u00e9dicas en 1833, actual Facultad de Medicina de la UNAM.\u00a0\",\"breadcrumb\":{\"@id\":\"https:\/\/lafuente.mx\/?p=3412#breadcrumb\"},\"inLanguage\":\"es-MX\",\"potentialAction\":[{\"@type\":\"ReadAction\",\"target\":[\"https:\/\/lafuente.mx\/?p=3412\"]}]},{\"@type\":\"BreadcrumbList\",\"@id\":\"https:\/\/lafuente.mx\/?p=3412#breadcrumb\",\"itemListElement\":[{\"@type\":\"ListItem\",\"position\":1,\"name\":\"Inicio\",\"item\":\"https:\/\/lafuente.mx\/\"},{\"@type\":\"ListItem\",\"position\":2,\"name\":\"D\u00eda del m\u00e9dico\"}]},{\"@type\":\"Person\",\"@id\":\"https:\/\/lafuente.mx\/#\/schema\/person\/603f3aa8e2f6f7879021ab722d39d6b0\",\"name\":\"Claudia Gallardo\",\"image\":{\"@type\":\"ImageObject\",\"inLanguage\":\"es-MX\",\"@id\":\"https:\/\/lafuente.mx\/#\/schema\/person\/image\/\",\"url\":\"https:\/\/secure.gravatar.com\/avatar\/bfe9c966af1ccfb9d17bcdb9d04e8815?s=96&d=mm&r=g\",\"contentUrl\":\"https:\/\/secure.gravatar.com\/avatar\/bfe9c966af1ccfb9d17bcdb9d04e8815?s=96&d=mm&r=g\",\"caption\":\"Claudia Gallardo\"},\"url\":\"https:\/\/lafuente.mx\/?author=3\"}]}<\/script>\n<!-- \/ Yoast SEO plugin. -->","yoast_head_json":{"title":"D\u00eda del m\u00e9dico -","description":"La fecha fue instaurada en 1937, Esta fecha coincide con la creaci\u00f3n del Establecimiento de Ciencias M\u00e9dicas en 1833, actual Facultad de Medicina de la UNAM.\u00a0","robots":{"index":"index","follow":"follow","max-snippet":"max-snippet:-1","max-image-preview":"max-image-preview:large","max-video-preview":"max-video-preview:-1"},"canonical":"https:\/\/lafuente.mx\/?p=3412","og_locale":"es_MX","og_type":"article","og_title":"D\u00eda del m\u00e9dico","og_description":"La fecha fue instaurada en 1937, Esta fecha coincide con la creaci\u00f3n del Establecimiento de Ciencias M\u00e9dicas en 1833, actual Facultad de Medicina de la UNAM.\u00a0","og_url":"https:\/\/lafuente.mx\/?p=3412","article_published_time":"2025-10-23T07:26:00+00:00","article_modified_time":"2025-10-30T16:19:08+00:00","og_image":[{"width":1024,"height":663,"url":"http:\/\/lafuente.mx\/wp-content\/uploads\/2025\/10\/Captura-de-pantalla-2025-10-20-a-las-14.17.59-1024x663.png","type":"image\/png"}],"author":"Claudia Gallardo","twitter_card":"summary_large_image","twitter_title":"D\u00eda del m\u00e9dico","twitter_description":"La fecha fue instaurada en 1937, Esta fecha coincide con la creaci\u00f3n del Establecimiento de Ciencias M\u00e9dicas en 1833, actual Facultad de Medicina de la UNAM.\u00a0","twitter_image":"https:\/\/i0.wp.com\/lafuente.mx\/wp-content\/uploads\/2025\/10\/Captura-de-pantalla-2025-10-20-a-las-14.17.59.png?fit=2096%2C1358&ssl=1","twitter_misc":{"Escrito por":"Claudia Gallardo","Tiempo de lectura":"1 minuto"},"schema":{"@context":"https:\/\/schema.org","@graph":[{"@type":"WebSite","@id":"https:\/\/lafuente.mx\/#website","url":"https:\/\/lafuente.mx\/","name":"","description":"Informaci\u00f3n confiable sobre salud mental","potentialAction":[{"@type":"SearchAction","target":{"@type":"EntryPoint","urlTemplate":"https:\/\/lafuente.mx\/?s={search_term_string}"},"query-input":"required name=search_term_string"}],"inLanguage":"es-MX"},{"@type":"WebPage","@id":"https:\/\/lafuente.mx\/?p=3412","url":"https:\/\/lafuente.mx\/?p=3412","name":"D\u00eda del m\u00e9dico -","isPartOf":{"@id":"https:\/\/lafuente.mx\/#website"},"datePublished":"2025-10-23T07:26:00+00:00","dateModified":"2025-10-30T16:19:08+00:00","author":{"@id":"https:\/\/lafuente.mx\/#\/schema\/person\/603f3aa8e2f6f7879021ab722d39d6b0"},"description":"La fecha fue instaurada en 1937, Esta fecha coincide con la creaci\u00f3n del Establecimiento de Ciencias M\u00e9dicas en 1833, actual Facultad de Medicina de la UNAM.\u00a0","breadcrumb":{"@id":"https:\/\/lafuente.mx\/?p=3412#breadcrumb"},"inLanguage":"es-MX","potentialAction":[{"@type":"ReadAction","target":["https:\/\/lafuente.mx\/?p=3412"]}]},{"@type":"BreadcrumbList","@id":"https:\/\/lafuente.mx\/?p=3412#breadcrumb","itemListElement":[{"@type":"ListItem","position":1,"name":"Inicio","item":"https:\/\/lafuente.mx\/"},{"@type":"ListItem","position":2,"name":"D\u00eda del m\u00e9dico"}]},{"@type":"Person","@id":"https:\/\/lafuente.mx\/#\/schema\/person\/603f3aa8e2f6f7879021ab722d39d6b0","name":"Claudia Gallardo","image":{"@type":"ImageObject","inLanguage":"es-MX","@id":"https:\/\/lafuente.mx\/#\/schema\/person\/image\/","url":"https:\/\/secure.gravatar.com\/avatar\/bfe9c966af1ccfb9d17bcdb9d04e8815?s=96&d=mm&r=g","contentUrl":"https:\/\/secure.gravatar.com\/avatar\/bfe9c966af1ccfb9d17bcdb9d04e8815?s=96&d=mm&r=g","caption":"Claudia Gallardo"},"url":"https:\/\/lafuente.mx\/?author=3"}]}},"jetpack_featured_media_url":"https:\/\/i0.wp.com\/lafuente.mx\/wp-content\/uploads\/2025\/10\/Captura-de-pantalla-2025-10-20-a-las-14.17.59.png?fit=2096%2C1358&ssl=1","jetpack-related-posts":[{"id":2609,"url":"https:\/\/lafuente.mx\/?p=2609","url_meta":{"origin":3412,"position":0},"title":"D\u00eda de las M\u00e9dicas y los M\u00e9dicos","date":"octubre 23, 2024","format":false,"excerpt":"23 de octubre Desde 1937, cada 23 de octubre en M\u00e9xico se celebra el D\u00eda del M\u00e9dico. Esta fecha coincide con la creaci\u00f3n del Establecimiento de Ciencias M\u00e9dicas en 1833, actual Facultad de Medicina de la UNAM. Dentro del Sistema Sanitario del pa\u00eds, las y los m\u00e9dicos tienen un papel\u2026","rel":"","context":"En &quot;Efem\u00e9rides de Salud Mental&quot;","img":{"alt_text":"","src":"https:\/\/i0.wp.com\/lafuente.mx\/wp-content\/uploads\/2024\/10\/64-scaled.jpg?fit=1200%2C796&ssl=1&resize=350%2C200","width":350,"height":200},"classes":[]},{"id":1798,"url":"https:\/\/lafuente.mx\/?p=1798","url_meta":{"origin":3412,"position":1},"title":"23 de octubre, D\u00eda de la M\u00e9dica y el M\u00e9dico\u00a0","date":"octubre 19, 2023","format":false,"excerpt":"Desde 1937, cada 23 de octubre en M\u00e9xico se celebra el D\u00eda del M\u00e9dico. Esta fecha coincide con la creaci\u00f3n del Establecimiento de Ciencias M\u00e9dicas en 1833, actual Facultad de Medicina de la UNAM.\u00a0 Dentro del Sistema Sanitario del pa\u00eds, las y los m\u00e9dicos tienen un papel destacado en la\u2026","rel":"","context":"En &quot;Efem\u00e9rides de Salud Mental&quot;","img":{"alt_text":"","src":"https:\/\/i0.wp.com\/lafuente.mx\/wp-content\/uploads\/2023\/10\/5207289-scaled.jpg?fit=1200%2C800&ssl=1&resize=350%2C200","width":350,"height":200},"classes":[]},{"id":2291,"url":"https:\/\/lafuente.mx\/?p=2291","url_meta":{"origin":3412,"position":2},"title":"Libro. COVID-19: Medidas, adaptaci\u00f3n y aprendizaje\u00a0Una visi\u00f3n desde el Seminario sobre Medicina y Salud (2020-2022)\u00a0","date":"mayo 17, 2024","format":false,"excerpt":"Coordinadora: Mar\u00eda del Rosario Guti\u00e9rrez Razo\u00a0\u00a0 Compilador: Luis Armando Mart\u00ednez Gil\u00a0\u00a0 Primera edici\u00f3n. M\u00e9xico: Universidad Nacional Aut\u00f3noma de M\u00e9xico, Secretar\u00eda de Desarrollo Institucional, 2023.\u00a0 Serie: Seminario sobre medicina y salud.\u00a0\u00a0 Identificadores: LIBRUNAM 2223973 (libro electr\u00f3nico) | ISBN 9786073083959 (libro electr\u00f3nico)\u00a0\u00a0 Cap\u00edtulo: Salud mental y COVID-19: Un enfoque basado en Derechos\u2026","rel":"","context":"En &quot;Publicaciones&quot;","img":{"alt_text":"","src":"https:\/\/i0.wp.com\/lafuente.mx\/wp-content\/uploads\/2024\/05\/DSC_0221-scaled.jpg?fit=1200%2C797&ssl=1&resize=350%2C200","width":350,"height":200},"classes":[]},{"id":3464,"url":"https:\/\/lafuente.mx\/?p=3464","url_meta":{"origin":3412,"position":3},"title":"Batas blancas, cargas invisibles: hablemos de salud mental m\u00e9dica\u00a0","date":"noviembre 24, 2025","format":false,"excerpt":"Nov 3, 2025 | Academia\u00a0 El 28 de octubre se realiz\u00f3 una sesi\u00f3n m\u00e1s del foro Hablemos ClaraMENTE 2025, una iniciativa de la Coordinaci\u00f3n de Investigaci\u00f3n del Departamento de Psiquiatr\u00eda y Salud Mental (DPSM) de la Facultad de Medicina de la UNAM.\u00a0\u00a0 La doctora Ana Fres\u00e1n Orellana, investigadora en Ciencias\u2026","rel":"","context":"En &quot;Noticias&quot;","img":{"alt_text":"","src":"https:\/\/i0.wp.com\/lafuente.mx\/wp-content\/uploads\/2025\/11\/Captura-de-pantalla-2025-11-24-a-las-13.17.48.png?fit=1200%2C606&ssl=1&resize=350%2C200","width":350,"height":200},"classes":[]},{"id":2641,"url":"https:\/\/lafuente.mx\/?p=2641","url_meta":{"origin":3412,"position":4},"title":"D\u00eda Mundial de la Radiolog\u00eda","date":"noviembre 8, 2024","format":false,"excerpt":"8 de noviembre\u00a0 La radiolog\u00eda es una rama de la medicina que se ocupa de generar im\u00e1genes del interior del cuerpo para el diagn\u00f3stico y tratamiento de lesiones y enfermedades, por lo que es de gran importancia para la salud.\u00a0\u00a0 Cada a\u00f1o, el 8 de noviembre se conmemora el D\u00eda\u2026","rel":"","context":"En &quot;Efem\u00e9rides de Salud Mental&quot;","img":{"alt_text":"","src":"https:\/\/i0.wp.com\/lafuente.mx\/wp-content\/uploads\/2024\/11\/ImagenesCereb-1-rotated.jpg?fit=500%2C800&ssl=1&resize=350%2C200","width":350,"height":200},"classes":[]},{"id":1933,"url":"https:\/\/lafuente.mx\/?p=1933","url_meta":{"origin":3412,"position":5},"title":"El contrato terap\u00e9utico en salud mental Reflexiones en la era de la teleconsulta","date":"diciembre 8, 2023","format":false,"excerpt":"Ingrid Vargas Huicochea Ana Carolina Rodr\u00edguez Machain El contrato terap\u00e9utico es una pieza primordial en el proceso de atenci\u00f3n en salud. Particularmente para los profesionales de la salud mental, marca el inicio de la relaci\u00f3n m\u00e9dico-paciente y suele ser un paso que se realiza con naturalidad buscando generar el mejor\u2026","rel":"","context":"En &quot;Publicaciones&quot;","img":{"alt_text":"","src":"https:\/\/i0.wp.com\/lafuente.mx\/wp-content\/uploads\/2023\/12\/Contrato_2.jpg?fit=1200%2C897&ssl=1&resize=350%2C200","width":350,"height":200},"classes":[]}],"jetpack_sharing_enabled":true,"jetpack_shortlink":"https:\/\/wp.me\/pe9WUx-T2","_links":{"self":[{"href":"https:\/\/lafuente.mx\/index.php?rest_route=\/wp\/v2\/posts\/3412"}],"collection":[{"href":"https:\/\/lafuente.mx\/index.php?rest_route=\/wp\/v2\/posts"}],"about":[{"href":"https:\/\/lafuente.mx\/index.php?rest_route=\/wp\/v2\/types\/post"}],"author":[{"embeddable":true,"href":"https:\/\/lafuente.mx\/index.php?rest_route=\/wp\/v2\/users\/3"}],"replies":[{"embeddable":true,"href":"https:\/\/lafuente.mx\/index.php?rest_route=%2Fwp%2Fv2%2Fcomments&post=3412"}],"version-history":[{"count":3,"href":"https:\/\/lafuente.mx\/index.php?rest_route=\/wp\/v2\/posts\/3412\/revisions"}],"predecessor-version":[{"id":3424,"href":"https:\/\/lafuente.mx\/index.php?rest_route=\/wp\/v2\/posts\/3412\/revisions\/3424"}],"wp:featuredmedia":[{"embeddable":true,"href":"https:\/\/lafuente.mx\/index.php?rest_route=\/wp\/v2\/media\/3417"}],"wp:attachment":[{"href":"https:\/\/lafuente.mx\/index.php?rest_route=%2Fwp%2Fv2%2Fmedia&parent=3412"}],"wp:term":[{"taxonomy":"category","embeddable":true,"href":"https:\/\/lafuente.mx\/index.php?rest_route=%2Fwp%2Fv2%2Fcategories&post=3412"},{"taxonomy":"post_tag","embeddable":true,"href":"https:\/\/lafuente.mx\/index.php?rest_route=%2Fwp%2Fv2%2Ftags&post=3412"}],"curies":[{"name":"wp","href":"https:\/\/api.w.org\/{rel}","templated":true}]}}