{"id":3353,"date":"2025-10-20T17:24:02","date_gmt":"2025-10-20T17:24:02","guid":{"rendered":"https:\/\/lafuente.mx\/?p=3353"},"modified":"2025-10-30T16:26:24","modified_gmt":"2025-10-30T16:26:24","slug":"el-instituto-nacional-de-psiquiatria-referente-en-el-estudio-y-tratamiento-de-las-enfermedades-mentales","status":"publish","type":"post","link":"https:\/\/lafuente.mx\/?p=3353","title":{"rendered":"El Instituto Nacional de Psiquiatr\u00eda referente destacado en el estudio y tratamiento de las enfermedades mentales"},"content":{"rendered":"\n<hr class=\"wp-block-separator has-text-color has-vivid-red-color has-alpha-channel-opacity has-vivid-red-background-color has-background\"\/>\n\n\n\n<p class=\"has-large-font-size\"><strong>9 de octubre de 2025<\/strong><\/p>\n\n\n\n<ul class=\"has-medium-font-size\">\n<li>El instituto cuenta con m\u00e1s de 100 personas investigadoras pertenecientes al SNI y tiene en curso 179 protocolos. Adem\u00e1s ocupa el tercer lugar del \u00cdndice H de citaciones en art\u00edculos publicados en revistas especializadas&nbsp;<\/li>\n<\/ul>\n\n\n\n<ul class=\"has-medium-font-size\">\n<li>En el marco del D\u00eda Mundial de la Salud Mental se lleva a cabo la XL Reuni\u00f3n Anual de Investigaci\u00f3n.&nbsp;<\/li>\n<\/ul>\n\n\n\n<div class=\"wp-block-jetpack-slideshow aligncenter\" data-effect=\"fade\"><div class=\"wp-block-jetpack-slideshow_container swiper-container\"><ul class=\"wp-block-jetpack-slideshow_swiper-wrapper swiper-wrapper\"><li class=\"wp-block-jetpack-slideshow_slide swiper-slide\"><figure><img decoding=\"async\" loading=\"lazy\" width=\"640\" height=\"425\" alt=\"\" class=\"wp-block-jetpack-slideshow_image wp-image-3357\" data-id=\"3357\" src=\"https:\/\/i0.wp.com\/lafuente.mx\/wp-content\/uploads\/2025\/10\/DSC_0010.jpg?resize=640%2C425\" srcset=\"https:\/\/i0.wp.com\/lafuente.mx\/wp-content\/uploads\/2025\/10\/DSC_0010-scaled.jpg?resize=1024%2C680&amp;ssl=1 1024w, https:\/\/i0.wp.com\/lafuente.mx\/wp-content\/uploads\/2025\/10\/DSC_0010-scaled.jpg?resize=300%2C199&amp;ssl=1 300w, https:\/\/i0.wp.com\/lafuente.mx\/wp-content\/uploads\/2025\/10\/DSC_0010-scaled.jpg?resize=768%2C510&amp;ssl=1 768w, https:\/\/i0.wp.com\/lafuente.mx\/wp-content\/uploads\/2025\/10\/DSC_0010-scaled.jpg?resize=1536%2C1020&amp;ssl=1 1536w, https:\/\/i0.wp.com\/lafuente.mx\/wp-content\/uploads\/2025\/10\/DSC_0010-scaled.jpg?resize=2048%2C1360&amp;ssl=1 2048w, https:\/\/i0.wp.com\/lafuente.mx\/wp-content\/uploads\/2025\/10\/DSC_0010-scaled.jpg?w=1280 1280w, https:\/\/i0.wp.com\/lafuente.mx\/wp-content\/uploads\/2025\/10\/DSC_0010-scaled.jpg?w=1920 1920w\" sizes=\"(max-width: 640px) 100vw, 640px\" data-recalc-dims=\"1\" \/><figcaption class=\"wp-block-jetpack-slideshow_caption gallery-caption\">Fotos INPRFM<\/figcaption><\/figure><\/li><li class=\"wp-block-jetpack-slideshow_slide swiper-slide\"><figure><img decoding=\"async\" loading=\"lazy\" width=\"640\" height=\"425\" alt=\"\" class=\"wp-block-jetpack-slideshow_image wp-image-3359\" data-id=\"3359\" src=\"https:\/\/i0.wp.com\/lafuente.mx\/wp-content\/uploads\/2025\/10\/DSC_0025.jpg?resize=640%2C425\" srcset=\"https:\/\/i0.wp.com\/lafuente.mx\/wp-content\/uploads\/2025\/10\/DSC_0025-scaled.jpg?resize=1024%2C680&amp;ssl=1 1024w, https:\/\/i0.wp.com\/lafuente.mx\/wp-content\/uploads\/2025\/10\/DSC_0025-scaled.jpg?resize=300%2C199&amp;ssl=1 300w, https:\/\/i0.wp.com\/lafuente.mx\/wp-content\/uploads\/2025\/10\/DSC_0025-scaled.jpg?resize=768%2C510&amp;ssl=1 768w, https:\/\/i0.wp.com\/lafuente.mx\/wp-content\/uploads\/2025\/10\/DSC_0025-scaled.jpg?resize=1536%2C1020&amp;ssl=1 1536w, https:\/\/i0.wp.com\/lafuente.mx\/wp-content\/uploads\/2025\/10\/DSC_0025-scaled.jpg?resize=2048%2C1360&amp;ssl=1 2048w, https:\/\/i0.wp.com\/lafuente.mx\/wp-content\/uploads\/2025\/10\/DSC_0025-scaled.jpg?w=1280 1280w, https:\/\/i0.wp.com\/lafuente.mx\/wp-content\/uploads\/2025\/10\/DSC_0025-scaled.jpg?w=1920 1920w\" sizes=\"(max-width: 640px) 100vw, 640px\" data-recalc-dims=\"1\" \/><figcaption class=\"wp-block-jetpack-slideshow_caption gallery-caption\">Inauguraci\u00f3n XL RAI<\/figcaption><\/figure><\/li><li class=\"wp-block-jetpack-slideshow_slide swiper-slide\"><figure><img decoding=\"async\" loading=\"lazy\" width=\"640\" height=\"425\" alt=\"\" class=\"wp-block-jetpack-slideshow_image wp-image-3374\" data-id=\"3374\" src=\"https:\/\/i0.wp.com\/lafuente.mx\/wp-content\/uploads\/2025\/10\/RAI-XL_0007_DSC_0046.jpg?resize=640%2C425\" srcset=\"https:\/\/i0.wp.com\/lafuente.mx\/wp-content\/uploads\/2025\/10\/RAI-XL_0007_DSC_0046.jpg?resize=1024%2C680&amp;ssl=1 1024w, https:\/\/i0.wp.com\/lafuente.mx\/wp-content\/uploads\/2025\/10\/RAI-XL_0007_DSC_0046.jpg?resize=300%2C199&amp;ssl=1 300w, https:\/\/i0.wp.com\/lafuente.mx\/wp-content\/uploads\/2025\/10\/RAI-XL_0007_DSC_0046.jpg?resize=768%2C510&amp;ssl=1 768w, https:\/\/i0.wp.com\/lafuente.mx\/wp-content\/uploads\/2025\/10\/RAI-XL_0007_DSC_0046.jpg?resize=1536%2C1020&amp;ssl=1 1536w, https:\/\/i0.wp.com\/lafuente.mx\/wp-content\/uploads\/2025\/10\/RAI-XL_0007_DSC_0046.jpg?w=1969&amp;ssl=1 1969w, https:\/\/i0.wp.com\/lafuente.mx\/wp-content\/uploads\/2025\/10\/RAI-XL_0007_DSC_0046.jpg?w=1280 1280w\" sizes=\"(max-width: 640px) 100vw, 640px\" data-recalc-dims=\"1\" \/><\/figure><\/li><li class=\"wp-block-jetpack-slideshow_slide swiper-slide\"><figure><img decoding=\"async\" loading=\"lazy\" width=\"640\" height=\"964\" alt=\"\" class=\"wp-block-jetpack-slideshow_image wp-image-3354\" data-id=\"3354\" src=\"https:\/\/i0.wp.com\/lafuente.mx\/wp-content\/uploads\/2025\/10\/Dr-Madrigal-25.jpg?resize=640%2C964\" srcset=\"https:\/\/i0.wp.com\/lafuente.mx\/wp-content\/uploads\/2025\/10\/Dr-Madrigal-25-rotated.jpg?resize=680%2C1024&amp;ssl=1 680w, https:\/\/i0.wp.com\/lafuente.mx\/wp-content\/uploads\/2025\/10\/Dr-Madrigal-25-rotated.jpg?resize=199%2C300&amp;ssl=1 199w, https:\/\/i0.wp.com\/lafuente.mx\/wp-content\/uploads\/2025\/10\/Dr-Madrigal-25-rotated.jpg?resize=768%2C1157&amp;ssl=1 768w, https:\/\/i0.wp.com\/lafuente.mx\/wp-content\/uploads\/2025\/10\/Dr-Madrigal-25-rotated.jpg?resize=1020%2C1536&amp;ssl=1 1020w, https:\/\/i0.wp.com\/lafuente.mx\/wp-content\/uploads\/2025\/10\/Dr-Madrigal-25-rotated.jpg?w=1307&amp;ssl=1 1307w\" sizes=\"(max-width: 640px) 100vw, 640px\" data-recalc-dims=\"1\" \/><figcaption class=\"wp-block-jetpack-slideshow_caption gallery-caption\">fotos INPRFM<\/figcaption><\/figure><\/li><li class=\"wp-block-jetpack-slideshow_slide swiper-slide\"><figure><img decoding=\"async\" loading=\"lazy\" width=\"640\" height=\"425\" alt=\"\" class=\"wp-block-jetpack-slideshow_image wp-image-3360\" data-id=\"3360\" src=\"https:\/\/i0.wp.com\/lafuente.mx\/wp-content\/uploads\/2025\/10\/DSC_0039.jpg?resize=640%2C425\" srcset=\"https:\/\/i0.wp.com\/lafuente.mx\/wp-content\/uploads\/2025\/10\/DSC_0039-scaled.jpg?resize=1024%2C680&amp;ssl=1 1024w, https:\/\/i0.wp.com\/lafuente.mx\/wp-content\/uploads\/2025\/10\/DSC_0039-scaled.jpg?resize=300%2C199&amp;ssl=1 300w, https:\/\/i0.wp.com\/lafuente.mx\/wp-content\/uploads\/2025\/10\/DSC_0039-scaled.jpg?resize=768%2C510&amp;ssl=1 768w, https:\/\/i0.wp.com\/lafuente.mx\/wp-content\/uploads\/2025\/10\/DSC_0039-scaled.jpg?resize=1536%2C1020&amp;ssl=1 1536w, https:\/\/i0.wp.com\/lafuente.mx\/wp-content\/uploads\/2025\/10\/DSC_0039-scaled.jpg?resize=2048%2C1360&amp;ssl=1 2048w, https:\/\/i0.wp.com\/lafuente.mx\/wp-content\/uploads\/2025\/10\/DSC_0039-scaled.jpg?w=1280 1280w, https:\/\/i0.wp.com\/lafuente.mx\/wp-content\/uploads\/2025\/10\/DSC_0039-scaled.jpg?w=1920 1920w\" sizes=\"(max-width: 640px) 100vw, 640px\" data-recalc-dims=\"1\" \/><\/figure><\/li><li class=\"wp-block-jetpack-slideshow_slide swiper-slide\"><figure><img decoding=\"async\" loading=\"lazy\" width=\"640\" height=\"425\" alt=\"\" class=\"wp-block-jetpack-slideshow_image wp-image-3373\" data-id=\"3373\" src=\"https:\/\/i0.wp.com\/lafuente.mx\/wp-content\/uploads\/2025\/10\/RAI-XL_0010_DSC_0069.jpg?resize=640%2C425\" srcset=\"https:\/\/i0.wp.com\/lafuente.mx\/wp-content\/uploads\/2025\/10\/RAI-XL_0010_DSC_0069.jpg?resize=1024%2C680&amp;ssl=1 1024w, https:\/\/i0.wp.com\/lafuente.mx\/wp-content\/uploads\/2025\/10\/RAI-XL_0010_DSC_0069.jpg?resize=300%2C199&amp;ssl=1 300w, https:\/\/i0.wp.com\/lafuente.mx\/wp-content\/uploads\/2025\/10\/RAI-XL_0010_DSC_0069.jpg?resize=768%2C510&amp;ssl=1 768w, https:\/\/i0.wp.com\/lafuente.mx\/wp-content\/uploads\/2025\/10\/RAI-XL_0010_DSC_0069.jpg?resize=1536%2C1020&amp;ssl=1 1536w, https:\/\/i0.wp.com\/lafuente.mx\/wp-content\/uploads\/2025\/10\/RAI-XL_0010_DSC_0069.jpg?w=1969&amp;ssl=1 1969w, https:\/\/i0.wp.com\/lafuente.mx\/wp-content\/uploads\/2025\/10\/RAI-XL_0010_DSC_0069.jpg?w=1280 1280w\" sizes=\"(max-width: 640px) 100vw, 640px\" data-recalc-dims=\"1\" \/><figcaption class=\"wp-block-jetpack-slideshow_caption gallery-caption\">fotos INPRFM<\/figcaption><\/figure><\/li><li class=\"wp-block-jetpack-slideshow_slide swiper-slide\"><figure><img decoding=\"async\" loading=\"lazy\" width=\"640\" height=\"425\" alt=\"\" class=\"wp-block-jetpack-slideshow_image wp-image-3355\" data-id=\"3355\" src=\"https:\/\/i0.wp.com\/lafuente.mx\/wp-content\/uploads\/2025\/10\/inauguracion.jpg?resize=640%2C425\" srcset=\"https:\/\/i0.wp.com\/lafuente.mx\/wp-content\/uploads\/2025\/10\/inauguracion.jpg?resize=1024%2C680&amp;ssl=1 1024w, https:\/\/i0.wp.com\/lafuente.mx\/wp-content\/uploads\/2025\/10\/inauguracion.jpg?resize=300%2C199&amp;ssl=1 300w, https:\/\/i0.wp.com\/lafuente.mx\/wp-content\/uploads\/2025\/10\/inauguracion.jpg?resize=768%2C510&amp;ssl=1 768w, https:\/\/i0.wp.com\/lafuente.mx\/wp-content\/uploads\/2025\/10\/inauguracion.jpg?resize=1536%2C1020&amp;ssl=1 1536w, https:\/\/i0.wp.com\/lafuente.mx\/wp-content\/uploads\/2025\/10\/inauguracion.jpg?w=1969&amp;ssl=1 1969w, https:\/\/i0.wp.com\/lafuente.mx\/wp-content\/uploads\/2025\/10\/inauguracion.jpg?w=1280 1280w\" sizes=\"(max-width: 640px) 100vw, 640px\" data-recalc-dims=\"1\" \/><figcaption class=\"wp-block-jetpack-slideshow_caption gallery-caption\">fotos INPRFM<\/figcaption><\/figure><\/li><li class=\"wp-block-jetpack-slideshow_slide swiper-slide\"><figure><img decoding=\"async\" loading=\"lazy\" width=\"640\" height=\"425\" alt=\"\" class=\"wp-block-jetpack-slideshow_image wp-image-3372\" data-id=\"3372\" src=\"https:\/\/i0.wp.com\/lafuente.mx\/wp-content\/uploads\/2025\/10\/RAI-XL_0004_RAI-XL.jpg?resize=640%2C425\" srcset=\"https:\/\/i0.wp.com\/lafuente.mx\/wp-content\/uploads\/2025\/10\/RAI-XL_0004_RAI-XL.jpg?resize=1024%2C680&amp;ssl=1 1024w, https:\/\/i0.wp.com\/lafuente.mx\/wp-content\/uploads\/2025\/10\/RAI-XL_0004_RAI-XL.jpg?resize=300%2C199&amp;ssl=1 300w, https:\/\/i0.wp.com\/lafuente.mx\/wp-content\/uploads\/2025\/10\/RAI-XL_0004_RAI-XL.jpg?resize=768%2C510&amp;ssl=1 768w, https:\/\/i0.wp.com\/lafuente.mx\/wp-content\/uploads\/2025\/10\/RAI-XL_0004_RAI-XL.jpg?resize=1536%2C1020&amp;ssl=1 1536w, https:\/\/i0.wp.com\/lafuente.mx\/wp-content\/uploads\/2025\/10\/RAI-XL_0004_RAI-XL.jpg?w=1969&amp;ssl=1 1969w, https:\/\/i0.wp.com\/lafuente.mx\/wp-content\/uploads\/2025\/10\/RAI-XL_0004_RAI-XL.jpg?w=1280 1280w\" sizes=\"(max-width: 640px) 100vw, 640px\" data-recalc-dims=\"1\" \/><\/figure><\/li><li class=\"wp-block-jetpack-slideshow_slide swiper-slide\"><figure><img decoding=\"async\" loading=\"lazy\" width=\"640\" height=\"425\" alt=\"\" class=\"wp-block-jetpack-slideshow_image wp-image-3358\" data-id=\"3358\" src=\"https:\/\/i0.wp.com\/lafuente.mx\/wp-content\/uploads\/2025\/10\/DSC_0013.jpg?resize=640%2C425\" srcset=\"https:\/\/i0.wp.com\/lafuente.mx\/wp-content\/uploads\/2025\/10\/DSC_0013-scaled.jpg?resize=1024%2C680&amp;ssl=1 1024w, https:\/\/i0.wp.com\/lafuente.mx\/wp-content\/uploads\/2025\/10\/DSC_0013-scaled.jpg?resize=300%2C199&amp;ssl=1 300w, https:\/\/i0.wp.com\/lafuente.mx\/wp-content\/uploads\/2025\/10\/DSC_0013-scaled.jpg?resize=768%2C510&amp;ssl=1 768w, https:\/\/i0.wp.com\/lafuente.mx\/wp-content\/uploads\/2025\/10\/DSC_0013-scaled.jpg?resize=1536%2C1020&amp;ssl=1 1536w, https:\/\/i0.wp.com\/lafuente.mx\/wp-content\/uploads\/2025\/10\/DSC_0013-scaled.jpg?resize=2048%2C1360&amp;ssl=1 2048w, https:\/\/i0.wp.com\/lafuente.mx\/wp-content\/uploads\/2025\/10\/DSC_0013-scaled.jpg?w=1280 1280w, https:\/\/i0.wp.com\/lafuente.mx\/wp-content\/uploads\/2025\/10\/DSC_0013-scaled.jpg?w=1920 1920w\" sizes=\"(max-width: 640px) 100vw, 640px\" data-recalc-dims=\"1\" \/><figcaption class=\"wp-block-jetpack-slideshow_caption gallery-caption\">Fotos INPRFM<\/figcaption><\/figure><\/li><li class=\"wp-block-jetpack-slideshow_slide swiper-slide\"><figure><img decoding=\"async\" loading=\"lazy\" width=\"640\" height=\"425\" alt=\"\" class=\"wp-block-jetpack-slideshow_image wp-image-3361\" data-id=\"3361\" src=\"https:\/\/i0.wp.com\/lafuente.mx\/wp-content\/uploads\/2025\/10\/Catedra-Ramon-Fuente_0001_DSC_0150.jpg?resize=640%2C425\" srcset=\"https:\/\/i0.wp.com\/lafuente.mx\/wp-content\/uploads\/2025\/10\/Catedra-Ramon-Fuente_0001_DSC_0150.jpg?resize=1024%2C680&amp;ssl=1 1024w, https:\/\/i0.wp.com\/lafuente.mx\/wp-content\/uploads\/2025\/10\/Catedra-Ramon-Fuente_0001_DSC_0150.jpg?resize=300%2C199&amp;ssl=1 300w, https:\/\/i0.wp.com\/lafuente.mx\/wp-content\/uploads\/2025\/10\/Catedra-Ramon-Fuente_0001_DSC_0150.jpg?resize=768%2C510&amp;ssl=1 768w, https:\/\/i0.wp.com\/lafuente.mx\/wp-content\/uploads\/2025\/10\/Catedra-Ramon-Fuente_0001_DSC_0150.jpg?resize=1536%2C1020&amp;ssl=1 1536w, https:\/\/i0.wp.com\/lafuente.mx\/wp-content\/uploads\/2025\/10\/Catedra-Ramon-Fuente_0001_DSC_0150.jpg?w=1969&amp;ssl=1 1969w, https:\/\/i0.wp.com\/lafuente.mx\/wp-content\/uploads\/2025\/10\/Catedra-Ramon-Fuente_0001_DSC_0150.jpg?w=1280 1280w\" sizes=\"(max-width: 640px) 100vw, 640px\" data-recalc-dims=\"1\" \/><figcaption class=\"wp-block-jetpack-slideshow_caption gallery-caption\">Catedra Ram\u00f3n de la Fuente<\/figcaption><\/figure><\/li><li class=\"wp-block-jetpack-slideshow_slide swiper-slide\"><figure><img decoding=\"async\" loading=\"lazy\" width=\"640\" height=\"425\" alt=\"\" class=\"wp-block-jetpack-slideshow_image wp-image-3362\" data-id=\"3362\" src=\"https:\/\/i0.wp.com\/lafuente.mx\/wp-content\/uploads\/2025\/10\/Catedra-Ramon-Fuente_0002_DSC_0154.jpg?resize=640%2C425\" srcset=\"https:\/\/i0.wp.com\/lafuente.mx\/wp-content\/uploads\/2025\/10\/Catedra-Ramon-Fuente_0002_DSC_0154.jpg?resize=1024%2C680&amp;ssl=1 1024w, https:\/\/i0.wp.com\/lafuente.mx\/wp-content\/uploads\/2025\/10\/Catedra-Ramon-Fuente_0002_DSC_0154.jpg?resize=300%2C199&amp;ssl=1 300w, https:\/\/i0.wp.com\/lafuente.mx\/wp-content\/uploads\/2025\/10\/Catedra-Ramon-Fuente_0002_DSC_0154.jpg?resize=768%2C510&amp;ssl=1 768w, https:\/\/i0.wp.com\/lafuente.mx\/wp-content\/uploads\/2025\/10\/Catedra-Ramon-Fuente_0002_DSC_0154.jpg?resize=1536%2C1020&amp;ssl=1 1536w, https:\/\/i0.wp.com\/lafuente.mx\/wp-content\/uploads\/2025\/10\/Catedra-Ramon-Fuente_0002_DSC_0154.jpg?w=1969&amp;ssl=1 1969w, https:\/\/i0.wp.com\/lafuente.mx\/wp-content\/uploads\/2025\/10\/Catedra-Ramon-Fuente_0002_DSC_0154.jpg?w=1280 1280w\" sizes=\"(max-width: 640px) 100vw, 640px\" data-recalc-dims=\"1\" \/><figcaption class=\"wp-block-jetpack-slideshow_caption gallery-caption\">Fotos INPRFM<\/figcaption><\/figure><\/li><li class=\"wp-block-jetpack-slideshow_slide swiper-slide\"><figure><img decoding=\"async\" loading=\"lazy\" width=\"640\" height=\"425\" alt=\"\" class=\"wp-block-jetpack-slideshow_image wp-image-3363\" data-id=\"3363\" src=\"https:\/\/i0.wp.com\/lafuente.mx\/wp-content\/uploads\/2025\/10\/Catedra-Ramon-Fuente_0005_DSC_0160.jpg?resize=640%2C425\" srcset=\"https:\/\/i0.wp.com\/lafuente.mx\/wp-content\/uploads\/2025\/10\/Catedra-Ramon-Fuente_0005_DSC_0160.jpg?resize=1024%2C680&amp;ssl=1 1024w, https:\/\/i0.wp.com\/lafuente.mx\/wp-content\/uploads\/2025\/10\/Catedra-Ramon-Fuente_0005_DSC_0160.jpg?resize=300%2C199&amp;ssl=1 300w, https:\/\/i0.wp.com\/lafuente.mx\/wp-content\/uploads\/2025\/10\/Catedra-Ramon-Fuente_0005_DSC_0160.jpg?resize=768%2C510&amp;ssl=1 768w, https:\/\/i0.wp.com\/lafuente.mx\/wp-content\/uploads\/2025\/10\/Catedra-Ramon-Fuente_0005_DSC_0160.jpg?resize=1536%2C1020&amp;ssl=1 1536w, https:\/\/i0.wp.com\/lafuente.mx\/wp-content\/uploads\/2025\/10\/Catedra-Ramon-Fuente_0005_DSC_0160.jpg?w=1969&amp;ssl=1 1969w, https:\/\/i0.wp.com\/lafuente.mx\/wp-content\/uploads\/2025\/10\/Catedra-Ramon-Fuente_0005_DSC_0160.jpg?w=1280 1280w\" sizes=\"(max-width: 640px) 100vw, 640px\" data-recalc-dims=\"1\" \/><figcaption class=\"wp-block-jetpack-slideshow_caption gallery-caption\">Dra Corina L. Benjet<\/figcaption><\/figure><\/li><\/ul><a class=\"wp-block-jetpack-slideshow_button-prev swiper-button-prev swiper-button-white\" role=\"button\"><\/a><a class=\"wp-block-jetpack-slideshow_button-next swiper-button-next swiper-button-white\" role=\"button\"><\/a><a aria-label=\"Pause Slideshow\" class=\"wp-block-jetpack-slideshow_button-pause\" role=\"button\"><\/a><div class=\"wp-block-jetpack-slideshow_pagination swiper-pagination swiper-pagination-white\"><\/div><\/div><\/div>\n\n\n\n<p class=\"has-medium-font-size\">Con el objetivo de fortalecer la investigaci\u00f3n en materia de salud mental en M\u00e9xico, el Instituto Nacional de Psiquiatr\u00eda Ram\u00f3n de la Fuente Mu\u00f1iz (INPRFM) inaugur\u00f3 la&nbsp;XL Reuni\u00f3n Anual de Investigaci\u00f3n&nbsp;e hizo entrega del&nbsp;Premio&nbsp;Fundaci\u00f3n Ram\u00f3n de la Fuente.&nbsp;<\/p>\n\n\n\n<p class=\"has-medium-font-size\">Durante la apertura de esta reuni\u00f3n, en el marco del&nbsp;D\u00eda Mundial de la Salud Mental, que se conmemora el 10 de octubre,&nbsp;el director general del&nbsp;INPRFM, Eduardo Madrigal de Le\u00f3n,&nbsp;apunt\u00f3 que desde su fundaci\u00f3n, hace casi 46 a\u00f1os, el instituto ha abordado el conocimiento de la salud mental,&nbsp;el estudio y tratamiento de las enfermedades mentales a trav\u00e9s de la investigaci\u00f3n inter y multidisciplinaria.&nbsp;<\/p>\n\n\n\n<div class=\"wp-block-jetpack-slideshow aligncenter\" data-effect=\"slide\"><div class=\"wp-block-jetpack-slideshow_container swiper-container\"><ul class=\"wp-block-jetpack-slideshow_swiper-wrapper swiper-wrapper\"><li class=\"wp-block-jetpack-slideshow_slide swiper-slide\"><figure><img decoding=\"async\" loading=\"lazy\" width=\"640\" height=\"425\" alt=\"\" class=\"wp-block-jetpack-slideshow_image wp-image-3369\" data-id=\"3369\" src=\"https:\/\/i0.wp.com\/lafuente.mx\/wp-content\/uploads\/2025\/10\/Premio-RF-Sociales_0002_DSC_0082.jpg?resize=640%2C425\" srcset=\"https:\/\/i0.wp.com\/lafuente.mx\/wp-content\/uploads\/2025\/10\/Premio-RF-Sociales_0002_DSC_0082.jpg?resize=1024%2C680&amp;ssl=1 1024w, https:\/\/i0.wp.com\/lafuente.mx\/wp-content\/uploads\/2025\/10\/Premio-RF-Sociales_0002_DSC_0082.jpg?resize=300%2C199&amp;ssl=1 300w, https:\/\/i0.wp.com\/lafuente.mx\/wp-content\/uploads\/2025\/10\/Premio-RF-Sociales_0002_DSC_0082.jpg?resize=768%2C510&amp;ssl=1 768w, https:\/\/i0.wp.com\/lafuente.mx\/wp-content\/uploads\/2025\/10\/Premio-RF-Sociales_0002_DSC_0082.jpg?resize=1536%2C1020&amp;ssl=1 1536w, https:\/\/i0.wp.com\/lafuente.mx\/wp-content\/uploads\/2025\/10\/Premio-RF-Sociales_0002_DSC_0082.jpg?w=1969&amp;ssl=1 1969w, https:\/\/i0.wp.com\/lafuente.mx\/wp-content\/uploads\/2025\/10\/Premio-RF-Sociales_0002_DSC_0082.jpg?w=1280 1280w\" sizes=\"(max-width: 640px) 100vw, 640px\" data-recalc-dims=\"1\" \/><\/figure><\/li><li class=\"wp-block-jetpack-slideshow_slide swiper-slide\"><figure><img decoding=\"async\" loading=\"lazy\" width=\"640\" height=\"425\" alt=\"\" class=\"wp-block-jetpack-slideshow_image wp-image-3364\" data-id=\"3364\" src=\"https:\/\/i0.wp.com\/lafuente.mx\/wp-content\/uploads\/2025\/10\/Premio-Inv-ClinClausura_0001_DSC_0111.jpg?resize=640%2C425\" srcset=\"https:\/\/i0.wp.com\/lafuente.mx\/wp-content\/uploads\/2025\/10\/Premio-Inv-ClinClausura_0001_DSC_0111.jpg?resize=1024%2C680&amp;ssl=1 1024w, https:\/\/i0.wp.com\/lafuente.mx\/wp-content\/uploads\/2025\/10\/Premio-Inv-ClinClausura_0001_DSC_0111.jpg?resize=300%2C199&amp;ssl=1 300w, https:\/\/i0.wp.com\/lafuente.mx\/wp-content\/uploads\/2025\/10\/Premio-Inv-ClinClausura_0001_DSC_0111.jpg?resize=768%2C510&amp;ssl=1 768w, https:\/\/i0.wp.com\/lafuente.mx\/wp-content\/uploads\/2025\/10\/Premio-Inv-ClinClausura_0001_DSC_0111.jpg?resize=1536%2C1020&amp;ssl=1 1536w, https:\/\/i0.wp.com\/lafuente.mx\/wp-content\/uploads\/2025\/10\/Premio-Inv-ClinClausura_0001_DSC_0111.jpg?w=1969&amp;ssl=1 1969w, https:\/\/i0.wp.com\/lafuente.mx\/wp-content\/uploads\/2025\/10\/Premio-Inv-ClinClausura_0001_DSC_0111.jpg?w=1280 1280w\" sizes=\"(max-width: 640px) 100vw, 640px\" data-recalc-dims=\"1\" \/><figcaption class=\"wp-block-jetpack-slideshow_caption gallery-caption\">fotos INPRFM<\/figcaption><\/figure><\/li><li class=\"wp-block-jetpack-slideshow_slide swiper-slide\"><figure><img decoding=\"async\" loading=\"lazy\" width=\"640\" height=\"425\" alt=\"\" class=\"wp-block-jetpack-slideshow_image wp-image-3368\" data-id=\"3368\" src=\"https:\/\/i0.wp.com\/lafuente.mx\/wp-content\/uploads\/2025\/10\/Premio-RF-Sociales_0000_DSC_0074.jpg?resize=640%2C425\" srcset=\"https:\/\/i0.wp.com\/lafuente.mx\/wp-content\/uploads\/2025\/10\/Premio-RF-Sociales_0000_DSC_0074.jpg?resize=1024%2C680&amp;ssl=1 1024w, https:\/\/i0.wp.com\/lafuente.mx\/wp-content\/uploads\/2025\/10\/Premio-RF-Sociales_0000_DSC_0074.jpg?resize=300%2C199&amp;ssl=1 300w, https:\/\/i0.wp.com\/lafuente.mx\/wp-content\/uploads\/2025\/10\/Premio-RF-Sociales_0000_DSC_0074.jpg?resize=768%2C510&amp;ssl=1 768w, https:\/\/i0.wp.com\/lafuente.mx\/wp-content\/uploads\/2025\/10\/Premio-RF-Sociales_0000_DSC_0074.jpg?resize=1536%2C1020&amp;ssl=1 1536w, https:\/\/i0.wp.com\/lafuente.mx\/wp-content\/uploads\/2025\/10\/Premio-RF-Sociales_0000_DSC_0074.jpg?w=1969&amp;ssl=1 1969w, https:\/\/i0.wp.com\/lafuente.mx\/wp-content\/uploads\/2025\/10\/Premio-RF-Sociales_0000_DSC_0074.jpg?w=1280 1280w\" sizes=\"(max-width: 640px) 100vw, 640px\" data-recalc-dims=\"1\" \/><\/figure><\/li><li class=\"wp-block-jetpack-slideshow_slide swiper-slide\"><figure><img decoding=\"async\" loading=\"lazy\" width=\"640\" height=\"425\" alt=\"\" class=\"wp-block-jetpack-slideshow_image wp-image-3370\" data-id=\"3370\" src=\"https:\/\/i0.wp.com\/lafuente.mx\/wp-content\/uploads\/2025\/10\/Premio-RF-Sociales_0009_DSC_0091.jpg?resize=640%2C425\" srcset=\"https:\/\/i0.wp.com\/lafuente.mx\/wp-content\/uploads\/2025\/10\/Premio-RF-Sociales_0009_DSC_0091.jpg?resize=1024%2C680&amp;ssl=1 1024w, https:\/\/i0.wp.com\/lafuente.mx\/wp-content\/uploads\/2025\/10\/Premio-RF-Sociales_0009_DSC_0091.jpg?resize=300%2C199&amp;ssl=1 300w, https:\/\/i0.wp.com\/lafuente.mx\/wp-content\/uploads\/2025\/10\/Premio-RF-Sociales_0009_DSC_0091.jpg?resize=768%2C510&amp;ssl=1 768w, https:\/\/i0.wp.com\/lafuente.mx\/wp-content\/uploads\/2025\/10\/Premio-RF-Sociales_0009_DSC_0091.jpg?resize=1536%2C1020&amp;ssl=1 1536w, https:\/\/i0.wp.com\/lafuente.mx\/wp-content\/uploads\/2025\/10\/Premio-RF-Sociales_0009_DSC_0091.jpg?w=1969&amp;ssl=1 1969w, https:\/\/i0.wp.com\/lafuente.mx\/wp-content\/uploads\/2025\/10\/Premio-RF-Sociales_0009_DSC_0091.jpg?w=1280 1280w\" sizes=\"(max-width: 640px) 100vw, 640px\" data-recalc-dims=\"1\" \/><figcaption class=\"wp-block-jetpack-slideshow_caption gallery-caption\">Premios Fundaci\u00f3n Ramon de la Fuente<\/figcaption><\/figure><\/li><li class=\"wp-block-jetpack-slideshow_slide swiper-slide\"><figure><img decoding=\"async\" loading=\"lazy\" width=\"640\" height=\"425\" alt=\"\" class=\"wp-block-jetpack-slideshow_image wp-image-3365\" data-id=\"3365\" src=\"https:\/\/i0.wp.com\/lafuente.mx\/wp-content\/uploads\/2025\/10\/Premio-Inv-ClinClausura_0004_DSC_0117.jpg?resize=640%2C425\" srcset=\"https:\/\/i0.wp.com\/lafuente.mx\/wp-content\/uploads\/2025\/10\/Premio-Inv-ClinClausura_0004_DSC_0117.jpg?resize=1024%2C680&amp;ssl=1 1024w, https:\/\/i0.wp.com\/lafuente.mx\/wp-content\/uploads\/2025\/10\/Premio-Inv-ClinClausura_0004_DSC_0117.jpg?resize=300%2C199&amp;ssl=1 300w, https:\/\/i0.wp.com\/lafuente.mx\/wp-content\/uploads\/2025\/10\/Premio-Inv-ClinClausura_0004_DSC_0117.jpg?resize=768%2C510&amp;ssl=1 768w, https:\/\/i0.wp.com\/lafuente.mx\/wp-content\/uploads\/2025\/10\/Premio-Inv-ClinClausura_0004_DSC_0117.jpg?resize=1536%2C1020&amp;ssl=1 1536w, https:\/\/i0.wp.com\/lafuente.mx\/wp-content\/uploads\/2025\/10\/Premio-Inv-ClinClausura_0004_DSC_0117.jpg?w=1969&amp;ssl=1 1969w, https:\/\/i0.wp.com\/lafuente.mx\/wp-content\/uploads\/2025\/10\/Premio-Inv-ClinClausura_0004_DSC_0117.jpg?w=1280 1280w\" sizes=\"(max-width: 640px) 100vw, 640px\" data-recalc-dims=\"1\" \/><figcaption class=\"wp-block-jetpack-slideshow_caption gallery-caption\">Premios Fundaci\u00f3n Ram\u00f3n de la Fuente<\/figcaption><\/figure><\/li><li class=\"wp-block-jetpack-slideshow_slide swiper-slide\"><figure><img decoding=\"async\" loading=\"lazy\" width=\"640\" height=\"425\" alt=\"\" class=\"wp-block-jetpack-slideshow_image wp-image-3367\" data-id=\"3367\" src=\"https:\/\/i0.wp.com\/lafuente.mx\/wp-content\/uploads\/2025\/10\/Premio-RF-Neurociencias_0002_DSC_0102.jpg?resize=640%2C425\" srcset=\"https:\/\/i0.wp.com\/lafuente.mx\/wp-content\/uploads\/2025\/10\/Premio-RF-Neurociencias_0002_DSC_0102.jpg?resize=1024%2C680&amp;ssl=1 1024w, https:\/\/i0.wp.com\/lafuente.mx\/wp-content\/uploads\/2025\/10\/Premio-RF-Neurociencias_0002_DSC_0102.jpg?resize=300%2C199&amp;ssl=1 300w, https:\/\/i0.wp.com\/lafuente.mx\/wp-content\/uploads\/2025\/10\/Premio-RF-Neurociencias_0002_DSC_0102.jpg?resize=768%2C510&amp;ssl=1 768w, https:\/\/i0.wp.com\/lafuente.mx\/wp-content\/uploads\/2025\/10\/Premio-RF-Neurociencias_0002_DSC_0102.jpg?resize=1536%2C1020&amp;ssl=1 1536w, https:\/\/i0.wp.com\/lafuente.mx\/wp-content\/uploads\/2025\/10\/Premio-RF-Neurociencias_0002_DSC_0102.jpg?w=1969&amp;ssl=1 1969w, https:\/\/i0.wp.com\/lafuente.mx\/wp-content\/uploads\/2025\/10\/Premio-RF-Neurociencias_0002_DSC_0102.jpg?w=1280 1280w\" sizes=\"(max-width: 640px) 100vw, 640px\" data-recalc-dims=\"1\" \/><\/figure><\/li><li class=\"wp-block-jetpack-slideshow_slide swiper-slide\"><figure><img decoding=\"async\" loading=\"lazy\" width=\"640\" height=\"964\" alt=\"\" class=\"wp-block-jetpack-slideshow_image wp-image-3371\" data-id=\"3371\" src=\"https:\/\/i0.wp.com\/lafuente.mx\/wp-content\/uploads\/2025\/10\/Premio-RF-Neurociencias-Tania-Medina-.jpg?resize=640%2C964\" srcset=\"https:\/\/i0.wp.com\/lafuente.mx\/wp-content\/uploads\/2025\/10\/Premio-RF-Neurociencias-Tania-Medina--rotated.jpg?resize=680%2C1024&amp;ssl=1 680w, https:\/\/i0.wp.com\/lafuente.mx\/wp-content\/uploads\/2025\/10\/Premio-RF-Neurociencias-Tania-Medina--rotated.jpg?resize=199%2C300&amp;ssl=1 199w, https:\/\/i0.wp.com\/lafuente.mx\/wp-content\/uploads\/2025\/10\/Premio-RF-Neurociencias-Tania-Medina--rotated.jpg?resize=768%2C1157&amp;ssl=1 768w, https:\/\/i0.wp.com\/lafuente.mx\/wp-content\/uploads\/2025\/10\/Premio-RF-Neurociencias-Tania-Medina--rotated.jpg?resize=1020%2C1536&amp;ssl=1 1020w, https:\/\/i0.wp.com\/lafuente.mx\/wp-content\/uploads\/2025\/10\/Premio-RF-Neurociencias-Tania-Medina--rotated.jpg?w=1307&amp;ssl=1 1307w\" sizes=\"(max-width: 640px) 100vw, 640px\" data-recalc-dims=\"1\" \/><\/figure><\/li><\/ul><a class=\"wp-block-jetpack-slideshow_button-prev swiper-button-prev swiper-button-white\" role=\"button\"><\/a><a class=\"wp-block-jetpack-slideshow_button-next swiper-button-next swiper-button-white\" role=\"button\"><\/a><a aria-label=\"Pause Slideshow\" class=\"wp-block-jetpack-slideshow_button-pause\" role=\"button\"><\/a><div class=\"wp-block-jetpack-slideshow_pagination swiper-pagination swiper-pagination-white\"><\/div><\/div><\/div>\n\n\n\n<p class=\"has-medium-font-size\">Actualmente, dijo, el Instituto Nacional de Psiquiatr\u00eda cuenta con 114 investigadores de carrera y 18 funcionarios investigadores que trabajan en rubros como &nbsp;investigaciones biom\u00e9dicas, principalmente en campos como neurociencias, e investigaciones cl\u00ednicas, epidemiol\u00f3gicas y sociales. Del total de personas investigadoras, 104 pertenecen al Sistema Nacional de Investigadoras e Investigadores (SNI).&nbsp;&nbsp;<\/p>\n\n\n\n<p class=\"has-medium-font-size\">El doctor Madrigal de Le\u00f3n resalt\u00f3 que&nbsp;cuentan con 10 l\u00edneas de investigaci\u00f3n&nbsp;y&nbsp;179 protocolos de investigaci\u00f3n en curso;&nbsp;cada a\u00f1o destacan sus publicaciones en revistas especializadas de los niveles III al VI,&nbsp;as\u00ed como&nbsp;la producci\u00f3n de libros y cap\u00edtulos; cabe destacar que el instituto tiene el tercer lugar en el \u00edndice H que mide las citaciones de los art\u00edculos publicados, y esto lo ubica&nbsp;s\u00f3lo detr\u00e1s de los institutos nacionales de Salud P\u00fablica (INSP) y de Ciencias M\u00e9dicas y Nutrici\u00f3n Salvador Zubir\u00e1n (INCMNSZ).&nbsp;<\/p>\n\n\n\n<div class=\"wp-block-jetpack-slideshow aligncenter\" data-effect=\"slide\"><div class=\"wp-block-jetpack-slideshow_container swiper-container\"><ul class=\"wp-block-jetpack-slideshow_swiper-wrapper swiper-wrapper\"><li class=\"wp-block-jetpack-slideshow_slide swiper-slide\"><figure><img decoding=\"async\" loading=\"lazy\" width=\"640\" height=\"425\" alt=\"\" class=\"wp-block-jetpack-slideshow_image wp-image-3379\" data-id=\"3379\" src=\"https:\/\/i0.wp.com\/lafuente.mx\/wp-content\/uploads\/2025\/10\/Premios-cartel-07.jpeg?resize=640%2C425\" srcset=\"https:\/\/i0.wp.com\/lafuente.mx\/wp-content\/uploads\/2025\/10\/Premios-cartel-07.jpeg?resize=1024%2C680&amp;ssl=1 1024w, https:\/\/i0.wp.com\/lafuente.mx\/wp-content\/uploads\/2025\/10\/Premios-cartel-07.jpeg?resize=300%2C199&amp;ssl=1 300w, https:\/\/i0.wp.com\/lafuente.mx\/wp-content\/uploads\/2025\/10\/Premios-cartel-07.jpeg?resize=768%2C510&amp;ssl=1 768w, https:\/\/i0.wp.com\/lafuente.mx\/wp-content\/uploads\/2025\/10\/Premios-cartel-07.jpeg?resize=1536%2C1020&amp;ssl=1 1536w, https:\/\/i0.wp.com\/lafuente.mx\/wp-content\/uploads\/2025\/10\/Premios-cartel-07.jpeg?w=1600&amp;ssl=1 1600w, https:\/\/i0.wp.com\/lafuente.mx\/wp-content\/uploads\/2025\/10\/Premios-cartel-07.jpeg?w=1280 1280w\" sizes=\"(max-width: 640px) 100vw, 640px\" data-recalc-dims=\"1\" \/><figcaption class=\"wp-block-jetpack-slideshow_caption gallery-caption\">Premios a Carteles de investigaci\u00f3n<\/figcaption><\/figure><\/li><li class=\"wp-block-jetpack-slideshow_slide swiper-slide\"><figure><img decoding=\"async\" loading=\"lazy\" width=\"640\" height=\"425\" alt=\"\" class=\"wp-block-jetpack-slideshow_image wp-image-3380\" data-id=\"3380\" src=\"https:\/\/i0.wp.com\/lafuente.mx\/wp-content\/uploads\/2025\/10\/Premios-cartel02.jpeg?resize=640%2C425\" srcset=\"https:\/\/i0.wp.com\/lafuente.mx\/wp-content\/uploads\/2025\/10\/Premios-cartel02.jpeg?resize=1024%2C680&amp;ssl=1 1024w, https:\/\/i0.wp.com\/lafuente.mx\/wp-content\/uploads\/2025\/10\/Premios-cartel02.jpeg?resize=300%2C199&amp;ssl=1 300w, https:\/\/i0.wp.com\/lafuente.mx\/wp-content\/uploads\/2025\/10\/Premios-cartel02.jpeg?resize=768%2C510&amp;ssl=1 768w, https:\/\/i0.wp.com\/lafuente.mx\/wp-content\/uploads\/2025\/10\/Premios-cartel02.jpeg?resize=1536%2C1020&amp;ssl=1 1536w, https:\/\/i0.wp.com\/lafuente.mx\/wp-content\/uploads\/2025\/10\/Premios-cartel02.jpeg?w=1600&amp;ssl=1 1600w, https:\/\/i0.wp.com\/lafuente.mx\/wp-content\/uploads\/2025\/10\/Premios-cartel02.jpeg?w=1280 1280w\" sizes=\"(max-width: 640px) 100vw, 640px\" data-recalc-dims=\"1\" \/><figcaption class=\"wp-block-jetpack-slideshow_caption gallery-caption\">Premios a carteles de Investigaci\u00f3n<\/figcaption><\/figure><\/li><li class=\"wp-block-jetpack-slideshow_slide swiper-slide\"><figure><img decoding=\"async\" loading=\"lazy\" width=\"640\" height=\"964\" alt=\"\" class=\"wp-block-jetpack-slideshow_image wp-image-3382\" data-id=\"3382\" src=\"https:\/\/i0.wp.com\/lafuente.mx\/wp-content\/uploads\/2025\/10\/Premios-cartel08.jpeg?resize=640%2C964\" srcset=\"https:\/\/i0.wp.com\/lafuente.mx\/wp-content\/uploads\/2025\/10\/Premios-cartel08.jpeg?resize=680%2C1024&amp;ssl=1 680w, https:\/\/i0.wp.com\/lafuente.mx\/wp-content\/uploads\/2025\/10\/Premios-cartel08.jpeg?resize=199%2C300&amp;ssl=1 199w, https:\/\/i0.wp.com\/lafuente.mx\/wp-content\/uploads\/2025\/10\/Premios-cartel08.jpeg?resize=768%2C1157&amp;ssl=1 768w, https:\/\/i0.wp.com\/lafuente.mx\/wp-content\/uploads\/2025\/10\/Premios-cartel08.jpeg?resize=1020%2C1536&amp;ssl=1 1020w, https:\/\/i0.wp.com\/lafuente.mx\/wp-content\/uploads\/2025\/10\/Premios-cartel08.jpeg?w=1062&amp;ssl=1 1062w\" sizes=\"(max-width: 640px) 100vw, 640px\" data-recalc-dims=\"1\" \/><figcaption class=\"wp-block-jetpack-slideshow_caption gallery-caption\">Premios a carteles de Investigaci\u00f3n<\/figcaption><\/figure><\/li><li class=\"wp-block-jetpack-slideshow_slide swiper-slide\"><figure><img decoding=\"async\" loading=\"lazy\" width=\"640\" height=\"964\" alt=\"\" class=\"wp-block-jetpack-slideshow_image wp-image-3383\" data-id=\"3383\" src=\"https:\/\/i0.wp.com\/lafuente.mx\/wp-content\/uploads\/2025\/10\/Premios-MC-Ivan-Arango.jpeg?resize=640%2C964\" srcset=\"https:\/\/i0.wp.com\/lafuente.mx\/wp-content\/uploads\/2025\/10\/Premios-MC-Ivan-Arango.jpeg?resize=680%2C1024&amp;ssl=1 680w, https:\/\/i0.wp.com\/lafuente.mx\/wp-content\/uploads\/2025\/10\/Premios-MC-Ivan-Arango.jpeg?resize=199%2C300&amp;ssl=1 199w, https:\/\/i0.wp.com\/lafuente.mx\/wp-content\/uploads\/2025\/10\/Premios-MC-Ivan-Arango.jpeg?resize=768%2C1157&amp;ssl=1 768w, https:\/\/i0.wp.com\/lafuente.mx\/wp-content\/uploads\/2025\/10\/Premios-MC-Ivan-Arango.jpeg?resize=1020%2C1536&amp;ssl=1 1020w, https:\/\/i0.wp.com\/lafuente.mx\/wp-content\/uploads\/2025\/10\/Premios-MC-Ivan-Arango.jpeg?w=1062&amp;ssl=1 1062w\" sizes=\"(max-width: 640px) 100vw, 640px\" data-recalc-dims=\"1\" \/><figcaption class=\"wp-block-jetpack-slideshow_caption gallery-caption\">Premio Manuel Camelo<\/figcaption><\/figure><\/li><li class=\"wp-block-jetpack-slideshow_slide swiper-slide\"><figure><img decoding=\"async\" loading=\"lazy\" width=\"640\" height=\"964\" alt=\"\" class=\"wp-block-jetpack-slideshow_image wp-image-3384\" data-id=\"3384\" src=\"https:\/\/i0.wp.com\/lafuente.mx\/wp-content\/uploads\/2025\/10\/concurso-cartel_0006_DSC_0242.jpg?resize=640%2C964\" srcset=\"https:\/\/i0.wp.com\/lafuente.mx\/wp-content\/uploads\/2025\/10\/concurso-cartel_0006_DSC_0242-rotated.jpg?resize=680%2C1024&amp;ssl=1 680w, https:\/\/i0.wp.com\/lafuente.mx\/wp-content\/uploads\/2025\/10\/concurso-cartel_0006_DSC_0242-rotated.jpg?resize=199%2C300&amp;ssl=1 199w, https:\/\/i0.wp.com\/lafuente.mx\/wp-content\/uploads\/2025\/10\/concurso-cartel_0006_DSC_0242-rotated.jpg?resize=768%2C1157&amp;ssl=1 768w, https:\/\/i0.wp.com\/lafuente.mx\/wp-content\/uploads\/2025\/10\/concurso-cartel_0006_DSC_0242-rotated.jpg?resize=1020%2C1536&amp;ssl=1 1020w, https:\/\/i0.wp.com\/lafuente.mx\/wp-content\/uploads\/2025\/10\/concurso-cartel_0006_DSC_0242-rotated.jpg?w=1307&amp;ssl=1 1307w\" sizes=\"(max-width: 640px) 100vw, 640px\" data-recalc-dims=\"1\" \/><figcaption class=\"wp-block-jetpack-slideshow_caption gallery-caption\">Concurso de Carteles<\/figcaption><\/figure><\/li><li class=\"wp-block-jetpack-slideshow_slide swiper-slide\"><figure><img decoding=\"async\" loading=\"lazy\" width=\"640\" height=\"425\" alt=\"\" class=\"wp-block-jetpack-slideshow_image wp-image-3397\" data-id=\"3397\" src=\"https:\/\/i0.wp.com\/lafuente.mx\/wp-content\/uploads\/2025\/10\/Consurso-carteles02.jpg?resize=640%2C425\" srcset=\"https:\/\/i0.wp.com\/lafuente.mx\/wp-content\/uploads\/2025\/10\/Consurso-carteles02.jpg?resize=1024%2C680&amp;ssl=1 1024w, https:\/\/i0.wp.com\/lafuente.mx\/wp-content\/uploads\/2025\/10\/Consurso-carteles02.jpg?resize=300%2C199&amp;ssl=1 300w, https:\/\/i0.wp.com\/lafuente.mx\/wp-content\/uploads\/2025\/10\/Consurso-carteles02.jpg?resize=768%2C510&amp;ssl=1 768w, https:\/\/i0.wp.com\/lafuente.mx\/wp-content\/uploads\/2025\/10\/Consurso-carteles02.jpg?resize=1536%2C1020&amp;ssl=1 1536w, https:\/\/i0.wp.com\/lafuente.mx\/wp-content\/uploads\/2025\/10\/Consurso-carteles02.jpg?w=1969&amp;ssl=1 1969w, https:\/\/i0.wp.com\/lafuente.mx\/wp-content\/uploads\/2025\/10\/Consurso-carteles02.jpg?w=1280 1280w\" sizes=\"(max-width: 640px) 100vw, 640px\" data-recalc-dims=\"1\" \/><figcaption class=\"wp-block-jetpack-slideshow_caption gallery-caption\">Concurso de carteles<\/figcaption><\/figure><\/li><li class=\"wp-block-jetpack-slideshow_slide swiper-slide\"><figure><img decoding=\"async\" loading=\"lazy\" width=\"640\" height=\"425\" alt=\"\" class=\"wp-block-jetpack-slideshow_image wp-image-3385\" data-id=\"3385\" src=\"https:\/\/i0.wp.com\/lafuente.mx\/wp-content\/uploads\/2025\/10\/concurso-cartel_0009_DSC_0250.jpg?resize=640%2C425\" srcset=\"https:\/\/i0.wp.com\/lafuente.mx\/wp-content\/uploads\/2025\/10\/concurso-cartel_0009_DSC_0250.jpg?resize=1024%2C680&amp;ssl=1 1024w, https:\/\/i0.wp.com\/lafuente.mx\/wp-content\/uploads\/2025\/10\/concurso-cartel_0009_DSC_0250.jpg?resize=300%2C199&amp;ssl=1 300w, https:\/\/i0.wp.com\/lafuente.mx\/wp-content\/uploads\/2025\/10\/concurso-cartel_0009_DSC_0250.jpg?resize=768%2C510&amp;ssl=1 768w, https:\/\/i0.wp.com\/lafuente.mx\/wp-content\/uploads\/2025\/10\/concurso-cartel_0009_DSC_0250.jpg?resize=1536%2C1020&amp;ssl=1 1536w, https:\/\/i0.wp.com\/lafuente.mx\/wp-content\/uploads\/2025\/10\/concurso-cartel_0009_DSC_0250.jpg?w=1969&amp;ssl=1 1969w, https:\/\/i0.wp.com\/lafuente.mx\/wp-content\/uploads\/2025\/10\/concurso-cartel_0009_DSC_0250.jpg?w=1280 1280w\" sizes=\"(max-width: 640px) 100vw, 640px\" data-recalc-dims=\"1\" \/><figcaption class=\"wp-block-jetpack-slideshow_caption gallery-caption\">Fotos INPRFM<\/figcaption><\/figure><\/li><li class=\"wp-block-jetpack-slideshow_slide swiper-slide\"><figure><img decoding=\"async\" loading=\"lazy\" width=\"640\" height=\"425\" alt=\"\" class=\"wp-block-jetpack-slideshow_image wp-image-3386\" data-id=\"3386\" src=\"https:\/\/i0.wp.com\/lafuente.mx\/wp-content\/uploads\/2025\/10\/concurso-cartel_0011_DSC_0258.jpg?resize=640%2C425\" srcset=\"https:\/\/i0.wp.com\/lafuente.mx\/wp-content\/uploads\/2025\/10\/concurso-cartel_0011_DSC_0258.jpg?resize=1024%2C680&amp;ssl=1 1024w, https:\/\/i0.wp.com\/lafuente.mx\/wp-content\/uploads\/2025\/10\/concurso-cartel_0011_DSC_0258.jpg?resize=300%2C199&amp;ssl=1 300w, https:\/\/i0.wp.com\/lafuente.mx\/wp-content\/uploads\/2025\/10\/concurso-cartel_0011_DSC_0258.jpg?resize=768%2C510&amp;ssl=1 768w, https:\/\/i0.wp.com\/lafuente.mx\/wp-content\/uploads\/2025\/10\/concurso-cartel_0011_DSC_0258.jpg?resize=1536%2C1020&amp;ssl=1 1536w, https:\/\/i0.wp.com\/lafuente.mx\/wp-content\/uploads\/2025\/10\/concurso-cartel_0011_DSC_0258.jpg?w=1969&amp;ssl=1 1969w, https:\/\/i0.wp.com\/lafuente.mx\/wp-content\/uploads\/2025\/10\/concurso-cartel_0011_DSC_0258.jpg?w=1280 1280w\" sizes=\"(max-width: 640px) 100vw, 640px\" data-recalc-dims=\"1\" \/><figcaption class=\"wp-block-jetpack-slideshow_caption gallery-caption\">Concurso carteles<\/figcaption><\/figure><\/li><li class=\"wp-block-jetpack-slideshow_slide swiper-slide\"><figure><img decoding=\"async\" loading=\"lazy\" width=\"640\" height=\"425\" alt=\"\" class=\"wp-block-jetpack-slideshow_image wp-image-3387\" data-id=\"3387\" src=\"https:\/\/i0.wp.com\/lafuente.mx\/wp-content\/uploads\/2025\/10\/DSC_0137.jpg?resize=640%2C425\" srcset=\"https:\/\/i0.wp.com\/lafuente.mx\/wp-content\/uploads\/2025\/10\/DSC_0137-scaled.jpg?resize=1024%2C680&amp;ssl=1 1024w, https:\/\/i0.wp.com\/lafuente.mx\/wp-content\/uploads\/2025\/10\/DSC_0137-scaled.jpg?resize=300%2C199&amp;ssl=1 300w, https:\/\/i0.wp.com\/lafuente.mx\/wp-content\/uploads\/2025\/10\/DSC_0137-scaled.jpg?resize=768%2C510&amp;ssl=1 768w, https:\/\/i0.wp.com\/lafuente.mx\/wp-content\/uploads\/2025\/10\/DSC_0137-scaled.jpg?resize=1536%2C1020&amp;ssl=1 1536w, https:\/\/i0.wp.com\/lafuente.mx\/wp-content\/uploads\/2025\/10\/DSC_0137-scaled.jpg?resize=2048%2C1360&amp;ssl=1 2048w, https:\/\/i0.wp.com\/lafuente.mx\/wp-content\/uploads\/2025\/10\/DSC_0137-scaled.jpg?w=1280 1280w, https:\/\/i0.wp.com\/lafuente.mx\/wp-content\/uploads\/2025\/10\/DSC_0137-scaled.jpg?w=1920 1920w\" sizes=\"(max-width: 640px) 100vw, 640px\" data-recalc-dims=\"1\" \/><figcaption class=\"wp-block-jetpack-slideshow_caption gallery-caption\">fotos INPRFM<\/figcaption><\/figure><\/li><li class=\"wp-block-jetpack-slideshow_slide swiper-slide\"><figure><img decoding=\"async\" loading=\"lazy\" width=\"640\" height=\"425\" alt=\"\" class=\"wp-block-jetpack-slideshow_image wp-image-3388\" data-id=\"3388\" src=\"https:\/\/i0.wp.com\/lafuente.mx\/wp-content\/uploads\/2025\/10\/Mesa-Redonda-Alcance-unam_0007_DSC_0191.jpg?resize=640%2C425\" srcset=\"https:\/\/i0.wp.com\/lafuente.mx\/wp-content\/uploads\/2025\/10\/Mesa-Redonda-Alcance-unam_0007_DSC_0191.jpg?resize=1024%2C680&amp;ssl=1 1024w, https:\/\/i0.wp.com\/lafuente.mx\/wp-content\/uploads\/2025\/10\/Mesa-Redonda-Alcance-unam_0007_DSC_0191.jpg?resize=300%2C199&amp;ssl=1 300w, https:\/\/i0.wp.com\/lafuente.mx\/wp-content\/uploads\/2025\/10\/Mesa-Redonda-Alcance-unam_0007_DSC_0191.jpg?resize=768%2C510&amp;ssl=1 768w, https:\/\/i0.wp.com\/lafuente.mx\/wp-content\/uploads\/2025\/10\/Mesa-Redonda-Alcance-unam_0007_DSC_0191.jpg?resize=1536%2C1020&amp;ssl=1 1536w, https:\/\/i0.wp.com\/lafuente.mx\/wp-content\/uploads\/2025\/10\/Mesa-Redonda-Alcance-unam_0007_DSC_0191.jpg?w=1969&amp;ssl=1 1969w, https:\/\/i0.wp.com\/lafuente.mx\/wp-content\/uploads\/2025\/10\/Mesa-Redonda-Alcance-unam_0007_DSC_0191.jpg?w=1280 1280w\" sizes=\"(max-width: 640px) 100vw, 640px\" data-recalc-dims=\"1\" \/><\/figure><\/li><li class=\"wp-block-jetpack-slideshow_slide swiper-slide\"><figure><img decoding=\"async\" loading=\"lazy\" width=\"640\" height=\"425\" alt=\"\" class=\"wp-block-jetpack-slideshow_image wp-image-3389\" data-id=\"3389\" src=\"https:\/\/i0.wp.com\/lafuente.mx\/wp-content\/uploads\/2025\/10\/Mesa-Redonda-Alcance-unam_0010_DSC_0210.jpg?resize=640%2C425\" srcset=\"https:\/\/i0.wp.com\/lafuente.mx\/wp-content\/uploads\/2025\/10\/Mesa-Redonda-Alcance-unam_0010_DSC_0210.jpg?resize=1024%2C680&amp;ssl=1 1024w, https:\/\/i0.wp.com\/lafuente.mx\/wp-content\/uploads\/2025\/10\/Mesa-Redonda-Alcance-unam_0010_DSC_0210.jpg?resize=300%2C199&amp;ssl=1 300w, https:\/\/i0.wp.com\/lafuente.mx\/wp-content\/uploads\/2025\/10\/Mesa-Redonda-Alcance-unam_0010_DSC_0210.jpg?resize=768%2C510&amp;ssl=1 768w, https:\/\/i0.wp.com\/lafuente.mx\/wp-content\/uploads\/2025\/10\/Mesa-Redonda-Alcance-unam_0010_DSC_0210.jpg?resize=1536%2C1020&amp;ssl=1 1536w, https:\/\/i0.wp.com\/lafuente.mx\/wp-content\/uploads\/2025\/10\/Mesa-Redonda-Alcance-unam_0010_DSC_0210.jpg?w=1969&amp;ssl=1 1969w, https:\/\/i0.wp.com\/lafuente.mx\/wp-content\/uploads\/2025\/10\/Mesa-Redonda-Alcance-unam_0010_DSC_0210.jpg?w=1280 1280w\" sizes=\"(max-width: 640px) 100vw, 640px\" data-recalc-dims=\"1\" \/><figcaption class=\"wp-block-jetpack-slideshow_caption gallery-caption\">fotos INPRFM<\/figcaption><\/figure><\/li><li class=\"wp-block-jetpack-slideshow_slide swiper-slide\"><figure><img decoding=\"async\" loading=\"lazy\" width=\"640\" height=\"425\" alt=\"\" class=\"wp-block-jetpack-slideshow_image wp-image-3390\" data-id=\"3390\" src=\"https:\/\/i0.wp.com\/lafuente.mx\/wp-content\/uploads\/2025\/10\/Simposio-Intervenciones-digitales_0005_DSC_0277.jpg?resize=640%2C425\" srcset=\"https:\/\/i0.wp.com\/lafuente.mx\/wp-content\/uploads\/2025\/10\/Simposio-Intervenciones-digitales_0005_DSC_0277.jpg?resize=1024%2C680&amp;ssl=1 1024w, https:\/\/i0.wp.com\/lafuente.mx\/wp-content\/uploads\/2025\/10\/Simposio-Intervenciones-digitales_0005_DSC_0277.jpg?resize=300%2C199&amp;ssl=1 300w, https:\/\/i0.wp.com\/lafuente.mx\/wp-content\/uploads\/2025\/10\/Simposio-Intervenciones-digitales_0005_DSC_0277.jpg?resize=768%2C510&amp;ssl=1 768w, https:\/\/i0.wp.com\/lafuente.mx\/wp-content\/uploads\/2025\/10\/Simposio-Intervenciones-digitales_0005_DSC_0277.jpg?resize=1536%2C1020&amp;ssl=1 1536w, https:\/\/i0.wp.com\/lafuente.mx\/wp-content\/uploads\/2025\/10\/Simposio-Intervenciones-digitales_0005_DSC_0277.jpg?w=1969&amp;ssl=1 1969w, https:\/\/i0.wp.com\/lafuente.mx\/wp-content\/uploads\/2025\/10\/Simposio-Intervenciones-digitales_0005_DSC_0277.jpg?w=1280 1280w\" sizes=\"(max-width: 640px) 100vw, 640px\" data-recalc-dims=\"1\" \/><\/figure><\/li><li class=\"wp-block-jetpack-slideshow_slide swiper-slide\"><figure><img decoding=\"async\" loading=\"lazy\" width=\"640\" height=\"425\" alt=\"\" class=\"wp-block-jetpack-slideshow_image wp-image-3391\" data-id=\"3391\" src=\"https:\/\/i0.wp.com\/lafuente.mx\/wp-content\/uploads\/2025\/10\/Simposio-Intervenciones-digitales_0016_DSC_0304.jpg?resize=640%2C425\" srcset=\"https:\/\/i0.wp.com\/lafuente.mx\/wp-content\/uploads\/2025\/10\/Simposio-Intervenciones-digitales_0016_DSC_0304.jpg?resize=1024%2C680&amp;ssl=1 1024w, https:\/\/i0.wp.com\/lafuente.mx\/wp-content\/uploads\/2025\/10\/Simposio-Intervenciones-digitales_0016_DSC_0304.jpg?resize=300%2C199&amp;ssl=1 300w, https:\/\/i0.wp.com\/lafuente.mx\/wp-content\/uploads\/2025\/10\/Simposio-Intervenciones-digitales_0016_DSC_0304.jpg?resize=768%2C510&amp;ssl=1 768w, https:\/\/i0.wp.com\/lafuente.mx\/wp-content\/uploads\/2025\/10\/Simposio-Intervenciones-digitales_0016_DSC_0304.jpg?resize=1536%2C1020&amp;ssl=1 1536w, https:\/\/i0.wp.com\/lafuente.mx\/wp-content\/uploads\/2025\/10\/Simposio-Intervenciones-digitales_0016_DSC_0304.jpg?w=1969&amp;ssl=1 1969w, https:\/\/i0.wp.com\/lafuente.mx\/wp-content\/uploads\/2025\/10\/Simposio-Intervenciones-digitales_0016_DSC_0304.jpg?w=1280 1280w\" sizes=\"(max-width: 640px) 100vw, 640px\" data-recalc-dims=\"1\" \/><figcaption class=\"wp-block-jetpack-slideshow_caption gallery-caption\">Sinposio<\/figcaption><\/figure><\/li><li class=\"wp-block-jetpack-slideshow_slide swiper-slide\"><figure><img decoding=\"async\" loading=\"lazy\" width=\"640\" height=\"964\" alt=\"\" class=\"wp-block-jetpack-slideshow_image wp-image-3392\" data-id=\"3392\" src=\"https:\/\/i0.wp.com\/lafuente.mx\/wp-content\/uploads\/2025\/10\/simposio_0001_DSC_0309.jpg?resize=640%2C964\" srcset=\"https:\/\/i0.wp.com\/lafuente.mx\/wp-content\/uploads\/2025\/10\/simposio_0001_DSC_0309-rotated.jpg?resize=680%2C1024&amp;ssl=1 680w, https:\/\/i0.wp.com\/lafuente.mx\/wp-content\/uploads\/2025\/10\/simposio_0001_DSC_0309-rotated.jpg?resize=199%2C300&amp;ssl=1 199w, https:\/\/i0.wp.com\/lafuente.mx\/wp-content\/uploads\/2025\/10\/simposio_0001_DSC_0309-rotated.jpg?resize=768%2C1157&amp;ssl=1 768w, https:\/\/i0.wp.com\/lafuente.mx\/wp-content\/uploads\/2025\/10\/simposio_0001_DSC_0309-rotated.jpg?resize=1020%2C1536&amp;ssl=1 1020w, https:\/\/i0.wp.com\/lafuente.mx\/wp-content\/uploads\/2025\/10\/simposio_0001_DSC_0309-rotated.jpg?w=1307&amp;ssl=1 1307w\" sizes=\"(max-width: 640px) 100vw, 640px\" data-recalc-dims=\"1\" \/><figcaption class=\"wp-block-jetpack-slideshow_caption gallery-caption\">fotos INPRFM<\/figcaption><\/figure><\/li><li class=\"wp-block-jetpack-slideshow_slide swiper-slide\"><figure><img decoding=\"async\" loading=\"lazy\" width=\"640\" height=\"425\" alt=\"\" class=\"wp-block-jetpack-slideshow_image wp-image-3393\" data-id=\"3393\" src=\"https:\/\/i0.wp.com\/lafuente.mx\/wp-content\/uploads\/2025\/10\/Catedra-inprf-Ivan-A_0004_DSC_0385.jpg?resize=640%2C425\" srcset=\"https:\/\/i0.wp.com\/lafuente.mx\/wp-content\/uploads\/2025\/10\/Catedra-inprf-Ivan-A_0004_DSC_0385.jpg?resize=1024%2C680&amp;ssl=1 1024w, https:\/\/i0.wp.com\/lafuente.mx\/wp-content\/uploads\/2025\/10\/Catedra-inprf-Ivan-A_0004_DSC_0385.jpg?resize=300%2C199&amp;ssl=1 300w, https:\/\/i0.wp.com\/lafuente.mx\/wp-content\/uploads\/2025\/10\/Catedra-inprf-Ivan-A_0004_DSC_0385.jpg?resize=768%2C510&amp;ssl=1 768w, https:\/\/i0.wp.com\/lafuente.mx\/wp-content\/uploads\/2025\/10\/Catedra-inprf-Ivan-A_0004_DSC_0385.jpg?resize=1536%2C1020&amp;ssl=1 1536w, https:\/\/i0.wp.com\/lafuente.mx\/wp-content\/uploads\/2025\/10\/Catedra-inprf-Ivan-A_0004_DSC_0385.jpg?w=1969&amp;ssl=1 1969w, https:\/\/i0.wp.com\/lafuente.mx\/wp-content\/uploads\/2025\/10\/Catedra-inprf-Ivan-A_0004_DSC_0385.jpg?w=1280 1280w\" sizes=\"(max-width: 640px) 100vw, 640px\" data-recalc-dims=\"1\" \/><\/figure><\/li><li class=\"wp-block-jetpack-slideshow_slide swiper-slide\"><figure><img decoding=\"async\" loading=\"lazy\" width=\"640\" height=\"425\" alt=\"\" class=\"wp-block-jetpack-slideshow_image wp-image-3394\" data-id=\"3394\" src=\"https:\/\/i0.wp.com\/lafuente.mx\/wp-content\/uploads\/2025\/10\/Catedra-inprf-Ivan-A_0007_DSC_0391.jpg?resize=640%2C425\" srcset=\"https:\/\/i0.wp.com\/lafuente.mx\/wp-content\/uploads\/2025\/10\/Catedra-inprf-Ivan-A_0007_DSC_0391.jpg?resize=1024%2C680&amp;ssl=1 1024w, https:\/\/i0.wp.com\/lafuente.mx\/wp-content\/uploads\/2025\/10\/Catedra-inprf-Ivan-A_0007_DSC_0391.jpg?resize=300%2C199&amp;ssl=1 300w, https:\/\/i0.wp.com\/lafuente.mx\/wp-content\/uploads\/2025\/10\/Catedra-inprf-Ivan-A_0007_DSC_0391.jpg?resize=768%2C510&amp;ssl=1 768w, https:\/\/i0.wp.com\/lafuente.mx\/wp-content\/uploads\/2025\/10\/Catedra-inprf-Ivan-A_0007_DSC_0391.jpg?resize=1536%2C1020&amp;ssl=1 1536w, https:\/\/i0.wp.com\/lafuente.mx\/wp-content\/uploads\/2025\/10\/Catedra-inprf-Ivan-A_0007_DSC_0391.jpg?w=1969&amp;ssl=1 1969w, https:\/\/i0.wp.com\/lafuente.mx\/wp-content\/uploads\/2025\/10\/Catedra-inprf-Ivan-A_0007_DSC_0391.jpg?w=1280 1280w\" sizes=\"(max-width: 640px) 100vw, 640px\" data-recalc-dims=\"1\" \/><figcaption class=\"wp-block-jetpack-slideshow_caption gallery-caption\">fotos INPRFM<\/figcaption><\/figure><\/li><li class=\"wp-block-jetpack-slideshow_slide swiper-slide\"><figure><img decoding=\"async\" loading=\"lazy\" width=\"640\" height=\"964\" alt=\"\" class=\"wp-block-jetpack-slideshow_image wp-image-3395\" data-id=\"3395\" src=\"https:\/\/i0.wp.com\/lafuente.mx\/wp-content\/uploads\/2025\/10\/Concurso-carteles-04.jpg?resize=640%2C964\" srcset=\"https:\/\/i0.wp.com\/lafuente.mx\/wp-content\/uploads\/2025\/10\/Concurso-carteles-04-rotated.jpg?resize=680%2C1024&amp;ssl=1 680w, https:\/\/i0.wp.com\/lafuente.mx\/wp-content\/uploads\/2025\/10\/Concurso-carteles-04-rotated.jpg?resize=199%2C300&amp;ssl=1 199w, https:\/\/i0.wp.com\/lafuente.mx\/wp-content\/uploads\/2025\/10\/Concurso-carteles-04-rotated.jpg?resize=768%2C1157&amp;ssl=1 768w, https:\/\/i0.wp.com\/lafuente.mx\/wp-content\/uploads\/2025\/10\/Concurso-carteles-04-rotated.jpg?resize=1020%2C1536&amp;ssl=1 1020w, https:\/\/i0.wp.com\/lafuente.mx\/wp-content\/uploads\/2025\/10\/Concurso-carteles-04-rotated.jpg?w=1307&amp;ssl=1 1307w\" sizes=\"(max-width: 640px) 100vw, 640px\" data-recalc-dims=\"1\" \/><\/figure><\/li><li class=\"wp-block-jetpack-slideshow_slide swiper-slide\"><figure><img decoding=\"async\" loading=\"lazy\" width=\"640\" height=\"964\" alt=\"\" class=\"wp-block-jetpack-slideshow_image wp-image-3396\" data-id=\"3396\" src=\"https:\/\/i0.wp.com\/lafuente.mx\/wp-content\/uploads\/2025\/10\/Conferencia-Magistral-M-Perello_0001_DSC_0482.jpg?resize=640%2C964\" srcset=\"https:\/\/i0.wp.com\/lafuente.mx\/wp-content\/uploads\/2025\/10\/Conferencia-Magistral-M-Perello_0001_DSC_0482-rotated.jpg?resize=680%2C1024&amp;ssl=1 680w, https:\/\/i0.wp.com\/lafuente.mx\/wp-content\/uploads\/2025\/10\/Conferencia-Magistral-M-Perello_0001_DSC_0482-rotated.jpg?resize=199%2C300&amp;ssl=1 199w, https:\/\/i0.wp.com\/lafuente.mx\/wp-content\/uploads\/2025\/10\/Conferencia-Magistral-M-Perello_0001_DSC_0482-rotated.jpg?resize=768%2C1157&amp;ssl=1 768w, https:\/\/i0.wp.com\/lafuente.mx\/wp-content\/uploads\/2025\/10\/Conferencia-Magistral-M-Perello_0001_DSC_0482-rotated.jpg?resize=1020%2C1536&amp;ssl=1 1020w, https:\/\/i0.wp.com\/lafuente.mx\/wp-content\/uploads\/2025\/10\/Conferencia-Magistral-M-Perello_0001_DSC_0482-rotated.jpg?w=1307&amp;ssl=1 1307w\" sizes=\"(max-width: 640px) 100vw, 640px\" data-recalc-dims=\"1\" \/><\/figure><\/li><li class=\"wp-block-jetpack-slideshow_slide swiper-slide\"><figure><img decoding=\"async\" loading=\"lazy\" width=\"640\" height=\"425\" alt=\"\" class=\"wp-block-jetpack-slideshow_image wp-image-3398\" data-id=\"3398\" src=\"https:\/\/i0.wp.com\/lafuente.mx\/wp-content\/uploads\/2025\/10\/Ivan-Arango_0000_DSC_0394.jpg?resize=640%2C425\" srcset=\"https:\/\/i0.wp.com\/lafuente.mx\/wp-content\/uploads\/2025\/10\/Ivan-Arango_0000_DSC_0394.jpg?resize=1024%2C680&amp;ssl=1 1024w, https:\/\/i0.wp.com\/lafuente.mx\/wp-content\/uploads\/2025\/10\/Ivan-Arango_0000_DSC_0394.jpg?resize=300%2C199&amp;ssl=1 300w, https:\/\/i0.wp.com\/lafuente.mx\/wp-content\/uploads\/2025\/10\/Ivan-Arango_0000_DSC_0394.jpg?resize=768%2C510&amp;ssl=1 768w, https:\/\/i0.wp.com\/lafuente.mx\/wp-content\/uploads\/2025\/10\/Ivan-Arango_0000_DSC_0394.jpg?resize=1536%2C1020&amp;ssl=1 1536w, https:\/\/i0.wp.com\/lafuente.mx\/wp-content\/uploads\/2025\/10\/Ivan-Arango_0000_DSC_0394.jpg?w=1969&amp;ssl=1 1969w, https:\/\/i0.wp.com\/lafuente.mx\/wp-content\/uploads\/2025\/10\/Ivan-Arango_0000_DSC_0394.jpg?w=1280 1280w\" sizes=\"(max-width: 640px) 100vw, 640px\" data-recalc-dims=\"1\" \/><\/figure><\/li><li class=\"wp-block-jetpack-slideshow_slide swiper-slide\"><figure><img decoding=\"async\" loading=\"lazy\" width=\"640\" height=\"964\" alt=\"\" class=\"wp-block-jetpack-slideshow_image wp-image-3400\" data-id=\"3400\" src=\"https:\/\/i0.wp.com\/lafuente.mx\/wp-content\/uploads\/2025\/10\/Ivan-Arango_0002_DSC_0399.jpg?resize=640%2C964\" srcset=\"https:\/\/i0.wp.com\/lafuente.mx\/wp-content\/uploads\/2025\/10\/Ivan-Arango_0002_DSC_0399-rotated.jpg?resize=680%2C1024&amp;ssl=1 680w, https:\/\/i0.wp.com\/lafuente.mx\/wp-content\/uploads\/2025\/10\/Ivan-Arango_0002_DSC_0399-rotated.jpg?resize=199%2C300&amp;ssl=1 199w, https:\/\/i0.wp.com\/lafuente.mx\/wp-content\/uploads\/2025\/10\/Ivan-Arango_0002_DSC_0399-rotated.jpg?resize=768%2C1157&amp;ssl=1 768w, https:\/\/i0.wp.com\/lafuente.mx\/wp-content\/uploads\/2025\/10\/Ivan-Arango_0002_DSC_0399-rotated.jpg?resize=1020%2C1536&amp;ssl=1 1020w, https:\/\/i0.wp.com\/lafuente.mx\/wp-content\/uploads\/2025\/10\/Ivan-Arango_0002_DSC_0399-rotated.jpg?w=1307&amp;ssl=1 1307w\" sizes=\"(max-width: 640px) 100vw, 640px\" data-recalc-dims=\"1\" \/><\/figure><\/li><li class=\"wp-block-jetpack-slideshow_slide swiper-slide\"><figure><img decoding=\"async\" loading=\"lazy\" width=\"640\" height=\"964\" alt=\"\" class=\"wp-block-jetpack-slideshow_image wp-image-3399\" data-id=\"3399\" src=\"https:\/\/i0.wp.com\/lafuente.mx\/wp-content\/uploads\/2025\/10\/Ivan-Arango_0001_DSC_0395.jpg?resize=640%2C964\" srcset=\"https:\/\/i0.wp.com\/lafuente.mx\/wp-content\/uploads\/2025\/10\/Ivan-Arango_0001_DSC_0395-rotated.jpg?resize=680%2C1024&amp;ssl=1 680w, https:\/\/i0.wp.com\/lafuente.mx\/wp-content\/uploads\/2025\/10\/Ivan-Arango_0001_DSC_0395-rotated.jpg?resize=199%2C300&amp;ssl=1 199w, https:\/\/i0.wp.com\/lafuente.mx\/wp-content\/uploads\/2025\/10\/Ivan-Arango_0001_DSC_0395-rotated.jpg?resize=768%2C1157&amp;ssl=1 768w, https:\/\/i0.wp.com\/lafuente.mx\/wp-content\/uploads\/2025\/10\/Ivan-Arango_0001_DSC_0395-rotated.jpg?resize=1020%2C1536&amp;ssl=1 1020w, https:\/\/i0.wp.com\/lafuente.mx\/wp-content\/uploads\/2025\/10\/Ivan-Arango_0001_DSC_0395-rotated.jpg?w=1307&amp;ssl=1 1307w\" sizes=\"(max-width: 640px) 100vw, 640px\" data-recalc-dims=\"1\" \/><\/figure><\/li><li class=\"wp-block-jetpack-slideshow_slide swiper-slide\"><figure><img decoding=\"async\" loading=\"lazy\" width=\"640\" height=\"425\" alt=\"\" class=\"wp-block-jetpack-slideshow_image wp-image-3401\" data-id=\"3401\" src=\"https:\/\/i0.wp.com\/lafuente.mx\/wp-content\/uploads\/2025\/10\/Mesa-redonda-TrastornosAlimentarios_0000_DSC_0502.jpg?resize=640%2C425\" srcset=\"https:\/\/i0.wp.com\/lafuente.mx\/wp-content\/uploads\/2025\/10\/Mesa-redonda-TrastornosAlimentarios_0000_DSC_0502.jpg?resize=1024%2C680&amp;ssl=1 1024w, https:\/\/i0.wp.com\/lafuente.mx\/wp-content\/uploads\/2025\/10\/Mesa-redonda-TrastornosAlimentarios_0000_DSC_0502.jpg?resize=300%2C199&amp;ssl=1 300w, https:\/\/i0.wp.com\/lafuente.mx\/wp-content\/uploads\/2025\/10\/Mesa-redonda-TrastornosAlimentarios_0000_DSC_0502.jpg?resize=768%2C510&amp;ssl=1 768w, https:\/\/i0.wp.com\/lafuente.mx\/wp-content\/uploads\/2025\/10\/Mesa-redonda-TrastornosAlimentarios_0000_DSC_0502.jpg?resize=1536%2C1020&amp;ssl=1 1536w, https:\/\/i0.wp.com\/lafuente.mx\/wp-content\/uploads\/2025\/10\/Mesa-redonda-TrastornosAlimentarios_0000_DSC_0502.jpg?w=1969&amp;ssl=1 1969w, https:\/\/i0.wp.com\/lafuente.mx\/wp-content\/uploads\/2025\/10\/Mesa-redonda-TrastornosAlimentarios_0000_DSC_0502.jpg?w=1280 1280w\" sizes=\"(max-width: 640px) 100vw, 640px\" data-recalc-dims=\"1\" \/><figcaption class=\"wp-block-jetpack-slideshow_caption gallery-caption\">fotos INPRFM<\/figcaption><\/figure><\/li><li class=\"wp-block-jetpack-slideshow_slide swiper-slide\"><figure><img decoding=\"async\" loading=\"lazy\" width=\"640\" height=\"964\" alt=\"\" class=\"wp-block-jetpack-slideshow_image wp-image-3403\" data-id=\"3403\" src=\"https:\/\/i0.wp.com\/lafuente.mx\/wp-content\/uploads\/2025\/10\/Mesa-redonda-TrastornosAlimentarios_0003_DSC_0510.jpg?resize=640%2C964\" srcset=\"https:\/\/i0.wp.com\/lafuente.mx\/wp-content\/uploads\/2025\/10\/Mesa-redonda-TrastornosAlimentarios_0003_DSC_0510-rotated.jpg?resize=680%2C1024&amp;ssl=1 680w, https:\/\/i0.wp.com\/lafuente.mx\/wp-content\/uploads\/2025\/10\/Mesa-redonda-TrastornosAlimentarios_0003_DSC_0510-rotated.jpg?resize=199%2C300&amp;ssl=1 199w, https:\/\/i0.wp.com\/lafuente.mx\/wp-content\/uploads\/2025\/10\/Mesa-redonda-TrastornosAlimentarios_0003_DSC_0510-rotated.jpg?resize=768%2C1157&amp;ssl=1 768w, https:\/\/i0.wp.com\/lafuente.mx\/wp-content\/uploads\/2025\/10\/Mesa-redonda-TrastornosAlimentarios_0003_DSC_0510-rotated.jpg?resize=1020%2C1536&amp;ssl=1 1020w, https:\/\/i0.wp.com\/lafuente.mx\/wp-content\/uploads\/2025\/10\/Mesa-redonda-TrastornosAlimentarios_0003_DSC_0510-rotated.jpg?w=1307&amp;ssl=1 1307w\" sizes=\"(max-width: 640px) 100vw, 640px\" data-recalc-dims=\"1\" \/><\/figure><\/li><li class=\"wp-block-jetpack-slideshow_slide swiper-slide\"><figure><img decoding=\"async\" loading=\"lazy\" width=\"640\" height=\"425\" alt=\"\" class=\"wp-block-jetpack-slideshow_image wp-image-3404\" data-id=\"3404\" src=\"https:\/\/i0.wp.com\/lafuente.mx\/wp-content\/uploads\/2025\/10\/Mesa-redonda-TrastornosAlimentarios_0006_DSC_0517.jpg?resize=640%2C425\" srcset=\"https:\/\/i0.wp.com\/lafuente.mx\/wp-content\/uploads\/2025\/10\/Mesa-redonda-TrastornosAlimentarios_0006_DSC_0517.jpg?resize=1024%2C680&amp;ssl=1 1024w, https:\/\/i0.wp.com\/lafuente.mx\/wp-content\/uploads\/2025\/10\/Mesa-redonda-TrastornosAlimentarios_0006_DSC_0517.jpg?resize=300%2C199&amp;ssl=1 300w, https:\/\/i0.wp.com\/lafuente.mx\/wp-content\/uploads\/2025\/10\/Mesa-redonda-TrastornosAlimentarios_0006_DSC_0517.jpg?resize=768%2C510&amp;ssl=1 768w, https:\/\/i0.wp.com\/lafuente.mx\/wp-content\/uploads\/2025\/10\/Mesa-redonda-TrastornosAlimentarios_0006_DSC_0517.jpg?resize=1536%2C1020&amp;ssl=1 1536w, https:\/\/i0.wp.com\/lafuente.mx\/wp-content\/uploads\/2025\/10\/Mesa-redonda-TrastornosAlimentarios_0006_DSC_0517.jpg?w=1969&amp;ssl=1 1969w, https:\/\/i0.wp.com\/lafuente.mx\/wp-content\/uploads\/2025\/10\/Mesa-redonda-TrastornosAlimentarios_0006_DSC_0517.jpg?w=1280 1280w\" sizes=\"(max-width: 640px) 100vw, 640px\" data-recalc-dims=\"1\" \/><figcaption class=\"wp-block-jetpack-slideshow_caption gallery-caption\">fotos INPRFM<\/figcaption><\/figure><\/li><li class=\"wp-block-jetpack-slideshow_slide swiper-slide\"><figure><img decoding=\"async\" loading=\"lazy\" width=\"640\" height=\"425\" alt=\"\" class=\"wp-block-jetpack-slideshow_image wp-image-3405\" data-id=\"3405\" src=\"https:\/\/i0.wp.com\/lafuente.mx\/wp-content\/uploads\/2025\/10\/Monse-y-equipo-1024x680.jpg?resize=640%2C425\" srcset=\"https:\/\/i0.wp.com\/lafuente.mx\/wp-content\/uploads\/2025\/10\/Monse-y-equipo.jpg?resize=1024%2C680&amp;ssl=1 1024w, https:\/\/i0.wp.com\/lafuente.mx\/wp-content\/uploads\/2025\/10\/Monse-y-equipo.jpg?resize=300%2C199&amp;ssl=1 300w, https:\/\/i0.wp.com\/lafuente.mx\/wp-content\/uploads\/2025\/10\/Monse-y-equipo.jpg?resize=768%2C510&amp;ssl=1 768w, https:\/\/i0.wp.com\/lafuente.mx\/wp-content\/uploads\/2025\/10\/Monse-y-equipo.jpg?resize=1536%2C1020&amp;ssl=1 1536w, https:\/\/i0.wp.com\/lafuente.mx\/wp-content\/uploads\/2025\/10\/Monse-y-equipo.jpg?w=1969&amp;ssl=1 1969w, https:\/\/i0.wp.com\/lafuente.mx\/wp-content\/uploads\/2025\/10\/Monse-y-equipo.jpg?w=1280 1280w\" sizes=\"(max-width: 640px) 100vw, 640px\" data-recalc-dims=\"1\" \/><\/figure><\/li><li class=\"wp-block-jetpack-slideshow_slide swiper-slide\"><figure><img decoding=\"async\" loading=\"lazy\" width=\"640\" height=\"425\" alt=\"\" class=\"wp-block-jetpack-slideshow_image wp-image-3406\" data-id=\"3406\" src=\"https:\/\/i0.wp.com\/lafuente.mx\/wp-content\/uploads\/2025\/10\/Recso.jpg?resize=640%2C425\" srcset=\"https:\/\/i0.wp.com\/lafuente.mx\/wp-content\/uploads\/2025\/10\/Recso.jpg?resize=1024%2C680&amp;ssl=1 1024w, https:\/\/i0.wp.com\/lafuente.mx\/wp-content\/uploads\/2025\/10\/Recso.jpg?resize=300%2C199&amp;ssl=1 300w, https:\/\/i0.wp.com\/lafuente.mx\/wp-content\/uploads\/2025\/10\/Recso.jpg?resize=768%2C510&amp;ssl=1 768w, https:\/\/i0.wp.com\/lafuente.mx\/wp-content\/uploads\/2025\/10\/Recso.jpg?resize=1536%2C1020&amp;ssl=1 1536w, https:\/\/i0.wp.com\/lafuente.mx\/wp-content\/uploads\/2025\/10\/Recso.jpg?w=1969&amp;ssl=1 1969w, https:\/\/i0.wp.com\/lafuente.mx\/wp-content\/uploads\/2025\/10\/Recso.jpg?w=1280 1280w\" sizes=\"(max-width: 640px) 100vw, 640px\" data-recalc-dims=\"1\" \/><figcaption class=\"wp-block-jetpack-slideshow_caption gallery-caption\">fotos INPRFM<\/figcaption><\/figure><\/li><li class=\"wp-block-jetpack-slideshow_slide swiper-slide\"><figure><img decoding=\"async\" loading=\"lazy\" width=\"640\" height=\"425\" alt=\"\" class=\"wp-block-jetpack-slideshow_image wp-image-3407\" data-id=\"3407\" src=\"https:\/\/i0.wp.com\/lafuente.mx\/wp-content\/uploads\/2025\/10\/Simposio-Biomarcadores_0004_DSC_0414.jpg?resize=640%2C425\" srcset=\"https:\/\/i0.wp.com\/lafuente.mx\/wp-content\/uploads\/2025\/10\/Simposio-Biomarcadores_0004_DSC_0414.jpg?resize=1024%2C680&amp;ssl=1 1024w, https:\/\/i0.wp.com\/lafuente.mx\/wp-content\/uploads\/2025\/10\/Simposio-Biomarcadores_0004_DSC_0414.jpg?resize=300%2C199&amp;ssl=1 300w, https:\/\/i0.wp.com\/lafuente.mx\/wp-content\/uploads\/2025\/10\/Simposio-Biomarcadores_0004_DSC_0414.jpg?resize=768%2C510&amp;ssl=1 768w, https:\/\/i0.wp.com\/lafuente.mx\/wp-content\/uploads\/2025\/10\/Simposio-Biomarcadores_0004_DSC_0414.jpg?resize=1536%2C1020&amp;ssl=1 1536w, https:\/\/i0.wp.com\/lafuente.mx\/wp-content\/uploads\/2025\/10\/Simposio-Biomarcadores_0004_DSC_0414.jpg?w=1969&amp;ssl=1 1969w, https:\/\/i0.wp.com\/lafuente.mx\/wp-content\/uploads\/2025\/10\/Simposio-Biomarcadores_0004_DSC_0414.jpg?w=1280 1280w\" sizes=\"(max-width: 640px) 100vw, 640px\" data-recalc-dims=\"1\" \/><\/figure><\/li><li class=\"wp-block-jetpack-slideshow_slide swiper-slide\"><figure><img decoding=\"async\" loading=\"lazy\" width=\"640\" height=\"425\" alt=\"\" class=\"wp-block-jetpack-slideshow_image wp-image-3408\" data-id=\"3408\" src=\"https:\/\/i0.wp.com\/lafuente.mx\/wp-content\/uploads\/2025\/10\/Simposio-modelos-exper_0000_DSC_0316.jpg?resize=640%2C425\" srcset=\"https:\/\/i0.wp.com\/lafuente.mx\/wp-content\/uploads\/2025\/10\/Simposio-modelos-exper_0000_DSC_0316.jpg?resize=1024%2C680&amp;ssl=1 1024w, https:\/\/i0.wp.com\/lafuente.mx\/wp-content\/uploads\/2025\/10\/Simposio-modelos-exper_0000_DSC_0316.jpg?resize=300%2C199&amp;ssl=1 300w, https:\/\/i0.wp.com\/lafuente.mx\/wp-content\/uploads\/2025\/10\/Simposio-modelos-exper_0000_DSC_0316.jpg?resize=768%2C510&amp;ssl=1 768w, https:\/\/i0.wp.com\/lafuente.mx\/wp-content\/uploads\/2025\/10\/Simposio-modelos-exper_0000_DSC_0316.jpg?resize=1536%2C1020&amp;ssl=1 1536w, https:\/\/i0.wp.com\/lafuente.mx\/wp-content\/uploads\/2025\/10\/Simposio-modelos-exper_0000_DSC_0316.jpg?w=1969&amp;ssl=1 1969w, https:\/\/i0.wp.com\/lafuente.mx\/wp-content\/uploads\/2025\/10\/Simposio-modelos-exper_0000_DSC_0316.jpg?w=1280 1280w\" sizes=\"(max-width: 640px) 100vw, 640px\" data-recalc-dims=\"1\" \/><figcaption class=\"wp-block-jetpack-slideshow_caption gallery-caption\">fotos INPRFM<\/figcaption><\/figure><\/li><li class=\"wp-block-jetpack-slideshow_slide swiper-slide\"><figure><img decoding=\"async\" loading=\"lazy\" width=\"640\" height=\"425\" alt=\"\" class=\"wp-block-jetpack-slideshow_image wp-image-3409\" data-id=\"3409\" src=\"https:\/\/i0.wp.com\/lafuente.mx\/wp-content\/uploads\/2025\/10\/Simposio-Modelos-exper_0005_DSC_0348.jpg?resize=640%2C425\" srcset=\"https:\/\/i0.wp.com\/lafuente.mx\/wp-content\/uploads\/2025\/10\/Simposio-Modelos-exper_0005_DSC_0348.jpg?resize=1024%2C680&amp;ssl=1 1024w, https:\/\/i0.wp.com\/lafuente.mx\/wp-content\/uploads\/2025\/10\/Simposio-Modelos-exper_0005_DSC_0348.jpg?resize=300%2C199&amp;ssl=1 300w, https:\/\/i0.wp.com\/lafuente.mx\/wp-content\/uploads\/2025\/10\/Simposio-Modelos-exper_0005_DSC_0348.jpg?resize=768%2C510&amp;ssl=1 768w, https:\/\/i0.wp.com\/lafuente.mx\/wp-content\/uploads\/2025\/10\/Simposio-Modelos-exper_0005_DSC_0348.jpg?resize=1536%2C1020&amp;ssl=1 1536w, https:\/\/i0.wp.com\/lafuente.mx\/wp-content\/uploads\/2025\/10\/Simposio-Modelos-exper_0005_DSC_0348.jpg?w=1969&amp;ssl=1 1969w, https:\/\/i0.wp.com\/lafuente.mx\/wp-content\/uploads\/2025\/10\/Simposio-Modelos-exper_0005_DSC_0348.jpg?w=1280 1280w\" sizes=\"(max-width: 640px) 100vw, 640px\" data-recalc-dims=\"1\" \/><figcaption class=\"wp-block-jetpack-slideshow_caption gallery-caption\">Simposio<\/figcaption><\/figure><\/li><li class=\"wp-block-jetpack-slideshow_slide swiper-slide\"><figure><img decoding=\"async\" loading=\"lazy\" width=\"640\" height=\"425\" alt=\"\" class=\"wp-block-jetpack-slideshow_image wp-image-3410\" data-id=\"3410\" src=\"https:\/\/i0.wp.com\/lafuente.mx\/wp-content\/uploads\/2025\/10\/Simposio-Modelos-exper_0008_DSC_0359.jpg?resize=640%2C425\" srcset=\"https:\/\/i0.wp.com\/lafuente.mx\/wp-content\/uploads\/2025\/10\/Simposio-Modelos-exper_0008_DSC_0359.jpg?resize=1024%2C680&amp;ssl=1 1024w, https:\/\/i0.wp.com\/lafuente.mx\/wp-content\/uploads\/2025\/10\/Simposio-Modelos-exper_0008_DSC_0359.jpg?resize=300%2C199&amp;ssl=1 300w, https:\/\/i0.wp.com\/lafuente.mx\/wp-content\/uploads\/2025\/10\/Simposio-Modelos-exper_0008_DSC_0359.jpg?resize=768%2C510&amp;ssl=1 768w, https:\/\/i0.wp.com\/lafuente.mx\/wp-content\/uploads\/2025\/10\/Simposio-Modelos-exper_0008_DSC_0359.jpg?resize=1536%2C1020&amp;ssl=1 1536w, https:\/\/i0.wp.com\/lafuente.mx\/wp-content\/uploads\/2025\/10\/Simposio-Modelos-exper_0008_DSC_0359.jpg?w=1969&amp;ssl=1 1969w, https:\/\/i0.wp.com\/lafuente.mx\/wp-content\/uploads\/2025\/10\/Simposio-Modelos-exper_0008_DSC_0359.jpg?w=1280 1280w\" sizes=\"(max-width: 640px) 100vw, 640px\" data-recalc-dims=\"1\" \/><\/figure><\/li><\/ul><a class=\"wp-block-jetpack-slideshow_button-prev swiper-button-prev swiper-button-white\" role=\"button\"><\/a><a class=\"wp-block-jetpack-slideshow_button-next swiper-button-next swiper-button-white\" role=\"button\"><\/a><a aria-label=\"Pause Slideshow\" class=\"wp-block-jetpack-slideshow_button-pause\" role=\"button\"><\/a><div class=\"wp-block-jetpack-slideshow_pagination swiper-pagination swiper-pagination-white\"><\/div><\/div><\/div>\n\n\n\n<hr class=\"wp-block-separator has-text-color has-vivid-red-color has-alpha-channel-opacity has-vivid-red-background-color has-background\"\/>\n\n\n\n<div class=\"wp-block-buttons is-layout-flex wp-block-buttons-is-layout-flex\">\n<div class=\"wp-block-button\"><a class=\"wp-block-button__link has-white-color has-vivid-red-background-color has-text-color has-background wp-element-button\" href=\"https:\/\/www.gob.mx\/salud\/prensa\/185-destaca-instituto-nacional-de-psiquiatria-entre-los-principales-referentes-de-investigacion-y-formacion-de-especialistas-en-salud-mental?idiom=es\">M\u00e1s informaci\u00f3n<\/a><\/div>\n<\/div>\n\n\n\n<p><\/p>\n","protected":false},"excerpt":{"rendered":"<p>9 de octubre de 2025 Con el objetivo de fortalecer la investigaci\u00f3n en materia de salud mental en M\u00e9xico, el Instituto Nacional de Psiquiatr\u00eda Ram\u00f3n<\/p>\n","protected":false},"author":3,"featured_media":3374,"comment_status":"closed","ping_status":"closed","sticky":false,"template":"","format":"standard","meta":{"footnotes":"","jetpack_publicize_message":"","jetpack_is_tweetstorm":false,"jetpack_publicize_feature_enabled":true},"categories":[3],"tags":[21,163,1055,32,1056,1054],"jetpack_publicize_connections":[],"yoast_head":"<!-- This site is optimized with the Yoast SEO plugin v19.4 - https:\/\/yoast.com\/wordpress\/plugins\/seo\/ -->\n<title>El Instituto Nacional de Psiquiatr\u00eda referente destacado en el estudio y tratamiento de las enfermedades mentales -<\/title>\n<meta name=\"description\" content=\"Con el objetivo de fortalecer la investigaci\u00f3n en materia de salud mental en M\u00e9xico, el Instituto Nacional de Psiquiatr\u00eda Ram\u00f3n de la Fuente Mu\u00f1iz (INPRFM) inaugur\u00f3 la\u00a0XL Reuni\u00f3n Anual de Investigaci\u00f3n\u00a0e hizo entrega del\u00a0Premio\u00a0Fundaci\u00f3n Ram\u00f3n de la Fuente.\u00a0\" \/>\n<meta name=\"robots\" content=\"index, follow, max-snippet:-1, max-image-preview:large, max-video-preview:-1\" \/>\n<link rel=\"canonical\" href=\"https:\/\/lafuente.mx\/?p=3353\" \/>\n<meta property=\"og:locale\" content=\"es_MX\" \/>\n<meta property=\"og:type\" content=\"article\" \/>\n<meta property=\"og:title\" content=\"El Instituto Nacional de Psiquiatr\u00eda referente destacado en el estudio y tratamiento de las enfermedades mentales\" \/>\n<meta property=\"og:description\" content=\"Con el objetivo de fortalecer la investigaci\u00f3n en materia de salud mental en M\u00e9xico, el Instituto Nacional de Psiquiatr\u00eda Ram\u00f3n de la Fuente Mu\u00f1iz (INPRFM) inaugur\u00f3 la\u00a0XL Reuni\u00f3n Anual de Investigaci\u00f3n\u00a0e hizo entrega del\u00a0Premio\u00a0Fundaci\u00f3n Ram\u00f3n de la Fuente.\u00a0\" \/>\n<meta property=\"og:url\" content=\"https:\/\/lafuente.mx\/?p=3353\" \/>\n<meta property=\"article:published_time\" content=\"2025-10-20T17:24:02+00:00\" \/>\n<meta property=\"article:modified_time\" content=\"2025-10-30T16:26:24+00:00\" \/>\n<meta property=\"og:image\" content=\"http:\/\/lafuente.mx\/wp-content\/uploads\/2025\/10\/RAI-XL_0007_DSC_0046.jpg\" \/>\n\t<meta property=\"og:image:width\" content=\"1969\" \/>\n\t<meta property=\"og:image:height\" content=\"1307\" \/>\n\t<meta property=\"og:image:type\" content=\"image\/jpeg\" \/>\n<meta name=\"author\" content=\"Claudia Gallardo\" \/>\n<meta name=\"twitter:card\" content=\"summary_large_image\" \/>\n<meta name=\"twitter:title\" content=\"El Instituto Nacional de Psiquiatr\u00eda referente destacado en el estudio y tratamiento de las enfermedades mentales\" \/>\n<meta name=\"twitter:description\" content=\"Con el objetivo de fortalecer la investigaci\u00f3n en materia de salud mental en M\u00e9xico, el Instituto Nacional de Psiquiatr\u00eda Ram\u00f3n de la Fuente Mu\u00f1iz (INPRFM) inaugur\u00f3 la\u00a0XL Reuni\u00f3n Anual de Investigaci\u00f3n\u00a0e hizo entrega del\u00a0Premio\u00a0Fundaci\u00f3n Ram\u00f3n de la Fuente.\u00a0\" \/>\n<meta name=\"twitter:image\" content=\"https:\/\/i0.wp.com\/lafuente.mx\/wp-content\/uploads\/2025\/10\/RAI-XL_0007_DSC_0046.jpg?fit=1969%2C1307&ssl=1\" \/>\n<meta name=\"twitter:label1\" content=\"Escrito por\" \/>\n\t<meta name=\"twitter:data1\" content=\"Claudia Gallardo\" \/>\n\t<meta name=\"twitter:label2\" content=\"Tiempo de lectura\" \/>\n\t<meta name=\"twitter:data2\" content=\"2 minutos\" \/>\n<script type=\"application\/ld+json\" class=\"yoast-schema-graph\">{\"@context\":\"https:\/\/schema.org\",\"@graph\":[{\"@type\":\"WebSite\",\"@id\":\"https:\/\/lafuente.mx\/#website\",\"url\":\"https:\/\/lafuente.mx\/\",\"name\":\"\",\"description\":\"Informaci\u00f3n confiable sobre salud mental\",\"potentialAction\":[{\"@type\":\"SearchAction\",\"target\":{\"@type\":\"EntryPoint\",\"urlTemplate\":\"https:\/\/lafuente.mx\/?s={search_term_string}\"},\"query-input\":\"required name=search_term_string\"}],\"inLanguage\":\"es-MX\"},{\"@type\":\"WebPage\",\"@id\":\"https:\/\/lafuente.mx\/?p=3353\",\"url\":\"https:\/\/lafuente.mx\/?p=3353\",\"name\":\"El Instituto Nacional de Psiquiatr\u00eda referente destacado en el estudio y tratamiento de las enfermedades mentales -\",\"isPartOf\":{\"@id\":\"https:\/\/lafuente.mx\/#website\"},\"datePublished\":\"2025-10-20T17:24:02+00:00\",\"dateModified\":\"2025-10-30T16:26:24+00:00\",\"author\":{\"@id\":\"https:\/\/lafuente.mx\/#\/schema\/person\/603f3aa8e2f6f7879021ab722d39d6b0\"},\"description\":\"Con el objetivo de fortalecer la investigaci\u00f3n en materia de salud mental en M\u00e9xico, el Instituto Nacional de Psiquiatr\u00eda Ram\u00f3n de la Fuente Mu\u00f1iz (INPRFM) inaugur\u00f3 la\u00a0XL Reuni\u00f3n Anual de Investigaci\u00f3n\u00a0e hizo entrega del\u00a0Premio\u00a0Fundaci\u00f3n Ram\u00f3n de la Fuente.\u00a0\",\"breadcrumb\":{\"@id\":\"https:\/\/lafuente.mx\/?p=3353#breadcrumb\"},\"inLanguage\":\"es-MX\",\"potentialAction\":[{\"@type\":\"ReadAction\",\"target\":[\"https:\/\/lafuente.mx\/?p=3353\"]}]},{\"@type\":\"BreadcrumbList\",\"@id\":\"https:\/\/lafuente.mx\/?p=3353#breadcrumb\",\"itemListElement\":[{\"@type\":\"ListItem\",\"position\":1,\"name\":\"Inicio\",\"item\":\"https:\/\/lafuente.mx\/\"},{\"@type\":\"ListItem\",\"position\":2,\"name\":\"El Instituto Nacional de Psiquiatr\u00eda referente destacado en el estudio y tratamiento de las enfermedades mentales\"}]},{\"@type\":\"Person\",\"@id\":\"https:\/\/lafuente.mx\/#\/schema\/person\/603f3aa8e2f6f7879021ab722d39d6b0\",\"name\":\"Claudia Gallardo\",\"image\":{\"@type\":\"ImageObject\",\"inLanguage\":\"es-MX\",\"@id\":\"https:\/\/lafuente.mx\/#\/schema\/person\/image\/\",\"url\":\"https:\/\/secure.gravatar.com\/avatar\/bfe9c966af1ccfb9d17bcdb9d04e8815?s=96&d=mm&r=g\",\"contentUrl\":\"https:\/\/secure.gravatar.com\/avatar\/bfe9c966af1ccfb9d17bcdb9d04e8815?s=96&d=mm&r=g\",\"caption\":\"Claudia Gallardo\"},\"url\":\"https:\/\/lafuente.mx\/?author=3\"}]}<\/script>\n<!-- \/ Yoast SEO plugin. -->","yoast_head_json":{"title":"El Instituto Nacional de Psiquiatr\u00eda referente destacado en el estudio y tratamiento de las enfermedades mentales -","description":"Con el objetivo de fortalecer la investigaci\u00f3n en materia de salud mental en M\u00e9xico, el Instituto Nacional de Psiquiatr\u00eda Ram\u00f3n de la Fuente Mu\u00f1iz (INPRFM) inaugur\u00f3 la\u00a0XL Reuni\u00f3n Anual de Investigaci\u00f3n\u00a0e hizo entrega del\u00a0Premio\u00a0Fundaci\u00f3n Ram\u00f3n de la Fuente.\u00a0","robots":{"index":"index","follow":"follow","max-snippet":"max-snippet:-1","max-image-preview":"max-image-preview:large","max-video-preview":"max-video-preview:-1"},"canonical":"https:\/\/lafuente.mx\/?p=3353","og_locale":"es_MX","og_type":"article","og_title":"El Instituto Nacional de Psiquiatr\u00eda referente destacado en el estudio y tratamiento de las enfermedades mentales","og_description":"Con el objetivo de fortalecer la investigaci\u00f3n en materia de salud mental en M\u00e9xico, el Instituto Nacional de Psiquiatr\u00eda Ram\u00f3n de la Fuente Mu\u00f1iz (INPRFM) inaugur\u00f3 la\u00a0XL Reuni\u00f3n Anual de Investigaci\u00f3n\u00a0e hizo entrega del\u00a0Premio\u00a0Fundaci\u00f3n Ram\u00f3n de la Fuente.\u00a0","og_url":"https:\/\/lafuente.mx\/?p=3353","article_published_time":"2025-10-20T17:24:02+00:00","article_modified_time":"2025-10-30T16:26:24+00:00","og_image":[{"width":1969,"height":1307,"url":"http:\/\/lafuente.mx\/wp-content\/uploads\/2025\/10\/RAI-XL_0007_DSC_0046.jpg","type":"image\/jpeg"}],"author":"Claudia Gallardo","twitter_card":"summary_large_image","twitter_title":"El Instituto Nacional de Psiquiatr\u00eda referente destacado en el estudio y tratamiento de las enfermedades mentales","twitter_description":"Con el objetivo de fortalecer la investigaci\u00f3n en materia de salud mental en M\u00e9xico, el Instituto Nacional de Psiquiatr\u00eda Ram\u00f3n de la Fuente Mu\u00f1iz (INPRFM) inaugur\u00f3 la\u00a0XL Reuni\u00f3n Anual de Investigaci\u00f3n\u00a0e hizo entrega del\u00a0Premio\u00a0Fundaci\u00f3n Ram\u00f3n de la Fuente.\u00a0","twitter_image":"https:\/\/i0.wp.com\/lafuente.mx\/wp-content\/uploads\/2025\/10\/RAI-XL_0007_DSC_0046.jpg?fit=1969%2C1307&ssl=1","twitter_misc":{"Escrito por":"Claudia Gallardo","Tiempo de lectura":"2 minutos"},"schema":{"@context":"https:\/\/schema.org","@graph":[{"@type":"WebSite","@id":"https:\/\/lafuente.mx\/#website","url":"https:\/\/lafuente.mx\/","name":"","description":"Informaci\u00f3n confiable sobre salud mental","potentialAction":[{"@type":"SearchAction","target":{"@type":"EntryPoint","urlTemplate":"https:\/\/lafuente.mx\/?s={search_term_string}"},"query-input":"required name=search_term_string"}],"inLanguage":"es-MX"},{"@type":"WebPage","@id":"https:\/\/lafuente.mx\/?p=3353","url":"https:\/\/lafuente.mx\/?p=3353","name":"El Instituto Nacional de Psiquiatr\u00eda referente destacado en el estudio y tratamiento de las enfermedades mentales -","isPartOf":{"@id":"https:\/\/lafuente.mx\/#website"},"datePublished":"2025-10-20T17:24:02+00:00","dateModified":"2025-10-30T16:26:24+00:00","author":{"@id":"https:\/\/lafuente.mx\/#\/schema\/person\/603f3aa8e2f6f7879021ab722d39d6b0"},"description":"Con el objetivo de fortalecer la investigaci\u00f3n en materia de salud mental en M\u00e9xico, el Instituto Nacional de Psiquiatr\u00eda Ram\u00f3n de la Fuente Mu\u00f1iz (INPRFM) inaugur\u00f3 la\u00a0XL Reuni\u00f3n Anual de Investigaci\u00f3n\u00a0e hizo entrega del\u00a0Premio\u00a0Fundaci\u00f3n Ram\u00f3n de la Fuente.\u00a0","breadcrumb":{"@id":"https:\/\/lafuente.mx\/?p=3353#breadcrumb"},"inLanguage":"es-MX","potentialAction":[{"@type":"ReadAction","target":["https:\/\/lafuente.mx\/?p=3353"]}]},{"@type":"BreadcrumbList","@id":"https:\/\/lafuente.mx\/?p=3353#breadcrumb","itemListElement":[{"@type":"ListItem","position":1,"name":"Inicio","item":"https:\/\/lafuente.mx\/"},{"@type":"ListItem","position":2,"name":"El Instituto Nacional de Psiquiatr\u00eda referente destacado en el estudio y tratamiento de las enfermedades mentales"}]},{"@type":"Person","@id":"https:\/\/lafuente.mx\/#\/schema\/person\/603f3aa8e2f6f7879021ab722d39d6b0","name":"Claudia Gallardo","image":{"@type":"ImageObject","inLanguage":"es-MX","@id":"https:\/\/lafuente.mx\/#\/schema\/person\/image\/","url":"https:\/\/secure.gravatar.com\/avatar\/bfe9c966af1ccfb9d17bcdb9d04e8815?s=96&d=mm&r=g","contentUrl":"https:\/\/secure.gravatar.com\/avatar\/bfe9c966af1ccfb9d17bcdb9d04e8815?s=96&d=mm&r=g","caption":"Claudia Gallardo"},"url":"https:\/\/lafuente.mx\/?author=3"}]}},"jetpack_featured_media_url":"https:\/\/i0.wp.com\/lafuente.mx\/wp-content\/uploads\/2025\/10\/RAI-XL_0007_DSC_0046.jpg?fit=1969%2C1307&ssl=1","jetpack-related-posts":[{"id":3339,"url":"https:\/\/lafuente.mx\/?p=3339","url_meta":{"origin":3353,"position":0},"title":"XL Reuni\u00f3n Anual de Investigaci\u00f3n","date":"octubre 6, 2025","format":false,"excerpt":"Transformando la salud mental a trav\u00e9s de la investigaci\u00f3n: mentes sanas, futuros brillantes Conferencias magistrales. Simposios. Curso Pre-RAI. Mesas redondas. Conferencia cultural. Exposici\u00f3n de carteles Nos complace dar la bienvenida a la XL edici\u00f3n de nuestra Reuni\u00f3n Anual de Investigaci\u00f3n y la 7\u00aa Reuni\u00f3n de egresados, con la participaci\u00f3n de\u2026","rel":"","context":"En &quot;Eventos Acad\u00e9micos del INPRFM&quot;","img":{"alt_text":"","src":"https:\/\/i0.wp.com\/lafuente.mx\/wp-content\/uploads\/2025\/10\/Captura-de-pantalla-2025-10-06-a-las-14.23.52.png?fit=1200%2C692&ssl=1&resize=350%2C200","width":350,"height":200},"classes":[]},{"id":2494,"url":"https:\/\/lafuente.mx\/?p=2494","url_meta":{"origin":3353,"position":1},"title":"XXXIX Reuni\u00f3n Anual de Investigaci\u00f3n del Instituto Nacional de Psiquiatr\u00eda Ram\u00f3n de la Fuente Mu\u00f1iz","date":"agosto 9, 2024","format":false,"excerpt":"Construyendo puentes hacia el futuro de la salud mental Del 9 al 11 de octubre, 2024 A ra\u00edz de la pandemia, la presentaci\u00f3n de nuestro m\u00e1ximo evento acad\u00e9mico se realiza en la modalidad mixta: presencial y a distancia. As\u00ed, cumplimos nuestro compromiso de llegar a mayores grupos de poblaci\u00f3n, nacionales\u2026","rel":"","context":"En &quot;Eventos Acad\u00e9micos del INPRFM&quot;","img":{"alt_text":"","src":"https:\/\/i0.wp.com\/lafuente.mx\/wp-content\/uploads\/2024\/08\/Captura-de-pantalla-2024-08-09-a-las-10.52.28.png?fit=1200%2C852&ssl=1&resize=350%2C200","width":350,"height":200},"classes":[]},{"id":394,"url":"https:\/\/lafuente.mx\/?p=394","url_meta":{"origin":3353,"position":2},"title":"Se acerca la fecha","date":"septiembre 26, 2022","format":false,"excerpt":"Del 5 al 7 de octubre, 2022 XXXVII Reuni\u00f3n Anual de Investigaci\u00f3n del Instituto Nacional de Psiquiatr\u00eda Ram\u00f3n de la Fuente Mu\u00f1iz La investigaci\u00f3n en salud mental y su impacto en el bienestar Dirigida: a estudiantes y profesionales de la salud mental En esta reuni\u00f3n asisten distinguidos ponentes nacionales y\u2026","rel":"","context":"En &quot;Eventos Acad\u00e9micos del INPRFM&quot;","img":{"alt_text":"","src":"https:\/\/i0.wp.com\/lafuente.mx\/wp-content\/uploads\/2022\/08\/Imagen-RAI_Mesa-de-trabajo-1-1.jpg?fit=1200%2C927&ssl=1&resize=350%2C200","width":350,"height":200},"classes":[]},{"id":2966,"url":"https:\/\/lafuente.mx\/?p=2966","url_meta":{"origin":3353,"position":3},"title":"4\u00aa\u00a0Encuentro Binacional de Neurociencias y Salud Mental","date":"julio 2, 2025","format":false,"excerpt":"Durante los d\u00edas\u00a011 y 12 de abril de este a\u00f1o 2025, se llev\u00f3 a cabo en el auditorio de nuestro Instituto\u00a0Nacional de Psiquiatr\u00eda Ram\u00f3n de la Fuente Mu\u00f1iz\u00a0el\u00a04\u00aa\u00a0Encuentro Binacional de Neurociencias y Salud Mental, con la participaci\u00f3n de destacados profesores-investigadores de la Universidad del Rosario, la Universidad Externado de Colombia,\u2026","rel":"","context":"En &quot;Eventos Acad\u00e9micos del INPRFM&quot;","img":{"alt_text":"","src":"https:\/\/i0.wp.com\/lafuente.mx\/wp-content\/uploads\/2025\/06\/IMG_4138-scaled.jpg?resize=350%2C200&ssl=1","width":350,"height":200},"classes":[]},{"id":3498,"url":"https:\/\/lafuente.mx\/?p=3498","url_meta":{"origin":3353,"position":4},"title":"46\u00b0 Aniversario del Instituto Nacional de Psiquiatr\u00eda Ram\u00f3n de la Fuente Mu\u00f1iz","date":"diciembre 26, 2025","format":false,"excerpt":"Concebido por el Dr. Ram\u00f3n de la Fuente Mu\u00f1iz como un espacio para transformar la manera de comprender y atender la enfermedad mental, el Instituto Nacional de Psiquiatr\u00eda Ram\u00f3n de la Fuente Mu\u00f1iz celebra 46 a\u00f1os de historia, ciencia y compromiso social. Desde sus or\u00edgenes, el Instituto ha apostado por\u2026","rel":"","context":"En &quot;Efem\u00e9rides de Salud Mental&quot;","img":{"alt_text":"","src":"https:\/\/i0.wp.com\/lafuente.mx\/wp-content\/uploads\/2025\/12\/135560131_217238569991007_135080209465938120_n-1.jpg?fit=1082%2C417&ssl=1&resize=350%2C200","width":350,"height":200},"classes":[]},{"id":138,"url":"https:\/\/lafuente.mx\/?p=138","url_meta":{"origin":3353,"position":5},"title":"XXXVII Reuni\u00f3n Anual de Investigaci\u00f3n\u00a0","date":"agosto 4, 2022","format":false,"excerpt":"La investigaci\u00f3n en salud mental y su impacto en el bienestar Del 5 al 7 de octubre, 2022 Dirigida: a estudiantes y profesionales de la salud mental Modalidad mixta: presencial y en l\u00ednea Registro a partir del lunes 1\u00b0 de septiembre en: inprf.gob.mx Auditorio del INPRFM y por Facebook @INPRFM\u2026","rel":"","context":"En &quot;Eventos Acad\u00e9micos del INPRFM&quot;","img":{"alt_text":"","src":"https:\/\/i0.wp.com\/lafuente.mx\/wp-content\/uploads\/2022\/08\/Imagen-RAI_Mesa-de-trabajo-1.jpg?fit=1200%2C927&ssl=1&resize=350%2C200","width":350,"height":200},"classes":[]}],"jetpack_sharing_enabled":true,"jetpack_shortlink":"https:\/\/wp.me\/pe9WUx-S5","_links":{"self":[{"href":"https:\/\/lafuente.mx\/index.php?rest_route=\/wp\/v2\/posts\/3353"}],"collection":[{"href":"https:\/\/lafuente.mx\/index.php?rest_route=\/wp\/v2\/posts"}],"about":[{"href":"https:\/\/lafuente.mx\/index.php?rest_route=\/wp\/v2\/types\/post"}],"author":[{"embeddable":true,"href":"https:\/\/lafuente.mx\/index.php?rest_route=\/wp\/v2\/users\/3"}],"replies":[{"embeddable":true,"href":"https:\/\/lafuente.mx\/index.php?rest_route=%2Fwp%2Fv2%2Fcomments&post=3353"}],"version-history":[{"count":4,"href":"https:\/\/lafuente.mx\/index.php?rest_route=\/wp\/v2\/posts\/3353\/revisions"}],"predecessor-version":[{"id":3436,"href":"https:\/\/lafuente.mx\/index.php?rest_route=\/wp\/v2\/posts\/3353\/revisions\/3436"}],"wp:featuredmedia":[{"embeddable":true,"href":"https:\/\/lafuente.mx\/index.php?rest_route=\/wp\/v2\/media\/3374"}],"wp:attachment":[{"href":"https:\/\/lafuente.mx\/index.php?rest_route=%2Fwp%2Fv2%2Fmedia&parent=3353"}],"wp:term":[{"taxonomy":"category","embeddable":true,"href":"https:\/\/lafuente.mx\/index.php?rest_route=%2Fwp%2Fv2%2Fcategories&post=3353"},{"taxonomy":"post_tag","embeddable":true,"href":"https:\/\/lafuente.mx\/index.php?rest_route=%2Fwp%2Fv2%2Ftags&post=3353"}],"curies":[{"name":"wp","href":"https:\/\/api.w.org\/{rel}","templated":true}]}}