{"id":3343,"date":"2025-10-10T14:04:32","date_gmt":"2025-10-10T14:04:32","guid":{"rendered":"https:\/\/lafuente.mx\/?p=3343"},"modified":"2025-10-20T17:27:58","modified_gmt":"2025-10-20T17:27:58","slug":"dia-mundial-de-la-salud-mental-2","status":"publish","type":"post","link":"https:\/\/lafuente.mx\/?p=3343","title":{"rendered":"D\u00eda mundial de la salud mental"},"content":{"rendered":"\n<hr class=\"wp-block-separator has-text-color has-vivid-green-cyan-color has-alpha-channel-opacity has-vivid-green-cyan-background-color has-background is-style-wide\"\/>\n\n\n\n<p class=\"has-large-font-size\"><strong>En este 10 de octubre, conmemoramos el D\u00eda Mundial de la Salud Mental y queremos que este d\u00eda no pase desapercibido.<\/strong><\/p>\n\n\n\n<p class=\"has-medium-font-size\">\ud83d\udd38 Escucha las voces de nuestros especialistas<br>\ud83d\udd38 Reflexiona con nosotros sobre lo que significa el bienestar emocional<br>\ud83d\udd38 Comparte este mensaje: que cada comienzo sea un paso hacia un futuro esperanzador<\/p>\n\n\n\n<figure class=\"wp-block-image size-large\"><img decoding=\"async\" loading=\"lazy\" width=\"640\" height=\"360\" src=\"https:\/\/i0.wp.com\/lafuente.mx\/wp-content\/uploads\/2025\/10\/Mesa-de-trabajo-1-100-1024x576.jpg?resize=640%2C360&#038;ssl=1\" alt=\"\" class=\"wp-image-3344\" srcset=\"https:\/\/i0.wp.com\/lafuente.mx\/wp-content\/uploads\/2025\/10\/Mesa-de-trabajo-1-100.jpg?resize=1024%2C576&amp;ssl=1 1024w, https:\/\/i0.wp.com\/lafuente.mx\/wp-content\/uploads\/2025\/10\/Mesa-de-trabajo-1-100.jpg?resize=300%2C169&amp;ssl=1 300w, https:\/\/i0.wp.com\/lafuente.mx\/wp-content\/uploads\/2025\/10\/Mesa-de-trabajo-1-100.jpg?resize=768%2C432&amp;ssl=1 768w, https:\/\/i0.wp.com\/lafuente.mx\/wp-content\/uploads\/2025\/10\/Mesa-de-trabajo-1-100.jpg?resize=1536%2C864&amp;ssl=1 1536w, https:\/\/i0.wp.com\/lafuente.mx\/wp-content\/uploads\/2025\/10\/Mesa-de-trabajo-1-100.jpg?w=1920&amp;ssl=1 1920w, https:\/\/i0.wp.com\/lafuente.mx\/wp-content\/uploads\/2025\/10\/Mesa-de-trabajo-1-100.jpg?w=1280 1280w\" sizes=\"(max-width: 640px) 100vw, 640px\" data-recalc-dims=\"1\" \/><\/figure>\n\n\n\n<p class=\"has-text-color has-large-font-size\" style=\"color:#008151\">\ud83d\udc9a Hablemos de salud mental.<br>Despu\u00e9s de este recorrido de los d\u00edas 10 de cada mes, llegamos a nuestro 10 m\u00e1s especial, un d\u00eda para reconocer la importancia de cuidar nuestra mente, nuestras emociones y nuestras relaciones.<\/p>\n\n\n\n<figure class=\"wp-block-video\"><\/figure>\n\n\n\n<figure class=\"wp-block-video\"><video autoplay controls src=\"https:\/\/lafuente.mx\/wp-content\/uploads\/2025\/10\/Video-Dia-Mundial-De-La-Salud-Mental-25.mp4\"><\/video><\/figure>\n\n\n\n<p class=\"has-text-color\" style=\"color:#51616f\">La salud mental es responsabilidad de todos. \u00a1Empecemos juntos!<\/p>\n\n\n\n<h1 class=\"wp-block-heading has-medium-font-size\">Mentalizarte #HablemosDeSaludMental #SaludMental #BienestarEmocional #FuturoEsperanzador #INPRFM<\/h1>\n","protected":false},"excerpt":{"rendered":"<p>En este 10 de octubre, conmemoramos el D\u00eda Mundial de la Salud Mental y queremos que este d\u00eda no pase desapercibido. \ud83d\udd38 Escucha las voces<\/p>\n","protected":false},"author":3,"featured_media":3344,"comment_status":"closed","ping_status":"closed","sticky":false,"template":"","format":"standard","meta":{"footnotes":"","jetpack_publicize_message":"","jetpack_is_tweetstorm":false,"jetpack_publicize_feature_enabled":true},"categories":[13],"tags":[422,21,32],"jetpack_publicize_connections":[],"yoast_head":"<!-- This site is optimized with the Yoast SEO plugin v19.4 - https:\/\/yoast.com\/wordpress\/plugins\/seo\/ -->\n<title>D\u00eda mundial de la salud mental -<\/title>\n<meta name=\"description\" content=\"En este 10 de octubre, conmemoramos el D\u00eda Mundial de la Salud Mental\" \/>\n<meta name=\"robots\" content=\"index, follow, max-snippet:-1, max-image-preview:large, max-video-preview:-1\" \/>\n<link rel=\"canonical\" href=\"https:\/\/lafuente.mx\/?p=3343\" \/>\n<meta property=\"og:locale\" content=\"es_MX\" \/>\n<meta property=\"og:type\" content=\"article\" \/>\n<meta property=\"og:title\" content=\"D\u00eda mundial de la salud mental\" \/>\n<meta property=\"og:description\" content=\"En este 10 de octubre, conmemoramos el D\u00eda Mundial de la Salud Mental\" \/>\n<meta property=\"og:url\" content=\"https:\/\/lafuente.mx\/?p=3343\" \/>\n<meta property=\"article:published_time\" content=\"2025-10-10T14:04:32+00:00\" \/>\n<meta property=\"article:modified_time\" content=\"2025-10-20T17:27:58+00:00\" \/>\n<meta property=\"og:image\" content=\"http:\/\/lafuente.mx\/wp-content\/uploads\/2025\/10\/Mesa-de-trabajo-1-100.jpg\" \/>\n\t<meta property=\"og:image:width\" content=\"1920\" \/>\n\t<meta property=\"og:image:height\" content=\"1080\" \/>\n\t<meta property=\"og:image:type\" content=\"image\/jpeg\" \/>\n<meta name=\"author\" content=\"Claudia Gallardo\" \/>\n<meta name=\"twitter:card\" content=\"summary_large_image\" \/>\n<meta name=\"twitter:title\" content=\"D\u00eda mundial de la salud mental\" \/>\n<meta name=\"twitter:description\" content=\"En este 10 de octubre, conmemoramos el D\u00eda Mundial de la Salud Mental\" \/>\n<meta name=\"twitter:image\" content=\"https:\/\/i0.wp.com\/lafuente.mx\/wp-content\/uploads\/2025\/10\/Mesa-de-trabajo-1-100.jpg?fit=1920%2C1080&ssl=1\" \/>\n<meta name=\"twitter:label1\" content=\"Escrito por\" \/>\n\t<meta name=\"twitter:data1\" content=\"Claudia Gallardo\" \/>\n\t<meta name=\"twitter:label2\" content=\"Tiempo de lectura\" \/>\n\t<meta name=\"twitter:data2\" content=\"1 minuto\" \/>\n<script type=\"application\/ld+json\" class=\"yoast-schema-graph\">{\"@context\":\"https:\/\/schema.org\",\"@graph\":[{\"@type\":\"WebSite\",\"@id\":\"https:\/\/lafuente.mx\/#website\",\"url\":\"https:\/\/lafuente.mx\/\",\"name\":\"\",\"description\":\"Informaci\u00f3n confiable sobre salud mental\",\"potentialAction\":[{\"@type\":\"SearchAction\",\"target\":{\"@type\":\"EntryPoint\",\"urlTemplate\":\"https:\/\/lafuente.mx\/?s={search_term_string}\"},\"query-input\":\"required name=search_term_string\"}],\"inLanguage\":\"es-MX\"},{\"@type\":\"WebPage\",\"@id\":\"https:\/\/lafuente.mx\/?p=3343\",\"url\":\"https:\/\/lafuente.mx\/?p=3343\",\"name\":\"D\u00eda mundial de la salud mental -\",\"isPartOf\":{\"@id\":\"https:\/\/lafuente.mx\/#website\"},\"datePublished\":\"2025-10-10T14:04:32+00:00\",\"dateModified\":\"2025-10-20T17:27:58+00:00\",\"author\":{\"@id\":\"https:\/\/lafuente.mx\/#\/schema\/person\/603f3aa8e2f6f7879021ab722d39d6b0\"},\"description\":\"En este 10 de octubre, conmemoramos el D\u00eda Mundial de la Salud Mental\",\"breadcrumb\":{\"@id\":\"https:\/\/lafuente.mx\/?p=3343#breadcrumb\"},\"inLanguage\":\"es-MX\",\"potentialAction\":[{\"@type\":\"ReadAction\",\"target\":[\"https:\/\/lafuente.mx\/?p=3343\"]}]},{\"@type\":\"BreadcrumbList\",\"@id\":\"https:\/\/lafuente.mx\/?p=3343#breadcrumb\",\"itemListElement\":[{\"@type\":\"ListItem\",\"position\":1,\"name\":\"Inicio\",\"item\":\"https:\/\/lafuente.mx\/\"},{\"@type\":\"ListItem\",\"position\":2,\"name\":\"D\u00eda mundial de la salud mental\"}]},{\"@type\":\"Person\",\"@id\":\"https:\/\/lafuente.mx\/#\/schema\/person\/603f3aa8e2f6f7879021ab722d39d6b0\",\"name\":\"Claudia Gallardo\",\"image\":{\"@type\":\"ImageObject\",\"inLanguage\":\"es-MX\",\"@id\":\"https:\/\/lafuente.mx\/#\/schema\/person\/image\/\",\"url\":\"https:\/\/secure.gravatar.com\/avatar\/bfe9c966af1ccfb9d17bcdb9d04e8815?s=96&d=mm&r=g\",\"contentUrl\":\"https:\/\/secure.gravatar.com\/avatar\/bfe9c966af1ccfb9d17bcdb9d04e8815?s=96&d=mm&r=g\",\"caption\":\"Claudia Gallardo\"},\"url\":\"https:\/\/lafuente.mx\/?author=3\"}]}<\/script>\n<!-- \/ Yoast SEO plugin. -->","yoast_head_json":{"title":"D\u00eda mundial de la salud mental -","description":"En este 10 de octubre, conmemoramos el D\u00eda Mundial de la Salud Mental","robots":{"index":"index","follow":"follow","max-snippet":"max-snippet:-1","max-image-preview":"max-image-preview:large","max-video-preview":"max-video-preview:-1"},"canonical":"https:\/\/lafuente.mx\/?p=3343","og_locale":"es_MX","og_type":"article","og_title":"D\u00eda mundial de la salud mental","og_description":"En este 10 de octubre, conmemoramos el D\u00eda Mundial de la Salud Mental","og_url":"https:\/\/lafuente.mx\/?p=3343","article_published_time":"2025-10-10T14:04:32+00:00","article_modified_time":"2025-10-20T17:27:58+00:00","og_image":[{"width":1920,"height":1080,"url":"http:\/\/lafuente.mx\/wp-content\/uploads\/2025\/10\/Mesa-de-trabajo-1-100.jpg","type":"image\/jpeg"}],"author":"Claudia Gallardo","twitter_card":"summary_large_image","twitter_title":"D\u00eda mundial de la salud mental","twitter_description":"En este 10 de octubre, conmemoramos el D\u00eda Mundial de la Salud Mental","twitter_image":"https:\/\/i0.wp.com\/lafuente.mx\/wp-content\/uploads\/2025\/10\/Mesa-de-trabajo-1-100.jpg?fit=1920%2C1080&ssl=1","twitter_misc":{"Escrito por":"Claudia Gallardo","Tiempo de lectura":"1 minuto"},"schema":{"@context":"https:\/\/schema.org","@graph":[{"@type":"WebSite","@id":"https:\/\/lafuente.mx\/#website","url":"https:\/\/lafuente.mx\/","name":"","description":"Informaci\u00f3n confiable sobre salud mental","potentialAction":[{"@type":"SearchAction","target":{"@type":"EntryPoint","urlTemplate":"https:\/\/lafuente.mx\/?s={search_term_string}"},"query-input":"required name=search_term_string"}],"inLanguage":"es-MX"},{"@type":"WebPage","@id":"https:\/\/lafuente.mx\/?p=3343","url":"https:\/\/lafuente.mx\/?p=3343","name":"D\u00eda mundial de la salud mental -","isPartOf":{"@id":"https:\/\/lafuente.mx\/#website"},"datePublished":"2025-10-10T14:04:32+00:00","dateModified":"2025-10-20T17:27:58+00:00","author":{"@id":"https:\/\/lafuente.mx\/#\/schema\/person\/603f3aa8e2f6f7879021ab722d39d6b0"},"description":"En este 10 de octubre, conmemoramos el D\u00eda Mundial de la Salud Mental","breadcrumb":{"@id":"https:\/\/lafuente.mx\/?p=3343#breadcrumb"},"inLanguage":"es-MX","potentialAction":[{"@type":"ReadAction","target":["https:\/\/lafuente.mx\/?p=3343"]}]},{"@type":"BreadcrumbList","@id":"https:\/\/lafuente.mx\/?p=3343#breadcrumb","itemListElement":[{"@type":"ListItem","position":1,"name":"Inicio","item":"https:\/\/lafuente.mx\/"},{"@type":"ListItem","position":2,"name":"D\u00eda mundial de la salud mental"}]},{"@type":"Person","@id":"https:\/\/lafuente.mx\/#\/schema\/person\/603f3aa8e2f6f7879021ab722d39d6b0","name":"Claudia Gallardo","image":{"@type":"ImageObject","inLanguage":"es-MX","@id":"https:\/\/lafuente.mx\/#\/schema\/person\/image\/","url":"https:\/\/secure.gravatar.com\/avatar\/bfe9c966af1ccfb9d17bcdb9d04e8815?s=96&d=mm&r=g","contentUrl":"https:\/\/secure.gravatar.com\/avatar\/bfe9c966af1ccfb9d17bcdb9d04e8815?s=96&d=mm&r=g","caption":"Claudia Gallardo"},"url":"https:\/\/lafuente.mx\/?author=3"}]}},"jetpack_featured_media_url":"https:\/\/i0.wp.com\/lafuente.mx\/wp-content\/uploads\/2025\/10\/Mesa-de-trabajo-1-100.jpg?fit=1920%2C1080&ssl=1","jetpack-related-posts":[{"id":1744,"url":"https:\/\/lafuente.mx\/?p=1744","url_meta":{"origin":3343,"position":0},"title":"Tema del D\u00eda Mundial de la Salud Mental","date":"octubre 10, 2023","format":false,"excerpt":"'LA SALUD MENTAL ES UN DERECHO HUMANO UNIVERSAL'\u00a0 El 10 de octubre de 2023 celebraremos el D\u00eda Mundial de la Salud Mental con el tema 'La salud mental es un derecho humano universal' elegido mediante una votaci\u00f3n global abierta al p\u00fablico, incluidos los miembros, las partes interesadas y los partidarios\u2026","rel":"","context":"En &quot;Efem\u00e9rides de Salud Mental&quot;","img":{"alt_text":"","src":"https:\/\/i0.wp.com\/lafuente.mx\/wp-content\/uploads\/2023\/09\/salud-mental2.jpeg?fit=1200%2C541&ssl=1&resize=350%2C200","width":350,"height":200},"classes":[]},{"id":414,"url":"https:\/\/lafuente.mx\/?p=414","url_meta":{"origin":3343,"position":1},"title":"D\u00eda Mundial de la Salud Mental","date":"octubre 10, 2022","format":false,"excerpt":"10 de octubre El cerebro. Imagen: medicalxpress.com El D\u00eda Mundial de la Salud Mental, que se celebra anualmente el 10 de octubre, tiene como objetivo concientizar acerca de los problemas de salud mental en todo el mundo.\u00a0 \u00a8Dale like a la salud mental. Por el derecho a crecer en bienestar\u00a8\u2026","rel":"","context":"En &quot;Efem\u00e9rides de Salud Mental&quot;","img":{"alt_text":"","src":"https:\/\/i0.wp.com\/lafuente.mx\/wp-content\/uploads\/2022\/10\/brain.jpeg?fit=800%2C480&ssl=1&resize=350%2C200","width":350,"height":200},"classes":[]},{"id":1170,"url":"https:\/\/lafuente.mx\/?p=1170","url_meta":{"origin":3343,"position":2},"title":"D\u00cdA MUNDIAL DE LA SALUD MENTAL MATERNA\u00a0","date":"abril 27, 2023","format":false,"excerpt":"3\u00a0de mayo imagen Mentalizarte INPRFM \u00a0El D\u00eda Mundial de la Salud Mental Materna se lanz\u00f3 para\u00a0aumentar la conciencia acerca de los problemas de salud mental materna, con la finalidad\u00a0de que m\u00e1s mujeres busquen ayuda, reciban tratamiento adecuado y menos sufran.\u00a0 El objetivo com\u00fan es\u00a0sensibilizar\u00a0a la poblaci\u00f3n mundial acerca de la\u2026","rel":"","context":"En &quot;Efem\u00e9rides de Salud Mental&quot;","img":{"alt_text":"","src":"https:\/\/i0.wp.com\/lafuente.mx\/wp-content\/uploads\/2023\/04\/10-mayo-23.jpg?fit=1200%2C985&ssl=1&resize=350%2C200","width":350,"height":200},"classes":[]},{"id":2270,"url":"https:\/\/lafuente.mx\/?p=2270","url_meta":{"origin":3343,"position":3},"title":"D\u00eda Mundial de la Salud Mental Materna","date":"mayo 1, 2024","format":false,"excerpt":"El D\u00eda Mundial de la Salud Mental Materna se lanz\u00f3 para\u00a0aumentar la conciencia acerca de los problemas de salud mental materna, con la finalidad\u00a0de que m\u00e1s mujeres busquen ayuda, reciban tratamiento adecuado y menos sufran.\u00a0 El objetivo com\u00fan es\u00a0sensibilizar\u00a0a la poblaci\u00f3n mundial acerca de la importancia de la salud mental\u2026","rel":"","context":"En &quot;Efem\u00e9rides de Salud Mental&quot;","img":{"alt_text":"pregnant, mom, child-775036.jpg","src":"https:\/\/i0.wp.com\/lafuente.mx\/wp-content\/uploads\/2024\/04\/pregnant-mom-child-775036.jpg?fit=1200%2C797&ssl=1&resize=350%2C200","width":350,"height":200},"classes":[]},{"id":3025,"url":"https:\/\/lafuente.mx\/?p=3025","url_meta":{"origin":3343,"position":4},"title":"Tema del mes: Salud cerebral","date":"julio 25, 2025","format":false,"excerpt":"JULIO En el INPRFM trabajamos cada d\u00eda para generar conocimiento, brindar atenci\u00f3n especializada y promover el bienestar mental y cerebral de la poblaci\u00f3n. Cuidar el cerebro es una tarea de todos, en todas las edades.","rel":"","context":"En &quot;T\u00f3picos de salud mental&quot;","img":{"alt_text":"","src":"https:\/\/i0.wp.com\/lafuente.mx\/wp-content\/uploads\/2025\/07\/Captura-de-pantalla-2025-07-08-a-las-12.35.47.png?fit=1200%2C702&ssl=1&resize=350%2C200","width":350,"height":200},"classes":[]},{"id":2874,"url":"https:\/\/lafuente.mx\/?p=2874","url_meta":{"origin":3343,"position":5},"title":"7 de mayo, D\u00eda Mundial de la Salud Mental Materna","date":"mayo 7, 2025","format":false,"excerpt":"1 de cada 5 mujeres experimentan un trastorno perinatal del estado de \u00e1nimo y la ansiedad\u00a0\u00a0 Las estad\u00edsticas var\u00edan seg\u00fan el pa\u00eds, pero esta es una preocupaci\u00f3n mundial. Incluyen depresi\u00f3n posparto, ansiedad posparto, trastorno obsesivo compulsivo posparto, trastorno bipolar posparto y psicosis posparto.\u00a0 7 de cada 10\u00a0mujeres ocultan o minimizan\u2026","rel":"","context":"En &quot;Efem\u00e9rides de Salud Mental&quot;","img":{"alt_text":"","src":"https:\/\/i0.wp.com\/lafuente.mx\/wp-content\/uploads\/2025\/05\/Dia-Mundial-de-la-Salud-Mental-Materna.jpg?fit=1200%2C613&ssl=1&resize=350%2C200","width":350,"height":200},"classes":[]}],"jetpack_sharing_enabled":true,"jetpack_shortlink":"https:\/\/wp.me\/pe9WUx-RV","_links":{"self":[{"href":"https:\/\/lafuente.mx\/index.php?rest_route=\/wp\/v2\/posts\/3343"}],"collection":[{"href":"https:\/\/lafuente.mx\/index.php?rest_route=\/wp\/v2\/posts"}],"about":[{"href":"https:\/\/lafuente.mx\/index.php?rest_route=\/wp\/v2\/types\/post"}],"author":[{"embeddable":true,"href":"https:\/\/lafuente.mx\/index.php?rest_route=\/wp\/v2\/users\/3"}],"replies":[{"embeddable":true,"href":"https:\/\/lafuente.mx\/index.php?rest_route=%2Fwp%2Fv2%2Fcomments&post=3343"}],"version-history":[{"count":3,"href":"https:\/\/lafuente.mx\/index.php?rest_route=\/wp\/v2\/posts\/3343\/revisions"}],"predecessor-version":[{"id":3350,"href":"https:\/\/lafuente.mx\/index.php?rest_route=\/wp\/v2\/posts\/3343\/revisions\/3350"}],"wp:featuredmedia":[{"embeddable":true,"href":"https:\/\/lafuente.mx\/index.php?rest_route=\/wp\/v2\/media\/3344"}],"wp:attachment":[{"href":"https:\/\/lafuente.mx\/index.php?rest_route=%2Fwp%2Fv2%2Fmedia&parent=3343"}],"wp:term":[{"taxonomy":"category","embeddable":true,"href":"https:\/\/lafuente.mx\/index.php?rest_route=%2Fwp%2Fv2%2Fcategories&post=3343"},{"taxonomy":"post_tag","embeddable":true,"href":"https:\/\/lafuente.mx\/index.php?rest_route=%2Fwp%2Fv2%2Ftags&post=3343"}],"curies":[{"name":"wp","href":"https:\/\/api.w.org\/{rel}","templated":true}]}}