{"id":3296,"date":"2025-10-06T17:18:03","date_gmt":"2025-10-06T17:18:03","guid":{"rendered":"https:\/\/lafuente.mx\/?p=3296"},"modified":"2025-10-06T20:17:19","modified_gmt":"2025-10-06T20:17:19","slug":"tema-del-mes-salud-cerebral","status":"publish","type":"post","link":"https:\/\/lafuente.mx\/?p=3296","title":{"rendered":"Tema del mes: Salud mental y uso de tecnolog\u00eda"},"content":{"rendered":"\n<hr class=\"wp-block-separator has-text-color has-pale-pink-color has-alpha-channel-opacity has-pale-pink-background-color has-background is-style-wide\"\/>\n\n\n\n<p class=\"has-text-align-center has-larger-font-size\">AGOSTO<\/p>\n\n\n\n<hr class=\"wp-block-separator has-text-color has-pale-pink-color has-alpha-channel-opacity has-pale-pink-background-color has-background is-style-wide\"\/>\n\n\n\n<div class=\"wp-block-jetpack-slideshow aligncenter\" data-effect=\"slide\"><div class=\"wp-block-jetpack-slideshow_container swiper-container\"><ul class=\"wp-block-jetpack-slideshow_swiper-wrapper swiper-wrapper\"><li class=\"wp-block-jetpack-slideshow_slide swiper-slide\"><figure><img decoding=\"async\" loading=\"lazy\" width=\"640\" height=\"640\" alt=\"\" class=\"wp-block-jetpack-slideshow_image wp-image-3319\" data-id=\"3319\" src=\"https:\/\/i0.wp.com\/lafuente.mx\/wp-content\/uploads\/2025\/10\/Sabatinas_agosto-01.jpg?resize=640%2C640\" srcset=\"https:\/\/i0.wp.com\/lafuente.mx\/wp-content\/uploads\/2025\/10\/Sabatinas_agosto-01.jpg?resize=1024%2C1024&amp;ssl=1 1024w, https:\/\/i0.wp.com\/lafuente.mx\/wp-content\/uploads\/2025\/10\/Sabatinas_agosto-01.jpg?resize=300%2C300&amp;ssl=1 300w, https:\/\/i0.wp.com\/lafuente.mx\/wp-content\/uploads\/2025\/10\/Sabatinas_agosto-01.jpg?resize=150%2C150&amp;ssl=1 150w, https:\/\/i0.wp.com\/lafuente.mx\/wp-content\/uploads\/2025\/10\/Sabatinas_agosto-01.jpg?resize=768%2C768&amp;ssl=1 768w, https:\/\/i0.wp.com\/lafuente.mx\/wp-content\/uploads\/2025\/10\/Sabatinas_agosto-01.jpg?resize=1536%2C1536&amp;ssl=1 1536w, https:\/\/i0.wp.com\/lafuente.mx\/wp-content\/uploads\/2025\/10\/Sabatinas_agosto-01.jpg?resize=2048%2C2048&amp;ssl=1 2048w, https:\/\/i0.wp.com\/lafuente.mx\/wp-content\/uploads\/2025\/10\/Sabatinas_agosto-01.jpg?w=1280 1280w, https:\/\/i0.wp.com\/lafuente.mx\/wp-content\/uploads\/2025\/10\/Sabatinas_agosto-01.jpg?w=1920 1920w\" sizes=\"(max-width: 640px) 100vw, 640px\" data-recalc-dims=\"1\" \/><\/figure><\/li><li class=\"wp-block-jetpack-slideshow_slide swiper-slide\"><figure><img decoding=\"async\" loading=\"lazy\" width=\"640\" height=\"640\" alt=\"\" class=\"wp-block-jetpack-slideshow_image wp-image-3320\" data-id=\"3320\" src=\"https:\/\/i0.wp.com\/lafuente.mx\/wp-content\/uploads\/2025\/10\/Sabatinas_agosto-02.jpg?resize=640%2C640\" srcset=\"https:\/\/i0.wp.com\/lafuente.mx\/wp-content\/uploads\/2025\/10\/Sabatinas_agosto-02.jpg?resize=1024%2C1024&amp;ssl=1 1024w, https:\/\/i0.wp.com\/lafuente.mx\/wp-content\/uploads\/2025\/10\/Sabatinas_agosto-02.jpg?resize=300%2C300&amp;ssl=1 300w, https:\/\/i0.wp.com\/lafuente.mx\/wp-content\/uploads\/2025\/10\/Sabatinas_agosto-02.jpg?resize=150%2C150&amp;ssl=1 150w, https:\/\/i0.wp.com\/lafuente.mx\/wp-content\/uploads\/2025\/10\/Sabatinas_agosto-02.jpg?resize=768%2C768&amp;ssl=1 768w, https:\/\/i0.wp.com\/lafuente.mx\/wp-content\/uploads\/2025\/10\/Sabatinas_agosto-02.jpg?resize=1536%2C1536&amp;ssl=1 1536w, https:\/\/i0.wp.com\/lafuente.mx\/wp-content\/uploads\/2025\/10\/Sabatinas_agosto-02.jpg?resize=2048%2C2048&amp;ssl=1 2048w, https:\/\/i0.wp.com\/lafuente.mx\/wp-content\/uploads\/2025\/10\/Sabatinas_agosto-02.jpg?w=1280 1280w, https:\/\/i0.wp.com\/lafuente.mx\/wp-content\/uploads\/2025\/10\/Sabatinas_agosto-02.jpg?w=1920 1920w\" sizes=\"(max-width: 640px) 100vw, 640px\" data-recalc-dims=\"1\" \/><\/figure><\/li><li class=\"wp-block-jetpack-slideshow_slide swiper-slide\"><figure><img decoding=\"async\" loading=\"lazy\" width=\"640\" height=\"640\" alt=\"\" class=\"wp-block-jetpack-slideshow_image wp-image-3321\" data-id=\"3321\" src=\"https:\/\/i0.wp.com\/lafuente.mx\/wp-content\/uploads\/2025\/10\/Sabatinas_agosto-03.jpg?resize=640%2C640\" srcset=\"https:\/\/i0.wp.com\/lafuente.mx\/wp-content\/uploads\/2025\/10\/Sabatinas_agosto-03.jpg?resize=1024%2C1024&amp;ssl=1 1024w, https:\/\/i0.wp.com\/lafuente.mx\/wp-content\/uploads\/2025\/10\/Sabatinas_agosto-03.jpg?resize=300%2C300&amp;ssl=1 300w, https:\/\/i0.wp.com\/lafuente.mx\/wp-content\/uploads\/2025\/10\/Sabatinas_agosto-03.jpg?resize=150%2C150&amp;ssl=1 150w, https:\/\/i0.wp.com\/lafuente.mx\/wp-content\/uploads\/2025\/10\/Sabatinas_agosto-03.jpg?resize=768%2C768&amp;ssl=1 768w, https:\/\/i0.wp.com\/lafuente.mx\/wp-content\/uploads\/2025\/10\/Sabatinas_agosto-03.jpg?resize=1536%2C1536&amp;ssl=1 1536w, https:\/\/i0.wp.com\/lafuente.mx\/wp-content\/uploads\/2025\/10\/Sabatinas_agosto-03.jpg?resize=2048%2C2048&amp;ssl=1 2048w, https:\/\/i0.wp.com\/lafuente.mx\/wp-content\/uploads\/2025\/10\/Sabatinas_agosto-03.jpg?w=1280 1280w, https:\/\/i0.wp.com\/lafuente.mx\/wp-content\/uploads\/2025\/10\/Sabatinas_agosto-03.jpg?w=1920 1920w\" sizes=\"(max-width: 640px) 100vw, 640px\" data-recalc-dims=\"1\" \/><\/figure><\/li><li class=\"wp-block-jetpack-slideshow_slide swiper-slide\"><figure><img decoding=\"async\" loading=\"lazy\" width=\"640\" height=\"640\" alt=\"\" class=\"wp-block-jetpack-slideshow_image wp-image-3322\" data-id=\"3322\" src=\"https:\/\/i0.wp.com\/lafuente.mx\/wp-content\/uploads\/2025\/10\/Sabatinas_agosto-04.jpg?resize=640%2C640\" srcset=\"https:\/\/i0.wp.com\/lafuente.mx\/wp-content\/uploads\/2025\/10\/Sabatinas_agosto-04.jpg?resize=1024%2C1024&amp;ssl=1 1024w, https:\/\/i0.wp.com\/lafuente.mx\/wp-content\/uploads\/2025\/10\/Sabatinas_agosto-04.jpg?resize=300%2C300&amp;ssl=1 300w, https:\/\/i0.wp.com\/lafuente.mx\/wp-content\/uploads\/2025\/10\/Sabatinas_agosto-04.jpg?resize=150%2C150&amp;ssl=1 150w, https:\/\/i0.wp.com\/lafuente.mx\/wp-content\/uploads\/2025\/10\/Sabatinas_agosto-04.jpg?resize=768%2C768&amp;ssl=1 768w, https:\/\/i0.wp.com\/lafuente.mx\/wp-content\/uploads\/2025\/10\/Sabatinas_agosto-04.jpg?resize=1536%2C1536&amp;ssl=1 1536w, https:\/\/i0.wp.com\/lafuente.mx\/wp-content\/uploads\/2025\/10\/Sabatinas_agosto-04.jpg?resize=2048%2C2048&amp;ssl=1 2048w, https:\/\/i0.wp.com\/lafuente.mx\/wp-content\/uploads\/2025\/10\/Sabatinas_agosto-04.jpg?w=1280 1280w, https:\/\/i0.wp.com\/lafuente.mx\/wp-content\/uploads\/2025\/10\/Sabatinas_agosto-04.jpg?w=1920 1920w\" sizes=\"(max-width: 640px) 100vw, 640px\" data-recalc-dims=\"1\" \/><\/figure><\/li><li class=\"wp-block-jetpack-slideshow_slide swiper-slide\"><figure><img decoding=\"async\" loading=\"lazy\" width=\"640\" height=\"640\" alt=\"\" class=\"wp-block-jetpack-slideshow_image wp-image-3323\" data-id=\"3323\" src=\"https:\/\/i0.wp.com\/lafuente.mx\/wp-content\/uploads\/2025\/10\/Sabatinas_agosto-05.jpg?resize=640%2C640\" srcset=\"https:\/\/i0.wp.com\/lafuente.mx\/wp-content\/uploads\/2025\/10\/Sabatinas_agosto-05.jpg?resize=1024%2C1024&amp;ssl=1 1024w, https:\/\/i0.wp.com\/lafuente.mx\/wp-content\/uploads\/2025\/10\/Sabatinas_agosto-05.jpg?resize=300%2C300&amp;ssl=1 300w, https:\/\/i0.wp.com\/lafuente.mx\/wp-content\/uploads\/2025\/10\/Sabatinas_agosto-05.jpg?resize=150%2C150&amp;ssl=1 150w, https:\/\/i0.wp.com\/lafuente.mx\/wp-content\/uploads\/2025\/10\/Sabatinas_agosto-05.jpg?resize=768%2C768&amp;ssl=1 768w, https:\/\/i0.wp.com\/lafuente.mx\/wp-content\/uploads\/2025\/10\/Sabatinas_agosto-05.jpg?resize=1536%2C1536&amp;ssl=1 1536w, https:\/\/i0.wp.com\/lafuente.mx\/wp-content\/uploads\/2025\/10\/Sabatinas_agosto-05.jpg?resize=2048%2C2048&amp;ssl=1 2048w, https:\/\/i0.wp.com\/lafuente.mx\/wp-content\/uploads\/2025\/10\/Sabatinas_agosto-05.jpg?w=1280 1280w, https:\/\/i0.wp.com\/lafuente.mx\/wp-content\/uploads\/2025\/10\/Sabatinas_agosto-05.jpg?w=1920 1920w\" sizes=\"(max-width: 640px) 100vw, 640px\" data-recalc-dims=\"1\" \/><\/figure><\/li><li class=\"wp-block-jetpack-slideshow_slide swiper-slide\"><figure><img decoding=\"async\" loading=\"lazy\" width=\"640\" height=\"640\" alt=\"\" class=\"wp-block-jetpack-slideshow_image wp-image-3324\" data-id=\"3324\" src=\"https:\/\/i0.wp.com\/lafuente.mx\/wp-content\/uploads\/2025\/10\/Sabatinas_agosto-06.jpg?resize=640%2C640\" srcset=\"https:\/\/i0.wp.com\/lafuente.mx\/wp-content\/uploads\/2025\/10\/Sabatinas_agosto-06.jpg?resize=1024%2C1024&amp;ssl=1 1024w, https:\/\/i0.wp.com\/lafuente.mx\/wp-content\/uploads\/2025\/10\/Sabatinas_agosto-06.jpg?resize=300%2C300&amp;ssl=1 300w, https:\/\/i0.wp.com\/lafuente.mx\/wp-content\/uploads\/2025\/10\/Sabatinas_agosto-06.jpg?resize=150%2C150&amp;ssl=1 150w, https:\/\/i0.wp.com\/lafuente.mx\/wp-content\/uploads\/2025\/10\/Sabatinas_agosto-06.jpg?resize=768%2C768&amp;ssl=1 768w, https:\/\/i0.wp.com\/lafuente.mx\/wp-content\/uploads\/2025\/10\/Sabatinas_agosto-06.jpg?resize=1536%2C1536&amp;ssl=1 1536w, https:\/\/i0.wp.com\/lafuente.mx\/wp-content\/uploads\/2025\/10\/Sabatinas_agosto-06.jpg?resize=2048%2C2048&amp;ssl=1 2048w, https:\/\/i0.wp.com\/lafuente.mx\/wp-content\/uploads\/2025\/10\/Sabatinas_agosto-06.jpg?w=1280 1280w, https:\/\/i0.wp.com\/lafuente.mx\/wp-content\/uploads\/2025\/10\/Sabatinas_agosto-06.jpg?w=1920 1920w\" sizes=\"(max-width: 640px) 100vw, 640px\" data-recalc-dims=\"1\" \/><\/figure><\/li><li class=\"wp-block-jetpack-slideshow_slide swiper-slide\"><figure><img decoding=\"async\" loading=\"lazy\" width=\"640\" height=\"640\" alt=\"\" class=\"wp-block-jetpack-slideshow_image wp-image-3325\" data-id=\"3325\" src=\"https:\/\/i0.wp.com\/lafuente.mx\/wp-content\/uploads\/2025\/10\/Sabatinas_agosto-07.jpg?resize=640%2C640\" srcset=\"https:\/\/i0.wp.com\/lafuente.mx\/wp-content\/uploads\/2025\/10\/Sabatinas_agosto-07.jpg?resize=1024%2C1024&amp;ssl=1 1024w, https:\/\/i0.wp.com\/lafuente.mx\/wp-content\/uploads\/2025\/10\/Sabatinas_agosto-07.jpg?resize=300%2C300&amp;ssl=1 300w, https:\/\/i0.wp.com\/lafuente.mx\/wp-content\/uploads\/2025\/10\/Sabatinas_agosto-07.jpg?resize=150%2C150&amp;ssl=1 150w, https:\/\/i0.wp.com\/lafuente.mx\/wp-content\/uploads\/2025\/10\/Sabatinas_agosto-07.jpg?resize=768%2C768&amp;ssl=1 768w, https:\/\/i0.wp.com\/lafuente.mx\/wp-content\/uploads\/2025\/10\/Sabatinas_agosto-07.jpg?resize=1536%2C1536&amp;ssl=1 1536w, https:\/\/i0.wp.com\/lafuente.mx\/wp-content\/uploads\/2025\/10\/Sabatinas_agosto-07.jpg?resize=2048%2C2048&amp;ssl=1 2048w, https:\/\/i0.wp.com\/lafuente.mx\/wp-content\/uploads\/2025\/10\/Sabatinas_agosto-07.jpg?w=1280 1280w, https:\/\/i0.wp.com\/lafuente.mx\/wp-content\/uploads\/2025\/10\/Sabatinas_agosto-07.jpg?w=1920 1920w\" sizes=\"(max-width: 640px) 100vw, 640px\" data-recalc-dims=\"1\" \/><\/figure><\/li><li class=\"wp-block-jetpack-slideshow_slide swiper-slide\"><figure><img decoding=\"async\" loading=\"lazy\" width=\"640\" height=\"640\" alt=\"\" class=\"wp-block-jetpack-slideshow_image wp-image-3326\" data-id=\"3326\" src=\"https:\/\/i0.wp.com\/lafuente.mx\/wp-content\/uploads\/2025\/10\/Sabatinas_agosto-08.jpg?resize=640%2C640\" srcset=\"https:\/\/i0.wp.com\/lafuente.mx\/wp-content\/uploads\/2025\/10\/Sabatinas_agosto-08.jpg?resize=1024%2C1024&amp;ssl=1 1024w, https:\/\/i0.wp.com\/lafuente.mx\/wp-content\/uploads\/2025\/10\/Sabatinas_agosto-08.jpg?resize=300%2C300&amp;ssl=1 300w, https:\/\/i0.wp.com\/lafuente.mx\/wp-content\/uploads\/2025\/10\/Sabatinas_agosto-08.jpg?resize=150%2C150&amp;ssl=1 150w, https:\/\/i0.wp.com\/lafuente.mx\/wp-content\/uploads\/2025\/10\/Sabatinas_agosto-08.jpg?resize=768%2C768&amp;ssl=1 768w, https:\/\/i0.wp.com\/lafuente.mx\/wp-content\/uploads\/2025\/10\/Sabatinas_agosto-08.jpg?resize=1536%2C1536&amp;ssl=1 1536w, https:\/\/i0.wp.com\/lafuente.mx\/wp-content\/uploads\/2025\/10\/Sabatinas_agosto-08.jpg?resize=2048%2C2048&amp;ssl=1 2048w, https:\/\/i0.wp.com\/lafuente.mx\/wp-content\/uploads\/2025\/10\/Sabatinas_agosto-08.jpg?w=1280 1280w, https:\/\/i0.wp.com\/lafuente.mx\/wp-content\/uploads\/2025\/10\/Sabatinas_agosto-08.jpg?w=1920 1920w\" sizes=\"(max-width: 640px) 100vw, 640px\" data-recalc-dims=\"1\" \/><\/figure><\/li><li class=\"wp-block-jetpack-slideshow_slide swiper-slide\"><figure><img decoding=\"async\" loading=\"lazy\" width=\"640\" height=\"640\" alt=\"\" class=\"wp-block-jetpack-slideshow_image wp-image-3327\" data-id=\"3327\" src=\"https:\/\/i0.wp.com\/lafuente.mx\/wp-content\/uploads\/2025\/10\/Sabatinas_agosto-09.jpg?resize=640%2C640\" srcset=\"https:\/\/i0.wp.com\/lafuente.mx\/wp-content\/uploads\/2025\/10\/Sabatinas_agosto-09.jpg?resize=1024%2C1024&amp;ssl=1 1024w, https:\/\/i0.wp.com\/lafuente.mx\/wp-content\/uploads\/2025\/10\/Sabatinas_agosto-09.jpg?resize=300%2C300&amp;ssl=1 300w, https:\/\/i0.wp.com\/lafuente.mx\/wp-content\/uploads\/2025\/10\/Sabatinas_agosto-09.jpg?resize=150%2C150&amp;ssl=1 150w, https:\/\/i0.wp.com\/lafuente.mx\/wp-content\/uploads\/2025\/10\/Sabatinas_agosto-09.jpg?resize=768%2C768&amp;ssl=1 768w, https:\/\/i0.wp.com\/lafuente.mx\/wp-content\/uploads\/2025\/10\/Sabatinas_agosto-09.jpg?resize=1536%2C1536&amp;ssl=1 1536w, https:\/\/i0.wp.com\/lafuente.mx\/wp-content\/uploads\/2025\/10\/Sabatinas_agosto-09.jpg?resize=2048%2C2048&amp;ssl=1 2048w, https:\/\/i0.wp.com\/lafuente.mx\/wp-content\/uploads\/2025\/10\/Sabatinas_agosto-09.jpg?w=1280 1280w, https:\/\/i0.wp.com\/lafuente.mx\/wp-content\/uploads\/2025\/10\/Sabatinas_agosto-09.jpg?w=1920 1920w\" sizes=\"(max-width: 640px) 100vw, 640px\" data-recalc-dims=\"1\" \/><\/figure><\/li><li class=\"wp-block-jetpack-slideshow_slide swiper-slide\"><figure><img decoding=\"async\" loading=\"lazy\" width=\"640\" height=\"640\" alt=\"\" class=\"wp-block-jetpack-slideshow_image wp-image-3328\" data-id=\"3328\" src=\"https:\/\/i0.wp.com\/lafuente.mx\/wp-content\/uploads\/2025\/10\/Sabatinas_agosto-10.jpg?resize=640%2C640\" srcset=\"https:\/\/i0.wp.com\/lafuente.mx\/wp-content\/uploads\/2025\/10\/Sabatinas_agosto-10.jpg?resize=1024%2C1024&amp;ssl=1 1024w, https:\/\/i0.wp.com\/lafuente.mx\/wp-content\/uploads\/2025\/10\/Sabatinas_agosto-10.jpg?resize=300%2C300&amp;ssl=1 300w, https:\/\/i0.wp.com\/lafuente.mx\/wp-content\/uploads\/2025\/10\/Sabatinas_agosto-10.jpg?resize=150%2C150&amp;ssl=1 150w, https:\/\/i0.wp.com\/lafuente.mx\/wp-content\/uploads\/2025\/10\/Sabatinas_agosto-10.jpg?resize=768%2C768&amp;ssl=1 768w, https:\/\/i0.wp.com\/lafuente.mx\/wp-content\/uploads\/2025\/10\/Sabatinas_agosto-10.jpg?resize=1536%2C1536&amp;ssl=1 1536w, https:\/\/i0.wp.com\/lafuente.mx\/wp-content\/uploads\/2025\/10\/Sabatinas_agosto-10.jpg?resize=2048%2C2048&amp;ssl=1 2048w, https:\/\/i0.wp.com\/lafuente.mx\/wp-content\/uploads\/2025\/10\/Sabatinas_agosto-10.jpg?w=1280 1280w, https:\/\/i0.wp.com\/lafuente.mx\/wp-content\/uploads\/2025\/10\/Sabatinas_agosto-10.jpg?w=1920 1920w\" sizes=\"(max-width: 640px) 100vw, 640px\" data-recalc-dims=\"1\" \/><\/figure><\/li><li class=\"wp-block-jetpack-slideshow_slide swiper-slide\"><figure><img decoding=\"async\" loading=\"lazy\" width=\"640\" height=\"640\" alt=\"\" class=\"wp-block-jetpack-slideshow_image wp-image-3329\" data-id=\"3329\" src=\"https:\/\/i0.wp.com\/lafuente.mx\/wp-content\/uploads\/2025\/10\/Sabatinas_agosto-11.jpg?resize=640%2C640\" srcset=\"https:\/\/i0.wp.com\/lafuente.mx\/wp-content\/uploads\/2025\/10\/Sabatinas_agosto-11.jpg?resize=1024%2C1024&amp;ssl=1 1024w, https:\/\/i0.wp.com\/lafuente.mx\/wp-content\/uploads\/2025\/10\/Sabatinas_agosto-11.jpg?resize=300%2C300&amp;ssl=1 300w, https:\/\/i0.wp.com\/lafuente.mx\/wp-content\/uploads\/2025\/10\/Sabatinas_agosto-11.jpg?resize=150%2C150&amp;ssl=1 150w, https:\/\/i0.wp.com\/lafuente.mx\/wp-content\/uploads\/2025\/10\/Sabatinas_agosto-11.jpg?resize=768%2C768&amp;ssl=1 768w, https:\/\/i0.wp.com\/lafuente.mx\/wp-content\/uploads\/2025\/10\/Sabatinas_agosto-11.jpg?resize=1536%2C1536&amp;ssl=1 1536w, https:\/\/i0.wp.com\/lafuente.mx\/wp-content\/uploads\/2025\/10\/Sabatinas_agosto-11.jpg?resize=2048%2C2048&amp;ssl=1 2048w, https:\/\/i0.wp.com\/lafuente.mx\/wp-content\/uploads\/2025\/10\/Sabatinas_agosto-11.jpg?w=1280 1280w, https:\/\/i0.wp.com\/lafuente.mx\/wp-content\/uploads\/2025\/10\/Sabatinas_agosto-11.jpg?w=1920 1920w\" sizes=\"(max-width: 640px) 100vw, 640px\" data-recalc-dims=\"1\" \/><\/figure><\/li><li class=\"wp-block-jetpack-slideshow_slide swiper-slide\"><figure><img decoding=\"async\" loading=\"lazy\" width=\"640\" height=\"640\" alt=\"\" class=\"wp-block-jetpack-slideshow_image wp-image-3330\" data-id=\"3330\" src=\"https:\/\/i0.wp.com\/lafuente.mx\/wp-content\/uploads\/2025\/10\/Sabatinas_agosto-12.jpg?resize=640%2C640\" srcset=\"https:\/\/i0.wp.com\/lafuente.mx\/wp-content\/uploads\/2025\/10\/Sabatinas_agosto-12.jpg?resize=1024%2C1024&amp;ssl=1 1024w, https:\/\/i0.wp.com\/lafuente.mx\/wp-content\/uploads\/2025\/10\/Sabatinas_agosto-12.jpg?resize=300%2C300&amp;ssl=1 300w, https:\/\/i0.wp.com\/lafuente.mx\/wp-content\/uploads\/2025\/10\/Sabatinas_agosto-12.jpg?resize=150%2C150&amp;ssl=1 150w, https:\/\/i0.wp.com\/lafuente.mx\/wp-content\/uploads\/2025\/10\/Sabatinas_agosto-12.jpg?resize=768%2C768&amp;ssl=1 768w, https:\/\/i0.wp.com\/lafuente.mx\/wp-content\/uploads\/2025\/10\/Sabatinas_agosto-12.jpg?resize=1536%2C1536&amp;ssl=1 1536w, https:\/\/i0.wp.com\/lafuente.mx\/wp-content\/uploads\/2025\/10\/Sabatinas_agosto-12.jpg?resize=2048%2C2048&amp;ssl=1 2048w, https:\/\/i0.wp.com\/lafuente.mx\/wp-content\/uploads\/2025\/10\/Sabatinas_agosto-12.jpg?w=1280 1280w, https:\/\/i0.wp.com\/lafuente.mx\/wp-content\/uploads\/2025\/10\/Sabatinas_agosto-12.jpg?w=1920 1920w\" sizes=\"(max-width: 640px) 100vw, 640px\" data-recalc-dims=\"1\" \/><\/figure><\/li><li class=\"wp-block-jetpack-slideshow_slide swiper-slide\"><figure><img decoding=\"async\" loading=\"lazy\" width=\"640\" height=\"640\" alt=\"\" class=\"wp-block-jetpack-slideshow_image wp-image-3331\" data-id=\"3331\" src=\"https:\/\/i0.wp.com\/lafuente.mx\/wp-content\/uploads\/2025\/10\/Sabatinas_agosto-13.jpg?resize=640%2C640\" srcset=\"https:\/\/i0.wp.com\/lafuente.mx\/wp-content\/uploads\/2025\/10\/Sabatinas_agosto-13.jpg?resize=1024%2C1024&amp;ssl=1 1024w, https:\/\/i0.wp.com\/lafuente.mx\/wp-content\/uploads\/2025\/10\/Sabatinas_agosto-13.jpg?resize=300%2C300&amp;ssl=1 300w, https:\/\/i0.wp.com\/lafuente.mx\/wp-content\/uploads\/2025\/10\/Sabatinas_agosto-13.jpg?resize=150%2C150&amp;ssl=1 150w, https:\/\/i0.wp.com\/lafuente.mx\/wp-content\/uploads\/2025\/10\/Sabatinas_agosto-13.jpg?resize=768%2C768&amp;ssl=1 768w, https:\/\/i0.wp.com\/lafuente.mx\/wp-content\/uploads\/2025\/10\/Sabatinas_agosto-13.jpg?resize=1536%2C1536&amp;ssl=1 1536w, https:\/\/i0.wp.com\/lafuente.mx\/wp-content\/uploads\/2025\/10\/Sabatinas_agosto-13.jpg?resize=2048%2C2048&amp;ssl=1 2048w, https:\/\/i0.wp.com\/lafuente.mx\/wp-content\/uploads\/2025\/10\/Sabatinas_agosto-13.jpg?w=1280 1280w, https:\/\/i0.wp.com\/lafuente.mx\/wp-content\/uploads\/2025\/10\/Sabatinas_agosto-13.jpg?w=1920 1920w\" sizes=\"(max-width: 640px) 100vw, 640px\" data-recalc-dims=\"1\" \/><\/figure><\/li><li class=\"wp-block-jetpack-slideshow_slide swiper-slide\"><figure><img decoding=\"async\" loading=\"lazy\" width=\"640\" height=\"640\" alt=\"\" class=\"wp-block-jetpack-slideshow_image wp-image-3332\" data-id=\"3332\" src=\"https:\/\/i0.wp.com\/lafuente.mx\/wp-content\/uploads\/2025\/10\/Sabatinas_agosto-14.jpg?resize=640%2C640\" srcset=\"https:\/\/i0.wp.com\/lafuente.mx\/wp-content\/uploads\/2025\/10\/Sabatinas_agosto-14.jpg?resize=1024%2C1024&amp;ssl=1 1024w, https:\/\/i0.wp.com\/lafuente.mx\/wp-content\/uploads\/2025\/10\/Sabatinas_agosto-14.jpg?resize=300%2C300&amp;ssl=1 300w, https:\/\/i0.wp.com\/lafuente.mx\/wp-content\/uploads\/2025\/10\/Sabatinas_agosto-14.jpg?resize=150%2C150&amp;ssl=1 150w, https:\/\/i0.wp.com\/lafuente.mx\/wp-content\/uploads\/2025\/10\/Sabatinas_agosto-14.jpg?resize=768%2C768&amp;ssl=1 768w, https:\/\/i0.wp.com\/lafuente.mx\/wp-content\/uploads\/2025\/10\/Sabatinas_agosto-14.jpg?resize=1536%2C1536&amp;ssl=1 1536w, https:\/\/i0.wp.com\/lafuente.mx\/wp-content\/uploads\/2025\/10\/Sabatinas_agosto-14.jpg?resize=2048%2C2048&amp;ssl=1 2048w, https:\/\/i0.wp.com\/lafuente.mx\/wp-content\/uploads\/2025\/10\/Sabatinas_agosto-14.jpg?w=1280 1280w, https:\/\/i0.wp.com\/lafuente.mx\/wp-content\/uploads\/2025\/10\/Sabatinas_agosto-14.jpg?w=1920 1920w\" sizes=\"(max-width: 640px) 100vw, 640px\" data-recalc-dims=\"1\" \/><\/figure><\/li><li class=\"wp-block-jetpack-slideshow_slide swiper-slide\"><figure><img decoding=\"async\" loading=\"lazy\" width=\"640\" height=\"640\" alt=\"\" class=\"wp-block-jetpack-slideshow_image wp-image-3333\" data-id=\"3333\" src=\"https:\/\/i0.wp.com\/lafuente.mx\/wp-content\/uploads\/2025\/10\/Sabatinas_agosto-15.jpg?resize=640%2C640\" srcset=\"https:\/\/i0.wp.com\/lafuente.mx\/wp-content\/uploads\/2025\/10\/Sabatinas_agosto-15.jpg?resize=1024%2C1024&amp;ssl=1 1024w, https:\/\/i0.wp.com\/lafuente.mx\/wp-content\/uploads\/2025\/10\/Sabatinas_agosto-15.jpg?resize=300%2C300&amp;ssl=1 300w, https:\/\/i0.wp.com\/lafuente.mx\/wp-content\/uploads\/2025\/10\/Sabatinas_agosto-15.jpg?resize=150%2C150&amp;ssl=1 150w, https:\/\/i0.wp.com\/lafuente.mx\/wp-content\/uploads\/2025\/10\/Sabatinas_agosto-15.jpg?resize=768%2C768&amp;ssl=1 768w, https:\/\/i0.wp.com\/lafuente.mx\/wp-content\/uploads\/2025\/10\/Sabatinas_agosto-15.jpg?resize=1536%2C1536&amp;ssl=1 1536w, https:\/\/i0.wp.com\/lafuente.mx\/wp-content\/uploads\/2025\/10\/Sabatinas_agosto-15.jpg?resize=2048%2C2048&amp;ssl=1 2048w, https:\/\/i0.wp.com\/lafuente.mx\/wp-content\/uploads\/2025\/10\/Sabatinas_agosto-15.jpg?w=1280 1280w, https:\/\/i0.wp.com\/lafuente.mx\/wp-content\/uploads\/2025\/10\/Sabatinas_agosto-15.jpg?w=1920 1920w\" sizes=\"(max-width: 640px) 100vw, 640px\" data-recalc-dims=\"1\" \/><\/figure><\/li><li class=\"wp-block-jetpack-slideshow_slide swiper-slide\"><figure><img decoding=\"async\" loading=\"lazy\" width=\"640\" height=\"640\" alt=\"\" class=\"wp-block-jetpack-slideshow_image wp-image-3334\" data-id=\"3334\" src=\"https:\/\/i0.wp.com\/lafuente.mx\/wp-content\/uploads\/2025\/10\/Sabatinas_agosto-16.jpg?resize=640%2C640\" srcset=\"https:\/\/i0.wp.com\/lafuente.mx\/wp-content\/uploads\/2025\/10\/Sabatinas_agosto-16.jpg?resize=1024%2C1024&amp;ssl=1 1024w, https:\/\/i0.wp.com\/lafuente.mx\/wp-content\/uploads\/2025\/10\/Sabatinas_agosto-16.jpg?resize=300%2C300&amp;ssl=1 300w, https:\/\/i0.wp.com\/lafuente.mx\/wp-content\/uploads\/2025\/10\/Sabatinas_agosto-16.jpg?resize=150%2C150&amp;ssl=1 150w, https:\/\/i0.wp.com\/lafuente.mx\/wp-content\/uploads\/2025\/10\/Sabatinas_agosto-16.jpg?resize=768%2C768&amp;ssl=1 768w, https:\/\/i0.wp.com\/lafuente.mx\/wp-content\/uploads\/2025\/10\/Sabatinas_agosto-16.jpg?resize=1536%2C1536&amp;ssl=1 1536w, https:\/\/i0.wp.com\/lafuente.mx\/wp-content\/uploads\/2025\/10\/Sabatinas_agosto-16.jpg?resize=2048%2C2048&amp;ssl=1 2048w, https:\/\/i0.wp.com\/lafuente.mx\/wp-content\/uploads\/2025\/10\/Sabatinas_agosto-16.jpg?w=1280 1280w, https:\/\/i0.wp.com\/lafuente.mx\/wp-content\/uploads\/2025\/10\/Sabatinas_agosto-16.jpg?w=1920 1920w\" sizes=\"(max-width: 640px) 100vw, 640px\" data-recalc-dims=\"1\" \/><\/figure><\/li><li class=\"wp-block-jetpack-slideshow_slide swiper-slide\"><figure><img decoding=\"async\" loading=\"lazy\" width=\"640\" height=\"640\" alt=\"\" class=\"wp-block-jetpack-slideshow_image wp-image-3335\" data-id=\"3335\" src=\"https:\/\/i0.wp.com\/lafuente.mx\/wp-content\/uploads\/2025\/10\/Sabatinas_agosto-17.jpg?resize=640%2C640\" srcset=\"https:\/\/i0.wp.com\/lafuente.mx\/wp-content\/uploads\/2025\/10\/Sabatinas_agosto-17.jpg?resize=1024%2C1024&amp;ssl=1 1024w, https:\/\/i0.wp.com\/lafuente.mx\/wp-content\/uploads\/2025\/10\/Sabatinas_agosto-17.jpg?resize=300%2C300&amp;ssl=1 300w, https:\/\/i0.wp.com\/lafuente.mx\/wp-content\/uploads\/2025\/10\/Sabatinas_agosto-17.jpg?resize=150%2C150&amp;ssl=1 150w, https:\/\/i0.wp.com\/lafuente.mx\/wp-content\/uploads\/2025\/10\/Sabatinas_agosto-17.jpg?resize=768%2C768&amp;ssl=1 768w, https:\/\/i0.wp.com\/lafuente.mx\/wp-content\/uploads\/2025\/10\/Sabatinas_agosto-17.jpg?resize=1536%2C1536&amp;ssl=1 1536w, https:\/\/i0.wp.com\/lafuente.mx\/wp-content\/uploads\/2025\/10\/Sabatinas_agosto-17.jpg?resize=2048%2C2048&amp;ssl=1 2048w, https:\/\/i0.wp.com\/lafuente.mx\/wp-content\/uploads\/2025\/10\/Sabatinas_agosto-17.jpg?w=1280 1280w, https:\/\/i0.wp.com\/lafuente.mx\/wp-content\/uploads\/2025\/10\/Sabatinas_agosto-17.jpg?w=1920 1920w\" sizes=\"(max-width: 640px) 100vw, 640px\" data-recalc-dims=\"1\" \/><\/figure><\/li><li class=\"wp-block-jetpack-slideshow_slide swiper-slide\"><figure><img decoding=\"async\" loading=\"lazy\" width=\"640\" height=\"640\" alt=\"\" class=\"wp-block-jetpack-slideshow_image wp-image-3336\" data-id=\"3336\" src=\"https:\/\/i0.wp.com\/lafuente.mx\/wp-content\/uploads\/2025\/10\/Sabatinas_agosto-18.jpg?resize=640%2C640\" srcset=\"https:\/\/i0.wp.com\/lafuente.mx\/wp-content\/uploads\/2025\/10\/Sabatinas_agosto-18.jpg?resize=1024%2C1024&amp;ssl=1 1024w, https:\/\/i0.wp.com\/lafuente.mx\/wp-content\/uploads\/2025\/10\/Sabatinas_agosto-18.jpg?resize=300%2C300&amp;ssl=1 300w, https:\/\/i0.wp.com\/lafuente.mx\/wp-content\/uploads\/2025\/10\/Sabatinas_agosto-18.jpg?resize=150%2C150&amp;ssl=1 150w, https:\/\/i0.wp.com\/lafuente.mx\/wp-content\/uploads\/2025\/10\/Sabatinas_agosto-18.jpg?resize=768%2C768&amp;ssl=1 768w, https:\/\/i0.wp.com\/lafuente.mx\/wp-content\/uploads\/2025\/10\/Sabatinas_agosto-18.jpg?resize=1536%2C1536&amp;ssl=1 1536w, https:\/\/i0.wp.com\/lafuente.mx\/wp-content\/uploads\/2025\/10\/Sabatinas_agosto-18.jpg?resize=2048%2C2048&amp;ssl=1 2048w, https:\/\/i0.wp.com\/lafuente.mx\/wp-content\/uploads\/2025\/10\/Sabatinas_agosto-18.jpg?w=1280 1280w, https:\/\/i0.wp.com\/lafuente.mx\/wp-content\/uploads\/2025\/10\/Sabatinas_agosto-18.jpg?w=1920 1920w\" sizes=\"(max-width: 640px) 100vw, 640px\" data-recalc-dims=\"1\" \/><\/figure><\/li><\/ul><a class=\"wp-block-jetpack-slideshow_button-prev swiper-button-prev swiper-button-white\" role=\"button\"><\/a><a class=\"wp-block-jetpack-slideshow_button-next swiper-button-next swiper-button-white\" role=\"button\"><\/a><a aria-label=\"Pause Slideshow\" class=\"wp-block-jetpack-slideshow_button-pause\" role=\"button\"><\/a><div class=\"wp-block-jetpack-slideshow_pagination swiper-pagination swiper-pagination-white\"><\/div><\/div><\/div>\n\n\n\n<p class=\"has-text-color has-medium-font-size\" style=\"color:#9f465c\">Durante este mes, hablaremos sobre salud mental y el uso de tecnolog\u00eda en las personas m\u00e1s j\u00f3venes.<\/p>\n\n\n\n<hr class=\"wp-block-separator has-text-color has-pale-pink-color has-alpha-channel-opacity has-pale-pink-background-color has-background\"\/>\n\n\n\n<div class=\"wp-block-buttons is-layout-flex wp-block-buttons-is-layout-flex\">\n<div class=\"wp-block-button\"><a class=\"wp-block-button__link has-vivid-red-background-color has-background wp-element-button\" href=\"https:\/\/www.mentalizarte.com\/\">Mentalizarte<\/a><\/div>\n<\/div>\n","protected":false},"excerpt":{"rendered":"<p>AGOSTO Durante este mes, hablaremos sobre salud mental y el uso de tecnolog\u00eda en las personas m\u00e1s j\u00f3venes.<\/p>\n","protected":false},"author":3,"featured_media":3337,"comment_status":"closed","ping_status":"closed","sticky":false,"template":"","format":"standard","meta":{"footnotes":"","jetpack_publicize_message":"","jetpack_is_tweetstorm":false,"jetpack_publicize_feature_enabled":true},"categories":[979],"tags":[66,495,120,1047,79,1051,21,75,32,1050,1049],"jetpack_publicize_connections":[],"yoast_head":"<!-- This site is optimized with the Yoast SEO plugin v19.4 - https:\/\/yoast.com\/wordpress\/plugins\/seo\/ -->\n<title>Tema del mes: Salud mental y uso de tecnolog\u00eda -<\/title>\n<meta name=\"description\" content=\"Durante este mes, hablaremos sobre salud mental y el uso de tecnolog\u00eda en las personas m\u00e1s j\u00f3venes.\" \/>\n<meta name=\"robots\" content=\"index, follow, max-snippet:-1, max-image-preview:large, max-video-preview:-1\" \/>\n<link rel=\"canonical\" href=\"https:\/\/lafuente.mx\/?p=3296\" \/>\n<meta property=\"og:locale\" content=\"es_MX\" \/>\n<meta property=\"og:type\" content=\"article\" \/>\n<meta property=\"og:title\" content=\"Tema del mes: Salud cerebral\" \/>\n<meta property=\"og:description\" content=\"Durante este mes, hablaremos sobre salud mental y el uso de tecnolog\u00eda en las personas m\u00e1s j\u00f3venes.\" \/>\n<meta property=\"og:url\" content=\"https:\/\/lafuente.mx\/?p=3296\" \/>\n<meta property=\"article:published_time\" content=\"2025-10-06T17:18:03+00:00\" \/>\n<meta property=\"article:modified_time\" content=\"2025-10-06T20:17:19+00:00\" \/>\n<meta property=\"og:image\" content=\"http:\/\/lafuente.mx\/wp-content\/uploads\/2025\/10\/Captura-de-pantalla-2025-10-06-a-las-14.10.43.png\" \/>\n\t<meta property=\"og:image:width\" content=\"1670\" \/>\n\t<meta property=\"og:image:height\" content=\"838\" \/>\n\t<meta property=\"og:image:type\" content=\"image\/png\" \/>\n<meta name=\"author\" content=\"Claudia Gallardo\" \/>\n<meta name=\"twitter:card\" content=\"summary_large_image\" \/>\n<meta name=\"twitter:title\" content=\"Tema del mes: Salud cerebral\" \/>\n<meta name=\"twitter:description\" content=\"Durante este mes, hablaremos sobre salud mental y el uso de tecnolog\u00eda en las personas m\u00e1s j\u00f3venes.\" \/>\n<meta name=\"twitter:image\" content=\"https:\/\/i0.wp.com\/lafuente.mx\/wp-content\/uploads\/2025\/10\/Captura-de-pantalla-2025-10-06-a-las-14.10.43.png?fit=1670%2C838&ssl=1\" \/>\n<meta name=\"twitter:label1\" content=\"Escrito por\" \/>\n\t<meta name=\"twitter:data1\" content=\"Claudia Gallardo\" \/>\n<script type=\"application\/ld+json\" class=\"yoast-schema-graph\">{\"@context\":\"https:\/\/schema.org\",\"@graph\":[{\"@type\":\"WebSite\",\"@id\":\"https:\/\/lafuente.mx\/#website\",\"url\":\"https:\/\/lafuente.mx\/\",\"name\":\"\",\"description\":\"Informaci\u00f3n confiable sobre salud mental\",\"potentialAction\":[{\"@type\":\"SearchAction\",\"target\":{\"@type\":\"EntryPoint\",\"urlTemplate\":\"https:\/\/lafuente.mx\/?s={search_term_string}\"},\"query-input\":\"required name=search_term_string\"}],\"inLanguage\":\"es-MX\"},{\"@type\":\"WebPage\",\"@id\":\"https:\/\/lafuente.mx\/?p=3296\",\"url\":\"https:\/\/lafuente.mx\/?p=3296\",\"name\":\"Tema del mes: Salud mental y uso de tecnolog\u00eda -\",\"isPartOf\":{\"@id\":\"https:\/\/lafuente.mx\/#website\"},\"datePublished\":\"2025-10-06T17:18:03+00:00\",\"dateModified\":\"2025-10-06T20:17:19+00:00\",\"author\":{\"@id\":\"https:\/\/lafuente.mx\/#\/schema\/person\/603f3aa8e2f6f7879021ab722d39d6b0\"},\"description\":\"Durante este mes, hablaremos sobre salud mental y el uso de tecnolog\u00eda en las personas m\u00e1s j\u00f3venes.\",\"breadcrumb\":{\"@id\":\"https:\/\/lafuente.mx\/?p=3296#breadcrumb\"},\"inLanguage\":\"es-MX\",\"potentialAction\":[{\"@type\":\"ReadAction\",\"target\":[\"https:\/\/lafuente.mx\/?p=3296\"]}]},{\"@type\":\"BreadcrumbList\",\"@id\":\"https:\/\/lafuente.mx\/?p=3296#breadcrumb\",\"itemListElement\":[{\"@type\":\"ListItem\",\"position\":1,\"name\":\"Inicio\",\"item\":\"https:\/\/lafuente.mx\/\"},{\"@type\":\"ListItem\",\"position\":2,\"name\":\"Tema del mes: Salud mental y uso de tecnolog\u00eda\"}]},{\"@type\":\"Person\",\"@id\":\"https:\/\/lafuente.mx\/#\/schema\/person\/603f3aa8e2f6f7879021ab722d39d6b0\",\"name\":\"Claudia Gallardo\",\"image\":{\"@type\":\"ImageObject\",\"inLanguage\":\"es-MX\",\"@id\":\"https:\/\/lafuente.mx\/#\/schema\/person\/image\/\",\"url\":\"https:\/\/secure.gravatar.com\/avatar\/bfe9c966af1ccfb9d17bcdb9d04e8815?s=96&d=mm&r=g\",\"contentUrl\":\"https:\/\/secure.gravatar.com\/avatar\/bfe9c966af1ccfb9d17bcdb9d04e8815?s=96&d=mm&r=g\",\"caption\":\"Claudia Gallardo\"},\"url\":\"https:\/\/lafuente.mx\/?author=3\"}]}<\/script>\n<!-- \/ Yoast SEO plugin. -->","yoast_head_json":{"title":"Tema del mes: Salud mental y uso de tecnolog\u00eda -","description":"Durante este mes, hablaremos sobre salud mental y el uso de tecnolog\u00eda en las personas m\u00e1s j\u00f3venes.","robots":{"index":"index","follow":"follow","max-snippet":"max-snippet:-1","max-image-preview":"max-image-preview:large","max-video-preview":"max-video-preview:-1"},"canonical":"https:\/\/lafuente.mx\/?p=3296","og_locale":"es_MX","og_type":"article","og_title":"Tema del mes: Salud cerebral","og_description":"Durante este mes, hablaremos sobre salud mental y el uso de tecnolog\u00eda en las personas m\u00e1s j\u00f3venes.","og_url":"https:\/\/lafuente.mx\/?p=3296","article_published_time":"2025-10-06T17:18:03+00:00","article_modified_time":"2025-10-06T20:17:19+00:00","og_image":[{"width":1670,"height":838,"url":"http:\/\/lafuente.mx\/wp-content\/uploads\/2025\/10\/Captura-de-pantalla-2025-10-06-a-las-14.10.43.png","type":"image\/png"}],"author":"Claudia Gallardo","twitter_card":"summary_large_image","twitter_title":"Tema del mes: Salud cerebral","twitter_description":"Durante este mes, hablaremos sobre salud mental y el uso de tecnolog\u00eda en las personas m\u00e1s j\u00f3venes.","twitter_image":"https:\/\/i0.wp.com\/lafuente.mx\/wp-content\/uploads\/2025\/10\/Captura-de-pantalla-2025-10-06-a-las-14.10.43.png?fit=1670%2C838&ssl=1","twitter_misc":{"Escrito por":"Claudia Gallardo"},"schema":{"@context":"https:\/\/schema.org","@graph":[{"@type":"WebSite","@id":"https:\/\/lafuente.mx\/#website","url":"https:\/\/lafuente.mx\/","name":"","description":"Informaci\u00f3n confiable sobre salud mental","potentialAction":[{"@type":"SearchAction","target":{"@type":"EntryPoint","urlTemplate":"https:\/\/lafuente.mx\/?s={search_term_string}"},"query-input":"required name=search_term_string"}],"inLanguage":"es-MX"},{"@type":"WebPage","@id":"https:\/\/lafuente.mx\/?p=3296","url":"https:\/\/lafuente.mx\/?p=3296","name":"Tema del mes: Salud mental y uso de tecnolog\u00eda -","isPartOf":{"@id":"https:\/\/lafuente.mx\/#website"},"datePublished":"2025-10-06T17:18:03+00:00","dateModified":"2025-10-06T20:17:19+00:00","author":{"@id":"https:\/\/lafuente.mx\/#\/schema\/person\/603f3aa8e2f6f7879021ab722d39d6b0"},"description":"Durante este mes, hablaremos sobre salud mental y el uso de tecnolog\u00eda en las personas m\u00e1s j\u00f3venes.","breadcrumb":{"@id":"https:\/\/lafuente.mx\/?p=3296#breadcrumb"},"inLanguage":"es-MX","potentialAction":[{"@type":"ReadAction","target":["https:\/\/lafuente.mx\/?p=3296"]}]},{"@type":"BreadcrumbList","@id":"https:\/\/lafuente.mx\/?p=3296#breadcrumb","itemListElement":[{"@type":"ListItem","position":1,"name":"Inicio","item":"https:\/\/lafuente.mx\/"},{"@type":"ListItem","position":2,"name":"Tema del mes: Salud mental y uso de tecnolog\u00eda"}]},{"@type":"Person","@id":"https:\/\/lafuente.mx\/#\/schema\/person\/603f3aa8e2f6f7879021ab722d39d6b0","name":"Claudia Gallardo","image":{"@type":"ImageObject","inLanguage":"es-MX","@id":"https:\/\/lafuente.mx\/#\/schema\/person\/image\/","url":"https:\/\/secure.gravatar.com\/avatar\/bfe9c966af1ccfb9d17bcdb9d04e8815?s=96&d=mm&r=g","contentUrl":"https:\/\/secure.gravatar.com\/avatar\/bfe9c966af1ccfb9d17bcdb9d04e8815?s=96&d=mm&r=g","caption":"Claudia Gallardo"},"url":"https:\/\/lafuente.mx\/?author=3"}]}},"jetpack_featured_media_url":"https:\/\/i0.wp.com\/lafuente.mx\/wp-content\/uploads\/2025\/10\/Captura-de-pantalla-2025-10-06-a-las-14.10.43.png?fit=1670%2C838&ssl=1","jetpack-related-posts":[{"id":1744,"url":"https:\/\/lafuente.mx\/?p=1744","url_meta":{"origin":3296,"position":0},"title":"Tema del D\u00eda Mundial de la Salud Mental","date":"octubre 10, 2023","format":false,"excerpt":"'LA SALUD MENTAL ES UN DERECHO HUMANO UNIVERSAL'\u00a0 El 10 de octubre de 2023 celebraremos el D\u00eda Mundial de la Salud Mental con el tema 'La salud mental es un derecho humano universal' elegido mediante una votaci\u00f3n global abierta al p\u00fablico, incluidos los miembros, las partes interesadas y los partidarios\u2026","rel":"","context":"En &quot;Efem\u00e9rides de Salud Mental&quot;","img":{"alt_text":"","src":"https:\/\/i0.wp.com\/lafuente.mx\/wp-content\/uploads\/2023\/09\/salud-mental2.jpeg?fit=1200%2C541&ssl=1&resize=350%2C200","width":350,"height":200},"classes":[]},{"id":1283,"url":"https:\/\/lafuente.mx\/?p=1283","url_meta":{"origin":3296,"position":1},"title":"Se crea Comisi\u00f3n Nacional de Salud Mental y Adicciones por decreto publicado en el DOF\u00a0","date":"junio 9, 2023","format":false,"excerpt":"Fusiona atribuciones de las tres instancias rectoras en la materia\u00a0 Secretar\u00eda de Salud | 29 de mayo de 2023 | Nacional\u00a0 Con el objetivo de promover la salud mental y el bienestar integral de la poblaci\u00f3n, se public\u00f3 en el Diario Oficial de la Federaci\u00f3n (DOF) el decreto por el\u2026","rel":"","context":"En &quot;Noticias&quot;","img":{"alt_text":"","src":"https:\/\/i0.wp.com\/lafuente.mx\/wp-content\/uploads\/2023\/06\/secratrio-Salud.jpeg?fit=1200%2C800&ssl=1&resize=350%2C200","width":350,"height":200},"classes":[]},{"id":1190,"url":"https:\/\/lafuente.mx\/?p=1190","url_meta":{"origin":3296,"position":2},"title":"CONADIC, ISSSTE e IMSS emprenden acciones conjuntas a trav\u00e9s de la campa\u00f1a \u201cVive saludablemente\u201d\u00a0","date":"mayo 3, 2023","format":false,"excerpt":"El objetivo es normalizar el tema de las emociones en las conversaciones y promover la atenci\u00f3n a la salud mental\u00a0 Secretar\u00eda de Salud | 19 de abril de 2023 | Nacional\u00a0 Imagen INPRFM Como parte del Plan Sectorial de Salud Mental inici\u00f3 la campa\u00f1a \u201cVive saludablemente\u201d, que tiene el prop\u00f3sito\u2026","rel":"","context":"En &quot;Noticias&quot;","img":{"alt_text":"","src":"https:\/\/i0.wp.com\/lafuente.mx\/wp-content\/uploads\/2023\/04\/Captura-de-Pantalla-2023-04-28-a-las-14.25.48-1.png?fit=1200%2C938&ssl=1&resize=350%2C200","width":350,"height":200},"classes":[]},{"id":1790,"url":"https:\/\/lafuente.mx\/?p=1790","url_meta":{"origin":3296,"position":3},"title":"En M\u00e9xico, nuevo modelo de salud mental y adicciones acerca servicios a la comunidad","date":"octubre 23, 2023","format":false,"excerpt":"Comisi\u00f3n Nacional de Salud Mental y Adicciones Ciudad de M\u00e9xico, 11 de octubre de 2023. El nuevo modelo de salud mental y adicciones permite acercar esos servicios a la comunidad, a trav\u00e9s de una red de 341 Centros Comunitarios de Salud Mental y Adicciones (Cecosama) que garantizan el acceso equitativo\u2026","rel":"","context":"En &quot;Noticias&quot;","img":{"alt_text":"","src":"https:\/\/i0.wp.com\/lafuente.mx\/wp-content\/uploads\/2023\/10\/image.png?fit=650%2C380&ssl=1&resize=350%2C200","width":350,"height":200},"classes":[]},{"id":2435,"url":"https:\/\/lafuente.mx\/?p=2435","url_meta":{"origin":3296,"position":4},"title":"M\u00e9xico consolida red de servicios de atenci\u00f3n a la salud mental y adicciones\u00a0","date":"julio 11, 2024","format":false,"excerpt":"Est\u00e1 integrada por 341 centros comunitarios de salud y adicciones, 115 hospitales generales, 34 psiqui\u00e1tricos y 241 camas de hospitalizaci\u00f3n\u00a0 Secretar\u00eda de Salud | 01 de julio de 2024\u00a0| Nacional\u00a0 El Modelo Mexicano de Salud Mental y Adicciones ha permitido desarrollar una red de servicios de atenci\u00f3n integrada por 341\u2026","rel":"","context":"En &quot;Noticias&quot;","img":{"alt_text":"","src":"https:\/\/i0.wp.com\/lafuente.mx\/wp-content\/uploads\/2024\/07\/HallHospital.jpg?fit=1200%2C800&ssl=1&resize=350%2C200","width":350,"height":200},"classes":[]},{"id":3569,"url":"https:\/\/lafuente.mx\/?p=3569","url_meta":{"origin":3296,"position":5},"title":"Mentalizarte","date":"febrero 3, 2026","format":false,"excerpt":"Durante FEBRERO Hablaremos sobre Transplantes y salud mental MENTALIZARTE es el proyecto de difusi\u00f3n en temas de salud mental del Instituto Nacional de Psiquiatr\u00eda Ram\u00f3n de la Fuente Mu\u00f1iz (INPRFM). Tiene el objetivo de informar sobre los s\u00edntomas de los diferentes trastornos mentales, difundir que pedir ayuda no es signo\u2026","rel":"","context":"En &quot;Informaci\u00f3n de inter\u00e9s&quot;","img":{"alt_text":"","src":"https:\/\/i0.wp.com\/lafuente.mx\/wp-content\/uploads\/2026\/01\/WhatsApp-Image-2026-01-22-at-1.57.16-PM.jpeg?fit=1200%2C693&ssl=1&resize=350%2C200","width":350,"height":200},"classes":[]}],"jetpack_sharing_enabled":true,"jetpack_shortlink":"https:\/\/wp.me\/pe9WUx-Ra","_links":{"self":[{"href":"https:\/\/lafuente.mx\/index.php?rest_route=\/wp\/v2\/posts\/3296"}],"collection":[{"href":"https:\/\/lafuente.mx\/index.php?rest_route=\/wp\/v2\/posts"}],"about":[{"href":"https:\/\/lafuente.mx\/index.php?rest_route=\/wp\/v2\/types\/post"}],"author":[{"embeddable":true,"href":"https:\/\/lafuente.mx\/index.php?rest_route=\/wp\/v2\/users\/3"}],"replies":[{"embeddable":true,"href":"https:\/\/lafuente.mx\/index.php?rest_route=%2Fwp%2Fv2%2Fcomments&post=3296"}],"version-history":[{"count":3,"href":"https:\/\/lafuente.mx\/index.php?rest_route=\/wp\/v2\/posts\/3296\/revisions"}],"predecessor-version":[{"id":3338,"href":"https:\/\/lafuente.mx\/index.php?rest_route=\/wp\/v2\/posts\/3296\/revisions\/3338"}],"wp:featuredmedia":[{"embeddable":true,"href":"https:\/\/lafuente.mx\/index.php?rest_route=\/wp\/v2\/media\/3337"}],"wp:attachment":[{"href":"https:\/\/lafuente.mx\/index.php?rest_route=%2Fwp%2Fv2%2Fmedia&parent=3296"}],"wp:term":[{"taxonomy":"category","embeddable":true,"href":"https:\/\/lafuente.mx\/index.php?rest_route=%2Fwp%2Fv2%2Fcategories&post=3296"},{"taxonomy":"post_tag","embeddable":true,"href":"https:\/\/lafuente.mx\/index.php?rest_route=%2Fwp%2Fv2%2Ftags&post=3296"}],"curies":[{"name":"wp","href":"https:\/\/api.w.org\/{rel}","templated":true}]}}